{"id":110181,"date":"2023-08-18T01:11:11","date_gmt":"2023-08-18T04:11:11","guid":{"rendered":"https:\/\/infoecos.com.ar\/?p=110181"},"modified":"2023-08-19T04:40:50","modified_gmt":"2023-08-19T07:40:50","slug":"millonario-robo-sufrio-el-colegio-de-abogados-de-trenque-lauquen-en-su-cuenta-del-banco-galicia","status":"publish","type":"post","link":"https:\/\/infoecos.com.ar\/index.php\/millonario-robo-sufrio-el-colegio-de-abogados-de-trenque-lauquen-en-su-cuenta-del-banco-galicia\/","title":{"rendered":"Millonario robo sufri\u00f3 el Colegio de Abogados de Trenque Lauquen en su cuenta del Banco Galicia"},"content":{"rendered":"\n<p>Le robaron, aunque se intente hacer interpretar que se trat\u00f3 de un hackeo, al Colegio de Abogados del Departamento Judicial de Trenque Lauquen.<\/p>\n\n\n\n<figure class=\"wp-block-image aligncenter size-large is-resized\"><img loading=\"lazy\" decoding=\"async\" src=\"https:\/\/infoecos.com.ar\/wp-content\/uploads\/51290686_593409351086305_6235864820948664320_n-690x920.jpg\" alt=\"\" class=\"wp-image-56211\" width=\"427\" height=\"569\"\/><figcaption class=\"wp-element-caption\">Colegio de Abogados Trenque Lauquen<\/figcaption><\/figure>\n\n\n\n<p>El presidente de la entidad se present\u00f3 ayer en la Comisar\u00eda primera al haberse constado el faltante de 14.250.000 pesos de la cuenta que poseen en el Banco de Galicia de esta ciudad del Oeste de la provincia de Buenos Aires. Entre los d\u00edas 15 y 16 del corriente se hab\u00eda depositado ese monto, en lo que ser\u00eda plazo fijo.<\/p>\n\n\n\n<p>Un importante importe y con el mismo modus operandi que d\u00edas pasados se denunci\u00f3 el faltante de m\u00e1s de 5.000.000 de pesos de la cuenta de la Cl\u00ednica Garc\u00eda Salinas de esta misma ciudad.<\/p>\n\n\n\n<p>La causa penal que se inici\u00f3 est\u00e1 caratulada Defraudaci\u00f3n Inform\u00e1tica e interviene la Fiscal\u00eda 4.<\/p>\n\n\n\n<p><\/p>\n\n\n\n<p><\/p>\n","protected":false},"excerpt":{"rendered":"<p>El presidente de la entidad se present\u00f3 ayer en la Comisar\u00eda primera al haberse constado el faltante de 14.250.000 pesos de la cuenta que poseen en el Banco de Galicia de esta ciudad del Oeste de la provincia de Buenos Aires. Entre los d\u00edas 15 y 16 del corriente se hab\u00eda depositado ese monto, en lo que ser\u00eda plazo fijo.<\/p>\n","protected":false},"author":2,"featured_media":78438,"comment_status":"closed","ping_status":"open","sticky":false,"template":"","format":"standard","meta":{"footnotes":""},"categories":[1325],"tags":[8782],"class_list":["post-110181","post","type-post","status-publish","format-standard","has-post-thumbnail","hentry","category-c1nota6","tag-inseguridad-bancaria"],"yoast_head":"<!-- This site is optimized with the Yoast SEO plugin v23.4 - https:\/\/yoast.com\/wordpress\/plugins\/seo\/ -->\n<title>Millonario robo sufri\u00f3 el Colegio de Abogados de Trenque Lauquen en su cuenta del Banco Galicia - Infoecos<\/title>\n<meta name=\"robots\" content=\"index, follow, max-snippet:-1, max-image-preview:large, max-video-preview:-1\" \/>\n<link rel=\"canonical\" href=\"https:\/\/infoecos.com.ar\/index.php\/millonario-robo-sufrio-el-colegio-de-abogados-de-trenque-lauquen-en-su-cuenta-del-banco-galicia\/\" \/>\n<meta property=\"og:locale\" content=\"es_ES\" \/>\n<meta property=\"og:type\" content=\"article\" \/>\n<meta property=\"og:title\" content=\"Millonario robo sufri\u00f3 el Colegio de Abogados de Trenque Lauquen en su cuenta del Banco Galicia - Infoecos\" \/>\n<meta property=\"og:description\" content=\"El presidente de la entidad se present\u00f3 ayer en la Comisar\u00eda primera al haberse constado el faltante de 14.250.000 pesos de la cuenta que poseen en el Banco de Galicia de esta ciudad del Oeste de la provincia de Buenos Aires. Entre los d\u00edas 15 y 16 del corriente se hab\u00eda depositado ese monto, en lo que ser\u00eda plazo fijo.\" \/>\n<meta property=\"og:url\" content=\"https:\/\/infoecos.com.ar\/index.php\/millonario-robo-sufrio-el-colegio-de-abogados-de-trenque-lauquen-en-su-cuenta-del-banco-galicia\/\" \/>\n<meta property=\"og:site_name\" content=\"Infoecos\" \/>\n<meta property=\"article:publisher\" content=\"https:\/\/www.facebook.com\/profile.php?id=100063200290284\" \/>\n<meta property=\"article:published_time\" content=\"2023-08-18T04:11:11+00:00\" \/>\n<meta property=\"article:modified_time\" content=\"2023-08-19T07:40:50+00:00\" \/>\n<meta property=\"og:image\" content=\"https:\/\/infoecos.com.ar\/wp-content\/uploads\/2021\/05\/COLEGIODEABOGADOS-1.jpg\" \/>\n\t<meta property=\"og:image:width\" content=\"1280\" \/>\n\t<meta property=\"og:image:height\" content=\"960\" \/>\n\t<meta property=\"og:image:type\" content=\"image\/jpeg\" \/>\n<meta name=\"author\" content=\"Jorge Matheus\" \/>\n<meta name=\"twitter:card\" content=\"summary_large_image\" \/>\n<meta name=\"twitter:creator\" content=\"@infoecos\" \/>\n<meta name=\"twitter:site\" content=\"@infoecos\" \/>\n<meta name=\"twitter:label1\" content=\"Escrito por\" \/>\n\t<meta name=\"twitter:data1\" content=\"Jorge Matheus\" \/>\n\t<meta name=\"twitter:label2\" content=\"Tiempo de lectura\" \/>\n\t<meta name=\"twitter:data2\" content=\"1 minuto\" \/>\n<script type=\"application\/ld+json\" class=\"yoast-schema-graph\">{\"@context\":\"https:\/\/schema.org\",\"@graph\":[{\"@type\":\"Article\",\"@id\":\"https:\/\/infoecos.com.ar\/index.php\/millonario-robo-sufrio-el-colegio-de-abogados-de-trenque-lauquen-en-su-cuenta-del-banco-galicia\/#article\",\"isPartOf\":{\"@id\":\"https:\/\/infoecos.com.ar\/index.php\/millonario-robo-sufrio-el-colegio-de-abogados-de-trenque-lauquen-en-su-cuenta-del-banco-galicia\/\"},\"author\":{\"name\":\"Jorge Matheus\",\"@id\":\"https:\/\/infoecos.com.ar\/#\/schema\/person\/8f5ace5ce73b4b4aac4b7245aee6f191\"},\"headline\":\"Millonario robo sufri\u00f3 el Colegio de Abogados de Trenque Lauquen en su cuenta del Banco Galicia\",\"datePublished\":\"2023-08-18T04:11:11+00:00\",\"dateModified\":\"2023-08-19T07:40:50+00:00\",\"mainEntityOfPage\":{\"@id\":\"https:\/\/infoecos.com.ar\/index.php\/millonario-robo-sufrio-el-colegio-de-abogados-de-trenque-lauquen-en-su-cuenta-del-banco-galicia\/\"},\"wordCount\":159,\"publisher\":{\"@id\":\"https:\/\/infoecos.com.ar\/#organization\"},\"image\":{\"@id\":\"https:\/\/infoecos.com.ar\/index.php\/millonario-robo-sufrio-el-colegio-de-abogados-de-trenque-lauquen-en-su-cuenta-del-banco-galicia\/#primaryimage\"},\"thumbnailUrl\":\"https:\/\/infoecos.com.ar\/wp-content\/uploads\/2021\/05\/COLEGIODEABOGADOS-1.jpg\",\"keywords\":[\"INSEGURIDAD BANCARIA\"],\"articleSection\":[\"C1 nota 6\"],\"inLanguage\":\"es\"},{\"@type\":\"WebPage\",\"@id\":\"https:\/\/infoecos.com.ar\/index.php\/millonario-robo-sufrio-el-colegio-de-abogados-de-trenque-lauquen-en-su-cuenta-del-banco-galicia\/\",\"url\":\"https:\/\/infoecos.com.ar\/index.php\/millonario-robo-sufrio-el-colegio-de-abogados-de-trenque-lauquen-en-su-cuenta-del-banco-galicia\/\",\"name\":\"Millonario robo sufri\u00f3 el Colegio de Abogados de Trenque Lauquen en su cuenta del Banco Galicia - Infoecos\",\"isPartOf\":{\"@id\":\"https:\/\/infoecos.com.ar\/#website\"},\"primaryImageOfPage\":{\"@id\":\"https:\/\/infoecos.com.ar\/index.php\/millonario-robo-sufrio-el-colegio-de-abogados-de-trenque-lauquen-en-su-cuenta-del-banco-galicia\/#primaryimage\"},\"image\":{\"@id\":\"https:\/\/infoecos.com.ar\/index.php\/millonario-robo-sufrio-el-colegio-de-abogados-de-trenque-lauquen-en-su-cuenta-del-banco-galicia\/#primaryimage\"},\"thumbnailUrl\":\"https:\/\/infoecos.com.ar\/wp-content\/uploads\/2021\/05\/COLEGIODEABOGADOS-1.jpg\",\"datePublished\":\"2023-08-18T04:11:11+00:00\",\"dateModified\":\"2023-08-19T07:40:50+00:00\",\"breadcrumb\":{\"@id\":\"https:\/\/infoecos.com.ar\/index.php\/millonario-robo-sufrio-el-colegio-de-abogados-de-trenque-lauquen-en-su-cuenta-del-banco-galicia\/#breadcrumb\"},\"inLanguage\":\"es\",\"potentialAction\":[{\"@type\":\"ReadAction\",\"target\":[\"https:\/\/infoecos.com.ar\/index.php\/millonario-robo-sufrio-el-colegio-de-abogados-de-trenque-lauquen-en-su-cuenta-del-banco-galicia\/\"]}]},{\"@type\":\"ImageObject\",\"inLanguage\":\"es\",\"@id\":\"https:\/\/infoecos.com.ar\/index.php\/millonario-robo-sufrio-el-colegio-de-abogados-de-trenque-lauquen-en-su-cuenta-del-banco-galicia\/#primaryimage\",\"url\":\"https:\/\/infoecos.com.ar\/wp-content\/uploads\/2021\/05\/COLEGIODEABOGADOS-1.jpg\",\"contentUrl\":\"https:\/\/infoecos.com.ar\/wp-content\/uploads\/2021\/05\/COLEGIODEABOGADOS-1.jpg\",\"width\":1280,\"height\":960},{\"@type\":\"BreadcrumbList\",\"@id\":\"https:\/\/infoecos.com.ar\/index.php\/millonario-robo-sufrio-el-colegio-de-abogados-de-trenque-lauquen-en-su-cuenta-del-banco-galicia\/#breadcrumb\",\"itemListElement\":[{\"@type\":\"ListItem\",\"position\":1,\"name\":\"Portada\",\"item\":\"https:\/\/infoecos.com.ar\/\"},{\"@type\":\"ListItem\",\"position\":2,\"name\":\"Millonario robo sufri\u00f3 el Colegio de Abogados de Trenque Lauquen en su cuenta del Banco Galicia\"}]},{\"@type\":\"WebSite\",\"@id\":\"https:\/\/infoecos.com.ar\/#website\",\"url\":\"https:\/\/infoecos.com.ar\/\",\"name\":\"Infoecos\",\"description\":\"Noticias de trenque lauquen y la zona\",\"publisher\":{\"@id\":\"https:\/\/infoecos.com.ar\/#organization\"},\"alternateName\":\"Noticias\",\"potentialAction\":[{\"@type\":\"SearchAction\",\"target\":{\"@type\":\"EntryPoint\",\"urlTemplate\":\"https:\/\/infoecos.com.ar\/?s={search_term_string}\"},\"query-input\":{\"@type\":\"PropertyValueSpecification\",\"valueRequired\":true,\"valueName\":\"search_term_string\"}}],\"inLanguage\":\"es\"},{\"@type\":\"Organization\",\"@id\":\"https:\/\/infoecos.com.ar\/#organization\",\"name\":\"Infoecos\",\"alternateName\":\"Noticias\",\"url\":\"https:\/\/infoecos.com.ar\/\",\"logo\":{\"@type\":\"ImageObject\",\"inLanguage\":\"es\",\"@id\":\"https:\/\/infoecos.com.ar\/#\/schema\/logo\/image\/\",\"url\":\"https:\/\/infoecos.com.ar\/wp-content\/uploads\/2024\/03\/cropped-logo.png\",\"contentUrl\":\"https:\/\/infoecos.com.ar\/wp-content\/uploads\/2024\/03\/cropped-logo.png\",\"width\":374,\"height\":90,\"caption\":\"Infoecos\"},\"image\":{\"@id\":\"https:\/\/infoecos.com.ar\/#\/schema\/logo\/image\/\"},\"sameAs\":[\"https:\/\/www.facebook.com\/profile.php?id=100063200290284\",\"https:\/\/x.com\/infoecos\"]},{\"@type\":\"Person\",\"@id\":\"https:\/\/infoecos.com.ar\/#\/schema\/person\/8f5ace5ce73b4b4aac4b7245aee6f191\",\"name\":\"Jorge Matheus\",\"url\":\"https:\/\/infoecos.com.ar\/index.php\/author\/jomatheus\/\"}]}<\/script>\n<!-- \/ Yoast SEO plugin. -->","yoast_head_json":{"title":"Millonario robo sufri\u00f3 el Colegio de Abogados de Trenque Lauquen en su cuenta del Banco Galicia - Infoecos","robots":{"index":"index","follow":"follow","max-snippet":"max-snippet:-1","max-image-preview":"max-image-preview:large","max-video-preview":"max-video-preview:-1"},"canonical":"https:\/\/infoecos.com.ar\/index.php\/millonario-robo-sufrio-el-colegio-de-abogados-de-trenque-lauquen-en-su-cuenta-del-banco-galicia\/","og_locale":"es_ES","og_type":"article","og_title":"Millonario robo sufri\u00f3 el Colegio de Abogados de Trenque Lauquen en su cuenta del Banco Galicia - Infoecos","og_description":"El presidente de la entidad se present\u00f3 ayer en la Comisar\u00eda primera al haberse constado el faltante de 14.250.000 pesos de la cuenta que poseen en el Banco de Galicia de esta ciudad del Oeste de la provincia de Buenos Aires. Entre los d\u00edas 15 y 16 del corriente se hab\u00eda depositado ese monto, en lo que ser\u00eda plazo fijo.","og_url":"https:\/\/infoecos.com.ar\/index.php\/millonario-robo-sufrio-el-colegio-de-abogados-de-trenque-lauquen-en-su-cuenta-del-banco-galicia\/","og_site_name":"Infoecos","article_publisher":"https:\/\/www.facebook.com\/profile.php?id=100063200290284","article_published_time":"2023-08-18T04:11:11+00:00","article_modified_time":"2023-08-19T07:40:50+00:00","og_image":[{"width":1280,"height":960,"url":"https:\/\/infoecos.com.ar\/wp-content\/uploads\/2021\/05\/COLEGIODEABOGADOS-1.jpg","type":"image\/jpeg"}],"author":"Jorge Matheus","twitter_card":"summary_large_image","twitter_creator":"@infoecos","twitter_site":"@infoecos","twitter_misc":{"Escrito por":"Jorge Matheus","Tiempo de lectura":"1 minuto"},"schema":{"@context":"https:\/\/schema.org","@graph":[{"@type":"Article","@id":"https:\/\/infoecos.com.ar\/index.php\/millonario-robo-sufrio-el-colegio-de-abogados-de-trenque-lauquen-en-su-cuenta-del-banco-galicia\/#article","isPartOf":{"@id":"https:\/\/infoecos.com.ar\/index.php\/millonario-robo-sufrio-el-colegio-de-abogados-de-trenque-lauquen-en-su-cuenta-del-banco-galicia\/"},"author":{"name":"Jorge Matheus","@id":"https:\/\/infoecos.com.ar\/#\/schema\/person\/8f5ace5ce73b4b4aac4b7245aee6f191"},"headline":"Millonario robo sufri\u00f3 el Colegio de Abogados de Trenque Lauquen en su cuenta del Banco Galicia","datePublished":"2023-08-18T04:11:11+00:00","dateModified":"2023-08-19T07:40:50+00:00","mainEntityOfPage":{"@id":"https:\/\/infoecos.com.ar\/index.php\/millonario-robo-sufrio-el-colegio-de-abogados-de-trenque-lauquen-en-su-cuenta-del-banco-galicia\/"},"wordCount":159,"publisher":{"@id":"https:\/\/infoecos.com.ar\/#organization"},"image":{"@id":"https:\/\/infoecos.com.ar\/index.php\/millonario-robo-sufrio-el-colegio-de-abogados-de-trenque-lauquen-en-su-cuenta-del-banco-galicia\/#primaryimage"},"thumbnailUrl":"https:\/\/infoecos.com.ar\/wp-content\/uploads\/2021\/05\/COLEGIODEABOGADOS-1.jpg","keywords":["INSEGURIDAD BANCARIA"],"articleSection":["C1 nota 6"],"inLanguage":"es"},{"@type":"WebPage","@id":"https:\/\/infoecos.com.ar\/index.php\/millonario-robo-sufrio-el-colegio-de-abogados-de-trenque-lauquen-en-su-cuenta-del-banco-galicia\/","url":"https:\/\/infoecos.com.ar\/index.php\/millonario-robo-sufrio-el-colegio-de-abogados-de-trenque-lauquen-en-su-cuenta-del-banco-galicia\/","name":"Millonario robo sufri\u00f3 el Colegio de Abogados de Trenque Lauquen en su cuenta del Banco Galicia - Infoecos","isPartOf":{"@id":"https:\/\/infoecos.com.ar\/#website"},"primaryImageOfPage":{"@id":"https:\/\/infoecos.com.ar\/index.php\/millonario-robo-sufrio-el-colegio-de-abogados-de-trenque-lauquen-en-su-cuenta-del-banco-galicia\/#primaryimage"},"image":{"@id":"https:\/\/infoecos.com.ar\/index.php\/millonario-robo-sufrio-el-colegio-de-abogados-de-trenque-lauquen-en-su-cuenta-del-banco-galicia\/#primaryimage"},"thumbnailUrl":"https:\/\/infoecos.com.ar\/wp-content\/uploads\/2021\/05\/COLEGIODEABOGADOS-1.jpg","datePublished":"2023-08-18T04:11:11+00:00","dateModified":"2023-08-19T07:40:50+00:00","breadcrumb":{"@id":"https:\/\/infoecos.com.ar\/index.php\/millonario-robo-sufrio-el-colegio-de-abogados-de-trenque-lauquen-en-su-cuenta-del-banco-galicia\/#breadcrumb"},"inLanguage":"es","potentialAction":[{"@type":"ReadAction","target":["https:\/\/infoecos.com.ar\/index.php\/millonario-robo-sufrio-el-colegio-de-abogados-de-trenque-lauquen-en-su-cuenta-del-banco-galicia\/"]}]},{"@type":"ImageObject","inLanguage":"es","@id":"https:\/\/infoecos.com.ar\/index.php\/millonario-robo-sufrio-el-colegio-de-abogados-de-trenque-lauquen-en-su-cuenta-del-banco-galicia\/#primaryimage","url":"https:\/\/infoecos.com.ar\/wp-content\/uploads\/2021\/05\/COLEGIODEABOGADOS-1.jpg","contentUrl":"https:\/\/infoecos.com.ar\/wp-content\/uploads\/2021\/05\/COLEGIODEABOGADOS-1.jpg","width":1280,"height":960},{"@type":"BreadcrumbList","@id":"https:\/\/infoecos.com.ar\/index.php\/millonario-robo-sufrio-el-colegio-de-abogados-de-trenque-lauquen-en-su-cuenta-del-banco-galicia\/#breadcrumb","itemListElement":[{"@type":"ListItem","position":1,"name":"Portada","item":"https:\/\/infoecos.com.ar\/"},{"@type":"ListItem","position":2,"name":"Millonario robo sufri\u00f3 el Colegio de Abogados de Trenque Lauquen en su cuenta del Banco Galicia"}]},{"@type":"WebSite","@id":"https:\/\/infoecos.com.ar\/#website","url":"https:\/\/infoecos.com.ar\/","name":"Infoecos","description":"Noticias de trenque lauquen y la zona","publisher":{"@id":"https:\/\/infoecos.com.ar\/#organization"},"alternateName":"Noticias","potentialAction":[{"@type":"SearchAction","target":{"@type":"EntryPoint","urlTemplate":"https:\/\/infoecos.com.ar\/?s={search_term_string}"},"query-input":{"@type":"PropertyValueSpecification","valueRequired":true,"valueName":"search_term_string"}}],"inLanguage":"es"},{"@type":"Organization","@id":"https:\/\/infoecos.com.ar\/#organization","name":"Infoecos","alternateName":"Noticias","url":"https:\/\/infoecos.com.ar\/","logo":{"@type":"ImageObject","inLanguage":"es","@id":"https:\/\/infoecos.com.ar\/#\/schema\/logo\/image\/","url":"https:\/\/infoecos.com.ar\/wp-content\/uploads\/2024\/03\/cropped-logo.png","contentUrl":"https:\/\/infoecos.com.ar\/wp-content\/uploads\/2024\/03\/cropped-logo.png","width":374,"height":90,"caption":"Infoecos"},"image":{"@id":"https:\/\/infoecos.com.ar\/#\/schema\/logo\/image\/"},"sameAs":["https:\/\/www.facebook.com\/profile.php?id=100063200290284","https:\/\/x.com\/infoecos"]},{"@type":"Person","@id":"https:\/\/infoecos.com.ar\/#\/schema\/person\/8f5ace5ce73b4b4aac4b7245aee6f191","name":"Jorge Matheus","url":"https:\/\/infoecos.com.ar\/index.php\/author\/jomatheus\/"}]}},"featured_image_urls":{"full":["https:\/\/infoecos.com.ar\/wp-content\/uploads\/2021\/05\/COLEGIODEABOGADOS-1.jpg",1280,960,false],"thumbnail":["https:\/\/infoecos.com.ar\/wp-content\/uploads\/2021\/05\/COLEGIODEABOGADOS-1-150x150.jpg",150,150,true],"medium":["https:\/\/infoecos.com.ar\/wp-content\/uploads\/2021\/05\/COLEGIODEABOGADOS-1-460x345.jpg",460,345,true],"medium_large":["https:\/\/infoecos.com.ar\/wp-content\/uploads\/2021\/05\/COLEGIODEABOGADOS-1-768x576.jpg",640,480,true],"large":["https:\/\/infoecos.com.ar\/wp-content\/uploads\/2021\/05\/COLEGIODEABOGADOS-1-920x690.jpg",640,480,true],"1536x1536":["https:\/\/infoecos.com.ar\/wp-content\/uploads\/2021\/05\/COLEGIODEABOGADOS-1.jpg",1280,960,false],"2048x2048":["https:\/\/infoecos.com.ar\/wp-content\/uploads\/2021\/05\/COLEGIODEABOGADOS-1.jpg",1280,960,false],"covernews-slider-full":["https:\/\/infoecos.com.ar\/wp-content\/uploads\/2021\/05\/COLEGIODEABOGADOS-1.jpg",953,715,false],"covernews-slider-center":["https:\/\/infoecos.com.ar\/wp-content\/uploads\/2021\/05\/COLEGIODEABOGADOS-1-936x897.jpg",522,500,true],"covernews-featured":["https:\/\/infoecos.com.ar\/wp-content\/uploads\/2021\/05\/COLEGIODEABOGADOS-1-1024x768.jpg",1024,768,true],"covernews-medium":["https:\/\/infoecos.com.ar\/wp-content\/uploads\/2021\/05\/COLEGIODEABOGADOS-1-720x380.jpg",540,285,true],"covernews-medium-square":["https:\/\/infoecos.com.ar\/wp-content\/uploads\/2021\/05\/COLEGIODEABOGADOS-1-675x450.jpg",375,250,true]},"author_info":{"info":["Jorge Matheus"]},"category_info":"<a href=\"https:\/\/infoecos.com.ar\/index.php\/category\/c1nota6\/\" rel=\"category tag\">C1 nota 6<\/a>","tag_info":"C1 nota 6","comment_count":"0","_links":{"self":[{"href":"https:\/\/infoecos.com.ar\/index.php\/wp-json\/wp\/v2\/posts\/110181"}],"collection":[{"href":"https:\/\/infoecos.com.ar\/index.php\/wp-json\/wp\/v2\/posts"}],"about":[{"href":"https:\/\/infoecos.com.ar\/index.php\/wp-json\/wp\/v2\/types\/post"}],"author":[{"embeddable":true,"href":"https:\/\/infoecos.com.ar\/index.php\/wp-json\/wp\/v2\/users\/2"}],"replies":[{"embeddable":true,"href":"https:\/\/infoecos.com.ar\/index.php\/wp-json\/wp\/v2\/comments?post=110181"}],"version-history":[{"count":1,"href":"https:\/\/infoecos.com.ar\/index.php\/wp-json\/wp\/v2\/posts\/110181\/revisions"}],"predecessor-version":[{"id":110182,"href":"https:\/\/infoecos.com.ar\/index.php\/wp-json\/wp\/v2\/posts\/110181\/revisions\/110182"}],"wp:featuredmedia":[{"embeddable":true,"href":"https:\/\/infoecos.com.ar\/index.php\/wp-json\/wp\/v2\/media\/78438"}],"wp:attachment":[{"href":"https:\/\/infoecos.com.ar\/index.php\/wp-json\/wp\/v2\/media?parent=110181"}],"wp:term":[{"taxonomy":"category","embeddable":true,"href":"https:\/\/infoecos.com.ar\/index.php\/wp-json\/wp\/v2\/categories?post=110181"},{"taxonomy":"post_tag","embeddable":true,"href":"https:\/\/infoecos.com.ar\/index.php\/wp-json\/wp\/v2\/tags?post=110181"}],"curies":[{"name":"wp","href":"https:\/\/api.w.org\/{rel}","templated":true}]}}