{"id":110279,"date":"2023-08-20T03:34:44","date_gmt":"2023-08-20T06:34:44","guid":{"rendered":"https:\/\/infoecos.com.ar\/?p=110279"},"modified":"2023-08-20T03:34:45","modified_gmt":"2023-08-20T06:34:45","slug":"intentan-saquear-un-supermercado-en-el-departamento-las-heras-de-mendoza","status":"publish","type":"post","link":"https:\/\/infoecos.com.ar\/index.php\/intentan-saquear-un-supermercado-en-el-departamento-las-heras-de-mendoza\/","title":{"rendered":"Intentan saquear un supermercado en el departamento Las Heras de Mendoza"},"content":{"rendered":"\n<p>Un grupo de aproximadamente 30 personas intent\u00f3 saquear el\u00a0<strong>supermercado\u00a0<a href=\"https:\/\/www.mdzol.com\/temas\/atomo-16042.html\" target=\"_blank\" rel=\"noreferrer noopener\">Atomo<\/a>\u00a0<\/strong>ubicado en calle Independencia y Laprida, del departamento de\u00a0<a href=\"https:\/\/es.wikipedia.org\/wiki\/Las_Heras_(Mendoza)\" target=\"_blank\" rel=\"noreferrer noopener\"><strong>Las Heras<\/strong><\/a>, en la provincia de Mendoza<\/p>\n\n\n\n<p><a href=\"https:\/\/www.mdzol.com\/policiales\/2023\/8\/19\/multiples-allanamientos-dos-detenidos-por-incitar-saqueos-en-mendoza-362027.html\" target=\"_blank\" rel=\"noreferrer noopener\">En la misma jornada que la Justicia local detuvo a dos personas que incitaron a trav\u00e9s de un grupo de WhatsApp a organizarse y llevar a cabo<strong>\u00a0saqueos\u00a0<\/strong>en Mendoza<\/a>. <\/p>\n\n\n\n<figure class=\"wp-block-gallery has-nested-images columns-default is-cropped wp-block-gallery-1 is-layout-flex wp-block-gallery-is-layout-flex\">\n<figure class=\"wp-block-image size-large\"><img loading=\"lazy\" decoding=\"async\" width=\"768\" height=\"432\" data-id=\"110280\" src=\"https:\/\/infoecos.com.ar\/wp-content\/uploads\/2023\/08\/f768x1-1462431_1462558_5050.webp\" alt=\"\" class=\"wp-image-110280\"\/><figcaption class=\"wp-element-caption\">Intento de saqueo Mendoza<\/figcaption><\/figure>\n\n\n\n<figure class=\"wp-block-image size-large\"><img loading=\"lazy\" decoding=\"async\" width=\"768\" height=\"511\" data-id=\"110281\" src=\"https:\/\/infoecos.com.ar\/wp-content\/uploads\/2023\/08\/f768x1-1462432_1462559_5050.webp\" alt=\"\" class=\"wp-image-110281\" srcset=\"https:\/\/infoecos.com.ar\/wp-content\/uploads\/2023\/08\/f768x1-1462432_1462559_5050.webp 768w, https:\/\/infoecos.com.ar\/wp-content\/uploads\/2023\/08\/f768x1-1462432_1462559_5050-675x450.webp 675w\" sizes=\"(max-width: 768px) 100vw, 768px\" \/><figcaption class=\"wp-element-caption\">Intento de saqueo Mendoza <\/figcaption><\/figure>\n\n\n\n<figure class=\"wp-block-image size-large\"><img loading=\"lazy\" decoding=\"async\" width=\"848\" height=\"477\" data-id=\"110282\" src=\"https:\/\/infoecos.com.ar\/wp-content\/uploads\/2023\/08\/f848x477-1462428_1520231_6219.webp\" alt=\"\" class=\"wp-image-110282\" srcset=\"https:\/\/infoecos.com.ar\/wp-content\/uploads\/2023\/08\/f848x477-1462428_1520231_6219.webp 848w, https:\/\/infoecos.com.ar\/wp-content\/uploads\/2023\/08\/f848x477-1462428_1520231_6219-800x450.webp 800w, https:\/\/infoecos.com.ar\/wp-content\/uploads\/2023\/08\/f848x477-1462428_1520231_6219-768x432.webp 768w\" sizes=\"(max-width: 848px) 100vw, 848px\" \/><figcaption class=\"wp-element-caption\">Intento de saqueo Mendoza<\/figcaption><\/figure>\n<\/figure>\n\n\n\n<p>El Gobierno de Mendoza debi\u00f3 desplegar fuerzas para controlar la situaci\u00f3n. Hubo varios focos de conflicto.\u00a0<\/p>\n\n\n\n<p>Hay 17\u00a0<strong>detenidos\u00a0<\/strong>por los violentos hechos ocurridos. Desde el Gobierno de Mendoza buscaron llevar tranquilidad a la sociedad y aseguraron que se trata de \u00abhechos aislados\u00bb. En un comunicado oficial, el ministro de Seguridad Ra\u00fal Levrino precis\u00f3 que\u00a0\u201cqueremos transmitir tranquilidad a todos los mendocinos. En estos momentos las fuerzas de seguridad se encuentran desplegadas y trabajando en conjunto para garantizar la seguridad y el bienestar de la poblaci\u00f3n y ya tenemos detenidos\u201d.<\/p>\n\n\n\n<p>Fuentes indicaron que los controles en estos lugares se extienden durante la madrugada.<\/p>\n\n\n\n<p>Durante la tarde hubo enfrentamientos y piedrazos por parte de los grupos de personas que llegaron hasta el lugar para intentar ingresar al citado\u00a0<strong>Atomo<\/strong>, del barrio Santa Teresita. Entre todas las tensiones que se\u00a0vivieron, el mayor foco de conflicto estuvo ah\u00ed. La empresa incluso decidi\u00f3 cerrar algunas sucursales \u00abpor prevenci\u00f3n\u00bb, como ocurri\u00f3 en el barrio Sanidad.\u00a0<\/p>\n\n\n\n<p>A fines de poder controlar la situaci\u00f3n, la Polic\u00eda de Mendoza dispar\u00f3 en reiteradas ocasiones al aire para disuadir a las personas que se hab\u00edan acercado al lugar. Hubo enfrentamientos\u00a0y piedrazos durante largas horas de tensi\u00f3n.<\/p>\n\n\n\n<p>Fuente: mdzol.com<\/p>\n\n\n\n<p><\/p>\n","protected":false},"excerpt":{"rendered":"<p>Cerca de la medianoche, continuaba la fuerte custodia policial en distintos supermercados del mencionado departamento. Del operativo participan hasta helic\u00f3pteros<\/p>\n","protected":false},"author":2,"featured_media":110280,"comment_status":"closed","ping_status":"open","sticky":false,"template":"","format":"standard","meta":{"footnotes":""},"categories":[45],"tags":[8800],"class_list":["post-110279","post","type-post","status-publish","format-standard","has-post-thumbnail","hentry","category-c1nota2","tag-clima-de-tension"],"yoast_head":"<!-- This site is optimized with the Yoast SEO plugin v23.4 - https:\/\/yoast.com\/wordpress\/plugins\/seo\/ -->\n<title>Intentan saquear un supermercado en el departamento Las Heras de Mendoza - Infoecos<\/title>\n<meta name=\"robots\" content=\"index, follow, max-snippet:-1, max-image-preview:large, max-video-preview:-1\" \/>\n<link rel=\"canonical\" href=\"https:\/\/infoecos.com.ar\/index.php\/intentan-saquear-un-supermercado-en-el-departamento-las-heras-de-mendoza\/\" \/>\n<meta property=\"og:locale\" content=\"es_ES\" \/>\n<meta property=\"og:type\" content=\"article\" \/>\n<meta property=\"og:title\" content=\"Intentan saquear un supermercado en el departamento Las Heras de Mendoza - Infoecos\" \/>\n<meta property=\"og:description\" content=\"Cerca de la medianoche, continuaba la fuerte custodia policial en distintos supermercados del mencionado departamento. Del operativo participan hasta helic\u00f3pteros\" \/>\n<meta property=\"og:url\" content=\"https:\/\/infoecos.com.ar\/index.php\/intentan-saquear-un-supermercado-en-el-departamento-las-heras-de-mendoza\/\" \/>\n<meta property=\"og:site_name\" content=\"Infoecos\" \/>\n<meta property=\"article:publisher\" content=\"https:\/\/www.facebook.com\/profile.php?id=100063200290284\" \/>\n<meta property=\"article:published_time\" content=\"2023-08-20T06:34:44+00:00\" \/>\n<meta property=\"article:modified_time\" content=\"2023-08-20T06:34:45+00:00\" \/>\n<meta property=\"og:image\" content=\"https:\/\/infoecos.com.ar\/wp-content\/uploads\/2023\/08\/f768x1-1462431_1462558_5050.webp\" \/>\n\t<meta property=\"og:image:width\" content=\"768\" \/>\n\t<meta property=\"og:image:height\" content=\"432\" \/>\n\t<meta property=\"og:image:type\" content=\"image\/webp\" \/>\n<meta name=\"author\" content=\"Jorge Matheus\" \/>\n<meta name=\"twitter:card\" content=\"summary_large_image\" \/>\n<meta name=\"twitter:creator\" content=\"@infoecos\" \/>\n<meta name=\"twitter:site\" content=\"@infoecos\" \/>\n<meta name=\"twitter:label1\" content=\"Escrito por\" \/>\n\t<meta name=\"twitter:data1\" content=\"Jorge Matheus\" \/>\n\t<meta name=\"twitter:label2\" content=\"Tiempo de lectura\" \/>\n\t<meta name=\"twitter:data2\" content=\"2 minutos\" \/>\n<script type=\"application\/ld+json\" class=\"yoast-schema-graph\">{\"@context\":\"https:\/\/schema.org\",\"@graph\":[{\"@type\":\"Article\",\"@id\":\"https:\/\/infoecos.com.ar\/index.php\/intentan-saquear-un-supermercado-en-el-departamento-las-heras-de-mendoza\/#article\",\"isPartOf\":{\"@id\":\"https:\/\/infoecos.com.ar\/index.php\/intentan-saquear-un-supermercado-en-el-departamento-las-heras-de-mendoza\/\"},\"author\":{\"name\":\"Jorge Matheus\",\"@id\":\"https:\/\/infoecos.com.ar\/#\/schema\/person\/8f5ace5ce73b4b4aac4b7245aee6f191\"},\"headline\":\"Intentan saquear un supermercado en el departamento Las Heras de Mendoza\",\"datePublished\":\"2023-08-20T06:34:44+00:00\",\"dateModified\":\"2023-08-20T06:34:45+00:00\",\"mainEntityOfPage\":{\"@id\":\"https:\/\/infoecos.com.ar\/index.php\/intentan-saquear-un-supermercado-en-el-departamento-las-heras-de-mendoza\/\"},\"wordCount\":288,\"publisher\":{\"@id\":\"https:\/\/infoecos.com.ar\/#organization\"},\"image\":{\"@id\":\"https:\/\/infoecos.com.ar\/index.php\/intentan-saquear-un-supermercado-en-el-departamento-las-heras-de-mendoza\/#primaryimage\"},\"thumbnailUrl\":\"https:\/\/infoecos.com.ar\/wp-content\/uploads\/2023\/08\/f768x1-1462431_1462558_5050.webp\",\"keywords\":[\"clima de tensi\u00f3n\"],\"articleSection\":[\"C1 N2\"],\"inLanguage\":\"es\"},{\"@type\":\"WebPage\",\"@id\":\"https:\/\/infoecos.com.ar\/index.php\/intentan-saquear-un-supermercado-en-el-departamento-las-heras-de-mendoza\/\",\"url\":\"https:\/\/infoecos.com.ar\/index.php\/intentan-saquear-un-supermercado-en-el-departamento-las-heras-de-mendoza\/\",\"name\":\"Intentan saquear un supermercado en el departamento Las Heras de Mendoza - Infoecos\",\"isPartOf\":{\"@id\":\"https:\/\/infoecos.com.ar\/#website\"},\"primaryImageOfPage\":{\"@id\":\"https:\/\/infoecos.com.ar\/index.php\/intentan-saquear-un-supermercado-en-el-departamento-las-heras-de-mendoza\/#primaryimage\"},\"image\":{\"@id\":\"https:\/\/infoecos.com.ar\/index.php\/intentan-saquear-un-supermercado-en-el-departamento-las-heras-de-mendoza\/#primaryimage\"},\"thumbnailUrl\":\"https:\/\/infoecos.com.ar\/wp-content\/uploads\/2023\/08\/f768x1-1462431_1462558_5050.webp\",\"datePublished\":\"2023-08-20T06:34:44+00:00\",\"dateModified\":\"2023-08-20T06:34:45+00:00\",\"breadcrumb\":{\"@id\":\"https:\/\/infoecos.com.ar\/index.php\/intentan-saquear-un-supermercado-en-el-departamento-las-heras-de-mendoza\/#breadcrumb\"},\"inLanguage\":\"es\",\"potentialAction\":[{\"@type\":\"ReadAction\",\"target\":[\"https:\/\/infoecos.com.ar\/index.php\/intentan-saquear-un-supermercado-en-el-departamento-las-heras-de-mendoza\/\"]}]},{\"@type\":\"ImageObject\",\"inLanguage\":\"es\",\"@id\":\"https:\/\/infoecos.com.ar\/index.php\/intentan-saquear-un-supermercado-en-el-departamento-las-heras-de-mendoza\/#primaryimage\",\"url\":\"https:\/\/infoecos.com.ar\/wp-content\/uploads\/2023\/08\/f768x1-1462431_1462558_5050.webp\",\"contentUrl\":\"https:\/\/infoecos.com.ar\/wp-content\/uploads\/2023\/08\/f768x1-1462431_1462558_5050.webp\",\"width\":768,\"height\":432},{\"@type\":\"BreadcrumbList\",\"@id\":\"https:\/\/infoecos.com.ar\/index.php\/intentan-saquear-un-supermercado-en-el-departamento-las-heras-de-mendoza\/#breadcrumb\",\"itemListElement\":[{\"@type\":\"ListItem\",\"position\":1,\"name\":\"Portada\",\"item\":\"https:\/\/infoecos.com.ar\/\"},{\"@type\":\"ListItem\",\"position\":2,\"name\":\"Intentan saquear un supermercado en el departamento Las Heras de Mendoza\"}]},{\"@type\":\"WebSite\",\"@id\":\"https:\/\/infoecos.com.ar\/#website\",\"url\":\"https:\/\/infoecos.com.ar\/\",\"name\":\"Infoecos\",\"description\":\"Noticias de trenque lauquen y la zona\",\"publisher\":{\"@id\":\"https:\/\/infoecos.com.ar\/#organization\"},\"alternateName\":\"Noticias\",\"potentialAction\":[{\"@type\":\"SearchAction\",\"target\":{\"@type\":\"EntryPoint\",\"urlTemplate\":\"https:\/\/infoecos.com.ar\/?s={search_term_string}\"},\"query-input\":{\"@type\":\"PropertyValueSpecification\",\"valueRequired\":true,\"valueName\":\"search_term_string\"}}],\"inLanguage\":\"es\"},{\"@type\":\"Organization\",\"@id\":\"https:\/\/infoecos.com.ar\/#organization\",\"name\":\"Infoecos\",\"alternateName\":\"Noticias\",\"url\":\"https:\/\/infoecos.com.ar\/\",\"logo\":{\"@type\":\"ImageObject\",\"inLanguage\":\"es\",\"@id\":\"https:\/\/infoecos.com.ar\/#\/schema\/logo\/image\/\",\"url\":\"https:\/\/infoecos.com.ar\/wp-content\/uploads\/2024\/03\/cropped-logo.png\",\"contentUrl\":\"https:\/\/infoecos.com.ar\/wp-content\/uploads\/2024\/03\/cropped-logo.png\",\"width\":374,\"height\":90,\"caption\":\"Infoecos\"},\"image\":{\"@id\":\"https:\/\/infoecos.com.ar\/#\/schema\/logo\/image\/\"},\"sameAs\":[\"https:\/\/www.facebook.com\/profile.php?id=100063200290284\",\"https:\/\/x.com\/infoecos\"]},{\"@type\":\"Person\",\"@id\":\"https:\/\/infoecos.com.ar\/#\/schema\/person\/8f5ace5ce73b4b4aac4b7245aee6f191\",\"name\":\"Jorge Matheus\",\"url\":\"https:\/\/infoecos.com.ar\/index.php\/author\/jomatheus\/\"}]}<\/script>\n<!-- \/ Yoast SEO plugin. -->","yoast_head_json":{"title":"Intentan saquear un supermercado en el departamento Las Heras de Mendoza - Infoecos","robots":{"index":"index","follow":"follow","max-snippet":"max-snippet:-1","max-image-preview":"max-image-preview:large","max-video-preview":"max-video-preview:-1"},"canonical":"https:\/\/infoecos.com.ar\/index.php\/intentan-saquear-un-supermercado-en-el-departamento-las-heras-de-mendoza\/","og_locale":"es_ES","og_type":"article","og_title":"Intentan saquear un supermercado en el departamento Las Heras de Mendoza - Infoecos","og_description":"Cerca de la medianoche, continuaba la fuerte custodia policial en distintos supermercados del mencionado departamento. Del operativo participan hasta helic\u00f3pteros","og_url":"https:\/\/infoecos.com.ar\/index.php\/intentan-saquear-un-supermercado-en-el-departamento-las-heras-de-mendoza\/","og_site_name":"Infoecos","article_publisher":"https:\/\/www.facebook.com\/profile.php?id=100063200290284","article_published_time":"2023-08-20T06:34:44+00:00","article_modified_time":"2023-08-20T06:34:45+00:00","og_image":[{"width":768,"height":432,"url":"https:\/\/infoecos.com.ar\/wp-content\/uploads\/2023\/08\/f768x1-1462431_1462558_5050.webp","type":"image\/webp"}],"author":"Jorge Matheus","twitter_card":"summary_large_image","twitter_creator":"@infoecos","twitter_site":"@infoecos","twitter_misc":{"Escrito por":"Jorge Matheus","Tiempo de lectura":"2 minutos"},"schema":{"@context":"https:\/\/schema.org","@graph":[{"@type":"Article","@id":"https:\/\/infoecos.com.ar\/index.php\/intentan-saquear-un-supermercado-en-el-departamento-las-heras-de-mendoza\/#article","isPartOf":{"@id":"https:\/\/infoecos.com.ar\/index.php\/intentan-saquear-un-supermercado-en-el-departamento-las-heras-de-mendoza\/"},"author":{"name":"Jorge Matheus","@id":"https:\/\/infoecos.com.ar\/#\/schema\/person\/8f5ace5ce73b4b4aac4b7245aee6f191"},"headline":"Intentan saquear un supermercado en el departamento Las Heras de Mendoza","datePublished":"2023-08-20T06:34:44+00:00","dateModified":"2023-08-20T06:34:45+00:00","mainEntityOfPage":{"@id":"https:\/\/infoecos.com.ar\/index.php\/intentan-saquear-un-supermercado-en-el-departamento-las-heras-de-mendoza\/"},"wordCount":288,"publisher":{"@id":"https:\/\/infoecos.com.ar\/#organization"},"image":{"@id":"https:\/\/infoecos.com.ar\/index.php\/intentan-saquear-un-supermercado-en-el-departamento-las-heras-de-mendoza\/#primaryimage"},"thumbnailUrl":"https:\/\/infoecos.com.ar\/wp-content\/uploads\/2023\/08\/f768x1-1462431_1462558_5050.webp","keywords":["clima de tensi\u00f3n"],"articleSection":["C1 N2"],"inLanguage":"es"},{"@type":"WebPage","@id":"https:\/\/infoecos.com.ar\/index.php\/intentan-saquear-un-supermercado-en-el-departamento-las-heras-de-mendoza\/","url":"https:\/\/infoecos.com.ar\/index.php\/intentan-saquear-un-supermercado-en-el-departamento-las-heras-de-mendoza\/","name":"Intentan saquear un supermercado en el departamento Las Heras de Mendoza - Infoecos","isPartOf":{"@id":"https:\/\/infoecos.com.ar\/#website"},"primaryImageOfPage":{"@id":"https:\/\/infoecos.com.ar\/index.php\/intentan-saquear-un-supermercado-en-el-departamento-las-heras-de-mendoza\/#primaryimage"},"image":{"@id":"https:\/\/infoecos.com.ar\/index.php\/intentan-saquear-un-supermercado-en-el-departamento-las-heras-de-mendoza\/#primaryimage"},"thumbnailUrl":"https:\/\/infoecos.com.ar\/wp-content\/uploads\/2023\/08\/f768x1-1462431_1462558_5050.webp","datePublished":"2023-08-20T06:34:44+00:00","dateModified":"2023-08-20T06:34:45+00:00","breadcrumb":{"@id":"https:\/\/infoecos.com.ar\/index.php\/intentan-saquear-un-supermercado-en-el-departamento-las-heras-de-mendoza\/#breadcrumb"},"inLanguage":"es","potentialAction":[{"@type":"ReadAction","target":["https:\/\/infoecos.com.ar\/index.php\/intentan-saquear-un-supermercado-en-el-departamento-las-heras-de-mendoza\/"]}]},{"@type":"ImageObject","inLanguage":"es","@id":"https:\/\/infoecos.com.ar\/index.php\/intentan-saquear-un-supermercado-en-el-departamento-las-heras-de-mendoza\/#primaryimage","url":"https:\/\/infoecos.com.ar\/wp-content\/uploads\/2023\/08\/f768x1-1462431_1462558_5050.webp","contentUrl":"https:\/\/infoecos.com.ar\/wp-content\/uploads\/2023\/08\/f768x1-1462431_1462558_5050.webp","width":768,"height":432},{"@type":"BreadcrumbList","@id":"https:\/\/infoecos.com.ar\/index.php\/intentan-saquear-un-supermercado-en-el-departamento-las-heras-de-mendoza\/#breadcrumb","itemListElement":[{"@type":"ListItem","position":1,"name":"Portada","item":"https:\/\/infoecos.com.ar\/"},{"@type":"ListItem","position":2,"name":"Intentan saquear un supermercado en el departamento Las Heras de Mendoza"}]},{"@type":"WebSite","@id":"https:\/\/infoecos.com.ar\/#website","url":"https:\/\/infoecos.com.ar\/","name":"Infoecos","description":"Noticias de trenque lauquen y la zona","publisher":{"@id":"https:\/\/infoecos.com.ar\/#organization"},"alternateName":"Noticias","potentialAction":[{"@type":"SearchAction","target":{"@type":"EntryPoint","urlTemplate":"https:\/\/infoecos.com.ar\/?s={search_term_string}"},"query-input":{"@type":"PropertyValueSpecification","valueRequired":true,"valueName":"search_term_string"}}],"inLanguage":"es"},{"@type":"Organization","@id":"https:\/\/infoecos.com.ar\/#organization","name":"Infoecos","alternateName":"Noticias","url":"https:\/\/infoecos.com.ar\/","logo":{"@type":"ImageObject","inLanguage":"es","@id":"https:\/\/infoecos.com.ar\/#\/schema\/logo\/image\/","url":"https:\/\/infoecos.com.ar\/wp-content\/uploads\/2024\/03\/cropped-logo.png","contentUrl":"https:\/\/infoecos.com.ar\/wp-content\/uploads\/2024\/03\/cropped-logo.png","width":374,"height":90,"caption":"Infoecos"},"image":{"@id":"https:\/\/infoecos.com.ar\/#\/schema\/logo\/image\/"},"sameAs":["https:\/\/www.facebook.com\/profile.php?id=100063200290284","https:\/\/x.com\/infoecos"]},{"@type":"Person","@id":"https:\/\/infoecos.com.ar\/#\/schema\/person\/8f5ace5ce73b4b4aac4b7245aee6f191","name":"Jorge Matheus","url":"https:\/\/infoecos.com.ar\/index.php\/author\/jomatheus\/"}]}},"featured_image_urls":{"full":["https:\/\/infoecos.com.ar\/wp-content\/uploads\/2023\/08\/f768x1-1462431_1462558_5050.webp",768,432,false],"thumbnail":["https:\/\/infoecos.com.ar\/wp-content\/uploads\/2023\/08\/f768x1-1462431_1462558_5050-300x150.webp",300,150,true],"medium":["https:\/\/infoecos.com.ar\/wp-content\/uploads\/2023\/08\/f768x1-1462431_1462558_5050.webp",768,432,false],"medium_large":["https:\/\/infoecos.com.ar\/wp-content\/uploads\/2023\/08\/f768x1-1462431_1462558_5050.webp",640,360,false],"large":["https:\/\/infoecos.com.ar\/wp-content\/uploads\/2023\/08\/f768x1-1462431_1462558_5050.webp",640,360,false],"1536x1536":["https:\/\/infoecos.com.ar\/wp-content\/uploads\/2023\/08\/f768x1-1462431_1462558_5050.webp",768,432,false],"2048x2048":["https:\/\/infoecos.com.ar\/wp-content\/uploads\/2023\/08\/f768x1-1462431_1462558_5050.webp",768,432,false],"covernews-slider-full":["https:\/\/infoecos.com.ar\/wp-content\/uploads\/2023\/08\/f768x1-1462431_1462558_5050.webp",768,432,false],"covernews-slider-center":["https:\/\/infoecos.com.ar\/wp-content\/uploads\/2023\/08\/f768x1-1462431_1462558_5050.webp",768,432,false],"covernews-featured":["https:\/\/infoecos.com.ar\/wp-content\/uploads\/2023\/08\/f768x1-1462431_1462558_5050.webp",768,432,false],"covernews-medium":["https:\/\/infoecos.com.ar\/wp-content\/uploads\/2023\/08\/f768x1-1462431_1462558_5050-720x380.webp",540,285,true],"covernews-medium-square":["https:\/\/infoecos.com.ar\/wp-content\/uploads\/2023\/08\/f768x1-1462431_1462558_5050-675x432.webp",391,250,true]},"author_info":{"info":["Jorge Matheus"]},"category_info":"<a href=\"https:\/\/infoecos.com.ar\/index.php\/category\/c1nota2\/\" rel=\"category tag\">C1 N2<\/a>","tag_info":"C1 N2","comment_count":"0","_links":{"self":[{"href":"https:\/\/infoecos.com.ar\/index.php\/wp-json\/wp\/v2\/posts\/110279"}],"collection":[{"href":"https:\/\/infoecos.com.ar\/index.php\/wp-json\/wp\/v2\/posts"}],"about":[{"href":"https:\/\/infoecos.com.ar\/index.php\/wp-json\/wp\/v2\/types\/post"}],"author":[{"embeddable":true,"href":"https:\/\/infoecos.com.ar\/index.php\/wp-json\/wp\/v2\/users\/2"}],"replies":[{"embeddable":true,"href":"https:\/\/infoecos.com.ar\/index.php\/wp-json\/wp\/v2\/comments?post=110279"}],"version-history":[{"count":1,"href":"https:\/\/infoecos.com.ar\/index.php\/wp-json\/wp\/v2\/posts\/110279\/revisions"}],"predecessor-version":[{"id":110283,"href":"https:\/\/infoecos.com.ar\/index.php\/wp-json\/wp\/v2\/posts\/110279\/revisions\/110283"}],"wp:featuredmedia":[{"embeddable":true,"href":"https:\/\/infoecos.com.ar\/index.php\/wp-json\/wp\/v2\/media\/110280"}],"wp:attachment":[{"href":"https:\/\/infoecos.com.ar\/index.php\/wp-json\/wp\/v2\/media?parent=110279"}],"wp:term":[{"taxonomy":"category","embeddable":true,"href":"https:\/\/infoecos.com.ar\/index.php\/wp-json\/wp\/v2\/categories?post=110279"},{"taxonomy":"post_tag","embeddable":true,"href":"https:\/\/infoecos.com.ar\/index.php\/wp-json\/wp\/v2\/tags?post=110279"}],"curies":[{"name":"wp","href":"https:\/\/api.w.org\/{rel}","templated":true}]}}