{"id":110296,"date":"2023-08-20T19:08:16","date_gmt":"2023-08-20T22:08:16","guid":{"rendered":"https:\/\/infoecos.com.ar\/?p=110296"},"modified":"2023-08-24T01:49:03","modified_gmt":"2023-08-24T04:49:03","slug":"sergio-alaux-casi-ignorado-por-la-transmision-oficial-carreron-en-buenos-aires","status":"publish","type":"post","link":"https:\/\/infoecos.com.ar\/index.php\/sergio-alaux-casi-ignorado-por-la-transmision-oficial-carreron-en-buenos-aires\/","title":{"rendered":"Sergio Alaux, casi ignorado por la transmisi\u00f3n oficial, \u00abcarrer\u00f3n\u00bb en Buenos Aires"},"content":{"rendered":"\n<p><strong>Valent\u00edn Aguirre<\/strong>&nbsp;(Dodge) result\u00f3 el ganador de la Final que el&nbsp;<strong>Turismo Carretera&nbsp;<\/strong>llev\u00f3 a cabo en el regreso al renovado y colmado aut\u00f3dromo de&nbsp;<strong>Buenos Aires<\/strong>, donde se disput\u00f3 la 10\u00aa y \u00faltima fecha de la Etapa Regular del 82\u00ba Campeonato Argentino de TC. El piloto del&nbsp;<strong>JP Carrera<\/strong>, que&nbsp;<strong>larg\u00f3&nbsp;<\/strong>8\u00ba, y alcanz\u00f3 su&nbsp;<strong>5\u00aa victoria en 83 participaciones&nbsp;<\/strong>en la categor\u00eda.&nbsp;<strong>Santiago \u00c1lvarez<\/strong>&nbsp;(Dodge) y&nbsp;<strong>Mauricio Lambiris<\/strong>&nbsp;(Ford) completaron el podio en el s\u00faper veloz circuito N\u00ba 12.&nbsp;<\/p>\n\n\n\n<figure class=\"wp-block-image aligncenter size-full\"><img loading=\"lazy\" decoding=\"async\" width=\"400\" height=\"400\" src=\"https:\/\/infoecos.com.ar\/wp-content\/uploads\/2023\/08\/alaux3.jpg\" alt=\"\" class=\"wp-image-110298\"\/><figcaption class=\"wp-element-caption\">Alaux Sergio <\/figcaption><\/figure>\n\n\n\n<p>El piloto de Pig\u00fce-Trenque Lauquen desde las pruebas de clasificaci\u00f3n demostr\u00f3 que estos circuitos veloces le vienen como anillo al dedo y que su trayectoria en la categor\u00eda no se la ha ganado por imperio de antojos, sino demostrando lo que es capaz de hacer.<\/p>\n\n\n\n<figure class=\"wp-block-image aligncenter size-large is-resized\"><img loading=\"lazy\" decoding=\"async\" src=\"https:\/\/infoecos.com.ar\/wp-content\/uploads\/2023\/08\/alaux2-1066x1600.jpg\" alt=\"\" class=\"wp-image-110299\" width=\"394\" height=\"591\" srcset=\"https:\/\/infoecos.com.ar\/wp-content\/uploads\/2023\/08\/alaux2-1066x1600.jpg 1066w, https:\/\/infoecos.com.ar\/wp-content\/uploads\/2023\/08\/alaux2-533x800.jpg 533w, https:\/\/infoecos.com.ar\/wp-content\/uploads\/2023\/08\/alaux2-768x1153.jpg 768w, https:\/\/infoecos.com.ar\/wp-content\/uploads\/2023\/08\/alaux2-1023x1536.jpg 1023w, https:\/\/infoecos.com.ar\/wp-content\/uploads\/2023\/08\/alaux2-1024x1538.jpg 1024w, https:\/\/infoecos.com.ar\/wp-content\/uploads\/2023\/08\/alaux2.jpg 1364w\" sizes=\"(max-width: 394px) 100vw, 394px\" \/><\/figure>\n\n\n\n<p>En la clasificaci\u00f3n marc\u00f3 el d\u00e9cimo s\u00e9ptimo puesto.<\/p>\n\n\n\n<p>Verificado por: Cronometraje&nbsp;<img decoding=\"async\" src=\"https:\/\/www.actc.org.ar\/admin\/vistas\/images\/on_aprobacion.png\">&nbsp;T\u00e9cnica&nbsp;<img decoding=\"async\" src=\"https:\/\/www.actc.org.ar\/admin\/vistas\/images\/on_aprobacion.png\">&nbsp;Deportiva&nbsp;<img decoding=\"async\" src=\"https:\/\/www.actc.org.ar\/admin\/vistas\/images\/on_aprobacion.png\"><\/p>\n\n\n\n<figure class=\"wp-block-table\"><table><thead><tr><th>Pos.<\/th><th>N\u00famero<\/th><th>Piloto<\/th><th>Marca<\/th><th>Vueltas<\/th><th>Tiempo<\/th><th>Diferencia<\/th><\/tr><\/thead><tbody><tr><td>1\u00b0<\/td><td>197<\/td><td><a href=\"https:\/\/www.actc.org.ar\/tc\/pilotos\/2023\/marcos-quijada_6589.html\">QUIJADA, MARCOS<\/a><\/td><td><img decoding=\"async\" alt=\"Dodge\" src=\"https:\/\/www.actc.org.ar\/vistas\/v3\/images\/logos\/logo-dodge-xs.png\"><\/td><td>5<\/td><td>01:30.361<\/td><td><\/td><\/tr><tr><td>2\u00b0<\/td><td>172<\/td><td><a href=\"https:\/\/www.actc.org.ar\/tc\/pilotos\/2023\/santiago-alvarez_6586.html\">\u00c1LVAREZ, SANTIAGO<\/a><\/td><td><img decoding=\"async\" alt=\"Dodge\" src=\"https:\/\/www.actc.org.ar\/vistas\/v3\/images\/logos\/logo-dodge-xs.png\"><\/td><td>4<\/td><td>01:30.892<\/td><td>0.531<\/td><\/tr><tr><td>3\u00b0<\/td><td>119<\/td><td><a href=\"https:\/\/www.actc.org.ar\/tc\/pilotos\/2023\/humberto-krujoski_6604.html\">KRUJOSKI, HUMBERTO<\/a><\/td><td><img decoding=\"async\" alt=\"Dodge\" src=\"https:\/\/www.actc.org.ar\/vistas\/v3\/images\/logos\/logo-dodge-xs.png\"><\/td><td>5<\/td><td>01:30.990<\/td><td>0.629<\/td><\/tr><tr><td>4\u00b0<\/td><td>101<\/td><td><a href=\"https:\/\/www.actc.org.ar\/tc\/pilotos\/2023\/lionel-ugalde_6479.html\">UGALDE, LIONEL<\/a><\/td><td><img decoding=\"async\" alt=\"Torino\" src=\"https:\/\/www.actc.org.ar\/vistas\/v3\/images\/logos\/logo-torino-xs.png\"><\/td><td>4<\/td><td>01:31.675<\/td><td>1.314<\/td><\/tr><tr><td>5\u00b0<\/td><td>121<\/td><td><a href=\"https:\/\/www.actc.org.ar\/tc\/pilotos\/2023\/elio-craparo_6587.html\">CRAPARO, ELIO<\/a><\/td><td><img decoding=\"async\" alt=\"Dodge\" src=\"https:\/\/www.actc.org.ar\/vistas\/v3\/images\/logos\/logo-dodge-xs.png\"><\/td><td>5<\/td><td>01:31.698<\/td><td>1.337<\/td><\/tr><tr><td>6\u00b0<\/td><td>85<\/td><td><a href=\"https:\/\/www.actc.org.ar\/tc\/pilotos\/2023\/ricardo-risatti_6603.html\">RISATTI, RICARDO<\/a><\/td><td><img decoding=\"async\" alt=\"Chevrolet\" src=\"https:\/\/www.actc.org.ar\/vistas\/v3\/images\/logos\/logo-chevrolet-xs.png\"><\/td><td>4<\/td><td>01:31.876<\/td><td>1.515<\/td><\/tr><tr><td>7\u00b0<\/td><td>54<\/td><td><a href=\"https:\/\/www.actc.org.ar\/tc\/pilotos\/2023\/nicolas-cotignola_6481.html\">COTIGNOLA, NICOL\u00c1S<\/a><\/td><td><img decoding=\"async\" alt=\"Torino\" src=\"https:\/\/www.actc.org.ar\/vistas\/v3\/images\/logos\/logo-torino-xs.png\"><\/td><td>5<\/td><td>01:31.913<\/td><td>1.552<\/td><\/tr><tr><td>8\u00b0<\/td><td>177<\/td><td><a href=\"https:\/\/www.actc.org.ar\/tc\/pilotos\/2023\/ayrton-londero_6475.html\">LONDERO, AYRTON<\/a><\/td><td><img decoding=\"async\" alt=\"Torino\" src=\"https:\/\/www.actc.org.ar\/vistas\/v3\/images\/logos\/logo-torino-xs.png\"><\/td><td>4<\/td><td>01:31.929<\/td><td>1.568<\/td><\/tr><tr><td>9\u00b0<\/td><td>99<\/td><td><a href=\"https:\/\/www.actc.org.ar\/tc\/pilotos\/2023\/leonel-sotro_6596.html\">SOTRO, LEONEL<\/a><\/td><td><img decoding=\"async\" alt=\"Ford\" src=\"https:\/\/www.actc.org.ar\/vistas\/v3\/images\/logos\/logo-ford-xs.png\"><\/td><td>5<\/td><td>01:31.970<\/td><td>1.609<\/td><\/tr><tr><td>10\u00b0<\/td><td>161<\/td><td><a href=\"https:\/\/www.actc.org.ar\/tc\/pilotos\/2023\/kevin-candela_6476.html\">CANDELA, KEVIN<\/a><\/td><td><img decoding=\"async\" alt=\"Torino\" src=\"https:\/\/www.actc.org.ar\/vistas\/v3\/images\/logos\/logo-torino-xs.png\"><\/td><td>4<\/td><td>01:32.062<\/td><td>1.701<\/td><\/tr><tr><td>11\u00b0<\/td><td>208<\/td><td><a href=\"https:\/\/www.actc.org.ar\/tc\/pilotos\/2023\/gaston-ferrante_6472.html\">FERRANTE, GAST\u00d3N<\/a><\/td><td><img decoding=\"async\" alt=\"Dodge\" src=\"https:\/\/www.actc.org.ar\/vistas\/v3\/images\/logos\/logo-dodge-xs.png\"><\/td><td>4<\/td><td>01:32.078<\/td><td>1.717<\/td><\/tr><tr><td>12\u00b0<\/td><td>37<\/td><td><a href=\"https:\/\/www.actc.org.ar\/tc\/pilotos\/2023\/emiliano-spataro_6474.html\">SPATARO, EMILIANO<\/a><\/td><td><img decoding=\"async\" alt=\"Ford\" src=\"https:\/\/www.actc.org.ar\/vistas\/v3\/images\/logos\/logo-ford-xs.png\"><\/td><td>4<\/td><td>01:32.149<\/td><td>1.788<\/td><\/tr><tr><td>13\u00b0<\/td><td>133<\/td><td><a href=\"https:\/\/www.actc.org.ar\/tc\/pilotos\/2023\/valentin-aguirre_6465.html\">AGUIRRE, VALENT\u00cdN<\/a><\/td><td><img decoding=\"async\" alt=\"Dodge\" src=\"https:\/\/www.actc.org.ar\/vistas\/v3\/images\/logos\/logo-dodge-xs.png\"><\/td><td>4<\/td><td>01:32.188<\/td><td>1.827<\/td><\/tr><tr><td>14\u00b0<\/td><td>116<\/td><td><a href=\"https:\/\/www.actc.org.ar\/tc\/pilotos\/2023\/alan-ruggiero_6480.html\">RUGGIERO, ALAN<\/a><\/td><td><img decoding=\"async\" alt=\"Ford\" src=\"https:\/\/www.actc.org.ar\/vistas\/v3\/images\/logos\/logo-ford-xs.png\"><\/td><td>4<\/td><td>01:32.294<\/td><td>1.933<\/td><\/tr><tr><td>15\u00b0<\/td><td>137<\/td><td><a href=\"https:\/\/www.actc.org.ar\/tc\/pilotos\/2023\/otto-fritzler_6584.html\">FRITZLER, OTTO<\/a><\/td><td><img decoding=\"async\" alt=\"Ford\" src=\"https:\/\/www.actc.org.ar\/vistas\/v3\/images\/logos\/logo-ford-xs.png\"><\/td><td>5<\/td><td>01:32.333<\/td><td>1.972<\/td><\/tr><tr><td>16\u00b0<\/td><td>72<\/td><td><a href=\"https:\/\/www.actc.org.ar\/tc\/pilotos\/2023\/martin-serrano_6478.html\">SERRANO, MART\u00cdN<\/a><\/td><td><img decoding=\"async\" alt=\"Chevrolet\" src=\"https:\/\/www.actc.org.ar\/vistas\/v3\/images\/logos\/logo-chevrolet-xs.png\"><\/td><td>5<\/td><td>01:32.354<\/td><td>1.993<\/td><\/tr><tr><td>17\u00b0<\/td><td>75<\/td><td><a href=\"https:\/\/www.actc.org.ar\/tc\/pilotos\/2023\/sergio-alaux_6471.html\"><strong><mark style=\"background-color:rgba(0, 0, 0, 0)\" class=\"has-inline-color has-black-color\">ALAUX, SERGIO<\/mark><\/strong><\/a><\/td><td><img decoding=\"async\" alt=\"Chevrolet\" src=\"https:\/\/www.actc.org.ar\/vistas\/v3\/images\/logos\/logo-chevrolet-xs.png\"><\/td><td>5<\/td><td>01:32.420<\/td><td>2.059<\/td><\/tr><tr><td>18\u00b0<\/td><td>25<\/td><td><a href=\"https:\/\/www.actc.org.ar\/tc\/pilotos\/2023\/diego-ciantini_6464.html\">CIANTINI, DIEGO<\/a><\/td><td><img decoding=\"async\" alt=\"Chevrolet\" src=\"https:\/\/www.actc.org.ar\/vistas\/v3\/images\/logos\/logo-chevrolet-xs.png\"><\/td><td>4<\/td><td>01:32.452<\/td><td>2.091<\/td><\/tr><tr><td>19\u00b0<\/td><td>155<\/td><td><a href=\"https:\/\/www.actc.org.ar\/tc\/pilotos\/2023\/federico-iribarne_6804.html\">IRIBARNE, FEDERICO<\/a><\/td><td><img decoding=\"async\" alt=\"Chevrolet\" src=\"https:\/\/www.actc.org.ar\/vistas\/v3\/images\/logos\/logo-chevrolet-xs.png\"><\/td><td>5<\/td><td>01:32.653<\/td><td>2.292<\/td><\/tr><tr><td>20\u00b0<\/td><td>232<\/td><td><a href=\"https:\/\/www.actc.org.ar\/tc\/pilotos\/2023\/gustavo-micheloud_6590.html\">MICHELOUD, GUSTAVO<\/a><\/td><td><img decoding=\"async\" alt=\"Dodge\" src=\"https:\/\/www.actc.org.ar\/vistas\/v3\/images\/logos\/logo-dodge-xs.png\"><\/td><td>2<\/td><td>01:32.733<\/td><td>2.372<\/td><\/tr><tr><td>21\u00b0<\/td><td>122<\/td><td><a href=\"https:\/\/www.actc.org.ar\/tc\/pilotos\/2023\/andres-jakos_6468.html\">JAKOS, ANDR\u00c9S<\/a><\/td><td><img decoding=\"async\" alt=\"Y\" src=\"https:\/\/www.actc.org.ar\/vistas\/v3\/images\/logos\/logo-toyota-xs.png\"><\/td><td>4<\/td><td>01:32.840<\/td><td>2.479<\/td><\/tr><tr><td>22\u00b0<\/td><td>77<\/td><td><a href=\"https:\/\/www.actc.org.ar\/tc\/pilotos\/2023\/augusto-carinelli_6477.html\">CARINELLI, AUGUSTO<\/a><\/td><td><img decoding=\"async\" alt=\"Dodge\" src=\"https:\/\/www.actc.org.ar\/vistas\/v3\/images\/logos\/logo-dodge-xs.png\"><\/td><td>3<\/td><td>01:32.847<\/td><td>2.486<\/td><\/tr><tr><td>23\u00b0<\/td><td>21<\/td><td><a href=\"https:\/\/www.actc.org.ar\/tc\/pilotos\/2023\/christian-ledesma_6460.html\">LEDESMA, CHRISTIAN<\/a><\/td><td><img decoding=\"async\" alt=\"Chevrolet\" src=\"https:\/\/www.actc.org.ar\/vistas\/v3\/images\/logos\/logo-chevrolet-xs.png\"><\/td><td>4<\/td><td>01:32.888<\/td><td>2.527<\/td><\/tr><tr><td>24\u00b0<\/td><td>123<\/td><td><a href=\"https:\/\/www.actc.org.ar\/tc\/pilotos\/2023\/martin-vazquez_6588.html\">V\u00c1ZQUEZ, MART\u00cdN<\/a><\/td><td><img decoding=\"async\" alt=\"Dodge\" src=\"https:\/\/www.actc.org.ar\/vistas\/v3\/images\/logos\/logo-dodge-xs.png\"><\/td><td>5<\/td><td>01:32.915<\/td><td>2.554<\/td><\/tr><tr><td>25\u00b0<\/td><td>32<\/td><td><a href=\"https:\/\/www.actc.org.ar\/tc\/pilotos\/2023\/norberto-fontana_6470.html\">FONTANA, NORBERTO<\/a><\/td><td><img decoding=\"async\" alt=\"Torino\" src=\"https:\/\/www.actc.org.ar\/vistas\/v3\/images\/logos\/logo-torino-xs.png\"><\/td><td>4<\/td><td>01:33.036<\/td><td>2.675<\/td><\/tr><tr><td>26\u00b0<\/td><td>83<\/td><td><a href=\"https:\/\/www.actc.org.ar\/tc\/pilotos\/2023\/facundo-ardusso_6449.html\">ARDUSSO, FACUNDO<\/a><\/td><td><img decoding=\"async\" alt=\"Chevrolet\" src=\"https:\/\/www.actc.org.ar\/vistas\/v3\/images\/logos\/logo-chevrolet-xs.png\"><\/td><td>4<\/td><td>01:33.328<\/td><td>2.967<\/td><\/tr><tr><td>27\u00b0<\/td><td>82<\/td><td><a href=\"https:\/\/www.actc.org.ar\/tc\/pilotos\/2023\/carlos-okulovich_6592.html\">OKULOVICH, CARLOS<\/a><\/td><td><img decoding=\"async\" alt=\"Torino\" src=\"https:\/\/www.actc.org.ar\/vistas\/v3\/images\/logos\/logo-torino-xs.png\"><\/td><td>5<\/td><td>01:33.364<\/td><td>3.003<\/td><\/tr><tr><td>28\u00b0<\/td><td>127<\/td><td><a href=\"https:\/\/www.actc.org.ar\/tc\/pilotos\/2023\/marcelo-agrelo_6462.html\">AGRELO, MARCELO<\/a><\/td><td><img decoding=\"async\" alt=\"Dodge\" src=\"https:\/\/www.actc.org.ar\/vistas\/v3\/images\/logos\/logo-dodge-xs.png\"><\/td><td>4<\/td><td>01:33.594<\/td><td>3.233<\/td><\/tr><tr><td>29\u00b0<\/td><td>115<\/td><td><a href=\"https:\/\/www.actc.org.ar\/tc\/pilotos\/2023\/diego-de-carlo_6483.html\">DE CARLO, DIEGO<\/a><\/td><td><img decoding=\"async\" alt=\"Chevrolet\" src=\"https:\/\/www.actc.org.ar\/vistas\/v3\/images\/logos\/logo-chevrolet-xs.png\"><\/td><td>4<\/td><td>01:33.755<\/td><td>3.394<\/td><\/tr><tr><td>30\u00b0<\/td><td>14<\/td><td><a href=\"https:\/\/www.actc.org.ar\/tc\/pilotos\/2023\/juan-b-de-benedictis-_6453.html\">DE BENEDICTIS , JUAN B.<\/a><\/td><td><img decoding=\"async\" alt=\"Ford\" src=\"https:\/\/www.actc.org.ar\/vistas\/v3\/images\/logos\/logo-ford-xs.png\"><\/td><td>4<\/td><td>01:34.060<\/td><td>3.699<\/td><\/tr><tr><td>31\u00b0<\/td><td>55<\/td><td><a href=\"https:\/\/www.actc.org.ar\/tc\/pilotos\/2023\/leandro-mulet_6482.html\">MULET, LEANDRO<\/a><\/td><td><img decoding=\"async\" alt=\"Dodge\" src=\"https:\/\/www.actc.org.ar\/vistas\/v3\/images\/logos\/logo-dodge-xs.png\"><\/td><td>4<\/td><td>01:34.089<\/td><td>3.728<\/td><\/tr><tr><td>32\u00b0<\/td><td>215<\/td><td><a href=\"https:\/\/www.actc.org.ar\/tc\/pilotos\/2023\/gaston-crusitta_7082.html\">CRUSITTA, GAST\u00d3N<\/a><\/td><td><img decoding=\"async\" alt=\"Dodge\" src=\"https:\/\/www.actc.org.ar\/vistas\/v3\/images\/logos\/logo-dodge-xs.png\"><\/td><td>5<\/td><td>01:34.173<\/td><td>3.812<\/td><\/tr><tr><td>33\u00b0<\/td><td>44<\/td><td><a href=\"https:\/\/www.actc.org.ar\/tc\/pilotos\/2023\/facundo-della-motta_6467.html\">DELLA MOTTA, FACUNDO<\/a><\/td><td><img decoding=\"async\" alt=\"Ford\" src=\"https:\/\/www.actc.org.ar\/vistas\/v3\/images\/logos\/logo-ford-xs.png\"><\/td><td>4<\/td><td>01:34.174<\/td><td>3.813<\/td><\/tr><tr><td>34\u00b0<\/td><td>27<\/td><td><a href=\"https:\/\/www.actc.org.ar\/tc\/pilotos\/2023\/gaston-mazzacane_6466.html\">MAZZACANE, GAST\u00d3N<\/a><\/td><td><img decoding=\"async\" alt=\"Chevrolet\" src=\"https:\/\/www.actc.org.ar\/vistas\/v3\/images\/logos\/logo-chevrolet-xs.png\"><\/td><td>4<\/td><td>01:34.304<\/td><td>3.943<\/td><\/tr><tr><td>35\u00b0<\/td><td>30<\/td><td><a href=\"https:\/\/www.actc.org.ar\/tc\/pilotos\/2023\/gabriel-ponce-de-leon_6469.html\">PONCE DE LE\u00d3N, GABRIEL<\/a><\/td><td><img decoding=\"async\" alt=\"Ford\" src=\"https:\/\/www.actc.org.ar\/vistas\/v3\/images\/logos\/logo-ford-xs.png\"><\/td><td>4<\/td><td>01:34.498<\/td><td>4.137<\/td><\/tr><tr><td>36\u00b0<\/td><td>88<\/td><td><a href=\"https:\/\/www.actc.org.ar\/tc\/pilotos\/2023\/nicolas-trosset_6458.html\">TROSSET, NICOL\u00c1S<\/a><\/td><td><img decoding=\"async\" alt=\"Ford\" src=\"https:\/\/www.actc.org.ar\/vistas\/v3\/images\/logos\/logo-ford-xs.png\"><\/td><td>4<\/td><td>01:34.620<\/td><td>4.259<\/td><\/tr><tr><td>37\u00b0<\/td><td>17<\/td><td><a href=\"https:\/\/www.actc.org.ar\/tc\/pilotos\/2023\/nicolas-bonelli_6456.html\">BONELLI, NICOL\u00c1S<\/a><\/td><td><img decoding=\"async\" alt=\"Ford\" src=\"https:\/\/www.actc.org.ar\/vistas\/v3\/images\/logos\/logo-ford-xs.png\"><\/td><td>4<\/td><td>01:34.720<\/td><td>4.359<\/td><\/tr><tr><td>38\u00b0<\/td><td>20<\/td><td><a href=\"https:\/\/www.actc.org.ar\/tc\/pilotos\/2023\/juan-jose-ebarlin_6459.html\">EBARL\u00cdN, JUAN JOS\u00c9<\/a><\/td><td><img decoding=\"async\" alt=\"Chevrolet\" src=\"https:\/\/www.actc.org.ar\/vistas\/v3\/images\/logos\/logo-chevrolet-xs.png\"><\/td><td>4<\/td><td>01:35.043<\/td><td>4.682<\/td><\/tr><tr><td>39\u00b0<\/td><td>111<\/td><td><a href=\"https:\/\/www.actc.org.ar\/tc\/pilotos\/2023\/juan-garbelino_6591.html\">GARBELINO, JUAN<\/a><\/td><td><img decoding=\"async\" alt=\"Dodge\" src=\"https:\/\/www.actc.org.ar\/vistas\/v3\/images\/logos\/logo-dodge-xs.png\"><\/td><td>5<\/td><td>01:35.343<\/td><td>4.982<\/td><\/tr><tr><td>40\u00b0<\/td><td>9<\/td><td><a href=\"https:\/\/www.actc.org.ar\/tc\/pilotos\/2023\/mauricio-lambiris_6448.html\">LAMBIRIS, MAURICIO<\/a><\/td><td><img decoding=\"async\" alt=\"Ford\" src=\"https:\/\/www.actc.org.ar\/vistas\/v3\/images\/logos\/logo-ford-xs.png\"><\/td><td>5<\/td><td>01:36.212<\/td><td>5.851<\/td><\/tr><tr><td>41\u00b0<\/td><td>87<\/td><td><a href=\"https:\/\/www.actc.org.ar\/tc\/pilotos\/2023\/juan-martin-trucco_6457.html\">TRUCCO, JUAN MART\u00cdN<\/a><\/td><td><img decoding=\"async\" alt=\"Dodge\" src=\"https:\/\/www.actc.org.ar\/vistas\/v3\/images\/logos\/logo-dodge-xs.png\"><\/td><td>3<\/td><td>01:36.614<\/td><td>6.253<\/td><\/tr><tr><td>42\u00b0<\/td><td>95<\/td><td><a href=\"https:\/\/www.actc.org.ar\/tc\/pilotos\/2023\/marcos-landa_6455.html\">LANDA, MARCOS<\/a><\/td><td><img decoding=\"async\" alt=\"Torino\" src=\"https:\/\/www.actc.org.ar\/vistas\/v3\/images\/logos\/logo-torino-xs.png\"><\/td><td>5<\/td><td>01:36.881<\/td><td>6.520<\/td><\/tr><tr><td>43\u00b0<\/td><td>56<\/td><td><a href=\"https:\/\/www.actc.org.ar\/tc\/pilotos\/2023\/german-todino_6447.html\">TODINO, GERM\u00c1N<\/a><\/td><td><img decoding=\"async\" alt=\"Dodge\" src=\"https:\/\/www.actc.org.ar\/vistas\/v3\/images\/logos\/logo-dodge-xs.png\"><\/td><td>4<\/td><td>01:38.902<\/td><td>8.541<\/td><\/tr><tr><td>44\u00b0<\/td><td>1<\/td><td><a href=\"https:\/\/www.actc.org.ar\/tc\/pilotos\/2023\/jose-manuel-urcera_6440.html\">URCERA, JOS\u00c9 MANUEL<\/a><\/td><td><img decoding=\"async\" alt=\"Torino\" src=\"https:\/\/www.actc.org.ar\/vistas\/v3\/images\/logos\/logo-torino-xs.png\"><\/td><td>4<\/td><td>01:38.949<\/td><td>8.588<\/td><\/tr><tr><td>45\u00b0<\/td><td>117<\/td><td><a href=\"https:\/\/www.actc.org.ar\/tc\/pilotos\/2023\/matias-rossi_6451.html\">ROSSI, MAT\u00cdAS<\/a><\/td><td><img decoding=\"async\" alt=\"Y\" src=\"https:\/\/www.actc.org.ar\/vistas\/v3\/images\/logos\/logo-toyota-xs.png\"><\/td><td>2<\/td><td>01:39.501<\/td><td>9.140<\/td><\/tr><tr><td>46\u00b0<\/td><td>68<\/td><td><a href=\"https:\/\/www.actc.org.ar\/tc\/pilotos\/2023\/julian-santero_6452.html\">SANTERO, JULI\u00c1N<\/a><\/td><td><img decoding=\"async\" alt=\"Ford\" src=\"https:\/\/www.actc.org.ar\/vistas\/v3\/images\/logos\/logo-ford-xs.png\"><\/td><td>5<\/td><td>01:39.773<\/td><td>9.412<\/td><\/tr><tr><td>47\u00b0<\/td><td>6<\/td><td><a href=\"https:\/\/www.actc.org.ar\/tc\/pilotos\/2023\/leonel-pernia_6445.html\">PERN\u00cdA, LEONEL<\/a><\/td><td><img decoding=\"async\" alt=\"Chevrolet\" src=\"https:\/\/www.actc.org.ar\/vistas\/v3\/images\/logos\/logo-chevrolet-xs.png\"><\/td><td>4<\/td><td>01:40.065<\/td><td>9.704<\/td><\/tr><tr><td>48\u00b0<\/td><td>78<\/td><td><a href=\"https:\/\/www.actc.org.ar\/tc\/pilotos\/2023\/agustin-canapino_6442.html\">CANAPINO, AGUST\u00cdN<\/a><\/td><td><img decoding=\"async\" alt=\"Chevrolet\" src=\"https:\/\/www.actc.org.ar\/vistas\/v3\/images\/logos\/logo-chevrolet-xs.png\"><\/td><td>3<\/td><td>01:40.227<\/td><td>9.866<\/td><\/tr><tr><td>49\u00b0<\/td><td>53<\/td><td><a href=\"https:\/\/www.actc.org.ar\/tc\/pilotos\/2023\/juan-tomas-catalan-magni_6463.html\">CATAL\u00c1N MAGNI, JUAN TOM\u00c1S<\/a><\/td><td><img decoding=\"async\" alt=\"Ford\" src=\"https:\/\/www.actc.org.ar\/vistas\/v3\/images\/logos\/logo-ford-xs.png\"><\/td><td>4<\/td><td>01:41.172<\/td><td>10.811<\/td><\/tr><tr><td>50\u00b0<\/td><td>2<\/td><td><a href=\"https:\/\/www.actc.org.ar\/tc\/pilotos\/2023\/mariano-werner_6441.html\">WERNER, MARIANO<\/a><\/td><td><img decoding=\"async\" alt=\"Ford\" src=\"https:\/\/www.actc.org.ar\/vistas\/v3\/images\/logos\/logo-ford-xs.png\"><\/td><td>5<\/td><td>01:42.418<\/td><td>12.057<\/td><\/tr><tr><td>51\u00b0<\/td><td>7<\/td><td><a href=\"https:\/\/www.actc.org.ar\/tc\/pilotos\/2023\/jonatan-castellano_6446.html\">CASTELLANO, JONATAN<\/a><\/td><td><img decoding=\"async\" alt=\"Dodge\" src=\"https:\/\/www.actc.org.ar\/vistas\/v3\/images\/logos\/logo-dodge-xs.png\"><\/td><td>4<\/td><td>01:42.933<\/td><td>12.572<\/td><\/tr><tr><td>52\u00b0<\/td><td>4<\/td><td><a href=\"https:\/\/www.actc.org.ar\/tc\/pilotos\/2023\/esteban-gini_6443.html\">GINI, ESTEBAN<\/a><\/td><td><img decoding=\"async\" alt=\"Y\" src=\"https:\/\/www.actc.org.ar\/vistas\/v3\/images\/logos\/logo-toyota-xs.png\"><\/td><td>1<\/td><td>01:44.284<\/td><td>13.923<\/td><\/tr><tr><td>53\u00b0<\/td><td>96<\/td><td><a href=\"https:\/\/www.actc.org.ar\/tc\/pilotos\/2023\/juan-cruz-benvenuti_6450.html\">BENVENUTI, JUAN CRUZ<\/a><\/td><td><img decoding=\"async\" alt=\"Torino\" src=\"https:\/\/www.actc.org.ar\/vistas\/v3\/images\/logos\/logo-torino-xs.png\"><\/td><td>1<\/td><td>01:52.800<\/td><td>22.439<\/td><\/tr><tr><td>54\u00b0<\/td><td>5<\/td><td><a href=\"https:\/\/www.actc.org.ar\/tc\/pilotos\/2023\/santiago-mangoni_6444.html\">MANGONI, SANTIAGO<\/a><\/td><\/tr><\/tbody><\/table><\/figure>\n\n\n\n<p>En la segunda serie fue uno de los grandes protagonistas. Lleg\u00f3 6to, despu\u00e9s de un \u00abduelo\u00bb con el marplatense Chirstian Ledesma.<\/p>\n\n\n\n<p>Verificado por: Cronometraje&nbsp;<img decoding=\"async\" src=\"https:\/\/www.actc.org.ar\/admin\/vistas\/images\/on_aprobacion.png\">&nbsp;T\u00e9cnica&nbsp;<img decoding=\"async\" src=\"https:\/\/www.actc.org.ar\/admin\/vistas\/images\/on_aprobacion.png\">&nbsp;Deportiva&nbsp;<img decoding=\"async\" src=\"https:\/\/www.actc.org.ar\/admin\/vistas\/images\/on_aprobacion.png\"><\/p>\n\n\n\n<figure class=\"wp-block-table\"><table><thead><tr><th>Pos.<\/th><th>N\u00famero<\/th><th>Piloto<\/th><th>Marca<\/th><th>Vueltas<\/th><th>Tiempo<\/th><th>Diferencia<\/th><\/tr><\/thead><tbody><tr><td>1\u00b0<\/td><td>172<\/td><td><a href=\"https:\/\/www.actc.org.ar\/tc\/pilotos\/2023\/santiago-alvarez_6586.html\">\u00c1LVAREZ, SANTIAGO<\/a><\/td><td><img decoding=\"async\" alt=\"Dodge\" src=\"https:\/\/www.actc.org.ar\/vistas\/v3\/images\/logos\/logo-dodge-xs.png\"><\/td><td>5<\/td><td>07:39.016<\/td><td><\/td><\/tr><tr><td>2\u00b0<\/td><td>121<\/td><td><a href=\"https:\/\/www.actc.org.ar\/tc\/pilotos\/2023\/elio-craparo_6587.html\">CRAPARO, ELIO<\/a><\/td><td><img decoding=\"async\" alt=\"Dodge\" src=\"https:\/\/www.actc.org.ar\/vistas\/v3\/images\/logos\/logo-dodge-xs.png\"><\/td><td>5<\/td><td>07:39.403<\/td><td>0.387<\/td><\/tr><tr><td>3\u00b0<\/td><td>177<\/td><td><a href=\"https:\/\/www.actc.org.ar\/tc\/pilotos\/2023\/ayrton-londero_6475.html\">LONDERO, AYRTON<\/a><\/td><td><img decoding=\"async\" alt=\"Torino\" src=\"https:\/\/www.actc.org.ar\/vistas\/v3\/images\/logos\/logo-torino-xs.png\"><\/td><td>5<\/td><td>07:40.211<\/td><td>1.195<\/td><\/tr><tr><td>4\u00b0<\/td><td>208<\/td><td><a href=\"https:\/\/www.actc.org.ar\/tc\/pilotos\/2023\/gaston-ferrante_6472.html\">FERRANTE, GAST\u00d3N<\/a><\/td><td><img decoding=\"async\" alt=\"Dodge\" src=\"https:\/\/www.actc.org.ar\/vistas\/v3\/images\/logos\/logo-dodge-xs.png\"><\/td><td>5<\/td><td>07:40.886<\/td><td>1.870<\/td><\/tr><tr><td>5\u00b0<\/td><td>21<\/td><td><a href=\"https:\/\/www.actc.org.ar\/tc\/pilotos\/2023\/christian-ledesma_6460.html\">LEDESMA, CHRISTIAN<\/a><\/td><td><img decoding=\"async\" alt=\"Chevrolet\" src=\"https:\/\/www.actc.org.ar\/vistas\/v3\/images\/logos\/logo-chevrolet-xs.png\"><\/td><td>5<\/td><td>07:42.312<\/td><td>3.296<\/td><\/tr><tr><td>6\u00b0<\/td><td>75<\/td><td><a href=\"https:\/\/www.actc.org.ar\/tc\/pilotos\/2023\/sergio-alaux_6471.html\"><mark style=\"background-color:rgba(0, 0, 0, 0)\" class=\"has-inline-color has-black-color\"><strong>ALAUX, SERGIO<\/strong><\/mark><\/a><\/td><td><img decoding=\"async\" alt=\"Chevrolet\" src=\"https:\/\/www.actc.org.ar\/vistas\/v3\/images\/logos\/logo-chevrolet-xs.png\"><\/td><td>5<\/td><td>07:44.912<\/td><td>5.896<\/td><\/tr><tr><td>7\u00b0<\/td><td>83<\/td><td><a href=\"https:\/\/www.actc.org.ar\/tc\/pilotos\/2023\/facundo-ardusso_6449.html\">ARDUSSO, FACUNDO<\/a><\/td><td><img decoding=\"async\" alt=\"Chevrolet\" src=\"https:\/\/www.actc.org.ar\/vistas\/v3\/images\/logos\/logo-chevrolet-xs.png\"><\/td><td>5<\/td><td>07:45.574<\/td><td>6.558<\/td><\/tr><tr><td>8\u00b0<\/td><td>116<\/td><td><a href=\"https:\/\/www.actc.org.ar\/tc\/pilotos\/2023\/alan-ruggiero_6480.html\">RUGGIERO, ALAN<\/a><\/td><td><img decoding=\"async\" alt=\"Ford\" src=\"https:\/\/www.actc.org.ar\/vistas\/v3\/images\/logos\/logo-ford-xs.png\"><\/td><td>5<\/td><td>07:48.200<\/td><td>9.184<\/td><\/tr><tr><td>9\u00b0<\/td><td>30<\/td><td><a href=\"https:\/\/www.actc.org.ar\/tc\/pilotos\/2023\/gabriel-ponce-de-leon_6469.html\">PONCE DE LE\u00d3N, GABRIEL<\/a><\/td><td><img decoding=\"async\" alt=\"Ford\" src=\"https:\/\/www.actc.org.ar\/vistas\/v3\/images\/logos\/logo-ford-xs.png\"><\/td><td>5<\/td><td>07:50.004<\/td><td>10.988<\/td><\/tr><tr><td>10\u00b0<\/td><td>6<\/td><td><a href=\"https:\/\/www.actc.org.ar\/tc\/pilotos\/2023\/leonel-pernia_6445.html\">PERN\u00cdA, LEONEL<\/a><\/td><td><img decoding=\"async\" alt=\"Chevrolet\" src=\"https:\/\/www.actc.org.ar\/vistas\/v3\/images\/logos\/logo-chevrolet-xs.png\"><\/td><td>5<\/td><td>07:50.600<\/td><td>11.584<\/td><\/tr><tr><td>11\u00b0<\/td><td>87<\/td><td><a href=\"https:\/\/www.actc.org.ar\/tc\/pilotos\/2023\/juan-martin-trucco_6457.html\">TRUCCO, JUAN MART\u00cdN<\/a><\/td><td><img decoding=\"async\" alt=\"Dodge\" src=\"https:\/\/www.actc.org.ar\/vistas\/v3\/images\/logos\/logo-dodge-xs.png\"><\/td><td>5<\/td><td>07:51.590<\/td><td>12.574<\/td><\/tr><tr><td>12\u00b0<\/td><td>20<\/td><td><a href=\"https:\/\/www.actc.org.ar\/tc\/pilotos\/2023\/juan-jose-ebarlin_6459.html\">EBARL\u00cdN, JUAN JOS\u00c9<\/a><\/td><td><img decoding=\"async\" alt=\"Chevrolet\" src=\"https:\/\/www.actc.org.ar\/vistas\/v3\/images\/logos\/logo-chevrolet-xs.png\"><\/td><td>5<\/td><td>07:52.621<\/td><td>13.605<\/td><\/tr><tr><td>13\u00b0<\/td><td>2<\/td><td><a href=\"https:\/\/www.actc.org.ar\/tc\/pilotos\/2023\/mariano-werner_6441.html\">WERNER, MARIANO<\/a><\/td><td><img decoding=\"async\" alt=\"Ford\" src=\"https:\/\/www.actc.org.ar\/vistas\/v3\/images\/logos\/logo-ford-xs.png\"><\/td><td>5<\/td><td>07:52.751<\/td><td>13.735<\/td><\/tr><tr><td>14\u00b0<\/td><td>215<\/td><td><a href=\"https:\/\/www.actc.org.ar\/tc\/pilotos\/2023\/gaston-crusitta_7082.html\">CRUSITTA, GAST\u00d3N<\/a><\/td><td><img decoding=\"async\" alt=\"Dodge\" src=\"https:\/\/www.actc.org.ar\/vistas\/v3\/images\/logos\/logo-dodge-xs.png\"><\/td><td>5<\/td><td>07:56.796<\/td><td>17.780<\/td><\/tr><tr><td>15\u00b0<\/td><td>115<\/td><td><a href=\"https:\/\/www.actc.org.ar\/tc\/pilotos\/2023\/diego-de-carlo_6483.html\">DE CARLO, DIEGO<\/a><\/td><td><img decoding=\"async\" alt=\"Chevrolet\" src=\"https:\/\/www.actc.org.ar\/vistas\/v3\/images\/logos\/logo-chevrolet-xs.png\"><\/td><td>5<\/td><td>07:58.586<\/td><td>19.570<\/td><\/tr><tr><td>16\u00b0<\/td><td>96<\/td><td><a href=\"https:\/\/www.actc.org.ar\/tc\/pilotos\/2023\/juan-cruz-benvenuti_6450.html\">BENVENUTI, JUAN CRUZ<\/a><\/td><td><img decoding=\"async\" alt=\"Torino\" src=\"https:\/\/www.actc.org.ar\/vistas\/v3\/images\/logos\/logo-torino-xs.png\"><\/td><td>5<\/td><td>07:58.824<\/td><td>19.808<\/td><\/tr><tr><td>17\u00b0<\/td><td>1<\/td><td><a href=\"https:\/\/www.actc.org.ar\/tc\/pilotos\/2023\/jose-manuel-urcera_6440.html\">URCERA, JOS\u00c9 MANUEL<\/a><\/td><td><img decoding=\"async\" alt=\"Torino\" src=\"https:\/\/www.actc.org.ar\/vistas\/v3\/images\/logos\/logo-torino-xs.png\"><\/td><td>5<\/td><td>07:58.953<\/td><td>19.937<\/td><\/tr><\/tbody><\/table><\/figure>\n\n\n\n<p>Verificado por: Cronometraje&nbsp;<img decoding=\"async\" src=\"https:\/\/www.actc.org.ar\/admin\/vistas\/images\/on_aprobacion.png\">&nbsp;T\u00e9cnica&nbsp;<img decoding=\"async\" src=\"https:\/\/www.actc.org.ar\/admin\/vistas\/images\/off_aprobacion.png\">&nbsp;Deportiva&nbsp;<img decoding=\"async\" src=\"https:\/\/www.actc.org.ar\/admin\/vistas\/images\/on_aprobacion.png\"><\/p>\n\n\n\n<figure class=\"wp-block-table\"><table><thead><tr><th>Pos.<\/th><th>N\u00famero<\/th><th>Piloto<\/th><th>Marca<\/th><th>Vueltas<\/th><th>Tiempo<\/th><th>Diferencia<\/th><\/tr><\/thead><tbody><tr><td>1\u00b0<\/td><td>133<\/td><td><a href=\"https:\/\/www.actc.org.ar\/tc\/pilotos\/2023\/valentin-aguirre_6465.html\">AGUIRRE, VALENT\u00cdN<\/a><\/td><td><img decoding=\"async\" alt=\"Dodge\" src=\"https:\/\/www.actc.org.ar\/vistas\/v3\/images\/logos\/logo-dodge-xs.png\"><\/td><td>25<\/td><td>48:50.071<\/td><td><\/td><\/tr><tr><td>2\u00b0<\/td><td>172<\/td><td><a href=\"https:\/\/www.actc.org.ar\/tc\/pilotos\/2023\/santiago-alvarez_6586.html\">\u00c1LVAREZ, SANTIAGO<\/a><\/td><td><img decoding=\"async\" alt=\"Dodge\" src=\"https:\/\/www.actc.org.ar\/vistas\/v3\/images\/logos\/logo-dodge-xs.png\"><\/td><td>25<\/td><td>48:50.512<\/td><td>0.441<\/td><\/tr><tr><td>3\u00b0<\/td><td>9<\/td><td><a href=\"https:\/\/www.actc.org.ar\/tc\/pilotos\/2023\/mauricio-lambiris_6448.html\">LAMBIRIS, MAURICIO<\/a><\/td><td><img decoding=\"async\" alt=\"Ford\" src=\"https:\/\/www.actc.org.ar\/vistas\/v3\/images\/logos\/logo-ford-xs.png\"><\/td><td>25<\/td><td>48:54.692<\/td><td>4.621<\/td><\/tr><tr><td>4\u00b0<\/td><td>177<\/td><td><a href=\"https:\/\/www.actc.org.ar\/tc\/pilotos\/2023\/ayrton-londero_6475.html\">LONDERO, AYRTON<\/a><\/td><td><img decoding=\"async\" alt=\"Torino\" src=\"https:\/\/www.actc.org.ar\/vistas\/v3\/images\/logos\/logo-torino-xs.png\"><\/td><td>25<\/td><td>48:55.219<\/td><td>5.148<\/td><\/tr><tr><td>5\u00b0<\/td><td>101<\/td><td><a href=\"https:\/\/www.actc.org.ar\/tc\/pilotos\/2023\/lionel-ugalde_6479.html\">UGALDE, LIONEL<\/a><\/td><td><img decoding=\"async\" alt=\"Torino\" src=\"https:\/\/www.actc.org.ar\/vistas\/v3\/images\/logos\/logo-torino-xs.png\"><\/td><td>25<\/td><td>48:55.717<\/td><td>5.646<\/td><\/tr><tr><td>6\u00b0<\/td><td>7<\/td><td><a href=\"https:\/\/www.actc.org.ar\/tc\/pilotos\/2023\/jonatan-castellano_6446.html\">CASTELLANO, JONATAN<\/a><\/td><td><img decoding=\"async\" alt=\"Dodge\" src=\"https:\/\/www.actc.org.ar\/vistas\/v3\/images\/logos\/logo-dodge-xs.png\"><\/td><td>25<\/td><td>48:56.425<\/td><td>6.354<\/td><\/tr><tr><td>7\u00b0<\/td><td>75<\/td><td><a href=\"https:\/\/www.actc.org.ar\/tc\/pilotos\/2023\/sergio-alaux_6471.html\"><strong><mark style=\"background-color:rgba(0, 0, 0, 0)\" class=\"has-inline-color has-black-color\">ALAUX, SERGIO<\/mark><\/strong><\/a><\/td><td><img decoding=\"async\" alt=\"Chevrolet\" src=\"https:\/\/www.actc.org.ar\/vistas\/v3\/images\/logos\/logo-chevrolet-xs.png\"><\/td><td>25<\/td><td>48:56.743<\/td><td>6.672<\/td><\/tr><tr><td>8\u00b0<\/td><td>68<\/td><td><a href=\"https:\/\/www.actc.org.ar\/tc\/pilotos\/2023\/julian-santero_6452.html\">SANTERO, JULI\u00c1N<\/a><\/td><td><img decoding=\"async\" alt=\"Ford\" src=\"https:\/\/www.actc.org.ar\/vistas\/v3\/images\/logos\/logo-ford-xs.png\"><\/td><td>25<\/td><td>48:57.626<\/td><td>7.555<\/td><\/tr><tr><td>9\u00b0<\/td><td>14<\/td><td><a href=\"https:\/\/www.actc.org.ar\/tc\/pilotos\/2023\/juan-b-de-benedictis-_6453.html\">DE BENEDICTIS , JUAN B.<\/a><\/td><td><img decoding=\"async\" alt=\"Ford\" src=\"https:\/\/www.actc.org.ar\/vistas\/v3\/images\/logos\/logo-ford-xs.png\"><\/td><td>25<\/td><td>49:00.066<\/td><td>9.995<\/td><\/tr><tr><td>10\u00b0<\/td><td>2<\/td><td><a href=\"https:\/\/www.actc.org.ar\/tc\/pilotos\/2023\/mariano-werner_6441.html\">WERNER, MARIANO<\/a><\/td><td><img decoding=\"async\" alt=\"Ford\" src=\"https:\/\/www.actc.org.ar\/vistas\/v3\/images\/logos\/logo-ford-xs.png\"><\/td><td>25<\/td><td>49:00.460<\/td><td>10.389<\/td><\/tr><tr><td>11\u00b0<\/td><td>77<\/td><td><a href=\"https:\/\/www.actc.org.ar\/tc\/pilotos\/2023\/augusto-carinelli_6477.html\">CARINELLI, AUGUSTO<\/a><\/td><td><img decoding=\"async\" alt=\"Dodge\" src=\"https:\/\/www.actc.org.ar\/vistas\/v3\/images\/logos\/logo-dodge-xs.png\"><\/td><td>25<\/td><td>49:01.354<\/td><td>11.283<\/td><\/tr><tr><td>12\u00b0<\/td><td>78<\/td><td><a href=\"https:\/\/www.actc.org.ar\/tc\/pilotos\/2023\/agustin-canapino_6442.html\">CANAPINO, AGUST\u00cdN<\/a><\/td><td><img decoding=\"async\" alt=\"Chevrolet\" src=\"https:\/\/www.actc.org.ar\/vistas\/v3\/images\/logos\/logo-chevrolet-xs.png\"><\/td><td>25<\/td><td>49:01.961<\/td><td>11.890<\/td><\/tr><tr><td>13\u00b0<\/td><td>6<\/td><td><a href=\"https:\/\/www.actc.org.ar\/tc\/pilotos\/2023\/leonel-pernia_6445.html\">PERN\u00cdA, LEONEL<\/a><\/td><td><img decoding=\"async\" alt=\"Chevrolet\" src=\"https:\/\/www.actc.org.ar\/vistas\/v3\/images\/logos\/logo-chevrolet-xs.png\"><\/td><td>25<\/td><td>49:03.206<\/td><td>13.135<\/td><\/tr><tr><td>14\u00b0<\/td><td>96<\/td><td><a href=\"https:\/\/www.actc.org.ar\/tc\/pilotos\/2023\/juan-cruz-benvenuti_6450.html\">BENVENUTI, JUAN CRUZ<\/a><\/td><td><img decoding=\"async\" alt=\"Torino\" src=\"https:\/\/www.actc.org.ar\/vistas\/v3\/images\/logos\/logo-torino-xs.png\"><\/td><td>25<\/td><td>49:03.902<\/td><td>13.831<\/td><\/tr><tr><td>15\u00b0<\/td><td>87<\/td><td><a href=\"https:\/\/www.actc.org.ar\/tc\/pilotos\/2023\/juan-martin-trucco_6457.html\">TRUCCO, JUAN MART\u00cdN<\/a><\/td><td><img decoding=\"async\" alt=\"Dodge\" src=\"https:\/\/www.actc.org.ar\/vistas\/v3\/images\/logos\/logo-dodge-xs.png\"><\/td><td>25<\/td><td>49:04.754<\/td><td>14.683<\/td><\/tr><tr><td>16\u00b0<\/td><td>88<\/td><td><a href=\"https:\/\/www.actc.org.ar\/tc\/pilotos\/2023\/nicolas-trosset_6458.html\">TROSSET, NICOL\u00c1S<\/a><\/td><td><img decoding=\"async\" alt=\"Ford\" src=\"https:\/\/www.actc.org.ar\/vistas\/v3\/images\/logos\/logo-ford-xs.png\"><\/td><td>25<\/td><td>49:05.165<\/td><td>15.094<\/td><\/tr><tr><td>17\u00b0<\/td><td>54<\/td><td><a href=\"https:\/\/www.actc.org.ar\/tc\/pilotos\/2023\/nicolas-cotignola_6481.html\">COTIGNOLA, NICOL\u00c1S<\/a><\/td><td><img decoding=\"async\" alt=\"Torino\" src=\"https:\/\/www.actc.org.ar\/vistas\/v3\/images\/logos\/logo-torino-xs.png\"><\/td><td>25<\/td><td>49:05.794<\/td><td>15.723<\/td><\/tr><tr><td>18\u00b0<\/td><td>116<\/td><td><a href=\"https:\/\/www.actc.org.ar\/tc\/pilotos\/2023\/alan-ruggiero_6480.html\">RUGGIERO, ALAN<\/a><\/td><td><img decoding=\"async\" alt=\"Ford\" src=\"https:\/\/www.actc.org.ar\/vistas\/v3\/images\/logos\/logo-ford-xs.png\"><\/td><td>25<\/td><td>49:06.186<\/td><td>16.115<\/td><\/tr><tr><td>19\u00b0<\/td><td>17<\/td><td><a href=\"https:\/\/www.actc.org.ar\/tc\/pilotos\/2023\/nicolas-bonelli_6456.html\">BONELLI, NICOL\u00c1S<\/a><\/td><td><img decoding=\"async\" alt=\"Ford\" src=\"https:\/\/www.actc.org.ar\/vistas\/v3\/images\/logos\/logo-ford-xs.png\"><\/td><td>25<\/td><td>49:08.429<\/td><td>18.358<\/td><\/tr><tr><td>20\u00b0<\/td><td>1<\/td><td><a href=\"https:\/\/www.actc.org.ar\/tc\/pilotos\/2023\/jose-manuel-urcera_6440.html\">URCERA, JOS\u00c9 MANUEL<\/a><\/td><td><img decoding=\"async\" alt=\"Torino\" src=\"https:\/\/www.actc.org.ar\/vistas\/v3\/images\/logos\/logo-torino-xs.png\"><\/td><td>25<\/td><td>49:09.122<\/td><td>19.051<\/td><\/tr><tr><td>21\u00b0<\/td><td>55<\/td><td><a href=\"https:\/\/www.actc.org.ar\/tc\/pilotos\/2023\/leandro-mulet_6482.html\">MULET, LEANDRO<\/a><\/td><td><img decoding=\"async\" alt=\"Dodge\" src=\"https:\/\/www.actc.org.ar\/vistas\/v3\/images\/logos\/logo-dodge-xs.png\"><\/td><td>25<\/td><td>49:09.338<\/td><td>19.267<\/td><\/tr><tr><td>22\u00b0<\/td><td>53<\/td><td><a href=\"https:\/\/www.actc.org.ar\/tc\/pilotos\/2023\/juan-tomas-catalan-magni_6463.html\">CATAL\u00c1N MAGNI, JUAN TOM\u00c1S<\/a><\/td><td><img decoding=\"async\" alt=\"Ford\" src=\"https:\/\/www.actc.org.ar\/vistas\/v3\/images\/logos\/logo-ford-xs.png\"><\/td><td>25<\/td><td>49:09.698<\/td><td>19.627<\/td><\/tr><tr><td>23\u00b0<\/td><td>111<\/td><td><a href=\"https:\/\/www.actc.org.ar\/tc\/pilotos\/2023\/juan-garbelino_6591.html\">GARBELINO, JUAN<\/a><\/td><td><img decoding=\"async\" alt=\"Dodge\" src=\"https:\/\/www.actc.org.ar\/vistas\/v3\/images\/logos\/logo-dodge-xs.png\"><\/td><td>25<\/td><td>49:13.962<\/td><td>23.891<\/td><\/tr><tr><td>24\u00b0<\/td><td>82<\/td><td><a href=\"https:\/\/www.actc.org.ar\/tc\/pilotos\/2023\/carlos-okulovich_6592.html\">OKULOVICH, CARLOS<\/a><\/td><td><img decoding=\"async\" alt=\"Torino\" src=\"https:\/\/www.actc.org.ar\/vistas\/v3\/images\/logos\/logo-torino-xs.png\"><\/td><td>25<\/td><td>49:13.963<\/td><td>23.892<\/td><\/tr><tr><td>25\u00b0<\/td><td>27<\/td><td><a href=\"https:\/\/www.actc.org.ar\/tc\/pilotos\/2023\/gaston-mazzacane_6466.html\">MAZZACANE, GAST\u00d3N<\/a><\/td><td><img decoding=\"async\" alt=\"Chevrolet\" src=\"https:\/\/www.actc.org.ar\/vistas\/v3\/images\/logos\/logo-chevrolet-xs.png\"><\/td><td>25<\/td><td>49:14.758<\/td><td>24.687<\/td><\/tr><tr><td>26\u00b0<\/td><td>208<\/td><td><a href=\"https:\/\/www.actc.org.ar\/tc\/pilotos\/2023\/gaston-ferrante_6472.html\">FERRANTE, GAST\u00d3N<\/a><\/td><td><img decoding=\"async\" alt=\"Dodge\" src=\"https:\/\/www.actc.org.ar\/vistas\/v3\/images\/logos\/logo-dodge-xs.png\"><\/td><td>25<\/td><td>49:15.211<\/td><td>25.140<\/td><\/tr><tr><td>27\u00b0<\/td><td>44<\/td><td><a href=\"https:\/\/www.actc.org.ar\/tc\/pilotos\/2023\/facundo-della-motta_6467.html\">DELLA MOTTA, FACUNDO<\/a><\/td><td><img decoding=\"async\" alt=\"Ford\" src=\"https:\/\/www.actc.org.ar\/vistas\/v3\/images\/logos\/logo-ford-xs.png\"><\/td><td>25<\/td><td>49:29.407<\/td><td>39.336<\/td><\/tr><tr><td>28\u00b0<\/td><td>72<\/td><td><a href=\"https:\/\/www.actc.org.ar\/tc\/pilotos\/2023\/martin-serrano_6478.html\">SERRANO, MART\u00cdN<\/a><\/td><td><img decoding=\"async\" alt=\"Chevrolet\" src=\"https:\/\/www.actc.org.ar\/vistas\/v3\/images\/logos\/logo-chevrolet-xs.png\"><\/td><td>25<\/td><td>50:11.475<\/td><td>1:21.404<\/td><\/tr><tr><td>29\u00b0<\/td><td>117<\/td><td><a href=\"https:\/\/www.actc.org.ar\/tc\/pilotos\/2023\/matias-rossi_6451.html\">ROSSI, MAT\u00cdAS<\/a><\/td><td><img decoding=\"async\" alt=\"Y\" src=\"https:\/\/www.actc.org.ar\/vistas\/v3\/images\/logos\/logo-toyota-xs.png\"><\/td><td>25<\/td><td>50:35.668<\/td><td>1:45.597<\/td><\/tr><tr><td>30\u00b0<\/td><td>197<\/td><td><a href=\"https:\/\/www.actc.org.ar\/tc\/pilotos\/2023\/marcos-quijada_6589.html\">QUIJADA, MARCOS<\/a><\/td><td><img decoding=\"async\" alt=\"Dodge\" src=\"https:\/\/www.actc.org.ar\/vistas\/v3\/images\/logos\/logo-dodge-xs.png\"><\/td><td>24<\/td><td>47:36.221<\/td><td>1 VTA<\/td><\/tr><tr><td>31\u00b0<\/td><td>95<\/td><td><a href=\"https:\/\/www.actc.org.ar\/tc\/pilotos\/2023\/marcos-landa_6455.html\">LANDA, MARCOS<\/a><\/td><td><img decoding=\"async\" alt=\"Torino\" src=\"https:\/\/www.actc.org.ar\/vistas\/v3\/images\/logos\/logo-torino-xs.png\"><\/td><td>23<\/td><td>45:54.323<\/td><td>2 VTAS<\/td><\/tr><tr><td>32\u00b0<\/td><td>121<\/td><td><a href=\"https:\/\/www.actc.org.ar\/tc\/pilotos\/2023\/elio-craparo_6587.html\">CRAPARO, ELIO<\/a><\/td><td><img decoding=\"async\" alt=\"Dodge\" src=\"https:\/\/www.actc.org.ar\/vistas\/v3\/images\/logos\/logo-dodge-xs.png\"><\/td><td>23<\/td><td>49:24.587<\/td><td>2 VTAS<\/td><\/tr><tr><td>33\u00b0<\/td><td>127<\/td><td><a href=\"https:\/\/www.actc.org.ar\/tc\/pilotos\/2023\/marcelo-agrelo_6462.html\">AGRELO, MARCELO<\/a><\/td><td><img decoding=\"async\" alt=\"Dodge\" src=\"https:\/\/www.actc.org.ar\/vistas\/v3\/images\/logos\/logo-dodge-xs.png\"><\/td><td>20<\/td><td>38:54.338<\/td><td>5 VTAS<\/td><\/tr><tr><td>34\u00b0<\/td><td>119<\/td><td><a href=\"https:\/\/www.actc.org.ar\/tc\/pilotos\/2023\/humberto-krujoski_6604.html\">KRUJOSKI, HUMBERTO<\/a><\/td><td><img decoding=\"async\" alt=\"Dodge\" src=\"https:\/\/www.actc.org.ar\/vistas\/v3\/images\/logos\/logo-dodge-xs.png\"><\/td><td>16<\/td><td>26:56.843<\/td><td>9 VTAS<\/td><\/tr><tr><td>35\u00b0<\/td><td>155<\/td><td><a href=\"https:\/\/www.actc.org.ar\/tc\/pilotos\/2023\/federico-iribarne_6804.html\">IRIBARNE, FEDERICO<\/a><\/td><td><img decoding=\"async\" alt=\"Chevrolet\" src=\"https:\/\/www.actc.org.ar\/vistas\/v3\/images\/logos\/logo-chevrolet-xs.png\"><\/td><td>15<\/td><td>25:46.580<\/td><td>10 VTAS<\/td><\/tr><tr><td>36\u00b0<\/td><td>115<\/td><td><a href=\"https:\/\/www.actc.org.ar\/tc\/pilotos\/2023\/diego-de-carlo_6483.html\">DE CARLO, DIEGO<\/a><\/td><td><img decoding=\"async\" alt=\"Chevrolet\" src=\"https:\/\/www.actc.org.ar\/vistas\/v3\/images\/logos\/logo-chevrolet-xs.png\"><\/td><td>15<\/td><td>25:55.719<\/td><td>10 VTAS<\/td><\/tr><tr><td>37\u00b0<\/td><td>85<\/td><td><a href=\"https:\/\/www.actc.org.ar\/tc\/pilotos\/2023\/ricardo-risatti_6603.html\">RISATTI, RICARDO<\/a><\/td><td><img decoding=\"async\" alt=\"Chevrolet\" src=\"https:\/\/www.actc.org.ar\/vistas\/v3\/images\/logos\/logo-chevrolet-xs.png\"><\/td><td>14<\/td><td>24:38.254<\/td><td>11 VTAS<\/td><\/tr><tr><td>38\u00b0<\/td><td>161<\/td><td><a href=\"https:\/\/www.actc.org.ar\/tc\/pilotos\/2023\/kevin-candela_6476.html\">CANDELA, KEVIN<\/a><\/td><td><img decoding=\"async\" alt=\"Torino\" src=\"https:\/\/www.actc.org.ar\/vistas\/v3\/images\/logos\/logo-torino-xs.png\"><\/td><td>11<\/td><td>19:38.408<\/td><td>14 VTAS<\/td><\/tr><tr><td>39\u00b0<\/td><td>32<\/td><td><a href=\"https:\/\/www.actc.org.ar\/tc\/pilotos\/2023\/norberto-fontana_6470.html\">FONTANA, NORBERTO<\/a><\/td><td><img decoding=\"async\" alt=\"Torino\" src=\"https:\/\/www.actc.org.ar\/vistas\/v3\/images\/logos\/logo-torino-xs.png\"><\/td><td>9<\/td><td>17:12.344<\/td><td>16 VTAS<\/td><\/tr><tr><td>40\u00b0<\/td><td>20<\/td><td><a href=\"https:\/\/www.actc.org.ar\/tc\/pilotos\/2023\/juan-jose-ebarlin_6459.html\">EBARL\u00cdN, JUAN JOS\u00c9<\/a><\/td><td><img decoding=\"async\" alt=\"Chevrolet\" src=\"https:\/\/www.actc.org.ar\/vistas\/v3\/images\/logos\/logo-chevrolet-xs.png\"><\/td><td>8<\/td><td>14:57.683<\/td><td>17 VTAS<\/td><\/tr><tr><td>41\u00b0<\/td><td>215<\/td><td><a href=\"https:\/\/www.actc.org.ar\/tc\/pilotos\/2023\/gaston-crusitta_7082.html\">CRUSITTA, GAST\u00d3N<\/a><\/td><td><img decoding=\"async\" alt=\"Dodge\" src=\"https:\/\/www.actc.org.ar\/vistas\/v3\/images\/logos\/logo-dodge-xs.png\"><\/td><td>8<\/td><td>15:21.399<\/td><td>17 VTAS<\/td><\/tr><tr><td>42\u00b0<\/td><td>56<\/td><td><a href=\"https:\/\/www.actc.org.ar\/tc\/pilotos\/2023\/german-todino_6447.html\">TODINO, GERM\u00c1N<\/a><\/td><td><img decoding=\"async\" alt=\"Dodge\" src=\"https:\/\/www.actc.org.ar\/vistas\/v3\/images\/logos\/logo-dodge-xs.png\"><\/td><td>8<\/td><td>15:32.809<\/td><td>17 VTAS<\/td><\/tr><tr><td>43\u00b0<\/td><td>123<\/td><td><a href=\"https:\/\/www.actc.org.ar\/tc\/pilotos\/2023\/martin-vazquez_6588.html\">V\u00c1ZQUEZ, MART\u00cdN<\/a><\/td><td><img decoding=\"async\" alt=\"Dodge\" src=\"https:\/\/www.actc.org.ar\/vistas\/v3\/images\/logos\/logo-dodge-xs.png\"><\/td><td>8<\/td><td>15:59.091<\/td><td>17 VTAS<\/td><\/tr><tr><td>44\u00b0<\/td><td>5<\/td><td><a href=\"https:\/\/www.actc.org.ar\/tc\/pilotos\/2023\/santiago-mangoni_6444.html\">MANGONI, SANTIAGO<\/a><\/td><td><img decoding=\"async\" alt=\"Chevrolet\" src=\"https:\/\/www.actc.org.ar\/vistas\/v3\/images\/logos\/logo-chevrolet-xs.png\"><\/td><td>6<\/td><td>24:50.423<\/td><td>19 VTAS<\/td><\/tr><tr><td>45\u00b0<\/td><td>99<\/td><td><a href=\"https:\/\/www.actc.org.ar\/tc\/pilotos\/2023\/leonel-sotro_6596.html\">SOTRO, LEONEL<\/a><\/td><td><img decoding=\"async\" alt=\"Ford\" src=\"https:\/\/www.actc.org.ar\/vistas\/v3\/images\/logos\/logo-ford-xs.png\"><\/td><td>5<\/td><td>09:59.293<\/td><td>20 VTAS<\/td><\/tr><tr><td>46\u00b0<\/td><td>25<\/td><td><a href=\"https:\/\/www.actc.org.ar\/tc\/pilotos\/2023\/diego-ciantini_6464.html\">CIANTINI, DIEGO<\/a><\/td><td><img decoding=\"async\" alt=\"Chevrolet\" src=\"https:\/\/www.actc.org.ar\/vistas\/v3\/images\/logos\/logo-chevrolet-xs.png\"><\/td><td>5<\/td><td>10:10.185<\/td><td>20 VTAS<\/td><\/tr><tr><td>47\u00b0<\/td><td>83<\/td><td><a href=\"https:\/\/www.actc.org.ar\/tc\/pilotos\/2023\/facundo-ardusso_6449.html\">ARDUSSO, FACUNDO<\/a><\/td><td><img decoding=\"async\" alt=\"Chevrolet\" src=\"https:\/\/www.actc.org.ar\/vistas\/v3\/images\/logos\/logo-chevrolet-xs.png\"><\/td><td>2<\/td><td>05:17.113<\/td><td>23 VTAS<\/td><\/tr><tr><td>48\u00b0<\/td><td>30<\/td><td><a href=\"https:\/\/www.actc.org.ar\/tc\/pilotos\/2023\/gabriel-ponce-de-leon_6469.html\">PONCE DE LE\u00d3N, GABRIEL<\/a><\/td><td><img decoding=\"async\" alt=\"Ford\" src=\"https:\/\/www.actc.org.ar\/vistas\/v3\/images\/logos\/logo-ford-xs.png\"><\/td><td>2<\/td><td>05:19.516<\/td><td>23 VTAS<\/td><\/tr><tr><td>49\u00b0<\/td><td>21<\/td><td><a href=\"https:\/\/www.actc.org.ar\/tc\/pilotos\/2023\/christian-ledesma_6460.html\">LEDESMA, CHRISTIAN<\/a><\/td><td><img decoding=\"async\" alt=\"Chevrolet\" src=\"https:\/\/www.actc.org.ar\/vistas\/v3\/images\/logos\/logo-chevrolet-xs.png\"><\/td><td>0<\/td><td><\/td><td>25 VTAS<\/td><\/tr><\/tbody><\/table><\/figure>\n","protected":false},"excerpt":{"rendered":"<p>El piloto de Pig\u00fce-Trenque Lauquen desde las pruebas de clasificaci\u00f3n demostr\u00f3 que estos circuitos veloces le vienen como anillo al dedo y que su trayectoria en la categor\u00eda no se la ha ganado por imperio de antojos, sino demostrando lo que es capaz de hacer<\/p>\n","protected":false},"author":2,"featured_media":110299,"comment_status":"closed","ping_status":"open","sticky":false,"template":"","format":"standard","meta":{"footnotes":""},"categories":[1334],"tags":[608],"class_list":["post-110296","post","type-post","status-publish","format-standard","has-post-thumbnail","hentry","category-inferior14","tag-turismo-carretera"],"yoast_head":"<!-- This site is optimized with the Yoast SEO plugin v23.4 - https:\/\/yoast.com\/wordpress\/plugins\/seo\/ -->\n<title>Sergio Alaux, casi ignorado por la transmisi\u00f3n oficial, &quot;carrer\u00f3n&quot; en Buenos Aires - Infoecos<\/title>\n<meta name=\"robots\" content=\"index, follow, max-snippet:-1, max-image-preview:large, max-video-preview:-1\" \/>\n<link rel=\"canonical\" href=\"https:\/\/infoecos.com.ar\/index.php\/sergio-alaux-casi-ignorado-por-la-transmision-oficial-carreron-en-buenos-aires\/\" \/>\n<meta property=\"og:locale\" content=\"es_ES\" \/>\n<meta property=\"og:type\" content=\"article\" \/>\n<meta property=\"og:title\" content=\"Sergio Alaux, casi ignorado por la transmisi\u00f3n oficial, &quot;carrer\u00f3n&quot; en Buenos Aires - Infoecos\" \/>\n<meta property=\"og:description\" content=\"El piloto de Pig\u00fce-Trenque Lauquen desde las pruebas de clasificaci\u00f3n demostr\u00f3 que estos circuitos veloces le vienen como anillo al dedo y que su trayectoria en la categor\u00eda no se la ha ganado por imperio de antojos, sino demostrando lo que es capaz de hacer\" \/>\n<meta property=\"og:url\" content=\"https:\/\/infoecos.com.ar\/index.php\/sergio-alaux-casi-ignorado-por-la-transmision-oficial-carreron-en-buenos-aires\/\" \/>\n<meta property=\"og:site_name\" content=\"Infoecos\" \/>\n<meta property=\"article:publisher\" content=\"https:\/\/www.facebook.com\/profile.php?id=100063200290284\" \/>\n<meta property=\"article:published_time\" content=\"2023-08-20T22:08:16+00:00\" \/>\n<meta property=\"article:modified_time\" content=\"2023-08-24T04:49:03+00:00\" \/>\n<meta property=\"og:image\" content=\"https:\/\/infoecos.com.ar\/wp-content\/uploads\/2023\/08\/alaux2.jpg\" \/>\n\t<meta property=\"og:image:width\" content=\"1364\" \/>\n\t<meta property=\"og:image:height\" content=\"2048\" \/>\n\t<meta property=\"og:image:type\" content=\"image\/jpeg\" \/>\n<meta name=\"author\" content=\"Jorge Matheus\" \/>\n<meta name=\"twitter:card\" content=\"summary_large_image\" \/>\n<meta name=\"twitter:creator\" content=\"@infoecos\" \/>\n<meta name=\"twitter:site\" content=\"@infoecos\" \/>\n<meta name=\"twitter:label1\" content=\"Escrito por\" \/>\n\t<meta name=\"twitter:data1\" content=\"Jorge Matheus\" \/>\n\t<meta name=\"twitter:label2\" content=\"Tiempo de lectura\" \/>\n\t<meta name=\"twitter:data2\" content=\"31 minutos\" \/>\n<script type=\"application\/ld+json\" class=\"yoast-schema-graph\">{\"@context\":\"https:\/\/schema.org\",\"@graph\":[{\"@type\":\"Article\",\"@id\":\"https:\/\/infoecos.com.ar\/index.php\/sergio-alaux-casi-ignorado-por-la-transmision-oficial-carreron-en-buenos-aires\/#article\",\"isPartOf\":{\"@id\":\"https:\/\/infoecos.com.ar\/index.php\/sergio-alaux-casi-ignorado-por-la-transmision-oficial-carreron-en-buenos-aires\/\"},\"author\":{\"name\":\"Jorge Matheus\",\"@id\":\"https:\/\/infoecos.com.ar\/#\/schema\/person\/8f5ace5ce73b4b4aac4b7245aee6f191\"},\"headline\":\"Sergio Alaux, casi ignorado por la transmisi\u00f3n oficial, \u00abcarrer\u00f3n\u00bb en Buenos Aires\",\"datePublished\":\"2023-08-20T22:08:16+00:00\",\"dateModified\":\"2023-08-24T04:49:03+00:00\",\"mainEntityOfPage\":{\"@id\":\"https:\/\/infoecos.com.ar\/index.php\/sergio-alaux-casi-ignorado-por-la-transmision-oficial-carreron-en-buenos-aires\/\"},\"wordCount\":585,\"publisher\":{\"@id\":\"https:\/\/infoecos.com.ar\/#organization\"},\"image\":{\"@id\":\"https:\/\/infoecos.com.ar\/index.php\/sergio-alaux-casi-ignorado-por-la-transmision-oficial-carreron-en-buenos-aires\/#primaryimage\"},\"thumbnailUrl\":\"https:\/\/infoecos.com.ar\/wp-content\/uploads\/2023\/08\/alaux2.jpg\",\"keywords\":[\"TURISMO CARRETERA\"],\"articleSection\":[\"Bloque inferior - 14\"],\"inLanguage\":\"es\"},{\"@type\":\"WebPage\",\"@id\":\"https:\/\/infoecos.com.ar\/index.php\/sergio-alaux-casi-ignorado-por-la-transmision-oficial-carreron-en-buenos-aires\/\",\"url\":\"https:\/\/infoecos.com.ar\/index.php\/sergio-alaux-casi-ignorado-por-la-transmision-oficial-carreron-en-buenos-aires\/\",\"name\":\"Sergio Alaux, casi ignorado por la transmisi\u00f3n oficial, \\\"carrer\u00f3n\\\" en Buenos Aires - Infoecos\",\"isPartOf\":{\"@id\":\"https:\/\/infoecos.com.ar\/#website\"},\"primaryImageOfPage\":{\"@id\":\"https:\/\/infoecos.com.ar\/index.php\/sergio-alaux-casi-ignorado-por-la-transmision-oficial-carreron-en-buenos-aires\/#primaryimage\"},\"image\":{\"@id\":\"https:\/\/infoecos.com.ar\/index.php\/sergio-alaux-casi-ignorado-por-la-transmision-oficial-carreron-en-buenos-aires\/#primaryimage\"},\"thumbnailUrl\":\"https:\/\/infoecos.com.ar\/wp-content\/uploads\/2023\/08\/alaux2.jpg\",\"datePublished\":\"2023-08-20T22:08:16+00:00\",\"dateModified\":\"2023-08-24T04:49:03+00:00\",\"breadcrumb\":{\"@id\":\"https:\/\/infoecos.com.ar\/index.php\/sergio-alaux-casi-ignorado-por-la-transmision-oficial-carreron-en-buenos-aires\/#breadcrumb\"},\"inLanguage\":\"es\",\"potentialAction\":[{\"@type\":\"ReadAction\",\"target\":[\"https:\/\/infoecos.com.ar\/index.php\/sergio-alaux-casi-ignorado-por-la-transmision-oficial-carreron-en-buenos-aires\/\"]}]},{\"@type\":\"ImageObject\",\"inLanguage\":\"es\",\"@id\":\"https:\/\/infoecos.com.ar\/index.php\/sergio-alaux-casi-ignorado-por-la-transmision-oficial-carreron-en-buenos-aires\/#primaryimage\",\"url\":\"https:\/\/infoecos.com.ar\/wp-content\/uploads\/2023\/08\/alaux2.jpg\",\"contentUrl\":\"https:\/\/infoecos.com.ar\/wp-content\/uploads\/2023\/08\/alaux2.jpg\",\"width\":1364,\"height\":2048},{\"@type\":\"BreadcrumbList\",\"@id\":\"https:\/\/infoecos.com.ar\/index.php\/sergio-alaux-casi-ignorado-por-la-transmision-oficial-carreron-en-buenos-aires\/#breadcrumb\",\"itemListElement\":[{\"@type\":\"ListItem\",\"position\":1,\"name\":\"Portada\",\"item\":\"https:\/\/infoecos.com.ar\/\"},{\"@type\":\"ListItem\",\"position\":2,\"name\":\"Sergio Alaux, casi ignorado por la transmisi\u00f3n oficial, \u00abcarrer\u00f3n\u00bb en Buenos Aires\"}]},{\"@type\":\"WebSite\",\"@id\":\"https:\/\/infoecos.com.ar\/#website\",\"url\":\"https:\/\/infoecos.com.ar\/\",\"name\":\"Infoecos\",\"description\":\"Noticias de trenque lauquen y la zona\",\"publisher\":{\"@id\":\"https:\/\/infoecos.com.ar\/#organization\"},\"alternateName\":\"Noticias\",\"potentialAction\":[{\"@type\":\"SearchAction\",\"target\":{\"@type\":\"EntryPoint\",\"urlTemplate\":\"https:\/\/infoecos.com.ar\/?s={search_term_string}\"},\"query-input\":{\"@type\":\"PropertyValueSpecification\",\"valueRequired\":true,\"valueName\":\"search_term_string\"}}],\"inLanguage\":\"es\"},{\"@type\":\"Organization\",\"@id\":\"https:\/\/infoecos.com.ar\/#organization\",\"name\":\"Infoecos\",\"alternateName\":\"Noticias\",\"url\":\"https:\/\/infoecos.com.ar\/\",\"logo\":{\"@type\":\"ImageObject\",\"inLanguage\":\"es\",\"@id\":\"https:\/\/infoecos.com.ar\/#\/schema\/logo\/image\/\",\"url\":\"https:\/\/infoecos.com.ar\/wp-content\/uploads\/2024\/03\/cropped-logo.png\",\"contentUrl\":\"https:\/\/infoecos.com.ar\/wp-content\/uploads\/2024\/03\/cropped-logo.png\",\"width\":374,\"height\":90,\"caption\":\"Infoecos\"},\"image\":{\"@id\":\"https:\/\/infoecos.com.ar\/#\/schema\/logo\/image\/\"},\"sameAs\":[\"https:\/\/www.facebook.com\/profile.php?id=100063200290284\",\"https:\/\/x.com\/infoecos\"]},{\"@type\":\"Person\",\"@id\":\"https:\/\/infoecos.com.ar\/#\/schema\/person\/8f5ace5ce73b4b4aac4b7245aee6f191\",\"name\":\"Jorge Matheus\",\"url\":\"https:\/\/infoecos.com.ar\/index.php\/author\/jomatheus\/\"}]}<\/script>\n<!-- \/ Yoast SEO plugin. -->","yoast_head_json":{"title":"Sergio Alaux, casi ignorado por la transmisi\u00f3n oficial, \"carrer\u00f3n\" en Buenos Aires - Infoecos","robots":{"index":"index","follow":"follow","max-snippet":"max-snippet:-1","max-image-preview":"max-image-preview:large","max-video-preview":"max-video-preview:-1"},"canonical":"https:\/\/infoecos.com.ar\/index.php\/sergio-alaux-casi-ignorado-por-la-transmision-oficial-carreron-en-buenos-aires\/","og_locale":"es_ES","og_type":"article","og_title":"Sergio Alaux, casi ignorado por la transmisi\u00f3n oficial, \"carrer\u00f3n\" en Buenos Aires - Infoecos","og_description":"El piloto de Pig\u00fce-Trenque Lauquen desde las pruebas de clasificaci\u00f3n demostr\u00f3 que estos circuitos veloces le vienen como anillo al dedo y que su trayectoria en la categor\u00eda no se la ha ganado por imperio de antojos, sino demostrando lo que es capaz de hacer","og_url":"https:\/\/infoecos.com.ar\/index.php\/sergio-alaux-casi-ignorado-por-la-transmision-oficial-carreron-en-buenos-aires\/","og_site_name":"Infoecos","article_publisher":"https:\/\/www.facebook.com\/profile.php?id=100063200290284","article_published_time":"2023-08-20T22:08:16+00:00","article_modified_time":"2023-08-24T04:49:03+00:00","og_image":[{"width":1364,"height":2048,"url":"https:\/\/infoecos.com.ar\/wp-content\/uploads\/2023\/08\/alaux2.jpg","type":"image\/jpeg"}],"author":"Jorge Matheus","twitter_card":"summary_large_image","twitter_creator":"@infoecos","twitter_site":"@infoecos","twitter_misc":{"Escrito por":"Jorge Matheus","Tiempo de lectura":"31 minutos"},"schema":{"@context":"https:\/\/schema.org","@graph":[{"@type":"Article","@id":"https:\/\/infoecos.com.ar\/index.php\/sergio-alaux-casi-ignorado-por-la-transmision-oficial-carreron-en-buenos-aires\/#article","isPartOf":{"@id":"https:\/\/infoecos.com.ar\/index.php\/sergio-alaux-casi-ignorado-por-la-transmision-oficial-carreron-en-buenos-aires\/"},"author":{"name":"Jorge Matheus","@id":"https:\/\/infoecos.com.ar\/#\/schema\/person\/8f5ace5ce73b4b4aac4b7245aee6f191"},"headline":"Sergio Alaux, casi ignorado por la transmisi\u00f3n oficial, \u00abcarrer\u00f3n\u00bb en Buenos Aires","datePublished":"2023-08-20T22:08:16+00:00","dateModified":"2023-08-24T04:49:03+00:00","mainEntityOfPage":{"@id":"https:\/\/infoecos.com.ar\/index.php\/sergio-alaux-casi-ignorado-por-la-transmision-oficial-carreron-en-buenos-aires\/"},"wordCount":585,"publisher":{"@id":"https:\/\/infoecos.com.ar\/#organization"},"image":{"@id":"https:\/\/infoecos.com.ar\/index.php\/sergio-alaux-casi-ignorado-por-la-transmision-oficial-carreron-en-buenos-aires\/#primaryimage"},"thumbnailUrl":"https:\/\/infoecos.com.ar\/wp-content\/uploads\/2023\/08\/alaux2.jpg","keywords":["TURISMO CARRETERA"],"articleSection":["Bloque inferior - 14"],"inLanguage":"es"},{"@type":"WebPage","@id":"https:\/\/infoecos.com.ar\/index.php\/sergio-alaux-casi-ignorado-por-la-transmision-oficial-carreron-en-buenos-aires\/","url":"https:\/\/infoecos.com.ar\/index.php\/sergio-alaux-casi-ignorado-por-la-transmision-oficial-carreron-en-buenos-aires\/","name":"Sergio Alaux, casi ignorado por la transmisi\u00f3n oficial, \"carrer\u00f3n\" en Buenos Aires - Infoecos","isPartOf":{"@id":"https:\/\/infoecos.com.ar\/#website"},"primaryImageOfPage":{"@id":"https:\/\/infoecos.com.ar\/index.php\/sergio-alaux-casi-ignorado-por-la-transmision-oficial-carreron-en-buenos-aires\/#primaryimage"},"image":{"@id":"https:\/\/infoecos.com.ar\/index.php\/sergio-alaux-casi-ignorado-por-la-transmision-oficial-carreron-en-buenos-aires\/#primaryimage"},"thumbnailUrl":"https:\/\/infoecos.com.ar\/wp-content\/uploads\/2023\/08\/alaux2.jpg","datePublished":"2023-08-20T22:08:16+00:00","dateModified":"2023-08-24T04:49:03+00:00","breadcrumb":{"@id":"https:\/\/infoecos.com.ar\/index.php\/sergio-alaux-casi-ignorado-por-la-transmision-oficial-carreron-en-buenos-aires\/#breadcrumb"},"inLanguage":"es","potentialAction":[{"@type":"ReadAction","target":["https:\/\/infoecos.com.ar\/index.php\/sergio-alaux-casi-ignorado-por-la-transmision-oficial-carreron-en-buenos-aires\/"]}]},{"@type":"ImageObject","inLanguage":"es","@id":"https:\/\/infoecos.com.ar\/index.php\/sergio-alaux-casi-ignorado-por-la-transmision-oficial-carreron-en-buenos-aires\/#primaryimage","url":"https:\/\/infoecos.com.ar\/wp-content\/uploads\/2023\/08\/alaux2.jpg","contentUrl":"https:\/\/infoecos.com.ar\/wp-content\/uploads\/2023\/08\/alaux2.jpg","width":1364,"height":2048},{"@type":"BreadcrumbList","@id":"https:\/\/infoecos.com.ar\/index.php\/sergio-alaux-casi-ignorado-por-la-transmision-oficial-carreron-en-buenos-aires\/#breadcrumb","itemListElement":[{"@type":"ListItem","position":1,"name":"Portada","item":"https:\/\/infoecos.com.ar\/"},{"@type":"ListItem","position":2,"name":"Sergio Alaux, casi ignorado por la transmisi\u00f3n oficial, \u00abcarrer\u00f3n\u00bb en Buenos Aires"}]},{"@type":"WebSite","@id":"https:\/\/infoecos.com.ar\/#website","url":"https:\/\/infoecos.com.ar\/","name":"Infoecos","description":"Noticias de trenque lauquen y la zona","publisher":{"@id":"https:\/\/infoecos.com.ar\/#organization"},"alternateName":"Noticias","potentialAction":[{"@type":"SearchAction","target":{"@type":"EntryPoint","urlTemplate":"https:\/\/infoecos.com.ar\/?s={search_term_string}"},"query-input":{"@type":"PropertyValueSpecification","valueRequired":true,"valueName":"search_term_string"}}],"inLanguage":"es"},{"@type":"Organization","@id":"https:\/\/infoecos.com.ar\/#organization","name":"Infoecos","alternateName":"Noticias","url":"https:\/\/infoecos.com.ar\/","logo":{"@type":"ImageObject","inLanguage":"es","@id":"https:\/\/infoecos.com.ar\/#\/schema\/logo\/image\/","url":"https:\/\/infoecos.com.ar\/wp-content\/uploads\/2024\/03\/cropped-logo.png","contentUrl":"https:\/\/infoecos.com.ar\/wp-content\/uploads\/2024\/03\/cropped-logo.png","width":374,"height":90,"caption":"Infoecos"},"image":{"@id":"https:\/\/infoecos.com.ar\/#\/schema\/logo\/image\/"},"sameAs":["https:\/\/www.facebook.com\/profile.php?id=100063200290284","https:\/\/x.com\/infoecos"]},{"@type":"Person","@id":"https:\/\/infoecos.com.ar\/#\/schema\/person\/8f5ace5ce73b4b4aac4b7245aee6f191","name":"Jorge Matheus","url":"https:\/\/infoecos.com.ar\/index.php\/author\/jomatheus\/"}]}},"featured_image_urls":{"full":["https:\/\/infoecos.com.ar\/wp-content\/uploads\/2023\/08\/alaux2.jpg",1364,2048,false],"thumbnail":["https:\/\/infoecos.com.ar\/wp-content\/uploads\/2023\/08\/alaux2-300x150.jpg",300,150,true],"medium":["https:\/\/infoecos.com.ar\/wp-content\/uploads\/2023\/08\/alaux2-533x800.jpg",533,800,true],"medium_large":["https:\/\/infoecos.com.ar\/wp-content\/uploads\/2023\/08\/alaux2-768x1153.jpg",640,961,true],"large":["https:\/\/infoecos.com.ar\/wp-content\/uploads\/2023\/08\/alaux2-1066x1600.jpg",640,961,true],"1536x1536":["https:\/\/infoecos.com.ar\/wp-content\/uploads\/2023\/08\/alaux2-1023x1536.jpg",1023,1536,true],"2048x2048":["https:\/\/infoecos.com.ar\/wp-content\/uploads\/2023\/08\/alaux2.jpg",1364,2048,false],"covernews-slider-full":["https:\/\/infoecos.com.ar\/wp-content\/uploads\/2023\/08\/alaux2-1364x1020.jpg",956,715,true],"covernews-slider-center":["https:\/\/infoecos.com.ar\/wp-content\/uploads\/2023\/08\/alaux2-936x897.jpg",522,500,true],"covernews-featured":["https:\/\/infoecos.com.ar\/wp-content\/uploads\/2023\/08\/alaux2-1024x1538.jpg",1024,1538,true],"covernews-medium":["https:\/\/infoecos.com.ar\/wp-content\/uploads\/2023\/08\/alaux2-720x380.jpg",540,285,true],"covernews-medium-square":["https:\/\/infoecos.com.ar\/wp-content\/uploads\/2023\/08\/alaux2-675x450.jpg",375,250,true]},"author_info":{"info":["Jorge Matheus"]},"category_info":"<a href=\"https:\/\/infoecos.com.ar\/index.php\/category\/inferior14\/\" rel=\"category tag\">Bloque inferior - 14<\/a>","tag_info":"Bloque inferior - 14","comment_count":"0","_links":{"self":[{"href":"https:\/\/infoecos.com.ar\/index.php\/wp-json\/wp\/v2\/posts\/110296"}],"collection":[{"href":"https:\/\/infoecos.com.ar\/index.php\/wp-json\/wp\/v2\/posts"}],"about":[{"href":"https:\/\/infoecos.com.ar\/index.php\/wp-json\/wp\/v2\/types\/post"}],"author":[{"embeddable":true,"href":"https:\/\/infoecos.com.ar\/index.php\/wp-json\/wp\/v2\/users\/2"}],"replies":[{"embeddable":true,"href":"https:\/\/infoecos.com.ar\/index.php\/wp-json\/wp\/v2\/comments?post=110296"}],"version-history":[{"count":2,"href":"https:\/\/infoecos.com.ar\/index.php\/wp-json\/wp\/v2\/posts\/110296\/revisions"}],"predecessor-version":[{"id":110351,"href":"https:\/\/infoecos.com.ar\/index.php\/wp-json\/wp\/v2\/posts\/110296\/revisions\/110351"}],"wp:featuredmedia":[{"embeddable":true,"href":"https:\/\/infoecos.com.ar\/index.php\/wp-json\/wp\/v2\/media\/110299"}],"wp:attachment":[{"href":"https:\/\/infoecos.com.ar\/index.php\/wp-json\/wp\/v2\/media?parent=110296"}],"wp:term":[{"taxonomy":"category","embeddable":true,"href":"https:\/\/infoecos.com.ar\/index.php\/wp-json\/wp\/v2\/categories?post=110296"},{"taxonomy":"post_tag","embeddable":true,"href":"https:\/\/infoecos.com.ar\/index.php\/wp-json\/wp\/v2\/tags?post=110296"}],"curies":[{"name":"wp","href":"https:\/\/api.w.org\/{rel}","templated":true}]}}