{"id":110370,"date":"2023-08-21T20:26:07","date_gmt":"2023-08-21T23:26:07","guid":{"rendered":"https:\/\/infoecos.com.ar\/?p=110370"},"modified":"2023-08-24T01:46:27","modified_gmt":"2023-08-24T04:46:27","slug":"nuestros-pequenos-y-medianos-comerciantes-no-son-especuladores","status":"publish","type":"post","link":"https:\/\/infoecos.com.ar\/index.php\/nuestros-pequenos-y-medianos-comerciantes-no-son-especuladores\/","title":{"rendered":"\u00abNuestros peque\u00f1os y medianos comerciantes no son especuladores\u00bb"},"content":{"rendered":"\n<p>\u00abNuestros peque\u00f1os y medianos comerciantes no son especuladores, sufren la devaluaci\u00f3n como toda la cadena de compra y venta de alimentos\u00bb, expres\u00f3<strong> <\/strong>la<strong> Federaci\u00f3n del Nucleamiento Empresarial del Noroeste Bonaerense.<\/strong><\/p>\n\n\n\n<figure class=\"wp-block-image aligncenter size-full is-resized\"><img loading=\"lazy\" decoding=\"async\" src=\"https:\/\/infoecos.com.ar\/wp-content\/uploads\/2023\/08\/image-97.png\" alt=\"\" class=\"wp-image-110371\" width=\"489\" height=\"238\"\/><\/figure>\n\n\n\n<p>Ante la crisis econ\u00f3mica a nivel nacional, de la que regi\u00f3n no esta exenta, la Federaci\u00f3n del Nucleamiento Empresarial del Noroeste Bonaerense expres\u00f3 que \u00abnuestros peque\u00f1os y medianos comerciantes no son formadores de precios\u00bb e indic\u00f3 que ve con preocupaci\u00f3n el panorama actual del Comercio Minorista.<\/p>\n\n\n\n<p>\u00abEn este dif\u00edcil momento donde los comercios y las medianas industrias solo pueden ver la manera de no perder su capital de trabajo y mantener el mismo\u00bb, agreg\u00f3 la entidad en comunicaci\u00f3n con el sitio web de Jun\u00edn INFONOROESTE.<\/p>\n\n\n\n<figure class=\"wp-block-image aligncenter size-full is-resized\"><img loading=\"lazy\" decoding=\"async\" src=\"https:\/\/infoecos.com.ar\/wp-content\/uploads\/Logo-NENB.png\" alt=\"\" class=\"wp-image-46697\" width=\"500\" height=\"701\"\/><figcaption class=\"wp-element-caption\">Nucleamiento Empresarial del Noroeste Bonaerense<\/figcaption><\/figure>\n\n\n\n<p>\u00abEn este momento es importante como empresarios unirnos y trabajar juntos para poder superar el panorama actual. Unidos y luchando vamos a encontrar la soluci\u00f3n a este problema y as\u00ed lograr lo que nos proponemos\u00bb, cerr\u00f3 el <strong>Nucleamiento Empresarial<\/strong>.<\/p>\n","protected":false},"excerpt":{"rendered":"<p>La Federaci\u00f3n del Nucleamiento Empresarial del Noroeste Bonaerense expres\u00f3 que \u00abnuestros peque\u00f1os y medianos comerciantes no son formadores de precios\u00bb<\/p>\n","protected":false},"author":2,"featured_media":46697,"comment_status":"closed","ping_status":"open","sticky":false,"template":"","format":"standard","meta":{"footnotes":""},"categories":[1331],"tags":[8817],"class_list":["post-110370","post","type-post","status-publish","format-standard","has-post-thumbnail","hentry","category-inferior11","tag-nucleamiento-empresarial"],"yoast_head":"<!-- This site is optimized with the Yoast SEO plugin v23.4 - https:\/\/yoast.com\/wordpress\/plugins\/seo\/ -->\n<title>&quot;Nuestros peque\u00f1os y medianos comerciantes no son especuladores&quot; - Infoecos<\/title>\n<meta name=\"robots\" content=\"index, follow, max-snippet:-1, max-image-preview:large, max-video-preview:-1\" \/>\n<link rel=\"canonical\" href=\"https:\/\/infoecos.com.ar\/index.php\/nuestros-pequenos-y-medianos-comerciantes-no-son-especuladores\/\" \/>\n<meta property=\"og:locale\" content=\"es_ES\" \/>\n<meta property=\"og:type\" content=\"article\" \/>\n<meta property=\"og:title\" content=\"&quot;Nuestros peque\u00f1os y medianos comerciantes no son especuladores&quot; - Infoecos\" \/>\n<meta property=\"og:description\" content=\"La Federaci\u00f3n del Nucleamiento Empresarial del Noroeste Bonaerense expres\u00f3 que \u00abnuestros peque\u00f1os y medianos comerciantes no son formadores de precios\u00bb\" \/>\n<meta property=\"og:url\" content=\"https:\/\/infoecos.com.ar\/index.php\/nuestros-pequenos-y-medianos-comerciantes-no-son-especuladores\/\" \/>\n<meta property=\"og:site_name\" content=\"Infoecos\" \/>\n<meta property=\"article:publisher\" content=\"https:\/\/www.facebook.com\/profile.php?id=100063200290284\" \/>\n<meta property=\"article:published_time\" content=\"2023-08-21T23:26:07+00:00\" \/>\n<meta property=\"article:modified_time\" content=\"2023-08-24T04:46:27+00:00\" \/>\n<meta property=\"og:image\" content=\"https:\/\/infoecos.com.ar\/wp-content\/uploads\/Logo-NENB.png\" \/>\n\t<meta property=\"og:image:width\" content=\"244\" \/>\n\t<meta property=\"og:image:height\" content=\"342\" \/>\n\t<meta property=\"og:image:type\" content=\"image\/png\" \/>\n<meta name=\"author\" content=\"Jorge Matheus\" \/>\n<meta name=\"twitter:card\" content=\"summary_large_image\" \/>\n<meta name=\"twitter:creator\" content=\"@infoecos\" \/>\n<meta name=\"twitter:site\" content=\"@infoecos\" \/>\n<meta name=\"twitter:label1\" content=\"Escrito por\" \/>\n\t<meta name=\"twitter:data1\" content=\"Jorge Matheus\" \/>\n\t<meta name=\"twitter:label2\" content=\"Tiempo de lectura\" \/>\n\t<meta name=\"twitter:data2\" content=\"2 minutos\" \/>\n<script type=\"application\/ld+json\" class=\"yoast-schema-graph\">{\"@context\":\"https:\/\/schema.org\",\"@graph\":[{\"@type\":\"Article\",\"@id\":\"https:\/\/infoecos.com.ar\/index.php\/nuestros-pequenos-y-medianos-comerciantes-no-son-especuladores\/#article\",\"isPartOf\":{\"@id\":\"https:\/\/infoecos.com.ar\/index.php\/nuestros-pequenos-y-medianos-comerciantes-no-son-especuladores\/\"},\"author\":{\"name\":\"Jorge Matheus\",\"@id\":\"https:\/\/infoecos.com.ar\/#\/schema\/person\/8f5ace5ce73b4b4aac4b7245aee6f191\"},\"headline\":\"\u00abNuestros peque\u00f1os y medianos comerciantes no son especuladores\u00bb\",\"datePublished\":\"2023-08-21T23:26:07+00:00\",\"dateModified\":\"2023-08-24T04:46:27+00:00\",\"mainEntityOfPage\":{\"@id\":\"https:\/\/infoecos.com.ar\/index.php\/nuestros-pequenos-y-medianos-comerciantes-no-son-especuladores\/\"},\"wordCount\":180,\"publisher\":{\"@id\":\"https:\/\/infoecos.com.ar\/#organization\"},\"image\":{\"@id\":\"https:\/\/infoecos.com.ar\/index.php\/nuestros-pequenos-y-medianos-comerciantes-no-son-especuladores\/#primaryimage\"},\"thumbnailUrl\":\"\",\"keywords\":[\"NUCLEAMIENTO EMPRESARIAL\"],\"articleSection\":[\"Bloque inferior - 11\"],\"inLanguage\":\"es\"},{\"@type\":\"WebPage\",\"@id\":\"https:\/\/infoecos.com.ar\/index.php\/nuestros-pequenos-y-medianos-comerciantes-no-son-especuladores\/\",\"url\":\"https:\/\/infoecos.com.ar\/index.php\/nuestros-pequenos-y-medianos-comerciantes-no-son-especuladores\/\",\"name\":\"\\\"Nuestros peque\u00f1os y medianos comerciantes no son especuladores\\\" - Infoecos\",\"isPartOf\":{\"@id\":\"https:\/\/infoecos.com.ar\/#website\"},\"primaryImageOfPage\":{\"@id\":\"https:\/\/infoecos.com.ar\/index.php\/nuestros-pequenos-y-medianos-comerciantes-no-son-especuladores\/#primaryimage\"},\"image\":{\"@id\":\"https:\/\/infoecos.com.ar\/index.php\/nuestros-pequenos-y-medianos-comerciantes-no-son-especuladores\/#primaryimage\"},\"thumbnailUrl\":\"\",\"datePublished\":\"2023-08-21T23:26:07+00:00\",\"dateModified\":\"2023-08-24T04:46:27+00:00\",\"breadcrumb\":{\"@id\":\"https:\/\/infoecos.com.ar\/index.php\/nuestros-pequenos-y-medianos-comerciantes-no-son-especuladores\/#breadcrumb\"},\"inLanguage\":\"es\",\"potentialAction\":[{\"@type\":\"ReadAction\",\"target\":[\"https:\/\/infoecos.com.ar\/index.php\/nuestros-pequenos-y-medianos-comerciantes-no-son-especuladores\/\"]}]},{\"@type\":\"ImageObject\",\"inLanguage\":\"es\",\"@id\":\"https:\/\/infoecos.com.ar\/index.php\/nuestros-pequenos-y-medianos-comerciantes-no-son-especuladores\/#primaryimage\",\"url\":\"\",\"contentUrl\":\"\"},{\"@type\":\"BreadcrumbList\",\"@id\":\"https:\/\/infoecos.com.ar\/index.php\/nuestros-pequenos-y-medianos-comerciantes-no-son-especuladores\/#breadcrumb\",\"itemListElement\":[{\"@type\":\"ListItem\",\"position\":1,\"name\":\"Portada\",\"item\":\"https:\/\/infoecos.com.ar\/\"},{\"@type\":\"ListItem\",\"position\":2,\"name\":\"\u00abNuestros peque\u00f1os y medianos comerciantes no son especuladores\u00bb\"}]},{\"@type\":\"WebSite\",\"@id\":\"https:\/\/infoecos.com.ar\/#website\",\"url\":\"https:\/\/infoecos.com.ar\/\",\"name\":\"Infoecos\",\"description\":\"Noticias de trenque lauquen y la zona\",\"publisher\":{\"@id\":\"https:\/\/infoecos.com.ar\/#organization\"},\"alternateName\":\"Noticias\",\"potentialAction\":[{\"@type\":\"SearchAction\",\"target\":{\"@type\":\"EntryPoint\",\"urlTemplate\":\"https:\/\/infoecos.com.ar\/?s={search_term_string}\"},\"query-input\":{\"@type\":\"PropertyValueSpecification\",\"valueRequired\":true,\"valueName\":\"search_term_string\"}}],\"inLanguage\":\"es\"},{\"@type\":\"Organization\",\"@id\":\"https:\/\/infoecos.com.ar\/#organization\",\"name\":\"Infoecos\",\"alternateName\":\"Noticias\",\"url\":\"https:\/\/infoecos.com.ar\/\",\"logo\":{\"@type\":\"ImageObject\",\"inLanguage\":\"es\",\"@id\":\"https:\/\/infoecos.com.ar\/#\/schema\/logo\/image\/\",\"url\":\"https:\/\/infoecos.com.ar\/wp-content\/uploads\/2024\/03\/cropped-logo.png\",\"contentUrl\":\"https:\/\/infoecos.com.ar\/wp-content\/uploads\/2024\/03\/cropped-logo.png\",\"width\":374,\"height\":90,\"caption\":\"Infoecos\"},\"image\":{\"@id\":\"https:\/\/infoecos.com.ar\/#\/schema\/logo\/image\/\"},\"sameAs\":[\"https:\/\/www.facebook.com\/profile.php?id=100063200290284\",\"https:\/\/x.com\/infoecos\"]},{\"@type\":\"Person\",\"@id\":\"https:\/\/infoecos.com.ar\/#\/schema\/person\/8f5ace5ce73b4b4aac4b7245aee6f191\",\"name\":\"Jorge Matheus\",\"url\":\"https:\/\/infoecos.com.ar\/index.php\/author\/jomatheus\/\"}]}<\/script>\n<!-- \/ Yoast SEO plugin. -->","yoast_head_json":{"title":"\"Nuestros peque\u00f1os y medianos comerciantes no son especuladores\" - Infoecos","robots":{"index":"index","follow":"follow","max-snippet":"max-snippet:-1","max-image-preview":"max-image-preview:large","max-video-preview":"max-video-preview:-1"},"canonical":"https:\/\/infoecos.com.ar\/index.php\/nuestros-pequenos-y-medianos-comerciantes-no-son-especuladores\/","og_locale":"es_ES","og_type":"article","og_title":"\"Nuestros peque\u00f1os y medianos comerciantes no son especuladores\" - Infoecos","og_description":"La Federaci\u00f3n del Nucleamiento Empresarial del Noroeste Bonaerense expres\u00f3 que \u00abnuestros peque\u00f1os y medianos comerciantes no son formadores de precios\u00bb","og_url":"https:\/\/infoecos.com.ar\/index.php\/nuestros-pequenos-y-medianos-comerciantes-no-son-especuladores\/","og_site_name":"Infoecos","article_publisher":"https:\/\/www.facebook.com\/profile.php?id=100063200290284","article_published_time":"2023-08-21T23:26:07+00:00","article_modified_time":"2023-08-24T04:46:27+00:00","og_image":[{"width":244,"height":342,"url":"https:\/\/infoecos.com.ar\/wp-content\/uploads\/Logo-NENB.png","type":"image\/png"}],"author":"Jorge Matheus","twitter_card":"summary_large_image","twitter_creator":"@infoecos","twitter_site":"@infoecos","twitter_misc":{"Escrito por":"Jorge Matheus","Tiempo de lectura":"2 minutos"},"schema":{"@context":"https:\/\/schema.org","@graph":[{"@type":"Article","@id":"https:\/\/infoecos.com.ar\/index.php\/nuestros-pequenos-y-medianos-comerciantes-no-son-especuladores\/#article","isPartOf":{"@id":"https:\/\/infoecos.com.ar\/index.php\/nuestros-pequenos-y-medianos-comerciantes-no-son-especuladores\/"},"author":{"name":"Jorge Matheus","@id":"https:\/\/infoecos.com.ar\/#\/schema\/person\/8f5ace5ce73b4b4aac4b7245aee6f191"},"headline":"\u00abNuestros peque\u00f1os y medianos comerciantes no son especuladores\u00bb","datePublished":"2023-08-21T23:26:07+00:00","dateModified":"2023-08-24T04:46:27+00:00","mainEntityOfPage":{"@id":"https:\/\/infoecos.com.ar\/index.php\/nuestros-pequenos-y-medianos-comerciantes-no-son-especuladores\/"},"wordCount":180,"publisher":{"@id":"https:\/\/infoecos.com.ar\/#organization"},"image":{"@id":"https:\/\/infoecos.com.ar\/index.php\/nuestros-pequenos-y-medianos-comerciantes-no-son-especuladores\/#primaryimage"},"thumbnailUrl":"","keywords":["NUCLEAMIENTO EMPRESARIAL"],"articleSection":["Bloque inferior - 11"],"inLanguage":"es"},{"@type":"WebPage","@id":"https:\/\/infoecos.com.ar\/index.php\/nuestros-pequenos-y-medianos-comerciantes-no-son-especuladores\/","url":"https:\/\/infoecos.com.ar\/index.php\/nuestros-pequenos-y-medianos-comerciantes-no-son-especuladores\/","name":"\"Nuestros peque\u00f1os y medianos comerciantes no son especuladores\" - Infoecos","isPartOf":{"@id":"https:\/\/infoecos.com.ar\/#website"},"primaryImageOfPage":{"@id":"https:\/\/infoecos.com.ar\/index.php\/nuestros-pequenos-y-medianos-comerciantes-no-son-especuladores\/#primaryimage"},"image":{"@id":"https:\/\/infoecos.com.ar\/index.php\/nuestros-pequenos-y-medianos-comerciantes-no-son-especuladores\/#primaryimage"},"thumbnailUrl":"","datePublished":"2023-08-21T23:26:07+00:00","dateModified":"2023-08-24T04:46:27+00:00","breadcrumb":{"@id":"https:\/\/infoecos.com.ar\/index.php\/nuestros-pequenos-y-medianos-comerciantes-no-son-especuladores\/#breadcrumb"},"inLanguage":"es","potentialAction":[{"@type":"ReadAction","target":["https:\/\/infoecos.com.ar\/index.php\/nuestros-pequenos-y-medianos-comerciantes-no-son-especuladores\/"]}]},{"@type":"ImageObject","inLanguage":"es","@id":"https:\/\/infoecos.com.ar\/index.php\/nuestros-pequenos-y-medianos-comerciantes-no-son-especuladores\/#primaryimage","url":"","contentUrl":""},{"@type":"BreadcrumbList","@id":"https:\/\/infoecos.com.ar\/index.php\/nuestros-pequenos-y-medianos-comerciantes-no-son-especuladores\/#breadcrumb","itemListElement":[{"@type":"ListItem","position":1,"name":"Portada","item":"https:\/\/infoecos.com.ar\/"},{"@type":"ListItem","position":2,"name":"\u00abNuestros peque\u00f1os y medianos comerciantes no son especuladores\u00bb"}]},{"@type":"WebSite","@id":"https:\/\/infoecos.com.ar\/#website","url":"https:\/\/infoecos.com.ar\/","name":"Infoecos","description":"Noticias de trenque lauquen y la zona","publisher":{"@id":"https:\/\/infoecos.com.ar\/#organization"},"alternateName":"Noticias","potentialAction":[{"@type":"SearchAction","target":{"@type":"EntryPoint","urlTemplate":"https:\/\/infoecos.com.ar\/?s={search_term_string}"},"query-input":{"@type":"PropertyValueSpecification","valueRequired":true,"valueName":"search_term_string"}}],"inLanguage":"es"},{"@type":"Organization","@id":"https:\/\/infoecos.com.ar\/#organization","name":"Infoecos","alternateName":"Noticias","url":"https:\/\/infoecos.com.ar\/","logo":{"@type":"ImageObject","inLanguage":"es","@id":"https:\/\/infoecos.com.ar\/#\/schema\/logo\/image\/","url":"https:\/\/infoecos.com.ar\/wp-content\/uploads\/2024\/03\/cropped-logo.png","contentUrl":"https:\/\/infoecos.com.ar\/wp-content\/uploads\/2024\/03\/cropped-logo.png","width":374,"height":90,"caption":"Infoecos"},"image":{"@id":"https:\/\/infoecos.com.ar\/#\/schema\/logo\/image\/"},"sameAs":["https:\/\/www.facebook.com\/profile.php?id=100063200290284","https:\/\/x.com\/infoecos"]},{"@type":"Person","@id":"https:\/\/infoecos.com.ar\/#\/schema\/person\/8f5ace5ce73b4b4aac4b7245aee6f191","name":"Jorge Matheus","url":"https:\/\/infoecos.com.ar\/index.php\/author\/jomatheus\/"}]}},"featured_image_urls":{"full":"","thumbnail":"","medium":"","medium_large":"","large":"","1536x1536":"","2048x2048":"","covernews-slider-full":"","covernews-slider-center":"","covernews-featured":"","covernews-medium":"","covernews-medium-square":""},"author_info":{"info":["Jorge Matheus"]},"category_info":"<a href=\"https:\/\/infoecos.com.ar\/index.php\/category\/inferior11\/\" rel=\"category tag\">Bloque inferior - 11<\/a>","tag_info":"Bloque inferior - 11","comment_count":"0","_links":{"self":[{"href":"https:\/\/infoecos.com.ar\/index.php\/wp-json\/wp\/v2\/posts\/110370"}],"collection":[{"href":"https:\/\/infoecos.com.ar\/index.php\/wp-json\/wp\/v2\/posts"}],"about":[{"href":"https:\/\/infoecos.com.ar\/index.php\/wp-json\/wp\/v2\/types\/post"}],"author":[{"embeddable":true,"href":"https:\/\/infoecos.com.ar\/index.php\/wp-json\/wp\/v2\/users\/2"}],"replies":[{"embeddable":true,"href":"https:\/\/infoecos.com.ar\/index.php\/wp-json\/wp\/v2\/comments?post=110370"}],"version-history":[{"count":1,"href":"https:\/\/infoecos.com.ar\/index.php\/wp-json\/wp\/v2\/posts\/110370\/revisions"}],"predecessor-version":[{"id":110372,"href":"https:\/\/infoecos.com.ar\/index.php\/wp-json\/wp\/v2\/posts\/110370\/revisions\/110372"}],"wp:featuredmedia":[{"embeddable":true,"href":"https:\/\/infoecos.com.ar\/index.php\/wp-json\/"}],"wp:attachment":[{"href":"https:\/\/infoecos.com.ar\/index.php\/wp-json\/wp\/v2\/media?parent=110370"}],"wp:term":[{"taxonomy":"category","embeddable":true,"href":"https:\/\/infoecos.com.ar\/index.php\/wp-json\/wp\/v2\/categories?post=110370"},{"taxonomy":"post_tag","embeddable":true,"href":"https:\/\/infoecos.com.ar\/index.php\/wp-json\/wp\/v2\/tags?post=110370"}],"curies":[{"name":"wp","href":"https:\/\/api.w.org\/{rel}","templated":true}]}}