{"id":110524,"date":"2023-08-24T01:30:24","date_gmt":"2023-08-24T04:30:24","guid":{"rendered":"https:\/\/infoecos.com.ar\/?p=110524"},"modified":"2023-08-24T13:03:13","modified_gmt":"2023-08-24T16:03:13","slug":"hablo-el-presidente-del-ioma-sobre-la-clinica-del-oeste-si-el-prestador-quiere-volver-tiene-que-tramitar-el-alta","status":"publish","type":"post","link":"https:\/\/infoecos.com.ar\/index.php\/hablo-el-presidente-del-ioma-sobre-la-clinica-del-oeste-si-el-prestador-quiere-volver-tiene-que-tramitar-el-alta\/","title":{"rendered":"Habl\u00f3 el presidente del IOMA sobre la Cl\u00ednica del Oeste: \u201csi el prestador quiere volver, tiene que tramitar el alta\u00bb"},"content":{"rendered":"\n<p>El presidente de IOMA, Homero Giles, habl\u00f3 del conflicto suscitado con la Cl\u00ednica del Oeste de Pehuaj\u00f3, que dej\u00f3 de ser prestadora de la obra social. Confirm\u00f3 que a\u00fan no se present\u00f3 la documentaci\u00f3n debida, para dar nuevamente de alta el servicio. \u201cTienen que presentar la documentaci\u00f3n, si tienen todo en orden, seguramente se puede dar de alta\u00bb, expres\u00f3.<\/p>\n\n\n\n<figure class=\"wp-block-image alignright size-full is-resized\"><img loading=\"lazy\" decoding=\"async\" src=\"https:\/\/infoecos.com.ar\/wp-content\/uploads\/2023\/08\/image-114.png\" alt=\"\" class=\"wp-image-110525\" width=\"412\" height=\"273\" srcset=\"https:\/\/infoecos.com.ar\/wp-content\/uploads\/2023\/08\/image-114.png 1280w, https:\/\/infoecos.com.ar\/wp-content\/uploads\/2023\/08\/image-114-800x531.png 800w, https:\/\/infoecos.com.ar\/wp-content\/uploads\/2023\/08\/image-114-768x509.png 768w, https:\/\/infoecos.com.ar\/wp-content\/uploads\/2023\/08\/image-114-1024x679.png 1024w\" sizes=\"(max-width: 412px) 100vw, 412px\" \/><\/figure>\n\n\n\n<p>Giles se\u00f1al\u00f3 que la sanci\u00f3n a la Cl\u00ednica ya fue tomada y no hay vuelta atr\u00e1s. \u201cEl prestador esta dado de baja, es una Cl\u00ednica que no existe m\u00e1s en IOMA\u201d. Para luego agregar que si quiere volver a ser prestador tiene que presentar toda la documentaci\u00f3n, y si esta todo bien, en una semana es habilitada.<\/p>\n\n\n\n<p><strong>Documentaci\u00f3n<\/strong><\/p>\n\n\n\n<p>En contacto con FM del Sol, Giles&nbsp; se\u00f1al\u00f3 que \u201csi est\u00e1 todo en orden deber\u00eda ser un alta r\u00e1pida, en una semana, en pocos d\u00edas\u201d, donde inst\u00f3 a las autoridades de la empresa a que \u201cno se pierda m\u00e1s tiempo\u201d y \u201chagan lo que corresponde\u201d.<\/p>\n\n\n\n<p>\u201cSi el prestador quiere volver, tiene que tramitar el alta en IOMA. Esto no es una sanci\u00f3n, digamos, donde uno pueda revertirla, el prestador est\u00e1 dado de baja. A m\u00ed una vez me llam\u00f3 uno de los due\u00f1os y le dije exactamente lo mismo, yo no s\u00e9 por qu\u00e9 lo politizan, pierden tiempo politiz\u00e1ndolo los due\u00f1os de la cl\u00ednica. No tengo ni idea por qu\u00e9, si pueden ir a FECLIBA (Federaci\u00f3n de Cl\u00ednicas, Sanatorios, Hospitales y Otros Establecimientos de la Provincia de Buenos Aires), llevar la documentaci\u00f3n y a partir de ah\u00ed estudiamos el alta\u201d, expres\u00f3 Giles corroborando que el centro de salud pehuajense debe llevar adelante ese proceso para recomponer y regularizar su situaci\u00f3n actual.<\/p>\n\n\n\n<figure class=\"wp-block-image alignright size-full is-resized\"><img loading=\"lazy\" decoding=\"async\" src=\"https:\/\/infoecos.com.ar\/wp-content\/uploads\/2023\/06\/clinicadeloeste.jpg\" alt=\"\" class=\"wp-image-106420\" width=\"410\" height=\"212\" srcset=\"https:\/\/infoecos.com.ar\/wp-content\/uploads\/2023\/06\/clinicadeloeste.jpg 960w, https:\/\/infoecos.com.ar\/wp-content\/uploads\/2023\/06\/clinicadeloeste-800x415.jpg 800w, https:\/\/infoecos.com.ar\/wp-content\/uploads\/2023\/06\/clinicadeloeste-768x398.jpg 768w\" sizes=\"(max-width: 410px) 100vw, 410px\" \/><\/figure>\n\n\n\n<p><strong>\u201cEsta dado de baja\u201d<\/strong><\/p>\n\n\n\n<p>En esa misma l\u00ednea Giles solicit\u00f3 que \u201cac\u00e1 no hay un pedido pol\u00edtico, est\u00e1 dado de baja. Esto no funciona as\u00ed, no tiene sentido lo que est\u00e1n haciendo. Lo que hay que hacer es ir a FECLIBA, presentar toda la documentaci\u00f3n e iniciar el tr\u00e1mite de alta\u201d. \u201cAc\u00e1 lo que se busca es una continuidad \u00bfPor qu\u00e9 digo que no es pol\u00edtico? Porque no van por el camino t\u00e9cnico correspondiente, por un lado; por otro, porque las demandas vienen por los medios, por reclamos, por los trabajadores. Deben ir a FECLIBA a presentar la carpeta, a menos que no tengan la documentaci\u00f3n. Y eso no se hizo\u201d, insisti\u00f3 Homero Giles.<\/p>\n\n\n\n<p><strong>\u201cNo hay nada presentado\u201d<\/strong><\/p>\n\n\n\n<p>Consultado sobre si todav\u00eda no est\u00e1 presentada la carpeta con las modificaciones hechas, Giles respondi\u00f3 que \u201cno le consta a IOMA. He consultado a FECLIBA, al presidente, y no hay nada presentado para el alta de la cl\u00ednica\u201d.<\/p>\n\n\n\n<figure class=\"wp-block-image alignright size-full is-resized\"><img loading=\"lazy\" decoding=\"async\" src=\"https:\/\/infoecos.com.ar\/wp-content\/uploads\/ioma.jpg\" alt=\"\" class=\"wp-image-64107\" width=\"404\" height=\"225\" srcset=\"https:\/\/infoecos.com.ar\/wp-content\/uploads\/ioma.jpg 880w, https:\/\/infoecos.com.ar\/wp-content\/uploads\/ioma-768x430.jpg 768w\" sizes=\"(max-width: 404px) 100vw, 404px\" \/><\/figure>\n\n\n\n<p><strong>\u201cEl IOMA no persigue a nadie\u201d<\/strong><\/p>\n\n\n\n<p>Ante la consulta de si s\u00f3lo en Pehuaj\u00f3 hubo suspensi\u00f3n de prestaciones de esta naturaleza, el titular de IOMA dijo que \u201cno, tuvimos sanciones a muchos prestadores. Sin ir m\u00e1s lejos en La Plata, cuando entramos, en 2020, tuvimos un l\u00edo tremendo porque denunciamos a 20 m\u00e9dicos y llegaron marchas en la puerta del IOMA; \u2018nos persiguen\u2019, dec\u00edan. El IOMA no persigue a nadie, empieza a ordenar y tiene que sancionar. Queremos un IOMA con calidad prestacional. El prestador tiene derecho a impugnar o a judicializar las cosas, y ac\u00e1 simplemente hubo un intercambio de nota del prestador, pero sin fundamento\u201d.<\/p>\n\n\n\n<p>El Presidente de IOMA manifest\u00f3 en que \u201clo hemos dicho desde el principio, inicien otro tr\u00e1mite. Es ins\u00f3lito para nosotros tener que estar discutiendo esto porque, bueno, no s\u00e9 a qu\u00e9 juegan. Lo que s\u00ed puedo decir es que no han iniciado el tr\u00e1mite de alta de la cl\u00ednica como prestador\u201d.<\/p>\n","protected":false},"excerpt":{"rendered":"<p>Giles se\u00f1al\u00f3 que la sanci\u00f3n a la Cl\u00ednica ya fue tomada y no hay vuelta atr\u00e1s. \u201cEl prestador esta dado de baja, es una Cl\u00ednica que no existe m\u00e1s en IOMA\u201d. Para luego agregar que si quiere volver a ser prestador tiene que presentar toda la documentaci\u00f3n, y si esta todo bien, en una semana es habilitada<\/p>\n","protected":false},"author":2,"featured_media":110525,"comment_status":"closed","ping_status":"open","sticky":false,"template":"","format":"standard","meta":{"footnotes":""},"categories":[1613],"tags":[8851],"class_list":["post-110524","post","type-post","status-publish","format-standard","has-post-thumbnail","hentry","category-noticia-secundaria","tag-declaraciones-a-fm-del-sol"],"yoast_head":"<!-- This site is optimized with the Yoast SEO plugin v23.4 - https:\/\/yoast.com\/wordpress\/plugins\/seo\/ -->\n<title>Habl\u00f3 el presidente del IOMA sobre la Cl\u00ednica del Oeste: \u201csi el prestador quiere volver, tiene que tramitar el alta&quot; - Infoecos<\/title>\n<meta name=\"robots\" content=\"index, follow, max-snippet:-1, max-image-preview:large, max-video-preview:-1\" \/>\n<link rel=\"canonical\" href=\"https:\/\/infoecos.com.ar\/index.php\/hablo-el-presidente-del-ioma-sobre-la-clinica-del-oeste-si-el-prestador-quiere-volver-tiene-que-tramitar-el-alta\/\" \/>\n<meta property=\"og:locale\" content=\"es_ES\" \/>\n<meta property=\"og:type\" content=\"article\" \/>\n<meta property=\"og:title\" content=\"Habl\u00f3 el presidente del IOMA sobre la Cl\u00ednica del Oeste: \u201csi el prestador quiere volver, tiene que tramitar el alta&quot; - Infoecos\" \/>\n<meta property=\"og:description\" content=\"Giles se\u00f1al\u00f3 que la sanci\u00f3n a la Cl\u00ednica ya fue tomada y no hay vuelta atr\u00e1s. \u201cEl prestador esta dado de baja, es una Cl\u00ednica que no existe m\u00e1s en IOMA\u201d. Para luego agregar que si quiere volver a ser prestador tiene que presentar toda la documentaci\u00f3n, y si esta todo bien, en una semana es habilitada\" \/>\n<meta property=\"og:url\" content=\"https:\/\/infoecos.com.ar\/index.php\/hablo-el-presidente-del-ioma-sobre-la-clinica-del-oeste-si-el-prestador-quiere-volver-tiene-que-tramitar-el-alta\/\" \/>\n<meta property=\"og:site_name\" content=\"Infoecos\" \/>\n<meta property=\"article:publisher\" content=\"https:\/\/www.facebook.com\/profile.php?id=100063200290284\" \/>\n<meta property=\"article:published_time\" content=\"2023-08-24T04:30:24+00:00\" \/>\n<meta property=\"article:modified_time\" content=\"2023-08-24T16:03:13+00:00\" \/>\n<meta property=\"og:image\" content=\"https:\/\/infoecos.com.ar\/wp-content\/uploads\/2023\/08\/image-114.png\" \/>\n\t<meta property=\"og:image:width\" content=\"640\" \/>\n\t<meta property=\"og:image:height\" content=\"425\" \/>\n\t<meta property=\"og:image:type\" content=\"image\/png\" \/>\n<meta name=\"author\" content=\"Jorge Matheus\" \/>\n<meta name=\"twitter:card\" content=\"summary_large_image\" \/>\n<meta name=\"twitter:creator\" content=\"@infoecos\" \/>\n<meta name=\"twitter:site\" content=\"@infoecos\" \/>\n<meta name=\"twitter:label1\" content=\"Escrito por\" \/>\n\t<meta name=\"twitter:data1\" content=\"Jorge Matheus\" \/>\n\t<meta name=\"twitter:label2\" content=\"Tiempo de lectura\" \/>\n\t<meta name=\"twitter:data2\" content=\"4 minutos\" \/>\n<script type=\"application\/ld+json\" class=\"yoast-schema-graph\">{\"@context\":\"https:\/\/schema.org\",\"@graph\":[{\"@type\":\"Article\",\"@id\":\"https:\/\/infoecos.com.ar\/index.php\/hablo-el-presidente-del-ioma-sobre-la-clinica-del-oeste-si-el-prestador-quiere-volver-tiene-que-tramitar-el-alta\/#article\",\"isPartOf\":{\"@id\":\"https:\/\/infoecos.com.ar\/index.php\/hablo-el-presidente-del-ioma-sobre-la-clinica-del-oeste-si-el-prestador-quiere-volver-tiene-que-tramitar-el-alta\/\"},\"author\":{\"name\":\"Jorge Matheus\",\"@id\":\"https:\/\/infoecos.com.ar\/#\/schema\/person\/8f5ace5ce73b4b4aac4b7245aee6f191\"},\"headline\":\"Habl\u00f3 el presidente del IOMA sobre la Cl\u00ednica del Oeste: \u201csi el prestador quiere volver, tiene que tramitar el alta\u00bb\",\"datePublished\":\"2023-08-24T04:30:24+00:00\",\"dateModified\":\"2023-08-24T16:03:13+00:00\",\"mainEntityOfPage\":{\"@id\":\"https:\/\/infoecos.com.ar\/index.php\/hablo-el-presidente-del-ioma-sobre-la-clinica-del-oeste-si-el-prestador-quiere-volver-tiene-que-tramitar-el-alta\/\"},\"wordCount\":658,\"publisher\":{\"@id\":\"https:\/\/infoecos.com.ar\/#organization\"},\"image\":{\"@id\":\"https:\/\/infoecos.com.ar\/index.php\/hablo-el-presidente-del-ioma-sobre-la-clinica-del-oeste-si-el-prestador-quiere-volver-tiene-que-tramitar-el-alta\/#primaryimage\"},\"thumbnailUrl\":\"https:\/\/infoecos.com.ar\/wp-content\/uploads\/2023\/08\/image-114.png\",\"keywords\":[\"DECLARACIONES A FM DEL SOL\"],\"articleSection\":[\"Noticia Secundaria\"],\"inLanguage\":\"es\"},{\"@type\":\"WebPage\",\"@id\":\"https:\/\/infoecos.com.ar\/index.php\/hablo-el-presidente-del-ioma-sobre-la-clinica-del-oeste-si-el-prestador-quiere-volver-tiene-que-tramitar-el-alta\/\",\"url\":\"https:\/\/infoecos.com.ar\/index.php\/hablo-el-presidente-del-ioma-sobre-la-clinica-del-oeste-si-el-prestador-quiere-volver-tiene-que-tramitar-el-alta\/\",\"name\":\"Habl\u00f3 el presidente del IOMA sobre la Cl\u00ednica del Oeste: \u201csi el prestador quiere volver, tiene que tramitar el alta\\\" - Infoecos\",\"isPartOf\":{\"@id\":\"https:\/\/infoecos.com.ar\/#website\"},\"primaryImageOfPage\":{\"@id\":\"https:\/\/infoecos.com.ar\/index.php\/hablo-el-presidente-del-ioma-sobre-la-clinica-del-oeste-si-el-prestador-quiere-volver-tiene-que-tramitar-el-alta\/#primaryimage\"},\"image\":{\"@id\":\"https:\/\/infoecos.com.ar\/index.php\/hablo-el-presidente-del-ioma-sobre-la-clinica-del-oeste-si-el-prestador-quiere-volver-tiene-que-tramitar-el-alta\/#primaryimage\"},\"thumbnailUrl\":\"https:\/\/infoecos.com.ar\/wp-content\/uploads\/2023\/08\/image-114.png\",\"datePublished\":\"2023-08-24T04:30:24+00:00\",\"dateModified\":\"2023-08-24T16:03:13+00:00\",\"breadcrumb\":{\"@id\":\"https:\/\/infoecos.com.ar\/index.php\/hablo-el-presidente-del-ioma-sobre-la-clinica-del-oeste-si-el-prestador-quiere-volver-tiene-que-tramitar-el-alta\/#breadcrumb\"},\"inLanguage\":\"es\",\"potentialAction\":[{\"@type\":\"ReadAction\",\"target\":[\"https:\/\/infoecos.com.ar\/index.php\/hablo-el-presidente-del-ioma-sobre-la-clinica-del-oeste-si-el-prestador-quiere-volver-tiene-que-tramitar-el-alta\/\"]}]},{\"@type\":\"ImageObject\",\"inLanguage\":\"es\",\"@id\":\"https:\/\/infoecos.com.ar\/index.php\/hablo-el-presidente-del-ioma-sobre-la-clinica-del-oeste-si-el-prestador-quiere-volver-tiene-que-tramitar-el-alta\/#primaryimage\",\"url\":\"https:\/\/infoecos.com.ar\/wp-content\/uploads\/2023\/08\/image-114.png\",\"contentUrl\":\"https:\/\/infoecos.com.ar\/wp-content\/uploads\/2023\/08\/image-114.png\",\"width\":1280,\"height\":849},{\"@type\":\"BreadcrumbList\",\"@id\":\"https:\/\/infoecos.com.ar\/index.php\/hablo-el-presidente-del-ioma-sobre-la-clinica-del-oeste-si-el-prestador-quiere-volver-tiene-que-tramitar-el-alta\/#breadcrumb\",\"itemListElement\":[{\"@type\":\"ListItem\",\"position\":1,\"name\":\"Portada\",\"item\":\"https:\/\/infoecos.com.ar\/\"},{\"@type\":\"ListItem\",\"position\":2,\"name\":\"Habl\u00f3 el presidente del IOMA sobre la Cl\u00ednica del Oeste: \u201csi el prestador quiere volver, tiene que tramitar el alta\u00bb\"}]},{\"@type\":\"WebSite\",\"@id\":\"https:\/\/infoecos.com.ar\/#website\",\"url\":\"https:\/\/infoecos.com.ar\/\",\"name\":\"Infoecos\",\"description\":\"Noticias de trenque lauquen y la zona\",\"publisher\":{\"@id\":\"https:\/\/infoecos.com.ar\/#organization\"},\"alternateName\":\"Noticias\",\"potentialAction\":[{\"@type\":\"SearchAction\",\"target\":{\"@type\":\"EntryPoint\",\"urlTemplate\":\"https:\/\/infoecos.com.ar\/?s={search_term_string}\"},\"query-input\":{\"@type\":\"PropertyValueSpecification\",\"valueRequired\":true,\"valueName\":\"search_term_string\"}}],\"inLanguage\":\"es\"},{\"@type\":\"Organization\",\"@id\":\"https:\/\/infoecos.com.ar\/#organization\",\"name\":\"Infoecos\",\"alternateName\":\"Noticias\",\"url\":\"https:\/\/infoecos.com.ar\/\",\"logo\":{\"@type\":\"ImageObject\",\"inLanguage\":\"es\",\"@id\":\"https:\/\/infoecos.com.ar\/#\/schema\/logo\/image\/\",\"url\":\"https:\/\/infoecos.com.ar\/wp-content\/uploads\/2024\/03\/cropped-logo.png\",\"contentUrl\":\"https:\/\/infoecos.com.ar\/wp-content\/uploads\/2024\/03\/cropped-logo.png\",\"width\":374,\"height\":90,\"caption\":\"Infoecos\"},\"image\":{\"@id\":\"https:\/\/infoecos.com.ar\/#\/schema\/logo\/image\/\"},\"sameAs\":[\"https:\/\/www.facebook.com\/profile.php?id=100063200290284\",\"https:\/\/x.com\/infoecos\"]},{\"@type\":\"Person\",\"@id\":\"https:\/\/infoecos.com.ar\/#\/schema\/person\/8f5ace5ce73b4b4aac4b7245aee6f191\",\"name\":\"Jorge Matheus\",\"url\":\"https:\/\/infoecos.com.ar\/index.php\/author\/jomatheus\/\"}]}<\/script>\n<!-- \/ Yoast SEO plugin. -->","yoast_head_json":{"title":"Habl\u00f3 el presidente del IOMA sobre la Cl\u00ednica del Oeste: \u201csi el prestador quiere volver, tiene que tramitar el alta\" - Infoecos","robots":{"index":"index","follow":"follow","max-snippet":"max-snippet:-1","max-image-preview":"max-image-preview:large","max-video-preview":"max-video-preview:-1"},"canonical":"https:\/\/infoecos.com.ar\/index.php\/hablo-el-presidente-del-ioma-sobre-la-clinica-del-oeste-si-el-prestador-quiere-volver-tiene-que-tramitar-el-alta\/","og_locale":"es_ES","og_type":"article","og_title":"Habl\u00f3 el presidente del IOMA sobre la Cl\u00ednica del Oeste: \u201csi el prestador quiere volver, tiene que tramitar el alta\" - Infoecos","og_description":"Giles se\u00f1al\u00f3 que la sanci\u00f3n a la Cl\u00ednica ya fue tomada y no hay vuelta atr\u00e1s. \u201cEl prestador esta dado de baja, es una Cl\u00ednica que no existe m\u00e1s en IOMA\u201d. Para luego agregar que si quiere volver a ser prestador tiene que presentar toda la documentaci\u00f3n, y si esta todo bien, en una semana es habilitada","og_url":"https:\/\/infoecos.com.ar\/index.php\/hablo-el-presidente-del-ioma-sobre-la-clinica-del-oeste-si-el-prestador-quiere-volver-tiene-que-tramitar-el-alta\/","og_site_name":"Infoecos","article_publisher":"https:\/\/www.facebook.com\/profile.php?id=100063200290284","article_published_time":"2023-08-24T04:30:24+00:00","article_modified_time":"2023-08-24T16:03:13+00:00","og_image":[{"url":"https:\/\/infoecos.com.ar\/wp-content\/uploads\/2023\/08\/image-114.png","width":640,"height":425,"type":"image\/png"}],"author":"Jorge Matheus","twitter_card":"summary_large_image","twitter_creator":"@infoecos","twitter_site":"@infoecos","twitter_misc":{"Escrito por":"Jorge Matheus","Tiempo de lectura":"4 minutos"},"schema":{"@context":"https:\/\/schema.org","@graph":[{"@type":"Article","@id":"https:\/\/infoecos.com.ar\/index.php\/hablo-el-presidente-del-ioma-sobre-la-clinica-del-oeste-si-el-prestador-quiere-volver-tiene-que-tramitar-el-alta\/#article","isPartOf":{"@id":"https:\/\/infoecos.com.ar\/index.php\/hablo-el-presidente-del-ioma-sobre-la-clinica-del-oeste-si-el-prestador-quiere-volver-tiene-que-tramitar-el-alta\/"},"author":{"name":"Jorge Matheus","@id":"https:\/\/infoecos.com.ar\/#\/schema\/person\/8f5ace5ce73b4b4aac4b7245aee6f191"},"headline":"Habl\u00f3 el presidente del IOMA sobre la Cl\u00ednica del Oeste: \u201csi el prestador quiere volver, tiene que tramitar el alta\u00bb","datePublished":"2023-08-24T04:30:24+00:00","dateModified":"2023-08-24T16:03:13+00:00","mainEntityOfPage":{"@id":"https:\/\/infoecos.com.ar\/index.php\/hablo-el-presidente-del-ioma-sobre-la-clinica-del-oeste-si-el-prestador-quiere-volver-tiene-que-tramitar-el-alta\/"},"wordCount":658,"publisher":{"@id":"https:\/\/infoecos.com.ar\/#organization"},"image":{"@id":"https:\/\/infoecos.com.ar\/index.php\/hablo-el-presidente-del-ioma-sobre-la-clinica-del-oeste-si-el-prestador-quiere-volver-tiene-que-tramitar-el-alta\/#primaryimage"},"thumbnailUrl":"https:\/\/infoecos.com.ar\/wp-content\/uploads\/2023\/08\/image-114.png","keywords":["DECLARACIONES A FM DEL SOL"],"articleSection":["Noticia Secundaria"],"inLanguage":"es"},{"@type":"WebPage","@id":"https:\/\/infoecos.com.ar\/index.php\/hablo-el-presidente-del-ioma-sobre-la-clinica-del-oeste-si-el-prestador-quiere-volver-tiene-que-tramitar-el-alta\/","url":"https:\/\/infoecos.com.ar\/index.php\/hablo-el-presidente-del-ioma-sobre-la-clinica-del-oeste-si-el-prestador-quiere-volver-tiene-que-tramitar-el-alta\/","name":"Habl\u00f3 el presidente del IOMA sobre la Cl\u00ednica del Oeste: \u201csi el prestador quiere volver, tiene que tramitar el alta\" - Infoecos","isPartOf":{"@id":"https:\/\/infoecos.com.ar\/#website"},"primaryImageOfPage":{"@id":"https:\/\/infoecos.com.ar\/index.php\/hablo-el-presidente-del-ioma-sobre-la-clinica-del-oeste-si-el-prestador-quiere-volver-tiene-que-tramitar-el-alta\/#primaryimage"},"image":{"@id":"https:\/\/infoecos.com.ar\/index.php\/hablo-el-presidente-del-ioma-sobre-la-clinica-del-oeste-si-el-prestador-quiere-volver-tiene-que-tramitar-el-alta\/#primaryimage"},"thumbnailUrl":"https:\/\/infoecos.com.ar\/wp-content\/uploads\/2023\/08\/image-114.png","datePublished":"2023-08-24T04:30:24+00:00","dateModified":"2023-08-24T16:03:13+00:00","breadcrumb":{"@id":"https:\/\/infoecos.com.ar\/index.php\/hablo-el-presidente-del-ioma-sobre-la-clinica-del-oeste-si-el-prestador-quiere-volver-tiene-que-tramitar-el-alta\/#breadcrumb"},"inLanguage":"es","potentialAction":[{"@type":"ReadAction","target":["https:\/\/infoecos.com.ar\/index.php\/hablo-el-presidente-del-ioma-sobre-la-clinica-del-oeste-si-el-prestador-quiere-volver-tiene-que-tramitar-el-alta\/"]}]},{"@type":"ImageObject","inLanguage":"es","@id":"https:\/\/infoecos.com.ar\/index.php\/hablo-el-presidente-del-ioma-sobre-la-clinica-del-oeste-si-el-prestador-quiere-volver-tiene-que-tramitar-el-alta\/#primaryimage","url":"https:\/\/infoecos.com.ar\/wp-content\/uploads\/2023\/08\/image-114.png","contentUrl":"https:\/\/infoecos.com.ar\/wp-content\/uploads\/2023\/08\/image-114.png","width":1280,"height":849},{"@type":"BreadcrumbList","@id":"https:\/\/infoecos.com.ar\/index.php\/hablo-el-presidente-del-ioma-sobre-la-clinica-del-oeste-si-el-prestador-quiere-volver-tiene-que-tramitar-el-alta\/#breadcrumb","itemListElement":[{"@type":"ListItem","position":1,"name":"Portada","item":"https:\/\/infoecos.com.ar\/"},{"@type":"ListItem","position":2,"name":"Habl\u00f3 el presidente del IOMA sobre la Cl\u00ednica del Oeste: \u201csi el prestador quiere volver, tiene que tramitar el alta\u00bb"}]},{"@type":"WebSite","@id":"https:\/\/infoecos.com.ar\/#website","url":"https:\/\/infoecos.com.ar\/","name":"Infoecos","description":"Noticias de trenque lauquen y la zona","publisher":{"@id":"https:\/\/infoecos.com.ar\/#organization"},"alternateName":"Noticias","potentialAction":[{"@type":"SearchAction","target":{"@type":"EntryPoint","urlTemplate":"https:\/\/infoecos.com.ar\/?s={search_term_string}"},"query-input":{"@type":"PropertyValueSpecification","valueRequired":true,"valueName":"search_term_string"}}],"inLanguage":"es"},{"@type":"Organization","@id":"https:\/\/infoecos.com.ar\/#organization","name":"Infoecos","alternateName":"Noticias","url":"https:\/\/infoecos.com.ar\/","logo":{"@type":"ImageObject","inLanguage":"es","@id":"https:\/\/infoecos.com.ar\/#\/schema\/logo\/image\/","url":"https:\/\/infoecos.com.ar\/wp-content\/uploads\/2024\/03\/cropped-logo.png","contentUrl":"https:\/\/infoecos.com.ar\/wp-content\/uploads\/2024\/03\/cropped-logo.png","width":374,"height":90,"caption":"Infoecos"},"image":{"@id":"https:\/\/infoecos.com.ar\/#\/schema\/logo\/image\/"},"sameAs":["https:\/\/www.facebook.com\/profile.php?id=100063200290284","https:\/\/x.com\/infoecos"]},{"@type":"Person","@id":"https:\/\/infoecos.com.ar\/#\/schema\/person\/8f5ace5ce73b4b4aac4b7245aee6f191","name":"Jorge Matheus","url":"https:\/\/infoecos.com.ar\/index.php\/author\/jomatheus\/"}]}},"featured_image_urls":{"full":["https:\/\/infoecos.com.ar\/wp-content\/uploads\/2023\/08\/image-114.png",1280,849,false],"thumbnail":["https:\/\/infoecos.com.ar\/wp-content\/uploads\/2023\/08\/image-114-300x150.png",300,150,true],"medium":["https:\/\/infoecos.com.ar\/wp-content\/uploads\/2023\/08\/image-114-800x531.png",800,531,true],"medium_large":["https:\/\/infoecos.com.ar\/wp-content\/uploads\/2023\/08\/image-114-768x509.png",640,424,true],"large":["https:\/\/infoecos.com.ar\/wp-content\/uploads\/2023\/08\/image-114.png",640,425,false],"1536x1536":["https:\/\/infoecos.com.ar\/wp-content\/uploads\/2023\/08\/image-114.png",1280,849,false],"2048x2048":["https:\/\/infoecos.com.ar\/wp-content\/uploads\/2023\/08\/image-114.png",1280,849,false],"covernews-slider-full":["https:\/\/infoecos.com.ar\/wp-content\/uploads\/2023\/08\/image-114.png",1078,715,false],"covernews-slider-center":["https:\/\/infoecos.com.ar\/wp-content\/uploads\/2023\/08\/image-114-936x849.png",551,500,true],"covernews-featured":["https:\/\/infoecos.com.ar\/wp-content\/uploads\/2023\/08\/image-114-1024x679.png",1024,679,true],"covernews-medium":["https:\/\/infoecos.com.ar\/wp-content\/uploads\/2023\/08\/image-114-720x380.png",540,285,true],"covernews-medium-square":["https:\/\/infoecos.com.ar\/wp-content\/uploads\/2023\/08\/image-114-675x450.png",375,250,true]},"author_info":{"info":["Jorge Matheus"]},"category_info":"<a href=\"https:\/\/infoecos.com.ar\/index.php\/category\/noticia-secundaria\/\" rel=\"category tag\">Noticia Secundaria<\/a>","tag_info":"Noticia Secundaria","comment_count":"0","_links":{"self":[{"href":"https:\/\/infoecos.com.ar\/index.php\/wp-json\/wp\/v2\/posts\/110524"}],"collection":[{"href":"https:\/\/infoecos.com.ar\/index.php\/wp-json\/wp\/v2\/posts"}],"about":[{"href":"https:\/\/infoecos.com.ar\/index.php\/wp-json\/wp\/v2\/types\/post"}],"author":[{"embeddable":true,"href":"https:\/\/infoecos.com.ar\/index.php\/wp-json\/wp\/v2\/users\/2"}],"replies":[{"embeddable":true,"href":"https:\/\/infoecos.com.ar\/index.php\/wp-json\/wp\/v2\/comments?post=110524"}],"version-history":[{"count":2,"href":"https:\/\/infoecos.com.ar\/index.php\/wp-json\/wp\/v2\/posts\/110524\/revisions"}],"predecessor-version":[{"id":110544,"href":"https:\/\/infoecos.com.ar\/index.php\/wp-json\/wp\/v2\/posts\/110524\/revisions\/110544"}],"wp:featuredmedia":[{"embeddable":true,"href":"https:\/\/infoecos.com.ar\/index.php\/wp-json\/wp\/v2\/media\/110525"}],"wp:attachment":[{"href":"https:\/\/infoecos.com.ar\/index.php\/wp-json\/wp\/v2\/media?parent=110524"}],"wp:term":[{"taxonomy":"category","embeddable":true,"href":"https:\/\/infoecos.com.ar\/index.php\/wp-json\/wp\/v2\/categories?post=110524"},{"taxonomy":"post_tag","embeddable":true,"href":"https:\/\/infoecos.com.ar\/index.php\/wp-json\/wp\/v2\/tags?post=110524"}],"curies":[{"name":"wp","href":"https:\/\/api.w.org\/{rel}","templated":true}]}}