{"id":110577,"date":"2023-08-25T03:34:38","date_gmt":"2023-08-25T06:34:38","guid":{"rendered":"https:\/\/infoecos.com.ar\/?p=110577"},"modified":"2023-08-28T02:11:46","modified_gmt":"2023-08-28T05:11:46","slug":"los-intendentes-municipales-del-radicalismo-bonaerense-se-reuniran-con-kicillof","status":"publish","type":"post","link":"https:\/\/infoecos.com.ar\/index.php\/los-intendentes-municipales-del-radicalismo-bonaerense-se-reuniran-con-kicillof\/","title":{"rendered":"Primera reuni\u00f3n del Foro de Intendentes Radicales con Kicillof, sin Miguel Fern\u00e1ndez"},"content":{"rendered":"\n<p>Intendentes del radicalismo se reunir\u00e1n el lunes con el Gobernador. <\/p>\n\n\n\n<figure class=\"wp-block-image alignright size-full is-resized\"><img loading=\"lazy\" decoding=\"async\" src=\"https:\/\/infoecos.com.ar\/wp-content\/uploads\/2020\/09\/casagobietrnobsa.jpg\" alt=\"\" class=\"wp-image-68637\" width=\"334\" height=\"223\" srcset=\"https:\/\/infoecos.com.ar\/wp-content\/uploads\/2020\/09\/casagobietrnobsa.jpg 760w, https:\/\/infoecos.com.ar\/wp-content\/uploads\/2020\/09\/casagobietrnobsa-460x306.jpg 460w, https:\/\/infoecos.com.ar\/wp-content\/uploads\/2020\/09\/casagobietrnobsa-675x450.jpg 675w\" sizes=\"(max-width: 334px) 100vw, 334px\" \/><\/figure>\n\n\n\n<p>Llevar\u00e1n sus planteos sobre la gesti\u00f3n, especialmente las dificultades para avanzar en los proyectos en un contexto de inflaci\u00f3n y devaluaci\u00f3n, se\u00f1ala el sitio latecla.info. El medio platense agraga que tambi\u00e9n gestionan una reuni\u00f3n con el ministro de Infraestructura.<\/p>\n\n\n\n<p>Asistir\u00e1n Maximiliano Suescun (Rauch), flamante presidente del Foro, Gonzalo Peluso (Magdalena) y Alejandro Federico (Suipacha).<\/p>\n\n\n\n<p>El intendente de Trenque Lauquen dej\u00f3 la presidencia del Foro a ra\u00edz de su decisi\u00f3n de aceptar la candidatura a vicegobernador de la provincia de Buenos Aires.<\/p>\n\n\n\n<p><\/p>\n","protected":false},"excerpt":{"rendered":"<p>Asistir\u00e1n Maximiliano Suescun (Rauch), flamante presidente del Foro, Gonzalo Peluso (Magdalena) y Alejandro Federico (Suipacha).<\/p>\n","protected":false},"author":2,"featured_media":23983,"comment_status":"closed","ping_status":"open","sticky":false,"template":"","format":"standard","meta":{"footnotes":""},"categories":[1341],"tags":[5684],"class_list":["post-110577","post","type-post","status-publish","format-standard","has-post-thumbnail","hentry","category-c1nota7","tag-este-lunes"],"yoast_head":"<!-- This site is optimized with the Yoast SEO plugin v23.4 - https:\/\/yoast.com\/wordpress\/plugins\/seo\/ -->\n<title>Primera reuni\u00f3n del Foro de Intendentes Radicales con Kicillof, sin Miguel Fern\u00e1ndez - Infoecos<\/title>\n<meta name=\"robots\" content=\"index, follow, max-snippet:-1, max-image-preview:large, max-video-preview:-1\" \/>\n<link rel=\"canonical\" href=\"https:\/\/infoecos.com.ar\/index.php\/los-intendentes-municipales-del-radicalismo-bonaerense-se-reuniran-con-kicillof\/\" \/>\n<meta property=\"og:locale\" content=\"es_ES\" \/>\n<meta property=\"og:type\" content=\"article\" \/>\n<meta property=\"og:title\" content=\"Primera reuni\u00f3n del Foro de Intendentes Radicales con Kicillof, sin Miguel Fern\u00e1ndez - Infoecos\" \/>\n<meta property=\"og:description\" content=\"Asistir\u00e1n Maximiliano Suescun (Rauch), flamante presidente del Foro, Gonzalo Peluso (Magdalena) y Alejandro Federico (Suipacha).\" \/>\n<meta property=\"og:url\" content=\"https:\/\/infoecos.com.ar\/index.php\/los-intendentes-municipales-del-radicalismo-bonaerense-se-reuniran-con-kicillof\/\" \/>\n<meta property=\"og:site_name\" content=\"Infoecos\" \/>\n<meta property=\"article:publisher\" content=\"https:\/\/www.facebook.com\/profile.php?id=100063200290284\" \/>\n<meta property=\"article:published_time\" content=\"2023-08-25T06:34:38+00:00\" \/>\n<meta property=\"article:modified_time\" content=\"2023-08-28T05:11:46+00:00\" \/>\n<meta property=\"og:image\" content=\"https:\/\/infoecos.com.ar\/wp-content\/uploads\/descarga8.jpg\" \/>\n\t<meta property=\"og:image:width\" content=\"277\" \/>\n\t<meta property=\"og:image:height\" content=\"182\" \/>\n\t<meta property=\"og:image:type\" content=\"image\/jpeg\" \/>\n<meta name=\"author\" content=\"Jorge Matheus\" \/>\n<meta name=\"twitter:card\" content=\"summary_large_image\" \/>\n<meta name=\"twitter:creator\" content=\"@infoecos\" \/>\n<meta name=\"twitter:site\" content=\"@infoecos\" \/>\n<meta name=\"twitter:label1\" content=\"Escrito por\" \/>\n\t<meta name=\"twitter:data1\" content=\"Jorge Matheus\" \/>\n\t<meta name=\"twitter:label2\" content=\"Tiempo de lectura\" \/>\n\t<meta name=\"twitter:data2\" content=\"1 minuto\" \/>\n<script type=\"application\/ld+json\" class=\"yoast-schema-graph\">{\"@context\":\"https:\/\/schema.org\",\"@graph\":[{\"@type\":\"Article\",\"@id\":\"https:\/\/infoecos.com.ar\/index.php\/los-intendentes-municipales-del-radicalismo-bonaerense-se-reuniran-con-kicillof\/#article\",\"isPartOf\":{\"@id\":\"https:\/\/infoecos.com.ar\/index.php\/los-intendentes-municipales-del-radicalismo-bonaerense-se-reuniran-con-kicillof\/\"},\"author\":{\"name\":\"Jorge Matheus\",\"@id\":\"https:\/\/infoecos.com.ar\/#\/schema\/person\/8f5ace5ce73b4b4aac4b7245aee6f191\"},\"headline\":\"Primera reuni\u00f3n del Foro de Intendentes Radicales con Kicillof, sin Miguel Fern\u00e1ndez\",\"datePublished\":\"2023-08-25T06:34:38+00:00\",\"dateModified\":\"2023-08-28T05:11:46+00:00\",\"mainEntityOfPage\":{\"@id\":\"https:\/\/infoecos.com.ar\/index.php\/los-intendentes-municipales-del-radicalismo-bonaerense-se-reuniran-con-kicillof\/\"},\"wordCount\":117,\"publisher\":{\"@id\":\"https:\/\/infoecos.com.ar\/#organization\"},\"image\":{\"@id\":\"https:\/\/infoecos.com.ar\/index.php\/los-intendentes-municipales-del-radicalismo-bonaerense-se-reuniran-con-kicillof\/#primaryimage\"},\"thumbnailUrl\":\"\",\"keywords\":[\"ESTE LUNES\"],\"articleSection\":[\"C1 nota 7\"],\"inLanguage\":\"es\"},{\"@type\":\"WebPage\",\"@id\":\"https:\/\/infoecos.com.ar\/index.php\/los-intendentes-municipales-del-radicalismo-bonaerense-se-reuniran-con-kicillof\/\",\"url\":\"https:\/\/infoecos.com.ar\/index.php\/los-intendentes-municipales-del-radicalismo-bonaerense-se-reuniran-con-kicillof\/\",\"name\":\"Primera reuni\u00f3n del Foro de Intendentes Radicales con Kicillof, sin Miguel Fern\u00e1ndez - Infoecos\",\"isPartOf\":{\"@id\":\"https:\/\/infoecos.com.ar\/#website\"},\"primaryImageOfPage\":{\"@id\":\"https:\/\/infoecos.com.ar\/index.php\/los-intendentes-municipales-del-radicalismo-bonaerense-se-reuniran-con-kicillof\/#primaryimage\"},\"image\":{\"@id\":\"https:\/\/infoecos.com.ar\/index.php\/los-intendentes-municipales-del-radicalismo-bonaerense-se-reuniran-con-kicillof\/#primaryimage\"},\"thumbnailUrl\":\"\",\"datePublished\":\"2023-08-25T06:34:38+00:00\",\"dateModified\":\"2023-08-28T05:11:46+00:00\",\"breadcrumb\":{\"@id\":\"https:\/\/infoecos.com.ar\/index.php\/los-intendentes-municipales-del-radicalismo-bonaerense-se-reuniran-con-kicillof\/#breadcrumb\"},\"inLanguage\":\"es\",\"potentialAction\":[{\"@type\":\"ReadAction\",\"target\":[\"https:\/\/infoecos.com.ar\/index.php\/los-intendentes-municipales-del-radicalismo-bonaerense-se-reuniran-con-kicillof\/\"]}]},{\"@type\":\"ImageObject\",\"inLanguage\":\"es\",\"@id\":\"https:\/\/infoecos.com.ar\/index.php\/los-intendentes-municipales-del-radicalismo-bonaerense-se-reuniran-con-kicillof\/#primaryimage\",\"url\":\"\",\"contentUrl\":\"\"},{\"@type\":\"BreadcrumbList\",\"@id\":\"https:\/\/infoecos.com.ar\/index.php\/los-intendentes-municipales-del-radicalismo-bonaerense-se-reuniran-con-kicillof\/#breadcrumb\",\"itemListElement\":[{\"@type\":\"ListItem\",\"position\":1,\"name\":\"Portada\",\"item\":\"https:\/\/infoecos.com.ar\/\"},{\"@type\":\"ListItem\",\"position\":2,\"name\":\"Primera reuni\u00f3n del Foro de Intendentes Radicales con Kicillof, sin Miguel Fern\u00e1ndez\"}]},{\"@type\":\"WebSite\",\"@id\":\"https:\/\/infoecos.com.ar\/#website\",\"url\":\"https:\/\/infoecos.com.ar\/\",\"name\":\"Infoecos\",\"description\":\"Noticias de trenque lauquen y la zona\",\"publisher\":{\"@id\":\"https:\/\/infoecos.com.ar\/#organization\"},\"alternateName\":\"Noticias\",\"potentialAction\":[{\"@type\":\"SearchAction\",\"target\":{\"@type\":\"EntryPoint\",\"urlTemplate\":\"https:\/\/infoecos.com.ar\/?s={search_term_string}\"},\"query-input\":{\"@type\":\"PropertyValueSpecification\",\"valueRequired\":true,\"valueName\":\"search_term_string\"}}],\"inLanguage\":\"es\"},{\"@type\":\"Organization\",\"@id\":\"https:\/\/infoecos.com.ar\/#organization\",\"name\":\"Infoecos\",\"alternateName\":\"Noticias\",\"url\":\"https:\/\/infoecos.com.ar\/\",\"logo\":{\"@type\":\"ImageObject\",\"inLanguage\":\"es\",\"@id\":\"https:\/\/infoecos.com.ar\/#\/schema\/logo\/image\/\",\"url\":\"https:\/\/infoecos.com.ar\/wp-content\/uploads\/2024\/03\/cropped-logo.png\",\"contentUrl\":\"https:\/\/infoecos.com.ar\/wp-content\/uploads\/2024\/03\/cropped-logo.png\",\"width\":374,\"height\":90,\"caption\":\"Infoecos\"},\"image\":{\"@id\":\"https:\/\/infoecos.com.ar\/#\/schema\/logo\/image\/\"},\"sameAs\":[\"https:\/\/www.facebook.com\/profile.php?id=100063200290284\",\"https:\/\/x.com\/infoecos\"]},{\"@type\":\"Person\",\"@id\":\"https:\/\/infoecos.com.ar\/#\/schema\/person\/8f5ace5ce73b4b4aac4b7245aee6f191\",\"name\":\"Jorge Matheus\",\"url\":\"https:\/\/infoecos.com.ar\/index.php\/author\/jomatheus\/\"}]}<\/script>\n<!-- \/ Yoast SEO plugin. -->","yoast_head_json":{"title":"Primera reuni\u00f3n del Foro de Intendentes Radicales con Kicillof, sin Miguel Fern\u00e1ndez - Infoecos","robots":{"index":"index","follow":"follow","max-snippet":"max-snippet:-1","max-image-preview":"max-image-preview:large","max-video-preview":"max-video-preview:-1"},"canonical":"https:\/\/infoecos.com.ar\/index.php\/los-intendentes-municipales-del-radicalismo-bonaerense-se-reuniran-con-kicillof\/","og_locale":"es_ES","og_type":"article","og_title":"Primera reuni\u00f3n del Foro de Intendentes Radicales con Kicillof, sin Miguel Fern\u00e1ndez - Infoecos","og_description":"Asistir\u00e1n Maximiliano Suescun (Rauch), flamante presidente del Foro, Gonzalo Peluso (Magdalena) y Alejandro Federico (Suipacha).","og_url":"https:\/\/infoecos.com.ar\/index.php\/los-intendentes-municipales-del-radicalismo-bonaerense-se-reuniran-con-kicillof\/","og_site_name":"Infoecos","article_publisher":"https:\/\/www.facebook.com\/profile.php?id=100063200290284","article_published_time":"2023-08-25T06:34:38+00:00","article_modified_time":"2023-08-28T05:11:46+00:00","og_image":[{"width":277,"height":182,"url":"https:\/\/infoecos.com.ar\/wp-content\/uploads\/descarga8.jpg","type":"image\/jpeg"}],"author":"Jorge Matheus","twitter_card":"summary_large_image","twitter_creator":"@infoecos","twitter_site":"@infoecos","twitter_misc":{"Escrito por":"Jorge Matheus","Tiempo de lectura":"1 minuto"},"schema":{"@context":"https:\/\/schema.org","@graph":[{"@type":"Article","@id":"https:\/\/infoecos.com.ar\/index.php\/los-intendentes-municipales-del-radicalismo-bonaerense-se-reuniran-con-kicillof\/#article","isPartOf":{"@id":"https:\/\/infoecos.com.ar\/index.php\/los-intendentes-municipales-del-radicalismo-bonaerense-se-reuniran-con-kicillof\/"},"author":{"name":"Jorge Matheus","@id":"https:\/\/infoecos.com.ar\/#\/schema\/person\/8f5ace5ce73b4b4aac4b7245aee6f191"},"headline":"Primera reuni\u00f3n del Foro de Intendentes Radicales con Kicillof, sin Miguel Fern\u00e1ndez","datePublished":"2023-08-25T06:34:38+00:00","dateModified":"2023-08-28T05:11:46+00:00","mainEntityOfPage":{"@id":"https:\/\/infoecos.com.ar\/index.php\/los-intendentes-municipales-del-radicalismo-bonaerense-se-reuniran-con-kicillof\/"},"wordCount":117,"publisher":{"@id":"https:\/\/infoecos.com.ar\/#organization"},"image":{"@id":"https:\/\/infoecos.com.ar\/index.php\/los-intendentes-municipales-del-radicalismo-bonaerense-se-reuniran-con-kicillof\/#primaryimage"},"thumbnailUrl":"","keywords":["ESTE LUNES"],"articleSection":["C1 nota 7"],"inLanguage":"es"},{"@type":"WebPage","@id":"https:\/\/infoecos.com.ar\/index.php\/los-intendentes-municipales-del-radicalismo-bonaerense-se-reuniran-con-kicillof\/","url":"https:\/\/infoecos.com.ar\/index.php\/los-intendentes-municipales-del-radicalismo-bonaerense-se-reuniran-con-kicillof\/","name":"Primera reuni\u00f3n del Foro de Intendentes Radicales con Kicillof, sin Miguel Fern\u00e1ndez - Infoecos","isPartOf":{"@id":"https:\/\/infoecos.com.ar\/#website"},"primaryImageOfPage":{"@id":"https:\/\/infoecos.com.ar\/index.php\/los-intendentes-municipales-del-radicalismo-bonaerense-se-reuniran-con-kicillof\/#primaryimage"},"image":{"@id":"https:\/\/infoecos.com.ar\/index.php\/los-intendentes-municipales-del-radicalismo-bonaerense-se-reuniran-con-kicillof\/#primaryimage"},"thumbnailUrl":"","datePublished":"2023-08-25T06:34:38+00:00","dateModified":"2023-08-28T05:11:46+00:00","breadcrumb":{"@id":"https:\/\/infoecos.com.ar\/index.php\/los-intendentes-municipales-del-radicalismo-bonaerense-se-reuniran-con-kicillof\/#breadcrumb"},"inLanguage":"es","potentialAction":[{"@type":"ReadAction","target":["https:\/\/infoecos.com.ar\/index.php\/los-intendentes-municipales-del-radicalismo-bonaerense-se-reuniran-con-kicillof\/"]}]},{"@type":"ImageObject","inLanguage":"es","@id":"https:\/\/infoecos.com.ar\/index.php\/los-intendentes-municipales-del-radicalismo-bonaerense-se-reuniran-con-kicillof\/#primaryimage","url":"","contentUrl":""},{"@type":"BreadcrumbList","@id":"https:\/\/infoecos.com.ar\/index.php\/los-intendentes-municipales-del-radicalismo-bonaerense-se-reuniran-con-kicillof\/#breadcrumb","itemListElement":[{"@type":"ListItem","position":1,"name":"Portada","item":"https:\/\/infoecos.com.ar\/"},{"@type":"ListItem","position":2,"name":"Primera reuni\u00f3n del Foro de Intendentes Radicales con Kicillof, sin Miguel Fern\u00e1ndez"}]},{"@type":"WebSite","@id":"https:\/\/infoecos.com.ar\/#website","url":"https:\/\/infoecos.com.ar\/","name":"Infoecos","description":"Noticias de trenque lauquen y la zona","publisher":{"@id":"https:\/\/infoecos.com.ar\/#organization"},"alternateName":"Noticias","potentialAction":[{"@type":"SearchAction","target":{"@type":"EntryPoint","urlTemplate":"https:\/\/infoecos.com.ar\/?s={search_term_string}"},"query-input":{"@type":"PropertyValueSpecification","valueRequired":true,"valueName":"search_term_string"}}],"inLanguage":"es"},{"@type":"Organization","@id":"https:\/\/infoecos.com.ar\/#organization","name":"Infoecos","alternateName":"Noticias","url":"https:\/\/infoecos.com.ar\/","logo":{"@type":"ImageObject","inLanguage":"es","@id":"https:\/\/infoecos.com.ar\/#\/schema\/logo\/image\/","url":"https:\/\/infoecos.com.ar\/wp-content\/uploads\/2024\/03\/cropped-logo.png","contentUrl":"https:\/\/infoecos.com.ar\/wp-content\/uploads\/2024\/03\/cropped-logo.png","width":374,"height":90,"caption":"Infoecos"},"image":{"@id":"https:\/\/infoecos.com.ar\/#\/schema\/logo\/image\/"},"sameAs":["https:\/\/www.facebook.com\/profile.php?id=100063200290284","https:\/\/x.com\/infoecos"]},{"@type":"Person","@id":"https:\/\/infoecos.com.ar\/#\/schema\/person\/8f5ace5ce73b4b4aac4b7245aee6f191","name":"Jorge Matheus","url":"https:\/\/infoecos.com.ar\/index.php\/author\/jomatheus\/"}]}},"featured_image_urls":{"full":"","thumbnail":"","medium":"","medium_large":"","large":"","1536x1536":"","2048x2048":"","covernews-slider-full":"","covernews-slider-center":"","covernews-featured":"","covernews-medium":"","covernews-medium-square":""},"author_info":{"info":["Jorge Matheus"]},"category_info":"<a href=\"https:\/\/infoecos.com.ar\/index.php\/category\/c1nota7\/\" rel=\"category tag\">C1 nota 7<\/a>","tag_info":"C1 nota 7","comment_count":"0","_links":{"self":[{"href":"https:\/\/infoecos.com.ar\/index.php\/wp-json\/wp\/v2\/posts\/110577"}],"collection":[{"href":"https:\/\/infoecos.com.ar\/index.php\/wp-json\/wp\/v2\/posts"}],"about":[{"href":"https:\/\/infoecos.com.ar\/index.php\/wp-json\/wp\/v2\/types\/post"}],"author":[{"embeddable":true,"href":"https:\/\/infoecos.com.ar\/index.php\/wp-json\/wp\/v2\/users\/2"}],"replies":[{"embeddable":true,"href":"https:\/\/infoecos.com.ar\/index.php\/wp-json\/wp\/v2\/comments?post=110577"}],"version-history":[{"count":2,"href":"https:\/\/infoecos.com.ar\/index.php\/wp-json\/wp\/v2\/posts\/110577\/revisions"}],"predecessor-version":[{"id":110596,"href":"https:\/\/infoecos.com.ar\/index.php\/wp-json\/wp\/v2\/posts\/110577\/revisions\/110596"}],"wp:featuredmedia":[{"embeddable":true,"href":"https:\/\/infoecos.com.ar\/index.php\/wp-json\/"}],"wp:attachment":[{"href":"https:\/\/infoecos.com.ar\/index.php\/wp-json\/wp\/v2\/media?parent=110577"}],"wp:term":[{"taxonomy":"category","embeddable":true,"href":"https:\/\/infoecos.com.ar\/index.php\/wp-json\/wp\/v2\/categories?post=110577"},{"taxonomy":"post_tag","embeddable":true,"href":"https:\/\/infoecos.com.ar\/index.php\/wp-json\/wp\/v2\/tags?post=110577"}],"curies":[{"name":"wp","href":"https:\/\/api.w.org\/{rel}","templated":true}]}}