{"id":110716,"date":"2023-08-27T12:46:14","date_gmt":"2023-08-27T15:46:14","guid":{"rendered":"https:\/\/infoecos.com.ar\/?p=110716"},"modified":"2023-08-29T02:59:16","modified_gmt":"2023-08-29T05:59:16","slug":"mueren-cinco-personas-en-accidente-ocurrido-en-ruta-5-entre-9-de-julio-y-french","status":"publish","type":"post","link":"https:\/\/infoecos.com.ar\/index.php\/mueren-cinco-personas-en-accidente-ocurrido-en-ruta-5-entre-9-de-julio-y-french\/","title":{"rendered":"Muerieron seis personas en accidente ocurrido en Ruta 5, entre 9 de Julio y French"},"content":{"rendered":"\n<p>En la Ruta 5, jurisdicci\u00f3n de Nueve de Julio, chocaron un Peugeot 206 dominio colocado LKX-770 que se desplazaba en sentido Carlos Casares-9 de Julio, con cinco ocupantes en su interior todos de una misma familia, de Las Grutas, Rio negro; y un Toyota Corolla, con dominio AE595IU, &nbsp;que lo hac\u00eda en sentido contrario con un ocupante oriundo de 9 de Julio.<\/p>\n\n\n\n<figure class=\"wp-block-image aligncenter size-full is-resized\"><img loading=\"lazy\" decoding=\"async\" src=\"https:\/\/infoecos.com.ar\/wp-content\/uploads\/2023\/08\/4442c624-1439-4075-9b99-9a43feb4fbc3.jpg\" alt=\"\" class=\"wp-image-110717\" width=\"414\" height=\"232\" srcset=\"https:\/\/infoecos.com.ar\/wp-content\/uploads\/2023\/08\/4442c624-1439-4075-9b99-9a43feb4fbc3.jpg 1280w, https:\/\/infoecos.com.ar\/wp-content\/uploads\/2023\/08\/4442c624-1439-4075-9b99-9a43feb4fbc3-800x450.jpg 800w, https:\/\/infoecos.com.ar\/wp-content\/uploads\/2023\/08\/4442c624-1439-4075-9b99-9a43feb4fbc3-768x432.jpg 768w, https:\/\/infoecos.com.ar\/wp-content\/uploads\/2023\/08\/4442c624-1439-4075-9b99-9a43feb4fbc3-1024x576.jpg 1024w\" sizes=\"(max-width: 414px) 100vw, 414px\" \/><\/figure>\n\n\n\n<p>Como consecuencia del impacto, fallecieron del Peugeot 206, Santiago Grerio Amaya de 48 a\u00f1os, que lo conduc\u00eda; Rosal\u00eda Soledad Robledo de 43 a\u00f1os; Valentina Trinidad Amaya de 20 y Constanza Bernabet Amaya de 19 a\u00f1os En tanto, los bomberos de 9 de Julio rescataron a una menor del interior que fue llevada en grave estado al Hospital Julio de Vedia, y que falleci\u00f3 este lunes.<\/p>\n\n\n\n<p>En tanto, en el Toyota Corolla iba Tob\u00edas Regal\u00eda de 24 a\u00f1os, de 9 de Julio.<\/p>\n\n\n\n<p>Todos fallecieron de manera instant\u00e1nea y el hecho en el lugar denominado las cinco esquinas de la traza vial.<\/p>\n\n\n\n<p>Trabajaron el lugar Bomberos de Nueve de Julio, Polic\u00eda Vial, cient\u00edfica y personal de la Ayudant\u00eda Fiscal.<\/p>\n\n\n\n<p>Fuente: Cadena Nueve (9 de Julio)<\/p>\n\n\n\n<figure class=\"wp-block-gallery has-nested-images columns-default is-cropped wp-block-gallery-1 is-layout-flex wp-block-gallery-is-layout-flex\">\n<figure class=\"wp-block-image size-large\"><img loading=\"lazy\" decoding=\"async\" width=\"1280\" height=\"720\" data-id=\"110725\" src=\"https:\/\/infoecos.com.ar\/wp-content\/uploads\/2023\/08\/4442c624-1439-4075-9b99-9a43feb4fbc3-1.jpg\" alt=\"\" class=\"wp-image-110725\" srcset=\"https:\/\/infoecos.com.ar\/wp-content\/uploads\/2023\/08\/4442c624-1439-4075-9b99-9a43feb4fbc3-1.jpg 1280w, https:\/\/infoecos.com.ar\/wp-content\/uploads\/2023\/08\/4442c624-1439-4075-9b99-9a43feb4fbc3-1-800x450.jpg 800w, https:\/\/infoecos.com.ar\/wp-content\/uploads\/2023\/08\/4442c624-1439-4075-9b99-9a43feb4fbc3-1-768x432.jpg 768w, https:\/\/infoecos.com.ar\/wp-content\/uploads\/2023\/08\/4442c624-1439-4075-9b99-9a43feb4fbc3-1-1024x576.jpg 1024w\" sizes=\"(max-width: 1280px) 100vw, 1280px\" \/><\/figure>\n\n\n\n<figure class=\"wp-block-image size-large\"><img loading=\"lazy\" decoding=\"async\" width=\"1200\" height=\"1093\" data-id=\"110722\" src=\"https:\/\/infoecos.com.ar\/wp-content\/uploads\/2023\/08\/c5cea32b-3628-43cd-9176-d14208020892.jpg\" alt=\"\" class=\"wp-image-110722\" srcset=\"https:\/\/infoecos.com.ar\/wp-content\/uploads\/2023\/08\/c5cea32b-3628-43cd-9176-d14208020892.jpg 1200w, https:\/\/infoecos.com.ar\/wp-content\/uploads\/2023\/08\/c5cea32b-3628-43cd-9176-d14208020892-800x729.jpg 800w, https:\/\/infoecos.com.ar\/wp-content\/uploads\/2023\/08\/c5cea32b-3628-43cd-9176-d14208020892-768x700.jpg 768w, https:\/\/infoecos.com.ar\/wp-content\/uploads\/2023\/08\/c5cea32b-3628-43cd-9176-d14208020892-1024x933.jpg 1024w\" sizes=\"(max-width: 1200px) 100vw, 1200px\" \/><\/figure>\n\n\n\n<figure class=\"wp-block-image size-large\"><img loading=\"lazy\" decoding=\"async\" width=\"926\" height=\"436\" data-id=\"110723\" src=\"https:\/\/infoecos.com.ar\/wp-content\/uploads\/2023\/08\/e773c949-1003-44a4-93cc-8482645c70f8.jpg\" alt=\"\" class=\"wp-image-110723\" srcset=\"https:\/\/infoecos.com.ar\/wp-content\/uploads\/2023\/08\/e773c949-1003-44a4-93cc-8482645c70f8.jpg 926w, https:\/\/infoecos.com.ar\/wp-content\/uploads\/2023\/08\/e773c949-1003-44a4-93cc-8482645c70f8-800x377.jpg 800w, https:\/\/infoecos.com.ar\/wp-content\/uploads\/2023\/08\/e773c949-1003-44a4-93cc-8482645c70f8-768x362.jpg 768w\" sizes=\"(max-width: 926px) 100vw, 926px\" \/><\/figure>\n\n\n\n<figure class=\"wp-block-image size-large\"><img loading=\"lazy\" decoding=\"async\" width=\"1200\" height=\"1600\" data-id=\"110724\" src=\"https:\/\/infoecos.com.ar\/wp-content\/uploads\/2023\/08\/f52f468c-360e-4d62-87be-9ab0298d49f9.jpg\" alt=\"\" class=\"wp-image-110724\" srcset=\"https:\/\/infoecos.com.ar\/wp-content\/uploads\/2023\/08\/f52f468c-360e-4d62-87be-9ab0298d49f9.jpg 1200w, https:\/\/infoecos.com.ar\/wp-content\/uploads\/2023\/08\/f52f468c-360e-4d62-87be-9ab0298d49f9-600x800.jpg 600w, https:\/\/infoecos.com.ar\/wp-content\/uploads\/2023\/08\/f52f468c-360e-4d62-87be-9ab0298d49f9-768x1024.jpg 768w, https:\/\/infoecos.com.ar\/wp-content\/uploads\/2023\/08\/f52f468c-360e-4d62-87be-9ab0298d49f9-1152x1536.jpg 1152w, https:\/\/infoecos.com.ar\/wp-content\/uploads\/2023\/08\/f52f468c-360e-4d62-87be-9ab0298d49f9-1024x1365.jpg 1024w\" sizes=\"(max-width: 1200px) 100vw, 1200px\" \/><\/figure>\n<\/figure>\n","protected":false},"excerpt":{"rendered":"<p>Todos fallecieron de manera instant\u00e1nea y el hecho en el lugar denominado las cinco esquinas de la traza vial.<\/p>\n","protected":false},"author":2,"featured_media":110723,"comment_status":"closed","ping_status":"open","sticky":false,"template":"","format":"standard","meta":{"footnotes":""},"categories":[40],"tags":[8888],"class_list":["post-110716","post","type-post","status-publish","format-standard","has-post-thumbnail","hentry","category-inferior1","tag-tragico-domingo"],"yoast_head":"<!-- This site is optimized with the Yoast SEO plugin v23.4 - https:\/\/yoast.com\/wordpress\/plugins\/seo\/ -->\n<title>Muerieron seis personas en accidente ocurrido en Ruta 5, entre 9 de Julio y French - Infoecos<\/title>\n<meta name=\"robots\" content=\"index, follow, max-snippet:-1, max-image-preview:large, max-video-preview:-1\" \/>\n<link rel=\"canonical\" href=\"https:\/\/infoecos.com.ar\/index.php\/mueren-cinco-personas-en-accidente-ocurrido-en-ruta-5-entre-9-de-julio-y-french\/\" \/>\n<meta property=\"og:locale\" content=\"es_ES\" \/>\n<meta property=\"og:type\" content=\"article\" \/>\n<meta property=\"og:title\" content=\"Muerieron seis personas en accidente ocurrido en Ruta 5, entre 9 de Julio y French - Infoecos\" \/>\n<meta property=\"og:description\" content=\"Todos fallecieron de manera instant\u00e1nea y el hecho en el lugar denominado las cinco esquinas de la traza vial.\" \/>\n<meta property=\"og:url\" content=\"https:\/\/infoecos.com.ar\/index.php\/mueren-cinco-personas-en-accidente-ocurrido-en-ruta-5-entre-9-de-julio-y-french\/\" \/>\n<meta property=\"og:site_name\" content=\"Infoecos\" \/>\n<meta property=\"article:publisher\" content=\"https:\/\/www.facebook.com\/profile.php?id=100063200290284\" \/>\n<meta property=\"article:published_time\" content=\"2023-08-27T15:46:14+00:00\" \/>\n<meta property=\"article:modified_time\" content=\"2023-08-29T05:59:16+00:00\" \/>\n<meta property=\"og:image\" content=\"https:\/\/infoecos.com.ar\/wp-content\/uploads\/2023\/08\/e773c949-1003-44a4-93cc-8482645c70f8.jpg\" \/>\n\t<meta property=\"og:image:width\" content=\"926\" \/>\n\t<meta property=\"og:image:height\" content=\"436\" \/>\n\t<meta property=\"og:image:type\" content=\"image\/jpeg\" \/>\n<meta name=\"author\" content=\"Jorge Matheus\" \/>\n<meta name=\"twitter:card\" content=\"summary_large_image\" \/>\n<meta name=\"twitter:creator\" content=\"@infoecos\" \/>\n<meta name=\"twitter:site\" content=\"@infoecos\" \/>\n<meta name=\"twitter:label1\" content=\"Escrito por\" \/>\n\t<meta name=\"twitter:data1\" content=\"Jorge Matheus\" \/>\n\t<meta name=\"twitter:label2\" content=\"Tiempo de lectura\" \/>\n\t<meta name=\"twitter:data2\" content=\"2 minutos\" \/>\n<script type=\"application\/ld+json\" class=\"yoast-schema-graph\">{\"@context\":\"https:\/\/schema.org\",\"@graph\":[{\"@type\":\"Article\",\"@id\":\"https:\/\/infoecos.com.ar\/index.php\/mueren-cinco-personas-en-accidente-ocurrido-en-ruta-5-entre-9-de-julio-y-french\/#article\",\"isPartOf\":{\"@id\":\"https:\/\/infoecos.com.ar\/index.php\/mueren-cinco-personas-en-accidente-ocurrido-en-ruta-5-entre-9-de-julio-y-french\/\"},\"author\":{\"name\":\"Jorge Matheus\",\"@id\":\"https:\/\/infoecos.com.ar\/#\/schema\/person\/8f5ace5ce73b4b4aac4b7245aee6f191\"},\"headline\":\"Muerieron seis personas en accidente ocurrido en Ruta 5, entre 9 de Julio y French\",\"datePublished\":\"2023-08-27T15:46:14+00:00\",\"dateModified\":\"2023-08-29T05:59:16+00:00\",\"mainEntityOfPage\":{\"@id\":\"https:\/\/infoecos.com.ar\/index.php\/mueren-cinco-personas-en-accidente-ocurrido-en-ruta-5-entre-9-de-julio-y-french\/\"},\"wordCount\":202,\"publisher\":{\"@id\":\"https:\/\/infoecos.com.ar\/#organization\"},\"image\":{\"@id\":\"https:\/\/infoecos.com.ar\/index.php\/mueren-cinco-personas-en-accidente-ocurrido-en-ruta-5-entre-9-de-julio-y-french\/#primaryimage\"},\"thumbnailUrl\":\"https:\/\/infoecos.com.ar\/wp-content\/uploads\/2023\/08\/e773c949-1003-44a4-93cc-8482645c70f8.jpg\",\"keywords\":[\"tr\u00e1gico domingo\"],\"articleSection\":[\"Bloque inferior - 1\"],\"inLanguage\":\"es\"},{\"@type\":\"WebPage\",\"@id\":\"https:\/\/infoecos.com.ar\/index.php\/mueren-cinco-personas-en-accidente-ocurrido-en-ruta-5-entre-9-de-julio-y-french\/\",\"url\":\"https:\/\/infoecos.com.ar\/index.php\/mueren-cinco-personas-en-accidente-ocurrido-en-ruta-5-entre-9-de-julio-y-french\/\",\"name\":\"Muerieron seis personas en accidente ocurrido en Ruta 5, entre 9 de Julio y French - Infoecos\",\"isPartOf\":{\"@id\":\"https:\/\/infoecos.com.ar\/#website\"},\"primaryImageOfPage\":{\"@id\":\"https:\/\/infoecos.com.ar\/index.php\/mueren-cinco-personas-en-accidente-ocurrido-en-ruta-5-entre-9-de-julio-y-french\/#primaryimage\"},\"image\":{\"@id\":\"https:\/\/infoecos.com.ar\/index.php\/mueren-cinco-personas-en-accidente-ocurrido-en-ruta-5-entre-9-de-julio-y-french\/#primaryimage\"},\"thumbnailUrl\":\"https:\/\/infoecos.com.ar\/wp-content\/uploads\/2023\/08\/e773c949-1003-44a4-93cc-8482645c70f8.jpg\",\"datePublished\":\"2023-08-27T15:46:14+00:00\",\"dateModified\":\"2023-08-29T05:59:16+00:00\",\"breadcrumb\":{\"@id\":\"https:\/\/infoecos.com.ar\/index.php\/mueren-cinco-personas-en-accidente-ocurrido-en-ruta-5-entre-9-de-julio-y-french\/#breadcrumb\"},\"inLanguage\":\"es\",\"potentialAction\":[{\"@type\":\"ReadAction\",\"target\":[\"https:\/\/infoecos.com.ar\/index.php\/mueren-cinco-personas-en-accidente-ocurrido-en-ruta-5-entre-9-de-julio-y-french\/\"]}]},{\"@type\":\"ImageObject\",\"inLanguage\":\"es\",\"@id\":\"https:\/\/infoecos.com.ar\/index.php\/mueren-cinco-personas-en-accidente-ocurrido-en-ruta-5-entre-9-de-julio-y-french\/#primaryimage\",\"url\":\"https:\/\/infoecos.com.ar\/wp-content\/uploads\/2023\/08\/e773c949-1003-44a4-93cc-8482645c70f8.jpg\",\"contentUrl\":\"https:\/\/infoecos.com.ar\/wp-content\/uploads\/2023\/08\/e773c949-1003-44a4-93cc-8482645c70f8.jpg\",\"width\":926,\"height\":436},{\"@type\":\"BreadcrumbList\",\"@id\":\"https:\/\/infoecos.com.ar\/index.php\/mueren-cinco-personas-en-accidente-ocurrido-en-ruta-5-entre-9-de-julio-y-french\/#breadcrumb\",\"itemListElement\":[{\"@type\":\"ListItem\",\"position\":1,\"name\":\"Portada\",\"item\":\"https:\/\/infoecos.com.ar\/\"},{\"@type\":\"ListItem\",\"position\":2,\"name\":\"Muerieron seis personas en accidente ocurrido en Ruta 5, entre 9 de Julio y French\"}]},{\"@type\":\"WebSite\",\"@id\":\"https:\/\/infoecos.com.ar\/#website\",\"url\":\"https:\/\/infoecos.com.ar\/\",\"name\":\"Infoecos\",\"description\":\"Noticias de trenque lauquen y la zona\",\"publisher\":{\"@id\":\"https:\/\/infoecos.com.ar\/#organization\"},\"alternateName\":\"Noticias\",\"potentialAction\":[{\"@type\":\"SearchAction\",\"target\":{\"@type\":\"EntryPoint\",\"urlTemplate\":\"https:\/\/infoecos.com.ar\/?s={search_term_string}\"},\"query-input\":{\"@type\":\"PropertyValueSpecification\",\"valueRequired\":true,\"valueName\":\"search_term_string\"}}],\"inLanguage\":\"es\"},{\"@type\":\"Organization\",\"@id\":\"https:\/\/infoecos.com.ar\/#organization\",\"name\":\"Infoecos\",\"alternateName\":\"Noticias\",\"url\":\"https:\/\/infoecos.com.ar\/\",\"logo\":{\"@type\":\"ImageObject\",\"inLanguage\":\"es\",\"@id\":\"https:\/\/infoecos.com.ar\/#\/schema\/logo\/image\/\",\"url\":\"https:\/\/infoecos.com.ar\/wp-content\/uploads\/2024\/03\/cropped-logo.png\",\"contentUrl\":\"https:\/\/infoecos.com.ar\/wp-content\/uploads\/2024\/03\/cropped-logo.png\",\"width\":374,\"height\":90,\"caption\":\"Infoecos\"},\"image\":{\"@id\":\"https:\/\/infoecos.com.ar\/#\/schema\/logo\/image\/\"},\"sameAs\":[\"https:\/\/www.facebook.com\/profile.php?id=100063200290284\",\"https:\/\/x.com\/infoecos\"]},{\"@type\":\"Person\",\"@id\":\"https:\/\/infoecos.com.ar\/#\/schema\/person\/8f5ace5ce73b4b4aac4b7245aee6f191\",\"name\":\"Jorge Matheus\",\"url\":\"https:\/\/infoecos.com.ar\/index.php\/author\/jomatheus\/\"}]}<\/script>\n<!-- \/ Yoast SEO plugin. -->","yoast_head_json":{"title":"Muerieron seis personas en accidente ocurrido en Ruta 5, entre 9 de Julio y French - Infoecos","robots":{"index":"index","follow":"follow","max-snippet":"max-snippet:-1","max-image-preview":"max-image-preview:large","max-video-preview":"max-video-preview:-1"},"canonical":"https:\/\/infoecos.com.ar\/index.php\/mueren-cinco-personas-en-accidente-ocurrido-en-ruta-5-entre-9-de-julio-y-french\/","og_locale":"es_ES","og_type":"article","og_title":"Muerieron seis personas en accidente ocurrido en Ruta 5, entre 9 de Julio y French - Infoecos","og_description":"Todos fallecieron de manera instant\u00e1nea y el hecho en el lugar denominado las cinco esquinas de la traza vial.","og_url":"https:\/\/infoecos.com.ar\/index.php\/mueren-cinco-personas-en-accidente-ocurrido-en-ruta-5-entre-9-de-julio-y-french\/","og_site_name":"Infoecos","article_publisher":"https:\/\/www.facebook.com\/profile.php?id=100063200290284","article_published_time":"2023-08-27T15:46:14+00:00","article_modified_time":"2023-08-29T05:59:16+00:00","og_image":[{"width":926,"height":436,"url":"https:\/\/infoecos.com.ar\/wp-content\/uploads\/2023\/08\/e773c949-1003-44a4-93cc-8482645c70f8.jpg","type":"image\/jpeg"}],"author":"Jorge Matheus","twitter_card":"summary_large_image","twitter_creator":"@infoecos","twitter_site":"@infoecos","twitter_misc":{"Escrito por":"Jorge Matheus","Tiempo de lectura":"2 minutos"},"schema":{"@context":"https:\/\/schema.org","@graph":[{"@type":"Article","@id":"https:\/\/infoecos.com.ar\/index.php\/mueren-cinco-personas-en-accidente-ocurrido-en-ruta-5-entre-9-de-julio-y-french\/#article","isPartOf":{"@id":"https:\/\/infoecos.com.ar\/index.php\/mueren-cinco-personas-en-accidente-ocurrido-en-ruta-5-entre-9-de-julio-y-french\/"},"author":{"name":"Jorge Matheus","@id":"https:\/\/infoecos.com.ar\/#\/schema\/person\/8f5ace5ce73b4b4aac4b7245aee6f191"},"headline":"Muerieron seis personas en accidente ocurrido en Ruta 5, entre 9 de Julio y French","datePublished":"2023-08-27T15:46:14+00:00","dateModified":"2023-08-29T05:59:16+00:00","mainEntityOfPage":{"@id":"https:\/\/infoecos.com.ar\/index.php\/mueren-cinco-personas-en-accidente-ocurrido-en-ruta-5-entre-9-de-julio-y-french\/"},"wordCount":202,"publisher":{"@id":"https:\/\/infoecos.com.ar\/#organization"},"image":{"@id":"https:\/\/infoecos.com.ar\/index.php\/mueren-cinco-personas-en-accidente-ocurrido-en-ruta-5-entre-9-de-julio-y-french\/#primaryimage"},"thumbnailUrl":"https:\/\/infoecos.com.ar\/wp-content\/uploads\/2023\/08\/e773c949-1003-44a4-93cc-8482645c70f8.jpg","keywords":["tr\u00e1gico domingo"],"articleSection":["Bloque inferior - 1"],"inLanguage":"es"},{"@type":"WebPage","@id":"https:\/\/infoecos.com.ar\/index.php\/mueren-cinco-personas-en-accidente-ocurrido-en-ruta-5-entre-9-de-julio-y-french\/","url":"https:\/\/infoecos.com.ar\/index.php\/mueren-cinco-personas-en-accidente-ocurrido-en-ruta-5-entre-9-de-julio-y-french\/","name":"Muerieron seis personas en accidente ocurrido en Ruta 5, entre 9 de Julio y French - Infoecos","isPartOf":{"@id":"https:\/\/infoecos.com.ar\/#website"},"primaryImageOfPage":{"@id":"https:\/\/infoecos.com.ar\/index.php\/mueren-cinco-personas-en-accidente-ocurrido-en-ruta-5-entre-9-de-julio-y-french\/#primaryimage"},"image":{"@id":"https:\/\/infoecos.com.ar\/index.php\/mueren-cinco-personas-en-accidente-ocurrido-en-ruta-5-entre-9-de-julio-y-french\/#primaryimage"},"thumbnailUrl":"https:\/\/infoecos.com.ar\/wp-content\/uploads\/2023\/08\/e773c949-1003-44a4-93cc-8482645c70f8.jpg","datePublished":"2023-08-27T15:46:14+00:00","dateModified":"2023-08-29T05:59:16+00:00","breadcrumb":{"@id":"https:\/\/infoecos.com.ar\/index.php\/mueren-cinco-personas-en-accidente-ocurrido-en-ruta-5-entre-9-de-julio-y-french\/#breadcrumb"},"inLanguage":"es","potentialAction":[{"@type":"ReadAction","target":["https:\/\/infoecos.com.ar\/index.php\/mueren-cinco-personas-en-accidente-ocurrido-en-ruta-5-entre-9-de-julio-y-french\/"]}]},{"@type":"ImageObject","inLanguage":"es","@id":"https:\/\/infoecos.com.ar\/index.php\/mueren-cinco-personas-en-accidente-ocurrido-en-ruta-5-entre-9-de-julio-y-french\/#primaryimage","url":"https:\/\/infoecos.com.ar\/wp-content\/uploads\/2023\/08\/e773c949-1003-44a4-93cc-8482645c70f8.jpg","contentUrl":"https:\/\/infoecos.com.ar\/wp-content\/uploads\/2023\/08\/e773c949-1003-44a4-93cc-8482645c70f8.jpg","width":926,"height":436},{"@type":"BreadcrumbList","@id":"https:\/\/infoecos.com.ar\/index.php\/mueren-cinco-personas-en-accidente-ocurrido-en-ruta-5-entre-9-de-julio-y-french\/#breadcrumb","itemListElement":[{"@type":"ListItem","position":1,"name":"Portada","item":"https:\/\/infoecos.com.ar\/"},{"@type":"ListItem","position":2,"name":"Muerieron seis personas en accidente ocurrido en Ruta 5, entre 9 de Julio y French"}]},{"@type":"WebSite","@id":"https:\/\/infoecos.com.ar\/#website","url":"https:\/\/infoecos.com.ar\/","name":"Infoecos","description":"Noticias de trenque lauquen y la zona","publisher":{"@id":"https:\/\/infoecos.com.ar\/#organization"},"alternateName":"Noticias","potentialAction":[{"@type":"SearchAction","target":{"@type":"EntryPoint","urlTemplate":"https:\/\/infoecos.com.ar\/?s={search_term_string}"},"query-input":{"@type":"PropertyValueSpecification","valueRequired":true,"valueName":"search_term_string"}}],"inLanguage":"es"},{"@type":"Organization","@id":"https:\/\/infoecos.com.ar\/#organization","name":"Infoecos","alternateName":"Noticias","url":"https:\/\/infoecos.com.ar\/","logo":{"@type":"ImageObject","inLanguage":"es","@id":"https:\/\/infoecos.com.ar\/#\/schema\/logo\/image\/","url":"https:\/\/infoecos.com.ar\/wp-content\/uploads\/2024\/03\/cropped-logo.png","contentUrl":"https:\/\/infoecos.com.ar\/wp-content\/uploads\/2024\/03\/cropped-logo.png","width":374,"height":90,"caption":"Infoecos"},"image":{"@id":"https:\/\/infoecos.com.ar\/#\/schema\/logo\/image\/"},"sameAs":["https:\/\/www.facebook.com\/profile.php?id=100063200290284","https:\/\/x.com\/infoecos"]},{"@type":"Person","@id":"https:\/\/infoecos.com.ar\/#\/schema\/person\/8f5ace5ce73b4b4aac4b7245aee6f191","name":"Jorge Matheus","url":"https:\/\/infoecos.com.ar\/index.php\/author\/jomatheus\/"}]}},"featured_image_urls":{"full":["https:\/\/infoecos.com.ar\/wp-content\/uploads\/2023\/08\/e773c949-1003-44a4-93cc-8482645c70f8.jpg",926,436,false],"thumbnail":["https:\/\/infoecos.com.ar\/wp-content\/uploads\/2023\/08\/e773c949-1003-44a4-93cc-8482645c70f8-300x150.jpg",300,150,true],"medium":["https:\/\/infoecos.com.ar\/wp-content\/uploads\/2023\/08\/e773c949-1003-44a4-93cc-8482645c70f8-800x377.jpg",800,377,true],"medium_large":["https:\/\/infoecos.com.ar\/wp-content\/uploads\/2023\/08\/e773c949-1003-44a4-93cc-8482645c70f8-768x362.jpg",640,302,true],"large":["https:\/\/infoecos.com.ar\/wp-content\/uploads\/2023\/08\/e773c949-1003-44a4-93cc-8482645c70f8.jpg",640,301,false],"1536x1536":["https:\/\/infoecos.com.ar\/wp-content\/uploads\/2023\/08\/e773c949-1003-44a4-93cc-8482645c70f8.jpg",926,436,false],"2048x2048":["https:\/\/infoecos.com.ar\/wp-content\/uploads\/2023\/08\/e773c949-1003-44a4-93cc-8482645c70f8.jpg",926,436,false],"covernews-slider-full":["https:\/\/infoecos.com.ar\/wp-content\/uploads\/2023\/08\/e773c949-1003-44a4-93cc-8482645c70f8.jpg",926,436,false],"covernews-slider-center":["https:\/\/infoecos.com.ar\/wp-content\/uploads\/2023\/08\/e773c949-1003-44a4-93cc-8482645c70f8.jpg",800,377,false],"covernews-featured":["https:\/\/infoecos.com.ar\/wp-content\/uploads\/2023\/08\/e773c949-1003-44a4-93cc-8482645c70f8.jpg",926,436,false],"covernews-medium":["https:\/\/infoecos.com.ar\/wp-content\/uploads\/2023\/08\/e773c949-1003-44a4-93cc-8482645c70f8-720x380.jpg",540,285,true],"covernews-medium-square":["https:\/\/infoecos.com.ar\/wp-content\/uploads\/2023\/08\/e773c949-1003-44a4-93cc-8482645c70f8-675x436.jpg",387,250,true]},"author_info":{"info":["Jorge Matheus"]},"category_info":"<a href=\"https:\/\/infoecos.com.ar\/index.php\/category\/inferior1\/\" rel=\"category tag\">Bloque inferior - 1<\/a>","tag_info":"Bloque inferior - 1","comment_count":"0","_links":{"self":[{"href":"https:\/\/infoecos.com.ar\/index.php\/wp-json\/wp\/v2\/posts\/110716"}],"collection":[{"href":"https:\/\/infoecos.com.ar\/index.php\/wp-json\/wp\/v2\/posts"}],"about":[{"href":"https:\/\/infoecos.com.ar\/index.php\/wp-json\/wp\/v2\/types\/post"}],"author":[{"embeddable":true,"href":"https:\/\/infoecos.com.ar\/index.php\/wp-json\/wp\/v2\/users\/2"}],"replies":[{"embeddable":true,"href":"https:\/\/infoecos.com.ar\/index.php\/wp-json\/wp\/v2\/comments?post=110716"}],"version-history":[{"count":3,"href":"https:\/\/infoecos.com.ar\/index.php\/wp-json\/wp\/v2\/posts\/110716\/revisions"}],"predecessor-version":[{"id":110897,"href":"https:\/\/infoecos.com.ar\/index.php\/wp-json\/wp\/v2\/posts\/110716\/revisions\/110897"}],"wp:featuredmedia":[{"embeddable":true,"href":"https:\/\/infoecos.com.ar\/index.php\/wp-json\/wp\/v2\/media\/110723"}],"wp:attachment":[{"href":"https:\/\/infoecos.com.ar\/index.php\/wp-json\/wp\/v2\/media?parent=110716"}],"wp:term":[{"taxonomy":"category","embeddable":true,"href":"https:\/\/infoecos.com.ar\/index.php\/wp-json\/wp\/v2\/categories?post=110716"},{"taxonomy":"post_tag","embeddable":true,"href":"https:\/\/infoecos.com.ar\/index.php\/wp-json\/wp\/v2\/tags?post=110716"}],"curies":[{"name":"wp","href":"https:\/\/api.w.org\/{rel}","templated":true}]}}