{"id":110803,"date":"2023-08-28T15:20:22","date_gmt":"2023-08-28T18:20:22","guid":{"rendered":"https:\/\/infoecos.com.ar\/?p=110803"},"modified":"2023-08-29T21:43:24","modified_gmt":"2023-08-30T00:43:24","slug":"la-came-le-recordo-al-gobierno-que-el-mecanismo-de-ajuste-salarial-son-las-paritarias","status":"publish","type":"post","link":"https:\/\/infoecos.com.ar\/index.php\/la-came-le-recordo-al-gobierno-que-el-mecanismo-de-ajuste-salarial-son-las-paritarias\/","title":{"rendered":"La CAME record\u00f3 al gobierno el mecanismo de ajuste salarial: \u00abson las paritarias\u00bb"},"content":{"rendered":"\n<p>La&nbsp;<strong>Confederaci\u00f3n Argentina de la Mediana Empresa (CAME)<\/strong>&nbsp;rechaz\u00f3 este lunes la suma fija de $ 60.000 que dispuso ayer el Gobierno para compensar la escalada inflacionaria al considerarlo \u201cuna imposici\u00f3n del Estado\u201d.<\/p>\n\n\n\n<figure class=\"wp-block-image alignright size-full\"><img loading=\"lazy\" decoding=\"async\" width=\"312\" height=\"161\" src=\"https:\/\/infoecos.com.ar\/wp-content\/uploads\/2023\/01\/image-157.png\" alt=\"\" class=\"wp-image-100832\"\/><\/figure>\n\n\n\n<p>\u201cAnte los recientes anuncios que diera a conocer el Ministerio de Econom\u00eda de la Naci\u00f3n con relaci\u00f3n al pago de una suma fija para empleados, la Confederaci\u00f3n Argentina de la Mediana Empresa (CAME) recuerda que el mecanismo de ajuste salarial del sector privado son las paritarias y no una imposici\u00f3n del Estado sobre las relaciones laborales por fuera de su alcance\u201d, se\u00f1al\u00f3 la entidad empresaria en un comunicado.<\/p>\n\n\n\n<p>En ese sentido, la CAME sostiene que cada sector de la econom\u00eda y cada empresa en particular atraviesan diferentes situaciones que jam\u00e1s pueden homologarse al punto de establecer unilateralmente aumentos generales, aun asumiendo el Poder Ejecutivo nacional el 50% del incremento dispuesto.<\/p>\n\n\n\n<p>\u201cEn particular, los sectores de Comercio y de Trabajadores Rurales acaban de celebrar sus paritarias, lo que implica que el otorgamiento del bono en cuesti\u00f3n quedar\u00e1 absolutamente desfasado de la reapertura de las negociaciones, en el marco de un proceso inflacionario acelerado. Las micro, peque\u00f1as y medianas empresas llevan varios meses perdiendo en su resultado econ\u00f3mico y esta imposici\u00f3n agudizar\u00e1 esa p\u00e9rdida\u201d, agreg\u00f3 la CAME en su comunicado.<\/p>\n\n\n\n<p>Y agreg\u00f3: \u201cLa injerencia del Estado en la actividad privada no s\u00f3lo complejiza la relaci\u00f3n natural de empleadores y empleados, sino que pone en riesgo la endeble situaci\u00f3n de miles de pymes que atraviesan un escenario de extrema fragilidad, con costos que aumentan permanentemente, con imposibilidad de importar insumos b\u00e1sicos y con una recesi\u00f3n que amenaza el consumo de manera creciente\u201d.<\/p>\n","protected":false},"excerpt":{"rendered":"<p>La CAME sostiene que cada sector de la econom\u00eda y cada empresa en particular atraviesan diferentes situaciones que jam\u00e1s pueden homologarse al punto de establecer unilateralmente aumentos generales, aun asumiendo el Poder Ejecutivo nacional el 50% del incremento dispuesto<\/p>\n","protected":false},"author":2,"featured_media":110815,"comment_status":"closed","ping_status":"open","sticky":false,"template":"","format":"standard","meta":{"footnotes":""},"categories":[197],"tags":[8905],"class_list":["post-110803","post","type-post","status-publish","format-standard","has-post-thumbnail","hentry","category-c3nota4","tag-respuesta-a-la-decision-del-gobierno"],"yoast_head":"<!-- This site is optimized with the Yoast SEO plugin v23.4 - https:\/\/yoast.com\/wordpress\/plugins\/seo\/ -->\n<title>La CAME record\u00f3 al gobierno el mecanismo de ajuste salarial: &quot;son las paritarias&quot; - Infoecos<\/title>\n<meta name=\"robots\" content=\"index, follow, max-snippet:-1, max-image-preview:large, max-video-preview:-1\" \/>\n<link rel=\"canonical\" href=\"https:\/\/infoecos.com.ar\/index.php\/la-came-le-recordo-al-gobierno-que-el-mecanismo-de-ajuste-salarial-son-las-paritarias\/\" \/>\n<meta property=\"og:locale\" content=\"es_ES\" \/>\n<meta property=\"og:type\" content=\"article\" \/>\n<meta property=\"og:title\" content=\"La CAME record\u00f3 al gobierno el mecanismo de ajuste salarial: &quot;son las paritarias&quot; - Infoecos\" \/>\n<meta property=\"og:description\" content=\"La CAME sostiene que cada sector de la econom\u00eda y cada empresa en particular atraviesan diferentes situaciones que jam\u00e1s pueden homologarse al punto de establecer unilateralmente aumentos generales, aun asumiendo el Poder Ejecutivo nacional el 50% del incremento dispuesto\" \/>\n<meta property=\"og:url\" content=\"https:\/\/infoecos.com.ar\/index.php\/la-came-le-recordo-al-gobierno-que-el-mecanismo-de-ajuste-salarial-son-las-paritarias\/\" \/>\n<meta property=\"og:site_name\" content=\"Infoecos\" \/>\n<meta property=\"article:publisher\" content=\"https:\/\/www.facebook.com\/profile.php?id=100063200290284\" \/>\n<meta property=\"article:published_time\" content=\"2023-08-28T18:20:22+00:00\" \/>\n<meta property=\"article:modified_time\" content=\"2023-08-30T00:43:24+00:00\" \/>\n<meta property=\"og:image\" content=\"https:\/\/infoecos.com.ar\/wp-content\/uploads\/2023\/08\/istockphoto-1302883854-612x612-1.jpg\" \/>\n\t<meta property=\"og:image:width\" content=\"612\" \/>\n\t<meta property=\"og:image:height\" content=\"408\" \/>\n\t<meta property=\"og:image:type\" content=\"image\/jpeg\" \/>\n<meta name=\"author\" content=\"Jorge Matheus\" \/>\n<meta name=\"twitter:card\" content=\"summary_large_image\" \/>\n<meta name=\"twitter:creator\" content=\"@infoecos\" \/>\n<meta name=\"twitter:site\" content=\"@infoecos\" \/>\n<meta name=\"twitter:label1\" content=\"Escrito por\" \/>\n\t<meta name=\"twitter:data1\" content=\"Jorge Matheus\" \/>\n\t<meta name=\"twitter:label2\" content=\"Tiempo de lectura\" \/>\n\t<meta name=\"twitter:data2\" content=\"2 minutos\" \/>\n<script type=\"application\/ld+json\" class=\"yoast-schema-graph\">{\"@context\":\"https:\/\/schema.org\",\"@graph\":[{\"@type\":\"Article\",\"@id\":\"https:\/\/infoecos.com.ar\/index.php\/la-came-le-recordo-al-gobierno-que-el-mecanismo-de-ajuste-salarial-son-las-paritarias\/#article\",\"isPartOf\":{\"@id\":\"https:\/\/infoecos.com.ar\/index.php\/la-came-le-recordo-al-gobierno-que-el-mecanismo-de-ajuste-salarial-son-las-paritarias\/\"},\"author\":{\"name\":\"Jorge Matheus\",\"@id\":\"https:\/\/infoecos.com.ar\/#\/schema\/person\/8f5ace5ce73b4b4aac4b7245aee6f191\"},\"headline\":\"La CAME record\u00f3 al gobierno el mecanismo de ajuste salarial: \u00abson las paritarias\u00bb\",\"datePublished\":\"2023-08-28T18:20:22+00:00\",\"dateModified\":\"2023-08-30T00:43:24+00:00\",\"mainEntityOfPage\":{\"@id\":\"https:\/\/infoecos.com.ar\/index.php\/la-came-le-recordo-al-gobierno-que-el-mecanismo-de-ajuste-salarial-son-las-paritarias\/\"},\"wordCount\":304,\"publisher\":{\"@id\":\"https:\/\/infoecos.com.ar\/#organization\"},\"image\":{\"@id\":\"https:\/\/infoecos.com.ar\/index.php\/la-came-le-recordo-al-gobierno-que-el-mecanismo-de-ajuste-salarial-son-las-paritarias\/#primaryimage\"},\"thumbnailUrl\":\"https:\/\/infoecos.com.ar\/wp-content\/uploads\/2023\/08\/istockphoto-1302883854-612x612-1.jpg\",\"keywords\":[\"RESPUESTA A LA DECISI\u00d3N DEL GOBIERNO\"],\"articleSection\":[\"C3 N4\"],\"inLanguage\":\"es\"},{\"@type\":\"WebPage\",\"@id\":\"https:\/\/infoecos.com.ar\/index.php\/la-came-le-recordo-al-gobierno-que-el-mecanismo-de-ajuste-salarial-son-las-paritarias\/\",\"url\":\"https:\/\/infoecos.com.ar\/index.php\/la-came-le-recordo-al-gobierno-que-el-mecanismo-de-ajuste-salarial-son-las-paritarias\/\",\"name\":\"La CAME record\u00f3 al gobierno el mecanismo de ajuste salarial: \\\"son las paritarias\\\" - Infoecos\",\"isPartOf\":{\"@id\":\"https:\/\/infoecos.com.ar\/#website\"},\"primaryImageOfPage\":{\"@id\":\"https:\/\/infoecos.com.ar\/index.php\/la-came-le-recordo-al-gobierno-que-el-mecanismo-de-ajuste-salarial-son-las-paritarias\/#primaryimage\"},\"image\":{\"@id\":\"https:\/\/infoecos.com.ar\/index.php\/la-came-le-recordo-al-gobierno-que-el-mecanismo-de-ajuste-salarial-son-las-paritarias\/#primaryimage\"},\"thumbnailUrl\":\"https:\/\/infoecos.com.ar\/wp-content\/uploads\/2023\/08\/istockphoto-1302883854-612x612-1.jpg\",\"datePublished\":\"2023-08-28T18:20:22+00:00\",\"dateModified\":\"2023-08-30T00:43:24+00:00\",\"breadcrumb\":{\"@id\":\"https:\/\/infoecos.com.ar\/index.php\/la-came-le-recordo-al-gobierno-que-el-mecanismo-de-ajuste-salarial-son-las-paritarias\/#breadcrumb\"},\"inLanguage\":\"es\",\"potentialAction\":[{\"@type\":\"ReadAction\",\"target\":[\"https:\/\/infoecos.com.ar\/index.php\/la-came-le-recordo-al-gobierno-que-el-mecanismo-de-ajuste-salarial-son-las-paritarias\/\"]}]},{\"@type\":\"ImageObject\",\"inLanguage\":\"es\",\"@id\":\"https:\/\/infoecos.com.ar\/index.php\/la-came-le-recordo-al-gobierno-que-el-mecanismo-de-ajuste-salarial-son-las-paritarias\/#primaryimage\",\"url\":\"https:\/\/infoecos.com.ar\/wp-content\/uploads\/2023\/08\/istockphoto-1302883854-612x612-1.jpg\",\"contentUrl\":\"https:\/\/infoecos.com.ar\/wp-content\/uploads\/2023\/08\/istockphoto-1302883854-612x612-1.jpg\",\"width\":612,\"height\":408},{\"@type\":\"BreadcrumbList\",\"@id\":\"https:\/\/infoecos.com.ar\/index.php\/la-came-le-recordo-al-gobierno-que-el-mecanismo-de-ajuste-salarial-son-las-paritarias\/#breadcrumb\",\"itemListElement\":[{\"@type\":\"ListItem\",\"position\":1,\"name\":\"Portada\",\"item\":\"https:\/\/infoecos.com.ar\/\"},{\"@type\":\"ListItem\",\"position\":2,\"name\":\"La CAME record\u00f3 al gobierno el mecanismo de ajuste salarial: \u00abson las paritarias\u00bb\"}]},{\"@type\":\"WebSite\",\"@id\":\"https:\/\/infoecos.com.ar\/#website\",\"url\":\"https:\/\/infoecos.com.ar\/\",\"name\":\"Infoecos\",\"description\":\"Noticias de trenque lauquen y la zona\",\"publisher\":{\"@id\":\"https:\/\/infoecos.com.ar\/#organization\"},\"alternateName\":\"Noticias\",\"potentialAction\":[{\"@type\":\"SearchAction\",\"target\":{\"@type\":\"EntryPoint\",\"urlTemplate\":\"https:\/\/infoecos.com.ar\/?s={search_term_string}\"},\"query-input\":{\"@type\":\"PropertyValueSpecification\",\"valueRequired\":true,\"valueName\":\"search_term_string\"}}],\"inLanguage\":\"es\"},{\"@type\":\"Organization\",\"@id\":\"https:\/\/infoecos.com.ar\/#organization\",\"name\":\"Infoecos\",\"alternateName\":\"Noticias\",\"url\":\"https:\/\/infoecos.com.ar\/\",\"logo\":{\"@type\":\"ImageObject\",\"inLanguage\":\"es\",\"@id\":\"https:\/\/infoecos.com.ar\/#\/schema\/logo\/image\/\",\"url\":\"https:\/\/infoecos.com.ar\/wp-content\/uploads\/2024\/03\/cropped-logo.png\",\"contentUrl\":\"https:\/\/infoecos.com.ar\/wp-content\/uploads\/2024\/03\/cropped-logo.png\",\"width\":374,\"height\":90,\"caption\":\"Infoecos\"},\"image\":{\"@id\":\"https:\/\/infoecos.com.ar\/#\/schema\/logo\/image\/\"},\"sameAs\":[\"https:\/\/www.facebook.com\/profile.php?id=100063200290284\",\"https:\/\/x.com\/infoecos\"]},{\"@type\":\"Person\",\"@id\":\"https:\/\/infoecos.com.ar\/#\/schema\/person\/8f5ace5ce73b4b4aac4b7245aee6f191\",\"name\":\"Jorge Matheus\",\"url\":\"https:\/\/infoecos.com.ar\/index.php\/author\/jomatheus\/\"}]}<\/script>\n<!-- \/ Yoast SEO plugin. -->","yoast_head_json":{"title":"La CAME record\u00f3 al gobierno el mecanismo de ajuste salarial: \"son las paritarias\" - Infoecos","robots":{"index":"index","follow":"follow","max-snippet":"max-snippet:-1","max-image-preview":"max-image-preview:large","max-video-preview":"max-video-preview:-1"},"canonical":"https:\/\/infoecos.com.ar\/index.php\/la-came-le-recordo-al-gobierno-que-el-mecanismo-de-ajuste-salarial-son-las-paritarias\/","og_locale":"es_ES","og_type":"article","og_title":"La CAME record\u00f3 al gobierno el mecanismo de ajuste salarial: \"son las paritarias\" - Infoecos","og_description":"La CAME sostiene que cada sector de la econom\u00eda y cada empresa en particular atraviesan diferentes situaciones que jam\u00e1s pueden homologarse al punto de establecer unilateralmente aumentos generales, aun asumiendo el Poder Ejecutivo nacional el 50% del incremento dispuesto","og_url":"https:\/\/infoecos.com.ar\/index.php\/la-came-le-recordo-al-gobierno-que-el-mecanismo-de-ajuste-salarial-son-las-paritarias\/","og_site_name":"Infoecos","article_publisher":"https:\/\/www.facebook.com\/profile.php?id=100063200290284","article_published_time":"2023-08-28T18:20:22+00:00","article_modified_time":"2023-08-30T00:43:24+00:00","og_image":[{"width":612,"height":408,"url":"https:\/\/infoecos.com.ar\/wp-content\/uploads\/2023\/08\/istockphoto-1302883854-612x612-1.jpg","type":"image\/jpeg"}],"author":"Jorge Matheus","twitter_card":"summary_large_image","twitter_creator":"@infoecos","twitter_site":"@infoecos","twitter_misc":{"Escrito por":"Jorge Matheus","Tiempo de lectura":"2 minutos"},"schema":{"@context":"https:\/\/schema.org","@graph":[{"@type":"Article","@id":"https:\/\/infoecos.com.ar\/index.php\/la-came-le-recordo-al-gobierno-que-el-mecanismo-de-ajuste-salarial-son-las-paritarias\/#article","isPartOf":{"@id":"https:\/\/infoecos.com.ar\/index.php\/la-came-le-recordo-al-gobierno-que-el-mecanismo-de-ajuste-salarial-son-las-paritarias\/"},"author":{"name":"Jorge Matheus","@id":"https:\/\/infoecos.com.ar\/#\/schema\/person\/8f5ace5ce73b4b4aac4b7245aee6f191"},"headline":"La CAME record\u00f3 al gobierno el mecanismo de ajuste salarial: \u00abson las paritarias\u00bb","datePublished":"2023-08-28T18:20:22+00:00","dateModified":"2023-08-30T00:43:24+00:00","mainEntityOfPage":{"@id":"https:\/\/infoecos.com.ar\/index.php\/la-came-le-recordo-al-gobierno-que-el-mecanismo-de-ajuste-salarial-son-las-paritarias\/"},"wordCount":304,"publisher":{"@id":"https:\/\/infoecos.com.ar\/#organization"},"image":{"@id":"https:\/\/infoecos.com.ar\/index.php\/la-came-le-recordo-al-gobierno-que-el-mecanismo-de-ajuste-salarial-son-las-paritarias\/#primaryimage"},"thumbnailUrl":"https:\/\/infoecos.com.ar\/wp-content\/uploads\/2023\/08\/istockphoto-1302883854-612x612-1.jpg","keywords":["RESPUESTA A LA DECISI\u00d3N DEL GOBIERNO"],"articleSection":["C3 N4"],"inLanguage":"es"},{"@type":"WebPage","@id":"https:\/\/infoecos.com.ar\/index.php\/la-came-le-recordo-al-gobierno-que-el-mecanismo-de-ajuste-salarial-son-las-paritarias\/","url":"https:\/\/infoecos.com.ar\/index.php\/la-came-le-recordo-al-gobierno-que-el-mecanismo-de-ajuste-salarial-son-las-paritarias\/","name":"La CAME record\u00f3 al gobierno el mecanismo de ajuste salarial: \"son las paritarias\" - Infoecos","isPartOf":{"@id":"https:\/\/infoecos.com.ar\/#website"},"primaryImageOfPage":{"@id":"https:\/\/infoecos.com.ar\/index.php\/la-came-le-recordo-al-gobierno-que-el-mecanismo-de-ajuste-salarial-son-las-paritarias\/#primaryimage"},"image":{"@id":"https:\/\/infoecos.com.ar\/index.php\/la-came-le-recordo-al-gobierno-que-el-mecanismo-de-ajuste-salarial-son-las-paritarias\/#primaryimage"},"thumbnailUrl":"https:\/\/infoecos.com.ar\/wp-content\/uploads\/2023\/08\/istockphoto-1302883854-612x612-1.jpg","datePublished":"2023-08-28T18:20:22+00:00","dateModified":"2023-08-30T00:43:24+00:00","breadcrumb":{"@id":"https:\/\/infoecos.com.ar\/index.php\/la-came-le-recordo-al-gobierno-que-el-mecanismo-de-ajuste-salarial-son-las-paritarias\/#breadcrumb"},"inLanguage":"es","potentialAction":[{"@type":"ReadAction","target":["https:\/\/infoecos.com.ar\/index.php\/la-came-le-recordo-al-gobierno-que-el-mecanismo-de-ajuste-salarial-son-las-paritarias\/"]}]},{"@type":"ImageObject","inLanguage":"es","@id":"https:\/\/infoecos.com.ar\/index.php\/la-came-le-recordo-al-gobierno-que-el-mecanismo-de-ajuste-salarial-son-las-paritarias\/#primaryimage","url":"https:\/\/infoecos.com.ar\/wp-content\/uploads\/2023\/08\/istockphoto-1302883854-612x612-1.jpg","contentUrl":"https:\/\/infoecos.com.ar\/wp-content\/uploads\/2023\/08\/istockphoto-1302883854-612x612-1.jpg","width":612,"height":408},{"@type":"BreadcrumbList","@id":"https:\/\/infoecos.com.ar\/index.php\/la-came-le-recordo-al-gobierno-que-el-mecanismo-de-ajuste-salarial-son-las-paritarias\/#breadcrumb","itemListElement":[{"@type":"ListItem","position":1,"name":"Portada","item":"https:\/\/infoecos.com.ar\/"},{"@type":"ListItem","position":2,"name":"La CAME record\u00f3 al gobierno el mecanismo de ajuste salarial: \u00abson las paritarias\u00bb"}]},{"@type":"WebSite","@id":"https:\/\/infoecos.com.ar\/#website","url":"https:\/\/infoecos.com.ar\/","name":"Infoecos","description":"Noticias de trenque lauquen y la zona","publisher":{"@id":"https:\/\/infoecos.com.ar\/#organization"},"alternateName":"Noticias","potentialAction":[{"@type":"SearchAction","target":{"@type":"EntryPoint","urlTemplate":"https:\/\/infoecos.com.ar\/?s={search_term_string}"},"query-input":{"@type":"PropertyValueSpecification","valueRequired":true,"valueName":"search_term_string"}}],"inLanguage":"es"},{"@type":"Organization","@id":"https:\/\/infoecos.com.ar\/#organization","name":"Infoecos","alternateName":"Noticias","url":"https:\/\/infoecos.com.ar\/","logo":{"@type":"ImageObject","inLanguage":"es","@id":"https:\/\/infoecos.com.ar\/#\/schema\/logo\/image\/","url":"https:\/\/infoecos.com.ar\/wp-content\/uploads\/2024\/03\/cropped-logo.png","contentUrl":"https:\/\/infoecos.com.ar\/wp-content\/uploads\/2024\/03\/cropped-logo.png","width":374,"height":90,"caption":"Infoecos"},"image":{"@id":"https:\/\/infoecos.com.ar\/#\/schema\/logo\/image\/"},"sameAs":["https:\/\/www.facebook.com\/profile.php?id=100063200290284","https:\/\/x.com\/infoecos"]},{"@type":"Person","@id":"https:\/\/infoecos.com.ar\/#\/schema\/person\/8f5ace5ce73b4b4aac4b7245aee6f191","name":"Jorge Matheus","url":"https:\/\/infoecos.com.ar\/index.php\/author\/jomatheus\/"}]}},"featured_image_urls":{"full":["https:\/\/infoecos.com.ar\/wp-content\/uploads\/2023\/08\/istockphoto-1302883854-612x612-1.jpg",612,408,false],"thumbnail":["https:\/\/infoecos.com.ar\/wp-content\/uploads\/2023\/08\/istockphoto-1302883854-612x612-1-300x150.jpg",300,150,true],"medium":["https:\/\/infoecos.com.ar\/wp-content\/uploads\/2023\/08\/istockphoto-1302883854-612x612-1.jpg",612,408,false],"medium_large":["https:\/\/infoecos.com.ar\/wp-content\/uploads\/2023\/08\/istockphoto-1302883854-612x612-1.jpg",612,408,false],"large":["https:\/\/infoecos.com.ar\/wp-content\/uploads\/2023\/08\/istockphoto-1302883854-612x612-1.jpg",612,408,false],"1536x1536":["https:\/\/infoecos.com.ar\/wp-content\/uploads\/2023\/08\/istockphoto-1302883854-612x612-1.jpg",612,408,false],"2048x2048":["https:\/\/infoecos.com.ar\/wp-content\/uploads\/2023\/08\/istockphoto-1302883854-612x612-1.jpg",612,408,false],"covernews-slider-full":["https:\/\/infoecos.com.ar\/wp-content\/uploads\/2023\/08\/istockphoto-1302883854-612x612-1.jpg",612,408,false],"covernews-slider-center":["https:\/\/infoecos.com.ar\/wp-content\/uploads\/2023\/08\/istockphoto-1302883854-612x612-1.jpg",612,408,false],"covernews-featured":["https:\/\/infoecos.com.ar\/wp-content\/uploads\/2023\/08\/istockphoto-1302883854-612x612-1.jpg",612,408,false],"covernews-medium":["https:\/\/infoecos.com.ar\/wp-content\/uploads\/2023\/08\/istockphoto-1302883854-612x612-1-612x380.jpg",540,335,true],"covernews-medium-square":["https:\/\/infoecos.com.ar\/wp-content\/uploads\/2023\/08\/istockphoto-1302883854-612x612-1.jpg",375,250,false]},"author_info":{"info":["Jorge Matheus"]},"category_info":"<a href=\"https:\/\/infoecos.com.ar\/index.php\/category\/c3nota4\/\" rel=\"category tag\">C3 N4<\/a>","tag_info":"C3 N4","comment_count":"0","_links":{"self":[{"href":"https:\/\/infoecos.com.ar\/index.php\/wp-json\/wp\/v2\/posts\/110803"}],"collection":[{"href":"https:\/\/infoecos.com.ar\/index.php\/wp-json\/wp\/v2\/posts"}],"about":[{"href":"https:\/\/infoecos.com.ar\/index.php\/wp-json\/wp\/v2\/types\/post"}],"author":[{"embeddable":true,"href":"https:\/\/infoecos.com.ar\/index.php\/wp-json\/wp\/v2\/users\/2"}],"replies":[{"embeddable":true,"href":"https:\/\/infoecos.com.ar\/index.php\/wp-json\/wp\/v2\/comments?post=110803"}],"version-history":[{"count":3,"href":"https:\/\/infoecos.com.ar\/index.php\/wp-json\/wp\/v2\/posts\/110803\/revisions"}],"predecessor-version":[{"id":110890,"href":"https:\/\/infoecos.com.ar\/index.php\/wp-json\/wp\/v2\/posts\/110803\/revisions\/110890"}],"wp:featuredmedia":[{"embeddable":true,"href":"https:\/\/infoecos.com.ar\/index.php\/wp-json\/wp\/v2\/media\/110815"}],"wp:attachment":[{"href":"https:\/\/infoecos.com.ar\/index.php\/wp-json\/wp\/v2\/media?parent=110803"}],"wp:term":[{"taxonomy":"category","embeddable":true,"href":"https:\/\/infoecos.com.ar\/index.php\/wp-json\/wp\/v2\/categories?post=110803"},{"taxonomy":"post_tag","embeddable":true,"href":"https:\/\/infoecos.com.ar\/index.php\/wp-json\/wp\/v2\/tags?post=110803"}],"curies":[{"name":"wp","href":"https:\/\/api.w.org\/{rel}","templated":true}]}}