{"id":110950,"date":"2023-08-30T01:48:30","date_gmt":"2023-08-30T04:48:30","guid":{"rendered":"https:\/\/infoecos.com.ar\/?p=110950"},"modified":"2023-08-31T02:40:33","modified_gmt":"2023-08-31T05:40:33","slug":"murio-al-ser-atropellado-un-por-un-auto-en-la-ruta-67-conocido-periodista-y-deportista-de-pigue","status":"publish","type":"post","link":"https:\/\/infoecos.com.ar\/index.php\/murio-al-ser-atropellado-un-por-un-auto-en-la-ruta-67-conocido-periodista-y-deportista-de-pigue\/","title":{"rendered":"Muri\u00f3 al ser atropellado un por un auto en la Ruta 67 conocido periodista y deportista de Pig\u00fc\u00e9"},"content":{"rendered":"\n<p>Un ciclista muri\u00f3 la tarde de este martes luego de que lo atropellara un auto en la Ruta 67 entre Puan y Pig\u00fce.<\/p>\n\n\n\n<figure class=\"wp-block-image aligncenter size-full is-resized\"><img loading=\"lazy\" decoding=\"async\" src=\"https:\/\/infoecos.com.ar\/wp-content\/uploads\/2023\/08\/accidenteruta67.jpg\" alt=\"\" class=\"wp-image-110951\" width=\"376\" height=\"226\" srcset=\"https:\/\/infoecos.com.ar\/wp-content\/uploads\/2023\/08\/accidenteruta67.jpg 1200w, https:\/\/infoecos.com.ar\/wp-content\/uploads\/2023\/08\/accidenteruta67-800x480.jpg 800w, https:\/\/infoecos.com.ar\/wp-content\/uploads\/2023\/08\/accidenteruta67-768x461.jpg 768w, https:\/\/infoecos.com.ar\/wp-content\/uploads\/2023\/08\/accidenteruta67-1024x614.jpg 1024w\" sizes=\"(max-width: 376px) 100vw, 376px\" \/><\/figure>\n\n\n\n<p>La v\u00edctima fue identificada como Diego Casali, trabajador de medios de comunicaci\u00f3n en Canal 4 de Pig\u00fc\u00e9. El responsable del choque qued\u00f3 detenid\u00f3.<\/p>\n\n\n\n<p>Diego Casali era un reconocido atleta del ciclismo.<\/p>\n\n\n\n<p>El conductor y responsable de choque, qued\u00f3 detenido. Fue identificado como Jos\u00e9 Larregui de 69 a\u00f1os de edad. Se hizo pasar primero como testigo del hecho e indic\u00f3 que hab\u00eda visto a un auto gris que transitaba direcci\u00f3n Pig\u00fce \u2013 Puan y que se hab\u00eda dado a la fuga.<\/p>\n\n\n\n<p>Larregui es productor mielero y tiene colmenas en el partido de Puan y en la provincia de La Pampa. Reside en Azopardo (partido de Puan). Su familia sigue radicada en Suipacha.<\/p>\n\n\n\n<p>Un vecino del hombre dijo que en Azopardo tiene fama de ser buena persona y que posiblemente regresaba de Suipacha de visitar a su familia. Sin justificar la acci\u00f3n de este martes, afirm\u00f3 que el susto posiblemente lo llev\u00f3 a mentir.&nbsp; <\/p>\n\n\n\n<p><strong>Fuentes: FM Radiante Puan y Diario de Rivera<\/strong><\/p>\n","protected":false},"excerpt":{"rendered":"<p>El conductor y responsable de choque, qued\u00f3 detenido. Fue identificado como Jos\u00e9 Larregui de 69 a\u00f1os de edad. Se hizo pasar primero como testigo del hecho <\/p>\n","protected":false},"author":2,"featured_media":110951,"comment_status":"closed","ping_status":"open","sticky":false,"template":"","format":"standard","meta":{"footnotes":""},"categories":[43],"tags":[8930],"class_list":["post-110950","post","type-post","status-publish","format-standard","has-post-thumbnail","hentry","category-inferior4","tag-detienen-al-conductor-del-vehiculo"],"yoast_head":"<!-- This site is optimized with the Yoast SEO plugin v23.4 - https:\/\/yoast.com\/wordpress\/plugins\/seo\/ -->\n<title>Muri\u00f3 al ser atropellado un por un auto en la Ruta 67 conocido periodista y deportista de Pig\u00fc\u00e9 - Infoecos<\/title>\n<meta name=\"robots\" content=\"index, follow, max-snippet:-1, max-image-preview:large, max-video-preview:-1\" \/>\n<link rel=\"canonical\" href=\"https:\/\/infoecos.com.ar\/index.php\/murio-al-ser-atropellado-un-por-un-auto-en-la-ruta-67-conocido-periodista-y-deportista-de-pigue\/\" \/>\n<meta property=\"og:locale\" content=\"es_ES\" \/>\n<meta property=\"og:type\" content=\"article\" \/>\n<meta property=\"og:title\" content=\"Muri\u00f3 al ser atropellado un por un auto en la Ruta 67 conocido periodista y deportista de Pig\u00fc\u00e9 - Infoecos\" \/>\n<meta property=\"og:description\" content=\"El conductor y responsable de choque, qued\u00f3 detenido. Fue identificado como Jos\u00e9 Larregui de 69 a\u00f1os de edad. Se hizo pasar primero como testigo del hecho\" \/>\n<meta property=\"og:url\" content=\"https:\/\/infoecos.com.ar\/index.php\/murio-al-ser-atropellado-un-por-un-auto-en-la-ruta-67-conocido-periodista-y-deportista-de-pigue\/\" \/>\n<meta property=\"og:site_name\" content=\"Infoecos\" \/>\n<meta property=\"article:publisher\" content=\"https:\/\/www.facebook.com\/profile.php?id=100063200290284\" \/>\n<meta property=\"article:published_time\" content=\"2023-08-30T04:48:30+00:00\" \/>\n<meta property=\"article:modified_time\" content=\"2023-08-31T05:40:33+00:00\" \/>\n<meta property=\"og:image\" content=\"https:\/\/infoecos.com.ar\/wp-content\/uploads\/2023\/08\/accidenteruta67.jpg\" \/>\n\t<meta property=\"og:image:width\" content=\"1200\" \/>\n\t<meta property=\"og:image:height\" content=\"720\" \/>\n\t<meta property=\"og:image:type\" content=\"image\/jpeg\" \/>\n<meta name=\"author\" content=\"Jorge Matheus\" \/>\n<meta name=\"twitter:card\" content=\"summary_large_image\" \/>\n<meta name=\"twitter:creator\" content=\"@infoecos\" \/>\n<meta name=\"twitter:site\" content=\"@infoecos\" \/>\n<meta name=\"twitter:label1\" content=\"Escrito por\" \/>\n\t<meta name=\"twitter:data1\" content=\"Jorge Matheus\" \/>\n\t<meta name=\"twitter:label2\" content=\"Tiempo de lectura\" \/>\n\t<meta name=\"twitter:data2\" content=\"2 minutos\" \/>\n<script type=\"application\/ld+json\" class=\"yoast-schema-graph\">{\"@context\":\"https:\/\/schema.org\",\"@graph\":[{\"@type\":\"Article\",\"@id\":\"https:\/\/infoecos.com.ar\/index.php\/murio-al-ser-atropellado-un-por-un-auto-en-la-ruta-67-conocido-periodista-y-deportista-de-pigue\/#article\",\"isPartOf\":{\"@id\":\"https:\/\/infoecos.com.ar\/index.php\/murio-al-ser-atropellado-un-por-un-auto-en-la-ruta-67-conocido-periodista-y-deportista-de-pigue\/\"},\"author\":{\"name\":\"Jorge Matheus\",\"@id\":\"https:\/\/infoecos.com.ar\/#\/schema\/person\/8f5ace5ce73b4b4aac4b7245aee6f191\"},\"headline\":\"Muri\u00f3 al ser atropellado un por un auto en la Ruta 67 conocido periodista y deportista de Pig\u00fc\u00e9\",\"datePublished\":\"2023-08-30T04:48:30+00:00\",\"dateModified\":\"2023-08-31T05:40:33+00:00\",\"mainEntityOfPage\":{\"@id\":\"https:\/\/infoecos.com.ar\/index.php\/murio-al-ser-atropellado-un-por-un-auto-en-la-ruta-67-conocido-periodista-y-deportista-de-pigue\/\"},\"wordCount\":206,\"publisher\":{\"@id\":\"https:\/\/infoecos.com.ar\/#organization\"},\"image\":{\"@id\":\"https:\/\/infoecos.com.ar\/index.php\/murio-al-ser-atropellado-un-por-un-auto-en-la-ruta-67-conocido-periodista-y-deportista-de-pigue\/#primaryimage\"},\"thumbnailUrl\":\"https:\/\/infoecos.com.ar\/wp-content\/uploads\/2023\/08\/accidenteruta67.jpg\",\"keywords\":[\"detienen al conductor del veh\u00edculo\"],\"articleSection\":[\"Bloque inferior - 4\"],\"inLanguage\":\"es\"},{\"@type\":\"WebPage\",\"@id\":\"https:\/\/infoecos.com.ar\/index.php\/murio-al-ser-atropellado-un-por-un-auto-en-la-ruta-67-conocido-periodista-y-deportista-de-pigue\/\",\"url\":\"https:\/\/infoecos.com.ar\/index.php\/murio-al-ser-atropellado-un-por-un-auto-en-la-ruta-67-conocido-periodista-y-deportista-de-pigue\/\",\"name\":\"Muri\u00f3 al ser atropellado un por un auto en la Ruta 67 conocido periodista y deportista de Pig\u00fc\u00e9 - Infoecos\",\"isPartOf\":{\"@id\":\"https:\/\/infoecos.com.ar\/#website\"},\"primaryImageOfPage\":{\"@id\":\"https:\/\/infoecos.com.ar\/index.php\/murio-al-ser-atropellado-un-por-un-auto-en-la-ruta-67-conocido-periodista-y-deportista-de-pigue\/#primaryimage\"},\"image\":{\"@id\":\"https:\/\/infoecos.com.ar\/index.php\/murio-al-ser-atropellado-un-por-un-auto-en-la-ruta-67-conocido-periodista-y-deportista-de-pigue\/#primaryimage\"},\"thumbnailUrl\":\"https:\/\/infoecos.com.ar\/wp-content\/uploads\/2023\/08\/accidenteruta67.jpg\",\"datePublished\":\"2023-08-30T04:48:30+00:00\",\"dateModified\":\"2023-08-31T05:40:33+00:00\",\"breadcrumb\":{\"@id\":\"https:\/\/infoecos.com.ar\/index.php\/murio-al-ser-atropellado-un-por-un-auto-en-la-ruta-67-conocido-periodista-y-deportista-de-pigue\/#breadcrumb\"},\"inLanguage\":\"es\",\"potentialAction\":[{\"@type\":\"ReadAction\",\"target\":[\"https:\/\/infoecos.com.ar\/index.php\/murio-al-ser-atropellado-un-por-un-auto-en-la-ruta-67-conocido-periodista-y-deportista-de-pigue\/\"]}]},{\"@type\":\"ImageObject\",\"inLanguage\":\"es\",\"@id\":\"https:\/\/infoecos.com.ar\/index.php\/murio-al-ser-atropellado-un-por-un-auto-en-la-ruta-67-conocido-periodista-y-deportista-de-pigue\/#primaryimage\",\"url\":\"https:\/\/infoecos.com.ar\/wp-content\/uploads\/2023\/08\/accidenteruta67.jpg\",\"contentUrl\":\"https:\/\/infoecos.com.ar\/wp-content\/uploads\/2023\/08\/accidenteruta67.jpg\",\"width\":1200,\"height\":720},{\"@type\":\"BreadcrumbList\",\"@id\":\"https:\/\/infoecos.com.ar\/index.php\/murio-al-ser-atropellado-un-por-un-auto-en-la-ruta-67-conocido-periodista-y-deportista-de-pigue\/#breadcrumb\",\"itemListElement\":[{\"@type\":\"ListItem\",\"position\":1,\"name\":\"Portada\",\"item\":\"https:\/\/infoecos.com.ar\/\"},{\"@type\":\"ListItem\",\"position\":2,\"name\":\"Muri\u00f3 al ser atropellado un por un auto en la Ruta 67 conocido periodista y deportista de Pig\u00fc\u00e9\"}]},{\"@type\":\"WebSite\",\"@id\":\"https:\/\/infoecos.com.ar\/#website\",\"url\":\"https:\/\/infoecos.com.ar\/\",\"name\":\"Infoecos\",\"description\":\"Noticias de trenque lauquen y la zona\",\"publisher\":{\"@id\":\"https:\/\/infoecos.com.ar\/#organization\"},\"alternateName\":\"Noticias\",\"potentialAction\":[{\"@type\":\"SearchAction\",\"target\":{\"@type\":\"EntryPoint\",\"urlTemplate\":\"https:\/\/infoecos.com.ar\/?s={search_term_string}\"},\"query-input\":{\"@type\":\"PropertyValueSpecification\",\"valueRequired\":true,\"valueName\":\"search_term_string\"}}],\"inLanguage\":\"es\"},{\"@type\":\"Organization\",\"@id\":\"https:\/\/infoecos.com.ar\/#organization\",\"name\":\"Infoecos\",\"alternateName\":\"Noticias\",\"url\":\"https:\/\/infoecos.com.ar\/\",\"logo\":{\"@type\":\"ImageObject\",\"inLanguage\":\"es\",\"@id\":\"https:\/\/infoecos.com.ar\/#\/schema\/logo\/image\/\",\"url\":\"https:\/\/infoecos.com.ar\/wp-content\/uploads\/2024\/03\/cropped-logo.png\",\"contentUrl\":\"https:\/\/infoecos.com.ar\/wp-content\/uploads\/2024\/03\/cropped-logo.png\",\"width\":374,\"height\":90,\"caption\":\"Infoecos\"},\"image\":{\"@id\":\"https:\/\/infoecos.com.ar\/#\/schema\/logo\/image\/\"},\"sameAs\":[\"https:\/\/www.facebook.com\/profile.php?id=100063200290284\",\"https:\/\/x.com\/infoecos\"]},{\"@type\":\"Person\",\"@id\":\"https:\/\/infoecos.com.ar\/#\/schema\/person\/8f5ace5ce73b4b4aac4b7245aee6f191\",\"name\":\"Jorge Matheus\",\"url\":\"https:\/\/infoecos.com.ar\/index.php\/author\/jomatheus\/\"}]}<\/script>\n<!-- \/ Yoast SEO plugin. -->","yoast_head_json":{"title":"Muri\u00f3 al ser atropellado un por un auto en la Ruta 67 conocido periodista y deportista de Pig\u00fc\u00e9 - Infoecos","robots":{"index":"index","follow":"follow","max-snippet":"max-snippet:-1","max-image-preview":"max-image-preview:large","max-video-preview":"max-video-preview:-1"},"canonical":"https:\/\/infoecos.com.ar\/index.php\/murio-al-ser-atropellado-un-por-un-auto-en-la-ruta-67-conocido-periodista-y-deportista-de-pigue\/","og_locale":"es_ES","og_type":"article","og_title":"Muri\u00f3 al ser atropellado un por un auto en la Ruta 67 conocido periodista y deportista de Pig\u00fc\u00e9 - Infoecos","og_description":"El conductor y responsable de choque, qued\u00f3 detenido. Fue identificado como Jos\u00e9 Larregui de 69 a\u00f1os de edad. Se hizo pasar primero como testigo del hecho","og_url":"https:\/\/infoecos.com.ar\/index.php\/murio-al-ser-atropellado-un-por-un-auto-en-la-ruta-67-conocido-periodista-y-deportista-de-pigue\/","og_site_name":"Infoecos","article_publisher":"https:\/\/www.facebook.com\/profile.php?id=100063200290284","article_published_time":"2023-08-30T04:48:30+00:00","article_modified_time":"2023-08-31T05:40:33+00:00","og_image":[{"width":1200,"height":720,"url":"https:\/\/infoecos.com.ar\/wp-content\/uploads\/2023\/08\/accidenteruta67.jpg","type":"image\/jpeg"}],"author":"Jorge Matheus","twitter_card":"summary_large_image","twitter_creator":"@infoecos","twitter_site":"@infoecos","twitter_misc":{"Escrito por":"Jorge Matheus","Tiempo de lectura":"2 minutos"},"schema":{"@context":"https:\/\/schema.org","@graph":[{"@type":"Article","@id":"https:\/\/infoecos.com.ar\/index.php\/murio-al-ser-atropellado-un-por-un-auto-en-la-ruta-67-conocido-periodista-y-deportista-de-pigue\/#article","isPartOf":{"@id":"https:\/\/infoecos.com.ar\/index.php\/murio-al-ser-atropellado-un-por-un-auto-en-la-ruta-67-conocido-periodista-y-deportista-de-pigue\/"},"author":{"name":"Jorge Matheus","@id":"https:\/\/infoecos.com.ar\/#\/schema\/person\/8f5ace5ce73b4b4aac4b7245aee6f191"},"headline":"Muri\u00f3 al ser atropellado un por un auto en la Ruta 67 conocido periodista y deportista de Pig\u00fc\u00e9","datePublished":"2023-08-30T04:48:30+00:00","dateModified":"2023-08-31T05:40:33+00:00","mainEntityOfPage":{"@id":"https:\/\/infoecos.com.ar\/index.php\/murio-al-ser-atropellado-un-por-un-auto-en-la-ruta-67-conocido-periodista-y-deportista-de-pigue\/"},"wordCount":206,"publisher":{"@id":"https:\/\/infoecos.com.ar\/#organization"},"image":{"@id":"https:\/\/infoecos.com.ar\/index.php\/murio-al-ser-atropellado-un-por-un-auto-en-la-ruta-67-conocido-periodista-y-deportista-de-pigue\/#primaryimage"},"thumbnailUrl":"https:\/\/infoecos.com.ar\/wp-content\/uploads\/2023\/08\/accidenteruta67.jpg","keywords":["detienen al conductor del veh\u00edculo"],"articleSection":["Bloque inferior - 4"],"inLanguage":"es"},{"@type":"WebPage","@id":"https:\/\/infoecos.com.ar\/index.php\/murio-al-ser-atropellado-un-por-un-auto-en-la-ruta-67-conocido-periodista-y-deportista-de-pigue\/","url":"https:\/\/infoecos.com.ar\/index.php\/murio-al-ser-atropellado-un-por-un-auto-en-la-ruta-67-conocido-periodista-y-deportista-de-pigue\/","name":"Muri\u00f3 al ser atropellado un por un auto en la Ruta 67 conocido periodista y deportista de Pig\u00fc\u00e9 - Infoecos","isPartOf":{"@id":"https:\/\/infoecos.com.ar\/#website"},"primaryImageOfPage":{"@id":"https:\/\/infoecos.com.ar\/index.php\/murio-al-ser-atropellado-un-por-un-auto-en-la-ruta-67-conocido-periodista-y-deportista-de-pigue\/#primaryimage"},"image":{"@id":"https:\/\/infoecos.com.ar\/index.php\/murio-al-ser-atropellado-un-por-un-auto-en-la-ruta-67-conocido-periodista-y-deportista-de-pigue\/#primaryimage"},"thumbnailUrl":"https:\/\/infoecos.com.ar\/wp-content\/uploads\/2023\/08\/accidenteruta67.jpg","datePublished":"2023-08-30T04:48:30+00:00","dateModified":"2023-08-31T05:40:33+00:00","breadcrumb":{"@id":"https:\/\/infoecos.com.ar\/index.php\/murio-al-ser-atropellado-un-por-un-auto-en-la-ruta-67-conocido-periodista-y-deportista-de-pigue\/#breadcrumb"},"inLanguage":"es","potentialAction":[{"@type":"ReadAction","target":["https:\/\/infoecos.com.ar\/index.php\/murio-al-ser-atropellado-un-por-un-auto-en-la-ruta-67-conocido-periodista-y-deportista-de-pigue\/"]}]},{"@type":"ImageObject","inLanguage":"es","@id":"https:\/\/infoecos.com.ar\/index.php\/murio-al-ser-atropellado-un-por-un-auto-en-la-ruta-67-conocido-periodista-y-deportista-de-pigue\/#primaryimage","url":"https:\/\/infoecos.com.ar\/wp-content\/uploads\/2023\/08\/accidenteruta67.jpg","contentUrl":"https:\/\/infoecos.com.ar\/wp-content\/uploads\/2023\/08\/accidenteruta67.jpg","width":1200,"height":720},{"@type":"BreadcrumbList","@id":"https:\/\/infoecos.com.ar\/index.php\/murio-al-ser-atropellado-un-por-un-auto-en-la-ruta-67-conocido-periodista-y-deportista-de-pigue\/#breadcrumb","itemListElement":[{"@type":"ListItem","position":1,"name":"Portada","item":"https:\/\/infoecos.com.ar\/"},{"@type":"ListItem","position":2,"name":"Muri\u00f3 al ser atropellado un por un auto en la Ruta 67 conocido periodista y deportista de Pig\u00fc\u00e9"}]},{"@type":"WebSite","@id":"https:\/\/infoecos.com.ar\/#website","url":"https:\/\/infoecos.com.ar\/","name":"Infoecos","description":"Noticias de trenque lauquen y la zona","publisher":{"@id":"https:\/\/infoecos.com.ar\/#organization"},"alternateName":"Noticias","potentialAction":[{"@type":"SearchAction","target":{"@type":"EntryPoint","urlTemplate":"https:\/\/infoecos.com.ar\/?s={search_term_string}"},"query-input":{"@type":"PropertyValueSpecification","valueRequired":true,"valueName":"search_term_string"}}],"inLanguage":"es"},{"@type":"Organization","@id":"https:\/\/infoecos.com.ar\/#organization","name":"Infoecos","alternateName":"Noticias","url":"https:\/\/infoecos.com.ar\/","logo":{"@type":"ImageObject","inLanguage":"es","@id":"https:\/\/infoecos.com.ar\/#\/schema\/logo\/image\/","url":"https:\/\/infoecos.com.ar\/wp-content\/uploads\/2024\/03\/cropped-logo.png","contentUrl":"https:\/\/infoecos.com.ar\/wp-content\/uploads\/2024\/03\/cropped-logo.png","width":374,"height":90,"caption":"Infoecos"},"image":{"@id":"https:\/\/infoecos.com.ar\/#\/schema\/logo\/image\/"},"sameAs":["https:\/\/www.facebook.com\/profile.php?id=100063200290284","https:\/\/x.com\/infoecos"]},{"@type":"Person","@id":"https:\/\/infoecos.com.ar\/#\/schema\/person\/8f5ace5ce73b4b4aac4b7245aee6f191","name":"Jorge Matheus","url":"https:\/\/infoecos.com.ar\/index.php\/author\/jomatheus\/"}]}},"featured_image_urls":{"full":["https:\/\/infoecos.com.ar\/wp-content\/uploads\/2023\/08\/accidenteruta67.jpg",1200,720,false],"thumbnail":["https:\/\/infoecos.com.ar\/wp-content\/uploads\/2023\/08\/accidenteruta67-300x150.jpg",300,150,true],"medium":["https:\/\/infoecos.com.ar\/wp-content\/uploads\/2023\/08\/accidenteruta67-800x480.jpg",800,480,true],"medium_large":["https:\/\/infoecos.com.ar\/wp-content\/uploads\/2023\/08\/accidenteruta67-768x461.jpg",640,384,true],"large":["https:\/\/infoecos.com.ar\/wp-content\/uploads\/2023\/08\/accidenteruta67.jpg",640,384,false],"1536x1536":["https:\/\/infoecos.com.ar\/wp-content\/uploads\/2023\/08\/accidenteruta67.jpg",1200,720,false],"2048x2048":["https:\/\/infoecos.com.ar\/wp-content\/uploads\/2023\/08\/accidenteruta67.jpg",1200,720,false],"covernews-slider-full":["https:\/\/infoecos.com.ar\/wp-content\/uploads\/2023\/08\/accidenteruta67.jpg",1115,669,false],"covernews-slider-center":["https:\/\/infoecos.com.ar\/wp-content\/uploads\/2023\/08\/accidenteruta67-936x720.jpg",650,500,true],"covernews-featured":["https:\/\/infoecos.com.ar\/wp-content\/uploads\/2023\/08\/accidenteruta67-1024x614.jpg",1024,614,true],"covernews-medium":["https:\/\/infoecos.com.ar\/wp-content\/uploads\/2023\/08\/accidenteruta67-720x380.jpg",540,285,true],"covernews-medium-square":["https:\/\/infoecos.com.ar\/wp-content\/uploads\/2023\/08\/accidenteruta67-675x450.jpg",375,250,true]},"author_info":{"info":["Jorge Matheus"]},"category_info":"<a href=\"https:\/\/infoecos.com.ar\/index.php\/category\/inferior4\/\" rel=\"category tag\">Bloque inferior - 4<\/a>","tag_info":"Bloque inferior - 4","comment_count":"0","_links":{"self":[{"href":"https:\/\/infoecos.com.ar\/index.php\/wp-json\/wp\/v2\/posts\/110950"}],"collection":[{"href":"https:\/\/infoecos.com.ar\/index.php\/wp-json\/wp\/v2\/posts"}],"about":[{"href":"https:\/\/infoecos.com.ar\/index.php\/wp-json\/wp\/v2\/types\/post"}],"author":[{"embeddable":true,"href":"https:\/\/infoecos.com.ar\/index.php\/wp-json\/wp\/v2\/users\/2"}],"replies":[{"embeddable":true,"href":"https:\/\/infoecos.com.ar\/index.php\/wp-json\/wp\/v2\/comments?post=110950"}],"version-history":[{"count":2,"href":"https:\/\/infoecos.com.ar\/index.php\/wp-json\/wp\/v2\/posts\/110950\/revisions"}],"predecessor-version":[{"id":111099,"href":"https:\/\/infoecos.com.ar\/index.php\/wp-json\/wp\/v2\/posts\/110950\/revisions\/111099"}],"wp:featuredmedia":[{"embeddable":true,"href":"https:\/\/infoecos.com.ar\/index.php\/wp-json\/wp\/v2\/media\/110951"}],"wp:attachment":[{"href":"https:\/\/infoecos.com.ar\/index.php\/wp-json\/wp\/v2\/media?parent=110950"}],"wp:term":[{"taxonomy":"category","embeddable":true,"href":"https:\/\/infoecos.com.ar\/index.php\/wp-json\/wp\/v2\/categories?post=110950"},{"taxonomy":"post_tag","embeddable":true,"href":"https:\/\/infoecos.com.ar\/index.php\/wp-json\/wp\/v2\/tags?post=110950"}],"curies":[{"name":"wp","href":"https:\/\/api.w.org\/{rel}","templated":true}]}}