{"id":110977,"date":"2023-08-30T03:36:16","date_gmt":"2023-08-30T06:36:16","guid":{"rendered":"https:\/\/infoecos.com.ar\/?p=110977"},"modified":"2023-08-31T02:05:25","modified_gmt":"2023-08-31T05:05:25","slug":"suma-fija-el-intendente-de-bragado-la-califico-como-una-medida-irresponsable-demagogica-y-electoral","status":"publish","type":"post","link":"https:\/\/infoecos.com.ar\/index.php\/suma-fija-el-intendente-de-bragado-la-califico-como-una-medida-irresponsable-demagogica-y-electoral\/","title":{"rendered":"Suma fija: el intendente de Bragado la calific\u00f3 como una medida irresponsable, demag\u00f3gica y electoral"},"content":{"rendered":"\n<p>El intendente de Bragado, <strong>Vicente Gatica,<\/strong>&nbsp;se mostr\u00f3 muy descontento con la imposici\u00f3n del bono extra a d\u00edas de haber cerrado paritarias y anunciar un aumento total del 35% para los trabajadores municipales, en su distrito.<\/p>\n\n\n\n<figure class=\"wp-block-image alignright size-full is-resized\"><img loading=\"lazy\" decoding=\"async\" src=\"https:\/\/infoecos.com.ar\/wp-content\/uploads\/2023\/08\/image-167.png\" alt=\"\" class=\"wp-image-110978\" width=\"382\" height=\"215\" srcset=\"https:\/\/infoecos.com.ar\/wp-content\/uploads\/2023\/08\/image-167.png 992w, https:\/\/infoecos.com.ar\/wp-content\/uploads\/2023\/08\/image-167-800x450.png 800w, https:\/\/infoecos.com.ar\/wp-content\/uploads\/2023\/08\/image-167-768x432.png 768w\" sizes=\"(max-width: 382px) 100vw, 382px\" \/><\/figure>\n\n\n\n<p>\u201cNosotros estamos aqu\u00ed desde hace 7 a\u00f1os y medio y hemos teniendo siempre una relaci\u00f3n de acuerdos permanentes, de mucha madurez respecto de c\u00f3mo repartir los recursos para con nuestros empleados municipales, con los sindicato y la verdad que siempre lo hemos hecho mirando detenidamente los recursos con los que se cuentan, considerando el proceso inflacionario y el Convenio Colectivo de Trabajo; y lo que lo sucedido en estos d\u00edas ha sido sorpresivo,&nbsp;<strong>me parece absolutamente irresponsable<\/strong>\u201d<em>,<\/em>&nbsp;manifest\u00f3.<br><br>Y agreg\u00f3:&nbsp;\u201cHasta el propio Gobernador todav\u00eda no ha logrado poder asumir de qu\u00e9 manera la Provincia podr\u00e1 afrontar esta situaci\u00f3n. De hecho no hay ninguna resoluci\u00f3n ni decreto, de manera que nadie sabe c\u00f3mo se va llevar a cabo.\u201d<\/p>\n\n\n\n<p>Dijo que a\u00fan no han dimensionado con el equipo la cantidad de recursos econ\u00f3micos que deben disponer para afrontar este bono.<em>&nbsp;<\/em>\u201cEstamos a la espera de lo que diga el Gobernador y, en el caso de que sea obligatorio que los municipios tengan que hacerlo, veremos de qu\u00e9 manera nos asisten porque nosotros no estamos en condiciones\u201d<em>,<\/em>&nbsp;indic\u00f3.<\/p>\n\n\n\n<p>\u201cUna cosa es la planificaci\u00f3n de medida econ\u00f3mica y otra cosa es este manotazo de ahogado del Gobierno con una medida absolutamente demag\u00f3gica y electoral\u201d, remarc\u00f3.<\/p>\n\n\n\n<p>Las declaraciones fueron formuladas a un medio de comunicaci\u00f3n de Bragado.<\/p>\n\n\n\n<p>Fuente: bragadotv.com.ar<\/p>\n","protected":false},"excerpt":{"rendered":"<p>\u201cEstamos a la espera de lo que diga el Gobernador y, en el caso de que sea obligatorio que los municipios tengan que hacerlo, veremos de qu\u00e9 manera nos asisten porque nosotros no estamos en condiciones\u201d,\u00a0indic\u00f3<\/p>\n","protected":false},"author":2,"featured_media":110978,"comment_status":"closed","ping_status":"open","sticky":false,"template":"","format":"standard","meta":{"footnotes":""},"categories":[1326],"tags":[8937],"class_list":["post-110977","post","type-post","status-publish","format-standard","has-post-thumbnail","hentry","category-c2nota6","tag-declaraciones-a-un-medio-bragadense"],"yoast_head":"<!-- This site is optimized with the Yoast SEO plugin v23.4 - https:\/\/yoast.com\/wordpress\/plugins\/seo\/ -->\n<title>Suma fija: el intendente de Bragado la calific\u00f3 como una medida irresponsable, demag\u00f3gica y electoral - Infoecos<\/title>\n<meta name=\"robots\" content=\"index, follow, max-snippet:-1, max-image-preview:large, max-video-preview:-1\" \/>\n<link rel=\"canonical\" href=\"https:\/\/infoecos.com.ar\/index.php\/suma-fija-el-intendente-de-bragado-la-califico-como-una-medida-irresponsable-demagogica-y-electoral\/\" \/>\n<meta property=\"og:locale\" content=\"es_ES\" \/>\n<meta property=\"og:type\" content=\"article\" \/>\n<meta property=\"og:title\" content=\"Suma fija: el intendente de Bragado la calific\u00f3 como una medida irresponsable, demag\u00f3gica y electoral - Infoecos\" \/>\n<meta property=\"og:description\" content=\"\u201cEstamos a la espera de lo que diga el Gobernador y, en el caso de que sea obligatorio que los municipios tengan que hacerlo, veremos de qu\u00e9 manera nos asisten porque nosotros no estamos en condiciones\u201d,\u00a0indic\u00f3\" \/>\n<meta property=\"og:url\" content=\"https:\/\/infoecos.com.ar\/index.php\/suma-fija-el-intendente-de-bragado-la-califico-como-una-medida-irresponsable-demagogica-y-electoral\/\" \/>\n<meta property=\"og:site_name\" content=\"Infoecos\" \/>\n<meta property=\"article:publisher\" content=\"https:\/\/www.facebook.com\/profile.php?id=100063200290284\" \/>\n<meta property=\"article:published_time\" content=\"2023-08-30T06:36:16+00:00\" \/>\n<meta property=\"article:modified_time\" content=\"2023-08-31T05:05:25+00:00\" \/>\n<meta property=\"og:image\" content=\"https:\/\/infoecos.com.ar\/wp-content\/uploads\/2023\/08\/image-167.png\" \/>\n\t<meta property=\"og:image:width\" content=\"992\" \/>\n\t<meta property=\"og:image:height\" content=\"558\" \/>\n\t<meta property=\"og:image:type\" content=\"image\/png\" \/>\n<meta name=\"author\" content=\"Jorge Matheus\" \/>\n<meta name=\"twitter:card\" content=\"summary_large_image\" \/>\n<meta name=\"twitter:creator\" content=\"@infoecos\" \/>\n<meta name=\"twitter:site\" content=\"@infoecos\" \/>\n<meta name=\"twitter:label1\" content=\"Escrito por\" \/>\n\t<meta name=\"twitter:data1\" content=\"Jorge Matheus\" \/>\n\t<meta name=\"twitter:label2\" content=\"Tiempo de lectura\" \/>\n\t<meta name=\"twitter:data2\" content=\"2 minutos\" \/>\n<script type=\"application\/ld+json\" class=\"yoast-schema-graph\">{\"@context\":\"https:\/\/schema.org\",\"@graph\":[{\"@type\":\"Article\",\"@id\":\"https:\/\/infoecos.com.ar\/index.php\/suma-fija-el-intendente-de-bragado-la-califico-como-una-medida-irresponsable-demagogica-y-electoral\/#article\",\"isPartOf\":{\"@id\":\"https:\/\/infoecos.com.ar\/index.php\/suma-fija-el-intendente-de-bragado-la-califico-como-una-medida-irresponsable-demagogica-y-electoral\/\"},\"author\":{\"name\":\"Jorge Matheus\",\"@id\":\"https:\/\/infoecos.com.ar\/#\/schema\/person\/8f5ace5ce73b4b4aac4b7245aee6f191\"},\"headline\":\"Suma fija: el intendente de Bragado la calific\u00f3 como una medida irresponsable, demag\u00f3gica y electoral\",\"datePublished\":\"2023-08-30T06:36:16+00:00\",\"dateModified\":\"2023-08-31T05:05:25+00:00\",\"mainEntityOfPage\":{\"@id\":\"https:\/\/infoecos.com.ar\/index.php\/suma-fija-el-intendente-de-bragado-la-califico-como-una-medida-irresponsable-demagogica-y-electoral\/\"},\"wordCount\":289,\"publisher\":{\"@id\":\"https:\/\/infoecos.com.ar\/#organization\"},\"image\":{\"@id\":\"https:\/\/infoecos.com.ar\/index.php\/suma-fija-el-intendente-de-bragado-la-califico-como-una-medida-irresponsable-demagogica-y-electoral\/#primaryimage\"},\"thumbnailUrl\":\"https:\/\/infoecos.com.ar\/wp-content\/uploads\/2023\/08\/image-167.png\",\"keywords\":[\"declaraciones a un medio bragadense\"],\"articleSection\":[\"C2 N6\"],\"inLanguage\":\"es\"},{\"@type\":\"WebPage\",\"@id\":\"https:\/\/infoecos.com.ar\/index.php\/suma-fija-el-intendente-de-bragado-la-califico-como-una-medida-irresponsable-demagogica-y-electoral\/\",\"url\":\"https:\/\/infoecos.com.ar\/index.php\/suma-fija-el-intendente-de-bragado-la-califico-como-una-medida-irresponsable-demagogica-y-electoral\/\",\"name\":\"Suma fija: el intendente de Bragado la calific\u00f3 como una medida irresponsable, demag\u00f3gica y electoral - Infoecos\",\"isPartOf\":{\"@id\":\"https:\/\/infoecos.com.ar\/#website\"},\"primaryImageOfPage\":{\"@id\":\"https:\/\/infoecos.com.ar\/index.php\/suma-fija-el-intendente-de-bragado-la-califico-como-una-medida-irresponsable-demagogica-y-electoral\/#primaryimage\"},\"image\":{\"@id\":\"https:\/\/infoecos.com.ar\/index.php\/suma-fija-el-intendente-de-bragado-la-califico-como-una-medida-irresponsable-demagogica-y-electoral\/#primaryimage\"},\"thumbnailUrl\":\"https:\/\/infoecos.com.ar\/wp-content\/uploads\/2023\/08\/image-167.png\",\"datePublished\":\"2023-08-30T06:36:16+00:00\",\"dateModified\":\"2023-08-31T05:05:25+00:00\",\"breadcrumb\":{\"@id\":\"https:\/\/infoecos.com.ar\/index.php\/suma-fija-el-intendente-de-bragado-la-califico-como-una-medida-irresponsable-demagogica-y-electoral\/#breadcrumb\"},\"inLanguage\":\"es\",\"potentialAction\":[{\"@type\":\"ReadAction\",\"target\":[\"https:\/\/infoecos.com.ar\/index.php\/suma-fija-el-intendente-de-bragado-la-califico-como-una-medida-irresponsable-demagogica-y-electoral\/\"]}]},{\"@type\":\"ImageObject\",\"inLanguage\":\"es\",\"@id\":\"https:\/\/infoecos.com.ar\/index.php\/suma-fija-el-intendente-de-bragado-la-califico-como-una-medida-irresponsable-demagogica-y-electoral\/#primaryimage\",\"url\":\"https:\/\/infoecos.com.ar\/wp-content\/uploads\/2023\/08\/image-167.png\",\"contentUrl\":\"https:\/\/infoecos.com.ar\/wp-content\/uploads\/2023\/08\/image-167.png\",\"width\":992,\"height\":558},{\"@type\":\"BreadcrumbList\",\"@id\":\"https:\/\/infoecos.com.ar\/index.php\/suma-fija-el-intendente-de-bragado-la-califico-como-una-medida-irresponsable-demagogica-y-electoral\/#breadcrumb\",\"itemListElement\":[{\"@type\":\"ListItem\",\"position\":1,\"name\":\"Portada\",\"item\":\"https:\/\/infoecos.com.ar\/\"},{\"@type\":\"ListItem\",\"position\":2,\"name\":\"Suma fija: el intendente de Bragado la calific\u00f3 como una medida irresponsable, demag\u00f3gica y electoral\"}]},{\"@type\":\"WebSite\",\"@id\":\"https:\/\/infoecos.com.ar\/#website\",\"url\":\"https:\/\/infoecos.com.ar\/\",\"name\":\"Infoecos\",\"description\":\"Noticias de trenque lauquen y la zona\",\"publisher\":{\"@id\":\"https:\/\/infoecos.com.ar\/#organization\"},\"alternateName\":\"Noticias\",\"potentialAction\":[{\"@type\":\"SearchAction\",\"target\":{\"@type\":\"EntryPoint\",\"urlTemplate\":\"https:\/\/infoecos.com.ar\/?s={search_term_string}\"},\"query-input\":{\"@type\":\"PropertyValueSpecification\",\"valueRequired\":true,\"valueName\":\"search_term_string\"}}],\"inLanguage\":\"es\"},{\"@type\":\"Organization\",\"@id\":\"https:\/\/infoecos.com.ar\/#organization\",\"name\":\"Infoecos\",\"alternateName\":\"Noticias\",\"url\":\"https:\/\/infoecos.com.ar\/\",\"logo\":{\"@type\":\"ImageObject\",\"inLanguage\":\"es\",\"@id\":\"https:\/\/infoecos.com.ar\/#\/schema\/logo\/image\/\",\"url\":\"https:\/\/infoecos.com.ar\/wp-content\/uploads\/2024\/03\/cropped-logo.png\",\"contentUrl\":\"https:\/\/infoecos.com.ar\/wp-content\/uploads\/2024\/03\/cropped-logo.png\",\"width\":374,\"height\":90,\"caption\":\"Infoecos\"},\"image\":{\"@id\":\"https:\/\/infoecos.com.ar\/#\/schema\/logo\/image\/\"},\"sameAs\":[\"https:\/\/www.facebook.com\/profile.php?id=100063200290284\",\"https:\/\/x.com\/infoecos\"]},{\"@type\":\"Person\",\"@id\":\"https:\/\/infoecos.com.ar\/#\/schema\/person\/8f5ace5ce73b4b4aac4b7245aee6f191\",\"name\":\"Jorge Matheus\",\"url\":\"https:\/\/infoecos.com.ar\/index.php\/author\/jomatheus\/\"}]}<\/script>\n<!-- \/ Yoast SEO plugin. -->","yoast_head_json":{"title":"Suma fija: el intendente de Bragado la calific\u00f3 como una medida irresponsable, demag\u00f3gica y electoral - Infoecos","robots":{"index":"index","follow":"follow","max-snippet":"max-snippet:-1","max-image-preview":"max-image-preview:large","max-video-preview":"max-video-preview:-1"},"canonical":"https:\/\/infoecos.com.ar\/index.php\/suma-fija-el-intendente-de-bragado-la-califico-como-una-medida-irresponsable-demagogica-y-electoral\/","og_locale":"es_ES","og_type":"article","og_title":"Suma fija: el intendente de Bragado la calific\u00f3 como una medida irresponsable, demag\u00f3gica y electoral - Infoecos","og_description":"\u201cEstamos a la espera de lo que diga el Gobernador y, en el caso de que sea obligatorio que los municipios tengan que hacerlo, veremos de qu\u00e9 manera nos asisten porque nosotros no estamos en condiciones\u201d,\u00a0indic\u00f3","og_url":"https:\/\/infoecos.com.ar\/index.php\/suma-fija-el-intendente-de-bragado-la-califico-como-una-medida-irresponsable-demagogica-y-electoral\/","og_site_name":"Infoecos","article_publisher":"https:\/\/www.facebook.com\/profile.php?id=100063200290284","article_published_time":"2023-08-30T06:36:16+00:00","article_modified_time":"2023-08-31T05:05:25+00:00","og_image":[{"width":992,"height":558,"url":"https:\/\/infoecos.com.ar\/wp-content\/uploads\/2023\/08\/image-167.png","type":"image\/png"}],"author":"Jorge Matheus","twitter_card":"summary_large_image","twitter_creator":"@infoecos","twitter_site":"@infoecos","twitter_misc":{"Escrito por":"Jorge Matheus","Tiempo de lectura":"2 minutos"},"schema":{"@context":"https:\/\/schema.org","@graph":[{"@type":"Article","@id":"https:\/\/infoecos.com.ar\/index.php\/suma-fija-el-intendente-de-bragado-la-califico-como-una-medida-irresponsable-demagogica-y-electoral\/#article","isPartOf":{"@id":"https:\/\/infoecos.com.ar\/index.php\/suma-fija-el-intendente-de-bragado-la-califico-como-una-medida-irresponsable-demagogica-y-electoral\/"},"author":{"name":"Jorge Matheus","@id":"https:\/\/infoecos.com.ar\/#\/schema\/person\/8f5ace5ce73b4b4aac4b7245aee6f191"},"headline":"Suma fija: el intendente de Bragado la calific\u00f3 como una medida irresponsable, demag\u00f3gica y electoral","datePublished":"2023-08-30T06:36:16+00:00","dateModified":"2023-08-31T05:05:25+00:00","mainEntityOfPage":{"@id":"https:\/\/infoecos.com.ar\/index.php\/suma-fija-el-intendente-de-bragado-la-califico-como-una-medida-irresponsable-demagogica-y-electoral\/"},"wordCount":289,"publisher":{"@id":"https:\/\/infoecos.com.ar\/#organization"},"image":{"@id":"https:\/\/infoecos.com.ar\/index.php\/suma-fija-el-intendente-de-bragado-la-califico-como-una-medida-irresponsable-demagogica-y-electoral\/#primaryimage"},"thumbnailUrl":"https:\/\/infoecos.com.ar\/wp-content\/uploads\/2023\/08\/image-167.png","keywords":["declaraciones a un medio bragadense"],"articleSection":["C2 N6"],"inLanguage":"es"},{"@type":"WebPage","@id":"https:\/\/infoecos.com.ar\/index.php\/suma-fija-el-intendente-de-bragado-la-califico-como-una-medida-irresponsable-demagogica-y-electoral\/","url":"https:\/\/infoecos.com.ar\/index.php\/suma-fija-el-intendente-de-bragado-la-califico-como-una-medida-irresponsable-demagogica-y-electoral\/","name":"Suma fija: el intendente de Bragado la calific\u00f3 como una medida irresponsable, demag\u00f3gica y electoral - Infoecos","isPartOf":{"@id":"https:\/\/infoecos.com.ar\/#website"},"primaryImageOfPage":{"@id":"https:\/\/infoecos.com.ar\/index.php\/suma-fija-el-intendente-de-bragado-la-califico-como-una-medida-irresponsable-demagogica-y-electoral\/#primaryimage"},"image":{"@id":"https:\/\/infoecos.com.ar\/index.php\/suma-fija-el-intendente-de-bragado-la-califico-como-una-medida-irresponsable-demagogica-y-electoral\/#primaryimage"},"thumbnailUrl":"https:\/\/infoecos.com.ar\/wp-content\/uploads\/2023\/08\/image-167.png","datePublished":"2023-08-30T06:36:16+00:00","dateModified":"2023-08-31T05:05:25+00:00","breadcrumb":{"@id":"https:\/\/infoecos.com.ar\/index.php\/suma-fija-el-intendente-de-bragado-la-califico-como-una-medida-irresponsable-demagogica-y-electoral\/#breadcrumb"},"inLanguage":"es","potentialAction":[{"@type":"ReadAction","target":["https:\/\/infoecos.com.ar\/index.php\/suma-fija-el-intendente-de-bragado-la-califico-como-una-medida-irresponsable-demagogica-y-electoral\/"]}]},{"@type":"ImageObject","inLanguage":"es","@id":"https:\/\/infoecos.com.ar\/index.php\/suma-fija-el-intendente-de-bragado-la-califico-como-una-medida-irresponsable-demagogica-y-electoral\/#primaryimage","url":"https:\/\/infoecos.com.ar\/wp-content\/uploads\/2023\/08\/image-167.png","contentUrl":"https:\/\/infoecos.com.ar\/wp-content\/uploads\/2023\/08\/image-167.png","width":992,"height":558},{"@type":"BreadcrumbList","@id":"https:\/\/infoecos.com.ar\/index.php\/suma-fija-el-intendente-de-bragado-la-califico-como-una-medida-irresponsable-demagogica-y-electoral\/#breadcrumb","itemListElement":[{"@type":"ListItem","position":1,"name":"Portada","item":"https:\/\/infoecos.com.ar\/"},{"@type":"ListItem","position":2,"name":"Suma fija: el intendente de Bragado la calific\u00f3 como una medida irresponsable, demag\u00f3gica y electoral"}]},{"@type":"WebSite","@id":"https:\/\/infoecos.com.ar\/#website","url":"https:\/\/infoecos.com.ar\/","name":"Infoecos","description":"Noticias de trenque lauquen y la zona","publisher":{"@id":"https:\/\/infoecos.com.ar\/#organization"},"alternateName":"Noticias","potentialAction":[{"@type":"SearchAction","target":{"@type":"EntryPoint","urlTemplate":"https:\/\/infoecos.com.ar\/?s={search_term_string}"},"query-input":{"@type":"PropertyValueSpecification","valueRequired":true,"valueName":"search_term_string"}}],"inLanguage":"es"},{"@type":"Organization","@id":"https:\/\/infoecos.com.ar\/#organization","name":"Infoecos","alternateName":"Noticias","url":"https:\/\/infoecos.com.ar\/","logo":{"@type":"ImageObject","inLanguage":"es","@id":"https:\/\/infoecos.com.ar\/#\/schema\/logo\/image\/","url":"https:\/\/infoecos.com.ar\/wp-content\/uploads\/2024\/03\/cropped-logo.png","contentUrl":"https:\/\/infoecos.com.ar\/wp-content\/uploads\/2024\/03\/cropped-logo.png","width":374,"height":90,"caption":"Infoecos"},"image":{"@id":"https:\/\/infoecos.com.ar\/#\/schema\/logo\/image\/"},"sameAs":["https:\/\/www.facebook.com\/profile.php?id=100063200290284","https:\/\/x.com\/infoecos"]},{"@type":"Person","@id":"https:\/\/infoecos.com.ar\/#\/schema\/person\/8f5ace5ce73b4b4aac4b7245aee6f191","name":"Jorge Matheus","url":"https:\/\/infoecos.com.ar\/index.php\/author\/jomatheus\/"}]}},"featured_image_urls":{"full":["https:\/\/infoecos.com.ar\/wp-content\/uploads\/2023\/08\/image-167.png",992,558,false],"thumbnail":["https:\/\/infoecos.com.ar\/wp-content\/uploads\/2023\/08\/image-167-300x150.png",300,150,true],"medium":["https:\/\/infoecos.com.ar\/wp-content\/uploads\/2023\/08\/image-167-800x450.png",800,450,true],"medium_large":["https:\/\/infoecos.com.ar\/wp-content\/uploads\/2023\/08\/image-167-768x432.png",640,360,true],"large":["https:\/\/infoecos.com.ar\/wp-content\/uploads\/2023\/08\/image-167.png",640,360,false],"1536x1536":["https:\/\/infoecos.com.ar\/wp-content\/uploads\/2023\/08\/image-167.png",992,558,false],"2048x2048":["https:\/\/infoecos.com.ar\/wp-content\/uploads\/2023\/08\/image-167.png",992,558,false],"covernews-slider-full":["https:\/\/infoecos.com.ar\/wp-content\/uploads\/2023\/08\/image-167.png",992,558,false],"covernews-slider-center":["https:\/\/infoecos.com.ar\/wp-content\/uploads\/2023\/08\/image-167-936x558.png",800,477,true],"covernews-featured":["https:\/\/infoecos.com.ar\/wp-content\/uploads\/2023\/08\/image-167.png",992,558,false],"covernews-medium":["https:\/\/infoecos.com.ar\/wp-content\/uploads\/2023\/08\/image-167-720x380.png",540,285,true],"covernews-medium-square":["https:\/\/infoecos.com.ar\/wp-content\/uploads\/2023\/08\/image-167-675x450.png",375,250,true]},"author_info":{"info":["Jorge Matheus"]},"category_info":"<a href=\"https:\/\/infoecos.com.ar\/index.php\/category\/c2nota6\/\" rel=\"category tag\">C2 N6<\/a>","tag_info":"C2 N6","comment_count":"0","_links":{"self":[{"href":"https:\/\/infoecos.com.ar\/index.php\/wp-json\/wp\/v2\/posts\/110977"}],"collection":[{"href":"https:\/\/infoecos.com.ar\/index.php\/wp-json\/wp\/v2\/posts"}],"about":[{"href":"https:\/\/infoecos.com.ar\/index.php\/wp-json\/wp\/v2\/types\/post"}],"author":[{"embeddable":true,"href":"https:\/\/infoecos.com.ar\/index.php\/wp-json\/wp\/v2\/users\/2"}],"replies":[{"embeddable":true,"href":"https:\/\/infoecos.com.ar\/index.php\/wp-json\/wp\/v2\/comments?post=110977"}],"version-history":[{"count":2,"href":"https:\/\/infoecos.com.ar\/index.php\/wp-json\/wp\/v2\/posts\/110977\/revisions"}],"predecessor-version":[{"id":111095,"href":"https:\/\/infoecos.com.ar\/index.php\/wp-json\/wp\/v2\/posts\/110977\/revisions\/111095"}],"wp:featuredmedia":[{"embeddable":true,"href":"https:\/\/infoecos.com.ar\/index.php\/wp-json\/wp\/v2\/media\/110978"}],"wp:attachment":[{"href":"https:\/\/infoecos.com.ar\/index.php\/wp-json\/wp\/v2\/media?parent=110977"}],"wp:term":[{"taxonomy":"category","embeddable":true,"href":"https:\/\/infoecos.com.ar\/index.php\/wp-json\/wp\/v2\/categories?post=110977"},{"taxonomy":"post_tag","embeddable":true,"href":"https:\/\/infoecos.com.ar\/index.php\/wp-json\/wp\/v2\/tags?post=110977"}],"curies":[{"name":"wp","href":"https:\/\/api.w.org\/{rel}","templated":true}]}}