{"id":111078,"date":"2023-08-31T01:07:26","date_gmt":"2023-08-31T04:07:26","guid":{"rendered":"https:\/\/infoecos.com.ar\/?p=111078"},"modified":"2023-09-01T04:18:11","modified_gmt":"2023-09-01T07:18:11","slug":"fuerte-comunicado-de-la-ensenanza-privada-en-contra-de-la-obligacion-de-pago-de-la-suma-fija","status":"publish","type":"post","link":"https:\/\/infoecos.com.ar\/index.php\/fuerte-comunicado-de-la-ensenanza-privada-en-contra-de-la-obligacion-de-pago-de-la-suma-fija\/","title":{"rendered":"Fuerte comunicado de la ense\u00f1anza privada en contra de la obligaci\u00f3n del pago de suma fija"},"content":{"rendered":"\n<p>La Asociaci\u00f3n de Institutos de Ense\u00f1anza Privada de la Provincia de Buenos Aires y de la Junta Nacional de Educaci\u00f3n Privada, a trav\u00e9s de un comunicado, se expresaron contrarias a la obligaci\u00f3n de pago de la suma fija.<\/p>\n\n\n\n<figure class=\"wp-block-image alignright size-full is-resized\"><img loading=\"lazy\" decoding=\"async\" src=\"https:\/\/infoecos.com.ar\/wp-content\/uploads\/2023\/04\/colegiosprivados4.jpg\" alt=\"\" class=\"wp-image-104292\" width=\"393\" height=\"249\" srcset=\"https:\/\/infoecos.com.ar\/wp-content\/uploads\/2023\/04\/colegiosprivados4.jpg 800w, https:\/\/infoecos.com.ar\/wp-content\/uploads\/2023\/04\/colegiosprivados4-768x487.jpg 768w\" sizes=\"(max-width: 393px) 100vw, 393px\" \/><\/figure>\n\n\n\n<p>Se\u00f1alan que \u00abla situaci\u00f3n que se encuentra atravesando el sector es preocupante. Las instituciones se encuentran en un estado financiero y econ\u00f3mico de vulnerabilidad. La medida impuesta provoca un descalabro financiero que agrava la realidad de muchas instituciones que ya se encuentran al borde del cierre\u00bb.<\/p>\n\n\n\n<p>M\u00e1s adelante a tono con el comienzo del documento apuntan que \u00abrechazamos la injerencia del Estado Nacional quien, por medio de medidas unilaterales, se inmiscuye en la actividad privada que de por s\u00ed ya es compleja perjudicando a las Instituciones Educativas. No respetando los mecanismos legales de discusi\u00f3n salarial, que resultan ser satisfecho por medio de acuerdo paritarios, alcanzados por las partes<br>intervinientes, que en la actualidad superan los \u00edndices inflacionarios\u00bb.<\/p>\n\n\n\n<p>Finalizan se\u00f1alando que \u00abcomo siempre garantizamos la defensa de nuestros asociados, para evitar el<br>avasallamiento ilegal de sus derechos\u00bb.<br><\/p>\n","protected":false},"excerpt":{"rendered":"<p>Se\u00f1alan que \u00abla situaci\u00f3n que se encuentra atravesando el sector es preocupante\u00bb<\/p>\n","protected":false},"author":2,"featured_media":101877,"comment_status":"closed","ping_status":"open","sticky":false,"template":"","format":"standard","meta":{"footnotes":""},"categories":[1614],"tags":[8949],"class_list":["post-111078","post","type-post","status-publish","format-standard","has-post-thumbnail","hentry","category-c2nota7","tag-en-defensa-de-las-paritarias"],"yoast_head":"<!-- This site is optimized with the Yoast SEO plugin v23.4 - https:\/\/yoast.com\/wordpress\/plugins\/seo\/ -->\n<title>Fuerte comunicado de la ense\u00f1anza privada en contra de la obligaci\u00f3n del pago de suma fija - Infoecos<\/title>\n<meta name=\"robots\" content=\"index, follow, max-snippet:-1, max-image-preview:large, max-video-preview:-1\" \/>\n<link rel=\"canonical\" href=\"https:\/\/infoecos.com.ar\/index.php\/fuerte-comunicado-de-la-ensenanza-privada-en-contra-de-la-obligacion-de-pago-de-la-suma-fija\/\" \/>\n<meta property=\"og:locale\" content=\"es_ES\" \/>\n<meta property=\"og:type\" content=\"article\" \/>\n<meta property=\"og:title\" content=\"Fuerte comunicado de la ense\u00f1anza privada en contra de la obligaci\u00f3n del pago de suma fija - Infoecos\" \/>\n<meta property=\"og:description\" content=\"Se\u00f1alan que &quot;la situaci\u00f3n que se encuentra atravesando el sector es preocupante&quot;\" \/>\n<meta property=\"og:url\" content=\"https:\/\/infoecos.com.ar\/index.php\/fuerte-comunicado-de-la-ensenanza-privada-en-contra-de-la-obligacion-de-pago-de-la-suma-fija\/\" \/>\n<meta property=\"og:site_name\" content=\"Infoecos\" \/>\n<meta property=\"article:publisher\" content=\"https:\/\/www.facebook.com\/profile.php?id=100063200290284\" \/>\n<meta property=\"article:published_time\" content=\"2023-08-31T04:07:26+00:00\" \/>\n<meta property=\"article:modified_time\" content=\"2023-09-01T07:18:11+00:00\" \/>\n<meta property=\"og:image\" content=\"https:\/\/infoecos.com.ar\/wp-content\/uploads\/2023\/02\/colegiosprivados4.jpg\" \/>\n\t<meta property=\"og:image:width\" content=\"800\" \/>\n\t<meta property=\"og:image:height\" content=\"507\" \/>\n\t<meta property=\"og:image:type\" content=\"image\/jpeg\" \/>\n<meta name=\"author\" content=\"Jorge Matheus\" \/>\n<meta name=\"twitter:card\" content=\"summary_large_image\" \/>\n<meta name=\"twitter:creator\" content=\"@infoecos\" \/>\n<meta name=\"twitter:site\" content=\"@infoecos\" \/>\n<meta name=\"twitter:label1\" content=\"Escrito por\" \/>\n\t<meta name=\"twitter:data1\" content=\"Jorge Matheus\" \/>\n\t<meta name=\"twitter:label2\" content=\"Tiempo de lectura\" \/>\n\t<meta name=\"twitter:data2\" content=\"1 minuto\" \/>\n<script type=\"application\/ld+json\" class=\"yoast-schema-graph\">{\"@context\":\"https:\/\/schema.org\",\"@graph\":[{\"@type\":\"Article\",\"@id\":\"https:\/\/infoecos.com.ar\/index.php\/fuerte-comunicado-de-la-ensenanza-privada-en-contra-de-la-obligacion-de-pago-de-la-suma-fija\/#article\",\"isPartOf\":{\"@id\":\"https:\/\/infoecos.com.ar\/index.php\/fuerte-comunicado-de-la-ensenanza-privada-en-contra-de-la-obligacion-de-pago-de-la-suma-fija\/\"},\"author\":{\"name\":\"Jorge Matheus\",\"@id\":\"https:\/\/infoecos.com.ar\/#\/schema\/person\/8f5ace5ce73b4b4aac4b7245aee6f191\"},\"headline\":\"Fuerte comunicado de la ense\u00f1anza privada en contra de la obligaci\u00f3n del pago de suma fija\",\"datePublished\":\"2023-08-31T04:07:26+00:00\",\"dateModified\":\"2023-09-01T07:18:11+00:00\",\"mainEntityOfPage\":{\"@id\":\"https:\/\/infoecos.com.ar\/index.php\/fuerte-comunicado-de-la-ensenanza-privada-en-contra-de-la-obligacion-de-pago-de-la-suma-fija\/\"},\"wordCount\":201,\"publisher\":{\"@id\":\"https:\/\/infoecos.com.ar\/#organization\"},\"image\":{\"@id\":\"https:\/\/infoecos.com.ar\/index.php\/fuerte-comunicado-de-la-ensenanza-privada-en-contra-de-la-obligacion-de-pago-de-la-suma-fija\/#primaryimage\"},\"thumbnailUrl\":\"https:\/\/infoecos.com.ar\/wp-content\/uploads\/2023\/02\/colegiosprivados4.jpg\",\"keywords\":[\"en defensa de las paritarias\"],\"articleSection\":[\"C2 N7\"],\"inLanguage\":\"es\"},{\"@type\":\"WebPage\",\"@id\":\"https:\/\/infoecos.com.ar\/index.php\/fuerte-comunicado-de-la-ensenanza-privada-en-contra-de-la-obligacion-de-pago-de-la-suma-fija\/\",\"url\":\"https:\/\/infoecos.com.ar\/index.php\/fuerte-comunicado-de-la-ensenanza-privada-en-contra-de-la-obligacion-de-pago-de-la-suma-fija\/\",\"name\":\"Fuerte comunicado de la ense\u00f1anza privada en contra de la obligaci\u00f3n del pago de suma fija - Infoecos\",\"isPartOf\":{\"@id\":\"https:\/\/infoecos.com.ar\/#website\"},\"primaryImageOfPage\":{\"@id\":\"https:\/\/infoecos.com.ar\/index.php\/fuerte-comunicado-de-la-ensenanza-privada-en-contra-de-la-obligacion-de-pago-de-la-suma-fija\/#primaryimage\"},\"image\":{\"@id\":\"https:\/\/infoecos.com.ar\/index.php\/fuerte-comunicado-de-la-ensenanza-privada-en-contra-de-la-obligacion-de-pago-de-la-suma-fija\/#primaryimage\"},\"thumbnailUrl\":\"https:\/\/infoecos.com.ar\/wp-content\/uploads\/2023\/02\/colegiosprivados4.jpg\",\"datePublished\":\"2023-08-31T04:07:26+00:00\",\"dateModified\":\"2023-09-01T07:18:11+00:00\",\"breadcrumb\":{\"@id\":\"https:\/\/infoecos.com.ar\/index.php\/fuerte-comunicado-de-la-ensenanza-privada-en-contra-de-la-obligacion-de-pago-de-la-suma-fija\/#breadcrumb\"},\"inLanguage\":\"es\",\"potentialAction\":[{\"@type\":\"ReadAction\",\"target\":[\"https:\/\/infoecos.com.ar\/index.php\/fuerte-comunicado-de-la-ensenanza-privada-en-contra-de-la-obligacion-de-pago-de-la-suma-fija\/\"]}]},{\"@type\":\"ImageObject\",\"inLanguage\":\"es\",\"@id\":\"https:\/\/infoecos.com.ar\/index.php\/fuerte-comunicado-de-la-ensenanza-privada-en-contra-de-la-obligacion-de-pago-de-la-suma-fija\/#primaryimage\",\"url\":\"https:\/\/infoecos.com.ar\/wp-content\/uploads\/2023\/02\/colegiosprivados4.jpg\",\"contentUrl\":\"https:\/\/infoecos.com.ar\/wp-content\/uploads\/2023\/02\/colegiosprivados4.jpg\",\"width\":800,\"height\":507},{\"@type\":\"BreadcrumbList\",\"@id\":\"https:\/\/infoecos.com.ar\/index.php\/fuerte-comunicado-de-la-ensenanza-privada-en-contra-de-la-obligacion-de-pago-de-la-suma-fija\/#breadcrumb\",\"itemListElement\":[{\"@type\":\"ListItem\",\"position\":1,\"name\":\"Portada\",\"item\":\"https:\/\/infoecos.com.ar\/\"},{\"@type\":\"ListItem\",\"position\":2,\"name\":\"Fuerte comunicado de la ense\u00f1anza privada en contra de la obligaci\u00f3n del pago de suma fija\"}]},{\"@type\":\"WebSite\",\"@id\":\"https:\/\/infoecos.com.ar\/#website\",\"url\":\"https:\/\/infoecos.com.ar\/\",\"name\":\"Infoecos\",\"description\":\"Noticias de trenque lauquen y la zona\",\"publisher\":{\"@id\":\"https:\/\/infoecos.com.ar\/#organization\"},\"alternateName\":\"Noticias\",\"potentialAction\":[{\"@type\":\"SearchAction\",\"target\":{\"@type\":\"EntryPoint\",\"urlTemplate\":\"https:\/\/infoecos.com.ar\/?s={search_term_string}\"},\"query-input\":{\"@type\":\"PropertyValueSpecification\",\"valueRequired\":true,\"valueName\":\"search_term_string\"}}],\"inLanguage\":\"es\"},{\"@type\":\"Organization\",\"@id\":\"https:\/\/infoecos.com.ar\/#organization\",\"name\":\"Infoecos\",\"alternateName\":\"Noticias\",\"url\":\"https:\/\/infoecos.com.ar\/\",\"logo\":{\"@type\":\"ImageObject\",\"inLanguage\":\"es\",\"@id\":\"https:\/\/infoecos.com.ar\/#\/schema\/logo\/image\/\",\"url\":\"https:\/\/infoecos.com.ar\/wp-content\/uploads\/2024\/03\/cropped-logo.png\",\"contentUrl\":\"https:\/\/infoecos.com.ar\/wp-content\/uploads\/2024\/03\/cropped-logo.png\",\"width\":374,\"height\":90,\"caption\":\"Infoecos\"},\"image\":{\"@id\":\"https:\/\/infoecos.com.ar\/#\/schema\/logo\/image\/\"},\"sameAs\":[\"https:\/\/www.facebook.com\/profile.php?id=100063200290284\",\"https:\/\/x.com\/infoecos\"]},{\"@type\":\"Person\",\"@id\":\"https:\/\/infoecos.com.ar\/#\/schema\/person\/8f5ace5ce73b4b4aac4b7245aee6f191\",\"name\":\"Jorge Matheus\",\"url\":\"https:\/\/infoecos.com.ar\/index.php\/author\/jomatheus\/\"}]}<\/script>\n<!-- \/ Yoast SEO plugin. -->","yoast_head_json":{"title":"Fuerte comunicado de la ense\u00f1anza privada en contra de la obligaci\u00f3n del pago de suma fija - Infoecos","robots":{"index":"index","follow":"follow","max-snippet":"max-snippet:-1","max-image-preview":"max-image-preview:large","max-video-preview":"max-video-preview:-1"},"canonical":"https:\/\/infoecos.com.ar\/index.php\/fuerte-comunicado-de-la-ensenanza-privada-en-contra-de-la-obligacion-de-pago-de-la-suma-fija\/","og_locale":"es_ES","og_type":"article","og_title":"Fuerte comunicado de la ense\u00f1anza privada en contra de la obligaci\u00f3n del pago de suma fija - Infoecos","og_description":"Se\u00f1alan que \"la situaci\u00f3n que se encuentra atravesando el sector es preocupante\"","og_url":"https:\/\/infoecos.com.ar\/index.php\/fuerte-comunicado-de-la-ensenanza-privada-en-contra-de-la-obligacion-de-pago-de-la-suma-fija\/","og_site_name":"Infoecos","article_publisher":"https:\/\/www.facebook.com\/profile.php?id=100063200290284","article_published_time":"2023-08-31T04:07:26+00:00","article_modified_time":"2023-09-01T07:18:11+00:00","og_image":[{"width":800,"height":507,"url":"https:\/\/infoecos.com.ar\/wp-content\/uploads\/2023\/02\/colegiosprivados4.jpg","type":"image\/jpeg"}],"author":"Jorge Matheus","twitter_card":"summary_large_image","twitter_creator":"@infoecos","twitter_site":"@infoecos","twitter_misc":{"Escrito por":"Jorge Matheus","Tiempo de lectura":"1 minuto"},"schema":{"@context":"https:\/\/schema.org","@graph":[{"@type":"Article","@id":"https:\/\/infoecos.com.ar\/index.php\/fuerte-comunicado-de-la-ensenanza-privada-en-contra-de-la-obligacion-de-pago-de-la-suma-fija\/#article","isPartOf":{"@id":"https:\/\/infoecos.com.ar\/index.php\/fuerte-comunicado-de-la-ensenanza-privada-en-contra-de-la-obligacion-de-pago-de-la-suma-fija\/"},"author":{"name":"Jorge Matheus","@id":"https:\/\/infoecos.com.ar\/#\/schema\/person\/8f5ace5ce73b4b4aac4b7245aee6f191"},"headline":"Fuerte comunicado de la ense\u00f1anza privada en contra de la obligaci\u00f3n del pago de suma fija","datePublished":"2023-08-31T04:07:26+00:00","dateModified":"2023-09-01T07:18:11+00:00","mainEntityOfPage":{"@id":"https:\/\/infoecos.com.ar\/index.php\/fuerte-comunicado-de-la-ensenanza-privada-en-contra-de-la-obligacion-de-pago-de-la-suma-fija\/"},"wordCount":201,"publisher":{"@id":"https:\/\/infoecos.com.ar\/#organization"},"image":{"@id":"https:\/\/infoecos.com.ar\/index.php\/fuerte-comunicado-de-la-ensenanza-privada-en-contra-de-la-obligacion-de-pago-de-la-suma-fija\/#primaryimage"},"thumbnailUrl":"https:\/\/infoecos.com.ar\/wp-content\/uploads\/2023\/02\/colegiosprivados4.jpg","keywords":["en defensa de las paritarias"],"articleSection":["C2 N7"],"inLanguage":"es"},{"@type":"WebPage","@id":"https:\/\/infoecos.com.ar\/index.php\/fuerte-comunicado-de-la-ensenanza-privada-en-contra-de-la-obligacion-de-pago-de-la-suma-fija\/","url":"https:\/\/infoecos.com.ar\/index.php\/fuerte-comunicado-de-la-ensenanza-privada-en-contra-de-la-obligacion-de-pago-de-la-suma-fija\/","name":"Fuerte comunicado de la ense\u00f1anza privada en contra de la obligaci\u00f3n del pago de suma fija - Infoecos","isPartOf":{"@id":"https:\/\/infoecos.com.ar\/#website"},"primaryImageOfPage":{"@id":"https:\/\/infoecos.com.ar\/index.php\/fuerte-comunicado-de-la-ensenanza-privada-en-contra-de-la-obligacion-de-pago-de-la-suma-fija\/#primaryimage"},"image":{"@id":"https:\/\/infoecos.com.ar\/index.php\/fuerte-comunicado-de-la-ensenanza-privada-en-contra-de-la-obligacion-de-pago-de-la-suma-fija\/#primaryimage"},"thumbnailUrl":"https:\/\/infoecos.com.ar\/wp-content\/uploads\/2023\/02\/colegiosprivados4.jpg","datePublished":"2023-08-31T04:07:26+00:00","dateModified":"2023-09-01T07:18:11+00:00","breadcrumb":{"@id":"https:\/\/infoecos.com.ar\/index.php\/fuerte-comunicado-de-la-ensenanza-privada-en-contra-de-la-obligacion-de-pago-de-la-suma-fija\/#breadcrumb"},"inLanguage":"es","potentialAction":[{"@type":"ReadAction","target":["https:\/\/infoecos.com.ar\/index.php\/fuerte-comunicado-de-la-ensenanza-privada-en-contra-de-la-obligacion-de-pago-de-la-suma-fija\/"]}]},{"@type":"ImageObject","inLanguage":"es","@id":"https:\/\/infoecos.com.ar\/index.php\/fuerte-comunicado-de-la-ensenanza-privada-en-contra-de-la-obligacion-de-pago-de-la-suma-fija\/#primaryimage","url":"https:\/\/infoecos.com.ar\/wp-content\/uploads\/2023\/02\/colegiosprivados4.jpg","contentUrl":"https:\/\/infoecos.com.ar\/wp-content\/uploads\/2023\/02\/colegiosprivados4.jpg","width":800,"height":507},{"@type":"BreadcrumbList","@id":"https:\/\/infoecos.com.ar\/index.php\/fuerte-comunicado-de-la-ensenanza-privada-en-contra-de-la-obligacion-de-pago-de-la-suma-fija\/#breadcrumb","itemListElement":[{"@type":"ListItem","position":1,"name":"Portada","item":"https:\/\/infoecos.com.ar\/"},{"@type":"ListItem","position":2,"name":"Fuerte comunicado de la ense\u00f1anza privada en contra de la obligaci\u00f3n del pago de suma fija"}]},{"@type":"WebSite","@id":"https:\/\/infoecos.com.ar\/#website","url":"https:\/\/infoecos.com.ar\/","name":"Infoecos","description":"Noticias de trenque lauquen y la zona","publisher":{"@id":"https:\/\/infoecos.com.ar\/#organization"},"alternateName":"Noticias","potentialAction":[{"@type":"SearchAction","target":{"@type":"EntryPoint","urlTemplate":"https:\/\/infoecos.com.ar\/?s={search_term_string}"},"query-input":{"@type":"PropertyValueSpecification","valueRequired":true,"valueName":"search_term_string"}}],"inLanguage":"es"},{"@type":"Organization","@id":"https:\/\/infoecos.com.ar\/#organization","name":"Infoecos","alternateName":"Noticias","url":"https:\/\/infoecos.com.ar\/","logo":{"@type":"ImageObject","inLanguage":"es","@id":"https:\/\/infoecos.com.ar\/#\/schema\/logo\/image\/","url":"https:\/\/infoecos.com.ar\/wp-content\/uploads\/2024\/03\/cropped-logo.png","contentUrl":"https:\/\/infoecos.com.ar\/wp-content\/uploads\/2024\/03\/cropped-logo.png","width":374,"height":90,"caption":"Infoecos"},"image":{"@id":"https:\/\/infoecos.com.ar\/#\/schema\/logo\/image\/"},"sameAs":["https:\/\/www.facebook.com\/profile.php?id=100063200290284","https:\/\/x.com\/infoecos"]},{"@type":"Person","@id":"https:\/\/infoecos.com.ar\/#\/schema\/person\/8f5ace5ce73b4b4aac4b7245aee6f191","name":"Jorge Matheus","url":"https:\/\/infoecos.com.ar\/index.php\/author\/jomatheus\/"}]}},"featured_image_urls":{"full":["https:\/\/infoecos.com.ar\/wp-content\/uploads\/2023\/02\/colegiosprivados4.jpg",800,507,false],"thumbnail":["https:\/\/infoecos.com.ar\/wp-content\/uploads\/2023\/02\/colegiosprivados4-300x150.jpg",300,150,true],"medium":["https:\/\/infoecos.com.ar\/wp-content\/uploads\/2023\/02\/colegiosprivados4.jpg",800,507,false],"medium_large":["https:\/\/infoecos.com.ar\/wp-content\/uploads\/2023\/02\/colegiosprivados4-768x487.jpg",640,406,true],"large":["https:\/\/infoecos.com.ar\/wp-content\/uploads\/2023\/02\/colegiosprivados4.jpg",640,406,false],"1536x1536":["https:\/\/infoecos.com.ar\/wp-content\/uploads\/2023\/02\/colegiosprivados4.jpg",800,507,false],"2048x2048":["https:\/\/infoecos.com.ar\/wp-content\/uploads\/2023\/02\/colegiosprivados4.jpg",800,507,false],"covernews-slider-full":["https:\/\/infoecos.com.ar\/wp-content\/uploads\/2023\/02\/colegiosprivados4.jpg",800,507,false],"covernews-slider-center":["https:\/\/infoecos.com.ar\/wp-content\/uploads\/2023\/02\/colegiosprivados4.jpg",789,500,false],"covernews-featured":["https:\/\/infoecos.com.ar\/wp-content\/uploads\/2023\/02\/colegiosprivados4.jpg",800,507,false],"covernews-medium":["https:\/\/infoecos.com.ar\/wp-content\/uploads\/2023\/02\/colegiosprivados4-720x380.jpg",540,285,true],"covernews-medium-square":["https:\/\/infoecos.com.ar\/wp-content\/uploads\/2023\/02\/colegiosprivados4-675x450.jpg",375,250,true]},"author_info":{"info":["Jorge Matheus"]},"category_info":"<a href=\"https:\/\/infoecos.com.ar\/index.php\/category\/c2nota7\/\" rel=\"category tag\">C2 N7<\/a>","tag_info":"C2 N7","comment_count":"0","_links":{"self":[{"href":"https:\/\/infoecos.com.ar\/index.php\/wp-json\/wp\/v2\/posts\/111078"}],"collection":[{"href":"https:\/\/infoecos.com.ar\/index.php\/wp-json\/wp\/v2\/posts"}],"about":[{"href":"https:\/\/infoecos.com.ar\/index.php\/wp-json\/wp\/v2\/types\/post"}],"author":[{"embeddable":true,"href":"https:\/\/infoecos.com.ar\/index.php\/wp-json\/wp\/v2\/users\/2"}],"replies":[{"embeddable":true,"href":"https:\/\/infoecos.com.ar\/index.php\/wp-json\/wp\/v2\/comments?post=111078"}],"version-history":[{"count":2,"href":"https:\/\/infoecos.com.ar\/index.php\/wp-json\/wp\/v2\/posts\/111078\/revisions"}],"predecessor-version":[{"id":111084,"href":"https:\/\/infoecos.com.ar\/index.php\/wp-json\/wp\/v2\/posts\/111078\/revisions\/111084"}],"wp:featuredmedia":[{"embeddable":true,"href":"https:\/\/infoecos.com.ar\/index.php\/wp-json\/wp\/v2\/media\/101877"}],"wp:attachment":[{"href":"https:\/\/infoecos.com.ar\/index.php\/wp-json\/wp\/v2\/media?parent=111078"}],"wp:term":[{"taxonomy":"category","embeddable":true,"href":"https:\/\/infoecos.com.ar\/index.php\/wp-json\/wp\/v2\/categories?post=111078"},{"taxonomy":"post_tag","embeddable":true,"href":"https:\/\/infoecos.com.ar\/index.php\/wp-json\/wp\/v2\/tags?post=111078"}],"curies":[{"name":"wp","href":"https:\/\/api.w.org\/{rel}","templated":true}]}}