{"id":111121,"date":"2023-09-01T00:11:37","date_gmt":"2023-09-01T03:11:37","guid":{"rendered":"https:\/\/infoecos.com.ar\/?p=111121"},"modified":"2023-09-01T00:11:38","modified_gmt":"2023-09-01T03:11:38","slug":"las-empresas-de-medicina-prepaga-estan-avisando-que-subiran-las-cuotas-un-697","status":"publish","type":"post","link":"https:\/\/infoecos.com.ar\/index.php\/las-empresas-de-medicina-prepaga-estan-avisando-que-subiran-las-cuotas-un-697\/","title":{"rendered":"Las empresas de medicina prepaga est\u00e1n avisando que subir\u00e1n las cuotas un 6,97 %"},"content":{"rendered":"\n<p>Las empresas de medicina privada comenzaron a avisar a sus afiliados que la cuota subir\u00e1 6,97 por ciento en octubre, a pesar del congelamiento anunciado por el ministro de Econom\u00eda, Sergio Massa.<\/p>\n\n\n\n<figure class=\"wp-block-image alignright size-full is-resized\"><img loading=\"lazy\" decoding=\"async\" src=\"https:\/\/infoecos.com.ar\/wp-content\/uploads\/2023\/09\/prepagas.jpg\" alt=\"\" class=\"wp-image-111122\" width=\"402\" height=\"225\" srcset=\"https:\/\/infoecos.com.ar\/wp-content\/uploads\/2023\/09\/prepagas.jpg 1140w, https:\/\/infoecos.com.ar\/wp-content\/uploads\/2023\/09\/prepagas-800x449.jpg 800w, https:\/\/infoecos.com.ar\/wp-content\/uploads\/2023\/09\/prepagas-768x431.jpg 768w, https:\/\/infoecos.com.ar\/wp-content\/uploads\/2023\/09\/prepagas-1024x575.jpg 1024w\" sizes=\"(max-width: 402px) 100vw, 402px\" \/><\/figure>\n\n\n\n<p>Los referentes de las compa\u00f1\u00edas dicen que lo de Massa fue un anuncio, pero como no hay decreto sobre el tema, env\u00edan los avisos a sus afiliados como les indica la normativa vigente.<\/p>\n\n\n\n<p>Para septiembre, las prepagas ya est\u00e1n enviando facturas con un alza del 7,18%. As\u00ed, entre septiembre y octubre, los ajustes redondear\u00edan el 14%, si no hay una disposici\u00f3n clara por parte del gobierno.<\/p>\n\n\n\n<p>El domingo \u00faltimo, Massa incluy\u00f3 entre los anuncios que hizo despu\u00e9s de la devaluaci\u00f3n pos PASO la suspensi\u00f3n por 90 d\u00edas del aumento de la medicina prepaga para las familias con ingresos que no superen los $2 millones mensuales.<\/p>\n\n\n\n<p>Desde 2022, el aumento de las cuotas de las prepagas se establece seg\u00fan la variaci\u00f3n del \u00edndice de costos de salud, que es elaborado y publicado por la Superintendencia de Servicios de Salud.<\/p>\n\n\n\n<p>En febrero \u00faltimo, el Gobierno estableci\u00f3, adem\u00e1s, un esquema de reajustes mensuales mediante el cual, si no se supera un determinado nivel de ingresos, se puede pedir la aplicaci\u00f3n de un tope al porcentaje del incremento.<\/p>\n\n\n\n<figure class=\"wp-block-image alignright size-full is-resized\"><img loading=\"lazy\" decoding=\"async\" src=\"https:\/\/infoecos.com.ar\/wp-content\/uploads\/2023\/09\/Prepagas-.jpg\" alt=\"\" class=\"wp-image-111123\" width=\"396\" height=\"222\" srcset=\"https:\/\/infoecos.com.ar\/wp-content\/uploads\/2023\/09\/Prepagas-.jpg 1008w, https:\/\/infoecos.com.ar\/wp-content\/uploads\/2023\/09\/Prepagas--800x449.jpg 800w, https:\/\/infoecos.com.ar\/wp-content\/uploads\/2023\/09\/Prepagas--768x431.jpg 768w\" sizes=\"(max-width: 396px) 100vw, 396px\" \/><\/figure>\n\n\n\n<p>Las empresas del sector todav\u00eda no salieron p\u00fablicamente a fijar posici\u00f3n porque est\u00e1n esperando la oficializaci\u00f3n de la medida.<\/p>\n\n\n\n<p>Sin embargo, los referentes insisten en que la decisi\u00f3n \u00abno tiene l\u00f3gica\u00bb porque el resto de los costos siguen subiendo.<\/p>\n\n\n\n<p>Entre las alternativas que analizan est\u00e1 la de judicializar la medida o cobrar copagos (una situaci\u00f3n que ya se viene dando en muchos puntos del pa\u00eds), y tambi\u00e9n congelar los aranceles de los prestadores, lo que es rechazado de plano por cl\u00ednicas y sanatorios.<\/p>\n\n\n\n<p>Esa \u00faltima opci\u00f3n fue rechaza por las c\u00e1maras del sector prestador, que advirtieron que no la pueden soportar y que, de realizarse, generar\u00eda una crisis en todo el sistema.<\/p>\n\n\n\n<p>Desde marzo se registra un fuerte corrimiento desde planes m\u00e1s altos a m\u00e1s econ\u00f3micos, ya que la clase media busca sostener un servicio b\u00e1sico de atenci\u00f3n de la salud, ante un hospital p\u00fablico desbordado.<\/p>\n\n\n\n<p>Seg\u00fan datos de las prepagas, por primera vez las altas de afiliados fueron menores a los egresos, algo que no se daba desde la crisis de 2001.<\/p>\n\n\n\n<figure class=\"wp-block-image alignright size-full is-resized\"><img loading=\"lazy\" decoding=\"async\" src=\"https:\/\/infoecos.com.ar\/wp-content\/uploads\/2023\/09\/prepagas-1-1.jpg\" alt=\"\" class=\"wp-image-111125\" width=\"400\" height=\"224\" srcset=\"https:\/\/infoecos.com.ar\/wp-content\/uploads\/2023\/09\/prepagas-1-1.jpg 1140w, https:\/\/infoecos.com.ar\/wp-content\/uploads\/2023\/09\/prepagas-1-1-800x448.jpg 800w, https:\/\/infoecos.com.ar\/wp-content\/uploads\/2023\/09\/prepagas-1-1-768x430.jpg 768w, https:\/\/infoecos.com.ar\/wp-content\/uploads\/2023\/09\/prepagas-1-1-1024x574.jpg 1024w\" sizes=\"(max-width: 400px) 100vw, 400px\" \/><\/figure>\n\n\n\n<p>Desde entonces, los aumentos mensuales de las cuotas continuaron increment\u00e1ndose en funci\u00f3n del acuerdo del sector con el Gobierno y, adem\u00e1s, la inflaci\u00f3n general fue subiendo y determinando que los consumidores prioricen determinados tipos de compromiso.<\/p>\n\n\n\n<p>Si la suba de setiembre se realiza, en los primeros nueve meses del a\u00f1o, las cuotas habr\u00e1n acumulado un alza de 78,1% (63,8% para aquellos que se hubieran registrado como de menos poder adquisitivo). Ese era el acuerdo al que llegaron las partes.<\/p>\n\n\n\n<p>En febrero pasado -despu\u00e9s de que la vicepresidenta Cristina Kirchner criticara los aumentos de las prepagas- se modific\u00f3 el esquema de instrumentaci\u00f3n de los incrementos de las cuotas y pasaron a quienes perciban ingresos netos inferiores a seis veces el salario m\u00ednimo, vital y m\u00f3vil que debieron completar una declaraci\u00f3n jurada para que se le aplique un tope equivalente al 90% de la variaci\u00f3n de la Remuneraci\u00f3n Imponible Promedio de los Trabajadores Estables (RIPTE).<\/p>\n\n\n\n<p>En la carta que env\u00edan a sus afiliados, las prepagas se\u00f1alan que \u00abrespecto de los y las contratantes que posean ingresos netos inferiores a SEIS (6) Salarios M\u00ednimos, Vitales y M\u00f3viles ($675.000,00), el Plan de Servicio Vigente podr\u00e1 ser ajustado en un NOVENTA POR CIENTO (90%) del RIPTE del mes inmediato anterior publicado, siempre que el mismo sea inferior al ICS. Esta medida rige por el plazo de 18 meses a partir del mes de febrero de 2023, y el incremento a aplicar para octubre 2023, no aplica para dicho per\u00edodo.<\/p>\n","protected":false},"excerpt":{"rendered":"<p>Los referentes de las compa\u00f1\u00edas dicen que lo de Massa fue un anuncio, pero que no hay decreto sobre el tema<\/p>\n","protected":false},"author":2,"featured_media":111125,"comment_status":"closed","ping_status":"open","sticky":false,"template":"","format":"standard","meta":{"footnotes":""},"categories":[25],"tags":[2311],"class_list":["post-111121","post","type-post","status-publish","format-standard","has-post-thumbnail","hentry","category-c3nota1","tag-a-partir-de-este-mes"],"yoast_head":"<!-- This site is optimized with the Yoast SEO plugin v23.4 - https:\/\/yoast.com\/wordpress\/plugins\/seo\/ -->\n<title>Las empresas de medicina prepaga est\u00e1n avisando que subir\u00e1n las cuotas un 6,97 % - Infoecos<\/title>\n<meta name=\"robots\" content=\"index, follow, max-snippet:-1, max-image-preview:large, max-video-preview:-1\" \/>\n<link rel=\"canonical\" href=\"https:\/\/infoecos.com.ar\/index.php\/las-empresas-de-medicina-prepaga-estan-avisando-que-subiran-las-cuotas-un-697\/\" \/>\n<meta property=\"og:locale\" content=\"es_ES\" \/>\n<meta property=\"og:type\" content=\"article\" \/>\n<meta property=\"og:title\" content=\"Las empresas de medicina prepaga est\u00e1n avisando que subir\u00e1n las cuotas un 6,97 % - Infoecos\" \/>\n<meta property=\"og:description\" content=\"Los referentes de las compa\u00f1\u00edas dicen que lo de Massa fue un anuncio, pero que no hay decreto sobre el tema\" \/>\n<meta property=\"og:url\" content=\"https:\/\/infoecos.com.ar\/index.php\/las-empresas-de-medicina-prepaga-estan-avisando-que-subiran-las-cuotas-un-697\/\" \/>\n<meta property=\"og:site_name\" content=\"Infoecos\" \/>\n<meta property=\"article:publisher\" content=\"https:\/\/www.facebook.com\/profile.php?id=100063200290284\" \/>\n<meta property=\"article:published_time\" content=\"2023-09-01T03:11:37+00:00\" \/>\n<meta property=\"article:modified_time\" content=\"2023-09-01T03:11:38+00:00\" \/>\n<meta property=\"og:image\" content=\"https:\/\/infoecos.com.ar\/wp-content\/uploads\/2023\/09\/prepagas-1-1.jpg\" \/>\n\t<meta property=\"og:image:width\" content=\"1140\" \/>\n\t<meta property=\"og:image:height\" content=\"639\" \/>\n\t<meta property=\"og:image:type\" content=\"image\/jpeg\" \/>\n<meta name=\"author\" content=\"Jorge Matheus\" \/>\n<meta name=\"twitter:card\" content=\"summary_large_image\" \/>\n<meta name=\"twitter:creator\" content=\"@infoecos\" \/>\n<meta name=\"twitter:site\" content=\"@infoecos\" \/>\n<meta name=\"twitter:label1\" content=\"Escrito por\" \/>\n\t<meta name=\"twitter:data1\" content=\"Jorge Matheus\" \/>\n\t<meta name=\"twitter:label2\" content=\"Tiempo de lectura\" \/>\n\t<meta name=\"twitter:data2\" content=\"4 minutos\" \/>\n<script type=\"application\/ld+json\" class=\"yoast-schema-graph\">{\"@context\":\"https:\/\/schema.org\",\"@graph\":[{\"@type\":\"Article\",\"@id\":\"https:\/\/infoecos.com.ar\/index.php\/las-empresas-de-medicina-prepaga-estan-avisando-que-subiran-las-cuotas-un-697\/#article\",\"isPartOf\":{\"@id\":\"https:\/\/infoecos.com.ar\/index.php\/las-empresas-de-medicina-prepaga-estan-avisando-que-subiran-las-cuotas-un-697\/\"},\"author\":{\"name\":\"Jorge Matheus\",\"@id\":\"https:\/\/infoecos.com.ar\/#\/schema\/person\/8f5ace5ce73b4b4aac4b7245aee6f191\"},\"headline\":\"Las empresas de medicina prepaga est\u00e1n avisando que subir\u00e1n las cuotas un 6,97 %\",\"datePublished\":\"2023-09-01T03:11:37+00:00\",\"dateModified\":\"2023-09-01T03:11:38+00:00\",\"mainEntityOfPage\":{\"@id\":\"https:\/\/infoecos.com.ar\/index.php\/las-empresas-de-medicina-prepaga-estan-avisando-que-subiran-las-cuotas-un-697\/\"},\"wordCount\":674,\"publisher\":{\"@id\":\"https:\/\/infoecos.com.ar\/#organization\"},\"image\":{\"@id\":\"https:\/\/infoecos.com.ar\/index.php\/las-empresas-de-medicina-prepaga-estan-avisando-que-subiran-las-cuotas-un-697\/#primaryimage\"},\"thumbnailUrl\":\"https:\/\/infoecos.com.ar\/wp-content\/uploads\/2023\/09\/prepagas-1-1.jpg\",\"keywords\":[\"a partir de este mes\"],\"articleSection\":[\"C3 N1\"],\"inLanguage\":\"es\"},{\"@type\":\"WebPage\",\"@id\":\"https:\/\/infoecos.com.ar\/index.php\/las-empresas-de-medicina-prepaga-estan-avisando-que-subiran-las-cuotas-un-697\/\",\"url\":\"https:\/\/infoecos.com.ar\/index.php\/las-empresas-de-medicina-prepaga-estan-avisando-que-subiran-las-cuotas-un-697\/\",\"name\":\"Las empresas de medicina prepaga est\u00e1n avisando que subir\u00e1n las cuotas un 6,97 % - Infoecos\",\"isPartOf\":{\"@id\":\"https:\/\/infoecos.com.ar\/#website\"},\"primaryImageOfPage\":{\"@id\":\"https:\/\/infoecos.com.ar\/index.php\/las-empresas-de-medicina-prepaga-estan-avisando-que-subiran-las-cuotas-un-697\/#primaryimage\"},\"image\":{\"@id\":\"https:\/\/infoecos.com.ar\/index.php\/las-empresas-de-medicina-prepaga-estan-avisando-que-subiran-las-cuotas-un-697\/#primaryimage\"},\"thumbnailUrl\":\"https:\/\/infoecos.com.ar\/wp-content\/uploads\/2023\/09\/prepagas-1-1.jpg\",\"datePublished\":\"2023-09-01T03:11:37+00:00\",\"dateModified\":\"2023-09-01T03:11:38+00:00\",\"breadcrumb\":{\"@id\":\"https:\/\/infoecos.com.ar\/index.php\/las-empresas-de-medicina-prepaga-estan-avisando-que-subiran-las-cuotas-un-697\/#breadcrumb\"},\"inLanguage\":\"es\",\"potentialAction\":[{\"@type\":\"ReadAction\",\"target\":[\"https:\/\/infoecos.com.ar\/index.php\/las-empresas-de-medicina-prepaga-estan-avisando-que-subiran-las-cuotas-un-697\/\"]}]},{\"@type\":\"ImageObject\",\"inLanguage\":\"es\",\"@id\":\"https:\/\/infoecos.com.ar\/index.php\/las-empresas-de-medicina-prepaga-estan-avisando-que-subiran-las-cuotas-un-697\/#primaryimage\",\"url\":\"https:\/\/infoecos.com.ar\/wp-content\/uploads\/2023\/09\/prepagas-1-1.jpg\",\"contentUrl\":\"https:\/\/infoecos.com.ar\/wp-content\/uploads\/2023\/09\/prepagas-1-1.jpg\",\"width\":1140,\"height\":639},{\"@type\":\"BreadcrumbList\",\"@id\":\"https:\/\/infoecos.com.ar\/index.php\/las-empresas-de-medicina-prepaga-estan-avisando-que-subiran-las-cuotas-un-697\/#breadcrumb\",\"itemListElement\":[{\"@type\":\"ListItem\",\"position\":1,\"name\":\"Portada\",\"item\":\"https:\/\/infoecos.com.ar\/\"},{\"@type\":\"ListItem\",\"position\":2,\"name\":\"Las empresas de medicina prepaga est\u00e1n avisando que subir\u00e1n las cuotas un 6,97 %\"}]},{\"@type\":\"WebSite\",\"@id\":\"https:\/\/infoecos.com.ar\/#website\",\"url\":\"https:\/\/infoecos.com.ar\/\",\"name\":\"Infoecos\",\"description\":\"Noticias de trenque lauquen y la zona\",\"publisher\":{\"@id\":\"https:\/\/infoecos.com.ar\/#organization\"},\"alternateName\":\"Noticias\",\"potentialAction\":[{\"@type\":\"SearchAction\",\"target\":{\"@type\":\"EntryPoint\",\"urlTemplate\":\"https:\/\/infoecos.com.ar\/?s={search_term_string}\"},\"query-input\":{\"@type\":\"PropertyValueSpecification\",\"valueRequired\":true,\"valueName\":\"search_term_string\"}}],\"inLanguage\":\"es\"},{\"@type\":\"Organization\",\"@id\":\"https:\/\/infoecos.com.ar\/#organization\",\"name\":\"Infoecos\",\"alternateName\":\"Noticias\",\"url\":\"https:\/\/infoecos.com.ar\/\",\"logo\":{\"@type\":\"ImageObject\",\"inLanguage\":\"es\",\"@id\":\"https:\/\/infoecos.com.ar\/#\/schema\/logo\/image\/\",\"url\":\"https:\/\/infoecos.com.ar\/wp-content\/uploads\/2024\/03\/cropped-logo.png\",\"contentUrl\":\"https:\/\/infoecos.com.ar\/wp-content\/uploads\/2024\/03\/cropped-logo.png\",\"width\":374,\"height\":90,\"caption\":\"Infoecos\"},\"image\":{\"@id\":\"https:\/\/infoecos.com.ar\/#\/schema\/logo\/image\/\"},\"sameAs\":[\"https:\/\/www.facebook.com\/profile.php?id=100063200290284\",\"https:\/\/x.com\/infoecos\"]},{\"@type\":\"Person\",\"@id\":\"https:\/\/infoecos.com.ar\/#\/schema\/person\/8f5ace5ce73b4b4aac4b7245aee6f191\",\"name\":\"Jorge Matheus\",\"url\":\"https:\/\/infoecos.com.ar\/index.php\/author\/jomatheus\/\"}]}<\/script>\n<!-- \/ Yoast SEO plugin. -->","yoast_head_json":{"title":"Las empresas de medicina prepaga est\u00e1n avisando que subir\u00e1n las cuotas un 6,97 % - Infoecos","robots":{"index":"index","follow":"follow","max-snippet":"max-snippet:-1","max-image-preview":"max-image-preview:large","max-video-preview":"max-video-preview:-1"},"canonical":"https:\/\/infoecos.com.ar\/index.php\/las-empresas-de-medicina-prepaga-estan-avisando-que-subiran-las-cuotas-un-697\/","og_locale":"es_ES","og_type":"article","og_title":"Las empresas de medicina prepaga est\u00e1n avisando que subir\u00e1n las cuotas un 6,97 % - Infoecos","og_description":"Los referentes de las compa\u00f1\u00edas dicen que lo de Massa fue un anuncio, pero que no hay decreto sobre el tema","og_url":"https:\/\/infoecos.com.ar\/index.php\/las-empresas-de-medicina-prepaga-estan-avisando-que-subiran-las-cuotas-un-697\/","og_site_name":"Infoecos","article_publisher":"https:\/\/www.facebook.com\/profile.php?id=100063200290284","article_published_time":"2023-09-01T03:11:37+00:00","article_modified_time":"2023-09-01T03:11:38+00:00","og_image":[{"width":1140,"height":639,"url":"https:\/\/infoecos.com.ar\/wp-content\/uploads\/2023\/09\/prepagas-1-1.jpg","type":"image\/jpeg"}],"author":"Jorge Matheus","twitter_card":"summary_large_image","twitter_creator":"@infoecos","twitter_site":"@infoecos","twitter_misc":{"Escrito por":"Jorge Matheus","Tiempo de lectura":"4 minutos"},"schema":{"@context":"https:\/\/schema.org","@graph":[{"@type":"Article","@id":"https:\/\/infoecos.com.ar\/index.php\/las-empresas-de-medicina-prepaga-estan-avisando-que-subiran-las-cuotas-un-697\/#article","isPartOf":{"@id":"https:\/\/infoecos.com.ar\/index.php\/las-empresas-de-medicina-prepaga-estan-avisando-que-subiran-las-cuotas-un-697\/"},"author":{"name":"Jorge Matheus","@id":"https:\/\/infoecos.com.ar\/#\/schema\/person\/8f5ace5ce73b4b4aac4b7245aee6f191"},"headline":"Las empresas de medicina prepaga est\u00e1n avisando que subir\u00e1n las cuotas un 6,97 %","datePublished":"2023-09-01T03:11:37+00:00","dateModified":"2023-09-01T03:11:38+00:00","mainEntityOfPage":{"@id":"https:\/\/infoecos.com.ar\/index.php\/las-empresas-de-medicina-prepaga-estan-avisando-que-subiran-las-cuotas-un-697\/"},"wordCount":674,"publisher":{"@id":"https:\/\/infoecos.com.ar\/#organization"},"image":{"@id":"https:\/\/infoecos.com.ar\/index.php\/las-empresas-de-medicina-prepaga-estan-avisando-que-subiran-las-cuotas-un-697\/#primaryimage"},"thumbnailUrl":"https:\/\/infoecos.com.ar\/wp-content\/uploads\/2023\/09\/prepagas-1-1.jpg","keywords":["a partir de este mes"],"articleSection":["C3 N1"],"inLanguage":"es"},{"@type":"WebPage","@id":"https:\/\/infoecos.com.ar\/index.php\/las-empresas-de-medicina-prepaga-estan-avisando-que-subiran-las-cuotas-un-697\/","url":"https:\/\/infoecos.com.ar\/index.php\/las-empresas-de-medicina-prepaga-estan-avisando-que-subiran-las-cuotas-un-697\/","name":"Las empresas de medicina prepaga est\u00e1n avisando que subir\u00e1n las cuotas un 6,97 % - Infoecos","isPartOf":{"@id":"https:\/\/infoecos.com.ar\/#website"},"primaryImageOfPage":{"@id":"https:\/\/infoecos.com.ar\/index.php\/las-empresas-de-medicina-prepaga-estan-avisando-que-subiran-las-cuotas-un-697\/#primaryimage"},"image":{"@id":"https:\/\/infoecos.com.ar\/index.php\/las-empresas-de-medicina-prepaga-estan-avisando-que-subiran-las-cuotas-un-697\/#primaryimage"},"thumbnailUrl":"https:\/\/infoecos.com.ar\/wp-content\/uploads\/2023\/09\/prepagas-1-1.jpg","datePublished":"2023-09-01T03:11:37+00:00","dateModified":"2023-09-01T03:11:38+00:00","breadcrumb":{"@id":"https:\/\/infoecos.com.ar\/index.php\/las-empresas-de-medicina-prepaga-estan-avisando-que-subiran-las-cuotas-un-697\/#breadcrumb"},"inLanguage":"es","potentialAction":[{"@type":"ReadAction","target":["https:\/\/infoecos.com.ar\/index.php\/las-empresas-de-medicina-prepaga-estan-avisando-que-subiran-las-cuotas-un-697\/"]}]},{"@type":"ImageObject","inLanguage":"es","@id":"https:\/\/infoecos.com.ar\/index.php\/las-empresas-de-medicina-prepaga-estan-avisando-que-subiran-las-cuotas-un-697\/#primaryimage","url":"https:\/\/infoecos.com.ar\/wp-content\/uploads\/2023\/09\/prepagas-1-1.jpg","contentUrl":"https:\/\/infoecos.com.ar\/wp-content\/uploads\/2023\/09\/prepagas-1-1.jpg","width":1140,"height":639},{"@type":"BreadcrumbList","@id":"https:\/\/infoecos.com.ar\/index.php\/las-empresas-de-medicina-prepaga-estan-avisando-que-subiran-las-cuotas-un-697\/#breadcrumb","itemListElement":[{"@type":"ListItem","position":1,"name":"Portada","item":"https:\/\/infoecos.com.ar\/"},{"@type":"ListItem","position":2,"name":"Las empresas de medicina prepaga est\u00e1n avisando que subir\u00e1n las cuotas un 6,97 %"}]},{"@type":"WebSite","@id":"https:\/\/infoecos.com.ar\/#website","url":"https:\/\/infoecos.com.ar\/","name":"Infoecos","description":"Noticias de trenque lauquen y la zona","publisher":{"@id":"https:\/\/infoecos.com.ar\/#organization"},"alternateName":"Noticias","potentialAction":[{"@type":"SearchAction","target":{"@type":"EntryPoint","urlTemplate":"https:\/\/infoecos.com.ar\/?s={search_term_string}"},"query-input":{"@type":"PropertyValueSpecification","valueRequired":true,"valueName":"search_term_string"}}],"inLanguage":"es"},{"@type":"Organization","@id":"https:\/\/infoecos.com.ar\/#organization","name":"Infoecos","alternateName":"Noticias","url":"https:\/\/infoecos.com.ar\/","logo":{"@type":"ImageObject","inLanguage":"es","@id":"https:\/\/infoecos.com.ar\/#\/schema\/logo\/image\/","url":"https:\/\/infoecos.com.ar\/wp-content\/uploads\/2024\/03\/cropped-logo.png","contentUrl":"https:\/\/infoecos.com.ar\/wp-content\/uploads\/2024\/03\/cropped-logo.png","width":374,"height":90,"caption":"Infoecos"},"image":{"@id":"https:\/\/infoecos.com.ar\/#\/schema\/logo\/image\/"},"sameAs":["https:\/\/www.facebook.com\/profile.php?id=100063200290284","https:\/\/x.com\/infoecos"]},{"@type":"Person","@id":"https:\/\/infoecos.com.ar\/#\/schema\/person\/8f5ace5ce73b4b4aac4b7245aee6f191","name":"Jorge Matheus","url":"https:\/\/infoecos.com.ar\/index.php\/author\/jomatheus\/"}]}},"featured_image_urls":{"full":["https:\/\/infoecos.com.ar\/wp-content\/uploads\/2023\/09\/prepagas-1-1.jpg",1140,639,false],"thumbnail":["https:\/\/infoecos.com.ar\/wp-content\/uploads\/2023\/09\/prepagas-1-1-300x150.jpg",300,150,true],"medium":["https:\/\/infoecos.com.ar\/wp-content\/uploads\/2023\/09\/prepagas-1-1-800x448.jpg",800,448,true],"medium_large":["https:\/\/infoecos.com.ar\/wp-content\/uploads\/2023\/09\/prepagas-1-1-768x430.jpg",640,358,true],"large":["https:\/\/infoecos.com.ar\/wp-content\/uploads\/2023\/09\/prepagas-1-1.jpg",640,359,false],"1536x1536":["https:\/\/infoecos.com.ar\/wp-content\/uploads\/2023\/09\/prepagas-1-1.jpg",1140,639,false],"2048x2048":["https:\/\/infoecos.com.ar\/wp-content\/uploads\/2023\/09\/prepagas-1-1.jpg",1140,639,false],"covernews-slider-full":["https:\/\/infoecos.com.ar\/wp-content\/uploads\/2023\/09\/prepagas-1-1.jpg",1115,625,false],"covernews-slider-center":["https:\/\/infoecos.com.ar\/wp-content\/uploads\/2023\/09\/prepagas-1-1-936x639.jpg",732,500,true],"covernews-featured":["https:\/\/infoecos.com.ar\/wp-content\/uploads\/2023\/09\/prepagas-1-1-1024x574.jpg",1024,574,true],"covernews-medium":["https:\/\/infoecos.com.ar\/wp-content\/uploads\/2023\/09\/prepagas-1-1-720x380.jpg",540,285,true],"covernews-medium-square":["https:\/\/infoecos.com.ar\/wp-content\/uploads\/2023\/09\/prepagas-1-1-675x450.jpg",375,250,true]},"author_info":{"info":["Jorge Matheus"]},"category_info":"<a href=\"https:\/\/infoecos.com.ar\/index.php\/category\/c3nota1\/\" rel=\"category tag\">C3 N1<\/a>","tag_info":"C3 N1","comment_count":"0","_links":{"self":[{"href":"https:\/\/infoecos.com.ar\/index.php\/wp-json\/wp\/v2\/posts\/111121"}],"collection":[{"href":"https:\/\/infoecos.com.ar\/index.php\/wp-json\/wp\/v2\/posts"}],"about":[{"href":"https:\/\/infoecos.com.ar\/index.php\/wp-json\/wp\/v2\/types\/post"}],"author":[{"embeddable":true,"href":"https:\/\/infoecos.com.ar\/index.php\/wp-json\/wp\/v2\/users\/2"}],"replies":[{"embeddable":true,"href":"https:\/\/infoecos.com.ar\/index.php\/wp-json\/wp\/v2\/comments?post=111121"}],"version-history":[{"count":1,"href":"https:\/\/infoecos.com.ar\/index.php\/wp-json\/wp\/v2\/posts\/111121\/revisions"}],"predecessor-version":[{"id":111126,"href":"https:\/\/infoecos.com.ar\/index.php\/wp-json\/wp\/v2\/posts\/111121\/revisions\/111126"}],"wp:featuredmedia":[{"embeddable":true,"href":"https:\/\/infoecos.com.ar\/index.php\/wp-json\/wp\/v2\/media\/111125"}],"wp:attachment":[{"href":"https:\/\/infoecos.com.ar\/index.php\/wp-json\/wp\/v2\/media?parent=111121"}],"wp:term":[{"taxonomy":"category","embeddable":true,"href":"https:\/\/infoecos.com.ar\/index.php\/wp-json\/wp\/v2\/categories?post=111121"},{"taxonomy":"post_tag","embeddable":true,"href":"https:\/\/infoecos.com.ar\/index.php\/wp-json\/wp\/v2\/tags?post=111121"}],"curies":[{"name":"wp","href":"https:\/\/api.w.org\/{rel}","templated":true}]}}