{"id":111172,"date":"2023-09-01T01:14:24","date_gmt":"2023-09-01T04:14:24","guid":{"rendered":"https:\/\/infoecos.com.ar\/?p=111172"},"modified":"2023-09-03T01:04:34","modified_gmt":"2023-09-03T04:04:34","slug":"el-intendente-fernandez-se-sigue-despidiendo-inaugurando-obras-agradeciendo-y-convocando-a-seguir-creciendo","status":"publish","type":"post","link":"https:\/\/infoecos.com.ar\/index.php\/el-intendente-fernandez-se-sigue-despidiendo-inaugurando-obras-agradeciendo-y-convocando-a-seguir-creciendo\/","title":{"rendered":"El intendente Fern\u00e1ndez sigue despidi\u00e9ndose con obras, agradecido y deseando no se detenga el crecimiento"},"content":{"rendered":"\n<p>\u201cEste es un paso m\u00e1s y muy importante; a lo largo de estos a\u00f1os el Hospital ha ido cambiando de manera significativa incorporando nuevos servicios y nuevas inversiones que hacen que nuestro sistema de salud municipal sea reconocido en la regi\u00f3n y en la Provincia como un sistema de excelencia\u201d, se\u00f1al\u00f3 el Intendente municipal, Miguel Fern\u00e1ndez, para agregar que \u201cesto no es casual, han sido producto de decisiones pol\u00edticas\u201d.<\/p>\n\n\n\n<figure class=\"wp-block-image alignright size-large is-resized\"><img loading=\"lazy\" decoding=\"async\" src=\"https:\/\/infoecos.com.ar\/wp-content\/uploads\/2023\/09\/373096946_702245591946801_7687444469475905067_n-1600x1070.jpg\" alt=\"\" class=\"wp-image-111158\" width=\"373\" height=\"249\" srcset=\"https:\/\/infoecos.com.ar\/wp-content\/uploads\/2023\/09\/373096946_702245591946801_7687444469475905067_n-1600x1070.jpg 1600w, https:\/\/infoecos.com.ar\/wp-content\/uploads\/2023\/09\/373096946_702245591946801_7687444469475905067_n-800x535.jpg 800w, https:\/\/infoecos.com.ar\/wp-content\/uploads\/2023\/09\/373096946_702245591946801_7687444469475905067_n-768x513.jpg 768w, https:\/\/infoecos.com.ar\/wp-content\/uploads\/2023\/09\/373096946_702245591946801_7687444469475905067_n-1536x1020.jpg 1536w, https:\/\/infoecos.com.ar\/wp-content\/uploads\/2023\/09\/373096946_702245591946801_7687444469475905067_n-1024x685.jpg 1024w, https:\/\/infoecos.com.ar\/wp-content\/uploads\/2023\/09\/373096946_702245591946801_7687444469475905067_n.jpg 2048w\" sizes=\"(max-width: 373px) 100vw, 373px\" \/><\/figure>\n\n\n\n<p>El Intendente record\u00f3 la puesta en marcha, a partir de 2016, de un Plan Director de Infraestructura hospitalaria para llevar adelante las obras que se necesitaban en el centro de salud teniendo en cuenta que hasta ese momento el Hospital iba creciendo \u201cde manera un poco an\u00e1rquica e intuitiva, y resolviendo la urgencia\u201d.<\/p>\n\n\n\n<p>\u201cEste Plan Director ha sido fundamental como gu\u00eda para ir haciendo las cosas que se hicieron\u201d, dijo Fern\u00e1ndez quien record\u00f3 las discusiones que se fueron dando en torno a las obras que eran necesarias, destacando en este proceso la nueva Guardia y la decisi\u00f3n de seguir creciendo en altura.<\/p>\n\n\n\n<p>El Intendente repas\u00f3 las distintas obras realizadas durante su gesti\u00f3n, se\u00f1alando que \u201cen la planta alta hoy est\u00e1 en construcci\u00f3n la nueva Unidad de Terapia Intensiva y Unidad Coronaria, para sumar 11 camas m\u00e1s a este hospital que ya tiene 100 camas, suficientes como para abastecer la demanda que tiene hoy nuestro sistema\u201d.<\/p>\n\n\n\n<p>\u201cA todo eso se le agreg\u00f3 esta obra de Im\u00e1genes, que cuando arrancamos con las gestiones, junto a Leticia (Badino) que me acompa\u00f1\u00f3 a ver a Avelino Zurro para tener acceso al programa Barrios de Pie, era el tom\u00f3grafo y parec\u00eda una cosa sencilla de resolver, pero se necesitaba un \u00e1rea espec\u00edfica, que es la nueva Sala de Im\u00e1genes\u201d, manifest\u00f3 el Jefe comunal.<\/p>\n\n\n\n<p>Al respecto aclar\u00f3 que \u201c\u00e9sta es la primera etapa, hay una segunda etapa que va a ir en Sala 4 (cuando se hagan las nuevas salas de internaci\u00f3n) donde finalmente todo lo que es radiolog\u00eda y en un futuro un resonador completen el \u00e1rea de im\u00e1genes\u201d.<\/p>\n\n\n\n<p>\u201cEs interminable la cantidad de equipamiento que se ha comprado para este hospital, como las tres plantas de ox\u00edgeno medicinal nuevas que compramos durante la pandemia de Covid-19, y dos unidades m\u00e1s chicas para tener un equipo de back up, una en Trenque Lauquen y la otra en 30 de Agosto\u201d, subray\u00f3.<\/p>\n\n\n\n<p>M\u00e1s all\u00e1 de la inversi\u00f3n econ\u00f3mica, el Intendente destac\u00f3 \u201cel recurso humano\u201d y a modo de ejemplo de la magnitud que tiene el \u00e1rea de Salud inform\u00f3 que \u201cel 30 por ciento de la planta municipal est\u00e1 afectado al sistema de salud, son 532 trabajadores, se invierten 3.100 millones de pesos por a\u00f1o en remuneraciones para los trabajadores de la salud, representa el 33 por ciento del gasto del presupuesto total, que otros municipios no lo tienen\u201d.<\/p>\n\n\n\n<p>Tambi\u00e9n dijo que el tom\u00f3grafo \u201csignifica una inversi\u00f3n y tambi\u00e9n un ahorro para seguir invirtiendo en la salud, teniendo en cuenta que la municipalidad gasta hoy 2 millones de pesos en tomograf\u00edas derivando a los pacientes, algo que va a ser ahorro y se va a destinar al mantenimiento del equipo\u201d.<\/p>\n\n\n\n<p>El Jefe comunal augur\u00f3 en su discurso que \u201cel Hospital va a seguir creciendo, y uno de los desaf\u00edos es tener un \u00e1rea de Salud Mental adecuada, pero para eso tenemos que seguir moviendo las inversiones en infraestructura para seguir liberando espacios\u201d.<\/p>\n\n\n\n<p>\u201cEl tr\u00e1nsito por la funci\u00f3n p\u00fablica tiene que dejar huella en las acciones, por eso seguimos construyendo desde el di\u00e1logo y desde la comprensi\u00f3n de que el proceso es colectivo\u201d, subray\u00f3.<\/p>\n\n\n\n<p>En este marco agradeci\u00f3 a la comunidad de Trenque Lauquen \u201cporque me ha permitido en estos ocho a\u00f1os poder dejar al menos una m\u00ednima huella para que la sociedad de Trenque Lauquen siga creciendo y afrontando los desaf\u00edos en comunidad, y construyendo todos juntos\u201d.<\/p>\n","protected":false},"excerpt":{"rendered":"<p>\u00abCuando arrancamos con las gestiones, junto a Leticia (Badino) que me acompa\u00f1\u00f3 a ver a Avelino Zurro para tener acceso al programa Barrios de Pie, era el tom\u00f3grafo y parec\u00eda una cosa sencilla de resolver, pero se necesitaba un \u00e1rea espec\u00edfica, que es la nueva Sala de Im\u00e1genes\u201d, manifest\u00f3 el Jefe comunal.<\/p>\n","protected":false},"author":2,"featured_media":111161,"comment_status":"closed","ping_status":"open","sticky":false,"template":"","format":"standard","meta":{"footnotes":""},"categories":[41],"tags":[8961],"class_list":["post-111172","post","type-post","status-publish","format-standard","has-post-thumbnail","hentry","category-inferior2","tag-hospital-de-trenque-lauquen"],"yoast_head":"<!-- This site is optimized with the Yoast SEO plugin v23.4 - https:\/\/yoast.com\/wordpress\/plugins\/seo\/ -->\n<title>El intendente Fern\u00e1ndez sigue despidi\u00e9ndose con obras, agradecido y deseando no se detenga el crecimiento - Infoecos<\/title>\n<meta name=\"robots\" content=\"index, follow, max-snippet:-1, max-image-preview:large, max-video-preview:-1\" \/>\n<link rel=\"canonical\" href=\"https:\/\/infoecos.com.ar\/index.php\/el-intendente-fernandez-se-sigue-despidiendo-inaugurando-obras-agradeciendo-y-convocando-a-seguir-creciendo\/\" \/>\n<meta property=\"og:locale\" content=\"es_ES\" \/>\n<meta property=\"og:type\" content=\"article\" \/>\n<meta property=\"og:title\" content=\"El intendente Fern\u00e1ndez sigue despidi\u00e9ndose con obras, agradecido y deseando no se detenga el crecimiento - Infoecos\" \/>\n<meta property=\"og:description\" content=\"&quot;Cuando arrancamos con las gestiones, junto a Leticia (Badino) que me acompa\u00f1\u00f3 a ver a Avelino Zurro para tener acceso al programa Barrios de Pie, era el tom\u00f3grafo y parec\u00eda una cosa sencilla de resolver, pero se necesitaba un \u00e1rea espec\u00edfica, que es la nueva Sala de Im\u00e1genes\u201d, manifest\u00f3 el Jefe comunal.\" \/>\n<meta property=\"og:url\" content=\"https:\/\/infoecos.com.ar\/index.php\/el-intendente-fernandez-se-sigue-despidiendo-inaugurando-obras-agradeciendo-y-convocando-a-seguir-creciendo\/\" \/>\n<meta property=\"og:site_name\" content=\"Infoecos\" \/>\n<meta property=\"article:publisher\" content=\"https:\/\/www.facebook.com\/profile.php?id=100063200290284\" \/>\n<meta property=\"article:published_time\" content=\"2023-09-01T04:14:24+00:00\" \/>\n<meta property=\"article:modified_time\" content=\"2023-09-03T04:04:34+00:00\" \/>\n<meta property=\"og:image\" content=\"https:\/\/infoecos.com.ar\/wp-content\/uploads\/2023\/09\/373537573_702245821946778_3679030761761808288_n.jpg\" \/>\n\t<meta property=\"og:image:width\" content=\"2048\" \/>\n\t<meta property=\"og:image:height\" content=\"1369\" \/>\n\t<meta property=\"og:image:type\" content=\"image\/jpeg\" \/>\n<meta name=\"author\" content=\"Jorge Matheus\" \/>\n<meta name=\"twitter:card\" content=\"summary_large_image\" \/>\n<meta name=\"twitter:creator\" content=\"@infoecos\" \/>\n<meta name=\"twitter:site\" content=\"@infoecos\" \/>\n<meta name=\"twitter:label1\" content=\"Escrito por\" \/>\n\t<meta name=\"twitter:data1\" content=\"Jorge Matheus\" \/>\n\t<meta name=\"twitter:label2\" content=\"Tiempo de lectura\" \/>\n\t<meta name=\"twitter:data2\" content=\"4 minutos\" \/>\n<script type=\"application\/ld+json\" class=\"yoast-schema-graph\">{\"@context\":\"https:\/\/schema.org\",\"@graph\":[{\"@type\":\"Article\",\"@id\":\"https:\/\/infoecos.com.ar\/index.php\/el-intendente-fernandez-se-sigue-despidiendo-inaugurando-obras-agradeciendo-y-convocando-a-seguir-creciendo\/#article\",\"isPartOf\":{\"@id\":\"https:\/\/infoecos.com.ar\/index.php\/el-intendente-fernandez-se-sigue-despidiendo-inaugurando-obras-agradeciendo-y-convocando-a-seguir-creciendo\/\"},\"author\":{\"name\":\"Jorge Matheus\",\"@id\":\"https:\/\/infoecos.com.ar\/#\/schema\/person\/8f5ace5ce73b4b4aac4b7245aee6f191\"},\"headline\":\"El intendente Fern\u00e1ndez sigue despidi\u00e9ndose con obras, agradecido y deseando no se detenga el crecimiento\",\"datePublished\":\"2023-09-01T04:14:24+00:00\",\"dateModified\":\"2023-09-03T04:04:34+00:00\",\"mainEntityOfPage\":{\"@id\":\"https:\/\/infoecos.com.ar\/index.php\/el-intendente-fernandez-se-sigue-despidiendo-inaugurando-obras-agradeciendo-y-convocando-a-seguir-creciendo\/\"},\"wordCount\":679,\"publisher\":{\"@id\":\"https:\/\/infoecos.com.ar\/#organization\"},\"image\":{\"@id\":\"https:\/\/infoecos.com.ar\/index.php\/el-intendente-fernandez-se-sigue-despidiendo-inaugurando-obras-agradeciendo-y-convocando-a-seguir-creciendo\/#primaryimage\"},\"thumbnailUrl\":\"https:\/\/infoecos.com.ar\/wp-content\/uploads\/2023\/09\/373537573_702245821946778_3679030761761808288_n.jpg\",\"keywords\":[\"HOSPITAL DE TRENQUE LAUQUEN\"],\"articleSection\":[\"Bloque inferior - 2\"],\"inLanguage\":\"es\"},{\"@type\":\"WebPage\",\"@id\":\"https:\/\/infoecos.com.ar\/index.php\/el-intendente-fernandez-se-sigue-despidiendo-inaugurando-obras-agradeciendo-y-convocando-a-seguir-creciendo\/\",\"url\":\"https:\/\/infoecos.com.ar\/index.php\/el-intendente-fernandez-se-sigue-despidiendo-inaugurando-obras-agradeciendo-y-convocando-a-seguir-creciendo\/\",\"name\":\"El intendente Fern\u00e1ndez sigue despidi\u00e9ndose con obras, agradecido y deseando no se detenga el crecimiento - Infoecos\",\"isPartOf\":{\"@id\":\"https:\/\/infoecos.com.ar\/#website\"},\"primaryImageOfPage\":{\"@id\":\"https:\/\/infoecos.com.ar\/index.php\/el-intendente-fernandez-se-sigue-despidiendo-inaugurando-obras-agradeciendo-y-convocando-a-seguir-creciendo\/#primaryimage\"},\"image\":{\"@id\":\"https:\/\/infoecos.com.ar\/index.php\/el-intendente-fernandez-se-sigue-despidiendo-inaugurando-obras-agradeciendo-y-convocando-a-seguir-creciendo\/#primaryimage\"},\"thumbnailUrl\":\"https:\/\/infoecos.com.ar\/wp-content\/uploads\/2023\/09\/373537573_702245821946778_3679030761761808288_n.jpg\",\"datePublished\":\"2023-09-01T04:14:24+00:00\",\"dateModified\":\"2023-09-03T04:04:34+00:00\",\"breadcrumb\":{\"@id\":\"https:\/\/infoecos.com.ar\/index.php\/el-intendente-fernandez-se-sigue-despidiendo-inaugurando-obras-agradeciendo-y-convocando-a-seguir-creciendo\/#breadcrumb\"},\"inLanguage\":\"es\",\"potentialAction\":[{\"@type\":\"ReadAction\",\"target\":[\"https:\/\/infoecos.com.ar\/index.php\/el-intendente-fernandez-se-sigue-despidiendo-inaugurando-obras-agradeciendo-y-convocando-a-seguir-creciendo\/\"]}]},{\"@type\":\"ImageObject\",\"inLanguage\":\"es\",\"@id\":\"https:\/\/infoecos.com.ar\/index.php\/el-intendente-fernandez-se-sigue-despidiendo-inaugurando-obras-agradeciendo-y-convocando-a-seguir-creciendo\/#primaryimage\",\"url\":\"https:\/\/infoecos.com.ar\/wp-content\/uploads\/2023\/09\/373537573_702245821946778_3679030761761808288_n.jpg\",\"contentUrl\":\"https:\/\/infoecos.com.ar\/wp-content\/uploads\/2023\/09\/373537573_702245821946778_3679030761761808288_n.jpg\",\"width\":2048,\"height\":1369},{\"@type\":\"BreadcrumbList\",\"@id\":\"https:\/\/infoecos.com.ar\/index.php\/el-intendente-fernandez-se-sigue-despidiendo-inaugurando-obras-agradeciendo-y-convocando-a-seguir-creciendo\/#breadcrumb\",\"itemListElement\":[{\"@type\":\"ListItem\",\"position\":1,\"name\":\"Portada\",\"item\":\"https:\/\/infoecos.com.ar\/\"},{\"@type\":\"ListItem\",\"position\":2,\"name\":\"El intendente Fern\u00e1ndez sigue despidi\u00e9ndose con obras, agradecido y deseando no se detenga el crecimiento\"}]},{\"@type\":\"WebSite\",\"@id\":\"https:\/\/infoecos.com.ar\/#website\",\"url\":\"https:\/\/infoecos.com.ar\/\",\"name\":\"Infoecos\",\"description\":\"Noticias de trenque lauquen y la zona\",\"publisher\":{\"@id\":\"https:\/\/infoecos.com.ar\/#organization\"},\"alternateName\":\"Noticias\",\"potentialAction\":[{\"@type\":\"SearchAction\",\"target\":{\"@type\":\"EntryPoint\",\"urlTemplate\":\"https:\/\/infoecos.com.ar\/?s={search_term_string}\"},\"query-input\":{\"@type\":\"PropertyValueSpecification\",\"valueRequired\":true,\"valueName\":\"search_term_string\"}}],\"inLanguage\":\"es\"},{\"@type\":\"Organization\",\"@id\":\"https:\/\/infoecos.com.ar\/#organization\",\"name\":\"Infoecos\",\"alternateName\":\"Noticias\",\"url\":\"https:\/\/infoecos.com.ar\/\",\"logo\":{\"@type\":\"ImageObject\",\"inLanguage\":\"es\",\"@id\":\"https:\/\/infoecos.com.ar\/#\/schema\/logo\/image\/\",\"url\":\"https:\/\/infoecos.com.ar\/wp-content\/uploads\/2024\/03\/cropped-logo.png\",\"contentUrl\":\"https:\/\/infoecos.com.ar\/wp-content\/uploads\/2024\/03\/cropped-logo.png\",\"width\":374,\"height\":90,\"caption\":\"Infoecos\"},\"image\":{\"@id\":\"https:\/\/infoecos.com.ar\/#\/schema\/logo\/image\/\"},\"sameAs\":[\"https:\/\/www.facebook.com\/profile.php?id=100063200290284\",\"https:\/\/x.com\/infoecos\"]},{\"@type\":\"Person\",\"@id\":\"https:\/\/infoecos.com.ar\/#\/schema\/person\/8f5ace5ce73b4b4aac4b7245aee6f191\",\"name\":\"Jorge Matheus\",\"url\":\"https:\/\/infoecos.com.ar\/index.php\/author\/jomatheus\/\"}]}<\/script>\n<!-- \/ Yoast SEO plugin. -->","yoast_head_json":{"title":"El intendente Fern\u00e1ndez sigue despidi\u00e9ndose con obras, agradecido y deseando no se detenga el crecimiento - Infoecos","robots":{"index":"index","follow":"follow","max-snippet":"max-snippet:-1","max-image-preview":"max-image-preview:large","max-video-preview":"max-video-preview:-1"},"canonical":"https:\/\/infoecos.com.ar\/index.php\/el-intendente-fernandez-se-sigue-despidiendo-inaugurando-obras-agradeciendo-y-convocando-a-seguir-creciendo\/","og_locale":"es_ES","og_type":"article","og_title":"El intendente Fern\u00e1ndez sigue despidi\u00e9ndose con obras, agradecido y deseando no se detenga el crecimiento - Infoecos","og_description":"\"Cuando arrancamos con las gestiones, junto a Leticia (Badino) que me acompa\u00f1\u00f3 a ver a Avelino Zurro para tener acceso al programa Barrios de Pie, era el tom\u00f3grafo y parec\u00eda una cosa sencilla de resolver, pero se necesitaba un \u00e1rea espec\u00edfica, que es la nueva Sala de Im\u00e1genes\u201d, manifest\u00f3 el Jefe comunal.","og_url":"https:\/\/infoecos.com.ar\/index.php\/el-intendente-fernandez-se-sigue-despidiendo-inaugurando-obras-agradeciendo-y-convocando-a-seguir-creciendo\/","og_site_name":"Infoecos","article_publisher":"https:\/\/www.facebook.com\/profile.php?id=100063200290284","article_published_time":"2023-09-01T04:14:24+00:00","article_modified_time":"2023-09-03T04:04:34+00:00","og_image":[{"width":2048,"height":1369,"url":"https:\/\/infoecos.com.ar\/wp-content\/uploads\/2023\/09\/373537573_702245821946778_3679030761761808288_n.jpg","type":"image\/jpeg"}],"author":"Jorge Matheus","twitter_card":"summary_large_image","twitter_creator":"@infoecos","twitter_site":"@infoecos","twitter_misc":{"Escrito por":"Jorge Matheus","Tiempo de lectura":"4 minutos"},"schema":{"@context":"https:\/\/schema.org","@graph":[{"@type":"Article","@id":"https:\/\/infoecos.com.ar\/index.php\/el-intendente-fernandez-se-sigue-despidiendo-inaugurando-obras-agradeciendo-y-convocando-a-seguir-creciendo\/#article","isPartOf":{"@id":"https:\/\/infoecos.com.ar\/index.php\/el-intendente-fernandez-se-sigue-despidiendo-inaugurando-obras-agradeciendo-y-convocando-a-seguir-creciendo\/"},"author":{"name":"Jorge Matheus","@id":"https:\/\/infoecos.com.ar\/#\/schema\/person\/8f5ace5ce73b4b4aac4b7245aee6f191"},"headline":"El intendente Fern\u00e1ndez sigue despidi\u00e9ndose con obras, agradecido y deseando no se detenga el crecimiento","datePublished":"2023-09-01T04:14:24+00:00","dateModified":"2023-09-03T04:04:34+00:00","mainEntityOfPage":{"@id":"https:\/\/infoecos.com.ar\/index.php\/el-intendente-fernandez-se-sigue-despidiendo-inaugurando-obras-agradeciendo-y-convocando-a-seguir-creciendo\/"},"wordCount":679,"publisher":{"@id":"https:\/\/infoecos.com.ar\/#organization"},"image":{"@id":"https:\/\/infoecos.com.ar\/index.php\/el-intendente-fernandez-se-sigue-despidiendo-inaugurando-obras-agradeciendo-y-convocando-a-seguir-creciendo\/#primaryimage"},"thumbnailUrl":"https:\/\/infoecos.com.ar\/wp-content\/uploads\/2023\/09\/373537573_702245821946778_3679030761761808288_n.jpg","keywords":["HOSPITAL DE TRENQUE LAUQUEN"],"articleSection":["Bloque inferior - 2"],"inLanguage":"es"},{"@type":"WebPage","@id":"https:\/\/infoecos.com.ar\/index.php\/el-intendente-fernandez-se-sigue-despidiendo-inaugurando-obras-agradeciendo-y-convocando-a-seguir-creciendo\/","url":"https:\/\/infoecos.com.ar\/index.php\/el-intendente-fernandez-se-sigue-despidiendo-inaugurando-obras-agradeciendo-y-convocando-a-seguir-creciendo\/","name":"El intendente Fern\u00e1ndez sigue despidi\u00e9ndose con obras, agradecido y deseando no se detenga el crecimiento - Infoecos","isPartOf":{"@id":"https:\/\/infoecos.com.ar\/#website"},"primaryImageOfPage":{"@id":"https:\/\/infoecos.com.ar\/index.php\/el-intendente-fernandez-se-sigue-despidiendo-inaugurando-obras-agradeciendo-y-convocando-a-seguir-creciendo\/#primaryimage"},"image":{"@id":"https:\/\/infoecos.com.ar\/index.php\/el-intendente-fernandez-se-sigue-despidiendo-inaugurando-obras-agradeciendo-y-convocando-a-seguir-creciendo\/#primaryimage"},"thumbnailUrl":"https:\/\/infoecos.com.ar\/wp-content\/uploads\/2023\/09\/373537573_702245821946778_3679030761761808288_n.jpg","datePublished":"2023-09-01T04:14:24+00:00","dateModified":"2023-09-03T04:04:34+00:00","breadcrumb":{"@id":"https:\/\/infoecos.com.ar\/index.php\/el-intendente-fernandez-se-sigue-despidiendo-inaugurando-obras-agradeciendo-y-convocando-a-seguir-creciendo\/#breadcrumb"},"inLanguage":"es","potentialAction":[{"@type":"ReadAction","target":["https:\/\/infoecos.com.ar\/index.php\/el-intendente-fernandez-se-sigue-despidiendo-inaugurando-obras-agradeciendo-y-convocando-a-seguir-creciendo\/"]}]},{"@type":"ImageObject","inLanguage":"es","@id":"https:\/\/infoecos.com.ar\/index.php\/el-intendente-fernandez-se-sigue-despidiendo-inaugurando-obras-agradeciendo-y-convocando-a-seguir-creciendo\/#primaryimage","url":"https:\/\/infoecos.com.ar\/wp-content\/uploads\/2023\/09\/373537573_702245821946778_3679030761761808288_n.jpg","contentUrl":"https:\/\/infoecos.com.ar\/wp-content\/uploads\/2023\/09\/373537573_702245821946778_3679030761761808288_n.jpg","width":2048,"height":1369},{"@type":"BreadcrumbList","@id":"https:\/\/infoecos.com.ar\/index.php\/el-intendente-fernandez-se-sigue-despidiendo-inaugurando-obras-agradeciendo-y-convocando-a-seguir-creciendo\/#breadcrumb","itemListElement":[{"@type":"ListItem","position":1,"name":"Portada","item":"https:\/\/infoecos.com.ar\/"},{"@type":"ListItem","position":2,"name":"El intendente Fern\u00e1ndez sigue despidi\u00e9ndose con obras, agradecido y deseando no se detenga el crecimiento"}]},{"@type":"WebSite","@id":"https:\/\/infoecos.com.ar\/#website","url":"https:\/\/infoecos.com.ar\/","name":"Infoecos","description":"Noticias de trenque lauquen y la zona","publisher":{"@id":"https:\/\/infoecos.com.ar\/#organization"},"alternateName":"Noticias","potentialAction":[{"@type":"SearchAction","target":{"@type":"EntryPoint","urlTemplate":"https:\/\/infoecos.com.ar\/?s={search_term_string}"},"query-input":{"@type":"PropertyValueSpecification","valueRequired":true,"valueName":"search_term_string"}}],"inLanguage":"es"},{"@type":"Organization","@id":"https:\/\/infoecos.com.ar\/#organization","name":"Infoecos","alternateName":"Noticias","url":"https:\/\/infoecos.com.ar\/","logo":{"@type":"ImageObject","inLanguage":"es","@id":"https:\/\/infoecos.com.ar\/#\/schema\/logo\/image\/","url":"https:\/\/infoecos.com.ar\/wp-content\/uploads\/2024\/03\/cropped-logo.png","contentUrl":"https:\/\/infoecos.com.ar\/wp-content\/uploads\/2024\/03\/cropped-logo.png","width":374,"height":90,"caption":"Infoecos"},"image":{"@id":"https:\/\/infoecos.com.ar\/#\/schema\/logo\/image\/"},"sameAs":["https:\/\/www.facebook.com\/profile.php?id=100063200290284","https:\/\/x.com\/infoecos"]},{"@type":"Person","@id":"https:\/\/infoecos.com.ar\/#\/schema\/person\/8f5ace5ce73b4b4aac4b7245aee6f191","name":"Jorge Matheus","url":"https:\/\/infoecos.com.ar\/index.php\/author\/jomatheus\/"}]}},"featured_image_urls":{"full":["https:\/\/infoecos.com.ar\/wp-content\/uploads\/2023\/09\/373537573_702245821946778_3679030761761808288_n.jpg",2048,1369,false],"thumbnail":["https:\/\/infoecos.com.ar\/wp-content\/uploads\/2023\/09\/373537573_702245821946778_3679030761761808288_n-300x150.jpg",300,150,true],"medium":["https:\/\/infoecos.com.ar\/wp-content\/uploads\/2023\/09\/373537573_702245821946778_3679030761761808288_n-800x535.jpg",800,535,true],"medium_large":["https:\/\/infoecos.com.ar\/wp-content\/uploads\/2023\/09\/373537573_702245821946778_3679030761761808288_n-768x513.jpg",640,428,true],"large":["https:\/\/infoecos.com.ar\/wp-content\/uploads\/2023\/09\/373537573_702245821946778_3679030761761808288_n-1600x1070.jpg",640,428,true],"1536x1536":["https:\/\/infoecos.com.ar\/wp-content\/uploads\/2023\/09\/373537573_702245821946778_3679030761761808288_n-1536x1027.jpg",1536,1027,true],"2048x2048":["https:\/\/infoecos.com.ar\/wp-content\/uploads\/2023\/09\/373537573_702245821946778_3679030761761808288_n.jpg",2048,1369,false],"covernews-slider-full":["https:\/\/infoecos.com.ar\/wp-content\/uploads\/2023\/09\/373537573_702245821946778_3679030761761808288_n-1536x1020.jpg",1077,715,true],"covernews-slider-center":["https:\/\/infoecos.com.ar\/wp-content\/uploads\/2023\/09\/373537573_702245821946778_3679030761761808288_n-936x897.jpg",522,500,true],"covernews-featured":["https:\/\/infoecos.com.ar\/wp-content\/uploads\/2023\/09\/373537573_702245821946778_3679030761761808288_n-1024x685.jpg",1024,685,true],"covernews-medium":["https:\/\/infoecos.com.ar\/wp-content\/uploads\/2023\/09\/373537573_702245821946778_3679030761761808288_n-720x380.jpg",540,285,true],"covernews-medium-square":["https:\/\/infoecos.com.ar\/wp-content\/uploads\/2023\/09\/373537573_702245821946778_3679030761761808288_n-675x450.jpg",375,250,true]},"author_info":{"info":["Jorge Matheus"]},"category_info":"<a href=\"https:\/\/infoecos.com.ar\/index.php\/category\/inferior2\/\" rel=\"category tag\">Bloque inferior - 2<\/a>","tag_info":"Bloque inferior - 2","comment_count":"0","_links":{"self":[{"href":"https:\/\/infoecos.com.ar\/index.php\/wp-json\/wp\/v2\/posts\/111172"}],"collection":[{"href":"https:\/\/infoecos.com.ar\/index.php\/wp-json\/wp\/v2\/posts"}],"about":[{"href":"https:\/\/infoecos.com.ar\/index.php\/wp-json\/wp\/v2\/types\/post"}],"author":[{"embeddable":true,"href":"https:\/\/infoecos.com.ar\/index.php\/wp-json\/wp\/v2\/users\/2"}],"replies":[{"embeddable":true,"href":"https:\/\/infoecos.com.ar\/index.php\/wp-json\/wp\/v2\/comments?post=111172"}],"version-history":[{"count":3,"href":"https:\/\/infoecos.com.ar\/index.php\/wp-json\/wp\/v2\/posts\/111172\/revisions"}],"predecessor-version":[{"id":111176,"href":"https:\/\/infoecos.com.ar\/index.php\/wp-json\/wp\/v2\/posts\/111172\/revisions\/111176"}],"wp:featuredmedia":[{"embeddable":true,"href":"https:\/\/infoecos.com.ar\/index.php\/wp-json\/wp\/v2\/media\/111161"}],"wp:attachment":[{"href":"https:\/\/infoecos.com.ar\/index.php\/wp-json\/wp\/v2\/media?parent=111172"}],"wp:term":[{"taxonomy":"category","embeddable":true,"href":"https:\/\/infoecos.com.ar\/index.php\/wp-json\/wp\/v2\/categories?post=111172"},{"taxonomy":"post_tag","embeddable":true,"href":"https:\/\/infoecos.com.ar\/index.php\/wp-json\/wp\/v2\/tags?post=111172"}],"curies":[{"name":"wp","href":"https:\/\/api.w.org\/{rel}","templated":true}]}}