{"id":111190,"date":"2023-09-01T04:46:55","date_gmt":"2023-09-01T07:46:55","guid":{"rendered":"https:\/\/infoecos.com.ar\/?p=111190"},"modified":"2023-09-03T00:33:39","modified_gmt":"2023-09-03T03:33:39","slug":"asesorados-por-abogados-vecinos-de-pehuajo-juntan-firmas-para-que-se-restituya-el-servicio-del-ioma-a-la-clinica-del-oeste","status":"publish","type":"post","link":"https:\/\/infoecos.com.ar\/index.php\/asesorados-por-abogados-vecinos-de-pehuajo-juntan-firmas-para-que-se-restituya-el-servicio-del-ioma-a-la-clinica-del-oeste\/","title":{"rendered":"Asesorados por abogados, vecinos de Pehuaj\u00f3 juntan firmas para que se restituya el servicio del IOMA a la Cl\u00ednica del Oeste"},"content":{"rendered":"\n<p>Un grupo de vecinos de Pehuaj\u00f3 tom\u00f3 la iniciativa de reclamar por la situaci\u00f3n que atraviesan los afiliados a IOMA desde que, por un decreto, eliminaron a la Cl\u00ednica como prestador. Rosana Mart\u00ednez, una de las integrantes del grupo, indic\u00f3 que fue espont\u00e1nea la iniciativa, que surgi\u00f3 de charlas donde se iban conociendo las diferentes dificultades que vienen generando esta decisi\u00f3n, por lo que se asesoraron con abogados e iniciaron el camino del reclamo formal.<\/p>\n\n\n\n<figure class=\"wp-block-image alignright size-full is-resized\"><img loading=\"lazy\" decoding=\"async\" src=\"https:\/\/infoecos.com.ar\/wp-content\/uploads\/2023\/09\/image-3.png\" alt=\"\" class=\"wp-image-111191\" width=\"382\" height=\"198\" srcset=\"https:\/\/infoecos.com.ar\/wp-content\/uploads\/2023\/09\/image-3.png 960w, https:\/\/infoecos.com.ar\/wp-content\/uploads\/2023\/09\/image-3-800x415.png 800w, https:\/\/infoecos.com.ar\/wp-content\/uploads\/2023\/09\/image-3-768x398.png 768w\" sizes=\"(max-width: 382px) 100vw, 382px\" \/><figcaption class=\"wp-element-caption\">Cl\u00ednica del Oeste<\/figcaption><\/figure>\n\n\n\n<p>La propuesta es juntar firmas que acompa\u00f1en la nota que ser\u00e1 enviada al titular de IOMA en Pehuaj\u00f3, Germ\u00e1n Salazar, para que, en un plazo de 5 d\u00edas, elimine la aplicaci\u00f3n del art\u00edculo 38 y restituya el servicio en ese centro asistencial. Caso contrario, iniciar\u00e1n acciones legales. La idea es hacer varias copias y estar presentes en lugares de afluencia de p\u00fablico, como espacios verdes, supermercados y otros, anticipando que estar\u00e1n todo el fin de semana en inmediaciones de la rural, donde este fin de semana se realiza la Expo. \u201cEl objetivo es llegar a las 2000 firmas, pero creemos que van a ser m\u00e1s, porque son muchos los casos que hay, de gente que tiene que viajar para recibir una atenci\u00f3n que antes ten\u00eda en Pehuaj\u00f3\u201d dijo, para agregar que IOMA descuenta bastante a sus afiliados como para que el servicio no sea el adecuado.<\/p>\n\n\n\n<p>La mujer indic\u00f3 que, en su caso, hay un problema extra, y es que su esposo que es insulino-dependiente, pas\u00f3 de ser clase activa municipal a clase pasiva, y la demora en el tr\u00e1mite burocr\u00e1tico, genera una ventana de tiempo en que el afiliado no cuenta con ninguna cobertura. \u201c\u00c9l no puede abandonar el tratamiento hasta que las obras sociales lo cubran\u201d dijo, para agregar que tambi\u00e9n est\u00e1n averiguando porque hay una resoluci\u00f3n que marca que la obra social debe brindar una cobertura de 3 meses posterior al inicio del tr\u00e1mite jubilatorio, para no dejar sin atenci\u00f3n al paciente. \u201cEs enorme la cantidad de gente que est\u00e1 en esta situaci\u00f3n, y lamentablemente, naturalizamos todas estas cosas que no corresponde\u201d dijo la mujer, por lo que tom\u00f3 la decisi\u00f3n de iniciar este reclamo formal.<\/p>\n\n\n\n<p><strong>Fuentes: radiomagica.com y 365pehuajo.com.ar <\/strong><\/p>\n","protected":false},"excerpt":{"rendered":"<p>Pedir\u00e1n que en un plazo de 5 d\u00edas, se elimine la aplicaci\u00f3n del art\u00edculo 38 y restituya el servicio en ese centro asistencial. Caso contrario, iniciar\u00e1n acciones legales<\/p>\n","protected":false},"author":2,"featured_media":111191,"comment_status":"closed","ping_status":"open","sticky":false,"template":"","format":"standard","meta":{"footnotes":""},"categories":[1323],"tags":[8965],"class_list":["post-111190","post","type-post","status-publish","format-standard","has-post-thumbnail","hentry","category-c2nota5","tag-posibles-medidas-legales"],"yoast_head":"<!-- This site is optimized with the Yoast SEO plugin v23.4 - https:\/\/yoast.com\/wordpress\/plugins\/seo\/ -->\n<title>Asesorados por abogados, vecinos de Pehuaj\u00f3 juntan firmas para que se restituya el servicio del IOMA a la Cl\u00ednica del Oeste - Infoecos<\/title>\n<meta name=\"robots\" content=\"index, follow, max-snippet:-1, max-image-preview:large, max-video-preview:-1\" \/>\n<link rel=\"canonical\" href=\"https:\/\/infoecos.com.ar\/index.php\/asesorados-por-abogados-vecinos-de-pehuajo-juntan-firmas-para-que-se-restituya-el-servicio-del-ioma-a-la-clinica-del-oeste\/\" \/>\n<meta property=\"og:locale\" content=\"es_ES\" \/>\n<meta property=\"og:type\" content=\"article\" \/>\n<meta property=\"og:title\" content=\"Asesorados por abogados, vecinos de Pehuaj\u00f3 juntan firmas para que se restituya el servicio del IOMA a la Cl\u00ednica del Oeste - Infoecos\" \/>\n<meta property=\"og:description\" content=\"Pedir\u00e1n que en un plazo de 5 d\u00edas, se elimine la aplicaci\u00f3n del art\u00edculo 38 y restituya el servicio en ese centro asistencial. Caso contrario, iniciar\u00e1n acciones legales\" \/>\n<meta property=\"og:url\" content=\"https:\/\/infoecos.com.ar\/index.php\/asesorados-por-abogados-vecinos-de-pehuajo-juntan-firmas-para-que-se-restituya-el-servicio-del-ioma-a-la-clinica-del-oeste\/\" \/>\n<meta property=\"og:site_name\" content=\"Infoecos\" \/>\n<meta property=\"article:publisher\" content=\"https:\/\/www.facebook.com\/profile.php?id=100063200290284\" \/>\n<meta property=\"article:published_time\" content=\"2023-09-01T07:46:55+00:00\" \/>\n<meta property=\"article:modified_time\" content=\"2023-09-03T03:33:39+00:00\" \/>\n<meta property=\"og:image\" content=\"https:\/\/infoecos.com.ar\/wp-content\/uploads\/2023\/09\/image-3.png\" \/>\n\t<meta property=\"og:image:width\" content=\"960\" \/>\n\t<meta property=\"og:image:height\" content=\"498\" \/>\n\t<meta property=\"og:image:type\" content=\"image\/png\" \/>\n<meta name=\"author\" content=\"Jorge Matheus\" \/>\n<meta name=\"twitter:card\" content=\"summary_large_image\" \/>\n<meta name=\"twitter:creator\" content=\"@infoecos\" \/>\n<meta name=\"twitter:site\" content=\"@infoecos\" \/>\n<meta name=\"twitter:label1\" content=\"Escrito por\" \/>\n\t<meta name=\"twitter:data1\" content=\"Jorge Matheus\" \/>\n\t<meta name=\"twitter:label2\" content=\"Tiempo de lectura\" \/>\n\t<meta name=\"twitter:data2\" content=\"2 minutos\" \/>\n<script type=\"application\/ld+json\" class=\"yoast-schema-graph\">{\"@context\":\"https:\/\/schema.org\",\"@graph\":[{\"@type\":\"Article\",\"@id\":\"https:\/\/infoecos.com.ar\/index.php\/asesorados-por-abogados-vecinos-de-pehuajo-juntan-firmas-para-que-se-restituya-el-servicio-del-ioma-a-la-clinica-del-oeste\/#article\",\"isPartOf\":{\"@id\":\"https:\/\/infoecos.com.ar\/index.php\/asesorados-por-abogados-vecinos-de-pehuajo-juntan-firmas-para-que-se-restituya-el-servicio-del-ioma-a-la-clinica-del-oeste\/\"},\"author\":{\"name\":\"Jorge Matheus\",\"@id\":\"https:\/\/infoecos.com.ar\/#\/schema\/person\/8f5ace5ce73b4b4aac4b7245aee6f191\"},\"headline\":\"Asesorados por abogados, vecinos de Pehuaj\u00f3 juntan firmas para que se restituya el servicio del IOMA a la Cl\u00ednica del Oeste\",\"datePublished\":\"2023-09-01T07:46:55+00:00\",\"dateModified\":\"2023-09-03T03:33:39+00:00\",\"mainEntityOfPage\":{\"@id\":\"https:\/\/infoecos.com.ar\/index.php\/asesorados-por-abogados-vecinos-de-pehuajo-juntan-firmas-para-que-se-restituya-el-servicio-del-ioma-a-la-clinica-del-oeste\/\"},\"wordCount\":408,\"publisher\":{\"@id\":\"https:\/\/infoecos.com.ar\/#organization\"},\"image\":{\"@id\":\"https:\/\/infoecos.com.ar\/index.php\/asesorados-por-abogados-vecinos-de-pehuajo-juntan-firmas-para-que-se-restituya-el-servicio-del-ioma-a-la-clinica-del-oeste\/#primaryimage\"},\"thumbnailUrl\":\"https:\/\/infoecos.com.ar\/wp-content\/uploads\/2023\/09\/image-3.png\",\"keywords\":[\"POSIBLES MEDIDAS LEGALES\"],\"articleSection\":[\"C2 N5\"],\"inLanguage\":\"es\"},{\"@type\":\"WebPage\",\"@id\":\"https:\/\/infoecos.com.ar\/index.php\/asesorados-por-abogados-vecinos-de-pehuajo-juntan-firmas-para-que-se-restituya-el-servicio-del-ioma-a-la-clinica-del-oeste\/\",\"url\":\"https:\/\/infoecos.com.ar\/index.php\/asesorados-por-abogados-vecinos-de-pehuajo-juntan-firmas-para-que-se-restituya-el-servicio-del-ioma-a-la-clinica-del-oeste\/\",\"name\":\"Asesorados por abogados, vecinos de Pehuaj\u00f3 juntan firmas para que se restituya el servicio del IOMA a la Cl\u00ednica del Oeste - Infoecos\",\"isPartOf\":{\"@id\":\"https:\/\/infoecos.com.ar\/#website\"},\"primaryImageOfPage\":{\"@id\":\"https:\/\/infoecos.com.ar\/index.php\/asesorados-por-abogados-vecinos-de-pehuajo-juntan-firmas-para-que-se-restituya-el-servicio-del-ioma-a-la-clinica-del-oeste\/#primaryimage\"},\"image\":{\"@id\":\"https:\/\/infoecos.com.ar\/index.php\/asesorados-por-abogados-vecinos-de-pehuajo-juntan-firmas-para-que-se-restituya-el-servicio-del-ioma-a-la-clinica-del-oeste\/#primaryimage\"},\"thumbnailUrl\":\"https:\/\/infoecos.com.ar\/wp-content\/uploads\/2023\/09\/image-3.png\",\"datePublished\":\"2023-09-01T07:46:55+00:00\",\"dateModified\":\"2023-09-03T03:33:39+00:00\",\"breadcrumb\":{\"@id\":\"https:\/\/infoecos.com.ar\/index.php\/asesorados-por-abogados-vecinos-de-pehuajo-juntan-firmas-para-que-se-restituya-el-servicio-del-ioma-a-la-clinica-del-oeste\/#breadcrumb\"},\"inLanguage\":\"es\",\"potentialAction\":[{\"@type\":\"ReadAction\",\"target\":[\"https:\/\/infoecos.com.ar\/index.php\/asesorados-por-abogados-vecinos-de-pehuajo-juntan-firmas-para-que-se-restituya-el-servicio-del-ioma-a-la-clinica-del-oeste\/\"]}]},{\"@type\":\"ImageObject\",\"inLanguage\":\"es\",\"@id\":\"https:\/\/infoecos.com.ar\/index.php\/asesorados-por-abogados-vecinos-de-pehuajo-juntan-firmas-para-que-se-restituya-el-servicio-del-ioma-a-la-clinica-del-oeste\/#primaryimage\",\"url\":\"https:\/\/infoecos.com.ar\/wp-content\/uploads\/2023\/09\/image-3.png\",\"contentUrl\":\"https:\/\/infoecos.com.ar\/wp-content\/uploads\/2023\/09\/image-3.png\",\"width\":960,\"height\":498},{\"@type\":\"BreadcrumbList\",\"@id\":\"https:\/\/infoecos.com.ar\/index.php\/asesorados-por-abogados-vecinos-de-pehuajo-juntan-firmas-para-que-se-restituya-el-servicio-del-ioma-a-la-clinica-del-oeste\/#breadcrumb\",\"itemListElement\":[{\"@type\":\"ListItem\",\"position\":1,\"name\":\"Portada\",\"item\":\"https:\/\/infoecos.com.ar\/\"},{\"@type\":\"ListItem\",\"position\":2,\"name\":\"Asesorados por abogados, vecinos de Pehuaj\u00f3 juntan firmas para que se restituya el servicio del IOMA a la Cl\u00ednica del Oeste\"}]},{\"@type\":\"WebSite\",\"@id\":\"https:\/\/infoecos.com.ar\/#website\",\"url\":\"https:\/\/infoecos.com.ar\/\",\"name\":\"Infoecos\",\"description\":\"Noticias de trenque lauquen y la zona\",\"publisher\":{\"@id\":\"https:\/\/infoecos.com.ar\/#organization\"},\"alternateName\":\"Noticias\",\"potentialAction\":[{\"@type\":\"SearchAction\",\"target\":{\"@type\":\"EntryPoint\",\"urlTemplate\":\"https:\/\/infoecos.com.ar\/?s={search_term_string}\"},\"query-input\":{\"@type\":\"PropertyValueSpecification\",\"valueRequired\":true,\"valueName\":\"search_term_string\"}}],\"inLanguage\":\"es\"},{\"@type\":\"Organization\",\"@id\":\"https:\/\/infoecos.com.ar\/#organization\",\"name\":\"Infoecos\",\"alternateName\":\"Noticias\",\"url\":\"https:\/\/infoecos.com.ar\/\",\"logo\":{\"@type\":\"ImageObject\",\"inLanguage\":\"es\",\"@id\":\"https:\/\/infoecos.com.ar\/#\/schema\/logo\/image\/\",\"url\":\"https:\/\/infoecos.com.ar\/wp-content\/uploads\/2024\/03\/cropped-logo.png\",\"contentUrl\":\"https:\/\/infoecos.com.ar\/wp-content\/uploads\/2024\/03\/cropped-logo.png\",\"width\":374,\"height\":90,\"caption\":\"Infoecos\"},\"image\":{\"@id\":\"https:\/\/infoecos.com.ar\/#\/schema\/logo\/image\/\"},\"sameAs\":[\"https:\/\/www.facebook.com\/profile.php?id=100063200290284\",\"https:\/\/x.com\/infoecos\"]},{\"@type\":\"Person\",\"@id\":\"https:\/\/infoecos.com.ar\/#\/schema\/person\/8f5ace5ce73b4b4aac4b7245aee6f191\",\"name\":\"Jorge Matheus\",\"url\":\"https:\/\/infoecos.com.ar\/index.php\/author\/jomatheus\/\"}]}<\/script>\n<!-- \/ Yoast SEO plugin. -->","yoast_head_json":{"title":"Asesorados por abogados, vecinos de Pehuaj\u00f3 juntan firmas para que se restituya el servicio del IOMA a la Cl\u00ednica del Oeste - Infoecos","robots":{"index":"index","follow":"follow","max-snippet":"max-snippet:-1","max-image-preview":"max-image-preview:large","max-video-preview":"max-video-preview:-1"},"canonical":"https:\/\/infoecos.com.ar\/index.php\/asesorados-por-abogados-vecinos-de-pehuajo-juntan-firmas-para-que-se-restituya-el-servicio-del-ioma-a-la-clinica-del-oeste\/","og_locale":"es_ES","og_type":"article","og_title":"Asesorados por abogados, vecinos de Pehuaj\u00f3 juntan firmas para que se restituya el servicio del IOMA a la Cl\u00ednica del Oeste - Infoecos","og_description":"Pedir\u00e1n que en un plazo de 5 d\u00edas, se elimine la aplicaci\u00f3n del art\u00edculo 38 y restituya el servicio en ese centro asistencial. Caso contrario, iniciar\u00e1n acciones legales","og_url":"https:\/\/infoecos.com.ar\/index.php\/asesorados-por-abogados-vecinos-de-pehuajo-juntan-firmas-para-que-se-restituya-el-servicio-del-ioma-a-la-clinica-del-oeste\/","og_site_name":"Infoecos","article_publisher":"https:\/\/www.facebook.com\/profile.php?id=100063200290284","article_published_time":"2023-09-01T07:46:55+00:00","article_modified_time":"2023-09-03T03:33:39+00:00","og_image":[{"width":960,"height":498,"url":"https:\/\/infoecos.com.ar\/wp-content\/uploads\/2023\/09\/image-3.png","type":"image\/png"}],"author":"Jorge Matheus","twitter_card":"summary_large_image","twitter_creator":"@infoecos","twitter_site":"@infoecos","twitter_misc":{"Escrito por":"Jorge Matheus","Tiempo de lectura":"2 minutos"},"schema":{"@context":"https:\/\/schema.org","@graph":[{"@type":"Article","@id":"https:\/\/infoecos.com.ar\/index.php\/asesorados-por-abogados-vecinos-de-pehuajo-juntan-firmas-para-que-se-restituya-el-servicio-del-ioma-a-la-clinica-del-oeste\/#article","isPartOf":{"@id":"https:\/\/infoecos.com.ar\/index.php\/asesorados-por-abogados-vecinos-de-pehuajo-juntan-firmas-para-que-se-restituya-el-servicio-del-ioma-a-la-clinica-del-oeste\/"},"author":{"name":"Jorge Matheus","@id":"https:\/\/infoecos.com.ar\/#\/schema\/person\/8f5ace5ce73b4b4aac4b7245aee6f191"},"headline":"Asesorados por abogados, vecinos de Pehuaj\u00f3 juntan firmas para que se restituya el servicio del IOMA a la Cl\u00ednica del Oeste","datePublished":"2023-09-01T07:46:55+00:00","dateModified":"2023-09-03T03:33:39+00:00","mainEntityOfPage":{"@id":"https:\/\/infoecos.com.ar\/index.php\/asesorados-por-abogados-vecinos-de-pehuajo-juntan-firmas-para-que-se-restituya-el-servicio-del-ioma-a-la-clinica-del-oeste\/"},"wordCount":408,"publisher":{"@id":"https:\/\/infoecos.com.ar\/#organization"},"image":{"@id":"https:\/\/infoecos.com.ar\/index.php\/asesorados-por-abogados-vecinos-de-pehuajo-juntan-firmas-para-que-se-restituya-el-servicio-del-ioma-a-la-clinica-del-oeste\/#primaryimage"},"thumbnailUrl":"https:\/\/infoecos.com.ar\/wp-content\/uploads\/2023\/09\/image-3.png","keywords":["POSIBLES MEDIDAS LEGALES"],"articleSection":["C2 N5"],"inLanguage":"es"},{"@type":"WebPage","@id":"https:\/\/infoecos.com.ar\/index.php\/asesorados-por-abogados-vecinos-de-pehuajo-juntan-firmas-para-que-se-restituya-el-servicio-del-ioma-a-la-clinica-del-oeste\/","url":"https:\/\/infoecos.com.ar\/index.php\/asesorados-por-abogados-vecinos-de-pehuajo-juntan-firmas-para-que-se-restituya-el-servicio-del-ioma-a-la-clinica-del-oeste\/","name":"Asesorados por abogados, vecinos de Pehuaj\u00f3 juntan firmas para que se restituya el servicio del IOMA a la Cl\u00ednica del Oeste - Infoecos","isPartOf":{"@id":"https:\/\/infoecos.com.ar\/#website"},"primaryImageOfPage":{"@id":"https:\/\/infoecos.com.ar\/index.php\/asesorados-por-abogados-vecinos-de-pehuajo-juntan-firmas-para-que-se-restituya-el-servicio-del-ioma-a-la-clinica-del-oeste\/#primaryimage"},"image":{"@id":"https:\/\/infoecos.com.ar\/index.php\/asesorados-por-abogados-vecinos-de-pehuajo-juntan-firmas-para-que-se-restituya-el-servicio-del-ioma-a-la-clinica-del-oeste\/#primaryimage"},"thumbnailUrl":"https:\/\/infoecos.com.ar\/wp-content\/uploads\/2023\/09\/image-3.png","datePublished":"2023-09-01T07:46:55+00:00","dateModified":"2023-09-03T03:33:39+00:00","breadcrumb":{"@id":"https:\/\/infoecos.com.ar\/index.php\/asesorados-por-abogados-vecinos-de-pehuajo-juntan-firmas-para-que-se-restituya-el-servicio-del-ioma-a-la-clinica-del-oeste\/#breadcrumb"},"inLanguage":"es","potentialAction":[{"@type":"ReadAction","target":["https:\/\/infoecos.com.ar\/index.php\/asesorados-por-abogados-vecinos-de-pehuajo-juntan-firmas-para-que-se-restituya-el-servicio-del-ioma-a-la-clinica-del-oeste\/"]}]},{"@type":"ImageObject","inLanguage":"es","@id":"https:\/\/infoecos.com.ar\/index.php\/asesorados-por-abogados-vecinos-de-pehuajo-juntan-firmas-para-que-se-restituya-el-servicio-del-ioma-a-la-clinica-del-oeste\/#primaryimage","url":"https:\/\/infoecos.com.ar\/wp-content\/uploads\/2023\/09\/image-3.png","contentUrl":"https:\/\/infoecos.com.ar\/wp-content\/uploads\/2023\/09\/image-3.png","width":960,"height":498},{"@type":"BreadcrumbList","@id":"https:\/\/infoecos.com.ar\/index.php\/asesorados-por-abogados-vecinos-de-pehuajo-juntan-firmas-para-que-se-restituya-el-servicio-del-ioma-a-la-clinica-del-oeste\/#breadcrumb","itemListElement":[{"@type":"ListItem","position":1,"name":"Portada","item":"https:\/\/infoecos.com.ar\/"},{"@type":"ListItem","position":2,"name":"Asesorados por abogados, vecinos de Pehuaj\u00f3 juntan firmas para que se restituya el servicio del IOMA a la Cl\u00ednica del Oeste"}]},{"@type":"WebSite","@id":"https:\/\/infoecos.com.ar\/#website","url":"https:\/\/infoecos.com.ar\/","name":"Infoecos","description":"Noticias de trenque lauquen y la zona","publisher":{"@id":"https:\/\/infoecos.com.ar\/#organization"},"alternateName":"Noticias","potentialAction":[{"@type":"SearchAction","target":{"@type":"EntryPoint","urlTemplate":"https:\/\/infoecos.com.ar\/?s={search_term_string}"},"query-input":{"@type":"PropertyValueSpecification","valueRequired":true,"valueName":"search_term_string"}}],"inLanguage":"es"},{"@type":"Organization","@id":"https:\/\/infoecos.com.ar\/#organization","name":"Infoecos","alternateName":"Noticias","url":"https:\/\/infoecos.com.ar\/","logo":{"@type":"ImageObject","inLanguage":"es","@id":"https:\/\/infoecos.com.ar\/#\/schema\/logo\/image\/","url":"https:\/\/infoecos.com.ar\/wp-content\/uploads\/2024\/03\/cropped-logo.png","contentUrl":"https:\/\/infoecos.com.ar\/wp-content\/uploads\/2024\/03\/cropped-logo.png","width":374,"height":90,"caption":"Infoecos"},"image":{"@id":"https:\/\/infoecos.com.ar\/#\/schema\/logo\/image\/"},"sameAs":["https:\/\/www.facebook.com\/profile.php?id=100063200290284","https:\/\/x.com\/infoecos"]},{"@type":"Person","@id":"https:\/\/infoecos.com.ar\/#\/schema\/person\/8f5ace5ce73b4b4aac4b7245aee6f191","name":"Jorge Matheus","url":"https:\/\/infoecos.com.ar\/index.php\/author\/jomatheus\/"}]}},"featured_image_urls":{"full":["https:\/\/infoecos.com.ar\/wp-content\/uploads\/2023\/09\/image-3.png",960,498,false],"thumbnail":["https:\/\/infoecos.com.ar\/wp-content\/uploads\/2023\/09\/image-3-300x150.png",300,150,true],"medium":["https:\/\/infoecos.com.ar\/wp-content\/uploads\/2023\/09\/image-3-800x415.png",800,415,true],"medium_large":["https:\/\/infoecos.com.ar\/wp-content\/uploads\/2023\/09\/image-3-768x398.png",640,332,true],"large":["https:\/\/infoecos.com.ar\/wp-content\/uploads\/2023\/09\/image-3.png",640,332,false],"1536x1536":["https:\/\/infoecos.com.ar\/wp-content\/uploads\/2023\/09\/image-3.png",960,498,false],"2048x2048":["https:\/\/infoecos.com.ar\/wp-content\/uploads\/2023\/09\/image-3.png",960,498,false],"covernews-slider-full":["https:\/\/infoecos.com.ar\/wp-content\/uploads\/2023\/09\/image-3.png",960,498,false],"covernews-slider-center":["https:\/\/infoecos.com.ar\/wp-content\/uploads\/2023\/09\/image-3-936x498.png",800,426,true],"covernews-featured":["https:\/\/infoecos.com.ar\/wp-content\/uploads\/2023\/09\/image-3.png",960,498,false],"covernews-medium":["https:\/\/infoecos.com.ar\/wp-content\/uploads\/2023\/09\/image-3-720x380.png",540,285,true],"covernews-medium-square":["https:\/\/infoecos.com.ar\/wp-content\/uploads\/2023\/09\/image-3-675x450.png",375,250,true]},"author_info":{"info":["Jorge Matheus"]},"category_info":"<a href=\"https:\/\/infoecos.com.ar\/index.php\/category\/c2nota5\/\" rel=\"category tag\">C2 N5<\/a>","tag_info":"C2 N5","comment_count":"0","_links":{"self":[{"href":"https:\/\/infoecos.com.ar\/index.php\/wp-json\/wp\/v2\/posts\/111190"}],"collection":[{"href":"https:\/\/infoecos.com.ar\/index.php\/wp-json\/wp\/v2\/posts"}],"about":[{"href":"https:\/\/infoecos.com.ar\/index.php\/wp-json\/wp\/v2\/types\/post"}],"author":[{"embeddable":true,"href":"https:\/\/infoecos.com.ar\/index.php\/wp-json\/wp\/v2\/users\/2"}],"replies":[{"embeddable":true,"href":"https:\/\/infoecos.com.ar\/index.php\/wp-json\/wp\/v2\/comments?post=111190"}],"version-history":[{"count":1,"href":"https:\/\/infoecos.com.ar\/index.php\/wp-json\/wp\/v2\/posts\/111190\/revisions"}],"predecessor-version":[{"id":111192,"href":"https:\/\/infoecos.com.ar\/index.php\/wp-json\/wp\/v2\/posts\/111190\/revisions\/111192"}],"wp:featuredmedia":[{"embeddable":true,"href":"https:\/\/infoecos.com.ar\/index.php\/wp-json\/wp\/v2\/media\/111191"}],"wp:attachment":[{"href":"https:\/\/infoecos.com.ar\/index.php\/wp-json\/wp\/v2\/media?parent=111190"}],"wp:term":[{"taxonomy":"category","embeddable":true,"href":"https:\/\/infoecos.com.ar\/index.php\/wp-json\/wp\/v2\/categories?post=111190"},{"taxonomy":"post_tag","embeddable":true,"href":"https:\/\/infoecos.com.ar\/index.php\/wp-json\/wp\/v2\/tags?post=111190"}],"curies":[{"name":"wp","href":"https:\/\/api.w.org\/{rel}","templated":true}]}}