{"id":111349,"date":"2023-09-04T01:52:27","date_gmt":"2023-09-04T04:52:27","guid":{"rendered":"https:\/\/infoecos.com.ar\/?p=111349"},"modified":"2023-09-06T01:43:13","modified_gmt":"2023-09-06T04:43:13","slug":"el-gobierno-libero-el-sistema-de-importaciones-para-las-pymes","status":"publish","type":"post","link":"https:\/\/infoecos.com.ar\/index.php\/el-gobierno-libero-el-sistema-de-importaciones-para-las-pymes\/","title":{"rendered":"El gobierno liber\u00f3 el Sistema de Importaciones para las PYMES"},"content":{"rendered":"\n<p>El Gobierno liber\u00f3 el Sistema de Importaciones de la Rep\u00fablica Argentina para las PyMEs.<\/p>\n\n\n\n<figure class=\"wp-block-image alignright is-resized\"><img loading=\"lazy\" decoding=\"async\" src=\"https:\/\/infoecos.com.ar\/wp-content\/uploads\/2023\/09\/image-15.png\" alt=\"La imagen tiene un atributo ALT vac\u00edo; su nombre de archivo es image-15.png\" width=\"334\" height=\"188\"\/><\/figure>\n\n\n\n<p><strong>El&nbsp;anuncio&nbsp;fue realizado este domingo por medio de las redes sociales.<\/strong><\/p>\n\n\n\n<p>Esta medida busca \u201cgarantizar el empleo de nuestras PyMEs y seguir exportando trabajo argentino al mundo\u201d. Seg\u00fan lo informado, son<strong>&nbsp;<\/strong>m\u00e1s de 7.400 PyMEs&nbsp;las que recibir\u00e1n la aprobaci\u00f3n de sus SIRAs, esto ser\u00e1 por in monto de&nbsp;700 millones de d\u00f3lares. \u201cAdelante est\u00e1 el desarrollo del proyecto industrial argentino\u201d, se\u00f1al\u00f3 el ministro de Econom\u00eda.<\/p>\n\n\n\n<p>En su anuncio&nbsp;Sergio Massa&nbsp;public\u00f3 los n\u00fameros obtenidos desde el inicio del&nbsp;Sistema de Importaciones de la Rep\u00fablica Argentina. \u201cDesde que inici\u00f3 el Sistema SIRA, y hasta agosto de este a\u00f1o, 21.671 PyMEs recibieron aprobaciones por 6.931,3 millones de d\u00f3lares\u201d, coment\u00f3.<\/p>\n","protected":false},"excerpt":{"rendered":"<p>Seg\u00fan lo informado, son\u00a0m\u00e1s de 7.400 PyMEs\u00a0las que recibir\u00e1n la aprobaci\u00f3n de sus SIRAs, esto ser\u00e1 por in monto de\u00a0700 millones de d\u00f3lares<\/p>\n","protected":false},"author":2,"featured_media":111350,"comment_status":"closed","ping_status":"open","sticky":false,"template":"","format":"standard","meta":{"footnotes":""},"categories":[26],"tags":[8992],"class_list":["post-111349","post","type-post","status-publish","format-standard","has-post-thumbnail","hentry","category-inferior6","tag-lo-anuncio-sergio-massa-por-tw"],"yoast_head":"<!-- This site is optimized with the Yoast SEO plugin v23.4 - https:\/\/yoast.com\/wordpress\/plugins\/seo\/ -->\n<title>El gobierno liber\u00f3 el Sistema de Importaciones para las PYMES - Infoecos<\/title>\n<meta name=\"robots\" content=\"index, follow, max-snippet:-1, max-image-preview:large, max-video-preview:-1\" \/>\n<link rel=\"canonical\" href=\"https:\/\/infoecos.com.ar\/index.php\/el-gobierno-libero-el-sistema-de-importaciones-para-las-pymes\/\" \/>\n<meta property=\"og:locale\" content=\"es_ES\" \/>\n<meta property=\"og:type\" content=\"article\" \/>\n<meta property=\"og:title\" content=\"El gobierno liber\u00f3 el Sistema de Importaciones para las PYMES - Infoecos\" \/>\n<meta property=\"og:description\" content=\"Seg\u00fan lo informado, son\u00a0m\u00e1s de 7.400 PyMEs\u00a0las que recibir\u00e1n la aprobaci\u00f3n de sus SIRAs, esto ser\u00e1 por in monto de\u00a0700 millones de d\u00f3lares\" \/>\n<meta property=\"og:url\" content=\"https:\/\/infoecos.com.ar\/index.php\/el-gobierno-libero-el-sistema-de-importaciones-para-las-pymes\/\" \/>\n<meta property=\"og:site_name\" content=\"Infoecos\" \/>\n<meta property=\"article:publisher\" content=\"https:\/\/www.facebook.com\/profile.php?id=100063200290284\" \/>\n<meta property=\"article:published_time\" content=\"2023-09-04T04:52:27+00:00\" \/>\n<meta property=\"article:modified_time\" content=\"2023-09-06T04:43:13+00:00\" \/>\n<meta property=\"og:image\" content=\"https:\/\/infoecos.com.ar\/wp-content\/uploads\/2023\/09\/image-15.png\" \/>\n\t<meta property=\"og:image:width\" content=\"420\" \/>\n\t<meta property=\"og:image:height\" content=\"236\" \/>\n\t<meta property=\"og:image:type\" content=\"image\/png\" \/>\n<meta name=\"author\" content=\"Jorge Matheus\" \/>\n<meta name=\"twitter:card\" content=\"summary_large_image\" \/>\n<meta name=\"twitter:creator\" content=\"@infoecos\" \/>\n<meta name=\"twitter:site\" content=\"@infoecos\" \/>\n<meta name=\"twitter:label1\" content=\"Escrito por\" \/>\n\t<meta name=\"twitter:data1\" content=\"Jorge Matheus\" \/>\n\t<meta name=\"twitter:label2\" content=\"Tiempo de lectura\" \/>\n\t<meta name=\"twitter:data2\" content=\"1 minuto\" \/>\n<script type=\"application\/ld+json\" class=\"yoast-schema-graph\">{\"@context\":\"https:\/\/schema.org\",\"@graph\":[{\"@type\":\"Article\",\"@id\":\"https:\/\/infoecos.com.ar\/index.php\/el-gobierno-libero-el-sistema-de-importaciones-para-las-pymes\/#article\",\"isPartOf\":{\"@id\":\"https:\/\/infoecos.com.ar\/index.php\/el-gobierno-libero-el-sistema-de-importaciones-para-las-pymes\/\"},\"author\":{\"name\":\"Jorge Matheus\",\"@id\":\"https:\/\/infoecos.com.ar\/#\/schema\/person\/8f5ace5ce73b4b4aac4b7245aee6f191\"},\"headline\":\"El gobierno liber\u00f3 el Sistema de Importaciones para las PYMES\",\"datePublished\":\"2023-09-04T04:52:27+00:00\",\"dateModified\":\"2023-09-06T04:43:13+00:00\",\"mainEntityOfPage\":{\"@id\":\"https:\/\/infoecos.com.ar\/index.php\/el-gobierno-libero-el-sistema-de-importaciones-para-las-pymes\/\"},\"wordCount\":149,\"publisher\":{\"@id\":\"https:\/\/infoecos.com.ar\/#organization\"},\"image\":{\"@id\":\"https:\/\/infoecos.com.ar\/index.php\/el-gobierno-libero-el-sistema-de-importaciones-para-las-pymes\/#primaryimage\"},\"thumbnailUrl\":\"https:\/\/infoecos.com.ar\/wp-content\/uploads\/2023\/09\/image-15.png\",\"keywords\":[\"LO ANUNCIO SERGIO MASSA POR TW\"],\"articleSection\":[\"Bloque inferior - 6\"],\"inLanguage\":\"es\"},{\"@type\":\"WebPage\",\"@id\":\"https:\/\/infoecos.com.ar\/index.php\/el-gobierno-libero-el-sistema-de-importaciones-para-las-pymes\/\",\"url\":\"https:\/\/infoecos.com.ar\/index.php\/el-gobierno-libero-el-sistema-de-importaciones-para-las-pymes\/\",\"name\":\"El gobierno liber\u00f3 el Sistema de Importaciones para las PYMES - Infoecos\",\"isPartOf\":{\"@id\":\"https:\/\/infoecos.com.ar\/#website\"},\"primaryImageOfPage\":{\"@id\":\"https:\/\/infoecos.com.ar\/index.php\/el-gobierno-libero-el-sistema-de-importaciones-para-las-pymes\/#primaryimage\"},\"image\":{\"@id\":\"https:\/\/infoecos.com.ar\/index.php\/el-gobierno-libero-el-sistema-de-importaciones-para-las-pymes\/#primaryimage\"},\"thumbnailUrl\":\"https:\/\/infoecos.com.ar\/wp-content\/uploads\/2023\/09\/image-15.png\",\"datePublished\":\"2023-09-04T04:52:27+00:00\",\"dateModified\":\"2023-09-06T04:43:13+00:00\",\"breadcrumb\":{\"@id\":\"https:\/\/infoecos.com.ar\/index.php\/el-gobierno-libero-el-sistema-de-importaciones-para-las-pymes\/#breadcrumb\"},\"inLanguage\":\"es\",\"potentialAction\":[{\"@type\":\"ReadAction\",\"target\":[\"https:\/\/infoecos.com.ar\/index.php\/el-gobierno-libero-el-sistema-de-importaciones-para-las-pymes\/\"]}]},{\"@type\":\"ImageObject\",\"inLanguage\":\"es\",\"@id\":\"https:\/\/infoecos.com.ar\/index.php\/el-gobierno-libero-el-sistema-de-importaciones-para-las-pymes\/#primaryimage\",\"url\":\"https:\/\/infoecos.com.ar\/wp-content\/uploads\/2023\/09\/image-15.png\",\"contentUrl\":\"https:\/\/infoecos.com.ar\/wp-content\/uploads\/2023\/09\/image-15.png\",\"width\":420,\"height\":236},{\"@type\":\"BreadcrumbList\",\"@id\":\"https:\/\/infoecos.com.ar\/index.php\/el-gobierno-libero-el-sistema-de-importaciones-para-las-pymes\/#breadcrumb\",\"itemListElement\":[{\"@type\":\"ListItem\",\"position\":1,\"name\":\"Portada\",\"item\":\"https:\/\/infoecos.com.ar\/\"},{\"@type\":\"ListItem\",\"position\":2,\"name\":\"El gobierno liber\u00f3 el Sistema de Importaciones para las PYMES\"}]},{\"@type\":\"WebSite\",\"@id\":\"https:\/\/infoecos.com.ar\/#website\",\"url\":\"https:\/\/infoecos.com.ar\/\",\"name\":\"Infoecos\",\"description\":\"Noticias de trenque lauquen y la zona\",\"publisher\":{\"@id\":\"https:\/\/infoecos.com.ar\/#organization\"},\"alternateName\":\"Noticias\",\"potentialAction\":[{\"@type\":\"SearchAction\",\"target\":{\"@type\":\"EntryPoint\",\"urlTemplate\":\"https:\/\/infoecos.com.ar\/?s={search_term_string}\"},\"query-input\":{\"@type\":\"PropertyValueSpecification\",\"valueRequired\":true,\"valueName\":\"search_term_string\"}}],\"inLanguage\":\"es\"},{\"@type\":\"Organization\",\"@id\":\"https:\/\/infoecos.com.ar\/#organization\",\"name\":\"Infoecos\",\"alternateName\":\"Noticias\",\"url\":\"https:\/\/infoecos.com.ar\/\",\"logo\":{\"@type\":\"ImageObject\",\"inLanguage\":\"es\",\"@id\":\"https:\/\/infoecos.com.ar\/#\/schema\/logo\/image\/\",\"url\":\"https:\/\/infoecos.com.ar\/wp-content\/uploads\/2024\/03\/cropped-logo.png\",\"contentUrl\":\"https:\/\/infoecos.com.ar\/wp-content\/uploads\/2024\/03\/cropped-logo.png\",\"width\":374,\"height\":90,\"caption\":\"Infoecos\"},\"image\":{\"@id\":\"https:\/\/infoecos.com.ar\/#\/schema\/logo\/image\/\"},\"sameAs\":[\"https:\/\/www.facebook.com\/profile.php?id=100063200290284\",\"https:\/\/x.com\/infoecos\"]},{\"@type\":\"Person\",\"@id\":\"https:\/\/infoecos.com.ar\/#\/schema\/person\/8f5ace5ce73b4b4aac4b7245aee6f191\",\"name\":\"Jorge Matheus\",\"url\":\"https:\/\/infoecos.com.ar\/index.php\/author\/jomatheus\/\"}]}<\/script>\n<!-- \/ Yoast SEO plugin. -->","yoast_head_json":{"title":"El gobierno liber\u00f3 el Sistema de Importaciones para las PYMES - Infoecos","robots":{"index":"index","follow":"follow","max-snippet":"max-snippet:-1","max-image-preview":"max-image-preview:large","max-video-preview":"max-video-preview:-1"},"canonical":"https:\/\/infoecos.com.ar\/index.php\/el-gobierno-libero-el-sistema-de-importaciones-para-las-pymes\/","og_locale":"es_ES","og_type":"article","og_title":"El gobierno liber\u00f3 el Sistema de Importaciones para las PYMES - Infoecos","og_description":"Seg\u00fan lo informado, son\u00a0m\u00e1s de 7.400 PyMEs\u00a0las que recibir\u00e1n la aprobaci\u00f3n de sus SIRAs, esto ser\u00e1 por in monto de\u00a0700 millones de d\u00f3lares","og_url":"https:\/\/infoecos.com.ar\/index.php\/el-gobierno-libero-el-sistema-de-importaciones-para-las-pymes\/","og_site_name":"Infoecos","article_publisher":"https:\/\/www.facebook.com\/profile.php?id=100063200290284","article_published_time":"2023-09-04T04:52:27+00:00","article_modified_time":"2023-09-06T04:43:13+00:00","og_image":[{"width":420,"height":236,"url":"https:\/\/infoecos.com.ar\/wp-content\/uploads\/2023\/09\/image-15.png","type":"image\/png"}],"author":"Jorge Matheus","twitter_card":"summary_large_image","twitter_creator":"@infoecos","twitter_site":"@infoecos","twitter_misc":{"Escrito por":"Jorge Matheus","Tiempo de lectura":"1 minuto"},"schema":{"@context":"https:\/\/schema.org","@graph":[{"@type":"Article","@id":"https:\/\/infoecos.com.ar\/index.php\/el-gobierno-libero-el-sistema-de-importaciones-para-las-pymes\/#article","isPartOf":{"@id":"https:\/\/infoecos.com.ar\/index.php\/el-gobierno-libero-el-sistema-de-importaciones-para-las-pymes\/"},"author":{"name":"Jorge Matheus","@id":"https:\/\/infoecos.com.ar\/#\/schema\/person\/8f5ace5ce73b4b4aac4b7245aee6f191"},"headline":"El gobierno liber\u00f3 el Sistema de Importaciones para las PYMES","datePublished":"2023-09-04T04:52:27+00:00","dateModified":"2023-09-06T04:43:13+00:00","mainEntityOfPage":{"@id":"https:\/\/infoecos.com.ar\/index.php\/el-gobierno-libero-el-sistema-de-importaciones-para-las-pymes\/"},"wordCount":149,"publisher":{"@id":"https:\/\/infoecos.com.ar\/#organization"},"image":{"@id":"https:\/\/infoecos.com.ar\/index.php\/el-gobierno-libero-el-sistema-de-importaciones-para-las-pymes\/#primaryimage"},"thumbnailUrl":"https:\/\/infoecos.com.ar\/wp-content\/uploads\/2023\/09\/image-15.png","keywords":["LO ANUNCIO SERGIO MASSA POR TW"],"articleSection":["Bloque inferior - 6"],"inLanguage":"es"},{"@type":"WebPage","@id":"https:\/\/infoecos.com.ar\/index.php\/el-gobierno-libero-el-sistema-de-importaciones-para-las-pymes\/","url":"https:\/\/infoecos.com.ar\/index.php\/el-gobierno-libero-el-sistema-de-importaciones-para-las-pymes\/","name":"El gobierno liber\u00f3 el Sistema de Importaciones para las PYMES - Infoecos","isPartOf":{"@id":"https:\/\/infoecos.com.ar\/#website"},"primaryImageOfPage":{"@id":"https:\/\/infoecos.com.ar\/index.php\/el-gobierno-libero-el-sistema-de-importaciones-para-las-pymes\/#primaryimage"},"image":{"@id":"https:\/\/infoecos.com.ar\/index.php\/el-gobierno-libero-el-sistema-de-importaciones-para-las-pymes\/#primaryimage"},"thumbnailUrl":"https:\/\/infoecos.com.ar\/wp-content\/uploads\/2023\/09\/image-15.png","datePublished":"2023-09-04T04:52:27+00:00","dateModified":"2023-09-06T04:43:13+00:00","breadcrumb":{"@id":"https:\/\/infoecos.com.ar\/index.php\/el-gobierno-libero-el-sistema-de-importaciones-para-las-pymes\/#breadcrumb"},"inLanguage":"es","potentialAction":[{"@type":"ReadAction","target":["https:\/\/infoecos.com.ar\/index.php\/el-gobierno-libero-el-sistema-de-importaciones-para-las-pymes\/"]}]},{"@type":"ImageObject","inLanguage":"es","@id":"https:\/\/infoecos.com.ar\/index.php\/el-gobierno-libero-el-sistema-de-importaciones-para-las-pymes\/#primaryimage","url":"https:\/\/infoecos.com.ar\/wp-content\/uploads\/2023\/09\/image-15.png","contentUrl":"https:\/\/infoecos.com.ar\/wp-content\/uploads\/2023\/09\/image-15.png","width":420,"height":236},{"@type":"BreadcrumbList","@id":"https:\/\/infoecos.com.ar\/index.php\/el-gobierno-libero-el-sistema-de-importaciones-para-las-pymes\/#breadcrumb","itemListElement":[{"@type":"ListItem","position":1,"name":"Portada","item":"https:\/\/infoecos.com.ar\/"},{"@type":"ListItem","position":2,"name":"El gobierno liber\u00f3 el Sistema de Importaciones para las PYMES"}]},{"@type":"WebSite","@id":"https:\/\/infoecos.com.ar\/#website","url":"https:\/\/infoecos.com.ar\/","name":"Infoecos","description":"Noticias de trenque lauquen y la zona","publisher":{"@id":"https:\/\/infoecos.com.ar\/#organization"},"alternateName":"Noticias","potentialAction":[{"@type":"SearchAction","target":{"@type":"EntryPoint","urlTemplate":"https:\/\/infoecos.com.ar\/?s={search_term_string}"},"query-input":{"@type":"PropertyValueSpecification","valueRequired":true,"valueName":"search_term_string"}}],"inLanguage":"es"},{"@type":"Organization","@id":"https:\/\/infoecos.com.ar\/#organization","name":"Infoecos","alternateName":"Noticias","url":"https:\/\/infoecos.com.ar\/","logo":{"@type":"ImageObject","inLanguage":"es","@id":"https:\/\/infoecos.com.ar\/#\/schema\/logo\/image\/","url":"https:\/\/infoecos.com.ar\/wp-content\/uploads\/2024\/03\/cropped-logo.png","contentUrl":"https:\/\/infoecos.com.ar\/wp-content\/uploads\/2024\/03\/cropped-logo.png","width":374,"height":90,"caption":"Infoecos"},"image":{"@id":"https:\/\/infoecos.com.ar\/#\/schema\/logo\/image\/"},"sameAs":["https:\/\/www.facebook.com\/profile.php?id=100063200290284","https:\/\/x.com\/infoecos"]},{"@type":"Person","@id":"https:\/\/infoecos.com.ar\/#\/schema\/person\/8f5ace5ce73b4b4aac4b7245aee6f191","name":"Jorge Matheus","url":"https:\/\/infoecos.com.ar\/index.php\/author\/jomatheus\/"}]}},"featured_image_urls":{"full":["https:\/\/infoecos.com.ar\/wp-content\/uploads\/2023\/09\/image-15.png",420,236,false],"thumbnail":["https:\/\/infoecos.com.ar\/wp-content\/uploads\/2023\/09\/image-15-300x150.png",300,150,true],"medium":["https:\/\/infoecos.com.ar\/wp-content\/uploads\/2023\/09\/image-15.png",420,236,false],"medium_large":["https:\/\/infoecos.com.ar\/wp-content\/uploads\/2023\/09\/image-15.png",420,236,false],"large":["https:\/\/infoecos.com.ar\/wp-content\/uploads\/2023\/09\/image-15.png",420,236,false],"1536x1536":["https:\/\/infoecos.com.ar\/wp-content\/uploads\/2023\/09\/image-15.png",420,236,false],"2048x2048":["https:\/\/infoecos.com.ar\/wp-content\/uploads\/2023\/09\/image-15.png",420,236,false],"covernews-slider-full":["https:\/\/infoecos.com.ar\/wp-content\/uploads\/2023\/09\/image-15.png",420,236,false],"covernews-slider-center":["https:\/\/infoecos.com.ar\/wp-content\/uploads\/2023\/09\/image-15.png",420,236,false],"covernews-featured":["https:\/\/infoecos.com.ar\/wp-content\/uploads\/2023\/09\/image-15.png",420,236,false],"covernews-medium":["https:\/\/infoecos.com.ar\/wp-content\/uploads\/2023\/09\/image-15.png",420,236,false],"covernews-medium-square":["https:\/\/infoecos.com.ar\/wp-content\/uploads\/2023\/09\/image-15.png",400,225,false]},"author_info":{"info":["Jorge Matheus"]},"category_info":"<a href=\"https:\/\/infoecos.com.ar\/index.php\/category\/inferior6\/\" rel=\"category tag\">Bloque inferior - 6<\/a>","tag_info":"Bloque inferior - 6","comment_count":"0","_links":{"self":[{"href":"https:\/\/infoecos.com.ar\/index.php\/wp-json\/wp\/v2\/posts\/111349"}],"collection":[{"href":"https:\/\/infoecos.com.ar\/index.php\/wp-json\/wp\/v2\/posts"}],"about":[{"href":"https:\/\/infoecos.com.ar\/index.php\/wp-json\/wp\/v2\/types\/post"}],"author":[{"embeddable":true,"href":"https:\/\/infoecos.com.ar\/index.php\/wp-json\/wp\/v2\/users\/2"}],"replies":[{"embeddable":true,"href":"https:\/\/infoecos.com.ar\/index.php\/wp-json\/wp\/v2\/comments?post=111349"}],"version-history":[{"count":2,"href":"https:\/\/infoecos.com.ar\/index.php\/wp-json\/wp\/v2\/posts\/111349\/revisions"}],"predecessor-version":[{"id":111357,"href":"https:\/\/infoecos.com.ar\/index.php\/wp-json\/wp\/v2\/posts\/111349\/revisions\/111357"}],"wp:featuredmedia":[{"embeddable":true,"href":"https:\/\/infoecos.com.ar\/index.php\/wp-json\/wp\/v2\/media\/111350"}],"wp:attachment":[{"href":"https:\/\/infoecos.com.ar\/index.php\/wp-json\/wp\/v2\/media?parent=111349"}],"wp:term":[{"taxonomy":"category","embeddable":true,"href":"https:\/\/infoecos.com.ar\/index.php\/wp-json\/wp\/v2\/categories?post=111349"},{"taxonomy":"post_tag","embeddable":true,"href":"https:\/\/infoecos.com.ar\/index.php\/wp-json\/wp\/v2\/tags?post=111349"}],"curies":[{"name":"wp","href":"https:\/\/api.w.org\/{rel}","templated":true}]}}