{"id":111415,"date":"2023-09-04T22:53:10","date_gmt":"2023-09-05T01:53:10","guid":{"rendered":"https:\/\/infoecos.com.ar\/?p=111415"},"modified":"2023-09-06T01:42:09","modified_gmt":"2023-09-06T04:42:09","slug":"el-gobernador-kicillof-pagara-la-suma-fija-adicionando-un-10-de-aumento-a-salarios-de-septiembre","status":"publish","type":"post","link":"https:\/\/infoecos.com.ar\/index.php\/el-gobernador-kicillof-pagara-la-suma-fija-adicionando-un-10-de-aumento-a-salarios-de-septiembre\/","title":{"rendered":"El gobernador Kicillof anunci\u00f3 que pagar\u00e1 la suma fija"},"content":{"rendered":"\n<p>El&nbsp;Ejecutivo de la provincia de Buenos Aires&nbsp;anunci\u00f3 este lunes que convino con los representantes gremiales de todos los reg\u00edmenes adicionar un 10% al aumento salarial de septiembre, como as\u00ed tambi\u00e9n el otorgamiento por \u00fanica vez de una&nbsp;suma fija&nbsp;no remunerativa de $30.000.<\/p>\n\n\n\n<figure class=\"wp-block-image alignright size-large is-resized\"><img loading=\"lazy\" decoding=\"async\" src=\"https:\/\/infoecos.com.ar\/wp-content\/uploads\/2023\/09\/20230904174846_177A73542-1600x1067.jpg\" alt=\"\" class=\"wp-image-111417\" width=\"298\" height=\"199\" srcset=\"https:\/\/infoecos.com.ar\/wp-content\/uploads\/2023\/09\/20230904174846_177A73542-1600x1067.jpg 1600w, https:\/\/infoecos.com.ar\/wp-content\/uploads\/2023\/09\/20230904174846_177A73542-800x533.jpg 800w, https:\/\/infoecos.com.ar\/wp-content\/uploads\/2023\/09\/20230904174846_177A73542-768x512.jpg 768w, https:\/\/infoecos.com.ar\/wp-content\/uploads\/2023\/09\/20230904174846_177A73542-1536x1020.jpg 1536w, https:\/\/infoecos.com.ar\/wp-content\/uploads\/2023\/09\/20230904174846_177A73542-2048x1365.jpg 2048w, https:\/\/infoecos.com.ar\/wp-content\/uploads\/2023\/09\/20230904174846_177A73542-1024x683.jpg 1024w, https:\/\/infoecos.com.ar\/wp-content\/uploads\/2023\/09\/20230904174846_177A73542-675x450.jpg 675w\" sizes=\"(max-width: 298px) 100vw, 298px\" \/><figcaption class=\"wp-element-caption\">Kiillof en acto desarrollado en Ensenada<\/figcaption><\/figure>\n\n\n\n<p>Seg\u00fan confirmaron desde el&nbsp;Ejecutivo de Axel Kicillof, el&nbsp;aumento salarial&nbsp;se sumar\u00e1 al 15% de incremento en los haberes de septiembre acordado en la \u00faltima reuni\u00f3n paritaria por lo que los&nbsp;estatales bonaerenses&nbsp;completar\u00e1n un 25% en promedio para dicho mes y un 95% en el per\u00edodo enero-septiembre.<\/p>\n\n\n\n<p>En el marco de las mesas de monitoreo, el&nbsp;Gobierno provincial&nbsp;a\u00f1adi\u00f3 que para aquellos casos de estatales bonaerenses en los que el incremento salarial del 10% no alcance los $30.000 netos, se les asegurar\u00e1 ese monto como piso de aumento.<\/p>\n\n\n\n<p>La&nbsp;suma fija&nbsp;ser\u00e1 de $30.000&nbsp;para los&nbsp;estatales bonaerenses&nbsp;que perciben salarios netos (a agosto) menores o iguales a $370.000; y de la diferencia entre $370.000 y $400.000 en los casos en los que los haberes netos sean de m\u00e1s de $370.000. Seg\u00fan precisaron desde el gremio&nbsp;<strong>UPCN<\/strong>, el bono se \u201cliquidar\u00e1 por adicional del 16 al 20 de septiembre\u201d.<\/p>\n\n\n\n<figure class=\"wp-block-image alignright size-large is-resized\"><img loading=\"lazy\" decoding=\"async\" src=\"https:\/\/infoecos.com.ar\/wp-content\/uploads\/2023\/09\/20230904182715_177A73742-1600x1066.jpg\" alt=\"\" class=\"wp-image-111418\" width=\"311\" height=\"206\" srcset=\"https:\/\/infoecos.com.ar\/wp-content\/uploads\/2023\/09\/20230904182715_177A73742-1600x1066.jpg 1600w, https:\/\/infoecos.com.ar\/wp-content\/uploads\/2023\/09\/20230904182715_177A73742-800x533.jpg 800w, https:\/\/infoecos.com.ar\/wp-content\/uploads\/2023\/09\/20230904182715_177A73742-768x512.jpg 768w, https:\/\/infoecos.com.ar\/wp-content\/uploads\/2023\/09\/20230904182715_177A73742-1536x1020.jpg 1536w, https:\/\/infoecos.com.ar\/wp-content\/uploads\/2023\/09\/20230904182715_177A73742-2048x1365.jpg 2048w, https:\/\/infoecos.com.ar\/wp-content\/uploads\/2023\/09\/20230904182715_177A73742-1024x683.jpg 1024w, https:\/\/infoecos.com.ar\/wp-content\/uploads\/2023\/09\/20230904182715_177A73742-675x450.jpg 675w\" sizes=\"(max-width: 311px) 100vw, 311px\" \/><figcaption class=\"wp-element-caption\">Kiillof en acto desarrollado en Ensenada<\/figcaption><\/figure>\n\n\n\n<p>Asimismo,&nbsp;Kicillof&nbsp;anunci\u00f3 la creaci\u00f3n del \u201cFondo Especial de Asignaciones Extraordinarias Salariales para Municipios\u201d, con el objetivo de contribuir al refuerzo salarial de las y los trabajadores municipales. El mismo se distribuir\u00e1 a solicitud de cada municipio y tendr\u00e1 car\u00e1cter de reintegrable.<\/p>\n","protected":false},"excerpt":{"rendered":"<p>La\u00a0suma fija\u00a0ser\u00e1 de $30.000\u00a0para los\u00a0estatales bonaerenses\u00a0que perciben salarios netos (a agosto) menores o iguales a $370.000; y de la diferencia entre $370.000 y $400.000 en los casos en los que los haberes netos sean de m\u00e1s de $370.000<\/p>\n","protected":false},"author":2,"featured_media":111418,"comment_status":"closed","ping_status":"open","sticky":false,"template":"","format":"standard","meta":{"footnotes":""},"categories":[43],"tags":[4730],"class_list":["post-111415","post","type-post","status-publish","format-standard","has-post-thumbnail","hentry","category-inferior4","tag-acuerdo-con-los-gremios"],"yoast_head":"<!-- This site is optimized with the Yoast SEO plugin v23.4 - https:\/\/yoast.com\/wordpress\/plugins\/seo\/ -->\n<title>El gobernador Kicillof anunci\u00f3 que pagar\u00e1 la suma fija - Infoecos<\/title>\n<meta name=\"robots\" content=\"index, follow, max-snippet:-1, max-image-preview:large, max-video-preview:-1\" \/>\n<link rel=\"canonical\" href=\"https:\/\/infoecos.com.ar\/index.php\/el-gobernador-kicillof-pagara-la-suma-fija-adicionando-un-10-de-aumento-a-salarios-de-septiembre\/\" \/>\n<meta property=\"og:locale\" content=\"es_ES\" \/>\n<meta property=\"og:type\" content=\"article\" \/>\n<meta property=\"og:title\" content=\"El gobernador Kicillof anunci\u00f3 que pagar\u00e1 la suma fija - Infoecos\" \/>\n<meta property=\"og:description\" content=\"La\u00a0suma fija\u00a0ser\u00e1 de $30.000\u00a0para los\u00a0estatales bonaerenses\u00a0que perciben salarios netos (a agosto) menores o iguales a $370.000; y de la diferencia entre $370.000 y $400.000 en los casos en los que los haberes netos sean de m\u00e1s de $370.000\" \/>\n<meta property=\"og:url\" content=\"https:\/\/infoecos.com.ar\/index.php\/el-gobernador-kicillof-pagara-la-suma-fija-adicionando-un-10-de-aumento-a-salarios-de-septiembre\/\" \/>\n<meta property=\"og:site_name\" content=\"Infoecos\" \/>\n<meta property=\"article:publisher\" content=\"https:\/\/www.facebook.com\/profile.php?id=100063200290284\" \/>\n<meta property=\"article:published_time\" content=\"2023-09-05T01:53:10+00:00\" \/>\n<meta property=\"article:modified_time\" content=\"2023-09-06T04:42:09+00:00\" \/>\n<meta property=\"og:image\" content=\"https:\/\/infoecos.com.ar\/wp-content\/uploads\/2023\/09\/20230904182715_177A73742-scaled.jpg\" \/>\n\t<meta property=\"og:image:width\" content=\"2560\" \/>\n\t<meta property=\"og:image:height\" content=\"1706\" \/>\n\t<meta property=\"og:image:type\" content=\"image\/jpeg\" \/>\n<meta name=\"author\" content=\"Jorge Matheus\" \/>\n<meta name=\"twitter:card\" content=\"summary_large_image\" \/>\n<meta name=\"twitter:creator\" content=\"@infoecos\" \/>\n<meta name=\"twitter:site\" content=\"@infoecos\" \/>\n<meta name=\"twitter:label1\" content=\"Escrito por\" \/>\n\t<meta name=\"twitter:data1\" content=\"Jorge Matheus\" \/>\n\t<meta name=\"twitter:label2\" content=\"Tiempo de lectura\" \/>\n\t<meta name=\"twitter:data2\" content=\"2 minutos\" \/>\n<script type=\"application\/ld+json\" class=\"yoast-schema-graph\">{\"@context\":\"https:\/\/schema.org\",\"@graph\":[{\"@type\":\"Article\",\"@id\":\"https:\/\/infoecos.com.ar\/index.php\/el-gobernador-kicillof-pagara-la-suma-fija-adicionando-un-10-de-aumento-a-salarios-de-septiembre\/#article\",\"isPartOf\":{\"@id\":\"https:\/\/infoecos.com.ar\/index.php\/el-gobernador-kicillof-pagara-la-suma-fija-adicionando-un-10-de-aumento-a-salarios-de-septiembre\/\"},\"author\":{\"name\":\"Jorge Matheus\",\"@id\":\"https:\/\/infoecos.com.ar\/#\/schema\/person\/8f5ace5ce73b4b4aac4b7245aee6f191\"},\"headline\":\"El gobernador Kicillof anunci\u00f3 que pagar\u00e1 la suma fija\",\"datePublished\":\"2023-09-05T01:53:10+00:00\",\"dateModified\":\"2023-09-06T04:42:09+00:00\",\"mainEntityOfPage\":{\"@id\":\"https:\/\/infoecos.com.ar\/index.php\/el-gobernador-kicillof-pagara-la-suma-fija-adicionando-un-10-de-aumento-a-salarios-de-septiembre\/\"},\"wordCount\":275,\"publisher\":{\"@id\":\"https:\/\/infoecos.com.ar\/#organization\"},\"image\":{\"@id\":\"https:\/\/infoecos.com.ar\/index.php\/el-gobernador-kicillof-pagara-la-suma-fija-adicionando-un-10-de-aumento-a-salarios-de-septiembre\/#primaryimage\"},\"thumbnailUrl\":\"https:\/\/infoecos.com.ar\/wp-content\/uploads\/2023\/09\/20230904182715_177A73742-scaled.jpg\",\"keywords\":[\"ACUERDO CON LOS GREMIOS\"],\"articleSection\":[\"Bloque inferior - 4\"],\"inLanguage\":\"es\"},{\"@type\":\"WebPage\",\"@id\":\"https:\/\/infoecos.com.ar\/index.php\/el-gobernador-kicillof-pagara-la-suma-fija-adicionando-un-10-de-aumento-a-salarios-de-septiembre\/\",\"url\":\"https:\/\/infoecos.com.ar\/index.php\/el-gobernador-kicillof-pagara-la-suma-fija-adicionando-un-10-de-aumento-a-salarios-de-septiembre\/\",\"name\":\"El gobernador Kicillof anunci\u00f3 que pagar\u00e1 la suma fija - Infoecos\",\"isPartOf\":{\"@id\":\"https:\/\/infoecos.com.ar\/#website\"},\"primaryImageOfPage\":{\"@id\":\"https:\/\/infoecos.com.ar\/index.php\/el-gobernador-kicillof-pagara-la-suma-fija-adicionando-un-10-de-aumento-a-salarios-de-septiembre\/#primaryimage\"},\"image\":{\"@id\":\"https:\/\/infoecos.com.ar\/index.php\/el-gobernador-kicillof-pagara-la-suma-fija-adicionando-un-10-de-aumento-a-salarios-de-septiembre\/#primaryimage\"},\"thumbnailUrl\":\"https:\/\/infoecos.com.ar\/wp-content\/uploads\/2023\/09\/20230904182715_177A73742-scaled.jpg\",\"datePublished\":\"2023-09-05T01:53:10+00:00\",\"dateModified\":\"2023-09-06T04:42:09+00:00\",\"breadcrumb\":{\"@id\":\"https:\/\/infoecos.com.ar\/index.php\/el-gobernador-kicillof-pagara-la-suma-fija-adicionando-un-10-de-aumento-a-salarios-de-septiembre\/#breadcrumb\"},\"inLanguage\":\"es\",\"potentialAction\":[{\"@type\":\"ReadAction\",\"target\":[\"https:\/\/infoecos.com.ar\/index.php\/el-gobernador-kicillof-pagara-la-suma-fija-adicionando-un-10-de-aumento-a-salarios-de-septiembre\/\"]}]},{\"@type\":\"ImageObject\",\"inLanguage\":\"es\",\"@id\":\"https:\/\/infoecos.com.ar\/index.php\/el-gobernador-kicillof-pagara-la-suma-fija-adicionando-un-10-de-aumento-a-salarios-de-septiembre\/#primaryimage\",\"url\":\"https:\/\/infoecos.com.ar\/wp-content\/uploads\/2023\/09\/20230904182715_177A73742-scaled.jpg\",\"contentUrl\":\"https:\/\/infoecos.com.ar\/wp-content\/uploads\/2023\/09\/20230904182715_177A73742-scaled.jpg\",\"width\":2560,\"height\":1706},{\"@type\":\"BreadcrumbList\",\"@id\":\"https:\/\/infoecos.com.ar\/index.php\/el-gobernador-kicillof-pagara-la-suma-fija-adicionando-un-10-de-aumento-a-salarios-de-septiembre\/#breadcrumb\",\"itemListElement\":[{\"@type\":\"ListItem\",\"position\":1,\"name\":\"Portada\",\"item\":\"https:\/\/infoecos.com.ar\/\"},{\"@type\":\"ListItem\",\"position\":2,\"name\":\"El gobernador Kicillof anunci\u00f3 que pagar\u00e1 la suma fija\"}]},{\"@type\":\"WebSite\",\"@id\":\"https:\/\/infoecos.com.ar\/#website\",\"url\":\"https:\/\/infoecos.com.ar\/\",\"name\":\"Infoecos\",\"description\":\"Noticias de trenque lauquen y la zona\",\"publisher\":{\"@id\":\"https:\/\/infoecos.com.ar\/#organization\"},\"alternateName\":\"Noticias\",\"potentialAction\":[{\"@type\":\"SearchAction\",\"target\":{\"@type\":\"EntryPoint\",\"urlTemplate\":\"https:\/\/infoecos.com.ar\/?s={search_term_string}\"},\"query-input\":{\"@type\":\"PropertyValueSpecification\",\"valueRequired\":true,\"valueName\":\"search_term_string\"}}],\"inLanguage\":\"es\"},{\"@type\":\"Organization\",\"@id\":\"https:\/\/infoecos.com.ar\/#organization\",\"name\":\"Infoecos\",\"alternateName\":\"Noticias\",\"url\":\"https:\/\/infoecos.com.ar\/\",\"logo\":{\"@type\":\"ImageObject\",\"inLanguage\":\"es\",\"@id\":\"https:\/\/infoecos.com.ar\/#\/schema\/logo\/image\/\",\"url\":\"https:\/\/infoecos.com.ar\/wp-content\/uploads\/2024\/03\/cropped-logo.png\",\"contentUrl\":\"https:\/\/infoecos.com.ar\/wp-content\/uploads\/2024\/03\/cropped-logo.png\",\"width\":374,\"height\":90,\"caption\":\"Infoecos\"},\"image\":{\"@id\":\"https:\/\/infoecos.com.ar\/#\/schema\/logo\/image\/\"},\"sameAs\":[\"https:\/\/www.facebook.com\/profile.php?id=100063200290284\",\"https:\/\/x.com\/infoecos\"]},{\"@type\":\"Person\",\"@id\":\"https:\/\/infoecos.com.ar\/#\/schema\/person\/8f5ace5ce73b4b4aac4b7245aee6f191\",\"name\":\"Jorge Matheus\",\"url\":\"https:\/\/infoecos.com.ar\/index.php\/author\/jomatheus\/\"}]}<\/script>\n<!-- \/ Yoast SEO plugin. -->","yoast_head_json":{"title":"El gobernador Kicillof anunci\u00f3 que pagar\u00e1 la suma fija - Infoecos","robots":{"index":"index","follow":"follow","max-snippet":"max-snippet:-1","max-image-preview":"max-image-preview:large","max-video-preview":"max-video-preview:-1"},"canonical":"https:\/\/infoecos.com.ar\/index.php\/el-gobernador-kicillof-pagara-la-suma-fija-adicionando-un-10-de-aumento-a-salarios-de-septiembre\/","og_locale":"es_ES","og_type":"article","og_title":"El gobernador Kicillof anunci\u00f3 que pagar\u00e1 la suma fija - Infoecos","og_description":"La\u00a0suma fija\u00a0ser\u00e1 de $30.000\u00a0para los\u00a0estatales bonaerenses\u00a0que perciben salarios netos (a agosto) menores o iguales a $370.000; y de la diferencia entre $370.000 y $400.000 en los casos en los que los haberes netos sean de m\u00e1s de $370.000","og_url":"https:\/\/infoecos.com.ar\/index.php\/el-gobernador-kicillof-pagara-la-suma-fija-adicionando-un-10-de-aumento-a-salarios-de-septiembre\/","og_site_name":"Infoecos","article_publisher":"https:\/\/www.facebook.com\/profile.php?id=100063200290284","article_published_time":"2023-09-05T01:53:10+00:00","article_modified_time":"2023-09-06T04:42:09+00:00","og_image":[{"width":2560,"height":1706,"url":"https:\/\/infoecos.com.ar\/wp-content\/uploads\/2023\/09\/20230904182715_177A73742-scaled.jpg","type":"image\/jpeg"}],"author":"Jorge Matheus","twitter_card":"summary_large_image","twitter_creator":"@infoecos","twitter_site":"@infoecos","twitter_misc":{"Escrito por":"Jorge Matheus","Tiempo de lectura":"2 minutos"},"schema":{"@context":"https:\/\/schema.org","@graph":[{"@type":"Article","@id":"https:\/\/infoecos.com.ar\/index.php\/el-gobernador-kicillof-pagara-la-suma-fija-adicionando-un-10-de-aumento-a-salarios-de-septiembre\/#article","isPartOf":{"@id":"https:\/\/infoecos.com.ar\/index.php\/el-gobernador-kicillof-pagara-la-suma-fija-adicionando-un-10-de-aumento-a-salarios-de-septiembre\/"},"author":{"name":"Jorge Matheus","@id":"https:\/\/infoecos.com.ar\/#\/schema\/person\/8f5ace5ce73b4b4aac4b7245aee6f191"},"headline":"El gobernador Kicillof anunci\u00f3 que pagar\u00e1 la suma fija","datePublished":"2023-09-05T01:53:10+00:00","dateModified":"2023-09-06T04:42:09+00:00","mainEntityOfPage":{"@id":"https:\/\/infoecos.com.ar\/index.php\/el-gobernador-kicillof-pagara-la-suma-fija-adicionando-un-10-de-aumento-a-salarios-de-septiembre\/"},"wordCount":275,"publisher":{"@id":"https:\/\/infoecos.com.ar\/#organization"},"image":{"@id":"https:\/\/infoecos.com.ar\/index.php\/el-gobernador-kicillof-pagara-la-suma-fija-adicionando-un-10-de-aumento-a-salarios-de-septiembre\/#primaryimage"},"thumbnailUrl":"https:\/\/infoecos.com.ar\/wp-content\/uploads\/2023\/09\/20230904182715_177A73742-scaled.jpg","keywords":["ACUERDO CON LOS GREMIOS"],"articleSection":["Bloque inferior - 4"],"inLanguage":"es"},{"@type":"WebPage","@id":"https:\/\/infoecos.com.ar\/index.php\/el-gobernador-kicillof-pagara-la-suma-fija-adicionando-un-10-de-aumento-a-salarios-de-septiembre\/","url":"https:\/\/infoecos.com.ar\/index.php\/el-gobernador-kicillof-pagara-la-suma-fija-adicionando-un-10-de-aumento-a-salarios-de-septiembre\/","name":"El gobernador Kicillof anunci\u00f3 que pagar\u00e1 la suma fija - Infoecos","isPartOf":{"@id":"https:\/\/infoecos.com.ar\/#website"},"primaryImageOfPage":{"@id":"https:\/\/infoecos.com.ar\/index.php\/el-gobernador-kicillof-pagara-la-suma-fija-adicionando-un-10-de-aumento-a-salarios-de-septiembre\/#primaryimage"},"image":{"@id":"https:\/\/infoecos.com.ar\/index.php\/el-gobernador-kicillof-pagara-la-suma-fija-adicionando-un-10-de-aumento-a-salarios-de-septiembre\/#primaryimage"},"thumbnailUrl":"https:\/\/infoecos.com.ar\/wp-content\/uploads\/2023\/09\/20230904182715_177A73742-scaled.jpg","datePublished":"2023-09-05T01:53:10+00:00","dateModified":"2023-09-06T04:42:09+00:00","breadcrumb":{"@id":"https:\/\/infoecos.com.ar\/index.php\/el-gobernador-kicillof-pagara-la-suma-fija-adicionando-un-10-de-aumento-a-salarios-de-septiembre\/#breadcrumb"},"inLanguage":"es","potentialAction":[{"@type":"ReadAction","target":["https:\/\/infoecos.com.ar\/index.php\/el-gobernador-kicillof-pagara-la-suma-fija-adicionando-un-10-de-aumento-a-salarios-de-septiembre\/"]}]},{"@type":"ImageObject","inLanguage":"es","@id":"https:\/\/infoecos.com.ar\/index.php\/el-gobernador-kicillof-pagara-la-suma-fija-adicionando-un-10-de-aumento-a-salarios-de-septiembre\/#primaryimage","url":"https:\/\/infoecos.com.ar\/wp-content\/uploads\/2023\/09\/20230904182715_177A73742-scaled.jpg","contentUrl":"https:\/\/infoecos.com.ar\/wp-content\/uploads\/2023\/09\/20230904182715_177A73742-scaled.jpg","width":2560,"height":1706},{"@type":"BreadcrumbList","@id":"https:\/\/infoecos.com.ar\/index.php\/el-gobernador-kicillof-pagara-la-suma-fija-adicionando-un-10-de-aumento-a-salarios-de-septiembre\/#breadcrumb","itemListElement":[{"@type":"ListItem","position":1,"name":"Portada","item":"https:\/\/infoecos.com.ar\/"},{"@type":"ListItem","position":2,"name":"El gobernador Kicillof anunci\u00f3 que pagar\u00e1 la suma fija"}]},{"@type":"WebSite","@id":"https:\/\/infoecos.com.ar\/#website","url":"https:\/\/infoecos.com.ar\/","name":"Infoecos","description":"Noticias de trenque lauquen y la zona","publisher":{"@id":"https:\/\/infoecos.com.ar\/#organization"},"alternateName":"Noticias","potentialAction":[{"@type":"SearchAction","target":{"@type":"EntryPoint","urlTemplate":"https:\/\/infoecos.com.ar\/?s={search_term_string}"},"query-input":{"@type":"PropertyValueSpecification","valueRequired":true,"valueName":"search_term_string"}}],"inLanguage":"es"},{"@type":"Organization","@id":"https:\/\/infoecos.com.ar\/#organization","name":"Infoecos","alternateName":"Noticias","url":"https:\/\/infoecos.com.ar\/","logo":{"@type":"ImageObject","inLanguage":"es","@id":"https:\/\/infoecos.com.ar\/#\/schema\/logo\/image\/","url":"https:\/\/infoecos.com.ar\/wp-content\/uploads\/2024\/03\/cropped-logo.png","contentUrl":"https:\/\/infoecos.com.ar\/wp-content\/uploads\/2024\/03\/cropped-logo.png","width":374,"height":90,"caption":"Infoecos"},"image":{"@id":"https:\/\/infoecos.com.ar\/#\/schema\/logo\/image\/"},"sameAs":["https:\/\/www.facebook.com\/profile.php?id=100063200290284","https:\/\/x.com\/infoecos"]},{"@type":"Person","@id":"https:\/\/infoecos.com.ar\/#\/schema\/person\/8f5ace5ce73b4b4aac4b7245aee6f191","name":"Jorge Matheus","url":"https:\/\/infoecos.com.ar\/index.php\/author\/jomatheus\/"}]}},"featured_image_urls":{"full":["https:\/\/infoecos.com.ar\/wp-content\/uploads\/2023\/09\/20230904182715_177A73742-scaled.jpg",2560,1706,false],"thumbnail":["https:\/\/infoecos.com.ar\/wp-content\/uploads\/2023\/09\/20230904182715_177A73742-300x150.jpg",300,150,true],"medium":["https:\/\/infoecos.com.ar\/wp-content\/uploads\/2023\/09\/20230904182715_177A73742-800x533.jpg",800,533,true],"medium_large":["https:\/\/infoecos.com.ar\/wp-content\/uploads\/2023\/09\/20230904182715_177A73742-768x512.jpg",640,427,true],"large":["https:\/\/infoecos.com.ar\/wp-content\/uploads\/2023\/09\/20230904182715_177A73742-1600x1066.jpg",640,426,true],"1536x1536":["https:\/\/infoecos.com.ar\/wp-content\/uploads\/2023\/09\/20230904182715_177A73742-1536x1024.jpg",1536,1024,true],"2048x2048":["https:\/\/infoecos.com.ar\/wp-content\/uploads\/2023\/09\/20230904182715_177A73742-2048x1365.jpg",2048,1365,true],"covernews-slider-full":["https:\/\/infoecos.com.ar\/wp-content\/uploads\/2023\/09\/20230904182715_177A73742-1536x1020.jpg",1077,715,true],"covernews-slider-center":["https:\/\/infoecos.com.ar\/wp-content\/uploads\/2023\/09\/20230904182715_177A73742-936x897.jpg",522,500,true],"covernews-featured":["https:\/\/infoecos.com.ar\/wp-content\/uploads\/2023\/09\/20230904182715_177A73742-1024x683.jpg",1024,683,true],"covernews-medium":["https:\/\/infoecos.com.ar\/wp-content\/uploads\/2023\/09\/20230904182715_177A73742-720x380.jpg",540,285,true],"covernews-medium-square":["https:\/\/infoecos.com.ar\/wp-content\/uploads\/2023\/09\/20230904182715_177A73742-675x450.jpg",375,250,true]},"author_info":{"info":["Jorge Matheus"]},"category_info":"<a href=\"https:\/\/infoecos.com.ar\/index.php\/category\/inferior4\/\" rel=\"category tag\">Bloque inferior - 4<\/a>","tag_info":"Bloque inferior - 4","comment_count":"0","_links":{"self":[{"href":"https:\/\/infoecos.com.ar\/index.php\/wp-json\/wp\/v2\/posts\/111415"}],"collection":[{"href":"https:\/\/infoecos.com.ar\/index.php\/wp-json\/wp\/v2\/posts"}],"about":[{"href":"https:\/\/infoecos.com.ar\/index.php\/wp-json\/wp\/v2\/types\/post"}],"author":[{"embeddable":true,"href":"https:\/\/infoecos.com.ar\/index.php\/wp-json\/wp\/v2\/users\/2"}],"replies":[{"embeddable":true,"href":"https:\/\/infoecos.com.ar\/index.php\/wp-json\/wp\/v2\/comments?post=111415"}],"version-history":[{"count":4,"href":"https:\/\/infoecos.com.ar\/index.php\/wp-json\/wp\/v2\/posts\/111415\/revisions"}],"predecessor-version":[{"id":111426,"href":"https:\/\/infoecos.com.ar\/index.php\/wp-json\/wp\/v2\/posts\/111415\/revisions\/111426"}],"wp:featuredmedia":[{"embeddable":true,"href":"https:\/\/infoecos.com.ar\/index.php\/wp-json\/wp\/v2\/media\/111418"}],"wp:attachment":[{"href":"https:\/\/infoecos.com.ar\/index.php\/wp-json\/wp\/v2\/media?parent=111415"}],"wp:term":[{"taxonomy":"category","embeddable":true,"href":"https:\/\/infoecos.com.ar\/index.php\/wp-json\/wp\/v2\/categories?post=111415"},{"taxonomy":"post_tag","embeddable":true,"href":"https:\/\/infoecos.com.ar\/index.php\/wp-json\/wp\/v2\/tags?post=111415"}],"curies":[{"name":"wp","href":"https:\/\/api.w.org\/{rel}","templated":true}]}}