{"id":111559,"date":"2023-09-05T23:58:09","date_gmt":"2023-09-06T02:58:09","guid":{"rendered":"https:\/\/infoecos.com.ar\/?p=111559"},"modified":"2023-09-09T04:51:49","modified_gmt":"2023-09-09T07:51:49","slug":"en-algunas-zonas-generan-expectativas-positivas-las-ultimas-lluvias","status":"publish","type":"post","link":"https:\/\/infoecos.com.ar\/index.php\/en-algunas-zonas-generan-expectativas-positivas-las-ultimas-lluvias\/","title":{"rendered":"En algunas zonas generan expectativas positivas las \u00faltimas lluvias"},"content":{"rendered":"\n<p>Las \u00faltimas lluvias sobre el este y sur del \u00e1rea agr\u00edcola provocan un mayor optimismo en el sector, habida cuenta del momento especial que transita el desarrollo de los granos.<\/p>\n\n\n\n<p>Por ejemplo, en el caso del girasol se marc\u00f3 un progreso intersemanal de 0,6 puntos porcentuales, cubriendo a esta semana el 4,1 % de las 1,95 millones de hect\u00e1reas proyectadas para el ciclo en curso; esto es, algo m\u00e1s de 80.000 hect\u00e1reas.<\/p>\n\n\n\n<p>A esta semana se mantiene una demora interanual de \u20146,2 p.p. debido al escaso avance sobre el centro-norte del pa\u00eds como consecuencia de la concentraci\u00f3n de las lluvias sobre el extremo opuesto del \u00e1rea agr\u00edcola al que avanzan las labores.<\/p>\n\n\n\n<p>As\u00ed aparece en el Panorama Agr\u00edcola Semanal del Departamento de Estimaciones de la Bolsa de Cereales de Buenos Aires.<\/p>\n\n\n\n<p>Sin embargo, en el caso del trigo las lluvias impactaron directamente en la condici\u00f3n h\u00eddrica y de cultivo de los n\u00facleos del sur del \u00e1rea agr\u00edcola, mejorando en 3,5 puntos porcentuales.<\/p>\n\n\n\n<p>Sin embargo, los aportes escasos&nbsp;\u2014a nulos\u2014&nbsp;sobre el centro y norte del \u00e1rea agr\u00edcola contin\u00faan afectando la condici\u00f3n del cereal que, en estas regiones, ya transita entre macollaje y principios de floraci\u00f3n, con plantas de bajo porte y adelantadas en desarrollo por altas temperaturas que ya comienzan a resignar potencial de rendimiento.<\/p>\n\n\n\n<figure class=\"wp-block-image size-full\"><img loading=\"lazy\" decoding=\"async\" width=\"807\" height=\"454\" src=\"https:\/\/infoecos.com.ar\/wp-content\/uploads\/2023\/09\/image-25.png\" alt=\"\" class=\"wp-image-111560\" srcset=\"https:\/\/infoecos.com.ar\/wp-content\/uploads\/2023\/09\/image-25.png 807w, https:\/\/infoecos.com.ar\/wp-content\/uploads\/2023\/09\/image-25-800x450.png 800w, https:\/\/infoecos.com.ar\/wp-content\/uploads\/2023\/09\/image-25-768x432.png 768w\" sizes=\"(max-width: 807px) 100vw, 807px\" \/><\/figure>\n\n\n\n<p>En el caso de la cebada, lluvias sectorizadas sobre el sur y este del pa\u00eds han mejorado la oferta h\u00eddrica de los cuadros implantados.<\/p>\n\n\n\n<p>A su vez, sobre la franja oeste, la escasa oferta de humedad podr\u00eda comprometer el rendimiento potencial de los cuadros incorporados en la primera etapa de la ventana de siembra.<\/p>\n\n\n\n<p>Sobre ambos n\u00facleos, una parte de los cuadros implantados han iniciado la etapa de enca\u00f1az\u00f3n. A nivel nacional, gran parte de las 1.250.000 hect\u00e1reas implantadas se encuentran en pleno macollaje.<\/p>\n\n\n\n<p>El detalle para cada uno de los cultivos es el siguiente:<\/p>\n\n\n\n<h3 class=\"wp-block-heading\">En girasol<\/h3>\n\n\n\n<p>Las lluvias ocurridas durante los \u00faltimos siete d\u00edas aportaron un volumen variable de mil\u00edmetros sobre el \u00e1rea agr\u00edcola.<\/p>\n\n\n\n<p>Mientras que el grueso de las precipitaciones se concentr\u00f3 sobre el sur y el este, mejorando las reservas del perfil, sobre el centro-norte y oeste del pa\u00eds fueron escasas a nulas, perpetuando el estado de d\u00e9ficit h\u00eddrico de la regi\u00f3n.<\/p>\n\n\n\n<p>Esto contin\u00faa \u2014seg\u00fan la Bolsa de Cereales\u2014 demorando el progreso de las labores que, en la \u00faltima semana, fueron de 0,6 puntos porcentuales, cubriendo el 4,1 % del \u00e1rea proyectada en 1.950.000 hect\u00e1reas para la campa\u00f1a 2023\/24.<\/p>\n\n\n\n<p>El escaso aporte de lluvias sobre la regi\u00f3n NEA comenz\u00f3 a desincentivar la intenci\u00f3n de siembra en esta regi\u00f3n.<\/p>\n\n\n\n<p>El progreso intersemanal de las labores fue de 3,9 puntos porcentuales en lotes bajo esquemas de siembra convencional, reflejando una demora interanual de \u201444,4 puntos porcentuales.<\/p>\n\n\n\n<p>Similar es la situaci\u00f3n en el centro-norte de Santa Fe, donde el progreso intersemanal de siembra fue de 0,8 p.p., manifestando una demora en comparaci\u00f3n a igual semana del ciclo previo de \u201414 p.p.<\/p>\n\n\n\n<p>No obstante, a pesar de la falta de humedad en el estrato superficial, los productores debaten la posibilidad de extender la ventana de siembra hasta mediados del mes de septiembre a la espera de lluvias, a fin de incorporar la mayor cantidad posible de hect\u00e1reas.<\/p>\n\n\n\n<p>Incluso, en los departamentos de Rivadavia y Belgrano, los m\u00e1s girasoleros de la provincia de Santiago del Estero, aseguran que la ventana de siembra \u00f3ptima se da durante los meses de octubre y noviembre; es decir, cuentan con m\u00e1s de un mes para el reacondicionamiento del suelo.<\/p>\n\n\n\n<h3 class=\"wp-block-heading\">En trigo<\/h3>\n\n\n\n<p>Las precipitaciones registradas en el transcurso de la \u00faltima semana se concentraron, fundamentalmente, sobre el sur y este del \u00e1rea agr\u00edcola.<\/p>\n\n\n\n<p>Si bien, a escala nacional, la condici\u00f3n h\u00eddrica \u00f3ptima aument\u00f3 3,5 puntos porcentuales, este incremento es significativamente m\u00e1s importante a nivel zona PAS para los n\u00facleos trigueros de Buenos Aires y La Pampa.<\/p>\n\n\n\n<p>Sin embargo, sobre el centro y norte del \u00e1rea agr\u00edcola, el aporte de lluvias fue de escaso a nulo. Esto ha impactado en forma negativa en la condici\u00f3n del cereal, que contin\u00faa avanzando hac\u00eda estadios fenol\u00f3gicos cr\u00edticos bajo un escenario cada vez m\u00e1s limitado \u2014seg\u00fan se indic\u00f3\u2014 en t\u00e9rminos de condiciones agroclim\u00e1ticas, lo que compromete la performance del trigo durante la definici\u00f3n del rendimiento.<\/p>\n\n\n\n<p>Sobre el centro-norte del pa\u00eds, el trigo transita entre macollaje y floraci\u00f3n, con plantas de bajo porte y color p\u00e1lido que, en muchos casos, no logran cerrar el surco.<\/p>\n\n\n\n<p>Esto se debe, no s\u00f3lo a la falta de humedad, sino tambi\u00e9n a las altas temperaturas que contin\u00faan acelerando el desarrollo del cultivo y acorta la duraci\u00f3n del ciclo.<\/p>\n\n\n\n<p>En el caso de los n\u00facleos norte y sur, si bien no se han alcanzado etapas reproductivas, se observan plantas amarillentas, de baja altura y escaso macollaje que, de no contar con lluvias en el corto plazo, podr\u00edan comenzar a resignar potencial.<\/p>\n\n\n\n<p>Mientras tanto, al sur del \u00e1rea agr\u00edcola el aporte de las lluvias se tradujo en un incremento de la condici\u00f3n h\u00eddrica de entre 2 y 7 p.p. En consecuencia, se observan mejoras en la condici\u00f3n de cultivo buena-excelente de entre 9 y 14 p.p.<\/p>\n\n\n\n<h3 class=\"wp-block-heading\">En cebada<\/h3>\n\n\n\n<p>La ocurrencia de precipitaciones contin\u00faa mejorando la humedad de los perfiles sobre el sur y este de la regi\u00f3n agr\u00edcola, al contrario de lo que sucede sobre la franja oeste, donde es necesario el aporte de nuevas lluvias para afrontar las etapas de mayor demanda h\u00eddrica del cultivo.<\/p>\n\n\n\n<p>Al mismo tiempo, el registro de algunas heladas durante los \u00faltimos quince d\u00edas sobre el centro de Buenos Aires ha tenido un leve impacto en el cultivo y se registran da\u00f1os en el \u00e1rea foliar.<\/p>\n\n\n\n<p>Mientras los cuadros m\u00e1s avanzados se sit\u00faan sobre el centro norte de las provincias de C\u00f3rdoba y Santa Fe, habiendo iniciado la etapa de enca\u00f1az\u00f3n, la ausencia de precipitaciones empieza a limitar la humedad en el perfil, comprometiendo los rendimientos potenciales.<\/p>\n\n\n\n<p>Asimismo, sobre el norte de La Pampa-oeste de Buenos Aires la restricci\u00f3n h\u00eddrica compromete el desarrollo del cultivo, que se encuentra desde pleno macollaje hasta inicios de enca\u00f1az\u00f3n, pero sin comprometer su sanidad.<\/p>\n\n\n\n<p>Sobre ambos n\u00facleos, donde las precipitaciones se han concentrado sobre la franja este y permitieron mejorar la humedad en el perfil, algunos cuadros han iniciado la etapa de enca\u00f1az\u00f3n. A su vez, se realizaron los controles correspondientes para enfermedades f\u00fangicas.<\/p>\n\n\n\n<p>Sobre el sur de la regi\u00f3n agr\u00edcola, donde se concentra el 71 % del \u00e1rea sembrada, la humedad almacenada en los perfiles refleja una \u00f3ptima condici\u00f3n de los lotes implantados.<\/p>\n\n\n\n<p>En este contexto, una extensa porci\u00f3n de los cuadros se encuentra entre expansi\u00f3n foliar y macollaje.<\/p>\n\n\n\n<p>Incluso, se han registrado eventos de heladas en los \u00faltimos quince d\u00edas sobre el centro de la provincia de Buenos Aires que, si bien no comprometen al cultivo en etapas vegetativas tempranas, han provocado leves da\u00f1os sobre el \u00e1rea foliar.<\/p>\n\n\n\n<h2 class=\"wp-block-heading\">\u00bfC\u00f3mo transita la cosecha de&nbsp;ma\u00edz?<\/h2>\n\n\n\n<p>Durante la \u00faltima semana de este agosto, la cosecha de&nbsp;ma\u00edz grano comercial mantuvo buen ritmo en el pa\u00eds, a tal punto que dieron por finalizadas las labores de recolecci\u00f3n del cereal de verano en el NEA, en el centro-norte de C\u00f3rdoba, n\u00facleo norte y San Luis, de acuerdo con el PAS del Departamento de Estimaciones Agr\u00edcolas de la Bolsa de Cereales de Buenos Aires.<\/p>\n\n\n\n<p>A esta semana, luego de un progreso intersemanal de 6,7 puntos porcentuales, se logr\u00f3 cosechar el 96,9 % del total de&nbsp;ma\u00edz estimado a nivel nacional para la campa\u00f1a 2022\/23.<\/p>\n\n\n\n<p>Esto significa un retraso respecto del promedio de las \u00faltimas cinco campa\u00f1as de 2,4 p.p.<\/p>\n\n\n\n<p>El rendimiento medio se estima en torno a los 50,5 quintales por hect\u00e1rea.<\/p>\n\n\n\n<figure class=\"wp-block-image size-full\"><img loading=\"lazy\" decoding=\"async\" width=\"807\" height=\"454\" src=\"https:\/\/infoecos.com.ar\/wp-content\/uploads\/2023\/09\/image-26.png\" alt=\"\" class=\"wp-image-111561\" srcset=\"https:\/\/infoecos.com.ar\/wp-content\/uploads\/2023\/09\/image-26.png 807w, https:\/\/infoecos.com.ar\/wp-content\/uploads\/2023\/09\/image-26-800x450.png 800w, https:\/\/infoecos.com.ar\/wp-content\/uploads\/2023\/09\/image-26-768x432.png 768w\" sizes=\"(max-width: 807px) 100vw, 807px\" \/><\/figure>\n\n\n\n<p>En este contexto, se mantiene la proyecci\u00f3n de producci\u00f3n de la entidad en 34 millones de toneladas, unas 18 M\/T menos respecto de la campa\u00f1a anterior.<\/p>\n\n\n\n<p>Luego de haberse cosechado unas 400.000 hect\u00e1reas durante la \u00faltima semana a nivel pa\u00eds, se dio por finalizada la cosecha \u2014sobre el NEA\u2014 con una producci\u00f3n acumulada de 4,4 millones de toneladas y un rinde medio de 55 quintales por hect\u00e1rea.<\/p>\n\n\n\n<p>Las siembras tard\u00edas hacia los meses de enero y \u2014principios\u2014 de febrero fueron los planteos que lograron mejores resultados.<\/p>\n\n\n\n<p>Asimismo, sobre el centro-norte de C\u00f3rdoba y en el n\u00facleo norte la recolecci\u00f3n de los planteos tard\u00edos y de segunda finaliz\u00f3 con un rinde medio de 47,6 y 42,8 quintales por hect\u00e1rea, respectivamente.<\/p>\n\n\n\n<p>Tambi\u00e9n culmin\u00f3 la cosecha en la provincia de San Luis. All\u00ed, la producci\u00f3n total fue de 1,2 millones de toneladas con un rendimiento promedio de 37,9 quintales por hect\u00e1rea.<\/p>\n\n\n\n<p>A la vez que se cosechan los \u00faltimos cuadros de la campa\u00f1a 2022\/23, hacia el centro-este del \u00e1rea agr\u00edcola se comenzaron a relevar los primeros lotes sembrados para la campa\u00f1a 2023\/24 luego de las lluvias ocurridas d\u00edas atr\u00e1s.<\/p>\n\n\n\n<p>Los mayores retrasos en la cosecha se observan en el sudeste de la provincia de Buenos Aires, donde las condiciones ambientales dificultan el avance de las cosechadoras. De todos modos, se reportan rendimientos en torno a los 80 quintales por hect\u00e1rea durante las \u00faltimas semanas.<\/p>\n","protected":false},"excerpt":{"rendered":"<p>En girasol hay demoras, aunque en trigo y en cebada los aportes h\u00eddricos en n\u00facleos trigueros del sur del \u00e1rea nacional generan expectativas interesantes<\/p>\n","protected":false},"author":2,"featured_media":111562,"comment_status":"closed","ping_status":"open","sticky":false,"template":"","format":"standard","meta":{"footnotes":""},"categories":[1334],"tags":[9017],"class_list":["post-111559","post","type-post","status-publish","format-standard","has-post-thumbnail","hentry","category-inferior14","tag-informe-de-la-bolsa-de-cereales-bs-as"],"yoast_head":"<!-- This site is optimized with the Yoast SEO plugin v23.4 - https:\/\/yoast.com\/wordpress\/plugins\/seo\/ -->\n<title>En algunas zonas generan expectativas positivas las \u00faltimas lluvias - Infoecos<\/title>\n<meta name=\"robots\" content=\"index, follow, max-snippet:-1, max-image-preview:large, max-video-preview:-1\" \/>\n<link rel=\"canonical\" href=\"https:\/\/infoecos.com.ar\/index.php\/en-algunas-zonas-generan-expectativas-positivas-las-ultimas-lluvias\/\" \/>\n<meta property=\"og:locale\" content=\"es_ES\" \/>\n<meta property=\"og:type\" content=\"article\" \/>\n<meta property=\"og:title\" content=\"En algunas zonas generan expectativas positivas las \u00faltimas lluvias - Infoecos\" \/>\n<meta property=\"og:description\" content=\"En girasol hay demoras, aunque en trigo y en cebada los aportes h\u00eddricos en n\u00facleos trigueros del sur del \u00e1rea nacional generan expectativas interesantes\" \/>\n<meta property=\"og:url\" content=\"https:\/\/infoecos.com.ar\/index.php\/en-algunas-zonas-generan-expectativas-positivas-las-ultimas-lluvias\/\" \/>\n<meta property=\"og:site_name\" content=\"Infoecos\" \/>\n<meta property=\"article:publisher\" content=\"https:\/\/www.facebook.com\/profile.php?id=100063200290284\" \/>\n<meta property=\"article:published_time\" content=\"2023-09-06T02:58:09+00:00\" \/>\n<meta property=\"article:modified_time\" content=\"2023-09-09T07:51:49+00:00\" \/>\n<meta property=\"og:image\" content=\"https:\/\/infoecos.com.ar\/wp-content\/uploads\/2023\/09\/trigoycebada.jpg\" \/>\n\t<meta property=\"og:image:width\" content=\"807\" \/>\n\t<meta property=\"og:image:height\" content=\"524\" \/>\n\t<meta property=\"og:image:type\" content=\"image\/jpeg\" \/>\n<meta name=\"author\" content=\"Jorge Matheus\" \/>\n<meta name=\"twitter:card\" content=\"summary_large_image\" \/>\n<meta name=\"twitter:creator\" content=\"@infoecos\" \/>\n<meta name=\"twitter:site\" content=\"@infoecos\" \/>\n<meta name=\"twitter:label1\" content=\"Escrito por\" \/>\n\t<meta name=\"twitter:data1\" content=\"Jorge Matheus\" \/>\n\t<meta name=\"twitter:label2\" content=\"Tiempo de lectura\" \/>\n\t<meta name=\"twitter:data2\" content=\"8 minutos\" \/>\n<script type=\"application\/ld+json\" class=\"yoast-schema-graph\">{\"@context\":\"https:\/\/schema.org\",\"@graph\":[{\"@type\":\"Article\",\"@id\":\"https:\/\/infoecos.com.ar\/index.php\/en-algunas-zonas-generan-expectativas-positivas-las-ultimas-lluvias\/#article\",\"isPartOf\":{\"@id\":\"https:\/\/infoecos.com.ar\/index.php\/en-algunas-zonas-generan-expectativas-positivas-las-ultimas-lluvias\/\"},\"author\":{\"name\":\"Jorge Matheus\",\"@id\":\"https:\/\/infoecos.com.ar\/#\/schema\/person\/8f5ace5ce73b4b4aac4b7245aee6f191\"},\"headline\":\"En algunas zonas generan expectativas positivas las \u00faltimas lluvias\",\"datePublished\":\"2023-09-06T02:58:09+00:00\",\"dateModified\":\"2023-09-09T07:51:49+00:00\",\"mainEntityOfPage\":{\"@id\":\"https:\/\/infoecos.com.ar\/index.php\/en-algunas-zonas-generan-expectativas-positivas-las-ultimas-lluvias\/\"},\"wordCount\":1597,\"publisher\":{\"@id\":\"https:\/\/infoecos.com.ar\/#organization\"},\"image\":{\"@id\":\"https:\/\/infoecos.com.ar\/index.php\/en-algunas-zonas-generan-expectativas-positivas-las-ultimas-lluvias\/#primaryimage\"},\"thumbnailUrl\":\"https:\/\/infoecos.com.ar\/wp-content\/uploads\/2023\/09\/trigoycebada.jpg\",\"keywords\":[\"Informe de la Bolsa de Cereales Bs.As\"],\"articleSection\":[\"Bloque inferior - 14\"],\"inLanguage\":\"es\"},{\"@type\":\"WebPage\",\"@id\":\"https:\/\/infoecos.com.ar\/index.php\/en-algunas-zonas-generan-expectativas-positivas-las-ultimas-lluvias\/\",\"url\":\"https:\/\/infoecos.com.ar\/index.php\/en-algunas-zonas-generan-expectativas-positivas-las-ultimas-lluvias\/\",\"name\":\"En algunas zonas generan expectativas positivas las \u00faltimas lluvias - Infoecos\",\"isPartOf\":{\"@id\":\"https:\/\/infoecos.com.ar\/#website\"},\"primaryImageOfPage\":{\"@id\":\"https:\/\/infoecos.com.ar\/index.php\/en-algunas-zonas-generan-expectativas-positivas-las-ultimas-lluvias\/#primaryimage\"},\"image\":{\"@id\":\"https:\/\/infoecos.com.ar\/index.php\/en-algunas-zonas-generan-expectativas-positivas-las-ultimas-lluvias\/#primaryimage\"},\"thumbnailUrl\":\"https:\/\/infoecos.com.ar\/wp-content\/uploads\/2023\/09\/trigoycebada.jpg\",\"datePublished\":\"2023-09-06T02:58:09+00:00\",\"dateModified\":\"2023-09-09T07:51:49+00:00\",\"breadcrumb\":{\"@id\":\"https:\/\/infoecos.com.ar\/index.php\/en-algunas-zonas-generan-expectativas-positivas-las-ultimas-lluvias\/#breadcrumb\"},\"inLanguage\":\"es\",\"potentialAction\":[{\"@type\":\"ReadAction\",\"target\":[\"https:\/\/infoecos.com.ar\/index.php\/en-algunas-zonas-generan-expectativas-positivas-las-ultimas-lluvias\/\"]}]},{\"@type\":\"ImageObject\",\"inLanguage\":\"es\",\"@id\":\"https:\/\/infoecos.com.ar\/index.php\/en-algunas-zonas-generan-expectativas-positivas-las-ultimas-lluvias\/#primaryimage\",\"url\":\"https:\/\/infoecos.com.ar\/wp-content\/uploads\/2023\/09\/trigoycebada.jpg\",\"contentUrl\":\"https:\/\/infoecos.com.ar\/wp-content\/uploads\/2023\/09\/trigoycebada.jpg\",\"width\":807,\"height\":524},{\"@type\":\"BreadcrumbList\",\"@id\":\"https:\/\/infoecos.com.ar\/index.php\/en-algunas-zonas-generan-expectativas-positivas-las-ultimas-lluvias\/#breadcrumb\",\"itemListElement\":[{\"@type\":\"ListItem\",\"position\":1,\"name\":\"Portada\",\"item\":\"https:\/\/infoecos.com.ar\/\"},{\"@type\":\"ListItem\",\"position\":2,\"name\":\"En algunas zonas generan expectativas positivas las \u00faltimas lluvias\"}]},{\"@type\":\"WebSite\",\"@id\":\"https:\/\/infoecos.com.ar\/#website\",\"url\":\"https:\/\/infoecos.com.ar\/\",\"name\":\"Infoecos\",\"description\":\"Noticias de trenque lauquen y la zona\",\"publisher\":{\"@id\":\"https:\/\/infoecos.com.ar\/#organization\"},\"alternateName\":\"Noticias\",\"potentialAction\":[{\"@type\":\"SearchAction\",\"target\":{\"@type\":\"EntryPoint\",\"urlTemplate\":\"https:\/\/infoecos.com.ar\/?s={search_term_string}\"},\"query-input\":{\"@type\":\"PropertyValueSpecification\",\"valueRequired\":true,\"valueName\":\"search_term_string\"}}],\"inLanguage\":\"es\"},{\"@type\":\"Organization\",\"@id\":\"https:\/\/infoecos.com.ar\/#organization\",\"name\":\"Infoecos\",\"alternateName\":\"Noticias\",\"url\":\"https:\/\/infoecos.com.ar\/\",\"logo\":{\"@type\":\"ImageObject\",\"inLanguage\":\"es\",\"@id\":\"https:\/\/infoecos.com.ar\/#\/schema\/logo\/image\/\",\"url\":\"https:\/\/infoecos.com.ar\/wp-content\/uploads\/2024\/03\/cropped-logo.png\",\"contentUrl\":\"https:\/\/infoecos.com.ar\/wp-content\/uploads\/2024\/03\/cropped-logo.png\",\"width\":374,\"height\":90,\"caption\":\"Infoecos\"},\"image\":{\"@id\":\"https:\/\/infoecos.com.ar\/#\/schema\/logo\/image\/\"},\"sameAs\":[\"https:\/\/www.facebook.com\/profile.php?id=100063200290284\",\"https:\/\/x.com\/infoecos\"]},{\"@type\":\"Person\",\"@id\":\"https:\/\/infoecos.com.ar\/#\/schema\/person\/8f5ace5ce73b4b4aac4b7245aee6f191\",\"name\":\"Jorge Matheus\",\"url\":\"https:\/\/infoecos.com.ar\/index.php\/author\/jomatheus\/\"}]}<\/script>\n<!-- \/ Yoast SEO plugin. -->","yoast_head_json":{"title":"En algunas zonas generan expectativas positivas las \u00faltimas lluvias - Infoecos","robots":{"index":"index","follow":"follow","max-snippet":"max-snippet:-1","max-image-preview":"max-image-preview:large","max-video-preview":"max-video-preview:-1"},"canonical":"https:\/\/infoecos.com.ar\/index.php\/en-algunas-zonas-generan-expectativas-positivas-las-ultimas-lluvias\/","og_locale":"es_ES","og_type":"article","og_title":"En algunas zonas generan expectativas positivas las \u00faltimas lluvias - Infoecos","og_description":"En girasol hay demoras, aunque en trigo y en cebada los aportes h\u00eddricos en n\u00facleos trigueros del sur del \u00e1rea nacional generan expectativas interesantes","og_url":"https:\/\/infoecos.com.ar\/index.php\/en-algunas-zonas-generan-expectativas-positivas-las-ultimas-lluvias\/","og_site_name":"Infoecos","article_publisher":"https:\/\/www.facebook.com\/profile.php?id=100063200290284","article_published_time":"2023-09-06T02:58:09+00:00","article_modified_time":"2023-09-09T07:51:49+00:00","og_image":[{"width":807,"height":524,"url":"https:\/\/infoecos.com.ar\/wp-content\/uploads\/2023\/09\/trigoycebada.jpg","type":"image\/jpeg"}],"author":"Jorge Matheus","twitter_card":"summary_large_image","twitter_creator":"@infoecos","twitter_site":"@infoecos","twitter_misc":{"Escrito por":"Jorge Matheus","Tiempo de lectura":"8 minutos"},"schema":{"@context":"https:\/\/schema.org","@graph":[{"@type":"Article","@id":"https:\/\/infoecos.com.ar\/index.php\/en-algunas-zonas-generan-expectativas-positivas-las-ultimas-lluvias\/#article","isPartOf":{"@id":"https:\/\/infoecos.com.ar\/index.php\/en-algunas-zonas-generan-expectativas-positivas-las-ultimas-lluvias\/"},"author":{"name":"Jorge Matheus","@id":"https:\/\/infoecos.com.ar\/#\/schema\/person\/8f5ace5ce73b4b4aac4b7245aee6f191"},"headline":"En algunas zonas generan expectativas positivas las \u00faltimas lluvias","datePublished":"2023-09-06T02:58:09+00:00","dateModified":"2023-09-09T07:51:49+00:00","mainEntityOfPage":{"@id":"https:\/\/infoecos.com.ar\/index.php\/en-algunas-zonas-generan-expectativas-positivas-las-ultimas-lluvias\/"},"wordCount":1597,"publisher":{"@id":"https:\/\/infoecos.com.ar\/#organization"},"image":{"@id":"https:\/\/infoecos.com.ar\/index.php\/en-algunas-zonas-generan-expectativas-positivas-las-ultimas-lluvias\/#primaryimage"},"thumbnailUrl":"https:\/\/infoecos.com.ar\/wp-content\/uploads\/2023\/09\/trigoycebada.jpg","keywords":["Informe de la Bolsa de Cereales Bs.As"],"articleSection":["Bloque inferior - 14"],"inLanguage":"es"},{"@type":"WebPage","@id":"https:\/\/infoecos.com.ar\/index.php\/en-algunas-zonas-generan-expectativas-positivas-las-ultimas-lluvias\/","url":"https:\/\/infoecos.com.ar\/index.php\/en-algunas-zonas-generan-expectativas-positivas-las-ultimas-lluvias\/","name":"En algunas zonas generan expectativas positivas las \u00faltimas lluvias - Infoecos","isPartOf":{"@id":"https:\/\/infoecos.com.ar\/#website"},"primaryImageOfPage":{"@id":"https:\/\/infoecos.com.ar\/index.php\/en-algunas-zonas-generan-expectativas-positivas-las-ultimas-lluvias\/#primaryimage"},"image":{"@id":"https:\/\/infoecos.com.ar\/index.php\/en-algunas-zonas-generan-expectativas-positivas-las-ultimas-lluvias\/#primaryimage"},"thumbnailUrl":"https:\/\/infoecos.com.ar\/wp-content\/uploads\/2023\/09\/trigoycebada.jpg","datePublished":"2023-09-06T02:58:09+00:00","dateModified":"2023-09-09T07:51:49+00:00","breadcrumb":{"@id":"https:\/\/infoecos.com.ar\/index.php\/en-algunas-zonas-generan-expectativas-positivas-las-ultimas-lluvias\/#breadcrumb"},"inLanguage":"es","potentialAction":[{"@type":"ReadAction","target":["https:\/\/infoecos.com.ar\/index.php\/en-algunas-zonas-generan-expectativas-positivas-las-ultimas-lluvias\/"]}]},{"@type":"ImageObject","inLanguage":"es","@id":"https:\/\/infoecos.com.ar\/index.php\/en-algunas-zonas-generan-expectativas-positivas-las-ultimas-lluvias\/#primaryimage","url":"https:\/\/infoecos.com.ar\/wp-content\/uploads\/2023\/09\/trigoycebada.jpg","contentUrl":"https:\/\/infoecos.com.ar\/wp-content\/uploads\/2023\/09\/trigoycebada.jpg","width":807,"height":524},{"@type":"BreadcrumbList","@id":"https:\/\/infoecos.com.ar\/index.php\/en-algunas-zonas-generan-expectativas-positivas-las-ultimas-lluvias\/#breadcrumb","itemListElement":[{"@type":"ListItem","position":1,"name":"Portada","item":"https:\/\/infoecos.com.ar\/"},{"@type":"ListItem","position":2,"name":"En algunas zonas generan expectativas positivas las \u00faltimas lluvias"}]},{"@type":"WebSite","@id":"https:\/\/infoecos.com.ar\/#website","url":"https:\/\/infoecos.com.ar\/","name":"Infoecos","description":"Noticias de trenque lauquen y la zona","publisher":{"@id":"https:\/\/infoecos.com.ar\/#organization"},"alternateName":"Noticias","potentialAction":[{"@type":"SearchAction","target":{"@type":"EntryPoint","urlTemplate":"https:\/\/infoecos.com.ar\/?s={search_term_string}"},"query-input":{"@type":"PropertyValueSpecification","valueRequired":true,"valueName":"search_term_string"}}],"inLanguage":"es"},{"@type":"Organization","@id":"https:\/\/infoecos.com.ar\/#organization","name":"Infoecos","alternateName":"Noticias","url":"https:\/\/infoecos.com.ar\/","logo":{"@type":"ImageObject","inLanguage":"es","@id":"https:\/\/infoecos.com.ar\/#\/schema\/logo\/image\/","url":"https:\/\/infoecos.com.ar\/wp-content\/uploads\/2024\/03\/cropped-logo.png","contentUrl":"https:\/\/infoecos.com.ar\/wp-content\/uploads\/2024\/03\/cropped-logo.png","width":374,"height":90,"caption":"Infoecos"},"image":{"@id":"https:\/\/infoecos.com.ar\/#\/schema\/logo\/image\/"},"sameAs":["https:\/\/www.facebook.com\/profile.php?id=100063200290284","https:\/\/x.com\/infoecos"]},{"@type":"Person","@id":"https:\/\/infoecos.com.ar\/#\/schema\/person\/8f5ace5ce73b4b4aac4b7245aee6f191","name":"Jorge Matheus","url":"https:\/\/infoecos.com.ar\/index.php\/author\/jomatheus\/"}]}},"featured_image_urls":{"full":["https:\/\/infoecos.com.ar\/wp-content\/uploads\/2023\/09\/trigoycebada.jpg",807,524,false],"thumbnail":["https:\/\/infoecos.com.ar\/wp-content\/uploads\/2023\/09\/trigoycebada-300x150.jpg",300,150,true],"medium":["https:\/\/infoecos.com.ar\/wp-content\/uploads\/2023\/09\/trigoycebada-800x519.jpg",800,519,true],"medium_large":["https:\/\/infoecos.com.ar\/wp-content\/uploads\/2023\/09\/trigoycebada-768x499.jpg",640,416,true],"large":["https:\/\/infoecos.com.ar\/wp-content\/uploads\/2023\/09\/trigoycebada.jpg",640,416,false],"1536x1536":["https:\/\/infoecos.com.ar\/wp-content\/uploads\/2023\/09\/trigoycebada.jpg",807,524,false],"2048x2048":["https:\/\/infoecos.com.ar\/wp-content\/uploads\/2023\/09\/trigoycebada.jpg",807,524,false],"covernews-slider-full":["https:\/\/infoecos.com.ar\/wp-content\/uploads\/2023\/09\/trigoycebada.jpg",807,524,false],"covernews-slider-center":["https:\/\/infoecos.com.ar\/wp-content\/uploads\/2023\/09\/trigoycebada.jpg",770,500,false],"covernews-featured":["https:\/\/infoecos.com.ar\/wp-content\/uploads\/2023\/09\/trigoycebada.jpg",807,524,false],"covernews-medium":["https:\/\/infoecos.com.ar\/wp-content\/uploads\/2023\/09\/trigoycebada-720x380.jpg",540,285,true],"covernews-medium-square":["https:\/\/infoecos.com.ar\/wp-content\/uploads\/2023\/09\/trigoycebada-675x450.jpg",375,250,true]},"author_info":{"info":["Jorge Matheus"]},"category_info":"<a href=\"https:\/\/infoecos.com.ar\/index.php\/category\/inferior14\/\" rel=\"category tag\">Bloque inferior - 14<\/a>","tag_info":"Bloque inferior - 14","comment_count":"0","_links":{"self":[{"href":"https:\/\/infoecos.com.ar\/index.php\/wp-json\/wp\/v2\/posts\/111559"}],"collection":[{"href":"https:\/\/infoecos.com.ar\/index.php\/wp-json\/wp\/v2\/posts"}],"about":[{"href":"https:\/\/infoecos.com.ar\/index.php\/wp-json\/wp\/v2\/types\/post"}],"author":[{"embeddable":true,"href":"https:\/\/infoecos.com.ar\/index.php\/wp-json\/wp\/v2\/users\/2"}],"replies":[{"embeddable":true,"href":"https:\/\/infoecos.com.ar\/index.php\/wp-json\/wp\/v2\/comments?post=111559"}],"version-history":[{"count":2,"href":"https:\/\/infoecos.com.ar\/index.php\/wp-json\/wp\/v2\/posts\/111559\/revisions"}],"predecessor-version":[{"id":111564,"href":"https:\/\/infoecos.com.ar\/index.php\/wp-json\/wp\/v2\/posts\/111559\/revisions\/111564"}],"wp:featuredmedia":[{"embeddable":true,"href":"https:\/\/infoecos.com.ar\/index.php\/wp-json\/wp\/v2\/media\/111562"}],"wp:attachment":[{"href":"https:\/\/infoecos.com.ar\/index.php\/wp-json\/wp\/v2\/media?parent=111559"}],"wp:term":[{"taxonomy":"category","embeddable":true,"href":"https:\/\/infoecos.com.ar\/index.php\/wp-json\/wp\/v2\/categories?post=111559"},{"taxonomy":"post_tag","embeddable":true,"href":"https:\/\/infoecos.com.ar\/index.php\/wp-json\/wp\/v2\/tags?post=111559"}],"curies":[{"name":"wp","href":"https:\/\/api.w.org\/{rel}","templated":true}]}}