{"id":111666,"date":"2023-09-07T22:14:55","date_gmt":"2023-09-08T01:14:55","guid":{"rendered":"https:\/\/infoecos.com.ar\/?p=111666"},"modified":"2023-09-09T04:19:38","modified_gmt":"2023-09-09T07:19:38","slug":"fernandez-la-educacion-debe-ser-publica-gratuita-y-de-calidad","status":"publish","type":"post","link":"https:\/\/infoecos.com.ar\/index.php\/fernandez-la-educacion-debe-ser-publica-gratuita-y-de-calidad\/","title":{"rendered":"Fern\u00e1ndez: \u201cla educaci\u00f3n debe ser p\u00fablica, gratuita y de calidad\u00bb"},"content":{"rendered":"\n<p>\u201cSon d\u00edas de alegr\u00eda, y todos compartimos este sentimiento de haberlo logrado, y las cosas se logran en conjunto, trabajando articuladamente\u201d, dijo el Intendente de Trenque Lauquen, Miguel Fern\u00e1ndez en el discurso que pronunci\u00f3 en Francisco Magnano.  <\/p>\n\n\n\n<figure class=\"wp-block-image alignright size-full is-resized\"><img loading=\"lazy\" decoding=\"async\" src=\"https:\/\/infoecos.com.ar\/wp-content\/uploads\/2023\/09\/Intendente-Magnano.jpg\" alt=\"\" class=\"wp-image-111667\" width=\"440\" height=\"247\" srcset=\"https:\/\/infoecos.com.ar\/wp-content\/uploads\/2023\/09\/Intendente-Magnano.jpg 1280w, https:\/\/infoecos.com.ar\/wp-content\/uploads\/2023\/09\/Intendente-Magnano-800x450.jpg 800w, https:\/\/infoecos.com.ar\/wp-content\/uploads\/2023\/09\/Intendente-Magnano-768x432.jpg 768w, https:\/\/infoecos.com.ar\/wp-content\/uploads\/2023\/09\/Intendente-Magnano-1024x576.jpg 1024w\" sizes=\"(max-width: 440px) 100vw, 440px\" \/><\/figure>\n\n\n\n<p>Se\u00f1al\u00f3 que \u201cpara que esto pase ha trabajado mucha gente, y a todos los trabajadores que participaron de la obra quiero sumar nuestro agradecimiento al director general de Cultura y Educaci\u00f3n de la provincia de Buenos Aires, Alberto Sileoni y al subsecretario de Infraestructura de la provincia, Ariel Lambezat con quien venimos trabajando codo a codo desde hace 4 a\u00f1os y nos ha facilitado poder llegar m\u00e1s lejos todav\u00eda sumando una enorme cantidad de obras, todas ejecutadas por administraci\u00f3n municipal\u201d.<\/p>\n\n\n\n<p>Fern\u00e1ndez destac\u00f3 que este tipo de obras generan \u201ctrabajo local, algo que es muy importante para la localidad porque la plata queda en el distrito, generando un c\u00edrculo virtuoso que permite resolver problemas que surgen en educaci\u00f3n, eje central de nuestra gesti\u00f3n, y siempre pensando en darle respuestas a la comunidad educativa\u201d.<\/p>\n\n\n\n<p>Adem\u00e1s, agradeci\u00f3 al equipo de Infraestructura Escolar, al delegado de Beruti, Fabio Villarreal, al Consejo Escolar, y a la UEG (Unidad Educativa de Gesti\u00f3n Distrital) porque \u201cesta obra fue priorizada en este \u00e1mbito\u201d.<\/p>\n\n\n\n<p>En este marco se\u00f1al\u00f3 que \u201ccomo siempre pasa una obra que fue presupuestada en 7 millones de pesos termin\u00f3 saliendo m\u00e1s de 14 millones, porque siempre aparecen cosas para hacer\u201d y dijo que \u201clo que nos da satisfacci\u00f3n es ponerle el pecho a las balas, trabajar juntos, resolver problemas y seguir avanzando, nosotros tenemos un pa\u00eds enorme, una provincia gigante y nosotros representamos al interior, que a veces se olvida, d\u00f3nde viven m\u00e1s de 6 millones de personas y que tiene muchos pueblos como \u00e9ste, y donde hay que invertir en una escuela rural como \u00e9sta porque de lo contrario los chicos\/as de estos lugares no tendr\u00edan donde ir a estudiar\u201d.<\/p>\n\n\n\n<figure class=\"wp-block-image alignright size-full is-resized\"><img loading=\"lazy\" decoding=\"async\" src=\"https:\/\/infoecos.com.ar\/wp-content\/uploads\/2023\/09\/Magnano-3-1.jpg\" alt=\"\" class=\"wp-image-111668\" width=\"423\" height=\"237\" srcset=\"https:\/\/infoecos.com.ar\/wp-content\/uploads\/2023\/09\/Magnano-3-1.jpg 1280w, https:\/\/infoecos.com.ar\/wp-content\/uploads\/2023\/09\/Magnano-3-1-800x450.jpg 800w, https:\/\/infoecos.com.ar\/wp-content\/uploads\/2023\/09\/Magnano-3-1-768x432.jpg 768w, https:\/\/infoecos.com.ar\/wp-content\/uploads\/2023\/09\/Magnano-3-1-1024x576.jpg 1024w\" sizes=\"(max-width: 423px) 100vw, 423px\" \/><\/figure>\n\n\n\n<p>Tambi\u00e9n, recalc\u00f3 que \u201cla educaci\u00f3n debe ser p\u00fablica, gratuita y de calidad, tiene que ser para todos, para los que viven donde vive mucha gente y para donde viven poquitos, y donde hay que poner plata no importa cu\u00e1ntos chicos\/as van, sino para qu\u00e9, y esto es para construir un pa\u00eds justo y que atienda las necesidades de todos\u201d.<\/p>\n\n\n\n<p>Sobre el final de su discurso repas\u00f3 las distintas obras realizadas por administraci\u00f3n municipal e inst\u00f3 a \u201cdisfrutar de esta obra y de todo lo que hemos hecho juntos y a continuar por este camino\u201d.<\/p>\n\n\n\n<p>&nbsp;&#8230;&#8230;&#8230;&#8230;&#8230;&#8230;&#8230;.<\/p>\n\n\n\n<p><\/p>\n","protected":false},"excerpt":{"rendered":"<p>Remarc\u00f3 que \u201ccuando uno pone dinero en Educaci\u00f3n no es gastar, es invertir\u201d<\/p>\n","protected":false},"author":2,"featured_media":111667,"comment_status":"closed","ping_status":"open","sticky":false,"template":"","format":"standard","meta":{"footnotes":""},"categories":[1614],"tags":[9037],"class_list":["post-111666","post","type-post","status-publish","format-standard","has-post-thumbnail","hentry","category-c2nota7","tag-francisco-magnano"],"yoast_head":"<!-- This site is optimized with the Yoast SEO plugin v23.4 - https:\/\/yoast.com\/wordpress\/plugins\/seo\/ -->\n<title>Fern\u00e1ndez: \u201cla educaci\u00f3n debe ser p\u00fablica, gratuita y de calidad&quot; - Infoecos<\/title>\n<meta name=\"robots\" content=\"index, follow, max-snippet:-1, max-image-preview:large, max-video-preview:-1\" \/>\n<link rel=\"canonical\" href=\"https:\/\/infoecos.com.ar\/index.php\/fernandez-la-educacion-debe-ser-publica-gratuita-y-de-calidad\/\" \/>\n<meta property=\"og:locale\" content=\"es_ES\" \/>\n<meta property=\"og:type\" content=\"article\" \/>\n<meta property=\"og:title\" content=\"Fern\u00e1ndez: \u201cla educaci\u00f3n debe ser p\u00fablica, gratuita y de calidad&quot; - Infoecos\" \/>\n<meta property=\"og:description\" content=\"Remarc\u00f3 que \u201ccuando uno pone dinero en Educaci\u00f3n no es gastar, es invertir\u201d\" \/>\n<meta property=\"og:url\" content=\"https:\/\/infoecos.com.ar\/index.php\/fernandez-la-educacion-debe-ser-publica-gratuita-y-de-calidad\/\" \/>\n<meta property=\"og:site_name\" content=\"Infoecos\" \/>\n<meta property=\"article:publisher\" content=\"https:\/\/www.facebook.com\/profile.php?id=100063200290284\" \/>\n<meta property=\"article:published_time\" content=\"2023-09-08T01:14:55+00:00\" \/>\n<meta property=\"article:modified_time\" content=\"2023-09-09T07:19:38+00:00\" \/>\n<meta property=\"og:image\" content=\"https:\/\/infoecos.com.ar\/wp-content\/uploads\/2023\/09\/Intendente-Magnano.jpg\" \/>\n\t<meta property=\"og:image:width\" content=\"1280\" \/>\n\t<meta property=\"og:image:height\" content=\"720\" \/>\n\t<meta property=\"og:image:type\" content=\"image\/jpeg\" \/>\n<meta name=\"author\" content=\"Jorge Matheus\" \/>\n<meta name=\"twitter:card\" content=\"summary_large_image\" \/>\n<meta name=\"twitter:creator\" content=\"@infoecos\" \/>\n<meta name=\"twitter:site\" content=\"@infoecos\" \/>\n<meta name=\"twitter:label1\" content=\"Escrito por\" \/>\n\t<meta name=\"twitter:data1\" content=\"Jorge Matheus\" \/>\n\t<meta name=\"twitter:label2\" content=\"Tiempo de lectura\" \/>\n\t<meta name=\"twitter:data2\" content=\"3 minutos\" \/>\n<script type=\"application\/ld+json\" class=\"yoast-schema-graph\">{\"@context\":\"https:\/\/schema.org\",\"@graph\":[{\"@type\":\"Article\",\"@id\":\"https:\/\/infoecos.com.ar\/index.php\/fernandez-la-educacion-debe-ser-publica-gratuita-y-de-calidad\/#article\",\"isPartOf\":{\"@id\":\"https:\/\/infoecos.com.ar\/index.php\/fernandez-la-educacion-debe-ser-publica-gratuita-y-de-calidad\/\"},\"author\":{\"name\":\"Jorge Matheus\",\"@id\":\"https:\/\/infoecos.com.ar\/#\/schema\/person\/8f5ace5ce73b4b4aac4b7245aee6f191\"},\"headline\":\"Fern\u00e1ndez: \u201cla educaci\u00f3n debe ser p\u00fablica, gratuita y de calidad\u00bb\",\"datePublished\":\"2023-09-08T01:14:55+00:00\",\"dateModified\":\"2023-09-09T07:19:38+00:00\",\"mainEntityOfPage\":{\"@id\":\"https:\/\/infoecos.com.ar\/index.php\/fernandez-la-educacion-debe-ser-publica-gratuita-y-de-calidad\/\"},\"wordCount\":447,\"publisher\":{\"@id\":\"https:\/\/infoecos.com.ar\/#organization\"},\"image\":{\"@id\":\"https:\/\/infoecos.com.ar\/index.php\/fernandez-la-educacion-debe-ser-publica-gratuita-y-de-calidad\/#primaryimage\"},\"thumbnailUrl\":\"https:\/\/infoecos.com.ar\/wp-content\/uploads\/2023\/09\/Intendente-Magnano.jpg\",\"keywords\":[\"francisco magnano\"],\"articleSection\":[\"C2 N7\"],\"inLanguage\":\"es\"},{\"@type\":\"WebPage\",\"@id\":\"https:\/\/infoecos.com.ar\/index.php\/fernandez-la-educacion-debe-ser-publica-gratuita-y-de-calidad\/\",\"url\":\"https:\/\/infoecos.com.ar\/index.php\/fernandez-la-educacion-debe-ser-publica-gratuita-y-de-calidad\/\",\"name\":\"Fern\u00e1ndez: \u201cla educaci\u00f3n debe ser p\u00fablica, gratuita y de calidad\\\" - Infoecos\",\"isPartOf\":{\"@id\":\"https:\/\/infoecos.com.ar\/#website\"},\"primaryImageOfPage\":{\"@id\":\"https:\/\/infoecos.com.ar\/index.php\/fernandez-la-educacion-debe-ser-publica-gratuita-y-de-calidad\/#primaryimage\"},\"image\":{\"@id\":\"https:\/\/infoecos.com.ar\/index.php\/fernandez-la-educacion-debe-ser-publica-gratuita-y-de-calidad\/#primaryimage\"},\"thumbnailUrl\":\"https:\/\/infoecos.com.ar\/wp-content\/uploads\/2023\/09\/Intendente-Magnano.jpg\",\"datePublished\":\"2023-09-08T01:14:55+00:00\",\"dateModified\":\"2023-09-09T07:19:38+00:00\",\"breadcrumb\":{\"@id\":\"https:\/\/infoecos.com.ar\/index.php\/fernandez-la-educacion-debe-ser-publica-gratuita-y-de-calidad\/#breadcrumb\"},\"inLanguage\":\"es\",\"potentialAction\":[{\"@type\":\"ReadAction\",\"target\":[\"https:\/\/infoecos.com.ar\/index.php\/fernandez-la-educacion-debe-ser-publica-gratuita-y-de-calidad\/\"]}]},{\"@type\":\"ImageObject\",\"inLanguage\":\"es\",\"@id\":\"https:\/\/infoecos.com.ar\/index.php\/fernandez-la-educacion-debe-ser-publica-gratuita-y-de-calidad\/#primaryimage\",\"url\":\"https:\/\/infoecos.com.ar\/wp-content\/uploads\/2023\/09\/Intendente-Magnano.jpg\",\"contentUrl\":\"https:\/\/infoecos.com.ar\/wp-content\/uploads\/2023\/09\/Intendente-Magnano.jpg\",\"width\":1280,\"height\":720},{\"@type\":\"BreadcrumbList\",\"@id\":\"https:\/\/infoecos.com.ar\/index.php\/fernandez-la-educacion-debe-ser-publica-gratuita-y-de-calidad\/#breadcrumb\",\"itemListElement\":[{\"@type\":\"ListItem\",\"position\":1,\"name\":\"Portada\",\"item\":\"https:\/\/infoecos.com.ar\/\"},{\"@type\":\"ListItem\",\"position\":2,\"name\":\"Fern\u00e1ndez: \u201cla educaci\u00f3n debe ser p\u00fablica, gratuita y de calidad\u00bb\"}]},{\"@type\":\"WebSite\",\"@id\":\"https:\/\/infoecos.com.ar\/#website\",\"url\":\"https:\/\/infoecos.com.ar\/\",\"name\":\"Infoecos\",\"description\":\"Noticias de trenque lauquen y la zona\",\"publisher\":{\"@id\":\"https:\/\/infoecos.com.ar\/#organization\"},\"alternateName\":\"Noticias\",\"potentialAction\":[{\"@type\":\"SearchAction\",\"target\":{\"@type\":\"EntryPoint\",\"urlTemplate\":\"https:\/\/infoecos.com.ar\/?s={search_term_string}\"},\"query-input\":{\"@type\":\"PropertyValueSpecification\",\"valueRequired\":true,\"valueName\":\"search_term_string\"}}],\"inLanguage\":\"es\"},{\"@type\":\"Organization\",\"@id\":\"https:\/\/infoecos.com.ar\/#organization\",\"name\":\"Infoecos\",\"alternateName\":\"Noticias\",\"url\":\"https:\/\/infoecos.com.ar\/\",\"logo\":{\"@type\":\"ImageObject\",\"inLanguage\":\"es\",\"@id\":\"https:\/\/infoecos.com.ar\/#\/schema\/logo\/image\/\",\"url\":\"https:\/\/infoecos.com.ar\/wp-content\/uploads\/2024\/03\/cropped-logo.png\",\"contentUrl\":\"https:\/\/infoecos.com.ar\/wp-content\/uploads\/2024\/03\/cropped-logo.png\",\"width\":374,\"height\":90,\"caption\":\"Infoecos\"},\"image\":{\"@id\":\"https:\/\/infoecos.com.ar\/#\/schema\/logo\/image\/\"},\"sameAs\":[\"https:\/\/www.facebook.com\/profile.php?id=100063200290284\",\"https:\/\/x.com\/infoecos\"]},{\"@type\":\"Person\",\"@id\":\"https:\/\/infoecos.com.ar\/#\/schema\/person\/8f5ace5ce73b4b4aac4b7245aee6f191\",\"name\":\"Jorge Matheus\",\"url\":\"https:\/\/infoecos.com.ar\/index.php\/author\/jomatheus\/\"}]}<\/script>\n<!-- \/ Yoast SEO plugin. -->","yoast_head_json":{"title":"Fern\u00e1ndez: \u201cla educaci\u00f3n debe ser p\u00fablica, gratuita y de calidad\" - Infoecos","robots":{"index":"index","follow":"follow","max-snippet":"max-snippet:-1","max-image-preview":"max-image-preview:large","max-video-preview":"max-video-preview:-1"},"canonical":"https:\/\/infoecos.com.ar\/index.php\/fernandez-la-educacion-debe-ser-publica-gratuita-y-de-calidad\/","og_locale":"es_ES","og_type":"article","og_title":"Fern\u00e1ndez: \u201cla educaci\u00f3n debe ser p\u00fablica, gratuita y de calidad\" - Infoecos","og_description":"Remarc\u00f3 que \u201ccuando uno pone dinero en Educaci\u00f3n no es gastar, es invertir\u201d","og_url":"https:\/\/infoecos.com.ar\/index.php\/fernandez-la-educacion-debe-ser-publica-gratuita-y-de-calidad\/","og_site_name":"Infoecos","article_publisher":"https:\/\/www.facebook.com\/profile.php?id=100063200290284","article_published_time":"2023-09-08T01:14:55+00:00","article_modified_time":"2023-09-09T07:19:38+00:00","og_image":[{"width":1280,"height":720,"url":"https:\/\/infoecos.com.ar\/wp-content\/uploads\/2023\/09\/Intendente-Magnano.jpg","type":"image\/jpeg"}],"author":"Jorge Matheus","twitter_card":"summary_large_image","twitter_creator":"@infoecos","twitter_site":"@infoecos","twitter_misc":{"Escrito por":"Jorge Matheus","Tiempo de lectura":"3 minutos"},"schema":{"@context":"https:\/\/schema.org","@graph":[{"@type":"Article","@id":"https:\/\/infoecos.com.ar\/index.php\/fernandez-la-educacion-debe-ser-publica-gratuita-y-de-calidad\/#article","isPartOf":{"@id":"https:\/\/infoecos.com.ar\/index.php\/fernandez-la-educacion-debe-ser-publica-gratuita-y-de-calidad\/"},"author":{"name":"Jorge Matheus","@id":"https:\/\/infoecos.com.ar\/#\/schema\/person\/8f5ace5ce73b4b4aac4b7245aee6f191"},"headline":"Fern\u00e1ndez: \u201cla educaci\u00f3n debe ser p\u00fablica, gratuita y de calidad\u00bb","datePublished":"2023-09-08T01:14:55+00:00","dateModified":"2023-09-09T07:19:38+00:00","mainEntityOfPage":{"@id":"https:\/\/infoecos.com.ar\/index.php\/fernandez-la-educacion-debe-ser-publica-gratuita-y-de-calidad\/"},"wordCount":447,"publisher":{"@id":"https:\/\/infoecos.com.ar\/#organization"},"image":{"@id":"https:\/\/infoecos.com.ar\/index.php\/fernandez-la-educacion-debe-ser-publica-gratuita-y-de-calidad\/#primaryimage"},"thumbnailUrl":"https:\/\/infoecos.com.ar\/wp-content\/uploads\/2023\/09\/Intendente-Magnano.jpg","keywords":["francisco magnano"],"articleSection":["C2 N7"],"inLanguage":"es"},{"@type":"WebPage","@id":"https:\/\/infoecos.com.ar\/index.php\/fernandez-la-educacion-debe-ser-publica-gratuita-y-de-calidad\/","url":"https:\/\/infoecos.com.ar\/index.php\/fernandez-la-educacion-debe-ser-publica-gratuita-y-de-calidad\/","name":"Fern\u00e1ndez: \u201cla educaci\u00f3n debe ser p\u00fablica, gratuita y de calidad\" - Infoecos","isPartOf":{"@id":"https:\/\/infoecos.com.ar\/#website"},"primaryImageOfPage":{"@id":"https:\/\/infoecos.com.ar\/index.php\/fernandez-la-educacion-debe-ser-publica-gratuita-y-de-calidad\/#primaryimage"},"image":{"@id":"https:\/\/infoecos.com.ar\/index.php\/fernandez-la-educacion-debe-ser-publica-gratuita-y-de-calidad\/#primaryimage"},"thumbnailUrl":"https:\/\/infoecos.com.ar\/wp-content\/uploads\/2023\/09\/Intendente-Magnano.jpg","datePublished":"2023-09-08T01:14:55+00:00","dateModified":"2023-09-09T07:19:38+00:00","breadcrumb":{"@id":"https:\/\/infoecos.com.ar\/index.php\/fernandez-la-educacion-debe-ser-publica-gratuita-y-de-calidad\/#breadcrumb"},"inLanguage":"es","potentialAction":[{"@type":"ReadAction","target":["https:\/\/infoecos.com.ar\/index.php\/fernandez-la-educacion-debe-ser-publica-gratuita-y-de-calidad\/"]}]},{"@type":"ImageObject","inLanguage":"es","@id":"https:\/\/infoecos.com.ar\/index.php\/fernandez-la-educacion-debe-ser-publica-gratuita-y-de-calidad\/#primaryimage","url":"https:\/\/infoecos.com.ar\/wp-content\/uploads\/2023\/09\/Intendente-Magnano.jpg","contentUrl":"https:\/\/infoecos.com.ar\/wp-content\/uploads\/2023\/09\/Intendente-Magnano.jpg","width":1280,"height":720},{"@type":"BreadcrumbList","@id":"https:\/\/infoecos.com.ar\/index.php\/fernandez-la-educacion-debe-ser-publica-gratuita-y-de-calidad\/#breadcrumb","itemListElement":[{"@type":"ListItem","position":1,"name":"Portada","item":"https:\/\/infoecos.com.ar\/"},{"@type":"ListItem","position":2,"name":"Fern\u00e1ndez: \u201cla educaci\u00f3n debe ser p\u00fablica, gratuita y de calidad\u00bb"}]},{"@type":"WebSite","@id":"https:\/\/infoecos.com.ar\/#website","url":"https:\/\/infoecos.com.ar\/","name":"Infoecos","description":"Noticias de trenque lauquen y la zona","publisher":{"@id":"https:\/\/infoecos.com.ar\/#organization"},"alternateName":"Noticias","potentialAction":[{"@type":"SearchAction","target":{"@type":"EntryPoint","urlTemplate":"https:\/\/infoecos.com.ar\/?s={search_term_string}"},"query-input":{"@type":"PropertyValueSpecification","valueRequired":true,"valueName":"search_term_string"}}],"inLanguage":"es"},{"@type":"Organization","@id":"https:\/\/infoecos.com.ar\/#organization","name":"Infoecos","alternateName":"Noticias","url":"https:\/\/infoecos.com.ar\/","logo":{"@type":"ImageObject","inLanguage":"es","@id":"https:\/\/infoecos.com.ar\/#\/schema\/logo\/image\/","url":"https:\/\/infoecos.com.ar\/wp-content\/uploads\/2024\/03\/cropped-logo.png","contentUrl":"https:\/\/infoecos.com.ar\/wp-content\/uploads\/2024\/03\/cropped-logo.png","width":374,"height":90,"caption":"Infoecos"},"image":{"@id":"https:\/\/infoecos.com.ar\/#\/schema\/logo\/image\/"},"sameAs":["https:\/\/www.facebook.com\/profile.php?id=100063200290284","https:\/\/x.com\/infoecos"]},{"@type":"Person","@id":"https:\/\/infoecos.com.ar\/#\/schema\/person\/8f5ace5ce73b4b4aac4b7245aee6f191","name":"Jorge Matheus","url":"https:\/\/infoecos.com.ar\/index.php\/author\/jomatheus\/"}]}},"featured_image_urls":{"full":["https:\/\/infoecos.com.ar\/wp-content\/uploads\/2023\/09\/Intendente-Magnano.jpg",1280,720,false],"thumbnail":["https:\/\/infoecos.com.ar\/wp-content\/uploads\/2023\/09\/Intendente-Magnano-300x150.jpg",300,150,true],"medium":["https:\/\/infoecos.com.ar\/wp-content\/uploads\/2023\/09\/Intendente-Magnano-800x450.jpg",800,450,true],"medium_large":["https:\/\/infoecos.com.ar\/wp-content\/uploads\/2023\/09\/Intendente-Magnano-768x432.jpg",640,360,true],"large":["https:\/\/infoecos.com.ar\/wp-content\/uploads\/2023\/09\/Intendente-Magnano.jpg",640,360,false],"1536x1536":["https:\/\/infoecos.com.ar\/wp-content\/uploads\/2023\/09\/Intendente-Magnano.jpg",1280,720,false],"2048x2048":["https:\/\/infoecos.com.ar\/wp-content\/uploads\/2023\/09\/Intendente-Magnano.jpg",1280,720,false],"covernews-slider-full":["https:\/\/infoecos.com.ar\/wp-content\/uploads\/2023\/09\/Intendente-Magnano.jpg",1115,627,false],"covernews-slider-center":["https:\/\/infoecos.com.ar\/wp-content\/uploads\/2023\/09\/Intendente-Magnano-936x720.jpg",650,500,true],"covernews-featured":["https:\/\/infoecos.com.ar\/wp-content\/uploads\/2023\/09\/Intendente-Magnano-1024x576.jpg",1024,576,true],"covernews-medium":["https:\/\/infoecos.com.ar\/wp-content\/uploads\/2023\/09\/Intendente-Magnano-720x380.jpg",540,285,true],"covernews-medium-square":["https:\/\/infoecos.com.ar\/wp-content\/uploads\/2023\/09\/Intendente-Magnano-675x450.jpg",375,250,true]},"author_info":{"info":["Jorge Matheus"]},"category_info":"<a href=\"https:\/\/infoecos.com.ar\/index.php\/category\/c2nota7\/\" rel=\"category tag\">C2 N7<\/a>","tag_info":"C2 N7","comment_count":"0","_links":{"self":[{"href":"https:\/\/infoecos.com.ar\/index.php\/wp-json\/wp\/v2\/posts\/111666"}],"collection":[{"href":"https:\/\/infoecos.com.ar\/index.php\/wp-json\/wp\/v2\/posts"}],"about":[{"href":"https:\/\/infoecos.com.ar\/index.php\/wp-json\/wp\/v2\/types\/post"}],"author":[{"embeddable":true,"href":"https:\/\/infoecos.com.ar\/index.php\/wp-json\/wp\/v2\/users\/2"}],"replies":[{"embeddable":true,"href":"https:\/\/infoecos.com.ar\/index.php\/wp-json\/wp\/v2\/comments?post=111666"}],"version-history":[{"count":2,"href":"https:\/\/infoecos.com.ar\/index.php\/wp-json\/wp\/v2\/posts\/111666\/revisions"}],"predecessor-version":[{"id":111670,"href":"https:\/\/infoecos.com.ar\/index.php\/wp-json\/wp\/v2\/posts\/111666\/revisions\/111670"}],"wp:featuredmedia":[{"embeddable":true,"href":"https:\/\/infoecos.com.ar\/index.php\/wp-json\/wp\/v2\/media\/111667"}],"wp:attachment":[{"href":"https:\/\/infoecos.com.ar\/index.php\/wp-json\/wp\/v2\/media?parent=111666"}],"wp:term":[{"taxonomy":"category","embeddable":true,"href":"https:\/\/infoecos.com.ar\/index.php\/wp-json\/wp\/v2\/categories?post=111666"},{"taxonomy":"post_tag","embeddable":true,"href":"https:\/\/infoecos.com.ar\/index.php\/wp-json\/wp\/v2\/tags?post=111666"}],"curies":[{"name":"wp","href":"https:\/\/api.w.org\/{rel}","templated":true}]}}