{"id":111674,"date":"2023-09-07T23:29:02","date_gmt":"2023-09-08T02:29:02","guid":{"rendered":"https:\/\/infoecos.com.ar\/?p=111674"},"modified":"2023-09-09T04:46:18","modified_gmt":"2023-09-09T07:46:18","slug":"argentina-comenzo-la-etapa-clasificatoria-con-el-pie-derecho-de-lionel-messi","status":"publish","type":"post","link":"https:\/\/infoecos.com.ar\/index.php\/argentina-comenzo-la-etapa-clasificatoria-con-el-pie-derecho-de-lionel-messi\/","title":{"rendered":"Argentina comenz\u00f3 la etapa clasificatoria con el  pie izquierdo de Lionel Messi"},"content":{"rendered":"\n<p>La selecci\u00f3n Argentina de f\u00fatbol, actual campeona del mundo, inici\u00f3 el jueves su camino rumbo al Mundial del 2026 con un triunfo de 1-0 gracias a un gol de tiro libre de Lionel Messi.<\/p>\n\n\n\n<p>En el partido jugado en el estadio Monumental ante 84.000 aficionados, por la primera fecha de la eliminatoria sudamericana, Messi quebr\u00f3 con su pegada perfecta un trabado empate sin goles ante un aguerrido conjunto ecuatoriano.<\/p>\n\n\n\n<figure class=\"wp-block-image aligncenter size-full is-resized\"><img loading=\"lazy\" decoding=\"async\" src=\"https:\/\/infoecos.com.ar\/wp-content\/uploads\/2023\/09\/image-28.png\" alt=\"\" class=\"wp-image-111675\" width=\"544\" height=\"338\" srcset=\"https:\/\/infoecos.com.ar\/wp-content\/uploads\/2023\/09\/image-28.png 1140w, https:\/\/infoecos.com.ar\/wp-content\/uploads\/2023\/09\/image-28-800x498.png 800w, https:\/\/infoecos.com.ar\/wp-content\/uploads\/2023\/09\/image-28-768x478.png 768w, https:\/\/infoecos.com.ar\/wp-content\/uploads\/2023\/09\/image-28-1024x637.png 1024w\" sizes=\"(max-width: 544px) 100vw, 544px\" \/><\/figure>\n\n\n\n<p>\u00abSiempre a Argentina todo el mundo le quiere ganar y m\u00e1s ahora que somos los campeones del mundo creo que a\u00fan m\u00e1s, por eso no podemos bajar, incluso tenemos que subir lo que ven\u00edamos haciendo\u00bb, dijo Messi tras el partido.<\/p>\n\n\n\n<p>\u00abEl objetivo es seguir compitiendo y volver a clasificar al Mundial. Disfrutamos much\u00edsimo lo que hicimos pero hay que mirar adelante, este grupo no se va a relajar m\u00e1s all\u00e1 de lo que logr\u00f3, que es algo hist\u00f3rico y extraordinario\u00bb, a\u00f1adi\u00f3.<\/p>\n\n\n\n<p>El seleccionado argentino, que present\u00f3 una alineaci\u00f3n muy similar a la que venci\u00f3 a Francia en la final de la Copa del Mundo de Qatar, manej\u00f3 las acciones y llev\u00f3 peligro en varias ocasiones, pero le falt\u00f3 punter\u00eda para anotar m\u00e1s goles.<\/p>\n\n\n\n<figure class=\"wp-block-embed is-type-video is-provider-youtube wp-block-embed-youtube wp-embed-aspect-16-9 wp-has-aspect-ratio\"><div class=\"wp-block-embed__wrapper\">\n<iframe loading=\"lazy\" title=\"Argentina 1-0 Ecuador | Eliminatorias Sudamericanas al Mundial 2026 - Fecha 1\" width=\"640\" height=\"360\" src=\"https:\/\/www.youtube.com\/embed\/bnV2k1UnlOg?feature=oembed\" frameborder=\"0\" allow=\"accelerometer; autoplay; clipboard-write; encrypted-media; gyroscope; picture-in-picture; web-share\" referrerpolicy=\"strict-origin-when-cross-origin\" allowfullscreen><\/iframe>\n<\/div><\/figure>\n","protected":false},"excerpt":{"rendered":"<p>En el partido jugado en el estadio Monumental ante 84.000 aficionados, por la primera fecha de la eliminatoria sudamericana, Messi quebr\u00f3 con su pegada perfecta un trabado empate sin goles ante un aguerrido conjunto ecuatoriano<\/p>\n","protected":false},"author":2,"featured_media":111675,"comment_status":"closed","ping_status":"open","sticky":false,"template":"","format":"standard","meta":{"footnotes":""},"categories":[44],"tags":[9040],"class_list":["post-111674","post","type-post","status-publish","format-standard","has-post-thumbnail","hentry","category-inferior5","tag-1-a-0-a-ecuador"],"yoast_head":"<!-- This site is optimized with the Yoast SEO plugin v23.4 - https:\/\/yoast.com\/wordpress\/plugins\/seo\/ -->\n<title>Argentina comenz\u00f3 la etapa clasificatoria con el pie izquierdo de Lionel Messi - Infoecos<\/title>\n<meta name=\"robots\" content=\"index, follow, max-snippet:-1, max-image-preview:large, max-video-preview:-1\" \/>\n<link rel=\"canonical\" href=\"https:\/\/infoecos.com.ar\/index.php\/argentina-comenzo-la-etapa-clasificatoria-con-el-pie-derecho-de-lionel-messi\/\" \/>\n<meta property=\"og:locale\" content=\"es_ES\" \/>\n<meta property=\"og:type\" content=\"article\" \/>\n<meta property=\"og:title\" content=\"Argentina comenz\u00f3 la etapa clasificatoria con el pie izquierdo de Lionel Messi - Infoecos\" \/>\n<meta property=\"og:description\" content=\"En el partido jugado en el estadio Monumental ante 84.000 aficionados, por la primera fecha de la eliminatoria sudamericana, Messi quebr\u00f3 con su pegada perfecta un trabado empate sin goles ante un aguerrido conjunto ecuatoriano\" \/>\n<meta property=\"og:url\" content=\"https:\/\/infoecos.com.ar\/index.php\/argentina-comenzo-la-etapa-clasificatoria-con-el-pie-derecho-de-lionel-messi\/\" \/>\n<meta property=\"og:site_name\" content=\"Infoecos\" \/>\n<meta property=\"article:publisher\" content=\"https:\/\/www.facebook.com\/profile.php?id=100063200290284\" \/>\n<meta property=\"article:published_time\" content=\"2023-09-08T02:29:02+00:00\" \/>\n<meta property=\"article:modified_time\" content=\"2023-09-09T07:46:18+00:00\" \/>\n<meta property=\"og:image\" content=\"https:\/\/infoecos.com.ar\/wp-content\/uploads\/2023\/09\/image-28.png\" \/>\n\t<meta property=\"og:image:width\" content=\"1140\" \/>\n\t<meta property=\"og:image:height\" content=\"709\" \/>\n\t<meta property=\"og:image:type\" content=\"image\/png\" \/>\n<meta name=\"author\" content=\"Jorge Matheus\" \/>\n<meta name=\"twitter:card\" content=\"summary_large_image\" \/>\n<meta name=\"twitter:creator\" content=\"@infoecos\" \/>\n<meta name=\"twitter:site\" content=\"@infoecos\" \/>\n<meta name=\"twitter:label1\" content=\"Escrito por\" \/>\n\t<meta name=\"twitter:data1\" content=\"Jorge Matheus\" \/>\n\t<meta name=\"twitter:label2\" content=\"Tiempo de lectura\" \/>\n\t<meta name=\"twitter:data2\" content=\"2 minutos\" \/>\n<script type=\"application\/ld+json\" class=\"yoast-schema-graph\">{\"@context\":\"https:\/\/schema.org\",\"@graph\":[{\"@type\":\"Article\",\"@id\":\"https:\/\/infoecos.com.ar\/index.php\/argentina-comenzo-la-etapa-clasificatoria-con-el-pie-derecho-de-lionel-messi\/#article\",\"isPartOf\":{\"@id\":\"https:\/\/infoecos.com.ar\/index.php\/argentina-comenzo-la-etapa-clasificatoria-con-el-pie-derecho-de-lionel-messi\/\"},\"author\":{\"name\":\"Jorge Matheus\",\"@id\":\"https:\/\/infoecos.com.ar\/#\/schema\/person\/8f5ace5ce73b4b4aac4b7245aee6f191\"},\"headline\":\"Argentina comenz\u00f3 la etapa clasificatoria con el pie izquierdo de Lionel Messi\",\"datePublished\":\"2023-09-08T02:29:02+00:00\",\"dateModified\":\"2023-09-09T07:46:18+00:00\",\"mainEntityOfPage\":{\"@id\":\"https:\/\/infoecos.com.ar\/index.php\/argentina-comenzo-la-etapa-clasificatoria-con-el-pie-derecho-de-lionel-messi\/\"},\"wordCount\":228,\"publisher\":{\"@id\":\"https:\/\/infoecos.com.ar\/#organization\"},\"image\":{\"@id\":\"https:\/\/infoecos.com.ar\/index.php\/argentina-comenzo-la-etapa-clasificatoria-con-el-pie-derecho-de-lionel-messi\/#primaryimage\"},\"thumbnailUrl\":\"https:\/\/infoecos.com.ar\/wp-content\/uploads\/2023\/09\/image-28.png\",\"keywords\":[\"1 a 0 a Ecuador\"],\"articleSection\":[\"Bloque inferior - 5\"],\"inLanguage\":\"es\"},{\"@type\":\"WebPage\",\"@id\":\"https:\/\/infoecos.com.ar\/index.php\/argentina-comenzo-la-etapa-clasificatoria-con-el-pie-derecho-de-lionel-messi\/\",\"url\":\"https:\/\/infoecos.com.ar\/index.php\/argentina-comenzo-la-etapa-clasificatoria-con-el-pie-derecho-de-lionel-messi\/\",\"name\":\"Argentina comenz\u00f3 la etapa clasificatoria con el pie izquierdo de Lionel Messi - Infoecos\",\"isPartOf\":{\"@id\":\"https:\/\/infoecos.com.ar\/#website\"},\"primaryImageOfPage\":{\"@id\":\"https:\/\/infoecos.com.ar\/index.php\/argentina-comenzo-la-etapa-clasificatoria-con-el-pie-derecho-de-lionel-messi\/#primaryimage\"},\"image\":{\"@id\":\"https:\/\/infoecos.com.ar\/index.php\/argentina-comenzo-la-etapa-clasificatoria-con-el-pie-derecho-de-lionel-messi\/#primaryimage\"},\"thumbnailUrl\":\"https:\/\/infoecos.com.ar\/wp-content\/uploads\/2023\/09\/image-28.png\",\"datePublished\":\"2023-09-08T02:29:02+00:00\",\"dateModified\":\"2023-09-09T07:46:18+00:00\",\"breadcrumb\":{\"@id\":\"https:\/\/infoecos.com.ar\/index.php\/argentina-comenzo-la-etapa-clasificatoria-con-el-pie-derecho-de-lionel-messi\/#breadcrumb\"},\"inLanguage\":\"es\",\"potentialAction\":[{\"@type\":\"ReadAction\",\"target\":[\"https:\/\/infoecos.com.ar\/index.php\/argentina-comenzo-la-etapa-clasificatoria-con-el-pie-derecho-de-lionel-messi\/\"]}]},{\"@type\":\"ImageObject\",\"inLanguage\":\"es\",\"@id\":\"https:\/\/infoecos.com.ar\/index.php\/argentina-comenzo-la-etapa-clasificatoria-con-el-pie-derecho-de-lionel-messi\/#primaryimage\",\"url\":\"https:\/\/infoecos.com.ar\/wp-content\/uploads\/2023\/09\/image-28.png\",\"contentUrl\":\"https:\/\/infoecos.com.ar\/wp-content\/uploads\/2023\/09\/image-28.png\",\"width\":1140,\"height\":709},{\"@type\":\"BreadcrumbList\",\"@id\":\"https:\/\/infoecos.com.ar\/index.php\/argentina-comenzo-la-etapa-clasificatoria-con-el-pie-derecho-de-lionel-messi\/#breadcrumb\",\"itemListElement\":[{\"@type\":\"ListItem\",\"position\":1,\"name\":\"Portada\",\"item\":\"https:\/\/infoecos.com.ar\/\"},{\"@type\":\"ListItem\",\"position\":2,\"name\":\"Argentina comenz\u00f3 la etapa clasificatoria con el pie izquierdo de Lionel Messi\"}]},{\"@type\":\"WebSite\",\"@id\":\"https:\/\/infoecos.com.ar\/#website\",\"url\":\"https:\/\/infoecos.com.ar\/\",\"name\":\"Infoecos\",\"description\":\"Noticias de trenque lauquen y la zona\",\"publisher\":{\"@id\":\"https:\/\/infoecos.com.ar\/#organization\"},\"alternateName\":\"Noticias\",\"potentialAction\":[{\"@type\":\"SearchAction\",\"target\":{\"@type\":\"EntryPoint\",\"urlTemplate\":\"https:\/\/infoecos.com.ar\/?s={search_term_string}\"},\"query-input\":{\"@type\":\"PropertyValueSpecification\",\"valueRequired\":true,\"valueName\":\"search_term_string\"}}],\"inLanguage\":\"es\"},{\"@type\":\"Organization\",\"@id\":\"https:\/\/infoecos.com.ar\/#organization\",\"name\":\"Infoecos\",\"alternateName\":\"Noticias\",\"url\":\"https:\/\/infoecos.com.ar\/\",\"logo\":{\"@type\":\"ImageObject\",\"inLanguage\":\"es\",\"@id\":\"https:\/\/infoecos.com.ar\/#\/schema\/logo\/image\/\",\"url\":\"https:\/\/infoecos.com.ar\/wp-content\/uploads\/2024\/03\/cropped-logo.png\",\"contentUrl\":\"https:\/\/infoecos.com.ar\/wp-content\/uploads\/2024\/03\/cropped-logo.png\",\"width\":374,\"height\":90,\"caption\":\"Infoecos\"},\"image\":{\"@id\":\"https:\/\/infoecos.com.ar\/#\/schema\/logo\/image\/\"},\"sameAs\":[\"https:\/\/www.facebook.com\/profile.php?id=100063200290284\",\"https:\/\/x.com\/infoecos\"]},{\"@type\":\"Person\",\"@id\":\"https:\/\/infoecos.com.ar\/#\/schema\/person\/8f5ace5ce73b4b4aac4b7245aee6f191\",\"name\":\"Jorge Matheus\",\"url\":\"https:\/\/infoecos.com.ar\/index.php\/author\/jomatheus\/\"}]}<\/script>\n<!-- \/ Yoast SEO plugin. -->","yoast_head_json":{"title":"Argentina comenz\u00f3 la etapa clasificatoria con el pie izquierdo de Lionel Messi - Infoecos","robots":{"index":"index","follow":"follow","max-snippet":"max-snippet:-1","max-image-preview":"max-image-preview:large","max-video-preview":"max-video-preview:-1"},"canonical":"https:\/\/infoecos.com.ar\/index.php\/argentina-comenzo-la-etapa-clasificatoria-con-el-pie-derecho-de-lionel-messi\/","og_locale":"es_ES","og_type":"article","og_title":"Argentina comenz\u00f3 la etapa clasificatoria con el pie izquierdo de Lionel Messi - Infoecos","og_description":"En el partido jugado en el estadio Monumental ante 84.000 aficionados, por la primera fecha de la eliminatoria sudamericana, Messi quebr\u00f3 con su pegada perfecta un trabado empate sin goles ante un aguerrido conjunto ecuatoriano","og_url":"https:\/\/infoecos.com.ar\/index.php\/argentina-comenzo-la-etapa-clasificatoria-con-el-pie-derecho-de-lionel-messi\/","og_site_name":"Infoecos","article_publisher":"https:\/\/www.facebook.com\/profile.php?id=100063200290284","article_published_time":"2023-09-08T02:29:02+00:00","article_modified_time":"2023-09-09T07:46:18+00:00","og_image":[{"width":1140,"height":709,"url":"https:\/\/infoecos.com.ar\/wp-content\/uploads\/2023\/09\/image-28.png","type":"image\/png"}],"author":"Jorge Matheus","twitter_card":"summary_large_image","twitter_creator":"@infoecos","twitter_site":"@infoecos","twitter_misc":{"Escrito por":"Jorge Matheus","Tiempo de lectura":"2 minutos"},"schema":{"@context":"https:\/\/schema.org","@graph":[{"@type":"Article","@id":"https:\/\/infoecos.com.ar\/index.php\/argentina-comenzo-la-etapa-clasificatoria-con-el-pie-derecho-de-lionel-messi\/#article","isPartOf":{"@id":"https:\/\/infoecos.com.ar\/index.php\/argentina-comenzo-la-etapa-clasificatoria-con-el-pie-derecho-de-lionel-messi\/"},"author":{"name":"Jorge Matheus","@id":"https:\/\/infoecos.com.ar\/#\/schema\/person\/8f5ace5ce73b4b4aac4b7245aee6f191"},"headline":"Argentina comenz\u00f3 la etapa clasificatoria con el pie izquierdo de Lionel Messi","datePublished":"2023-09-08T02:29:02+00:00","dateModified":"2023-09-09T07:46:18+00:00","mainEntityOfPage":{"@id":"https:\/\/infoecos.com.ar\/index.php\/argentina-comenzo-la-etapa-clasificatoria-con-el-pie-derecho-de-lionel-messi\/"},"wordCount":228,"publisher":{"@id":"https:\/\/infoecos.com.ar\/#organization"},"image":{"@id":"https:\/\/infoecos.com.ar\/index.php\/argentina-comenzo-la-etapa-clasificatoria-con-el-pie-derecho-de-lionel-messi\/#primaryimage"},"thumbnailUrl":"https:\/\/infoecos.com.ar\/wp-content\/uploads\/2023\/09\/image-28.png","keywords":["1 a 0 a Ecuador"],"articleSection":["Bloque inferior - 5"],"inLanguage":"es"},{"@type":"WebPage","@id":"https:\/\/infoecos.com.ar\/index.php\/argentina-comenzo-la-etapa-clasificatoria-con-el-pie-derecho-de-lionel-messi\/","url":"https:\/\/infoecos.com.ar\/index.php\/argentina-comenzo-la-etapa-clasificatoria-con-el-pie-derecho-de-lionel-messi\/","name":"Argentina comenz\u00f3 la etapa clasificatoria con el pie izquierdo de Lionel Messi - Infoecos","isPartOf":{"@id":"https:\/\/infoecos.com.ar\/#website"},"primaryImageOfPage":{"@id":"https:\/\/infoecos.com.ar\/index.php\/argentina-comenzo-la-etapa-clasificatoria-con-el-pie-derecho-de-lionel-messi\/#primaryimage"},"image":{"@id":"https:\/\/infoecos.com.ar\/index.php\/argentina-comenzo-la-etapa-clasificatoria-con-el-pie-derecho-de-lionel-messi\/#primaryimage"},"thumbnailUrl":"https:\/\/infoecos.com.ar\/wp-content\/uploads\/2023\/09\/image-28.png","datePublished":"2023-09-08T02:29:02+00:00","dateModified":"2023-09-09T07:46:18+00:00","breadcrumb":{"@id":"https:\/\/infoecos.com.ar\/index.php\/argentina-comenzo-la-etapa-clasificatoria-con-el-pie-derecho-de-lionel-messi\/#breadcrumb"},"inLanguage":"es","potentialAction":[{"@type":"ReadAction","target":["https:\/\/infoecos.com.ar\/index.php\/argentina-comenzo-la-etapa-clasificatoria-con-el-pie-derecho-de-lionel-messi\/"]}]},{"@type":"ImageObject","inLanguage":"es","@id":"https:\/\/infoecos.com.ar\/index.php\/argentina-comenzo-la-etapa-clasificatoria-con-el-pie-derecho-de-lionel-messi\/#primaryimage","url":"https:\/\/infoecos.com.ar\/wp-content\/uploads\/2023\/09\/image-28.png","contentUrl":"https:\/\/infoecos.com.ar\/wp-content\/uploads\/2023\/09\/image-28.png","width":1140,"height":709},{"@type":"BreadcrumbList","@id":"https:\/\/infoecos.com.ar\/index.php\/argentina-comenzo-la-etapa-clasificatoria-con-el-pie-derecho-de-lionel-messi\/#breadcrumb","itemListElement":[{"@type":"ListItem","position":1,"name":"Portada","item":"https:\/\/infoecos.com.ar\/"},{"@type":"ListItem","position":2,"name":"Argentina comenz\u00f3 la etapa clasificatoria con el pie izquierdo de Lionel Messi"}]},{"@type":"WebSite","@id":"https:\/\/infoecos.com.ar\/#website","url":"https:\/\/infoecos.com.ar\/","name":"Infoecos","description":"Noticias de trenque lauquen y la zona","publisher":{"@id":"https:\/\/infoecos.com.ar\/#organization"},"alternateName":"Noticias","potentialAction":[{"@type":"SearchAction","target":{"@type":"EntryPoint","urlTemplate":"https:\/\/infoecos.com.ar\/?s={search_term_string}"},"query-input":{"@type":"PropertyValueSpecification","valueRequired":true,"valueName":"search_term_string"}}],"inLanguage":"es"},{"@type":"Organization","@id":"https:\/\/infoecos.com.ar\/#organization","name":"Infoecos","alternateName":"Noticias","url":"https:\/\/infoecos.com.ar\/","logo":{"@type":"ImageObject","inLanguage":"es","@id":"https:\/\/infoecos.com.ar\/#\/schema\/logo\/image\/","url":"https:\/\/infoecos.com.ar\/wp-content\/uploads\/2024\/03\/cropped-logo.png","contentUrl":"https:\/\/infoecos.com.ar\/wp-content\/uploads\/2024\/03\/cropped-logo.png","width":374,"height":90,"caption":"Infoecos"},"image":{"@id":"https:\/\/infoecos.com.ar\/#\/schema\/logo\/image\/"},"sameAs":["https:\/\/www.facebook.com\/profile.php?id=100063200290284","https:\/\/x.com\/infoecos"]},{"@type":"Person","@id":"https:\/\/infoecos.com.ar\/#\/schema\/person\/8f5ace5ce73b4b4aac4b7245aee6f191","name":"Jorge Matheus","url":"https:\/\/infoecos.com.ar\/index.php\/author\/jomatheus\/"}]}},"featured_image_urls":{"full":["https:\/\/infoecos.com.ar\/wp-content\/uploads\/2023\/09\/image-28.png",1140,709,false],"thumbnail":["https:\/\/infoecos.com.ar\/wp-content\/uploads\/2023\/09\/image-28-300x150.png",300,150,true],"medium":["https:\/\/infoecos.com.ar\/wp-content\/uploads\/2023\/09\/image-28-800x498.png",800,498,true],"medium_large":["https:\/\/infoecos.com.ar\/wp-content\/uploads\/2023\/09\/image-28-768x478.png",640,398,true],"large":["https:\/\/infoecos.com.ar\/wp-content\/uploads\/2023\/09\/image-28.png",640,398,false],"1536x1536":["https:\/\/infoecos.com.ar\/wp-content\/uploads\/2023\/09\/image-28.png",1140,709,false],"2048x2048":["https:\/\/infoecos.com.ar\/wp-content\/uploads\/2023\/09\/image-28.png",1140,709,false],"covernews-slider-full":["https:\/\/infoecos.com.ar\/wp-content\/uploads\/2023\/09\/image-28.png",1115,693,false],"covernews-slider-center":["https:\/\/infoecos.com.ar\/wp-content\/uploads\/2023\/09\/image-28-936x709.png",660,500,true],"covernews-featured":["https:\/\/infoecos.com.ar\/wp-content\/uploads\/2023\/09\/image-28-1024x637.png",1024,637,true],"covernews-medium":["https:\/\/infoecos.com.ar\/wp-content\/uploads\/2023\/09\/image-28-720x380.png",540,285,true],"covernews-medium-square":["https:\/\/infoecos.com.ar\/wp-content\/uploads\/2023\/09\/image-28-675x450.png",375,250,true]},"author_info":{"info":["Jorge Matheus"]},"category_info":"<a href=\"https:\/\/infoecos.com.ar\/index.php\/category\/inferior5\/\" rel=\"category tag\">Bloque inferior - 5<\/a>","tag_info":"Bloque inferior - 5","comment_count":"0","_links":{"self":[{"href":"https:\/\/infoecos.com.ar\/index.php\/wp-json\/wp\/v2\/posts\/111674"}],"collection":[{"href":"https:\/\/infoecos.com.ar\/index.php\/wp-json\/wp\/v2\/posts"}],"about":[{"href":"https:\/\/infoecos.com.ar\/index.php\/wp-json\/wp\/v2\/types\/post"}],"author":[{"embeddable":true,"href":"https:\/\/infoecos.com.ar\/index.php\/wp-json\/wp\/v2\/users\/2"}],"replies":[{"embeddable":true,"href":"https:\/\/infoecos.com.ar\/index.php\/wp-json\/wp\/v2\/comments?post=111674"}],"version-history":[{"count":2,"href":"https:\/\/infoecos.com.ar\/index.php\/wp-json\/wp\/v2\/posts\/111674\/revisions"}],"predecessor-version":[{"id":111710,"href":"https:\/\/infoecos.com.ar\/index.php\/wp-json\/wp\/v2\/posts\/111674\/revisions\/111710"}],"wp:featuredmedia":[{"embeddable":true,"href":"https:\/\/infoecos.com.ar\/index.php\/wp-json\/wp\/v2\/media\/111675"}],"wp:attachment":[{"href":"https:\/\/infoecos.com.ar\/index.php\/wp-json\/wp\/v2\/media?parent=111674"}],"wp:term":[{"taxonomy":"category","embeddable":true,"href":"https:\/\/infoecos.com.ar\/index.php\/wp-json\/wp\/v2\/categories?post=111674"},{"taxonomy":"post_tag","embeddable":true,"href":"https:\/\/infoecos.com.ar\/index.php\/wp-json\/wp\/v2\/tags?post=111674"}],"curies":[{"name":"wp","href":"https:\/\/api.w.org\/{rel}","templated":true}]}}