{"id":111793,"date":"2023-09-09T03:12:10","date_gmt":"2023-09-09T06:12:10","guid":{"rendered":"https:\/\/infoecos.com.ar\/?p=111793"},"modified":"2023-09-09T03:12:11","modified_gmt":"2023-09-09T06:12:11","slug":"gremios-docentes-con-representacion-nacional-el-salario-minimo-garantizado-para-las-y-los-maestros-de-todo-el-pais","status":"publish","type":"post","link":"https:\/\/infoecos.com.ar\/index.php\/gremios-docentes-con-representacion-nacional-el-salario-minimo-garantizado-para-las-y-los-maestros-de-todo-el-pais\/","title":{"rendered":"Gremios docentes con representaci\u00f3n nacional: el salario m\u00ednimo garantizado para las y los maestros de todo el pa\u00eds"},"content":{"rendered":"\n<p>El ministro de Educaci\u00f3n, Jaime Perczyk acord\u00f3 con los cinco gremios docentes con representaci\u00f3n nacional aumentar de 165 mil a 200 mil pesos desde septiembre el salario m\u00ednimo garantizado para las y los maestros de todo el pa\u00eds. El acuerdo, firmado en la reuni\u00f3n paritaria que se realiz\u00f3 hoy, contempla adem\u00e1s un aumento escalonado en el Salario M\u00ednimo Nacional Docente Garantizado (SMNDG) de un maestro de grado com\u00fan, jornada simple y sin antig\u00fcedad.<\/p>\n\n\n\n<p>De esa forma, el salario inicial ser\u00e1 de 220 mil pesos en octubre y de 250 mil en diciembre. Tambi\u00e9n prev\u00e9 un aumento de 7.500 pesos del Fondo \u00a0Nacional de Incentivo Docente (FONID), que ser\u00e1 de 28.7000 pesos a partir de septiembre.<\/p>\n\n\n\n<figure class=\"wp-block-image alignright size-full is-resized\"><img loading=\"lazy\" decoding=\"async\" src=\"https:\/\/infoecos.com.ar\/wp-content\/uploads\/2023\/09\/ministeriodeeducacion.jpg\" alt=\"\" class=\"wp-image-111794\" width=\"448\" height=\"299\" srcset=\"https:\/\/infoecos.com.ar\/wp-content\/uploads\/2023\/09\/ministeriodeeducacion.jpg 1600w, https:\/\/infoecos.com.ar\/wp-content\/uploads\/2023\/09\/ministeriodeeducacion-800x534.jpg 800w, https:\/\/infoecos.com.ar\/wp-content\/uploads\/2023\/09\/ministeriodeeducacion-768x512.jpg 768w, https:\/\/infoecos.com.ar\/wp-content\/uploads\/2023\/09\/ministeriodeeducacion-1536x1020.jpg 1536w, https:\/\/infoecos.com.ar\/wp-content\/uploads\/2023\/09\/ministeriodeeducacion-1024x683.jpg 1024w, https:\/\/infoecos.com.ar\/wp-content\/uploads\/2023\/09\/ministeriodeeducacion-675x450.jpg 675w\" sizes=\"(max-width: 448px) 100vw, 448px\" \/><\/figure>\n\n\n\n<p>\u201cNuestro compromiso fue siempre que el salario no pierda frente a la inflaci\u00f3n\u201d, sostuvo Perczyk durante el encuentro en el que aclar\u00f3 tambi\u00e9n que contin\u00faa vigente la comisi\u00f3n de seguimiento de la evoluci\u00f3n del salario prevista al inicio de la paritaria.<\/p>\n\n\n\n<p>Del encuentro, que se realiz\u00f3 en la Biblioteca Nacional de Maestras y Maestros (BNM) del Palacio Sarmiento, participaron tambi\u00e9n la ministra de Trabajo, Raquel \u201cKelly\u201d Olmos y representantes de CTERA, UDA, CEA,&nbsp;SADOP&nbsp;y&nbsp;AMET.<\/p>\n","protected":false},"excerpt":{"rendered":"<p>El salario inicial ser\u00e1 de 220 mil pesos en octubre y de 250 mil en diciembre. Tambi\u00e9n prev\u00e9 un aumento de 7.500 pesos del Fondo \u00a0Nacional de Incentivo Docente (FONID), que ser\u00e1 de 28.7000 pesos a partir de septiembre<\/p>\n","protected":false},"author":2,"featured_media":111794,"comment_status":"closed","ping_status":"open","sticky":false,"template":"","format":"standard","meta":{"footnotes":""},"categories":[48],"tags":[9057],"class_list":["post-111793","post","type-post","status-publish","format-standard","has-post-thumbnail","hentry","category-c2nota3","tag-acuerdo-educacion-y-gremios"],"yoast_head":"<!-- This site is optimized with the Yoast SEO plugin v23.4 - https:\/\/yoast.com\/wordpress\/plugins\/seo\/ -->\n<title>Gremios docentes con representaci\u00f3n nacional: el salario m\u00ednimo garantizado para las y los maestros de todo el pa\u00eds - Infoecos<\/title>\n<meta name=\"robots\" content=\"index, follow, max-snippet:-1, max-image-preview:large, max-video-preview:-1\" \/>\n<link rel=\"canonical\" href=\"https:\/\/infoecos.com.ar\/index.php\/gremios-docentes-con-representacion-nacional-el-salario-minimo-garantizado-para-las-y-los-maestros-de-todo-el-pais\/\" \/>\n<meta property=\"og:locale\" content=\"es_ES\" \/>\n<meta property=\"og:type\" content=\"article\" \/>\n<meta property=\"og:title\" content=\"Gremios docentes con representaci\u00f3n nacional: el salario m\u00ednimo garantizado para las y los maestros de todo el pa\u00eds - Infoecos\" \/>\n<meta property=\"og:description\" content=\"El salario inicial ser\u00e1 de 220 mil pesos en octubre y de 250 mil en diciembre. Tambi\u00e9n prev\u00e9 un aumento de 7.500 pesos del Fondo \u00a0Nacional de Incentivo Docente (FONID), que ser\u00e1 de 28.7000 pesos a partir de septiembre\" \/>\n<meta property=\"og:url\" content=\"https:\/\/infoecos.com.ar\/index.php\/gremios-docentes-con-representacion-nacional-el-salario-minimo-garantizado-para-las-y-los-maestros-de-todo-el-pais\/\" \/>\n<meta property=\"og:site_name\" content=\"Infoecos\" \/>\n<meta property=\"article:publisher\" content=\"https:\/\/www.facebook.com\/profile.php?id=100063200290284\" \/>\n<meta property=\"article:published_time\" content=\"2023-09-09T06:12:10+00:00\" \/>\n<meta property=\"article:modified_time\" content=\"2023-09-09T06:12:11+00:00\" \/>\n<meta property=\"og:image\" content=\"https:\/\/infoecos.com.ar\/wp-content\/uploads\/2023\/09\/ministeriodeeducacion.jpg\" \/>\n\t<meta property=\"og:image:width\" content=\"1600\" \/>\n\t<meta property=\"og:image:height\" content=\"1067\" \/>\n\t<meta property=\"og:image:type\" content=\"image\/jpeg\" \/>\n<meta name=\"author\" content=\"Jorge Matheus\" \/>\n<meta name=\"twitter:card\" content=\"summary_large_image\" \/>\n<meta name=\"twitter:creator\" content=\"@infoecos\" \/>\n<meta name=\"twitter:site\" content=\"@infoecos\" \/>\n<meta name=\"twitter:label1\" content=\"Escrito por\" \/>\n\t<meta name=\"twitter:data1\" content=\"Jorge Matheus\" \/>\n\t<meta name=\"twitter:label2\" content=\"Tiempo de lectura\" \/>\n\t<meta name=\"twitter:data2\" content=\"2 minutos\" \/>\n<script type=\"application\/ld+json\" class=\"yoast-schema-graph\">{\"@context\":\"https:\/\/schema.org\",\"@graph\":[{\"@type\":\"Article\",\"@id\":\"https:\/\/infoecos.com.ar\/index.php\/gremios-docentes-con-representacion-nacional-el-salario-minimo-garantizado-para-las-y-los-maestros-de-todo-el-pais\/#article\",\"isPartOf\":{\"@id\":\"https:\/\/infoecos.com.ar\/index.php\/gremios-docentes-con-representacion-nacional-el-salario-minimo-garantizado-para-las-y-los-maestros-de-todo-el-pais\/\"},\"author\":{\"name\":\"Jorge Matheus\",\"@id\":\"https:\/\/infoecos.com.ar\/#\/schema\/person\/8f5ace5ce73b4b4aac4b7245aee6f191\"},\"headline\":\"Gremios docentes con representaci\u00f3n nacional: el salario m\u00ednimo garantizado para las y los maestros de todo el pa\u00eds\",\"datePublished\":\"2023-09-09T06:12:10+00:00\",\"dateModified\":\"2023-09-09T06:12:11+00:00\",\"mainEntityOfPage\":{\"@id\":\"https:\/\/infoecos.com.ar\/index.php\/gremios-docentes-con-representacion-nacional-el-salario-minimo-garantizado-para-las-y-los-maestros-de-todo-el-pais\/\"},\"wordCount\":225,\"publisher\":{\"@id\":\"https:\/\/infoecos.com.ar\/#organization\"},\"image\":{\"@id\":\"https:\/\/infoecos.com.ar\/index.php\/gremios-docentes-con-representacion-nacional-el-salario-minimo-garantizado-para-las-y-los-maestros-de-todo-el-pais\/#primaryimage\"},\"thumbnailUrl\":\"https:\/\/infoecos.com.ar\/wp-content\/uploads\/2023\/09\/ministeriodeeducacion.jpg\",\"keywords\":[\"ACUERDO EDUCACI\u00d3N Y GREMIOS\"],\"articleSection\":[\"C2 N3\"],\"inLanguage\":\"es\"},{\"@type\":\"WebPage\",\"@id\":\"https:\/\/infoecos.com.ar\/index.php\/gremios-docentes-con-representacion-nacional-el-salario-minimo-garantizado-para-las-y-los-maestros-de-todo-el-pais\/\",\"url\":\"https:\/\/infoecos.com.ar\/index.php\/gremios-docentes-con-representacion-nacional-el-salario-minimo-garantizado-para-las-y-los-maestros-de-todo-el-pais\/\",\"name\":\"Gremios docentes con representaci\u00f3n nacional: el salario m\u00ednimo garantizado para las y los maestros de todo el pa\u00eds - Infoecos\",\"isPartOf\":{\"@id\":\"https:\/\/infoecos.com.ar\/#website\"},\"primaryImageOfPage\":{\"@id\":\"https:\/\/infoecos.com.ar\/index.php\/gremios-docentes-con-representacion-nacional-el-salario-minimo-garantizado-para-las-y-los-maestros-de-todo-el-pais\/#primaryimage\"},\"image\":{\"@id\":\"https:\/\/infoecos.com.ar\/index.php\/gremios-docentes-con-representacion-nacional-el-salario-minimo-garantizado-para-las-y-los-maestros-de-todo-el-pais\/#primaryimage\"},\"thumbnailUrl\":\"https:\/\/infoecos.com.ar\/wp-content\/uploads\/2023\/09\/ministeriodeeducacion.jpg\",\"datePublished\":\"2023-09-09T06:12:10+00:00\",\"dateModified\":\"2023-09-09T06:12:11+00:00\",\"breadcrumb\":{\"@id\":\"https:\/\/infoecos.com.ar\/index.php\/gremios-docentes-con-representacion-nacional-el-salario-minimo-garantizado-para-las-y-los-maestros-de-todo-el-pais\/#breadcrumb\"},\"inLanguage\":\"es\",\"potentialAction\":[{\"@type\":\"ReadAction\",\"target\":[\"https:\/\/infoecos.com.ar\/index.php\/gremios-docentes-con-representacion-nacional-el-salario-minimo-garantizado-para-las-y-los-maestros-de-todo-el-pais\/\"]}]},{\"@type\":\"ImageObject\",\"inLanguage\":\"es\",\"@id\":\"https:\/\/infoecos.com.ar\/index.php\/gremios-docentes-con-representacion-nacional-el-salario-minimo-garantizado-para-las-y-los-maestros-de-todo-el-pais\/#primaryimage\",\"url\":\"https:\/\/infoecos.com.ar\/wp-content\/uploads\/2023\/09\/ministeriodeeducacion.jpg\",\"contentUrl\":\"https:\/\/infoecos.com.ar\/wp-content\/uploads\/2023\/09\/ministeriodeeducacion.jpg\",\"width\":1600,\"height\":1067},{\"@type\":\"BreadcrumbList\",\"@id\":\"https:\/\/infoecos.com.ar\/index.php\/gremios-docentes-con-representacion-nacional-el-salario-minimo-garantizado-para-las-y-los-maestros-de-todo-el-pais\/#breadcrumb\",\"itemListElement\":[{\"@type\":\"ListItem\",\"position\":1,\"name\":\"Portada\",\"item\":\"https:\/\/infoecos.com.ar\/\"},{\"@type\":\"ListItem\",\"position\":2,\"name\":\"Gremios docentes con representaci\u00f3n nacional: el salario m\u00ednimo garantizado para las y los maestros de todo el pa\u00eds\"}]},{\"@type\":\"WebSite\",\"@id\":\"https:\/\/infoecos.com.ar\/#website\",\"url\":\"https:\/\/infoecos.com.ar\/\",\"name\":\"Infoecos\",\"description\":\"Noticias de trenque lauquen y la zona\",\"publisher\":{\"@id\":\"https:\/\/infoecos.com.ar\/#organization\"},\"alternateName\":\"Noticias\",\"potentialAction\":[{\"@type\":\"SearchAction\",\"target\":{\"@type\":\"EntryPoint\",\"urlTemplate\":\"https:\/\/infoecos.com.ar\/?s={search_term_string}\"},\"query-input\":{\"@type\":\"PropertyValueSpecification\",\"valueRequired\":true,\"valueName\":\"search_term_string\"}}],\"inLanguage\":\"es\"},{\"@type\":\"Organization\",\"@id\":\"https:\/\/infoecos.com.ar\/#organization\",\"name\":\"Infoecos\",\"alternateName\":\"Noticias\",\"url\":\"https:\/\/infoecos.com.ar\/\",\"logo\":{\"@type\":\"ImageObject\",\"inLanguage\":\"es\",\"@id\":\"https:\/\/infoecos.com.ar\/#\/schema\/logo\/image\/\",\"url\":\"https:\/\/infoecos.com.ar\/wp-content\/uploads\/2024\/03\/cropped-logo.png\",\"contentUrl\":\"https:\/\/infoecos.com.ar\/wp-content\/uploads\/2024\/03\/cropped-logo.png\",\"width\":374,\"height\":90,\"caption\":\"Infoecos\"},\"image\":{\"@id\":\"https:\/\/infoecos.com.ar\/#\/schema\/logo\/image\/\"},\"sameAs\":[\"https:\/\/www.facebook.com\/profile.php?id=100063200290284\",\"https:\/\/x.com\/infoecos\"]},{\"@type\":\"Person\",\"@id\":\"https:\/\/infoecos.com.ar\/#\/schema\/person\/8f5ace5ce73b4b4aac4b7245aee6f191\",\"name\":\"Jorge Matheus\",\"url\":\"https:\/\/infoecos.com.ar\/index.php\/author\/jomatheus\/\"}]}<\/script>\n<!-- \/ Yoast SEO plugin. -->","yoast_head_json":{"title":"Gremios docentes con representaci\u00f3n nacional: el salario m\u00ednimo garantizado para las y los maestros de todo el pa\u00eds - Infoecos","robots":{"index":"index","follow":"follow","max-snippet":"max-snippet:-1","max-image-preview":"max-image-preview:large","max-video-preview":"max-video-preview:-1"},"canonical":"https:\/\/infoecos.com.ar\/index.php\/gremios-docentes-con-representacion-nacional-el-salario-minimo-garantizado-para-las-y-los-maestros-de-todo-el-pais\/","og_locale":"es_ES","og_type":"article","og_title":"Gremios docentes con representaci\u00f3n nacional: el salario m\u00ednimo garantizado para las y los maestros de todo el pa\u00eds - Infoecos","og_description":"El salario inicial ser\u00e1 de 220 mil pesos en octubre y de 250 mil en diciembre. Tambi\u00e9n prev\u00e9 un aumento de 7.500 pesos del Fondo \u00a0Nacional de Incentivo Docente (FONID), que ser\u00e1 de 28.7000 pesos a partir de septiembre","og_url":"https:\/\/infoecos.com.ar\/index.php\/gremios-docentes-con-representacion-nacional-el-salario-minimo-garantizado-para-las-y-los-maestros-de-todo-el-pais\/","og_site_name":"Infoecos","article_publisher":"https:\/\/www.facebook.com\/profile.php?id=100063200290284","article_published_time":"2023-09-09T06:12:10+00:00","article_modified_time":"2023-09-09T06:12:11+00:00","og_image":[{"width":1600,"height":1067,"url":"https:\/\/infoecos.com.ar\/wp-content\/uploads\/2023\/09\/ministeriodeeducacion.jpg","type":"image\/jpeg"}],"author":"Jorge Matheus","twitter_card":"summary_large_image","twitter_creator":"@infoecos","twitter_site":"@infoecos","twitter_misc":{"Escrito por":"Jorge Matheus","Tiempo de lectura":"2 minutos"},"schema":{"@context":"https:\/\/schema.org","@graph":[{"@type":"Article","@id":"https:\/\/infoecos.com.ar\/index.php\/gremios-docentes-con-representacion-nacional-el-salario-minimo-garantizado-para-las-y-los-maestros-de-todo-el-pais\/#article","isPartOf":{"@id":"https:\/\/infoecos.com.ar\/index.php\/gremios-docentes-con-representacion-nacional-el-salario-minimo-garantizado-para-las-y-los-maestros-de-todo-el-pais\/"},"author":{"name":"Jorge Matheus","@id":"https:\/\/infoecos.com.ar\/#\/schema\/person\/8f5ace5ce73b4b4aac4b7245aee6f191"},"headline":"Gremios docentes con representaci\u00f3n nacional: el salario m\u00ednimo garantizado para las y los maestros de todo el pa\u00eds","datePublished":"2023-09-09T06:12:10+00:00","dateModified":"2023-09-09T06:12:11+00:00","mainEntityOfPage":{"@id":"https:\/\/infoecos.com.ar\/index.php\/gremios-docentes-con-representacion-nacional-el-salario-minimo-garantizado-para-las-y-los-maestros-de-todo-el-pais\/"},"wordCount":225,"publisher":{"@id":"https:\/\/infoecos.com.ar\/#organization"},"image":{"@id":"https:\/\/infoecos.com.ar\/index.php\/gremios-docentes-con-representacion-nacional-el-salario-minimo-garantizado-para-las-y-los-maestros-de-todo-el-pais\/#primaryimage"},"thumbnailUrl":"https:\/\/infoecos.com.ar\/wp-content\/uploads\/2023\/09\/ministeriodeeducacion.jpg","keywords":["ACUERDO EDUCACI\u00d3N Y GREMIOS"],"articleSection":["C2 N3"],"inLanguage":"es"},{"@type":"WebPage","@id":"https:\/\/infoecos.com.ar\/index.php\/gremios-docentes-con-representacion-nacional-el-salario-minimo-garantizado-para-las-y-los-maestros-de-todo-el-pais\/","url":"https:\/\/infoecos.com.ar\/index.php\/gremios-docentes-con-representacion-nacional-el-salario-minimo-garantizado-para-las-y-los-maestros-de-todo-el-pais\/","name":"Gremios docentes con representaci\u00f3n nacional: el salario m\u00ednimo garantizado para las y los maestros de todo el pa\u00eds - Infoecos","isPartOf":{"@id":"https:\/\/infoecos.com.ar\/#website"},"primaryImageOfPage":{"@id":"https:\/\/infoecos.com.ar\/index.php\/gremios-docentes-con-representacion-nacional-el-salario-minimo-garantizado-para-las-y-los-maestros-de-todo-el-pais\/#primaryimage"},"image":{"@id":"https:\/\/infoecos.com.ar\/index.php\/gremios-docentes-con-representacion-nacional-el-salario-minimo-garantizado-para-las-y-los-maestros-de-todo-el-pais\/#primaryimage"},"thumbnailUrl":"https:\/\/infoecos.com.ar\/wp-content\/uploads\/2023\/09\/ministeriodeeducacion.jpg","datePublished":"2023-09-09T06:12:10+00:00","dateModified":"2023-09-09T06:12:11+00:00","breadcrumb":{"@id":"https:\/\/infoecos.com.ar\/index.php\/gremios-docentes-con-representacion-nacional-el-salario-minimo-garantizado-para-las-y-los-maestros-de-todo-el-pais\/#breadcrumb"},"inLanguage":"es","potentialAction":[{"@type":"ReadAction","target":["https:\/\/infoecos.com.ar\/index.php\/gremios-docentes-con-representacion-nacional-el-salario-minimo-garantizado-para-las-y-los-maestros-de-todo-el-pais\/"]}]},{"@type":"ImageObject","inLanguage":"es","@id":"https:\/\/infoecos.com.ar\/index.php\/gremios-docentes-con-representacion-nacional-el-salario-minimo-garantizado-para-las-y-los-maestros-de-todo-el-pais\/#primaryimage","url":"https:\/\/infoecos.com.ar\/wp-content\/uploads\/2023\/09\/ministeriodeeducacion.jpg","contentUrl":"https:\/\/infoecos.com.ar\/wp-content\/uploads\/2023\/09\/ministeriodeeducacion.jpg","width":1600,"height":1067},{"@type":"BreadcrumbList","@id":"https:\/\/infoecos.com.ar\/index.php\/gremios-docentes-con-representacion-nacional-el-salario-minimo-garantizado-para-las-y-los-maestros-de-todo-el-pais\/#breadcrumb","itemListElement":[{"@type":"ListItem","position":1,"name":"Portada","item":"https:\/\/infoecos.com.ar\/"},{"@type":"ListItem","position":2,"name":"Gremios docentes con representaci\u00f3n nacional: el salario m\u00ednimo garantizado para las y los maestros de todo el pa\u00eds"}]},{"@type":"WebSite","@id":"https:\/\/infoecos.com.ar\/#website","url":"https:\/\/infoecos.com.ar\/","name":"Infoecos","description":"Noticias de trenque lauquen y la zona","publisher":{"@id":"https:\/\/infoecos.com.ar\/#organization"},"alternateName":"Noticias","potentialAction":[{"@type":"SearchAction","target":{"@type":"EntryPoint","urlTemplate":"https:\/\/infoecos.com.ar\/?s={search_term_string}"},"query-input":{"@type":"PropertyValueSpecification","valueRequired":true,"valueName":"search_term_string"}}],"inLanguage":"es"},{"@type":"Organization","@id":"https:\/\/infoecos.com.ar\/#organization","name":"Infoecos","alternateName":"Noticias","url":"https:\/\/infoecos.com.ar\/","logo":{"@type":"ImageObject","inLanguage":"es","@id":"https:\/\/infoecos.com.ar\/#\/schema\/logo\/image\/","url":"https:\/\/infoecos.com.ar\/wp-content\/uploads\/2024\/03\/cropped-logo.png","contentUrl":"https:\/\/infoecos.com.ar\/wp-content\/uploads\/2024\/03\/cropped-logo.png","width":374,"height":90,"caption":"Infoecos"},"image":{"@id":"https:\/\/infoecos.com.ar\/#\/schema\/logo\/image\/"},"sameAs":["https:\/\/www.facebook.com\/profile.php?id=100063200290284","https:\/\/x.com\/infoecos"]},{"@type":"Person","@id":"https:\/\/infoecos.com.ar\/#\/schema\/person\/8f5ace5ce73b4b4aac4b7245aee6f191","name":"Jorge Matheus","url":"https:\/\/infoecos.com.ar\/index.php\/author\/jomatheus\/"}]}},"featured_image_urls":{"full":["https:\/\/infoecos.com.ar\/wp-content\/uploads\/2023\/09\/ministeriodeeducacion.jpg",1600,1067,false],"thumbnail":["https:\/\/infoecos.com.ar\/wp-content\/uploads\/2023\/09\/ministeriodeeducacion-300x150.jpg",300,150,true],"medium":["https:\/\/infoecos.com.ar\/wp-content\/uploads\/2023\/09\/ministeriodeeducacion-800x534.jpg",800,534,true],"medium_large":["https:\/\/infoecos.com.ar\/wp-content\/uploads\/2023\/09\/ministeriodeeducacion-768x512.jpg",640,427,true],"large":["https:\/\/infoecos.com.ar\/wp-content\/uploads\/2023\/09\/ministeriodeeducacion.jpg",640,427,false],"1536x1536":["https:\/\/infoecos.com.ar\/wp-content\/uploads\/2023\/09\/ministeriodeeducacion-1536x1024.jpg",1536,1024,true],"2048x2048":["https:\/\/infoecos.com.ar\/wp-content\/uploads\/2023\/09\/ministeriodeeducacion.jpg",1600,1067,false],"covernews-slider-full":["https:\/\/infoecos.com.ar\/wp-content\/uploads\/2023\/09\/ministeriodeeducacion-1536x1020.jpg",1077,715,true],"covernews-slider-center":["https:\/\/infoecos.com.ar\/wp-content\/uploads\/2023\/09\/ministeriodeeducacion-936x897.jpg",522,500,true],"covernews-featured":["https:\/\/infoecos.com.ar\/wp-content\/uploads\/2023\/09\/ministeriodeeducacion-1024x683.jpg",1024,683,true],"covernews-medium":["https:\/\/infoecos.com.ar\/wp-content\/uploads\/2023\/09\/ministeriodeeducacion-720x380.jpg",540,285,true],"covernews-medium-square":["https:\/\/infoecos.com.ar\/wp-content\/uploads\/2023\/09\/ministeriodeeducacion-675x450.jpg",375,250,true]},"author_info":{"info":["Jorge Matheus"]},"category_info":"<a href=\"https:\/\/infoecos.com.ar\/index.php\/category\/c2nota3\/\" rel=\"category tag\">C2 N3<\/a>","tag_info":"C2 N3","comment_count":"0","_links":{"self":[{"href":"https:\/\/infoecos.com.ar\/index.php\/wp-json\/wp\/v2\/posts\/111793"}],"collection":[{"href":"https:\/\/infoecos.com.ar\/index.php\/wp-json\/wp\/v2\/posts"}],"about":[{"href":"https:\/\/infoecos.com.ar\/index.php\/wp-json\/wp\/v2\/types\/post"}],"author":[{"embeddable":true,"href":"https:\/\/infoecos.com.ar\/index.php\/wp-json\/wp\/v2\/users\/2"}],"replies":[{"embeddable":true,"href":"https:\/\/infoecos.com.ar\/index.php\/wp-json\/wp\/v2\/comments?post=111793"}],"version-history":[{"count":1,"href":"https:\/\/infoecos.com.ar\/index.php\/wp-json\/wp\/v2\/posts\/111793\/revisions"}],"predecessor-version":[{"id":111795,"href":"https:\/\/infoecos.com.ar\/index.php\/wp-json\/wp\/v2\/posts\/111793\/revisions\/111795"}],"wp:featuredmedia":[{"embeddable":true,"href":"https:\/\/infoecos.com.ar\/index.php\/wp-json\/wp\/v2\/media\/111794"}],"wp:attachment":[{"href":"https:\/\/infoecos.com.ar\/index.php\/wp-json\/wp\/v2\/media?parent=111793"}],"wp:term":[{"taxonomy":"category","embeddable":true,"href":"https:\/\/infoecos.com.ar\/index.php\/wp-json\/wp\/v2\/categories?post=111793"},{"taxonomy":"post_tag","embeddable":true,"href":"https:\/\/infoecos.com.ar\/index.php\/wp-json\/wp\/v2\/tags?post=111793"}],"curies":[{"name":"wp","href":"https:\/\/api.w.org\/{rel}","templated":true}]}}