{"id":111796,"date":"2023-09-09T03:32:44","date_gmt":"2023-09-09T06:32:44","guid":{"rendered":"https:\/\/infoecos.com.ar\/?p=111796"},"modified":"2023-09-11T09:45:33","modified_gmt":"2023-09-11T12:45:33","slug":"1500-firmas-al-ioma-pidiendo-se-habilite-la-atencion-la-atencion-en-la-clinica-del-oeste-de-pehuajo","status":"publish","type":"post","link":"https:\/\/infoecos.com.ar\/index.php\/1500-firmas-al-ioma-pidiendo-se-habilite-la-atencion-la-atencion-en-la-clinica-del-oeste-de-pehuajo\/","title":{"rendered":"1500 firmas al IOMA pidiendo se habilite la atenci\u00f3n en la Cl\u00ednica del Oeste de Pehuaj\u00f3"},"content":{"rendered":"\n<p>Afiliados del IOMA de Pehuaj\u00f3 entregaron en la oficina de Pehuaj\u00f3, una nota firmada por 1500 personas, donde se pide que se habilite la atenci\u00f3n en la Cl\u00ednica del Oeste.<\/p>\n\n\n\n<figure class=\"wp-block-image alignright size-full is-resized\"><img loading=\"lazy\" decoding=\"async\" src=\"https:\/\/infoecos.com.ar\/wp-content\/uploads\/2023\/09\/image-33.png\" alt=\"\" class=\"wp-image-111797\" width=\"412\" height=\"233\"\/><figcaption class=\"wp-element-caption\">IOMA Pehuaj\u00f3 <\/figcaption><\/figure>\n\n\n\n<p>Reiteraron que de no haber respuesta positiva, ir\u00e1n a la Justicia para habilitar la desafiliacion para empleados p\u00fablicos que cuentan con esa cobertura en forma obligatoria.<\/p>\n\n\n\n<p>Rosana Cocorza, del IOMA Pehuaj\u00f3, fue la encargada de recibir a las dos mujeres que representan a las 1500 personas que firmaron la nota.<\/p>\n\n\n\n<p>Cabe recordar que la situaci\u00f3n se inici\u00f3 cuando se labr\u00f3 un informe donde se se\u00f1alaban una serie de incumplimientos de la cl\u00ednica con lo establecido en los convenios con la Obra Social. <\/p>\n\n\n\n<figure class=\"wp-block-image alignright size-full is-resized\"><img loading=\"lazy\" decoding=\"async\" src=\"https:\/\/infoecos.com.ar\/wp-content\/uploads\/2023\/09\/image-3.png\" alt=\"\" class=\"wp-image-111191\" width=\"407\" height=\"211\" srcset=\"https:\/\/infoecos.com.ar\/wp-content\/uploads\/2023\/09\/image-3.png 960w, https:\/\/infoecos.com.ar\/wp-content\/uploads\/2023\/09\/image-3-800x415.png 800w, https:\/\/infoecos.com.ar\/wp-content\/uploads\/2023\/09\/image-3-768x398.png 768w\" sizes=\"(max-width: 407px) 100vw, 407px\" \/><\/figure>\n\n\n\n<p>El Director de la regi\u00f3n II de IOMA, Doctor Germ\u00e1n Salazar, inform\u00f3 oportunamente que luego de una auditor\u00eda realizada marc\u00f3 que  permitir la continuidad del servicio en la cl\u00ednica representa un riesgo sanitario extremadamente alto y no cumple las normas de seguridad.<\/p>\n","protected":false},"excerpt":{"rendered":"<p>Reiteraron que de no haber respuesta positiva, ir\u00e1n a la Justicia para habilitar la desafiliacion para empleados p\u00fablicos<\/p>\n","protected":false},"author":2,"featured_media":111797,"comment_status":"closed","ping_status":"open","sticky":false,"template":"","format":"standard","meta":{"footnotes":""},"categories":[1326],"tags":[156],"class_list":["post-111796","post","type-post","status-publish","format-standard","has-post-thumbnail","hentry","category-c2nota6","tag-salud"],"yoast_head":"<!-- This site is optimized with the Yoast SEO plugin v23.4 - https:\/\/yoast.com\/wordpress\/plugins\/seo\/ -->\n<title>1500 firmas al IOMA pidiendo se habilite la atenci\u00f3n en la Cl\u00ednica del Oeste de Pehuaj\u00f3 - Infoecos<\/title>\n<meta name=\"robots\" content=\"index, follow, max-snippet:-1, max-image-preview:large, max-video-preview:-1\" \/>\n<link rel=\"canonical\" href=\"https:\/\/infoecos.com.ar\/index.php\/1500-firmas-al-ioma-pidiendo-se-habilite-la-atencion-la-atencion-en-la-clinica-del-oeste-de-pehuajo\/\" \/>\n<meta property=\"og:locale\" content=\"es_ES\" \/>\n<meta property=\"og:type\" content=\"article\" \/>\n<meta property=\"og:title\" content=\"1500 firmas al IOMA pidiendo se habilite la atenci\u00f3n en la Cl\u00ednica del Oeste de Pehuaj\u00f3 - Infoecos\" \/>\n<meta property=\"og:description\" content=\"Reiteraron que de no haber respuesta positiva, ir\u00e1n a la Justicia para habilitar la desafiliacion para empleados p\u00fablicos\" \/>\n<meta property=\"og:url\" content=\"https:\/\/infoecos.com.ar\/index.php\/1500-firmas-al-ioma-pidiendo-se-habilite-la-atencion-la-atencion-en-la-clinica-del-oeste-de-pehuajo\/\" \/>\n<meta property=\"og:site_name\" content=\"Infoecos\" \/>\n<meta property=\"article:publisher\" content=\"https:\/\/www.facebook.com\/profile.php?id=100063200290284\" \/>\n<meta property=\"article:published_time\" content=\"2023-09-09T06:32:44+00:00\" \/>\n<meta property=\"article:modified_time\" content=\"2023-09-11T12:45:33+00:00\" \/>\n<meta property=\"og:image\" content=\"https:\/\/infoecos.com.ar\/wp-content\/uploads\/2023\/09\/image-33.png\" \/>\n\t<meta property=\"og:image:width\" content=\"620\" \/>\n\t<meta property=\"og:image:height\" content=\"350\" \/>\n\t<meta property=\"og:image:type\" content=\"image\/png\" \/>\n<meta name=\"author\" content=\"Jorge Matheus\" \/>\n<meta name=\"twitter:card\" content=\"summary_large_image\" \/>\n<meta name=\"twitter:creator\" content=\"@infoecos\" \/>\n<meta name=\"twitter:site\" content=\"@infoecos\" \/>\n<meta name=\"twitter:label1\" content=\"Escrito por\" \/>\n\t<meta name=\"twitter:data1\" content=\"Jorge Matheus\" \/>\n\t<meta name=\"twitter:label2\" content=\"Tiempo de lectura\" \/>\n\t<meta name=\"twitter:data2\" content=\"2 minutos\" \/>\n<script type=\"application\/ld+json\" class=\"yoast-schema-graph\">{\"@context\":\"https:\/\/schema.org\",\"@graph\":[{\"@type\":\"Article\",\"@id\":\"https:\/\/infoecos.com.ar\/index.php\/1500-firmas-al-ioma-pidiendo-se-habilite-la-atencion-la-atencion-en-la-clinica-del-oeste-de-pehuajo\/#article\",\"isPartOf\":{\"@id\":\"https:\/\/infoecos.com.ar\/index.php\/1500-firmas-al-ioma-pidiendo-se-habilite-la-atencion-la-atencion-en-la-clinica-del-oeste-de-pehuajo\/\"},\"author\":{\"name\":\"Jorge Matheus\",\"@id\":\"https:\/\/infoecos.com.ar\/#\/schema\/person\/8f5ace5ce73b4b4aac4b7245aee6f191\"},\"headline\":\"1500 firmas al IOMA pidiendo se habilite la atenci\u00f3n en la Cl\u00ednica del Oeste de Pehuaj\u00f3\",\"datePublished\":\"2023-09-09T06:32:44+00:00\",\"dateModified\":\"2023-09-11T12:45:33+00:00\",\"mainEntityOfPage\":{\"@id\":\"https:\/\/infoecos.com.ar\/index.php\/1500-firmas-al-ioma-pidiendo-se-habilite-la-atencion-la-atencion-en-la-clinica-del-oeste-de-pehuajo\/\"},\"wordCount\":182,\"publisher\":{\"@id\":\"https:\/\/infoecos.com.ar\/#organization\"},\"image\":{\"@id\":\"https:\/\/infoecos.com.ar\/index.php\/1500-firmas-al-ioma-pidiendo-se-habilite-la-atencion-la-atencion-en-la-clinica-del-oeste-de-pehuajo\/#primaryimage\"},\"thumbnailUrl\":\"https:\/\/infoecos.com.ar\/wp-content\/uploads\/2023\/09\/image-33.png\",\"keywords\":[\"SALUD\"],\"articleSection\":[\"C2 N6\"],\"inLanguage\":\"es\"},{\"@type\":\"WebPage\",\"@id\":\"https:\/\/infoecos.com.ar\/index.php\/1500-firmas-al-ioma-pidiendo-se-habilite-la-atencion-la-atencion-en-la-clinica-del-oeste-de-pehuajo\/\",\"url\":\"https:\/\/infoecos.com.ar\/index.php\/1500-firmas-al-ioma-pidiendo-se-habilite-la-atencion-la-atencion-en-la-clinica-del-oeste-de-pehuajo\/\",\"name\":\"1500 firmas al IOMA pidiendo se habilite la atenci\u00f3n en la Cl\u00ednica del Oeste de Pehuaj\u00f3 - Infoecos\",\"isPartOf\":{\"@id\":\"https:\/\/infoecos.com.ar\/#website\"},\"primaryImageOfPage\":{\"@id\":\"https:\/\/infoecos.com.ar\/index.php\/1500-firmas-al-ioma-pidiendo-se-habilite-la-atencion-la-atencion-en-la-clinica-del-oeste-de-pehuajo\/#primaryimage\"},\"image\":{\"@id\":\"https:\/\/infoecos.com.ar\/index.php\/1500-firmas-al-ioma-pidiendo-se-habilite-la-atencion-la-atencion-en-la-clinica-del-oeste-de-pehuajo\/#primaryimage\"},\"thumbnailUrl\":\"https:\/\/infoecos.com.ar\/wp-content\/uploads\/2023\/09\/image-33.png\",\"datePublished\":\"2023-09-09T06:32:44+00:00\",\"dateModified\":\"2023-09-11T12:45:33+00:00\",\"breadcrumb\":{\"@id\":\"https:\/\/infoecos.com.ar\/index.php\/1500-firmas-al-ioma-pidiendo-se-habilite-la-atencion-la-atencion-en-la-clinica-del-oeste-de-pehuajo\/#breadcrumb\"},\"inLanguage\":\"es\",\"potentialAction\":[{\"@type\":\"ReadAction\",\"target\":[\"https:\/\/infoecos.com.ar\/index.php\/1500-firmas-al-ioma-pidiendo-se-habilite-la-atencion-la-atencion-en-la-clinica-del-oeste-de-pehuajo\/\"]}]},{\"@type\":\"ImageObject\",\"inLanguage\":\"es\",\"@id\":\"https:\/\/infoecos.com.ar\/index.php\/1500-firmas-al-ioma-pidiendo-se-habilite-la-atencion-la-atencion-en-la-clinica-del-oeste-de-pehuajo\/#primaryimage\",\"url\":\"https:\/\/infoecos.com.ar\/wp-content\/uploads\/2023\/09\/image-33.png\",\"contentUrl\":\"https:\/\/infoecos.com.ar\/wp-content\/uploads\/2023\/09\/image-33.png\",\"width\":620,\"height\":350},{\"@type\":\"BreadcrumbList\",\"@id\":\"https:\/\/infoecos.com.ar\/index.php\/1500-firmas-al-ioma-pidiendo-se-habilite-la-atencion-la-atencion-en-la-clinica-del-oeste-de-pehuajo\/#breadcrumb\",\"itemListElement\":[{\"@type\":\"ListItem\",\"position\":1,\"name\":\"Portada\",\"item\":\"https:\/\/infoecos.com.ar\/\"},{\"@type\":\"ListItem\",\"position\":2,\"name\":\"1500 firmas al IOMA pidiendo se habilite la atenci\u00f3n en la Cl\u00ednica del Oeste de Pehuaj\u00f3\"}]},{\"@type\":\"WebSite\",\"@id\":\"https:\/\/infoecos.com.ar\/#website\",\"url\":\"https:\/\/infoecos.com.ar\/\",\"name\":\"Infoecos\",\"description\":\"Noticias de trenque lauquen y la zona\",\"publisher\":{\"@id\":\"https:\/\/infoecos.com.ar\/#organization\"},\"alternateName\":\"Noticias\",\"potentialAction\":[{\"@type\":\"SearchAction\",\"target\":{\"@type\":\"EntryPoint\",\"urlTemplate\":\"https:\/\/infoecos.com.ar\/?s={search_term_string}\"},\"query-input\":{\"@type\":\"PropertyValueSpecification\",\"valueRequired\":true,\"valueName\":\"search_term_string\"}}],\"inLanguage\":\"es\"},{\"@type\":\"Organization\",\"@id\":\"https:\/\/infoecos.com.ar\/#organization\",\"name\":\"Infoecos\",\"alternateName\":\"Noticias\",\"url\":\"https:\/\/infoecos.com.ar\/\",\"logo\":{\"@type\":\"ImageObject\",\"inLanguage\":\"es\",\"@id\":\"https:\/\/infoecos.com.ar\/#\/schema\/logo\/image\/\",\"url\":\"https:\/\/infoecos.com.ar\/wp-content\/uploads\/2024\/03\/cropped-logo.png\",\"contentUrl\":\"https:\/\/infoecos.com.ar\/wp-content\/uploads\/2024\/03\/cropped-logo.png\",\"width\":374,\"height\":90,\"caption\":\"Infoecos\"},\"image\":{\"@id\":\"https:\/\/infoecos.com.ar\/#\/schema\/logo\/image\/\"},\"sameAs\":[\"https:\/\/www.facebook.com\/profile.php?id=100063200290284\",\"https:\/\/x.com\/infoecos\"]},{\"@type\":\"Person\",\"@id\":\"https:\/\/infoecos.com.ar\/#\/schema\/person\/8f5ace5ce73b4b4aac4b7245aee6f191\",\"name\":\"Jorge Matheus\",\"url\":\"https:\/\/infoecos.com.ar\/index.php\/author\/jomatheus\/\"}]}<\/script>\n<!-- \/ Yoast SEO plugin. -->","yoast_head_json":{"title":"1500 firmas al IOMA pidiendo se habilite la atenci\u00f3n en la Cl\u00ednica del Oeste de Pehuaj\u00f3 - Infoecos","robots":{"index":"index","follow":"follow","max-snippet":"max-snippet:-1","max-image-preview":"max-image-preview:large","max-video-preview":"max-video-preview:-1"},"canonical":"https:\/\/infoecos.com.ar\/index.php\/1500-firmas-al-ioma-pidiendo-se-habilite-la-atencion-la-atencion-en-la-clinica-del-oeste-de-pehuajo\/","og_locale":"es_ES","og_type":"article","og_title":"1500 firmas al IOMA pidiendo se habilite la atenci\u00f3n en la Cl\u00ednica del Oeste de Pehuaj\u00f3 - Infoecos","og_description":"Reiteraron que de no haber respuesta positiva, ir\u00e1n a la Justicia para habilitar la desafiliacion para empleados p\u00fablicos","og_url":"https:\/\/infoecos.com.ar\/index.php\/1500-firmas-al-ioma-pidiendo-se-habilite-la-atencion-la-atencion-en-la-clinica-del-oeste-de-pehuajo\/","og_site_name":"Infoecos","article_publisher":"https:\/\/www.facebook.com\/profile.php?id=100063200290284","article_published_time":"2023-09-09T06:32:44+00:00","article_modified_time":"2023-09-11T12:45:33+00:00","og_image":[{"width":620,"height":350,"url":"https:\/\/infoecos.com.ar\/wp-content\/uploads\/2023\/09\/image-33.png","type":"image\/png"}],"author":"Jorge Matheus","twitter_card":"summary_large_image","twitter_creator":"@infoecos","twitter_site":"@infoecos","twitter_misc":{"Escrito por":"Jorge Matheus","Tiempo de lectura":"2 minutos"},"schema":{"@context":"https:\/\/schema.org","@graph":[{"@type":"Article","@id":"https:\/\/infoecos.com.ar\/index.php\/1500-firmas-al-ioma-pidiendo-se-habilite-la-atencion-la-atencion-en-la-clinica-del-oeste-de-pehuajo\/#article","isPartOf":{"@id":"https:\/\/infoecos.com.ar\/index.php\/1500-firmas-al-ioma-pidiendo-se-habilite-la-atencion-la-atencion-en-la-clinica-del-oeste-de-pehuajo\/"},"author":{"name":"Jorge Matheus","@id":"https:\/\/infoecos.com.ar\/#\/schema\/person\/8f5ace5ce73b4b4aac4b7245aee6f191"},"headline":"1500 firmas al IOMA pidiendo se habilite la atenci\u00f3n en la Cl\u00ednica del Oeste de Pehuaj\u00f3","datePublished":"2023-09-09T06:32:44+00:00","dateModified":"2023-09-11T12:45:33+00:00","mainEntityOfPage":{"@id":"https:\/\/infoecos.com.ar\/index.php\/1500-firmas-al-ioma-pidiendo-se-habilite-la-atencion-la-atencion-en-la-clinica-del-oeste-de-pehuajo\/"},"wordCount":182,"publisher":{"@id":"https:\/\/infoecos.com.ar\/#organization"},"image":{"@id":"https:\/\/infoecos.com.ar\/index.php\/1500-firmas-al-ioma-pidiendo-se-habilite-la-atencion-la-atencion-en-la-clinica-del-oeste-de-pehuajo\/#primaryimage"},"thumbnailUrl":"https:\/\/infoecos.com.ar\/wp-content\/uploads\/2023\/09\/image-33.png","keywords":["SALUD"],"articleSection":["C2 N6"],"inLanguage":"es"},{"@type":"WebPage","@id":"https:\/\/infoecos.com.ar\/index.php\/1500-firmas-al-ioma-pidiendo-se-habilite-la-atencion-la-atencion-en-la-clinica-del-oeste-de-pehuajo\/","url":"https:\/\/infoecos.com.ar\/index.php\/1500-firmas-al-ioma-pidiendo-se-habilite-la-atencion-la-atencion-en-la-clinica-del-oeste-de-pehuajo\/","name":"1500 firmas al IOMA pidiendo se habilite la atenci\u00f3n en la Cl\u00ednica del Oeste de Pehuaj\u00f3 - Infoecos","isPartOf":{"@id":"https:\/\/infoecos.com.ar\/#website"},"primaryImageOfPage":{"@id":"https:\/\/infoecos.com.ar\/index.php\/1500-firmas-al-ioma-pidiendo-se-habilite-la-atencion-la-atencion-en-la-clinica-del-oeste-de-pehuajo\/#primaryimage"},"image":{"@id":"https:\/\/infoecos.com.ar\/index.php\/1500-firmas-al-ioma-pidiendo-se-habilite-la-atencion-la-atencion-en-la-clinica-del-oeste-de-pehuajo\/#primaryimage"},"thumbnailUrl":"https:\/\/infoecos.com.ar\/wp-content\/uploads\/2023\/09\/image-33.png","datePublished":"2023-09-09T06:32:44+00:00","dateModified":"2023-09-11T12:45:33+00:00","breadcrumb":{"@id":"https:\/\/infoecos.com.ar\/index.php\/1500-firmas-al-ioma-pidiendo-se-habilite-la-atencion-la-atencion-en-la-clinica-del-oeste-de-pehuajo\/#breadcrumb"},"inLanguage":"es","potentialAction":[{"@type":"ReadAction","target":["https:\/\/infoecos.com.ar\/index.php\/1500-firmas-al-ioma-pidiendo-se-habilite-la-atencion-la-atencion-en-la-clinica-del-oeste-de-pehuajo\/"]}]},{"@type":"ImageObject","inLanguage":"es","@id":"https:\/\/infoecos.com.ar\/index.php\/1500-firmas-al-ioma-pidiendo-se-habilite-la-atencion-la-atencion-en-la-clinica-del-oeste-de-pehuajo\/#primaryimage","url":"https:\/\/infoecos.com.ar\/wp-content\/uploads\/2023\/09\/image-33.png","contentUrl":"https:\/\/infoecos.com.ar\/wp-content\/uploads\/2023\/09\/image-33.png","width":620,"height":350},{"@type":"BreadcrumbList","@id":"https:\/\/infoecos.com.ar\/index.php\/1500-firmas-al-ioma-pidiendo-se-habilite-la-atencion-la-atencion-en-la-clinica-del-oeste-de-pehuajo\/#breadcrumb","itemListElement":[{"@type":"ListItem","position":1,"name":"Portada","item":"https:\/\/infoecos.com.ar\/"},{"@type":"ListItem","position":2,"name":"1500 firmas al IOMA pidiendo se habilite la atenci\u00f3n en la Cl\u00ednica del Oeste de Pehuaj\u00f3"}]},{"@type":"WebSite","@id":"https:\/\/infoecos.com.ar\/#website","url":"https:\/\/infoecos.com.ar\/","name":"Infoecos","description":"Noticias de trenque lauquen y la zona","publisher":{"@id":"https:\/\/infoecos.com.ar\/#organization"},"alternateName":"Noticias","potentialAction":[{"@type":"SearchAction","target":{"@type":"EntryPoint","urlTemplate":"https:\/\/infoecos.com.ar\/?s={search_term_string}"},"query-input":{"@type":"PropertyValueSpecification","valueRequired":true,"valueName":"search_term_string"}}],"inLanguage":"es"},{"@type":"Organization","@id":"https:\/\/infoecos.com.ar\/#organization","name":"Infoecos","alternateName":"Noticias","url":"https:\/\/infoecos.com.ar\/","logo":{"@type":"ImageObject","inLanguage":"es","@id":"https:\/\/infoecos.com.ar\/#\/schema\/logo\/image\/","url":"https:\/\/infoecos.com.ar\/wp-content\/uploads\/2024\/03\/cropped-logo.png","contentUrl":"https:\/\/infoecos.com.ar\/wp-content\/uploads\/2024\/03\/cropped-logo.png","width":374,"height":90,"caption":"Infoecos"},"image":{"@id":"https:\/\/infoecos.com.ar\/#\/schema\/logo\/image\/"},"sameAs":["https:\/\/www.facebook.com\/profile.php?id=100063200290284","https:\/\/x.com\/infoecos"]},{"@type":"Person","@id":"https:\/\/infoecos.com.ar\/#\/schema\/person\/8f5ace5ce73b4b4aac4b7245aee6f191","name":"Jorge Matheus","url":"https:\/\/infoecos.com.ar\/index.php\/author\/jomatheus\/"}]}},"featured_image_urls":{"full":["https:\/\/infoecos.com.ar\/wp-content\/uploads\/2023\/09\/image-33.png",620,350,false],"thumbnail":["https:\/\/infoecos.com.ar\/wp-content\/uploads\/2023\/09\/image-33-300x150.png",300,150,true],"medium":["https:\/\/infoecos.com.ar\/wp-content\/uploads\/2023\/09\/image-33.png",620,350,false],"medium_large":["https:\/\/infoecos.com.ar\/wp-content\/uploads\/2023\/09\/image-33.png",620,350,false],"large":["https:\/\/infoecos.com.ar\/wp-content\/uploads\/2023\/09\/image-33.png",620,350,false],"1536x1536":["https:\/\/infoecos.com.ar\/wp-content\/uploads\/2023\/09\/image-33.png",620,350,false],"2048x2048":["https:\/\/infoecos.com.ar\/wp-content\/uploads\/2023\/09\/image-33.png",620,350,false],"covernews-slider-full":["https:\/\/infoecos.com.ar\/wp-content\/uploads\/2023\/09\/image-33.png",620,350,false],"covernews-slider-center":["https:\/\/infoecos.com.ar\/wp-content\/uploads\/2023\/09\/image-33.png",620,350,false],"covernews-featured":["https:\/\/infoecos.com.ar\/wp-content\/uploads\/2023\/09\/image-33.png",620,350,false],"covernews-medium":["https:\/\/infoecos.com.ar\/wp-content\/uploads\/2023\/09\/image-33.png",540,305,false],"covernews-medium-square":["https:\/\/infoecos.com.ar\/wp-content\/uploads\/2023\/09\/image-33.png",400,226,false]},"author_info":{"info":["Jorge Matheus"]},"category_info":"<a href=\"https:\/\/infoecos.com.ar\/index.php\/category\/c2nota6\/\" rel=\"category tag\">C2 N6<\/a>","tag_info":"C2 N6","comment_count":"0","_links":{"self":[{"href":"https:\/\/infoecos.com.ar\/index.php\/wp-json\/wp\/v2\/posts\/111796"}],"collection":[{"href":"https:\/\/infoecos.com.ar\/index.php\/wp-json\/wp\/v2\/posts"}],"about":[{"href":"https:\/\/infoecos.com.ar\/index.php\/wp-json\/wp\/v2\/types\/post"}],"author":[{"embeddable":true,"href":"https:\/\/infoecos.com.ar\/index.php\/wp-json\/wp\/v2\/users\/2"}],"replies":[{"embeddable":true,"href":"https:\/\/infoecos.com.ar\/index.php\/wp-json\/wp\/v2\/comments?post=111796"}],"version-history":[{"count":2,"href":"https:\/\/infoecos.com.ar\/index.php\/wp-json\/wp\/v2\/posts\/111796\/revisions"}],"predecessor-version":[{"id":111814,"href":"https:\/\/infoecos.com.ar\/index.php\/wp-json\/wp\/v2\/posts\/111796\/revisions\/111814"}],"wp:featuredmedia":[{"embeddable":true,"href":"https:\/\/infoecos.com.ar\/index.php\/wp-json\/wp\/v2\/media\/111797"}],"wp:attachment":[{"href":"https:\/\/infoecos.com.ar\/index.php\/wp-json\/wp\/v2\/media?parent=111796"}],"wp:term":[{"taxonomy":"category","embeddable":true,"href":"https:\/\/infoecos.com.ar\/index.php\/wp-json\/wp\/v2\/categories?post=111796"},{"taxonomy":"post_tag","embeddable":true,"href":"https:\/\/infoecos.com.ar\/index.php\/wp-json\/wp\/v2\/tags?post=111796"}],"curies":[{"name":"wp","href":"https:\/\/api.w.org\/{rel}","templated":true}]}}