{"id":111809,"date":"2023-09-09T04:09:31","date_gmt":"2023-09-09T07:09:31","guid":{"rendered":"https:\/\/infoecos.com.ar\/?p=111809"},"modified":"2023-09-10T18:20:29","modified_gmt":"2023-09-10T21:20:29","slug":"investigaran-en-la-zona-de-tandil-zona-sur-y-tambien-el-sudoeste-si-hay-litio-en-provincia","status":"publish","type":"post","link":"https:\/\/infoecos.com.ar\/index.php\/investigaran-en-la-zona-de-tandil-zona-sur-y-tambien-el-sudoeste-si-hay-litio-en-provincia\/","title":{"rendered":"Investigar\u00e1n en la zona de Tandil, zona sur y tambi\u00e9n el sudoeste si hay litio en provincia"},"content":{"rendered":"\n<p>El Servicio Geol\u00f3gico Minero Argentino (Segemar) iniciar\u00e1 una serie de trabajos en la provincia de Buenos Aires para analizar la posibilidad de hallar litio.<\/p>\n\n\n\n<figure class=\"wp-block-image alignright size-full is-resized\"><img loading=\"lazy\" decoding=\"async\" src=\"https:\/\/infoecos.com.ar\/wp-content\/uploads\/2023\/09\/image-35.png\" alt=\"\" class=\"wp-image-111810\" width=\"397\" height=\"265\" srcset=\"https:\/\/infoecos.com.ar\/wp-content\/uploads\/2023\/09\/image-35.png 750w, https:\/\/infoecos.com.ar\/wp-content\/uploads\/2023\/09\/image-35-675x450.png 675w\" sizes=\"(max-width: 397px) 100vw, 397px\" \/><figcaption class=\"wp-element-caption\">litio<\/figcaption><\/figure>\n\n\n\n<p>El trabajo, auspiciado por el Ministerio de Producci\u00f3n, surgi\u00f3 en el Consejo Federal de Miner\u00eda a partir del historial geol\u00f3gico que tiene el territorio bonaerense con dep\u00f3sitos de arcos volc\u00e1nicos antiguos que pueden ser fuente de litio.<\/p>\n\n\n\n<p>La investigaci\u00f3n se extender\u00e1 hasta principios del 2024 y podr\u00eda generar una revoluci\u00f3n en la industria minera de la provincia ante el auge que tiene el elemento qu\u00edmico.<\/p>\n\n\n\n<p>Los estudios geol\u00f3gicos se centrar\u00e1n en el centro de la provincia (sobre el sistema de las sierras de Tandil, en su zona sur y tambi\u00e9n al sudoeste) y en caso de encontrar anomal\u00edas que podr\u00edan corresponderse con el litio o alg\u00fan otro de los denominados Elementos de Tierras Raras (ETR), se har\u00e1n pozos y se extraer\u00e1 el material para examinar su composici\u00f3n qu\u00edmica.<\/p>\n","protected":false},"excerpt":{"rendered":"<p>La investigaci\u00f3n se extender\u00e1 hasta principios del 2024<\/p>\n","protected":false},"author":2,"featured_media":111810,"comment_status":"closed","ping_status":"open","sticky":false,"template":"","format":"standard","meta":{"footnotes":""},"categories":[1341],"tags":[9061],"class_list":["post-111809","post","type-post","status-publish","format-standard","has-post-thumbnail","hentry","category-c1nota7","tag-consejo-federal-de-mineria"],"yoast_head":"<!-- This site is optimized with the Yoast SEO plugin v23.4 - https:\/\/yoast.com\/wordpress\/plugins\/seo\/ -->\n<title>Investigar\u00e1n en la zona de Tandil, zona sur y tambi\u00e9n el sudoeste si hay litio en provincia - Infoecos<\/title>\n<meta name=\"robots\" content=\"index, follow, max-snippet:-1, max-image-preview:large, max-video-preview:-1\" \/>\n<link rel=\"canonical\" href=\"https:\/\/infoecos.com.ar\/index.php\/investigaran-en-la-zona-de-tandil-zona-sur-y-tambien-el-sudoeste-si-hay-litio-en-provincia\/\" \/>\n<meta property=\"og:locale\" content=\"es_ES\" \/>\n<meta property=\"og:type\" content=\"article\" \/>\n<meta property=\"og:title\" content=\"Investigar\u00e1n en la zona de Tandil, zona sur y tambi\u00e9n el sudoeste si hay litio en provincia - Infoecos\" \/>\n<meta property=\"og:description\" content=\"La investigaci\u00f3n se extender\u00e1 hasta principios del 2024\" \/>\n<meta property=\"og:url\" content=\"https:\/\/infoecos.com.ar\/index.php\/investigaran-en-la-zona-de-tandil-zona-sur-y-tambien-el-sudoeste-si-hay-litio-en-provincia\/\" \/>\n<meta property=\"og:site_name\" content=\"Infoecos\" \/>\n<meta property=\"article:publisher\" content=\"https:\/\/www.facebook.com\/profile.php?id=100063200290284\" \/>\n<meta property=\"article:published_time\" content=\"2023-09-09T07:09:31+00:00\" \/>\n<meta property=\"article:modified_time\" content=\"2023-09-10T21:20:29+00:00\" \/>\n<meta property=\"og:image\" content=\"https:\/\/infoecos.com.ar\/wp-content\/uploads\/2023\/09\/image-35.png\" \/>\n\t<meta property=\"og:image:width\" content=\"750\" \/>\n\t<meta property=\"og:image:height\" content=\"500\" \/>\n\t<meta property=\"og:image:type\" content=\"image\/png\" \/>\n<meta name=\"author\" content=\"Jorge Matheus\" \/>\n<meta name=\"twitter:card\" content=\"summary_large_image\" \/>\n<meta name=\"twitter:creator\" content=\"@infoecos\" \/>\n<meta name=\"twitter:site\" content=\"@infoecos\" \/>\n<meta name=\"twitter:label1\" content=\"Escrito por\" \/>\n\t<meta name=\"twitter:data1\" content=\"Jorge Matheus\" \/>\n\t<meta name=\"twitter:label2\" content=\"Tiempo de lectura\" \/>\n\t<meta name=\"twitter:data2\" content=\"1 minuto\" \/>\n<script type=\"application\/ld+json\" class=\"yoast-schema-graph\">{\"@context\":\"https:\/\/schema.org\",\"@graph\":[{\"@type\":\"Article\",\"@id\":\"https:\/\/infoecos.com.ar\/index.php\/investigaran-en-la-zona-de-tandil-zona-sur-y-tambien-el-sudoeste-si-hay-litio-en-provincia\/#article\",\"isPartOf\":{\"@id\":\"https:\/\/infoecos.com.ar\/index.php\/investigaran-en-la-zona-de-tandil-zona-sur-y-tambien-el-sudoeste-si-hay-litio-en-provincia\/\"},\"author\":{\"name\":\"Jorge Matheus\",\"@id\":\"https:\/\/infoecos.com.ar\/#\/schema\/person\/8f5ace5ce73b4b4aac4b7245aee6f191\"},\"headline\":\"Investigar\u00e1n en la zona de Tandil, zona sur y tambi\u00e9n el sudoeste si hay litio en provincia\",\"datePublished\":\"2023-09-09T07:09:31+00:00\",\"dateModified\":\"2023-09-10T21:20:29+00:00\",\"mainEntityOfPage\":{\"@id\":\"https:\/\/infoecos.com.ar\/index.php\/investigaran-en-la-zona-de-tandil-zona-sur-y-tambien-el-sudoeste-si-hay-litio-en-provincia\/\"},\"wordCount\":190,\"publisher\":{\"@id\":\"https:\/\/infoecos.com.ar\/#organization\"},\"image\":{\"@id\":\"https:\/\/infoecos.com.ar\/index.php\/investigaran-en-la-zona-de-tandil-zona-sur-y-tambien-el-sudoeste-si-hay-litio-en-provincia\/#primaryimage\"},\"thumbnailUrl\":\"https:\/\/infoecos.com.ar\/wp-content\/uploads\/2023\/09\/image-35.png\",\"keywords\":[\"CONSEJO FEDERAL DE MINER\u00cdA\"],\"articleSection\":[\"C1 nota 7\"],\"inLanguage\":\"es\"},{\"@type\":\"WebPage\",\"@id\":\"https:\/\/infoecos.com.ar\/index.php\/investigaran-en-la-zona-de-tandil-zona-sur-y-tambien-el-sudoeste-si-hay-litio-en-provincia\/\",\"url\":\"https:\/\/infoecos.com.ar\/index.php\/investigaran-en-la-zona-de-tandil-zona-sur-y-tambien-el-sudoeste-si-hay-litio-en-provincia\/\",\"name\":\"Investigar\u00e1n en la zona de Tandil, zona sur y tambi\u00e9n el sudoeste si hay litio en provincia - Infoecos\",\"isPartOf\":{\"@id\":\"https:\/\/infoecos.com.ar\/#website\"},\"primaryImageOfPage\":{\"@id\":\"https:\/\/infoecos.com.ar\/index.php\/investigaran-en-la-zona-de-tandil-zona-sur-y-tambien-el-sudoeste-si-hay-litio-en-provincia\/#primaryimage\"},\"image\":{\"@id\":\"https:\/\/infoecos.com.ar\/index.php\/investigaran-en-la-zona-de-tandil-zona-sur-y-tambien-el-sudoeste-si-hay-litio-en-provincia\/#primaryimage\"},\"thumbnailUrl\":\"https:\/\/infoecos.com.ar\/wp-content\/uploads\/2023\/09\/image-35.png\",\"datePublished\":\"2023-09-09T07:09:31+00:00\",\"dateModified\":\"2023-09-10T21:20:29+00:00\",\"breadcrumb\":{\"@id\":\"https:\/\/infoecos.com.ar\/index.php\/investigaran-en-la-zona-de-tandil-zona-sur-y-tambien-el-sudoeste-si-hay-litio-en-provincia\/#breadcrumb\"},\"inLanguage\":\"es\",\"potentialAction\":[{\"@type\":\"ReadAction\",\"target\":[\"https:\/\/infoecos.com.ar\/index.php\/investigaran-en-la-zona-de-tandil-zona-sur-y-tambien-el-sudoeste-si-hay-litio-en-provincia\/\"]}]},{\"@type\":\"ImageObject\",\"inLanguage\":\"es\",\"@id\":\"https:\/\/infoecos.com.ar\/index.php\/investigaran-en-la-zona-de-tandil-zona-sur-y-tambien-el-sudoeste-si-hay-litio-en-provincia\/#primaryimage\",\"url\":\"https:\/\/infoecos.com.ar\/wp-content\/uploads\/2023\/09\/image-35.png\",\"contentUrl\":\"https:\/\/infoecos.com.ar\/wp-content\/uploads\/2023\/09\/image-35.png\",\"width\":750,\"height\":500},{\"@type\":\"BreadcrumbList\",\"@id\":\"https:\/\/infoecos.com.ar\/index.php\/investigaran-en-la-zona-de-tandil-zona-sur-y-tambien-el-sudoeste-si-hay-litio-en-provincia\/#breadcrumb\",\"itemListElement\":[{\"@type\":\"ListItem\",\"position\":1,\"name\":\"Portada\",\"item\":\"https:\/\/infoecos.com.ar\/\"},{\"@type\":\"ListItem\",\"position\":2,\"name\":\"Investigar\u00e1n en la zona de Tandil, zona sur y tambi\u00e9n el sudoeste si hay litio en provincia\"}]},{\"@type\":\"WebSite\",\"@id\":\"https:\/\/infoecos.com.ar\/#website\",\"url\":\"https:\/\/infoecos.com.ar\/\",\"name\":\"Infoecos\",\"description\":\"Noticias de trenque lauquen y la zona\",\"publisher\":{\"@id\":\"https:\/\/infoecos.com.ar\/#organization\"},\"alternateName\":\"Noticias\",\"potentialAction\":[{\"@type\":\"SearchAction\",\"target\":{\"@type\":\"EntryPoint\",\"urlTemplate\":\"https:\/\/infoecos.com.ar\/?s={search_term_string}\"},\"query-input\":{\"@type\":\"PropertyValueSpecification\",\"valueRequired\":true,\"valueName\":\"search_term_string\"}}],\"inLanguage\":\"es\"},{\"@type\":\"Organization\",\"@id\":\"https:\/\/infoecos.com.ar\/#organization\",\"name\":\"Infoecos\",\"alternateName\":\"Noticias\",\"url\":\"https:\/\/infoecos.com.ar\/\",\"logo\":{\"@type\":\"ImageObject\",\"inLanguage\":\"es\",\"@id\":\"https:\/\/infoecos.com.ar\/#\/schema\/logo\/image\/\",\"url\":\"https:\/\/infoecos.com.ar\/wp-content\/uploads\/2024\/03\/cropped-logo.png\",\"contentUrl\":\"https:\/\/infoecos.com.ar\/wp-content\/uploads\/2024\/03\/cropped-logo.png\",\"width\":374,\"height\":90,\"caption\":\"Infoecos\"},\"image\":{\"@id\":\"https:\/\/infoecos.com.ar\/#\/schema\/logo\/image\/\"},\"sameAs\":[\"https:\/\/www.facebook.com\/profile.php?id=100063200290284\",\"https:\/\/x.com\/infoecos\"]},{\"@type\":\"Person\",\"@id\":\"https:\/\/infoecos.com.ar\/#\/schema\/person\/8f5ace5ce73b4b4aac4b7245aee6f191\",\"name\":\"Jorge Matheus\",\"url\":\"https:\/\/infoecos.com.ar\/index.php\/author\/jomatheus\/\"}]}<\/script>\n<!-- \/ Yoast SEO plugin. -->","yoast_head_json":{"title":"Investigar\u00e1n en la zona de Tandil, zona sur y tambi\u00e9n el sudoeste si hay litio en provincia - Infoecos","robots":{"index":"index","follow":"follow","max-snippet":"max-snippet:-1","max-image-preview":"max-image-preview:large","max-video-preview":"max-video-preview:-1"},"canonical":"https:\/\/infoecos.com.ar\/index.php\/investigaran-en-la-zona-de-tandil-zona-sur-y-tambien-el-sudoeste-si-hay-litio-en-provincia\/","og_locale":"es_ES","og_type":"article","og_title":"Investigar\u00e1n en la zona de Tandil, zona sur y tambi\u00e9n el sudoeste si hay litio en provincia - Infoecos","og_description":"La investigaci\u00f3n se extender\u00e1 hasta principios del 2024","og_url":"https:\/\/infoecos.com.ar\/index.php\/investigaran-en-la-zona-de-tandil-zona-sur-y-tambien-el-sudoeste-si-hay-litio-en-provincia\/","og_site_name":"Infoecos","article_publisher":"https:\/\/www.facebook.com\/profile.php?id=100063200290284","article_published_time":"2023-09-09T07:09:31+00:00","article_modified_time":"2023-09-10T21:20:29+00:00","og_image":[{"width":750,"height":500,"url":"https:\/\/infoecos.com.ar\/wp-content\/uploads\/2023\/09\/image-35.png","type":"image\/png"}],"author":"Jorge Matheus","twitter_card":"summary_large_image","twitter_creator":"@infoecos","twitter_site":"@infoecos","twitter_misc":{"Escrito por":"Jorge Matheus","Tiempo de lectura":"1 minuto"},"schema":{"@context":"https:\/\/schema.org","@graph":[{"@type":"Article","@id":"https:\/\/infoecos.com.ar\/index.php\/investigaran-en-la-zona-de-tandil-zona-sur-y-tambien-el-sudoeste-si-hay-litio-en-provincia\/#article","isPartOf":{"@id":"https:\/\/infoecos.com.ar\/index.php\/investigaran-en-la-zona-de-tandil-zona-sur-y-tambien-el-sudoeste-si-hay-litio-en-provincia\/"},"author":{"name":"Jorge Matheus","@id":"https:\/\/infoecos.com.ar\/#\/schema\/person\/8f5ace5ce73b4b4aac4b7245aee6f191"},"headline":"Investigar\u00e1n en la zona de Tandil, zona sur y tambi\u00e9n el sudoeste si hay litio en provincia","datePublished":"2023-09-09T07:09:31+00:00","dateModified":"2023-09-10T21:20:29+00:00","mainEntityOfPage":{"@id":"https:\/\/infoecos.com.ar\/index.php\/investigaran-en-la-zona-de-tandil-zona-sur-y-tambien-el-sudoeste-si-hay-litio-en-provincia\/"},"wordCount":190,"publisher":{"@id":"https:\/\/infoecos.com.ar\/#organization"},"image":{"@id":"https:\/\/infoecos.com.ar\/index.php\/investigaran-en-la-zona-de-tandil-zona-sur-y-tambien-el-sudoeste-si-hay-litio-en-provincia\/#primaryimage"},"thumbnailUrl":"https:\/\/infoecos.com.ar\/wp-content\/uploads\/2023\/09\/image-35.png","keywords":["CONSEJO FEDERAL DE MINER\u00cdA"],"articleSection":["C1 nota 7"],"inLanguage":"es"},{"@type":"WebPage","@id":"https:\/\/infoecos.com.ar\/index.php\/investigaran-en-la-zona-de-tandil-zona-sur-y-tambien-el-sudoeste-si-hay-litio-en-provincia\/","url":"https:\/\/infoecos.com.ar\/index.php\/investigaran-en-la-zona-de-tandil-zona-sur-y-tambien-el-sudoeste-si-hay-litio-en-provincia\/","name":"Investigar\u00e1n en la zona de Tandil, zona sur y tambi\u00e9n el sudoeste si hay litio en provincia - Infoecos","isPartOf":{"@id":"https:\/\/infoecos.com.ar\/#website"},"primaryImageOfPage":{"@id":"https:\/\/infoecos.com.ar\/index.php\/investigaran-en-la-zona-de-tandil-zona-sur-y-tambien-el-sudoeste-si-hay-litio-en-provincia\/#primaryimage"},"image":{"@id":"https:\/\/infoecos.com.ar\/index.php\/investigaran-en-la-zona-de-tandil-zona-sur-y-tambien-el-sudoeste-si-hay-litio-en-provincia\/#primaryimage"},"thumbnailUrl":"https:\/\/infoecos.com.ar\/wp-content\/uploads\/2023\/09\/image-35.png","datePublished":"2023-09-09T07:09:31+00:00","dateModified":"2023-09-10T21:20:29+00:00","breadcrumb":{"@id":"https:\/\/infoecos.com.ar\/index.php\/investigaran-en-la-zona-de-tandil-zona-sur-y-tambien-el-sudoeste-si-hay-litio-en-provincia\/#breadcrumb"},"inLanguage":"es","potentialAction":[{"@type":"ReadAction","target":["https:\/\/infoecos.com.ar\/index.php\/investigaran-en-la-zona-de-tandil-zona-sur-y-tambien-el-sudoeste-si-hay-litio-en-provincia\/"]}]},{"@type":"ImageObject","inLanguage":"es","@id":"https:\/\/infoecos.com.ar\/index.php\/investigaran-en-la-zona-de-tandil-zona-sur-y-tambien-el-sudoeste-si-hay-litio-en-provincia\/#primaryimage","url":"https:\/\/infoecos.com.ar\/wp-content\/uploads\/2023\/09\/image-35.png","contentUrl":"https:\/\/infoecos.com.ar\/wp-content\/uploads\/2023\/09\/image-35.png","width":750,"height":500},{"@type":"BreadcrumbList","@id":"https:\/\/infoecos.com.ar\/index.php\/investigaran-en-la-zona-de-tandil-zona-sur-y-tambien-el-sudoeste-si-hay-litio-en-provincia\/#breadcrumb","itemListElement":[{"@type":"ListItem","position":1,"name":"Portada","item":"https:\/\/infoecos.com.ar\/"},{"@type":"ListItem","position":2,"name":"Investigar\u00e1n en la zona de Tandil, zona sur y tambi\u00e9n el sudoeste si hay litio en provincia"}]},{"@type":"WebSite","@id":"https:\/\/infoecos.com.ar\/#website","url":"https:\/\/infoecos.com.ar\/","name":"Infoecos","description":"Noticias de trenque lauquen y la zona","publisher":{"@id":"https:\/\/infoecos.com.ar\/#organization"},"alternateName":"Noticias","potentialAction":[{"@type":"SearchAction","target":{"@type":"EntryPoint","urlTemplate":"https:\/\/infoecos.com.ar\/?s={search_term_string}"},"query-input":{"@type":"PropertyValueSpecification","valueRequired":true,"valueName":"search_term_string"}}],"inLanguage":"es"},{"@type":"Organization","@id":"https:\/\/infoecos.com.ar\/#organization","name":"Infoecos","alternateName":"Noticias","url":"https:\/\/infoecos.com.ar\/","logo":{"@type":"ImageObject","inLanguage":"es","@id":"https:\/\/infoecos.com.ar\/#\/schema\/logo\/image\/","url":"https:\/\/infoecos.com.ar\/wp-content\/uploads\/2024\/03\/cropped-logo.png","contentUrl":"https:\/\/infoecos.com.ar\/wp-content\/uploads\/2024\/03\/cropped-logo.png","width":374,"height":90,"caption":"Infoecos"},"image":{"@id":"https:\/\/infoecos.com.ar\/#\/schema\/logo\/image\/"},"sameAs":["https:\/\/www.facebook.com\/profile.php?id=100063200290284","https:\/\/x.com\/infoecos"]},{"@type":"Person","@id":"https:\/\/infoecos.com.ar\/#\/schema\/person\/8f5ace5ce73b4b4aac4b7245aee6f191","name":"Jorge Matheus","url":"https:\/\/infoecos.com.ar\/index.php\/author\/jomatheus\/"}]}},"featured_image_urls":{"full":["https:\/\/infoecos.com.ar\/wp-content\/uploads\/2023\/09\/image-35.png",750,500,false],"thumbnail":["https:\/\/infoecos.com.ar\/wp-content\/uploads\/2023\/09\/image-35-300x150.png",300,150,true],"medium":["https:\/\/infoecos.com.ar\/wp-content\/uploads\/2023\/09\/image-35.png",750,500,false],"medium_large":["https:\/\/infoecos.com.ar\/wp-content\/uploads\/2023\/09\/image-35.png",640,427,false],"large":["https:\/\/infoecos.com.ar\/wp-content\/uploads\/2023\/09\/image-35.png",640,427,false],"1536x1536":["https:\/\/infoecos.com.ar\/wp-content\/uploads\/2023\/09\/image-35.png",750,500,false],"2048x2048":["https:\/\/infoecos.com.ar\/wp-content\/uploads\/2023\/09\/image-35.png",750,500,false],"covernews-slider-full":["https:\/\/infoecos.com.ar\/wp-content\/uploads\/2023\/09\/image-35.png",750,500,false],"covernews-slider-center":["https:\/\/infoecos.com.ar\/wp-content\/uploads\/2023\/09\/image-35.png",750,500,false],"covernews-featured":["https:\/\/infoecos.com.ar\/wp-content\/uploads\/2023\/09\/image-35.png",750,500,false],"covernews-medium":["https:\/\/infoecos.com.ar\/wp-content\/uploads\/2023\/09\/image-35-720x380.png",540,285,true],"covernews-medium-square":["https:\/\/infoecos.com.ar\/wp-content\/uploads\/2023\/09\/image-35-675x450.png",375,250,true]},"author_info":{"info":["Jorge Matheus"]},"category_info":"<a href=\"https:\/\/infoecos.com.ar\/index.php\/category\/c1nota7\/\" rel=\"category tag\">C1 nota 7<\/a>","tag_info":"C1 nota 7","comment_count":"0","_links":{"self":[{"href":"https:\/\/infoecos.com.ar\/index.php\/wp-json\/wp\/v2\/posts\/111809"}],"collection":[{"href":"https:\/\/infoecos.com.ar\/index.php\/wp-json\/wp\/v2\/posts"}],"about":[{"href":"https:\/\/infoecos.com.ar\/index.php\/wp-json\/wp\/v2\/types\/post"}],"author":[{"embeddable":true,"href":"https:\/\/infoecos.com.ar\/index.php\/wp-json\/wp\/v2\/users\/2"}],"replies":[{"embeddable":true,"href":"https:\/\/infoecos.com.ar\/index.php\/wp-json\/wp\/v2\/comments?post=111809"}],"version-history":[{"count":1,"href":"https:\/\/infoecos.com.ar\/index.php\/wp-json\/wp\/v2\/posts\/111809\/revisions"}],"predecessor-version":[{"id":111811,"href":"https:\/\/infoecos.com.ar\/index.php\/wp-json\/wp\/v2\/posts\/111809\/revisions\/111811"}],"wp:featuredmedia":[{"embeddable":true,"href":"https:\/\/infoecos.com.ar\/index.php\/wp-json\/wp\/v2\/media\/111810"}],"wp:attachment":[{"href":"https:\/\/infoecos.com.ar\/index.php\/wp-json\/wp\/v2\/media?parent=111809"}],"wp:term":[{"taxonomy":"category","embeddable":true,"href":"https:\/\/infoecos.com.ar\/index.php\/wp-json\/wp\/v2\/categories?post=111809"},{"taxonomy":"post_tag","embeddable":true,"href":"https:\/\/infoecos.com.ar\/index.php\/wp-json\/wp\/v2\/tags?post=111809"}],"curies":[{"name":"wp","href":"https:\/\/api.w.org\/{rel}","templated":true}]}}