{"id":111827,"date":"2023-09-09T14:04:24","date_gmt":"2023-09-09T17:04:24","guid":{"rendered":"https:\/\/infoecos.com.ar\/?p=111827"},"modified":"2023-09-11T10:45:18","modified_gmt":"2023-09-11T13:45:18","slug":"obispo-y-la-autovia","status":"publish","type":"post","link":"https:\/\/infoecos.com.ar\/index.php\/obispo-y-la-autovia\/","title":{"rendered":"Ariel Torrado Mosconi, Obispo de la Di\u00f3cesis de 9 de Julio, se suma al reclamo por la autov\u00eda Ruta 5"},"content":{"rendered":"\n<p>El Obispo de la Diocesis de 9 de Julio, Monse\u00f1or Ariel Torrado Mosconi, se ha sumado como representante de la Iglesia de toda la zona, al reclamo de la construcci\u00f3n de la Autov\u00eda sobre la Ruta N\u00b0 5.<\/p>\n\n\n\n<figure class=\"wp-block-image alignright size-large is-resized\"><img loading=\"lazy\" decoding=\"async\" src=\"https:\/\/infoecos.com.ar\/wp-content\/uploads\/unnamed-4-72-920x594.jpg\" alt=\"\" class=\"wp-image-34396\" width=\"479\" height=\"309\"\/><figcaption class=\"wp-element-caption\">Obispo Torrado Mosconi<\/figcaption><\/figure>\n\n\n\n<p>\u201cEsto es algo que lamentablemente vemos todos los d\u00edas, es algo constante\u00bb, mencion\u00f3. \u201cMi Di\u00f3cesis tiene como columna vertebral esta ruta, la recorro habitualmente desde Bragado hasta Trenque Lauquen por mis tareas como Obispo, e incluso viajo frecuentemente a Buenos Aires, y uno ve que ya no da para m\u00e1s esta situaci\u00f3n\u201d, expres\u00f3 en declaraciones que formul\u00f3 a un conocido programa que se emite por la 98.2 Mega Bragado.<\/p>\n\n\n\n<p>Hizo hincapi\u00e9 en que \u201ccada ciudadano debe tomar conciencia de que el cuidado de la vida propia y la ajena pasa por ser escrupulosamente respetuoso de las normativas de tr\u00e1nsito\u201d. Sin embargo, distingui\u00f3 que existe mucho movimiento de camiones sobre la ruta, lo que torna como una tarea dif\u00edcil el ser prudente. \u201cSe arman grandes colas de autos detr\u00e1s de camiones que terminan entorpeciendo el flujo del tr\u00e1nsito\u201d, coment\u00f3 y prosigui\u00f3: \u201cLa estructura no da m\u00e1s para poder tolerar semejante cantidad de tr\u00e1nsito\u201d.<\/p>\n\n\n\n<p>Especific\u00f3 que se sum\u00f3 al grupo de reclamo porque \u201ccomo creyente valoro much\u00edsimo la vida, es el don m\u00e1s preciado que tenemos y es algo que aqu\u00ed se est\u00e1 poniendo en riesgo\u201d. Manifest\u00f3 que actualmente se discute mucho el papel del Estado en la v\u00eda p\u00fablica.&nbsp;<\/p>\n\n\n\n<p>A su vez, se\u00f1al\u00f3 que \u201cNoto que no se presentan en los medios de comunicaci\u00f3n estad\u00edsticas claras de cu\u00e1ntas son las personas que mueren al a\u00f1o en las rutas argentinas y en concreto en la Ruta Nacional N\u00b0 5; y cu\u00e1ntas personas quedan con la vida destrozada aunque no mueran\u201d.<\/p>\n\n\n\n<p>Indic\u00f3 que \u201cestoy intentando hacer una peque\u00f1a carta pastoral para los fieles, el deber es ciudadano en realidad. Yo solamente puedo unirme a esta preocupaci\u00f3n y hacer tomar conciencia dentro de mis posibilidades\u201d.<\/p>\n\n\n\n<figure class=\"wp-block-image alignright size-full is-resized\"><img loading=\"lazy\" decoding=\"async\" src=\"https:\/\/infoecos.com.ar\/wp-content\/uploads\/2023\/03\/acccidenteruta5diaz.jpg\" alt=\"\" class=\"wp-image-102861\" width=\"463\" height=\"191\"\/><\/figure>\n\n\n\n<p>Sin \u00e1nimos de tomar partido por ninguna rama pol\u00edtica, el Obispo hizo hincapi\u00e9 en que \u201che visto en los \u00faltimos a\u00f1os que se inician obras y cuando se est\u00e1 viendo de que tal vez va a tener otro color pol\u00edtico la nueva gesti\u00f3n, se abandonan\u201d. Agreg\u00f3 que \u201ces muy doloroso lo que se ve en el trayecto de Mercedes a Suipacha, porque se hab\u00eda avanzado much\u00edsimo en la obra\u201d.<\/p>\n\n\n\n<p>Tambi\u00e9n enfatiz\u00f3 en la falta de mantenimiento de la uni\u00f3n de la Ruta 5 con el Acceso Oeste. \u201cEst\u00e1 totalmente abandonada, las luces no se encienden, los pastizales se encuentran a la altura de dos metros de alto\u201d.&nbsp;<\/p>\n\n\n\n<p>\u201cIndigna que no haya una mirada que vaya m\u00e1s all\u00e1 de ciertas conveniencias pol\u00edticas, y que realmente nos preocupemos por algo que concretamente est\u00e1 afectando a la vida del ciudadano\u201d, cerr\u00f3.<\/p>\n\n\n\n<figure class=\"wp-block-embed is-type-video is-provider-youtube wp-block-embed-youtube wp-embed-aspect-16-9 wp-has-aspect-ratio\"><div class=\"wp-block-embed__wrapper\">\n<iframe loading=\"lazy\" title=\"LA IGLESIA SE SUMA AL RECLAMO DE LA AUTOV\u00cdA 5, TRAS LA TRAGEDIA DE FRENCH\" width=\"640\" height=\"360\" src=\"https:\/\/www.youtube.com\/embed\/rOy9gN4e15U?start=1&#038;feature=oembed\" frameborder=\"0\" allow=\"accelerometer; autoplay; clipboard-write; encrypted-media; gyroscope; picture-in-picture; web-share\" referrerpolicy=\"strict-origin-when-cross-origin\" allowfullscreen><\/iframe>\n<\/div><\/figure>\n","protected":false},"excerpt":{"rendered":"<p>Declaraciones que formul\u00f3 a un conocido programa que se emite por la 98.2 Mega Bragado<\/p>\n","protected":false},"author":2,"featured_media":36786,"comment_status":"closed","ping_status":"open","sticky":false,"template":"","format":"standard","meta":{"footnotes":""},"categories":[25],"tags":[9069],"class_list":["post-111827","post","type-post","status-publish","format-standard","has-post-thumbnail","hentry","category-c3nota1","tag-representara-a-la-iglesia-de-la-zona"],"yoast_head":"<!-- This site is optimized with the Yoast SEO plugin v23.4 - https:\/\/yoast.com\/wordpress\/plugins\/seo\/ -->\n<title>Ariel Torrado Mosconi, Obispo de la Di\u00f3cesis de 9 de Julio, se suma al reclamo por la autov\u00eda Ruta 5 - Infoecos<\/title>\n<meta name=\"robots\" content=\"index, follow, max-snippet:-1, max-image-preview:large, max-video-preview:-1\" \/>\n<link rel=\"canonical\" href=\"https:\/\/infoecos.com.ar\/index.php\/obispo-y-la-autovia\/\" \/>\n<meta property=\"og:locale\" content=\"es_ES\" \/>\n<meta property=\"og:type\" content=\"article\" \/>\n<meta property=\"og:title\" content=\"Ariel Torrado Mosconi, Obispo de la Di\u00f3cesis de 9 de Julio, se suma al reclamo por la autov\u00eda Ruta 5 - Infoecos\" \/>\n<meta property=\"og:description\" content=\"Declaraciones que formul\u00f3 a un conocido programa que se emite por la 98.2 Mega Bragado\" \/>\n<meta property=\"og:url\" content=\"https:\/\/infoecos.com.ar\/index.php\/obispo-y-la-autovia\/\" \/>\n<meta property=\"og:site_name\" content=\"Infoecos\" \/>\n<meta property=\"article:publisher\" content=\"https:\/\/www.facebook.com\/profile.php?id=100063200290284\" \/>\n<meta property=\"article:published_time\" content=\"2023-09-09T17:04:24+00:00\" \/>\n<meta property=\"article:modified_time\" content=\"2023-09-11T13:45:18+00:00\" \/>\n<meta property=\"og:image\" content=\"https:\/\/infoecos.com.ar\/wp-content\/uploads\/unnamed-7-93.jpg\" \/>\n\t<meta property=\"og:image:width\" content=\"1388\" \/>\n\t<meta property=\"og:image:height\" content=\"925\" \/>\n\t<meta property=\"og:image:type\" content=\"image\/jpeg\" \/>\n<meta name=\"author\" content=\"Jorge Matheus\" \/>\n<meta name=\"twitter:card\" content=\"summary_large_image\" \/>\n<meta name=\"twitter:creator\" content=\"@infoecos\" \/>\n<meta name=\"twitter:site\" content=\"@infoecos\" \/>\n<meta name=\"twitter:label1\" content=\"Escrito por\" \/>\n\t<meta name=\"twitter:data1\" content=\"Jorge Matheus\" \/>\n\t<meta name=\"twitter:label2\" content=\"Tiempo de lectura\" \/>\n\t<meta name=\"twitter:data2\" content=\"3 minutos\" \/>\n<script type=\"application\/ld+json\" class=\"yoast-schema-graph\">{\"@context\":\"https:\/\/schema.org\",\"@graph\":[{\"@type\":\"Article\",\"@id\":\"https:\/\/infoecos.com.ar\/index.php\/obispo-y-la-autovia\/#article\",\"isPartOf\":{\"@id\":\"https:\/\/infoecos.com.ar\/index.php\/obispo-y-la-autovia\/\"},\"author\":{\"name\":\"Jorge Matheus\",\"@id\":\"https:\/\/infoecos.com.ar\/#\/schema\/person\/8f5ace5ce73b4b4aac4b7245aee6f191\"},\"headline\":\"Ariel Torrado Mosconi, Obispo de la Di\u00f3cesis de 9 de Julio, se suma al reclamo por la autov\u00eda Ruta 5\",\"datePublished\":\"2023-09-09T17:04:24+00:00\",\"dateModified\":\"2023-09-11T13:45:18+00:00\",\"mainEntityOfPage\":{\"@id\":\"https:\/\/infoecos.com.ar\/index.php\/obispo-y-la-autovia\/\"},\"wordCount\":529,\"publisher\":{\"@id\":\"https:\/\/infoecos.com.ar\/#organization\"},\"image\":{\"@id\":\"https:\/\/infoecos.com.ar\/index.php\/obispo-y-la-autovia\/#primaryimage\"},\"thumbnailUrl\":\"\",\"keywords\":[\"REPRESENTAR\u00c1 A LA IGLESIA DE LA ZONA\"],\"articleSection\":[\"C3 N1\"],\"inLanguage\":\"es\"},{\"@type\":\"WebPage\",\"@id\":\"https:\/\/infoecos.com.ar\/index.php\/obispo-y-la-autovia\/\",\"url\":\"https:\/\/infoecos.com.ar\/index.php\/obispo-y-la-autovia\/\",\"name\":\"Ariel Torrado Mosconi, Obispo de la Di\u00f3cesis de 9 de Julio, se suma al reclamo por la autov\u00eda Ruta 5 - Infoecos\",\"isPartOf\":{\"@id\":\"https:\/\/infoecos.com.ar\/#website\"},\"primaryImageOfPage\":{\"@id\":\"https:\/\/infoecos.com.ar\/index.php\/obispo-y-la-autovia\/#primaryimage\"},\"image\":{\"@id\":\"https:\/\/infoecos.com.ar\/index.php\/obispo-y-la-autovia\/#primaryimage\"},\"thumbnailUrl\":\"\",\"datePublished\":\"2023-09-09T17:04:24+00:00\",\"dateModified\":\"2023-09-11T13:45:18+00:00\",\"breadcrumb\":{\"@id\":\"https:\/\/infoecos.com.ar\/index.php\/obispo-y-la-autovia\/#breadcrumb\"},\"inLanguage\":\"es\",\"potentialAction\":[{\"@type\":\"ReadAction\",\"target\":[\"https:\/\/infoecos.com.ar\/index.php\/obispo-y-la-autovia\/\"]}]},{\"@type\":\"ImageObject\",\"inLanguage\":\"es\",\"@id\":\"https:\/\/infoecos.com.ar\/index.php\/obispo-y-la-autovia\/#primaryimage\",\"url\":\"\",\"contentUrl\":\"\"},{\"@type\":\"BreadcrumbList\",\"@id\":\"https:\/\/infoecos.com.ar\/index.php\/obispo-y-la-autovia\/#breadcrumb\",\"itemListElement\":[{\"@type\":\"ListItem\",\"position\":1,\"name\":\"Portada\",\"item\":\"https:\/\/infoecos.com.ar\/\"},{\"@type\":\"ListItem\",\"position\":2,\"name\":\"Ariel Torrado Mosconi, Obispo de la Di\u00f3cesis de 9 de Julio, se suma al reclamo por la autov\u00eda Ruta 5\"}]},{\"@type\":\"WebSite\",\"@id\":\"https:\/\/infoecos.com.ar\/#website\",\"url\":\"https:\/\/infoecos.com.ar\/\",\"name\":\"Infoecos\",\"description\":\"Noticias de trenque lauquen y la zona\",\"publisher\":{\"@id\":\"https:\/\/infoecos.com.ar\/#organization\"},\"alternateName\":\"Noticias\",\"potentialAction\":[{\"@type\":\"SearchAction\",\"target\":{\"@type\":\"EntryPoint\",\"urlTemplate\":\"https:\/\/infoecos.com.ar\/?s={search_term_string}\"},\"query-input\":{\"@type\":\"PropertyValueSpecification\",\"valueRequired\":true,\"valueName\":\"search_term_string\"}}],\"inLanguage\":\"es\"},{\"@type\":\"Organization\",\"@id\":\"https:\/\/infoecos.com.ar\/#organization\",\"name\":\"Infoecos\",\"alternateName\":\"Noticias\",\"url\":\"https:\/\/infoecos.com.ar\/\",\"logo\":{\"@type\":\"ImageObject\",\"inLanguage\":\"es\",\"@id\":\"https:\/\/infoecos.com.ar\/#\/schema\/logo\/image\/\",\"url\":\"https:\/\/infoecos.com.ar\/wp-content\/uploads\/2024\/03\/cropped-logo.png\",\"contentUrl\":\"https:\/\/infoecos.com.ar\/wp-content\/uploads\/2024\/03\/cropped-logo.png\",\"width\":374,\"height\":90,\"caption\":\"Infoecos\"},\"image\":{\"@id\":\"https:\/\/infoecos.com.ar\/#\/schema\/logo\/image\/\"},\"sameAs\":[\"https:\/\/www.facebook.com\/profile.php?id=100063200290284\",\"https:\/\/x.com\/infoecos\"]},{\"@type\":\"Person\",\"@id\":\"https:\/\/infoecos.com.ar\/#\/schema\/person\/8f5ace5ce73b4b4aac4b7245aee6f191\",\"name\":\"Jorge Matheus\",\"url\":\"https:\/\/infoecos.com.ar\/index.php\/author\/jomatheus\/\"}]}<\/script>\n<!-- \/ Yoast SEO plugin. -->","yoast_head_json":{"title":"Ariel Torrado Mosconi, Obispo de la Di\u00f3cesis de 9 de Julio, se suma al reclamo por la autov\u00eda Ruta 5 - Infoecos","robots":{"index":"index","follow":"follow","max-snippet":"max-snippet:-1","max-image-preview":"max-image-preview:large","max-video-preview":"max-video-preview:-1"},"canonical":"https:\/\/infoecos.com.ar\/index.php\/obispo-y-la-autovia\/","og_locale":"es_ES","og_type":"article","og_title":"Ariel Torrado Mosconi, Obispo de la Di\u00f3cesis de 9 de Julio, se suma al reclamo por la autov\u00eda Ruta 5 - Infoecos","og_description":"Declaraciones que formul\u00f3 a un conocido programa que se emite por la 98.2 Mega Bragado","og_url":"https:\/\/infoecos.com.ar\/index.php\/obispo-y-la-autovia\/","og_site_name":"Infoecos","article_publisher":"https:\/\/www.facebook.com\/profile.php?id=100063200290284","article_published_time":"2023-09-09T17:04:24+00:00","article_modified_time":"2023-09-11T13:45:18+00:00","og_image":[{"width":1388,"height":925,"url":"https:\/\/infoecos.com.ar\/wp-content\/uploads\/unnamed-7-93.jpg","type":"image\/jpeg"}],"author":"Jorge Matheus","twitter_card":"summary_large_image","twitter_creator":"@infoecos","twitter_site":"@infoecos","twitter_misc":{"Escrito por":"Jorge Matheus","Tiempo de lectura":"3 minutos"},"schema":{"@context":"https:\/\/schema.org","@graph":[{"@type":"Article","@id":"https:\/\/infoecos.com.ar\/index.php\/obispo-y-la-autovia\/#article","isPartOf":{"@id":"https:\/\/infoecos.com.ar\/index.php\/obispo-y-la-autovia\/"},"author":{"name":"Jorge Matheus","@id":"https:\/\/infoecos.com.ar\/#\/schema\/person\/8f5ace5ce73b4b4aac4b7245aee6f191"},"headline":"Ariel Torrado Mosconi, Obispo de la Di\u00f3cesis de 9 de Julio, se suma al reclamo por la autov\u00eda Ruta 5","datePublished":"2023-09-09T17:04:24+00:00","dateModified":"2023-09-11T13:45:18+00:00","mainEntityOfPage":{"@id":"https:\/\/infoecos.com.ar\/index.php\/obispo-y-la-autovia\/"},"wordCount":529,"publisher":{"@id":"https:\/\/infoecos.com.ar\/#organization"},"image":{"@id":"https:\/\/infoecos.com.ar\/index.php\/obispo-y-la-autovia\/#primaryimage"},"thumbnailUrl":"","keywords":["REPRESENTAR\u00c1 A LA IGLESIA DE LA ZONA"],"articleSection":["C3 N1"],"inLanguage":"es"},{"@type":"WebPage","@id":"https:\/\/infoecos.com.ar\/index.php\/obispo-y-la-autovia\/","url":"https:\/\/infoecos.com.ar\/index.php\/obispo-y-la-autovia\/","name":"Ariel Torrado Mosconi, Obispo de la Di\u00f3cesis de 9 de Julio, se suma al reclamo por la autov\u00eda Ruta 5 - Infoecos","isPartOf":{"@id":"https:\/\/infoecos.com.ar\/#website"},"primaryImageOfPage":{"@id":"https:\/\/infoecos.com.ar\/index.php\/obispo-y-la-autovia\/#primaryimage"},"image":{"@id":"https:\/\/infoecos.com.ar\/index.php\/obispo-y-la-autovia\/#primaryimage"},"thumbnailUrl":"","datePublished":"2023-09-09T17:04:24+00:00","dateModified":"2023-09-11T13:45:18+00:00","breadcrumb":{"@id":"https:\/\/infoecos.com.ar\/index.php\/obispo-y-la-autovia\/#breadcrumb"},"inLanguage":"es","potentialAction":[{"@type":"ReadAction","target":["https:\/\/infoecos.com.ar\/index.php\/obispo-y-la-autovia\/"]}]},{"@type":"ImageObject","inLanguage":"es","@id":"https:\/\/infoecos.com.ar\/index.php\/obispo-y-la-autovia\/#primaryimage","url":"","contentUrl":""},{"@type":"BreadcrumbList","@id":"https:\/\/infoecos.com.ar\/index.php\/obispo-y-la-autovia\/#breadcrumb","itemListElement":[{"@type":"ListItem","position":1,"name":"Portada","item":"https:\/\/infoecos.com.ar\/"},{"@type":"ListItem","position":2,"name":"Ariel Torrado Mosconi, Obispo de la Di\u00f3cesis de 9 de Julio, se suma al reclamo por la autov\u00eda Ruta 5"}]},{"@type":"WebSite","@id":"https:\/\/infoecos.com.ar\/#website","url":"https:\/\/infoecos.com.ar\/","name":"Infoecos","description":"Noticias de trenque lauquen y la zona","publisher":{"@id":"https:\/\/infoecos.com.ar\/#organization"},"alternateName":"Noticias","potentialAction":[{"@type":"SearchAction","target":{"@type":"EntryPoint","urlTemplate":"https:\/\/infoecos.com.ar\/?s={search_term_string}"},"query-input":{"@type":"PropertyValueSpecification","valueRequired":true,"valueName":"search_term_string"}}],"inLanguage":"es"},{"@type":"Organization","@id":"https:\/\/infoecos.com.ar\/#organization","name":"Infoecos","alternateName":"Noticias","url":"https:\/\/infoecos.com.ar\/","logo":{"@type":"ImageObject","inLanguage":"es","@id":"https:\/\/infoecos.com.ar\/#\/schema\/logo\/image\/","url":"https:\/\/infoecos.com.ar\/wp-content\/uploads\/2024\/03\/cropped-logo.png","contentUrl":"https:\/\/infoecos.com.ar\/wp-content\/uploads\/2024\/03\/cropped-logo.png","width":374,"height":90,"caption":"Infoecos"},"image":{"@id":"https:\/\/infoecos.com.ar\/#\/schema\/logo\/image\/"},"sameAs":["https:\/\/www.facebook.com\/profile.php?id=100063200290284","https:\/\/x.com\/infoecos"]},{"@type":"Person","@id":"https:\/\/infoecos.com.ar\/#\/schema\/person\/8f5ace5ce73b4b4aac4b7245aee6f191","name":"Jorge Matheus","url":"https:\/\/infoecos.com.ar\/index.php\/author\/jomatheus\/"}]}},"featured_image_urls":{"full":"","thumbnail":"","medium":"","medium_large":"","large":"","1536x1536":"","2048x2048":"","covernews-slider-full":"","covernews-slider-center":"","covernews-featured":"","covernews-medium":"","covernews-medium-square":""},"author_info":{"info":["Jorge Matheus"]},"category_info":"<a href=\"https:\/\/infoecos.com.ar\/index.php\/category\/c3nota1\/\" rel=\"category tag\">C3 N1<\/a>","tag_info":"C3 N1","comment_count":"0","_links":{"self":[{"href":"https:\/\/infoecos.com.ar\/index.php\/wp-json\/wp\/v2\/posts\/111827"}],"collection":[{"href":"https:\/\/infoecos.com.ar\/index.php\/wp-json\/wp\/v2\/posts"}],"about":[{"href":"https:\/\/infoecos.com.ar\/index.php\/wp-json\/wp\/v2\/types\/post"}],"author":[{"embeddable":true,"href":"https:\/\/infoecos.com.ar\/index.php\/wp-json\/wp\/v2\/users\/2"}],"replies":[{"embeddable":true,"href":"https:\/\/infoecos.com.ar\/index.php\/wp-json\/wp\/v2\/comments?post=111827"}],"version-history":[{"count":2,"href":"https:\/\/infoecos.com.ar\/index.php\/wp-json\/wp\/v2\/posts\/111827\/revisions"}],"predecessor-version":[{"id":111876,"href":"https:\/\/infoecos.com.ar\/index.php\/wp-json\/wp\/v2\/posts\/111827\/revisions\/111876"}],"wp:featuredmedia":[{"embeddable":true,"href":"https:\/\/infoecos.com.ar\/index.php\/wp-json\/"}],"wp:attachment":[{"href":"https:\/\/infoecos.com.ar\/index.php\/wp-json\/wp\/v2\/media?parent=111827"}],"wp:term":[{"taxonomy":"category","embeddable":true,"href":"https:\/\/infoecos.com.ar\/index.php\/wp-json\/wp\/v2\/categories?post=111827"},{"taxonomy":"post_tag","embeddable":true,"href":"https:\/\/infoecos.com.ar\/index.php\/wp-json\/wp\/v2\/tags?post=111827"}],"curies":[{"name":"wp","href":"https:\/\/api.w.org\/{rel}","templated":true}]}}