{"id":111849,"date":"2023-09-10T18:08:54","date_gmt":"2023-09-10T21:08:54","guid":{"rendered":"https:\/\/infoecos.com.ar\/?p=111849"},"modified":"2023-09-12T02:36:48","modified_gmt":"2023-09-12T05:36:48","slug":"volvio-el-automovilismo-a-9-de-julio-con-el-tc-2000-gano-leonel-tanito-pernia","status":"publish","type":"post","link":"https:\/\/infoecos.com.ar\/index.php\/volvio-el-automovilismo-a-9-de-julio-con-el-tc-2000-gano-leonel-tanito-pernia\/","title":{"rendered":"Volvi\u00f3 el automovilismo a 9 de Julio con el TC 2000: gan\u00f3 Leonel \u00abTanito\u00bb Pern\u00eda"},"content":{"rendered":"\n<p>En el circuito&nbsp;<strong>Guillermo \u201cYoyo\u201d Maldonado<\/strong>&nbsp;de&nbsp;<strong>9 de Julio, <\/strong>el \u00abTanito\u00bb Pern\u00eda sell\u00f3 una nueva victoria, la 32da en su historial dentro de la categor\u00eda y fue escoltado por los mendocinos Juli\u00e1n Santero y Bernardo Llaver. Traverso se qued\u00f3 con el triunfo en en Series, por delante del entrerriano Stang y Capurro complet\u00f3 el podio.<\/p>\n\n\n\n<figure class=\"wp-block-image size-full\"><img loading=\"lazy\" decoding=\"async\" width=\"1400\" height=\"520\" src=\"https:\/\/infoecos.com.ar\/wp-content\/uploads\/2023\/09\/image-38.png\" alt=\"\" class=\"wp-image-111850\" srcset=\"https:\/\/infoecos.com.ar\/wp-content\/uploads\/2023\/09\/image-38.png 1400w, https:\/\/infoecos.com.ar\/wp-content\/uploads\/2023\/09\/image-38-800x297.png 800w, https:\/\/infoecos.com.ar\/wp-content\/uploads\/2023\/09\/image-38-768x285.png 768w, https:\/\/infoecos.com.ar\/wp-content\/uploads\/2023\/09\/image-38-1024x380.png 1024w\" sizes=\"(max-width: 1400px) 100vw, 1400px\" \/><\/figure>\n\n\n\n<p>Leonel Pern\u00eda lidera el torneo con 283 puntos, segundo qued\u00f3 Juli\u00e1n Santero a 81 de diferencia, tercero Franco Vivian a 89, cuarto Facundo Ardusso a 104 y quinto Ignacio Montenegro a 113.<\/p>\n\n\n\n<p><strong>Resultado de la segunda final:<\/strong><\/p>\n\n\n\n<figure class=\"wp-block-table\"><table><thead><tr><td>Posici\u00f3n<\/td><td>Piloto<\/td><td>Marca<\/td><td>Vueltas<\/td><td>Tiempo<\/td><td>Diferencia<\/td><\/tr><\/thead><tbody><tr><td>1<\/td><td>Leonel Pernia<\/td><td>Renault&nbsp;Fluence GT<\/td><td>17<\/td><td>00:26:55.945<\/td><td>00.000<\/td><\/tr><tr><td>2<\/td><td>Juli\u00e1n Santero<\/td><td>Toyota&nbsp;Corolla<\/td><td>17<\/td><td>00:26:59.052<\/td><td>03.107<\/td><\/tr><tr><td>3<\/td><td>Bernardo Llaver<\/td><td>Honda&nbsp;Honda Civic<\/td><td>17<\/td><td>00:27:02.864<\/td><td>06.919<\/td><\/tr><tr><td>4<\/td><td>Luis Jos\u00e9 Di Palma<\/td><td>Fiat&nbsp;Fiat Cronos<\/td><td>17<\/td><td>00:27:10.394<\/td><td>14.449<\/td><\/tr><tr><td>5<\/td><td>Facundo Ardusso<\/td><td>Honda&nbsp;Honda Civic<\/td><td>17<\/td><td>00:27:11.396<\/td><td>15.451<\/td><\/tr><tr><td>6<\/td><td>Facundo Marques<\/td><td>Renault&nbsp;Fluence GT<\/td><td>17<\/td><td>00:27:11.738<\/td><td>15.793<\/td><\/tr><tr><td>7<\/td><td>Mariano Pernia<\/td><td>Renault&nbsp;Fluence GT<\/td><td>17<\/td><td>00:27:11.986<\/td><td>16.041<\/td><\/tr><tr><td>8<\/td><td>Javier Scuncio Moro<\/td><td>Honda&nbsp;Honda Civic<\/td><td>17<\/td><td>00:27:18.360<\/td><td>22.415<\/td><\/tr><tr><td>9<\/td><td>Marcelo Ciarrocchi<\/td><td>Fiat&nbsp;Fiat Cronos<\/td><td>17<\/td><td>00:27:22.023<\/td><td>26.078<\/td><\/tr><tr><td>10<\/td><td>Franco Vivian<\/td><td>Chevrolet&nbsp;Cruze<\/td><td>17<\/td><td>00:27:23.830<\/td><td>27.885<\/td><\/tr><\/tbody><\/table><\/figure>\n","protected":false},"excerpt":{"rendered":"<p>Leonel Pern\u00eda lidera el torneo con 283 puntos, segundo qued\u00f3 Juli\u00e1n Santero a 81 de diferencia, tercero Franco Vivian a 89, cuarto Facundo Ardusso a 104 y quinto Ignacio Montenegro a 113.<\/p>\n","protected":false},"author":2,"featured_media":111850,"comment_status":"closed","ping_status":"open","sticky":false,"template":"","format":"standard","meta":{"footnotes":""},"categories":[43],"tags":[9063],"class_list":["post-111849","post","type-post","status-publish","format-standard","has-post-thumbnail","hentry","category-inferior4","tag-mas-automovilismo"],"yoast_head":"<!-- This site is optimized with the Yoast SEO plugin v23.4 - https:\/\/yoast.com\/wordpress\/plugins\/seo\/ -->\n<title>Volvi\u00f3 el automovilismo a 9 de Julio con el TC 2000: gan\u00f3 Leonel &quot;Tanito&quot; Pern\u00eda - Infoecos<\/title>\n<meta name=\"robots\" content=\"index, follow, max-snippet:-1, max-image-preview:large, max-video-preview:-1\" \/>\n<link rel=\"canonical\" href=\"https:\/\/infoecos.com.ar\/index.php\/volvio-el-automovilismo-a-9-de-julio-con-el-tc-2000-gano-leonel-tanito-pernia\/\" \/>\n<meta property=\"og:locale\" content=\"es_ES\" \/>\n<meta property=\"og:type\" content=\"article\" \/>\n<meta property=\"og:title\" content=\"Volvi\u00f3 el automovilismo a 9 de Julio con el TC 2000: gan\u00f3 Leonel &quot;Tanito&quot; Pern\u00eda - Infoecos\" \/>\n<meta property=\"og:description\" content=\"Leonel Pern\u00eda lidera el torneo con 283 puntos, segundo qued\u00f3 Juli\u00e1n Santero a 81 de diferencia, tercero Franco Vivian a 89, cuarto Facundo Ardusso a 104 y quinto Ignacio Montenegro a 113.\" \/>\n<meta property=\"og:url\" content=\"https:\/\/infoecos.com.ar\/index.php\/volvio-el-automovilismo-a-9-de-julio-con-el-tc-2000-gano-leonel-tanito-pernia\/\" \/>\n<meta property=\"og:site_name\" content=\"Infoecos\" \/>\n<meta property=\"article:publisher\" content=\"https:\/\/www.facebook.com\/profile.php?id=100063200290284\" \/>\n<meta property=\"article:published_time\" content=\"2023-09-10T21:08:54+00:00\" \/>\n<meta property=\"article:modified_time\" content=\"2023-09-12T05:36:48+00:00\" \/>\n<meta property=\"og:image\" content=\"https:\/\/infoecos.com.ar\/wp-content\/uploads\/2023\/09\/image-38.png\" \/>\n\t<meta property=\"og:image:width\" content=\"1400\" \/>\n\t<meta property=\"og:image:height\" content=\"520\" \/>\n\t<meta property=\"og:image:type\" content=\"image\/png\" \/>\n<meta name=\"author\" content=\"Jorge Matheus\" \/>\n<meta name=\"twitter:card\" content=\"summary_large_image\" \/>\n<meta name=\"twitter:creator\" content=\"@infoecos\" \/>\n<meta name=\"twitter:site\" content=\"@infoecos\" \/>\n<meta name=\"twitter:label1\" content=\"Escrito por\" \/>\n\t<meta name=\"twitter:data1\" content=\"Jorge Matheus\" \/>\n\t<meta name=\"twitter:label2\" content=\"Tiempo de lectura\" \/>\n\t<meta name=\"twitter:data2\" content=\"2 minutos\" \/>\n<script type=\"application\/ld+json\" class=\"yoast-schema-graph\">{\"@context\":\"https:\/\/schema.org\",\"@graph\":[{\"@type\":\"Article\",\"@id\":\"https:\/\/infoecos.com.ar\/index.php\/volvio-el-automovilismo-a-9-de-julio-con-el-tc-2000-gano-leonel-tanito-pernia\/#article\",\"isPartOf\":{\"@id\":\"https:\/\/infoecos.com.ar\/index.php\/volvio-el-automovilismo-a-9-de-julio-con-el-tc-2000-gano-leonel-tanito-pernia\/\"},\"author\":{\"name\":\"Jorge Matheus\",\"@id\":\"https:\/\/infoecos.com.ar\/#\/schema\/person\/8f5ace5ce73b4b4aac4b7245aee6f191\"},\"headline\":\"Volvi\u00f3 el automovilismo a 9 de Julio con el TC 2000: gan\u00f3 Leonel \u00abTanito\u00bb Pern\u00eda\",\"datePublished\":\"2023-09-10T21:08:54+00:00\",\"dateModified\":\"2023-09-12T05:36:48+00:00\",\"mainEntityOfPage\":{\"@id\":\"https:\/\/infoecos.com.ar\/index.php\/volvio-el-automovilismo-a-9-de-julio-con-el-tc-2000-gano-leonel-tanito-pernia\/\"},\"wordCount\":178,\"publisher\":{\"@id\":\"https:\/\/infoecos.com.ar\/#organization\"},\"image\":{\"@id\":\"https:\/\/infoecos.com.ar\/index.php\/volvio-el-automovilismo-a-9-de-julio-con-el-tc-2000-gano-leonel-tanito-pernia\/#primaryimage\"},\"thumbnailUrl\":\"https:\/\/infoecos.com.ar\/wp-content\/uploads\/2023\/09\/image-38.png\",\"keywords\":[\"M\u00c1S AUTOMOVILISMO\"],\"articleSection\":[\"Bloque inferior - 4\"],\"inLanguage\":\"es\"},{\"@type\":\"WebPage\",\"@id\":\"https:\/\/infoecos.com.ar\/index.php\/volvio-el-automovilismo-a-9-de-julio-con-el-tc-2000-gano-leonel-tanito-pernia\/\",\"url\":\"https:\/\/infoecos.com.ar\/index.php\/volvio-el-automovilismo-a-9-de-julio-con-el-tc-2000-gano-leonel-tanito-pernia\/\",\"name\":\"Volvi\u00f3 el automovilismo a 9 de Julio con el TC 2000: gan\u00f3 Leonel \\\"Tanito\\\" Pern\u00eda - Infoecos\",\"isPartOf\":{\"@id\":\"https:\/\/infoecos.com.ar\/#website\"},\"primaryImageOfPage\":{\"@id\":\"https:\/\/infoecos.com.ar\/index.php\/volvio-el-automovilismo-a-9-de-julio-con-el-tc-2000-gano-leonel-tanito-pernia\/#primaryimage\"},\"image\":{\"@id\":\"https:\/\/infoecos.com.ar\/index.php\/volvio-el-automovilismo-a-9-de-julio-con-el-tc-2000-gano-leonel-tanito-pernia\/#primaryimage\"},\"thumbnailUrl\":\"https:\/\/infoecos.com.ar\/wp-content\/uploads\/2023\/09\/image-38.png\",\"datePublished\":\"2023-09-10T21:08:54+00:00\",\"dateModified\":\"2023-09-12T05:36:48+00:00\",\"breadcrumb\":{\"@id\":\"https:\/\/infoecos.com.ar\/index.php\/volvio-el-automovilismo-a-9-de-julio-con-el-tc-2000-gano-leonel-tanito-pernia\/#breadcrumb\"},\"inLanguage\":\"es\",\"potentialAction\":[{\"@type\":\"ReadAction\",\"target\":[\"https:\/\/infoecos.com.ar\/index.php\/volvio-el-automovilismo-a-9-de-julio-con-el-tc-2000-gano-leonel-tanito-pernia\/\"]}]},{\"@type\":\"ImageObject\",\"inLanguage\":\"es\",\"@id\":\"https:\/\/infoecos.com.ar\/index.php\/volvio-el-automovilismo-a-9-de-julio-con-el-tc-2000-gano-leonel-tanito-pernia\/#primaryimage\",\"url\":\"https:\/\/infoecos.com.ar\/wp-content\/uploads\/2023\/09\/image-38.png\",\"contentUrl\":\"https:\/\/infoecos.com.ar\/wp-content\/uploads\/2023\/09\/image-38.png\",\"width\":1400,\"height\":520},{\"@type\":\"BreadcrumbList\",\"@id\":\"https:\/\/infoecos.com.ar\/index.php\/volvio-el-automovilismo-a-9-de-julio-con-el-tc-2000-gano-leonel-tanito-pernia\/#breadcrumb\",\"itemListElement\":[{\"@type\":\"ListItem\",\"position\":1,\"name\":\"Portada\",\"item\":\"https:\/\/infoecos.com.ar\/\"},{\"@type\":\"ListItem\",\"position\":2,\"name\":\"Volvi\u00f3 el automovilismo a 9 de Julio con el TC 2000: gan\u00f3 Leonel \u00abTanito\u00bb Pern\u00eda\"}]},{\"@type\":\"WebSite\",\"@id\":\"https:\/\/infoecos.com.ar\/#website\",\"url\":\"https:\/\/infoecos.com.ar\/\",\"name\":\"Infoecos\",\"description\":\"Noticias de trenque lauquen y la zona\",\"publisher\":{\"@id\":\"https:\/\/infoecos.com.ar\/#organization\"},\"alternateName\":\"Noticias\",\"potentialAction\":[{\"@type\":\"SearchAction\",\"target\":{\"@type\":\"EntryPoint\",\"urlTemplate\":\"https:\/\/infoecos.com.ar\/?s={search_term_string}\"},\"query-input\":{\"@type\":\"PropertyValueSpecification\",\"valueRequired\":true,\"valueName\":\"search_term_string\"}}],\"inLanguage\":\"es\"},{\"@type\":\"Organization\",\"@id\":\"https:\/\/infoecos.com.ar\/#organization\",\"name\":\"Infoecos\",\"alternateName\":\"Noticias\",\"url\":\"https:\/\/infoecos.com.ar\/\",\"logo\":{\"@type\":\"ImageObject\",\"inLanguage\":\"es\",\"@id\":\"https:\/\/infoecos.com.ar\/#\/schema\/logo\/image\/\",\"url\":\"https:\/\/infoecos.com.ar\/wp-content\/uploads\/2024\/03\/cropped-logo.png\",\"contentUrl\":\"https:\/\/infoecos.com.ar\/wp-content\/uploads\/2024\/03\/cropped-logo.png\",\"width\":374,\"height\":90,\"caption\":\"Infoecos\"},\"image\":{\"@id\":\"https:\/\/infoecos.com.ar\/#\/schema\/logo\/image\/\"},\"sameAs\":[\"https:\/\/www.facebook.com\/profile.php?id=100063200290284\",\"https:\/\/x.com\/infoecos\"]},{\"@type\":\"Person\",\"@id\":\"https:\/\/infoecos.com.ar\/#\/schema\/person\/8f5ace5ce73b4b4aac4b7245aee6f191\",\"name\":\"Jorge Matheus\",\"url\":\"https:\/\/infoecos.com.ar\/index.php\/author\/jomatheus\/\"}]}<\/script>\n<!-- \/ Yoast SEO plugin. -->","yoast_head_json":{"title":"Volvi\u00f3 el automovilismo a 9 de Julio con el TC 2000: gan\u00f3 Leonel \"Tanito\" Pern\u00eda - Infoecos","robots":{"index":"index","follow":"follow","max-snippet":"max-snippet:-1","max-image-preview":"max-image-preview:large","max-video-preview":"max-video-preview:-1"},"canonical":"https:\/\/infoecos.com.ar\/index.php\/volvio-el-automovilismo-a-9-de-julio-con-el-tc-2000-gano-leonel-tanito-pernia\/","og_locale":"es_ES","og_type":"article","og_title":"Volvi\u00f3 el automovilismo a 9 de Julio con el TC 2000: gan\u00f3 Leonel \"Tanito\" Pern\u00eda - Infoecos","og_description":"Leonel Pern\u00eda lidera el torneo con 283 puntos, segundo qued\u00f3 Juli\u00e1n Santero a 81 de diferencia, tercero Franco Vivian a 89, cuarto Facundo Ardusso a 104 y quinto Ignacio Montenegro a 113.","og_url":"https:\/\/infoecos.com.ar\/index.php\/volvio-el-automovilismo-a-9-de-julio-con-el-tc-2000-gano-leonel-tanito-pernia\/","og_site_name":"Infoecos","article_publisher":"https:\/\/www.facebook.com\/profile.php?id=100063200290284","article_published_time":"2023-09-10T21:08:54+00:00","article_modified_time":"2023-09-12T05:36:48+00:00","og_image":[{"width":1400,"height":520,"url":"https:\/\/infoecos.com.ar\/wp-content\/uploads\/2023\/09\/image-38.png","type":"image\/png"}],"author":"Jorge Matheus","twitter_card":"summary_large_image","twitter_creator":"@infoecos","twitter_site":"@infoecos","twitter_misc":{"Escrito por":"Jorge Matheus","Tiempo de lectura":"2 minutos"},"schema":{"@context":"https:\/\/schema.org","@graph":[{"@type":"Article","@id":"https:\/\/infoecos.com.ar\/index.php\/volvio-el-automovilismo-a-9-de-julio-con-el-tc-2000-gano-leonel-tanito-pernia\/#article","isPartOf":{"@id":"https:\/\/infoecos.com.ar\/index.php\/volvio-el-automovilismo-a-9-de-julio-con-el-tc-2000-gano-leonel-tanito-pernia\/"},"author":{"name":"Jorge Matheus","@id":"https:\/\/infoecos.com.ar\/#\/schema\/person\/8f5ace5ce73b4b4aac4b7245aee6f191"},"headline":"Volvi\u00f3 el automovilismo a 9 de Julio con el TC 2000: gan\u00f3 Leonel \u00abTanito\u00bb Pern\u00eda","datePublished":"2023-09-10T21:08:54+00:00","dateModified":"2023-09-12T05:36:48+00:00","mainEntityOfPage":{"@id":"https:\/\/infoecos.com.ar\/index.php\/volvio-el-automovilismo-a-9-de-julio-con-el-tc-2000-gano-leonel-tanito-pernia\/"},"wordCount":178,"publisher":{"@id":"https:\/\/infoecos.com.ar\/#organization"},"image":{"@id":"https:\/\/infoecos.com.ar\/index.php\/volvio-el-automovilismo-a-9-de-julio-con-el-tc-2000-gano-leonel-tanito-pernia\/#primaryimage"},"thumbnailUrl":"https:\/\/infoecos.com.ar\/wp-content\/uploads\/2023\/09\/image-38.png","keywords":["M\u00c1S AUTOMOVILISMO"],"articleSection":["Bloque inferior - 4"],"inLanguage":"es"},{"@type":"WebPage","@id":"https:\/\/infoecos.com.ar\/index.php\/volvio-el-automovilismo-a-9-de-julio-con-el-tc-2000-gano-leonel-tanito-pernia\/","url":"https:\/\/infoecos.com.ar\/index.php\/volvio-el-automovilismo-a-9-de-julio-con-el-tc-2000-gano-leonel-tanito-pernia\/","name":"Volvi\u00f3 el automovilismo a 9 de Julio con el TC 2000: gan\u00f3 Leonel \"Tanito\" Pern\u00eda - Infoecos","isPartOf":{"@id":"https:\/\/infoecos.com.ar\/#website"},"primaryImageOfPage":{"@id":"https:\/\/infoecos.com.ar\/index.php\/volvio-el-automovilismo-a-9-de-julio-con-el-tc-2000-gano-leonel-tanito-pernia\/#primaryimage"},"image":{"@id":"https:\/\/infoecos.com.ar\/index.php\/volvio-el-automovilismo-a-9-de-julio-con-el-tc-2000-gano-leonel-tanito-pernia\/#primaryimage"},"thumbnailUrl":"https:\/\/infoecos.com.ar\/wp-content\/uploads\/2023\/09\/image-38.png","datePublished":"2023-09-10T21:08:54+00:00","dateModified":"2023-09-12T05:36:48+00:00","breadcrumb":{"@id":"https:\/\/infoecos.com.ar\/index.php\/volvio-el-automovilismo-a-9-de-julio-con-el-tc-2000-gano-leonel-tanito-pernia\/#breadcrumb"},"inLanguage":"es","potentialAction":[{"@type":"ReadAction","target":["https:\/\/infoecos.com.ar\/index.php\/volvio-el-automovilismo-a-9-de-julio-con-el-tc-2000-gano-leonel-tanito-pernia\/"]}]},{"@type":"ImageObject","inLanguage":"es","@id":"https:\/\/infoecos.com.ar\/index.php\/volvio-el-automovilismo-a-9-de-julio-con-el-tc-2000-gano-leonel-tanito-pernia\/#primaryimage","url":"https:\/\/infoecos.com.ar\/wp-content\/uploads\/2023\/09\/image-38.png","contentUrl":"https:\/\/infoecos.com.ar\/wp-content\/uploads\/2023\/09\/image-38.png","width":1400,"height":520},{"@type":"BreadcrumbList","@id":"https:\/\/infoecos.com.ar\/index.php\/volvio-el-automovilismo-a-9-de-julio-con-el-tc-2000-gano-leonel-tanito-pernia\/#breadcrumb","itemListElement":[{"@type":"ListItem","position":1,"name":"Portada","item":"https:\/\/infoecos.com.ar\/"},{"@type":"ListItem","position":2,"name":"Volvi\u00f3 el automovilismo a 9 de Julio con el TC 2000: gan\u00f3 Leonel \u00abTanito\u00bb Pern\u00eda"}]},{"@type":"WebSite","@id":"https:\/\/infoecos.com.ar\/#website","url":"https:\/\/infoecos.com.ar\/","name":"Infoecos","description":"Noticias de trenque lauquen y la zona","publisher":{"@id":"https:\/\/infoecos.com.ar\/#organization"},"alternateName":"Noticias","potentialAction":[{"@type":"SearchAction","target":{"@type":"EntryPoint","urlTemplate":"https:\/\/infoecos.com.ar\/?s={search_term_string}"},"query-input":{"@type":"PropertyValueSpecification","valueRequired":true,"valueName":"search_term_string"}}],"inLanguage":"es"},{"@type":"Organization","@id":"https:\/\/infoecos.com.ar\/#organization","name":"Infoecos","alternateName":"Noticias","url":"https:\/\/infoecos.com.ar\/","logo":{"@type":"ImageObject","inLanguage":"es","@id":"https:\/\/infoecos.com.ar\/#\/schema\/logo\/image\/","url":"https:\/\/infoecos.com.ar\/wp-content\/uploads\/2024\/03\/cropped-logo.png","contentUrl":"https:\/\/infoecos.com.ar\/wp-content\/uploads\/2024\/03\/cropped-logo.png","width":374,"height":90,"caption":"Infoecos"},"image":{"@id":"https:\/\/infoecos.com.ar\/#\/schema\/logo\/image\/"},"sameAs":["https:\/\/www.facebook.com\/profile.php?id=100063200290284","https:\/\/x.com\/infoecos"]},{"@type":"Person","@id":"https:\/\/infoecos.com.ar\/#\/schema\/person\/8f5ace5ce73b4b4aac4b7245aee6f191","name":"Jorge Matheus","url":"https:\/\/infoecos.com.ar\/index.php\/author\/jomatheus\/"}]}},"featured_image_urls":{"full":["https:\/\/infoecos.com.ar\/wp-content\/uploads\/2023\/09\/image-38.png",1400,520,false],"thumbnail":["https:\/\/infoecos.com.ar\/wp-content\/uploads\/2023\/09\/image-38-300x150.png",300,150,true],"medium":["https:\/\/infoecos.com.ar\/wp-content\/uploads\/2023\/09\/image-38-800x297.png",800,297,true],"medium_large":["https:\/\/infoecos.com.ar\/wp-content\/uploads\/2023\/09\/image-38-768x285.png",640,238,true],"large":["https:\/\/infoecos.com.ar\/wp-content\/uploads\/2023\/09\/image-38.png",640,238,false],"1536x1536":["https:\/\/infoecos.com.ar\/wp-content\/uploads\/2023\/09\/image-38.png",1400,520,false],"2048x2048":["https:\/\/infoecos.com.ar\/wp-content\/uploads\/2023\/09\/image-38.png",1400,520,false],"covernews-slider-full":["https:\/\/infoecos.com.ar\/wp-content\/uploads\/2023\/09\/image-38.png",1115,414,false],"covernews-slider-center":["https:\/\/infoecos.com.ar\/wp-content\/uploads\/2023\/09\/image-38-936x520.png",800,444,true],"covernews-featured":["https:\/\/infoecos.com.ar\/wp-content\/uploads\/2023\/09\/image-38-1024x380.png",1024,380,true],"covernews-medium":["https:\/\/infoecos.com.ar\/wp-content\/uploads\/2023\/09\/image-38-720x380.png",540,285,true],"covernews-medium-square":["https:\/\/infoecos.com.ar\/wp-content\/uploads\/2023\/09\/image-38-675x450.png",375,250,true]},"author_info":{"info":["Jorge Matheus"]},"category_info":"<a href=\"https:\/\/infoecos.com.ar\/index.php\/category\/inferior4\/\" rel=\"category tag\">Bloque inferior - 4<\/a>","tag_info":"Bloque inferior - 4","comment_count":"0","_links":{"self":[{"href":"https:\/\/infoecos.com.ar\/index.php\/wp-json\/wp\/v2\/posts\/111849"}],"collection":[{"href":"https:\/\/infoecos.com.ar\/index.php\/wp-json\/wp\/v2\/posts"}],"about":[{"href":"https:\/\/infoecos.com.ar\/index.php\/wp-json\/wp\/v2\/types\/post"}],"author":[{"embeddable":true,"href":"https:\/\/infoecos.com.ar\/index.php\/wp-json\/wp\/v2\/users\/2"}],"replies":[{"embeddable":true,"href":"https:\/\/infoecos.com.ar\/index.php\/wp-json\/wp\/v2\/comments?post=111849"}],"version-history":[{"count":2,"href":"https:\/\/infoecos.com.ar\/index.php\/wp-json\/wp\/v2\/posts\/111849\/revisions"}],"predecessor-version":[{"id":111878,"href":"https:\/\/infoecos.com.ar\/index.php\/wp-json\/wp\/v2\/posts\/111849\/revisions\/111878"}],"wp:featuredmedia":[{"embeddable":true,"href":"https:\/\/infoecos.com.ar\/index.php\/wp-json\/wp\/v2\/media\/111850"}],"wp:attachment":[{"href":"https:\/\/infoecos.com.ar\/index.php\/wp-json\/wp\/v2\/media?parent=111849"}],"wp:term":[{"taxonomy":"category","embeddable":true,"href":"https:\/\/infoecos.com.ar\/index.php\/wp-json\/wp\/v2\/categories?post=111849"},{"taxonomy":"post_tag","embeddable":true,"href":"https:\/\/infoecos.com.ar\/index.php\/wp-json\/wp\/v2\/tags?post=111849"}],"curies":[{"name":"wp","href":"https:\/\/api.w.org\/{rel}","templated":true}]}}