{"id":111980,"date":"2023-09-12T12:59:22","date_gmt":"2023-09-12T15:59:22","guid":{"rendered":"https:\/\/infoecos.com.ar\/?p=111980"},"modified":"2023-09-15T17:02:14","modified_gmt":"2023-09-15T20:02:14","slug":"fin-de-semana-largo-para-los-empleados-de-comercio-23-24-y-25-de-septiembre","status":"publish","type":"post","link":"https:\/\/infoecos.com.ar\/index.php\/fin-de-semana-largo-para-los-empleados-de-comercio-23-24-y-25-de-septiembre\/","title":{"rendered":"Fin de semana largo para los Empleados de Comercio: 23, 24 y 25 de septiembre"},"content":{"rendered":"\n<p><strong>El feriado para los empleados de comercio<\/strong>, en conmemoraci\u00f3n de su d\u00eda, ser\u00e1&nbsp;<strong>el lunes 25 de septiembre<\/strong>, por lo que muchos trabajadores tendr\u00e1n fin de semana largo.<\/p>\n\n\n\n<figure class=\"wp-block-image alignright size-full is-resized\"><img loading=\"lazy\" decoding=\"async\" src=\"https:\/\/infoecos.com.ar\/wp-content\/uploads\/2020\/09\/empleadoscomercio.png\" alt=\"\" class=\"wp-image-67871\" width=\"497\" height=\"278\" srcset=\"https:\/\/infoecos.com.ar\/wp-content\/uploads\/2020\/09\/empleadoscomercio.png 880w, https:\/\/infoecos.com.ar\/wp-content\/uploads\/2020\/09\/empleadoscomercio-460x258.png 460w, https:\/\/infoecos.com.ar\/wp-content\/uploads\/2020\/09\/empleadoscomercio-768x430.png 768w\" sizes=\"(max-width: 497px) 100vw, 497px\" \/><\/figure>\n\n\n\n<p>En un principio, la fecha se conmemoraba el 26 del corriente mes, pero el sindicato decidi\u00f3 adelantarlo un d\u00eda para que disfruten de un fin de semana largo.<\/p>\n\n\n\n<p><strong>En caso de trabajar, los Empleados de Comercio percibir\u00e1n doble pago<\/strong>&nbsp;debido a que la fecha se ubica en la misma escala que un feriado nacional.<\/p>\n\n\n\n<p>La Ley de Contrato de Trabajo estipula que quienes trabajen \u00abcobrar\u00e1n la remuneraci\u00f3n normal de los d\u00edas laborables m\u00e1s una cantidad igual\u00bb.<\/p>\n\n\n\n<p><strong>Empleados de Comercio: aumento salarial en septiembre<\/strong><\/p>\n\n\n\n<p>En el marco de la revisi\u00f3n salarial en paritarias, en septiembre se activar\u00e1 el \u00faltimo tramo de la suba de 27% que consigui\u00f3 el sindicato del rubro mercantil en julio.<\/p>\n\n\n\n<p>La suba fue dividida de la siguiente manera: 7,5% en julio, 7,5 en agosto, 7,5% en septiembre y se sum\u00f3 el 4,5% de recupero del trimestre anterior.<\/p>\n\n\n\n<p><strong>Bono para Empleados de Comercio: \u00bfcu\u00e1nto es y cu\u00e1ndo se paga?<\/strong><\/p>\n\n\n\n<p>Adem\u00e1s de lo acordado en las paritarias, los Empleados de Comercio cobrar\u00e1n el bono de $60.000 que dispuso el Gobierno tras las elecciones PASO.<\/p>\n\n\n\n<p>El pago ser\u00e1 en dos cuotas iguales de $30.000, a pagar en los primeros 15 d\u00edas h\u00e1biles de septiembre y con los sueldos en octubre.<\/p>\n","protected":false},"excerpt":{"rendered":"<p>En caso de trabajar, los Empleados de Comercio percibir\u00e1n doble pago\u00a0debido a que la fecha se ubica en la misma escala que un feriado nacional<\/p>\n","protected":false},"author":2,"featured_media":59760,"comment_status":"closed","ping_status":"open","sticky":false,"template":"","format":"standard","meta":{"footnotes":""},"categories":[1643],"tags":[9088],"class_list":["post-111980","post","type-post","status-publish","format-standard","has-post-thumbnail","hentry","category-inferior16","tag-por-la-conmemoracion-de-su-dia"],"yoast_head":"<!-- This site is optimized with the Yoast SEO plugin v23.4 - https:\/\/yoast.com\/wordpress\/plugins\/seo\/ -->\n<title>Fin de semana largo para los Empleados de Comercio: 23, 24 y 25 de septiembre - Infoecos<\/title>\n<meta name=\"robots\" content=\"index, follow, max-snippet:-1, max-image-preview:large, max-video-preview:-1\" \/>\n<link rel=\"canonical\" href=\"https:\/\/infoecos.com.ar\/index.php\/fin-de-semana-largo-para-los-empleados-de-comercio-23-24-y-25-de-septiembre\/\" \/>\n<meta property=\"og:locale\" content=\"es_ES\" \/>\n<meta property=\"og:type\" content=\"article\" \/>\n<meta property=\"og:title\" content=\"Fin de semana largo para los Empleados de Comercio: 23, 24 y 25 de septiembre - Infoecos\" \/>\n<meta property=\"og:description\" content=\"En caso de trabajar, los Empleados de Comercio percibir\u00e1n doble pago\u00a0debido a que la fecha se ubica en la misma escala que un feriado nacional\" \/>\n<meta property=\"og:url\" content=\"https:\/\/infoecos.com.ar\/index.php\/fin-de-semana-largo-para-los-empleados-de-comercio-23-24-y-25-de-septiembre\/\" \/>\n<meta property=\"og:site_name\" content=\"Infoecos\" \/>\n<meta property=\"article:publisher\" content=\"https:\/\/www.facebook.com\/profile.php?id=100063200290284\" \/>\n<meta property=\"article:published_time\" content=\"2023-09-12T15:59:22+00:00\" \/>\n<meta property=\"article:modified_time\" content=\"2023-09-15T20:02:14+00:00\" \/>\n<meta property=\"og:image\" content=\"https:\/\/infoecos.com.ar\/wp-content\/uploads\/01-3.jpg\" \/>\n\t<meta property=\"og:image:width\" content=\"1280\" \/>\n\t<meta property=\"og:image:height\" content=\"768\" \/>\n\t<meta property=\"og:image:type\" content=\"image\/jpeg\" \/>\n<meta name=\"author\" content=\"Jorge Matheus\" \/>\n<meta name=\"twitter:card\" content=\"summary_large_image\" \/>\n<meta name=\"twitter:creator\" content=\"@infoecos\" \/>\n<meta name=\"twitter:site\" content=\"@infoecos\" \/>\n<meta name=\"twitter:label1\" content=\"Escrito por\" \/>\n\t<meta name=\"twitter:data1\" content=\"Jorge Matheus\" \/>\n\t<meta name=\"twitter:label2\" content=\"Tiempo de lectura\" \/>\n\t<meta name=\"twitter:data2\" content=\"2 minutos\" \/>\n<script type=\"application\/ld+json\" class=\"yoast-schema-graph\">{\"@context\":\"https:\/\/schema.org\",\"@graph\":[{\"@type\":\"Article\",\"@id\":\"https:\/\/infoecos.com.ar\/index.php\/fin-de-semana-largo-para-los-empleados-de-comercio-23-24-y-25-de-septiembre\/#article\",\"isPartOf\":{\"@id\":\"https:\/\/infoecos.com.ar\/index.php\/fin-de-semana-largo-para-los-empleados-de-comercio-23-24-y-25-de-septiembre\/\"},\"author\":{\"name\":\"Jorge Matheus\",\"@id\":\"https:\/\/infoecos.com.ar\/#\/schema\/person\/8f5ace5ce73b4b4aac4b7245aee6f191\"},\"headline\":\"Fin de semana largo para los Empleados de Comercio: 23, 24 y 25 de septiembre\",\"datePublished\":\"2023-09-12T15:59:22+00:00\",\"dateModified\":\"2023-09-15T20:02:14+00:00\",\"mainEntityOfPage\":{\"@id\":\"https:\/\/infoecos.com.ar\/index.php\/fin-de-semana-largo-para-los-empleados-de-comercio-23-24-y-25-de-septiembre\/\"},\"wordCount\":248,\"publisher\":{\"@id\":\"https:\/\/infoecos.com.ar\/#organization\"},\"image\":{\"@id\":\"https:\/\/infoecos.com.ar\/index.php\/fin-de-semana-largo-para-los-empleados-de-comercio-23-24-y-25-de-septiembre\/#primaryimage\"},\"thumbnailUrl\":\"https:\/\/infoecos.com.ar\/wp-content\/uploads\/01-3.jpg\",\"keywords\":[\"Por la conmemoraci\u00f3n de su d\u00eda\"],\"articleSection\":[\"Bloque inferior - 16\"],\"inLanguage\":\"es\"},{\"@type\":\"WebPage\",\"@id\":\"https:\/\/infoecos.com.ar\/index.php\/fin-de-semana-largo-para-los-empleados-de-comercio-23-24-y-25-de-septiembre\/\",\"url\":\"https:\/\/infoecos.com.ar\/index.php\/fin-de-semana-largo-para-los-empleados-de-comercio-23-24-y-25-de-septiembre\/\",\"name\":\"Fin de semana largo para los Empleados de Comercio: 23, 24 y 25 de septiembre - Infoecos\",\"isPartOf\":{\"@id\":\"https:\/\/infoecos.com.ar\/#website\"},\"primaryImageOfPage\":{\"@id\":\"https:\/\/infoecos.com.ar\/index.php\/fin-de-semana-largo-para-los-empleados-de-comercio-23-24-y-25-de-septiembre\/#primaryimage\"},\"image\":{\"@id\":\"https:\/\/infoecos.com.ar\/index.php\/fin-de-semana-largo-para-los-empleados-de-comercio-23-24-y-25-de-septiembre\/#primaryimage\"},\"thumbnailUrl\":\"https:\/\/infoecos.com.ar\/wp-content\/uploads\/01-3.jpg\",\"datePublished\":\"2023-09-12T15:59:22+00:00\",\"dateModified\":\"2023-09-15T20:02:14+00:00\",\"breadcrumb\":{\"@id\":\"https:\/\/infoecos.com.ar\/index.php\/fin-de-semana-largo-para-los-empleados-de-comercio-23-24-y-25-de-septiembre\/#breadcrumb\"},\"inLanguage\":\"es\",\"potentialAction\":[{\"@type\":\"ReadAction\",\"target\":[\"https:\/\/infoecos.com.ar\/index.php\/fin-de-semana-largo-para-los-empleados-de-comercio-23-24-y-25-de-septiembre\/\"]}]},{\"@type\":\"ImageObject\",\"inLanguage\":\"es\",\"@id\":\"https:\/\/infoecos.com.ar\/index.php\/fin-de-semana-largo-para-los-empleados-de-comercio-23-24-y-25-de-septiembre\/#primaryimage\",\"url\":\"https:\/\/infoecos.com.ar\/wp-content\/uploads\/01-3.jpg\",\"contentUrl\":\"https:\/\/infoecos.com.ar\/wp-content\/uploads\/01-3.jpg\",\"width\":1280,\"height\":768,\"caption\":\"Comercios\"},{\"@type\":\"BreadcrumbList\",\"@id\":\"https:\/\/infoecos.com.ar\/index.php\/fin-de-semana-largo-para-los-empleados-de-comercio-23-24-y-25-de-septiembre\/#breadcrumb\",\"itemListElement\":[{\"@type\":\"ListItem\",\"position\":1,\"name\":\"Portada\",\"item\":\"https:\/\/infoecos.com.ar\/\"},{\"@type\":\"ListItem\",\"position\":2,\"name\":\"Fin de semana largo para los Empleados de Comercio: 23, 24 y 25 de septiembre\"}]},{\"@type\":\"WebSite\",\"@id\":\"https:\/\/infoecos.com.ar\/#website\",\"url\":\"https:\/\/infoecos.com.ar\/\",\"name\":\"Infoecos\",\"description\":\"Noticias de trenque lauquen y la zona\",\"publisher\":{\"@id\":\"https:\/\/infoecos.com.ar\/#organization\"},\"alternateName\":\"Noticias\",\"potentialAction\":[{\"@type\":\"SearchAction\",\"target\":{\"@type\":\"EntryPoint\",\"urlTemplate\":\"https:\/\/infoecos.com.ar\/?s={search_term_string}\"},\"query-input\":{\"@type\":\"PropertyValueSpecification\",\"valueRequired\":true,\"valueName\":\"search_term_string\"}}],\"inLanguage\":\"es\"},{\"@type\":\"Organization\",\"@id\":\"https:\/\/infoecos.com.ar\/#organization\",\"name\":\"Infoecos\",\"alternateName\":\"Noticias\",\"url\":\"https:\/\/infoecos.com.ar\/\",\"logo\":{\"@type\":\"ImageObject\",\"inLanguage\":\"es\",\"@id\":\"https:\/\/infoecos.com.ar\/#\/schema\/logo\/image\/\",\"url\":\"https:\/\/infoecos.com.ar\/wp-content\/uploads\/2024\/03\/cropped-logo.png\",\"contentUrl\":\"https:\/\/infoecos.com.ar\/wp-content\/uploads\/2024\/03\/cropped-logo.png\",\"width\":374,\"height\":90,\"caption\":\"Infoecos\"},\"image\":{\"@id\":\"https:\/\/infoecos.com.ar\/#\/schema\/logo\/image\/\"},\"sameAs\":[\"https:\/\/www.facebook.com\/profile.php?id=100063200290284\",\"https:\/\/x.com\/infoecos\"]},{\"@type\":\"Person\",\"@id\":\"https:\/\/infoecos.com.ar\/#\/schema\/person\/8f5ace5ce73b4b4aac4b7245aee6f191\",\"name\":\"Jorge Matheus\",\"url\":\"https:\/\/infoecos.com.ar\/index.php\/author\/jomatheus\/\"}]}<\/script>\n<!-- \/ Yoast SEO plugin. -->","yoast_head_json":{"title":"Fin de semana largo para los Empleados de Comercio: 23, 24 y 25 de septiembre - Infoecos","robots":{"index":"index","follow":"follow","max-snippet":"max-snippet:-1","max-image-preview":"max-image-preview:large","max-video-preview":"max-video-preview:-1"},"canonical":"https:\/\/infoecos.com.ar\/index.php\/fin-de-semana-largo-para-los-empleados-de-comercio-23-24-y-25-de-septiembre\/","og_locale":"es_ES","og_type":"article","og_title":"Fin de semana largo para los Empleados de Comercio: 23, 24 y 25 de septiembre - Infoecos","og_description":"En caso de trabajar, los Empleados de Comercio percibir\u00e1n doble pago\u00a0debido a que la fecha se ubica en la misma escala que un feriado nacional","og_url":"https:\/\/infoecos.com.ar\/index.php\/fin-de-semana-largo-para-los-empleados-de-comercio-23-24-y-25-de-septiembre\/","og_site_name":"Infoecos","article_publisher":"https:\/\/www.facebook.com\/profile.php?id=100063200290284","article_published_time":"2023-09-12T15:59:22+00:00","article_modified_time":"2023-09-15T20:02:14+00:00","og_image":[{"width":1280,"height":768,"url":"https:\/\/infoecos.com.ar\/wp-content\/uploads\/01-3.jpg","type":"image\/jpeg"}],"author":"Jorge Matheus","twitter_card":"summary_large_image","twitter_creator":"@infoecos","twitter_site":"@infoecos","twitter_misc":{"Escrito por":"Jorge Matheus","Tiempo de lectura":"2 minutos"},"schema":{"@context":"https:\/\/schema.org","@graph":[{"@type":"Article","@id":"https:\/\/infoecos.com.ar\/index.php\/fin-de-semana-largo-para-los-empleados-de-comercio-23-24-y-25-de-septiembre\/#article","isPartOf":{"@id":"https:\/\/infoecos.com.ar\/index.php\/fin-de-semana-largo-para-los-empleados-de-comercio-23-24-y-25-de-septiembre\/"},"author":{"name":"Jorge Matheus","@id":"https:\/\/infoecos.com.ar\/#\/schema\/person\/8f5ace5ce73b4b4aac4b7245aee6f191"},"headline":"Fin de semana largo para los Empleados de Comercio: 23, 24 y 25 de septiembre","datePublished":"2023-09-12T15:59:22+00:00","dateModified":"2023-09-15T20:02:14+00:00","mainEntityOfPage":{"@id":"https:\/\/infoecos.com.ar\/index.php\/fin-de-semana-largo-para-los-empleados-de-comercio-23-24-y-25-de-septiembre\/"},"wordCount":248,"publisher":{"@id":"https:\/\/infoecos.com.ar\/#organization"},"image":{"@id":"https:\/\/infoecos.com.ar\/index.php\/fin-de-semana-largo-para-los-empleados-de-comercio-23-24-y-25-de-septiembre\/#primaryimage"},"thumbnailUrl":"https:\/\/infoecos.com.ar\/wp-content\/uploads\/01-3.jpg","keywords":["Por la conmemoraci\u00f3n de su d\u00eda"],"articleSection":["Bloque inferior - 16"],"inLanguage":"es"},{"@type":"WebPage","@id":"https:\/\/infoecos.com.ar\/index.php\/fin-de-semana-largo-para-los-empleados-de-comercio-23-24-y-25-de-septiembre\/","url":"https:\/\/infoecos.com.ar\/index.php\/fin-de-semana-largo-para-los-empleados-de-comercio-23-24-y-25-de-septiembre\/","name":"Fin de semana largo para los Empleados de Comercio: 23, 24 y 25 de septiembre - Infoecos","isPartOf":{"@id":"https:\/\/infoecos.com.ar\/#website"},"primaryImageOfPage":{"@id":"https:\/\/infoecos.com.ar\/index.php\/fin-de-semana-largo-para-los-empleados-de-comercio-23-24-y-25-de-septiembre\/#primaryimage"},"image":{"@id":"https:\/\/infoecos.com.ar\/index.php\/fin-de-semana-largo-para-los-empleados-de-comercio-23-24-y-25-de-septiembre\/#primaryimage"},"thumbnailUrl":"https:\/\/infoecos.com.ar\/wp-content\/uploads\/01-3.jpg","datePublished":"2023-09-12T15:59:22+00:00","dateModified":"2023-09-15T20:02:14+00:00","breadcrumb":{"@id":"https:\/\/infoecos.com.ar\/index.php\/fin-de-semana-largo-para-los-empleados-de-comercio-23-24-y-25-de-septiembre\/#breadcrumb"},"inLanguage":"es","potentialAction":[{"@type":"ReadAction","target":["https:\/\/infoecos.com.ar\/index.php\/fin-de-semana-largo-para-los-empleados-de-comercio-23-24-y-25-de-septiembre\/"]}]},{"@type":"ImageObject","inLanguage":"es","@id":"https:\/\/infoecos.com.ar\/index.php\/fin-de-semana-largo-para-los-empleados-de-comercio-23-24-y-25-de-septiembre\/#primaryimage","url":"https:\/\/infoecos.com.ar\/wp-content\/uploads\/01-3.jpg","contentUrl":"https:\/\/infoecos.com.ar\/wp-content\/uploads\/01-3.jpg","width":1280,"height":768,"caption":"Comercios"},{"@type":"BreadcrumbList","@id":"https:\/\/infoecos.com.ar\/index.php\/fin-de-semana-largo-para-los-empleados-de-comercio-23-24-y-25-de-septiembre\/#breadcrumb","itemListElement":[{"@type":"ListItem","position":1,"name":"Portada","item":"https:\/\/infoecos.com.ar\/"},{"@type":"ListItem","position":2,"name":"Fin de semana largo para los Empleados de Comercio: 23, 24 y 25 de septiembre"}]},{"@type":"WebSite","@id":"https:\/\/infoecos.com.ar\/#website","url":"https:\/\/infoecos.com.ar\/","name":"Infoecos","description":"Noticias de trenque lauquen y la zona","publisher":{"@id":"https:\/\/infoecos.com.ar\/#organization"},"alternateName":"Noticias","potentialAction":[{"@type":"SearchAction","target":{"@type":"EntryPoint","urlTemplate":"https:\/\/infoecos.com.ar\/?s={search_term_string}"},"query-input":{"@type":"PropertyValueSpecification","valueRequired":true,"valueName":"search_term_string"}}],"inLanguage":"es"},{"@type":"Organization","@id":"https:\/\/infoecos.com.ar\/#organization","name":"Infoecos","alternateName":"Noticias","url":"https:\/\/infoecos.com.ar\/","logo":{"@type":"ImageObject","inLanguage":"es","@id":"https:\/\/infoecos.com.ar\/#\/schema\/logo\/image\/","url":"https:\/\/infoecos.com.ar\/wp-content\/uploads\/2024\/03\/cropped-logo.png","contentUrl":"https:\/\/infoecos.com.ar\/wp-content\/uploads\/2024\/03\/cropped-logo.png","width":374,"height":90,"caption":"Infoecos"},"image":{"@id":"https:\/\/infoecos.com.ar\/#\/schema\/logo\/image\/"},"sameAs":["https:\/\/www.facebook.com\/profile.php?id=100063200290284","https:\/\/x.com\/infoecos"]},{"@type":"Person","@id":"https:\/\/infoecos.com.ar\/#\/schema\/person\/8f5ace5ce73b4b4aac4b7245aee6f191","name":"Jorge Matheus","url":"https:\/\/infoecos.com.ar\/index.php\/author\/jomatheus\/"}]}},"featured_image_urls":{"full":["https:\/\/infoecos.com.ar\/wp-content\/uploads\/01-3.jpg",1280,768,false],"thumbnail":["https:\/\/infoecos.com.ar\/wp-content\/uploads\/01-3-150x150.jpg",150,150,true],"medium":["https:\/\/infoecos.com.ar\/wp-content\/uploads\/01-3-460x276.jpg",460,276,true],"medium_large":["https:\/\/infoecos.com.ar\/wp-content\/uploads\/01-3-768x461.jpg",640,384,true],"large":["https:\/\/infoecos.com.ar\/wp-content\/uploads\/01-3-920x552.jpg",640,384,true],"1536x1536":["https:\/\/infoecos.com.ar\/wp-content\/uploads\/01-3.jpg",1280,768,false],"2048x2048":["https:\/\/infoecos.com.ar\/wp-content\/uploads\/01-3.jpg",1280,768,false],"covernews-slider-full":["https:\/\/infoecos.com.ar\/wp-content\/uploads\/01-3.jpg",1115,669,false],"covernews-slider-center":["https:\/\/infoecos.com.ar\/wp-content\/uploads\/01-3-936x768.jpg",609,500,true],"covernews-featured":["https:\/\/infoecos.com.ar\/wp-content\/uploads\/01-3-1024x614.jpg",1024,614,true],"covernews-medium":["https:\/\/infoecos.com.ar\/wp-content\/uploads\/01-3-720x380.jpg",540,285,true],"covernews-medium-square":["https:\/\/infoecos.com.ar\/wp-content\/uploads\/01-3-675x450.jpg",375,250,true]},"author_info":{"info":["Jorge Matheus"]},"category_info":"<a href=\"https:\/\/infoecos.com.ar\/index.php\/category\/inferior16\/\" rel=\"category tag\">Bloque inferior - 16<\/a>","tag_info":"Bloque inferior - 16","comment_count":"0","_links":{"self":[{"href":"https:\/\/infoecos.com.ar\/index.php\/wp-json\/wp\/v2\/posts\/111980"}],"collection":[{"href":"https:\/\/infoecos.com.ar\/index.php\/wp-json\/wp\/v2\/posts"}],"about":[{"href":"https:\/\/infoecos.com.ar\/index.php\/wp-json\/wp\/v2\/types\/post"}],"author":[{"embeddable":true,"href":"https:\/\/infoecos.com.ar\/index.php\/wp-json\/wp\/v2\/users\/2"}],"replies":[{"embeddable":true,"href":"https:\/\/infoecos.com.ar\/index.php\/wp-json\/wp\/v2\/comments?post=111980"}],"version-history":[{"count":2,"href":"https:\/\/infoecos.com.ar\/index.php\/wp-json\/wp\/v2\/posts\/111980\/revisions"}],"predecessor-version":[{"id":112005,"href":"https:\/\/infoecos.com.ar\/index.php\/wp-json\/wp\/v2\/posts\/111980\/revisions\/112005"}],"wp:featuredmedia":[{"embeddable":true,"href":"https:\/\/infoecos.com.ar\/index.php\/wp-json\/wp\/v2\/media\/59760"}],"wp:attachment":[{"href":"https:\/\/infoecos.com.ar\/index.php\/wp-json\/wp\/v2\/media?parent=111980"}],"wp:term":[{"taxonomy":"category","embeddable":true,"href":"https:\/\/infoecos.com.ar\/index.php\/wp-json\/wp\/v2\/categories?post=111980"},{"taxonomy":"post_tag","embeddable":true,"href":"https:\/\/infoecos.com.ar\/index.php\/wp-json\/wp\/v2\/tags?post=111980"}],"curies":[{"name":"wp","href":"https:\/\/api.w.org\/{rel}","templated":true}]}}