{"id":111982,"date":"2023-09-12T13:13:53","date_gmt":"2023-09-12T16:13:53","guid":{"rendered":"https:\/\/infoecos.com.ar\/?p=111982"},"modified":"2023-09-13T15:11:03","modified_gmt":"2023-09-13T18:11:03","slug":"sentida-nota-de-gustavo-sgalla-en-el-sitio-de-espn-despidiendo-a-juan-carlos-harriot","status":"publish","type":"post","link":"https:\/\/infoecos.com.ar\/index.php\/sentida-nota-de-gustavo-sgalla-en-el-sitio-de-espn-despidiendo-a-juan-carlos-harriot\/","title":{"rendered":"Sentida nota de Gustavo Sgalla en el sitio de ESPN despidiendo a Juan Carlos Harriot"},"content":{"rendered":"\n<p>As\u00ed desped\u00eda Gustavo Sgalla en el sitio de @ESPN a Juan Carlos Harriot, fallecido este lunes.<\/p>\n\n\n\n<figure class=\"wp-block-image aligncenter size-full\"><img loading=\"lazy\" decoding=\"async\" width=\"570\" height=\"321\" src=\"https:\/\/infoecos.com.ar\/wp-content\/uploads\/2023\/09\/harriot.jpg\" alt=\"\" class=\"wp-image-111983\"\/><\/figure>\n\n\n\n<p><em>El polo argentino est\u00e1 de luto por el fallecimiento de Juan Carlos Harriott, este lunes a los 86 a\u00f1os. Gan\u00f3 en 20 ocasiones el Abierto de Palermo y jug\u00f3 hasta los 44 a\u00f1os. Recibi\u00f3 cinco Olimpia de Plata (1970, 1975, 1976, 1977 y 1978) y en 1976 obtuvo el de Oro. En 1980 le entregaron el Premio Konex de Platino y un Diploma al m\u00e9rito por dicha entidad. En 2015 ingres\u00f3 en el Sal\u00f3n de la Fama del Polo y ser\u00e1 siempre una leyenda de esta disciplina.<\/em><\/p>\n\n\n\n<p><em>Fue contempor\u00e1neo a Fangio. Balcarce le hizo un monumento al \u00abChueco\u00bb. Jug\u00f3 sus \u00faltimas temporadas a la vez que Vilas brillaba con su raqueta. El Lawn Tennis Club inmortaliz\u00f3 al marplatense en bronce. De los h\u00e9roes deportivos de su \u00e9poca s\u00f3lo su amigo Roberto de Vicenzo parec\u00eda quedar fuera de este rubro. Sin embargo no fue en Berazategui sino en la entrada de la Reserva Ecol\u00f3gica donde apareci\u00f3 la figura del \u00abMaestro\u00bb. \u00bfY \u00abJuancarlitos\u00bb? El momento de pasar de \u00eddolo a pr\u00f3cer finalmente tambi\u00e9n le lleg\u00f3.<\/em><\/p>\n\n\n\n<p><em>El disparador para recordar y recorrer la carrera del emblem\u00e1tico n\u00famero 3 de Coronel Su\u00e1rez y la Selecci\u00f3n Argentina justamente fue el homenaje\/reconocimiento que organiz\u00f3 la Municipalidad de su pueblo natal en los \u00faltimos d\u00edas de febrero.<\/em><\/p>\n\n\n\n<p><em>Coronel Su\u00e1rez lo vio nacer el 28 de octubre de 1936, hijo de Juan Carlos Harriott y Elvira de Lusarreta, gan\u00f3 su primera copa en el polo a los 11 a\u00f1os. El 1 de enero de 1953 ingresaba oficialmente en el registro de handicap y ocho a\u00f1os despu\u00e9s llegaba a los so\u00f1ados 10 goles, que no abandonar\u00eda hasta su \u00faltimo partido, en octubre de 1980, cuando ten\u00eda 44 a\u00f1os.<\/em><\/p>\n\n\n\n<p><em>En la era de la imagen y la inmediatez, justamente lo que escasean son registros de \u00abJuancarlitos\u00bb, \u00abJuancar\u00bb o el \u00abingl\u00e9s\u00bb recorriendo las canchas de polo como s\u00f3lo \u00e9l supo hacerlo. Algunos datos dan una idea del jugador que fue.<\/em><\/p>\n\n\n\n<p><em>Tres a\u00f1os despu\u00e9s de su primer partido oficial ya jugaba Palermo. El debut fue con \u00e9xito vistiendo obviamente los colores de Su\u00e1rez junto a Enrique Braun Cantilo, Tomy Garahan y su padre. El Abierto Argentino en ese entonces se jugaba por eliminaci\u00f3n directa. Aquella tarde de 1956 vencieron por 12 a 9 a Los Ranchos donde tambi\u00e9n hizo su estreno Horacio Heguy. Vaya paradoja del destino, Horacio fue quiz\u00e1s quien mejor lo entendi\u00f3 dentro de una cancha de polo y su amigo de toda la vida.<\/em><\/p>\n\n\n\n<p><em>Vistiendo los colores de la Selecci\u00f3n Argentina, logr\u00f3 en 1953, con un equipo junior, la Copa Vargas ante Brasil; en 1966, conquist\u00f3 la Copa Sesquicentenario contra Inglaterra y los Estados Unidos, junto con su hermano Alfredo, Gast\u00f3n Dorignac y Gonzalo Tanoira. Ese mismo a\u00f1o obtuvo por primera vez la Copa de las Am\u00e9ricas, con Horacio Heguy y los hermanos Gast\u00f3n y Francisco Dorignac. Ese mismo equipo repiti\u00f3 la conquista en 1969. Diez a\u00f1os mas tarde, nuevamente junto a su hermano y a Horacio y Alberto Pedro Heguy, ganaron la Copa de las Am\u00e9ricas, primero en Palermo y doce meses mas tarde, en Texas, donde jugar\u00eda su \u00faltimo partido oficial cerrando una campa\u00f1a de 33 a\u00f1os.<\/em><\/p>\n\n\n\n<p><em>En la historia del Abierto Argentino, sus 20 conquistas, siempre con Coronel Su\u00e1rez, lo transformaron en el jugador con m\u00e1s t\u00edtulos y los n\u00fameros siguen: 14 festejos en el Abierto de Los Indios-Tortugas y 12 en el Abierto de Hurlingham; cinco a\u00f1os recibi\u00f3 el premio Ol\u00edmpia de Plata al mejor jugador del a\u00f1o; pero en 1976, el reconocimiento fue a\u00fan mayor, fue el primer polista que obtuvo el Olimpia de Oro al deportista m\u00e1s destacado del a\u00f1o en la Argentina. Reci\u00e9n en 2014, Adolfo Cambiaso pudo igualar ese hito.<\/em><\/p>\n\n\n\n<p><em>T\u00edtulos, festejos y reconocimientos que Juancarlitos fue asumiendo casi con naturalidad, en realidad con la humildad y la modestia de los grandes.<\/em><\/p>\n\n\n\n<p><em>En el monumento no est\u00e1n Burra, Santita, Chacarera, Minishort, Minifalda, Pluma, Favorita, Pampeana, Desquite, Cereza o Cocotero. Ellos tambi\u00e9n merecen un reconocimiento. En todo caso fueron los caballos detr\u00e1s, o mejor dicho debajo del gran polista.<\/em><\/p>\n\n\n\n<p><em>La esquina de Avenida Casey e Israel ya no es la misma. S\u00edmbolo de toda una \u00e9poca, ganador de todo cuanto pudo ganar, Juancarlitos es una referencia indiscutible, un \u00edcono no s\u00f3lo del polo, sino del deporte de la Argentina y del mundo.<\/em><\/p>\n\n\n\n<p><em>Reservado y de pocas palabras, sigue disfrutando de sus d\u00edas en su amado Coronel Su\u00e1rez, y s\u00f3lo tuvo palabras de agradecimiento en su paso de \u00eddolo a pr\u00f3cer.<\/em><\/p>\n\n\n\n<p><strong>SUS T\u00cdTULOS CON SU\u00c1REZ<\/strong><br>Tiene el mejor registro en Palermo. Jug\u00f3 veinte veces y gan\u00f3 en 20 ocasiones.<\/p>\n\n\n\n<p><strong>Abierto Argentino (20):<\/strong><br>1957, 1958, 1959, 1961, 1962, 1963, 1964, 1965, 1967, 1968, 1969, 1970, 1971, 1972, 1974, 1975, 1976, 1977, 1978 y 1979.<\/p>\n\n\n\n<p><strong>Abierto de Hurlingham (15):<\/strong><br>1957, 1961, 1962, 1963, 1964, 1965, 1966, 1967, 1968, 1969, 1971, 1972, 1974, 1975 y 1977.<\/p>\n\n\n\n<p><strong>Abierto de Los Indios-Tortugas (7):<\/strong><br>1958 (jugando para Hurlingham con su padre), 1966 (jugando para Tortugas) y luego jugando para Coronel Suarez en 1968, 1972, 1974, 1975 y 1977.<\/p>\n\n\n\n<p><strong>Triple Corona (4):<\/strong><br>1972, 1974, 1975 y 1977.<\/p>\n\n\n\n<p><strong>CON ARGENTINA<\/strong><br><strong>Copa de las Am\u00e9ricas (4):<\/strong><br>1966, 1969, 1979, 1980.<\/p>\n\n\n\n<p><strong>Copa Sesquicentenario (1):<\/strong><br>1966<\/p>\n","protected":false},"excerpt":{"rendered":"<p>Reservado y de pocas palabras, sigue disfrutando de sus d\u00edas en su amado Coronel Su\u00e1rez, y s\u00f3lo tuvo palabras de agradecimiento en su paso de \u00eddolo a pr\u00f3cer<\/p>\n","protected":false},"author":2,"featured_media":111983,"comment_status":"closed","ping_status":"open","sticky":false,"template":"","format":"standard","meta":{"footnotes":""},"categories":[41],"tags":[9089],"class_list":["post-111982","post","type-post","status-publish","format-standard","has-post-thumbnail","hentry","category-inferior2","tag-de-idolo-a-procer"],"yoast_head":"<!-- This site is optimized with the Yoast SEO plugin v23.4 - https:\/\/yoast.com\/wordpress\/plugins\/seo\/ -->\n<title>Sentida nota de Gustavo Sgalla en el sitio de ESPN despidiendo a Juan Carlos Harriot - Infoecos<\/title>\n<meta name=\"robots\" content=\"index, follow, max-snippet:-1, max-image-preview:large, max-video-preview:-1\" \/>\n<link rel=\"canonical\" href=\"https:\/\/infoecos.com.ar\/index.php\/sentida-nota-de-gustavo-sgalla-en-el-sitio-de-espn-despidiendo-a-juan-carlos-harriot\/\" \/>\n<meta property=\"og:locale\" content=\"es_ES\" \/>\n<meta property=\"og:type\" content=\"article\" \/>\n<meta property=\"og:title\" content=\"Sentida nota de Gustavo Sgalla en el sitio de ESPN despidiendo a Juan Carlos Harriot - Infoecos\" \/>\n<meta property=\"og:description\" content=\"Reservado y de pocas palabras, sigue disfrutando de sus d\u00edas en su amado Coronel Su\u00e1rez, y s\u00f3lo tuvo palabras de agradecimiento en su paso de \u00eddolo a pr\u00f3cer\" \/>\n<meta property=\"og:url\" content=\"https:\/\/infoecos.com.ar\/index.php\/sentida-nota-de-gustavo-sgalla-en-el-sitio-de-espn-despidiendo-a-juan-carlos-harriot\/\" \/>\n<meta property=\"og:site_name\" content=\"Infoecos\" \/>\n<meta property=\"article:publisher\" content=\"https:\/\/www.facebook.com\/profile.php?id=100063200290284\" \/>\n<meta property=\"article:published_time\" content=\"2023-09-12T16:13:53+00:00\" \/>\n<meta property=\"article:modified_time\" content=\"2023-09-13T18:11:03+00:00\" \/>\n<meta property=\"og:image\" content=\"https:\/\/infoecos.com.ar\/wp-content\/uploads\/2023\/09\/harriot.jpg\" \/>\n\t<meta property=\"og:image:width\" content=\"570\" \/>\n\t<meta property=\"og:image:height\" content=\"321\" \/>\n\t<meta property=\"og:image:type\" content=\"image\/jpeg\" \/>\n<meta name=\"author\" content=\"Jorge Matheus\" \/>\n<meta name=\"twitter:card\" content=\"summary_large_image\" \/>\n<meta name=\"twitter:creator\" content=\"@infoecos\" \/>\n<meta name=\"twitter:site\" content=\"@infoecos\" \/>\n<meta name=\"twitter:label1\" content=\"Escrito por\" \/>\n\t<meta name=\"twitter:data1\" content=\"Jorge Matheus\" \/>\n\t<meta name=\"twitter:label2\" content=\"Tiempo de lectura\" \/>\n\t<meta name=\"twitter:data2\" content=\"5 minutos\" \/>\n<script type=\"application\/ld+json\" class=\"yoast-schema-graph\">{\"@context\":\"https:\/\/schema.org\",\"@graph\":[{\"@type\":\"Article\",\"@id\":\"https:\/\/infoecos.com.ar\/index.php\/sentida-nota-de-gustavo-sgalla-en-el-sitio-de-espn-despidiendo-a-juan-carlos-harriot\/#article\",\"isPartOf\":{\"@id\":\"https:\/\/infoecos.com.ar\/index.php\/sentida-nota-de-gustavo-sgalla-en-el-sitio-de-espn-despidiendo-a-juan-carlos-harriot\/\"},\"author\":{\"name\":\"Jorge Matheus\",\"@id\":\"https:\/\/infoecos.com.ar\/#\/schema\/person\/8f5ace5ce73b4b4aac4b7245aee6f191\"},\"headline\":\"Sentida nota de Gustavo Sgalla en el sitio de ESPN despidiendo a Juan Carlos Harriot\",\"datePublished\":\"2023-09-12T16:13:53+00:00\",\"dateModified\":\"2023-09-13T18:11:03+00:00\",\"mainEntityOfPage\":{\"@id\":\"https:\/\/infoecos.com.ar\/index.php\/sentida-nota-de-gustavo-sgalla-en-el-sitio-de-espn-despidiendo-a-juan-carlos-harriot\/\"},\"wordCount\":861,\"publisher\":{\"@id\":\"https:\/\/infoecos.com.ar\/#organization\"},\"image\":{\"@id\":\"https:\/\/infoecos.com.ar\/index.php\/sentida-nota-de-gustavo-sgalla-en-el-sitio-de-espn-despidiendo-a-juan-carlos-harriot\/#primaryimage\"},\"thumbnailUrl\":\"https:\/\/infoecos.com.ar\/wp-content\/uploads\/2023\/09\/harriot.jpg\",\"keywords\":[\"de \u00eddolo a pr\u00f3cer\"],\"articleSection\":[\"Bloque inferior - 2\"],\"inLanguage\":\"es\"},{\"@type\":\"WebPage\",\"@id\":\"https:\/\/infoecos.com.ar\/index.php\/sentida-nota-de-gustavo-sgalla-en-el-sitio-de-espn-despidiendo-a-juan-carlos-harriot\/\",\"url\":\"https:\/\/infoecos.com.ar\/index.php\/sentida-nota-de-gustavo-sgalla-en-el-sitio-de-espn-despidiendo-a-juan-carlos-harriot\/\",\"name\":\"Sentida nota de Gustavo Sgalla en el sitio de ESPN despidiendo a Juan Carlos Harriot - Infoecos\",\"isPartOf\":{\"@id\":\"https:\/\/infoecos.com.ar\/#website\"},\"primaryImageOfPage\":{\"@id\":\"https:\/\/infoecos.com.ar\/index.php\/sentida-nota-de-gustavo-sgalla-en-el-sitio-de-espn-despidiendo-a-juan-carlos-harriot\/#primaryimage\"},\"image\":{\"@id\":\"https:\/\/infoecos.com.ar\/index.php\/sentida-nota-de-gustavo-sgalla-en-el-sitio-de-espn-despidiendo-a-juan-carlos-harriot\/#primaryimage\"},\"thumbnailUrl\":\"https:\/\/infoecos.com.ar\/wp-content\/uploads\/2023\/09\/harriot.jpg\",\"datePublished\":\"2023-09-12T16:13:53+00:00\",\"dateModified\":\"2023-09-13T18:11:03+00:00\",\"breadcrumb\":{\"@id\":\"https:\/\/infoecos.com.ar\/index.php\/sentida-nota-de-gustavo-sgalla-en-el-sitio-de-espn-despidiendo-a-juan-carlos-harriot\/#breadcrumb\"},\"inLanguage\":\"es\",\"potentialAction\":[{\"@type\":\"ReadAction\",\"target\":[\"https:\/\/infoecos.com.ar\/index.php\/sentida-nota-de-gustavo-sgalla-en-el-sitio-de-espn-despidiendo-a-juan-carlos-harriot\/\"]}]},{\"@type\":\"ImageObject\",\"inLanguage\":\"es\",\"@id\":\"https:\/\/infoecos.com.ar\/index.php\/sentida-nota-de-gustavo-sgalla-en-el-sitio-de-espn-despidiendo-a-juan-carlos-harriot\/#primaryimage\",\"url\":\"https:\/\/infoecos.com.ar\/wp-content\/uploads\/2023\/09\/harriot.jpg\",\"contentUrl\":\"https:\/\/infoecos.com.ar\/wp-content\/uploads\/2023\/09\/harriot.jpg\",\"width\":570,\"height\":321},{\"@type\":\"BreadcrumbList\",\"@id\":\"https:\/\/infoecos.com.ar\/index.php\/sentida-nota-de-gustavo-sgalla-en-el-sitio-de-espn-despidiendo-a-juan-carlos-harriot\/#breadcrumb\",\"itemListElement\":[{\"@type\":\"ListItem\",\"position\":1,\"name\":\"Portada\",\"item\":\"https:\/\/infoecos.com.ar\/\"},{\"@type\":\"ListItem\",\"position\":2,\"name\":\"Sentida nota de Gustavo Sgalla en el sitio de ESPN despidiendo a Juan Carlos Harriot\"}]},{\"@type\":\"WebSite\",\"@id\":\"https:\/\/infoecos.com.ar\/#website\",\"url\":\"https:\/\/infoecos.com.ar\/\",\"name\":\"Infoecos\",\"description\":\"Noticias de trenque lauquen y la zona\",\"publisher\":{\"@id\":\"https:\/\/infoecos.com.ar\/#organization\"},\"alternateName\":\"Noticias\",\"potentialAction\":[{\"@type\":\"SearchAction\",\"target\":{\"@type\":\"EntryPoint\",\"urlTemplate\":\"https:\/\/infoecos.com.ar\/?s={search_term_string}\"},\"query-input\":{\"@type\":\"PropertyValueSpecification\",\"valueRequired\":true,\"valueName\":\"search_term_string\"}}],\"inLanguage\":\"es\"},{\"@type\":\"Organization\",\"@id\":\"https:\/\/infoecos.com.ar\/#organization\",\"name\":\"Infoecos\",\"alternateName\":\"Noticias\",\"url\":\"https:\/\/infoecos.com.ar\/\",\"logo\":{\"@type\":\"ImageObject\",\"inLanguage\":\"es\",\"@id\":\"https:\/\/infoecos.com.ar\/#\/schema\/logo\/image\/\",\"url\":\"https:\/\/infoecos.com.ar\/wp-content\/uploads\/2024\/03\/cropped-logo.png\",\"contentUrl\":\"https:\/\/infoecos.com.ar\/wp-content\/uploads\/2024\/03\/cropped-logo.png\",\"width\":374,\"height\":90,\"caption\":\"Infoecos\"},\"image\":{\"@id\":\"https:\/\/infoecos.com.ar\/#\/schema\/logo\/image\/\"},\"sameAs\":[\"https:\/\/www.facebook.com\/profile.php?id=100063200290284\",\"https:\/\/x.com\/infoecos\"]},{\"@type\":\"Person\",\"@id\":\"https:\/\/infoecos.com.ar\/#\/schema\/person\/8f5ace5ce73b4b4aac4b7245aee6f191\",\"name\":\"Jorge Matheus\",\"url\":\"https:\/\/infoecos.com.ar\/index.php\/author\/jomatheus\/\"}]}<\/script>\n<!-- \/ Yoast SEO plugin. -->","yoast_head_json":{"title":"Sentida nota de Gustavo Sgalla en el sitio de ESPN despidiendo a Juan Carlos Harriot - Infoecos","robots":{"index":"index","follow":"follow","max-snippet":"max-snippet:-1","max-image-preview":"max-image-preview:large","max-video-preview":"max-video-preview:-1"},"canonical":"https:\/\/infoecos.com.ar\/index.php\/sentida-nota-de-gustavo-sgalla-en-el-sitio-de-espn-despidiendo-a-juan-carlos-harriot\/","og_locale":"es_ES","og_type":"article","og_title":"Sentida nota de Gustavo Sgalla en el sitio de ESPN despidiendo a Juan Carlos Harriot - Infoecos","og_description":"Reservado y de pocas palabras, sigue disfrutando de sus d\u00edas en su amado Coronel Su\u00e1rez, y s\u00f3lo tuvo palabras de agradecimiento en su paso de \u00eddolo a pr\u00f3cer","og_url":"https:\/\/infoecos.com.ar\/index.php\/sentida-nota-de-gustavo-sgalla-en-el-sitio-de-espn-despidiendo-a-juan-carlos-harriot\/","og_site_name":"Infoecos","article_publisher":"https:\/\/www.facebook.com\/profile.php?id=100063200290284","article_published_time":"2023-09-12T16:13:53+00:00","article_modified_time":"2023-09-13T18:11:03+00:00","og_image":[{"width":570,"height":321,"url":"https:\/\/infoecos.com.ar\/wp-content\/uploads\/2023\/09\/harriot.jpg","type":"image\/jpeg"}],"author":"Jorge Matheus","twitter_card":"summary_large_image","twitter_creator":"@infoecos","twitter_site":"@infoecos","twitter_misc":{"Escrito por":"Jorge Matheus","Tiempo de lectura":"5 minutos"},"schema":{"@context":"https:\/\/schema.org","@graph":[{"@type":"Article","@id":"https:\/\/infoecos.com.ar\/index.php\/sentida-nota-de-gustavo-sgalla-en-el-sitio-de-espn-despidiendo-a-juan-carlos-harriot\/#article","isPartOf":{"@id":"https:\/\/infoecos.com.ar\/index.php\/sentida-nota-de-gustavo-sgalla-en-el-sitio-de-espn-despidiendo-a-juan-carlos-harriot\/"},"author":{"name":"Jorge Matheus","@id":"https:\/\/infoecos.com.ar\/#\/schema\/person\/8f5ace5ce73b4b4aac4b7245aee6f191"},"headline":"Sentida nota de Gustavo Sgalla en el sitio de ESPN despidiendo a Juan Carlos Harriot","datePublished":"2023-09-12T16:13:53+00:00","dateModified":"2023-09-13T18:11:03+00:00","mainEntityOfPage":{"@id":"https:\/\/infoecos.com.ar\/index.php\/sentida-nota-de-gustavo-sgalla-en-el-sitio-de-espn-despidiendo-a-juan-carlos-harriot\/"},"wordCount":861,"publisher":{"@id":"https:\/\/infoecos.com.ar\/#organization"},"image":{"@id":"https:\/\/infoecos.com.ar\/index.php\/sentida-nota-de-gustavo-sgalla-en-el-sitio-de-espn-despidiendo-a-juan-carlos-harriot\/#primaryimage"},"thumbnailUrl":"https:\/\/infoecos.com.ar\/wp-content\/uploads\/2023\/09\/harriot.jpg","keywords":["de \u00eddolo a pr\u00f3cer"],"articleSection":["Bloque inferior - 2"],"inLanguage":"es"},{"@type":"WebPage","@id":"https:\/\/infoecos.com.ar\/index.php\/sentida-nota-de-gustavo-sgalla-en-el-sitio-de-espn-despidiendo-a-juan-carlos-harriot\/","url":"https:\/\/infoecos.com.ar\/index.php\/sentida-nota-de-gustavo-sgalla-en-el-sitio-de-espn-despidiendo-a-juan-carlos-harriot\/","name":"Sentida nota de Gustavo Sgalla en el sitio de ESPN despidiendo a Juan Carlos Harriot - Infoecos","isPartOf":{"@id":"https:\/\/infoecos.com.ar\/#website"},"primaryImageOfPage":{"@id":"https:\/\/infoecos.com.ar\/index.php\/sentida-nota-de-gustavo-sgalla-en-el-sitio-de-espn-despidiendo-a-juan-carlos-harriot\/#primaryimage"},"image":{"@id":"https:\/\/infoecos.com.ar\/index.php\/sentida-nota-de-gustavo-sgalla-en-el-sitio-de-espn-despidiendo-a-juan-carlos-harriot\/#primaryimage"},"thumbnailUrl":"https:\/\/infoecos.com.ar\/wp-content\/uploads\/2023\/09\/harriot.jpg","datePublished":"2023-09-12T16:13:53+00:00","dateModified":"2023-09-13T18:11:03+00:00","breadcrumb":{"@id":"https:\/\/infoecos.com.ar\/index.php\/sentida-nota-de-gustavo-sgalla-en-el-sitio-de-espn-despidiendo-a-juan-carlos-harriot\/#breadcrumb"},"inLanguage":"es","potentialAction":[{"@type":"ReadAction","target":["https:\/\/infoecos.com.ar\/index.php\/sentida-nota-de-gustavo-sgalla-en-el-sitio-de-espn-despidiendo-a-juan-carlos-harriot\/"]}]},{"@type":"ImageObject","inLanguage":"es","@id":"https:\/\/infoecos.com.ar\/index.php\/sentida-nota-de-gustavo-sgalla-en-el-sitio-de-espn-despidiendo-a-juan-carlos-harriot\/#primaryimage","url":"https:\/\/infoecos.com.ar\/wp-content\/uploads\/2023\/09\/harriot.jpg","contentUrl":"https:\/\/infoecos.com.ar\/wp-content\/uploads\/2023\/09\/harriot.jpg","width":570,"height":321},{"@type":"BreadcrumbList","@id":"https:\/\/infoecos.com.ar\/index.php\/sentida-nota-de-gustavo-sgalla-en-el-sitio-de-espn-despidiendo-a-juan-carlos-harriot\/#breadcrumb","itemListElement":[{"@type":"ListItem","position":1,"name":"Portada","item":"https:\/\/infoecos.com.ar\/"},{"@type":"ListItem","position":2,"name":"Sentida nota de Gustavo Sgalla en el sitio de ESPN despidiendo a Juan Carlos Harriot"}]},{"@type":"WebSite","@id":"https:\/\/infoecos.com.ar\/#website","url":"https:\/\/infoecos.com.ar\/","name":"Infoecos","description":"Noticias de trenque lauquen y la zona","publisher":{"@id":"https:\/\/infoecos.com.ar\/#organization"},"alternateName":"Noticias","potentialAction":[{"@type":"SearchAction","target":{"@type":"EntryPoint","urlTemplate":"https:\/\/infoecos.com.ar\/?s={search_term_string}"},"query-input":{"@type":"PropertyValueSpecification","valueRequired":true,"valueName":"search_term_string"}}],"inLanguage":"es"},{"@type":"Organization","@id":"https:\/\/infoecos.com.ar\/#organization","name":"Infoecos","alternateName":"Noticias","url":"https:\/\/infoecos.com.ar\/","logo":{"@type":"ImageObject","inLanguage":"es","@id":"https:\/\/infoecos.com.ar\/#\/schema\/logo\/image\/","url":"https:\/\/infoecos.com.ar\/wp-content\/uploads\/2024\/03\/cropped-logo.png","contentUrl":"https:\/\/infoecos.com.ar\/wp-content\/uploads\/2024\/03\/cropped-logo.png","width":374,"height":90,"caption":"Infoecos"},"image":{"@id":"https:\/\/infoecos.com.ar\/#\/schema\/logo\/image\/"},"sameAs":["https:\/\/www.facebook.com\/profile.php?id=100063200290284","https:\/\/x.com\/infoecos"]},{"@type":"Person","@id":"https:\/\/infoecos.com.ar\/#\/schema\/person\/8f5ace5ce73b4b4aac4b7245aee6f191","name":"Jorge Matheus","url":"https:\/\/infoecos.com.ar\/index.php\/author\/jomatheus\/"}]}},"featured_image_urls":{"full":["https:\/\/infoecos.com.ar\/wp-content\/uploads\/2023\/09\/harriot.jpg",570,321,false],"thumbnail":["https:\/\/infoecos.com.ar\/wp-content\/uploads\/2023\/09\/harriot-300x150.jpg",300,150,true],"medium":["https:\/\/infoecos.com.ar\/wp-content\/uploads\/2023\/09\/harriot.jpg",570,321,false],"medium_large":["https:\/\/infoecos.com.ar\/wp-content\/uploads\/2023\/09\/harriot.jpg",570,321,false],"large":["https:\/\/infoecos.com.ar\/wp-content\/uploads\/2023\/09\/harriot.jpg",570,321,false],"1536x1536":["https:\/\/infoecos.com.ar\/wp-content\/uploads\/2023\/09\/harriot.jpg",570,321,false],"2048x2048":["https:\/\/infoecos.com.ar\/wp-content\/uploads\/2023\/09\/harriot.jpg",570,321,false],"covernews-slider-full":["https:\/\/infoecos.com.ar\/wp-content\/uploads\/2023\/09\/harriot.jpg",570,321,false],"covernews-slider-center":["https:\/\/infoecos.com.ar\/wp-content\/uploads\/2023\/09\/harriot.jpg",570,321,false],"covernews-featured":["https:\/\/infoecos.com.ar\/wp-content\/uploads\/2023\/09\/harriot.jpg",570,321,false],"covernews-medium":["https:\/\/infoecos.com.ar\/wp-content\/uploads\/2023\/09\/harriot.jpg",540,304,false],"covernews-medium-square":["https:\/\/infoecos.com.ar\/wp-content\/uploads\/2023\/09\/harriot.jpg",400,225,false]},"author_info":{"info":["Jorge Matheus"]},"category_info":"<a href=\"https:\/\/infoecos.com.ar\/index.php\/category\/inferior2\/\" rel=\"category tag\">Bloque inferior - 2<\/a>","tag_info":"Bloque inferior - 2","comment_count":"0","_links":{"self":[{"href":"https:\/\/infoecos.com.ar\/index.php\/wp-json\/wp\/v2\/posts\/111982"}],"collection":[{"href":"https:\/\/infoecos.com.ar\/index.php\/wp-json\/wp\/v2\/posts"}],"about":[{"href":"https:\/\/infoecos.com.ar\/index.php\/wp-json\/wp\/v2\/types\/post"}],"author":[{"embeddable":true,"href":"https:\/\/infoecos.com.ar\/index.php\/wp-json\/wp\/v2\/users\/2"}],"replies":[{"embeddable":true,"href":"https:\/\/infoecos.com.ar\/index.php\/wp-json\/wp\/v2\/comments?post=111982"}],"version-history":[{"count":1,"href":"https:\/\/infoecos.com.ar\/index.php\/wp-json\/wp\/v2\/posts\/111982\/revisions"}],"predecessor-version":[{"id":111984,"href":"https:\/\/infoecos.com.ar\/index.php\/wp-json\/wp\/v2\/posts\/111982\/revisions\/111984"}],"wp:featuredmedia":[{"embeddable":true,"href":"https:\/\/infoecos.com.ar\/index.php\/wp-json\/wp\/v2\/media\/111983"}],"wp:attachment":[{"href":"https:\/\/infoecos.com.ar\/index.php\/wp-json\/wp\/v2\/media?parent=111982"}],"wp:term":[{"taxonomy":"category","embeddable":true,"href":"https:\/\/infoecos.com.ar\/index.php\/wp-json\/wp\/v2\/categories?post=111982"},{"taxonomy":"post_tag","embeddable":true,"href":"https:\/\/infoecos.com.ar\/index.php\/wp-json\/wp\/v2\/tags?post=111982"}],"curies":[{"name":"wp","href":"https:\/\/api.w.org\/{rel}","templated":true}]}}