{"id":111985,"date":"2023-09-12T13:23:04","date_gmt":"2023-09-12T16:23:04","guid":{"rendered":"https:\/\/infoecos.com.ar\/?p=111985"},"modified":"2023-09-13T15:11:52","modified_gmt":"2023-09-13T18:11:52","slug":"los-colegas-de-nuevo-dia-de-coronel-suarez-y-el-municipio-de-ese-distrito-sobre-juan-carlos-harriot","status":"publish","type":"post","link":"https:\/\/infoecos.com.ar\/index.php\/los-colegas-de-nuevo-dia-de-coronel-suarez-y-el-municipio-de-ese-distrito-sobre-juan-carlos-harriot\/","title":{"rendered":"Los colegas de Nuevo D\u00eda de Coronel Su\u00e1rez y el municipio de ese distrito, sobre Juan Carlos Harriot"},"content":{"rendered":"\n<p><em>Juancarlitos cedi\u00f3 ante la sentencia inapelable de la naturaleza y ayer, en silencio, se nos fue. Cumpli\u00f3 con el destino inexorable hacia el que todos nos dirigimos y que, cuando lleguemos a \u00e9l, nos esperar\u00e1 el juicio que sentenciar\u00e1 si el paso por esta vida tuvo o no sentido.<\/em><\/p>\n\n\n\n<figure class=\"wp-block-image alignright size-full is-resized\"><img loading=\"lazy\" decoding=\"async\" src=\"https:\/\/infoecos.com.ar\/wp-content\/uploads\/2023\/09\/Harriot-2.jpg\" alt=\"\" class=\"wp-image-111987\" width=\"393\" height=\"237\" srcset=\"https:\/\/infoecos.com.ar\/wp-content\/uploads\/2023\/09\/Harriot-2.jpg 800w, https:\/\/infoecos.com.ar\/wp-content\/uploads\/2023\/09\/Harriot-2-768x464.jpg 768w\" sizes=\"(max-width: 393px) 100vw, 393px\" \/><\/figure>\n\n\n\n<p><em>Quienquiera que se haya identificado como suarense, habr\u00e1 sido identificado como \u00b4la capital del polo\u2019. Identificaci\u00f3n que inevitablemente nos llena de orgullo. En esa identificaci\u00f3n, que nos enorgullece, surge fulgurante la figura de Juan Carlos Harriott (h).<\/em><\/p>\n\n\n\n<p><em>Juan Carlos fue un deportista superlativo y los suarenses tuvimos la fortuna de que \u2018fuera nuestro\u2019. El que Coronel Su\u00e1rez sea inmediatamente identificado con esa calificaci\u00f3n: \u2018La Capital de Polo\u2019 &nbsp;se lo debemos a aquel equipo legendario integrado por los hermanos Harriott y los Heguy que ostentaron aquel equipo (\u00fanico en el mundo) con 40 goles de H\u00e1ndicap en el cual Juan Carlos fue la figura descollante.<\/em><\/p>\n\n\n\n<p><em>Juan Carlos se nos fue ayer, pero cumpli\u00f3 con la misi\u00f3n que solo tienen los grandes: dejar un legado que lo sobrevivir\u00e1 a lo largo de toda la historia. Alguien que logr\u00f3 escalar a lo m\u00e1ximo que un deportista puede aspirar: ingresar al Sal\u00f3n de las Leyendas del deporte en EEUU.<\/em><\/p>\n\n\n\n<p><em>Juan Carlos pase\u00f3 su jerarqu\u00eda, con el polo, por todos los escenarios del mundo. Pero junto con su jerarqu\u00eda pase\u00f3 tambi\u00e9n su don de gente, su humildad y su sencillez. Esa sencillez que solo los grandes suelen exhibir.<\/em><\/p>\n\n\n\n<p><em>Al dolor por la p\u00e9rdida se le superpone el agradecimiento eterno que Coronel Su\u00e1rez tiene para con Juan Carlos por el honor que signific\u00f3 tanto en el deporte como en lo que refiere a lo que signific\u00f3 en lo humano. Sin duda lo vamos a extra\u00f1ar pero es mucho m\u00e1s lo que lo vamos a recordar.<\/em><\/p>\n\n\n\n<p><em>Juan Carlos: te despedimos con el convencimiento de que hoy vas a entrar en la etapa al que podemos considerar el derecho que tiene \u2018el reposo del guerrero\u2019. Tenemos mucho que agradecerte, como suarenses y como argentinos.<\/em><\/p>\n\n\n\n<p><em>Lleg\u00f3 la hora de tu merecido descanso en paz. Eternamente agradecidos por el legado que nos dejaste.<\/em><\/p>\n\n\n\n<p><em>Hasta siempre Juan Carlos.<\/em><\/p>\n\n\n\n<p>El mensaje del municipio de Coronel Su\u00e1rez publicado en su p\u00e1gina de Facebook: <strong>Municipio de Coronel Su\u00e1rez<\/strong><\/p>\n\n\n\n<figure class=\"wp-block-image aligncenter size-full is-resized\"><img loading=\"lazy\" decoding=\"async\" src=\"https:\/\/infoecos.com.ar\/wp-content\/uploads\/2023\/09\/image-55.png\" alt=\"\" class=\"wp-image-111986\" width=\"501\" height=\"501\" srcset=\"https:\/\/infoecos.com.ar\/wp-content\/uploads\/2023\/09\/image-55.png 843w, https:\/\/infoecos.com.ar\/wp-content\/uploads\/2023\/09\/image-55-800x800.png 800w, https:\/\/infoecos.com.ar\/wp-content\/uploads\/2023\/09\/image-55-768x768.png 768w\" sizes=\"(max-width: 501px) 100vw, 501px\" \/><\/figure>\n\n\n\n<p><img loading=\"lazy\" decoding=\"async\" height=\"16\" width=\"16\" alt=\"&#x1f464;\" src=\"https:\/\/static.xx.fbcdn.net\/images\/emoji.php\/v9\/t63\/1.5\/16\/1f464.png\">El Intendente Ricardo Moccero junto a su Gabinete Municipal expresan su inmenso dolor por el fallecimiento de Juan Carlos Harriott, reconocido vecino y deportista de Coronel Su\u00e1rez, que supo representar, tanto al distrito como a la Argentina, siendo parte del Seleccionado Nacional de Polo, como as\u00ed tambi\u00e9n fue el m\u00e1ximo ganador del Abierto Argentino de Polo, sumadas innumerables conquistas deportivas.<\/p>\n\n\n\n<p><img loading=\"lazy\" decoding=\"async\" height=\"16\" width=\"16\" alt=\"&#x2763;&#xfe0f;\" src=\"https:\/\/static.xx.fbcdn.net\/images\/emoji.php\/v9\/t72\/1.5\/16\/2763.png\">Saludamos a su hermano Alfredo, hijas, sobrinos, amigos en este dif\u00edcil <a><\/a>momento con el firme convencimiento, de que Juan Carlitos dej\u00f3 una huella imborrable en toda la comunidad de Coronel Su\u00e1rez, por su hombr\u00eda de bien, sencillez y destacables valores humanos.<\/p>\n\n\n\n<p><img loading=\"lazy\" decoding=\"async\" height=\"16\" width=\"16\" alt=\"&#x1f64f;\" src=\"https:\/\/static.xx.fbcdn.net\/images\/emoji.php\/v9\/td9\/1.5\/16\/1f64f.png\">Elevamos una plegaria al cielo por su eterno descanso<\/p>\n","protected":false},"excerpt":{"rendered":"<p>Juan Carlos se nos fue ayer, pero cumpli\u00f3 con la misi\u00f3n que solo tienen los grandes: dejar un legado que lo sobrevivir\u00e1 a lo largo de toda la historia. Alguien que logr\u00f3 escalar a lo m\u00e1ximo que un deportista puede aspirar: ingresar al Sal\u00f3n de las Leyendas del deporte en EEUU<\/p>\n","protected":false},"author":2,"featured_media":111987,"comment_status":"closed","ping_status":"open","sticky":false,"template":"","format":"standard","meta":{"footnotes":""},"categories":[42],"tags":[9090],"class_list":["post-111985","post","type-post","status-publish","format-standard","has-post-thumbnail","hentry","category-inferior3","tag-el-deporte-de-luto"],"yoast_head":"<!-- This site is optimized with the Yoast SEO plugin v23.4 - https:\/\/yoast.com\/wordpress\/plugins\/seo\/ -->\n<title>Los colegas de Nuevo D\u00eda de Coronel Su\u00e1rez y el municipio de ese distrito, sobre Juan Carlos Harriot - Infoecos<\/title>\n<meta name=\"robots\" content=\"index, follow, max-snippet:-1, max-image-preview:large, max-video-preview:-1\" \/>\n<link rel=\"canonical\" href=\"https:\/\/infoecos.com.ar\/index.php\/los-colegas-de-nuevo-dia-de-coronel-suarez-y-el-municipio-de-ese-distrito-sobre-juan-carlos-harriot\/\" \/>\n<meta property=\"og:locale\" content=\"es_ES\" \/>\n<meta property=\"og:type\" content=\"article\" \/>\n<meta property=\"og:title\" content=\"Los colegas de Nuevo D\u00eda de Coronel Su\u00e1rez y el municipio de ese distrito, sobre Juan Carlos Harriot - Infoecos\" \/>\n<meta property=\"og:description\" content=\"Juan Carlos se nos fue ayer, pero cumpli\u00f3 con la misi\u00f3n que solo tienen los grandes: dejar un legado que lo sobrevivir\u00e1 a lo largo de toda la historia. Alguien que logr\u00f3 escalar a lo m\u00e1ximo que un deportista puede aspirar: ingresar al Sal\u00f3n de las Leyendas del deporte en EEUU\" \/>\n<meta property=\"og:url\" content=\"https:\/\/infoecos.com.ar\/index.php\/los-colegas-de-nuevo-dia-de-coronel-suarez-y-el-municipio-de-ese-distrito-sobre-juan-carlos-harriot\/\" \/>\n<meta property=\"og:site_name\" content=\"Infoecos\" \/>\n<meta property=\"article:publisher\" content=\"https:\/\/www.facebook.com\/profile.php?id=100063200290284\" \/>\n<meta property=\"article:published_time\" content=\"2023-09-12T16:23:04+00:00\" \/>\n<meta property=\"article:modified_time\" content=\"2023-09-13T18:11:52+00:00\" \/>\n<meta property=\"og:image\" content=\"https:\/\/infoecos.com.ar\/wp-content\/uploads\/2023\/09\/Harriot-2.jpg\" \/>\n\t<meta property=\"og:image:width\" content=\"800\" \/>\n\t<meta property=\"og:image:height\" content=\"483\" \/>\n\t<meta property=\"og:image:type\" content=\"image\/jpeg\" \/>\n<meta name=\"author\" content=\"Jorge Matheus\" \/>\n<meta name=\"twitter:card\" content=\"summary_large_image\" \/>\n<meta name=\"twitter:creator\" content=\"@infoecos\" \/>\n<meta name=\"twitter:site\" content=\"@infoecos\" \/>\n<meta name=\"twitter:label1\" content=\"Escrito por\" \/>\n\t<meta name=\"twitter:data1\" content=\"Jorge Matheus\" \/>\n\t<meta name=\"twitter:label2\" content=\"Tiempo de lectura\" \/>\n\t<meta name=\"twitter:data2\" content=\"4 minutos\" \/>\n<script type=\"application\/ld+json\" class=\"yoast-schema-graph\">{\"@context\":\"https:\/\/schema.org\",\"@graph\":[{\"@type\":\"Article\",\"@id\":\"https:\/\/infoecos.com.ar\/index.php\/los-colegas-de-nuevo-dia-de-coronel-suarez-y-el-municipio-de-ese-distrito-sobre-juan-carlos-harriot\/#article\",\"isPartOf\":{\"@id\":\"https:\/\/infoecos.com.ar\/index.php\/los-colegas-de-nuevo-dia-de-coronel-suarez-y-el-municipio-de-ese-distrito-sobre-juan-carlos-harriot\/\"},\"author\":{\"name\":\"Jorge Matheus\",\"@id\":\"https:\/\/infoecos.com.ar\/#\/schema\/person\/8f5ace5ce73b4b4aac4b7245aee6f191\"},\"headline\":\"Los colegas de Nuevo D\u00eda de Coronel Su\u00e1rez y el municipio de ese distrito, sobre Juan Carlos Harriot\",\"datePublished\":\"2023-09-12T16:23:04+00:00\",\"dateModified\":\"2023-09-13T18:11:52+00:00\",\"mainEntityOfPage\":{\"@id\":\"https:\/\/infoecos.com.ar\/index.php\/los-colegas-de-nuevo-dia-de-coronel-suarez-y-el-municipio-de-ese-distrito-sobre-juan-carlos-harriot\/\"},\"wordCount\":527,\"publisher\":{\"@id\":\"https:\/\/infoecos.com.ar\/#organization\"},\"image\":{\"@id\":\"https:\/\/infoecos.com.ar\/index.php\/los-colegas-de-nuevo-dia-de-coronel-suarez-y-el-municipio-de-ese-distrito-sobre-juan-carlos-harriot\/#primaryimage\"},\"thumbnailUrl\":\"https:\/\/infoecos.com.ar\/wp-content\/uploads\/2023\/09\/Harriot-2.jpg\",\"keywords\":[\"EL DEPORTE DE LUTO\"],\"articleSection\":[\"Bloque inferior - 3\"],\"inLanguage\":\"es\"},{\"@type\":\"WebPage\",\"@id\":\"https:\/\/infoecos.com.ar\/index.php\/los-colegas-de-nuevo-dia-de-coronel-suarez-y-el-municipio-de-ese-distrito-sobre-juan-carlos-harriot\/\",\"url\":\"https:\/\/infoecos.com.ar\/index.php\/los-colegas-de-nuevo-dia-de-coronel-suarez-y-el-municipio-de-ese-distrito-sobre-juan-carlos-harriot\/\",\"name\":\"Los colegas de Nuevo D\u00eda de Coronel Su\u00e1rez y el municipio de ese distrito, sobre Juan Carlos Harriot - Infoecos\",\"isPartOf\":{\"@id\":\"https:\/\/infoecos.com.ar\/#website\"},\"primaryImageOfPage\":{\"@id\":\"https:\/\/infoecos.com.ar\/index.php\/los-colegas-de-nuevo-dia-de-coronel-suarez-y-el-municipio-de-ese-distrito-sobre-juan-carlos-harriot\/#primaryimage\"},\"image\":{\"@id\":\"https:\/\/infoecos.com.ar\/index.php\/los-colegas-de-nuevo-dia-de-coronel-suarez-y-el-municipio-de-ese-distrito-sobre-juan-carlos-harriot\/#primaryimage\"},\"thumbnailUrl\":\"https:\/\/infoecos.com.ar\/wp-content\/uploads\/2023\/09\/Harriot-2.jpg\",\"datePublished\":\"2023-09-12T16:23:04+00:00\",\"dateModified\":\"2023-09-13T18:11:52+00:00\",\"breadcrumb\":{\"@id\":\"https:\/\/infoecos.com.ar\/index.php\/los-colegas-de-nuevo-dia-de-coronel-suarez-y-el-municipio-de-ese-distrito-sobre-juan-carlos-harriot\/#breadcrumb\"},\"inLanguage\":\"es\",\"potentialAction\":[{\"@type\":\"ReadAction\",\"target\":[\"https:\/\/infoecos.com.ar\/index.php\/los-colegas-de-nuevo-dia-de-coronel-suarez-y-el-municipio-de-ese-distrito-sobre-juan-carlos-harriot\/\"]}]},{\"@type\":\"ImageObject\",\"inLanguage\":\"es\",\"@id\":\"https:\/\/infoecos.com.ar\/index.php\/los-colegas-de-nuevo-dia-de-coronel-suarez-y-el-municipio-de-ese-distrito-sobre-juan-carlos-harriot\/#primaryimage\",\"url\":\"https:\/\/infoecos.com.ar\/wp-content\/uploads\/2023\/09\/Harriot-2.jpg\",\"contentUrl\":\"https:\/\/infoecos.com.ar\/wp-content\/uploads\/2023\/09\/Harriot-2.jpg\",\"width\":800,\"height\":483},{\"@type\":\"BreadcrumbList\",\"@id\":\"https:\/\/infoecos.com.ar\/index.php\/los-colegas-de-nuevo-dia-de-coronel-suarez-y-el-municipio-de-ese-distrito-sobre-juan-carlos-harriot\/#breadcrumb\",\"itemListElement\":[{\"@type\":\"ListItem\",\"position\":1,\"name\":\"Portada\",\"item\":\"https:\/\/infoecos.com.ar\/\"},{\"@type\":\"ListItem\",\"position\":2,\"name\":\"Los colegas de Nuevo D\u00eda de Coronel Su\u00e1rez y el municipio de ese distrito, sobre Juan Carlos Harriot\"}]},{\"@type\":\"WebSite\",\"@id\":\"https:\/\/infoecos.com.ar\/#website\",\"url\":\"https:\/\/infoecos.com.ar\/\",\"name\":\"Infoecos\",\"description\":\"Noticias de trenque lauquen y la zona\",\"publisher\":{\"@id\":\"https:\/\/infoecos.com.ar\/#organization\"},\"alternateName\":\"Noticias\",\"potentialAction\":[{\"@type\":\"SearchAction\",\"target\":{\"@type\":\"EntryPoint\",\"urlTemplate\":\"https:\/\/infoecos.com.ar\/?s={search_term_string}\"},\"query-input\":{\"@type\":\"PropertyValueSpecification\",\"valueRequired\":true,\"valueName\":\"search_term_string\"}}],\"inLanguage\":\"es\"},{\"@type\":\"Organization\",\"@id\":\"https:\/\/infoecos.com.ar\/#organization\",\"name\":\"Infoecos\",\"alternateName\":\"Noticias\",\"url\":\"https:\/\/infoecos.com.ar\/\",\"logo\":{\"@type\":\"ImageObject\",\"inLanguage\":\"es\",\"@id\":\"https:\/\/infoecos.com.ar\/#\/schema\/logo\/image\/\",\"url\":\"https:\/\/infoecos.com.ar\/wp-content\/uploads\/2024\/03\/cropped-logo.png\",\"contentUrl\":\"https:\/\/infoecos.com.ar\/wp-content\/uploads\/2024\/03\/cropped-logo.png\",\"width\":374,\"height\":90,\"caption\":\"Infoecos\"},\"image\":{\"@id\":\"https:\/\/infoecos.com.ar\/#\/schema\/logo\/image\/\"},\"sameAs\":[\"https:\/\/www.facebook.com\/profile.php?id=100063200290284\",\"https:\/\/x.com\/infoecos\"]},{\"@type\":\"Person\",\"@id\":\"https:\/\/infoecos.com.ar\/#\/schema\/person\/8f5ace5ce73b4b4aac4b7245aee6f191\",\"name\":\"Jorge Matheus\",\"url\":\"https:\/\/infoecos.com.ar\/index.php\/author\/jomatheus\/\"}]}<\/script>\n<!-- \/ Yoast SEO plugin. -->","yoast_head_json":{"title":"Los colegas de Nuevo D\u00eda de Coronel Su\u00e1rez y el municipio de ese distrito, sobre Juan Carlos Harriot - Infoecos","robots":{"index":"index","follow":"follow","max-snippet":"max-snippet:-1","max-image-preview":"max-image-preview:large","max-video-preview":"max-video-preview:-1"},"canonical":"https:\/\/infoecos.com.ar\/index.php\/los-colegas-de-nuevo-dia-de-coronel-suarez-y-el-municipio-de-ese-distrito-sobre-juan-carlos-harriot\/","og_locale":"es_ES","og_type":"article","og_title":"Los colegas de Nuevo D\u00eda de Coronel Su\u00e1rez y el municipio de ese distrito, sobre Juan Carlos Harriot - Infoecos","og_description":"Juan Carlos se nos fue ayer, pero cumpli\u00f3 con la misi\u00f3n que solo tienen los grandes: dejar un legado que lo sobrevivir\u00e1 a lo largo de toda la historia. Alguien que logr\u00f3 escalar a lo m\u00e1ximo que un deportista puede aspirar: ingresar al Sal\u00f3n de las Leyendas del deporte en EEUU","og_url":"https:\/\/infoecos.com.ar\/index.php\/los-colegas-de-nuevo-dia-de-coronel-suarez-y-el-municipio-de-ese-distrito-sobre-juan-carlos-harriot\/","og_site_name":"Infoecos","article_publisher":"https:\/\/www.facebook.com\/profile.php?id=100063200290284","article_published_time":"2023-09-12T16:23:04+00:00","article_modified_time":"2023-09-13T18:11:52+00:00","og_image":[{"width":800,"height":483,"url":"https:\/\/infoecos.com.ar\/wp-content\/uploads\/2023\/09\/Harriot-2.jpg","type":"image\/jpeg"}],"author":"Jorge Matheus","twitter_card":"summary_large_image","twitter_creator":"@infoecos","twitter_site":"@infoecos","twitter_misc":{"Escrito por":"Jorge Matheus","Tiempo de lectura":"4 minutos"},"schema":{"@context":"https:\/\/schema.org","@graph":[{"@type":"Article","@id":"https:\/\/infoecos.com.ar\/index.php\/los-colegas-de-nuevo-dia-de-coronel-suarez-y-el-municipio-de-ese-distrito-sobre-juan-carlos-harriot\/#article","isPartOf":{"@id":"https:\/\/infoecos.com.ar\/index.php\/los-colegas-de-nuevo-dia-de-coronel-suarez-y-el-municipio-de-ese-distrito-sobre-juan-carlos-harriot\/"},"author":{"name":"Jorge Matheus","@id":"https:\/\/infoecos.com.ar\/#\/schema\/person\/8f5ace5ce73b4b4aac4b7245aee6f191"},"headline":"Los colegas de Nuevo D\u00eda de Coronel Su\u00e1rez y el municipio de ese distrito, sobre Juan Carlos Harriot","datePublished":"2023-09-12T16:23:04+00:00","dateModified":"2023-09-13T18:11:52+00:00","mainEntityOfPage":{"@id":"https:\/\/infoecos.com.ar\/index.php\/los-colegas-de-nuevo-dia-de-coronel-suarez-y-el-municipio-de-ese-distrito-sobre-juan-carlos-harriot\/"},"wordCount":527,"publisher":{"@id":"https:\/\/infoecos.com.ar\/#organization"},"image":{"@id":"https:\/\/infoecos.com.ar\/index.php\/los-colegas-de-nuevo-dia-de-coronel-suarez-y-el-municipio-de-ese-distrito-sobre-juan-carlos-harriot\/#primaryimage"},"thumbnailUrl":"https:\/\/infoecos.com.ar\/wp-content\/uploads\/2023\/09\/Harriot-2.jpg","keywords":["EL DEPORTE DE LUTO"],"articleSection":["Bloque inferior - 3"],"inLanguage":"es"},{"@type":"WebPage","@id":"https:\/\/infoecos.com.ar\/index.php\/los-colegas-de-nuevo-dia-de-coronel-suarez-y-el-municipio-de-ese-distrito-sobre-juan-carlos-harriot\/","url":"https:\/\/infoecos.com.ar\/index.php\/los-colegas-de-nuevo-dia-de-coronel-suarez-y-el-municipio-de-ese-distrito-sobre-juan-carlos-harriot\/","name":"Los colegas de Nuevo D\u00eda de Coronel Su\u00e1rez y el municipio de ese distrito, sobre Juan Carlos Harriot - Infoecos","isPartOf":{"@id":"https:\/\/infoecos.com.ar\/#website"},"primaryImageOfPage":{"@id":"https:\/\/infoecos.com.ar\/index.php\/los-colegas-de-nuevo-dia-de-coronel-suarez-y-el-municipio-de-ese-distrito-sobre-juan-carlos-harriot\/#primaryimage"},"image":{"@id":"https:\/\/infoecos.com.ar\/index.php\/los-colegas-de-nuevo-dia-de-coronel-suarez-y-el-municipio-de-ese-distrito-sobre-juan-carlos-harriot\/#primaryimage"},"thumbnailUrl":"https:\/\/infoecos.com.ar\/wp-content\/uploads\/2023\/09\/Harriot-2.jpg","datePublished":"2023-09-12T16:23:04+00:00","dateModified":"2023-09-13T18:11:52+00:00","breadcrumb":{"@id":"https:\/\/infoecos.com.ar\/index.php\/los-colegas-de-nuevo-dia-de-coronel-suarez-y-el-municipio-de-ese-distrito-sobre-juan-carlos-harriot\/#breadcrumb"},"inLanguage":"es","potentialAction":[{"@type":"ReadAction","target":["https:\/\/infoecos.com.ar\/index.php\/los-colegas-de-nuevo-dia-de-coronel-suarez-y-el-municipio-de-ese-distrito-sobre-juan-carlos-harriot\/"]}]},{"@type":"ImageObject","inLanguage":"es","@id":"https:\/\/infoecos.com.ar\/index.php\/los-colegas-de-nuevo-dia-de-coronel-suarez-y-el-municipio-de-ese-distrito-sobre-juan-carlos-harriot\/#primaryimage","url":"https:\/\/infoecos.com.ar\/wp-content\/uploads\/2023\/09\/Harriot-2.jpg","contentUrl":"https:\/\/infoecos.com.ar\/wp-content\/uploads\/2023\/09\/Harriot-2.jpg","width":800,"height":483},{"@type":"BreadcrumbList","@id":"https:\/\/infoecos.com.ar\/index.php\/los-colegas-de-nuevo-dia-de-coronel-suarez-y-el-municipio-de-ese-distrito-sobre-juan-carlos-harriot\/#breadcrumb","itemListElement":[{"@type":"ListItem","position":1,"name":"Portada","item":"https:\/\/infoecos.com.ar\/"},{"@type":"ListItem","position":2,"name":"Los colegas de Nuevo D\u00eda de Coronel Su\u00e1rez y el municipio de ese distrito, sobre Juan Carlos Harriot"}]},{"@type":"WebSite","@id":"https:\/\/infoecos.com.ar\/#website","url":"https:\/\/infoecos.com.ar\/","name":"Infoecos","description":"Noticias de trenque lauquen y la zona","publisher":{"@id":"https:\/\/infoecos.com.ar\/#organization"},"alternateName":"Noticias","potentialAction":[{"@type":"SearchAction","target":{"@type":"EntryPoint","urlTemplate":"https:\/\/infoecos.com.ar\/?s={search_term_string}"},"query-input":{"@type":"PropertyValueSpecification","valueRequired":true,"valueName":"search_term_string"}}],"inLanguage":"es"},{"@type":"Organization","@id":"https:\/\/infoecos.com.ar\/#organization","name":"Infoecos","alternateName":"Noticias","url":"https:\/\/infoecos.com.ar\/","logo":{"@type":"ImageObject","inLanguage":"es","@id":"https:\/\/infoecos.com.ar\/#\/schema\/logo\/image\/","url":"https:\/\/infoecos.com.ar\/wp-content\/uploads\/2024\/03\/cropped-logo.png","contentUrl":"https:\/\/infoecos.com.ar\/wp-content\/uploads\/2024\/03\/cropped-logo.png","width":374,"height":90,"caption":"Infoecos"},"image":{"@id":"https:\/\/infoecos.com.ar\/#\/schema\/logo\/image\/"},"sameAs":["https:\/\/www.facebook.com\/profile.php?id=100063200290284","https:\/\/x.com\/infoecos"]},{"@type":"Person","@id":"https:\/\/infoecos.com.ar\/#\/schema\/person\/8f5ace5ce73b4b4aac4b7245aee6f191","name":"Jorge Matheus","url":"https:\/\/infoecos.com.ar\/index.php\/author\/jomatheus\/"}]}},"featured_image_urls":{"full":["https:\/\/infoecos.com.ar\/wp-content\/uploads\/2023\/09\/Harriot-2.jpg",800,483,false],"thumbnail":["https:\/\/infoecos.com.ar\/wp-content\/uploads\/2023\/09\/Harriot-2-300x150.jpg",300,150,true],"medium":["https:\/\/infoecos.com.ar\/wp-content\/uploads\/2023\/09\/Harriot-2.jpg",800,483,false],"medium_large":["https:\/\/infoecos.com.ar\/wp-content\/uploads\/2023\/09\/Harriot-2-768x464.jpg",640,387,true],"large":["https:\/\/infoecos.com.ar\/wp-content\/uploads\/2023\/09\/Harriot-2.jpg",640,386,false],"1536x1536":["https:\/\/infoecos.com.ar\/wp-content\/uploads\/2023\/09\/Harriot-2.jpg",800,483,false],"2048x2048":["https:\/\/infoecos.com.ar\/wp-content\/uploads\/2023\/09\/Harriot-2.jpg",800,483,false],"covernews-slider-full":["https:\/\/infoecos.com.ar\/wp-content\/uploads\/2023\/09\/Harriot-2.jpg",800,483,false],"covernews-slider-center":["https:\/\/infoecos.com.ar\/wp-content\/uploads\/2023\/09\/Harriot-2.jpg",800,483,false],"covernews-featured":["https:\/\/infoecos.com.ar\/wp-content\/uploads\/2023\/09\/Harriot-2.jpg",800,483,false],"covernews-medium":["https:\/\/infoecos.com.ar\/wp-content\/uploads\/2023\/09\/Harriot-2-720x380.jpg",540,285,true],"covernews-medium-square":["https:\/\/infoecos.com.ar\/wp-content\/uploads\/2023\/09\/Harriot-2-675x450.jpg",375,250,true]},"author_info":{"info":["Jorge Matheus"]},"category_info":"<a href=\"https:\/\/infoecos.com.ar\/index.php\/category\/inferior3\/\" rel=\"category tag\">Bloque inferior - 3<\/a>","tag_info":"Bloque inferior - 3","comment_count":"0","_links":{"self":[{"href":"https:\/\/infoecos.com.ar\/index.php\/wp-json\/wp\/v2\/posts\/111985"}],"collection":[{"href":"https:\/\/infoecos.com.ar\/index.php\/wp-json\/wp\/v2\/posts"}],"about":[{"href":"https:\/\/infoecos.com.ar\/index.php\/wp-json\/wp\/v2\/types\/post"}],"author":[{"embeddable":true,"href":"https:\/\/infoecos.com.ar\/index.php\/wp-json\/wp\/v2\/users\/2"}],"replies":[{"embeddable":true,"href":"https:\/\/infoecos.com.ar\/index.php\/wp-json\/wp\/v2\/comments?post=111985"}],"version-history":[{"count":2,"href":"https:\/\/infoecos.com.ar\/index.php\/wp-json\/wp\/v2\/posts\/111985\/revisions"}],"predecessor-version":[{"id":112024,"href":"https:\/\/infoecos.com.ar\/index.php\/wp-json\/wp\/v2\/posts\/111985\/revisions\/112024"}],"wp:featuredmedia":[{"embeddable":true,"href":"https:\/\/infoecos.com.ar\/index.php\/wp-json\/wp\/v2\/media\/111987"}],"wp:attachment":[{"href":"https:\/\/infoecos.com.ar\/index.php\/wp-json\/wp\/v2\/media?parent=111985"}],"wp:term":[{"taxonomy":"category","embeddable":true,"href":"https:\/\/infoecos.com.ar\/index.php\/wp-json\/wp\/v2\/categories?post=111985"},{"taxonomy":"post_tag","embeddable":true,"href":"https:\/\/infoecos.com.ar\/index.php\/wp-json\/wp\/v2\/tags?post=111985"}],"curies":[{"name":"wp","href":"https:\/\/api.w.org\/{rel}","templated":true}]}}