{"id":112028,"date":"2023-09-13T00:56:37","date_gmt":"2023-09-13T03:56:37","guid":{"rendered":"https:\/\/infoecos.com.ar\/?p=112028"},"modified":"2023-09-15T02:44:10","modified_gmt":"2023-09-15T05:44:10","slug":"el-haber-minimo-de-los-jubilados-y-pensionados-pampeanos-sera-de-200-mil-pesos","status":"publish","type":"post","link":"https:\/\/infoecos.com.ar\/index.php\/el-haber-minimo-de-los-jubilados-y-pensionados-pampeanos-sera-de-200-mil-pesos\/","title":{"rendered":"El haber m\u00ednimo de los jubilados y pensionados pampeanos ser\u00e1 de 200 mil pesos"},"content":{"rendered":"\n<p>El Gobierno Provincial dio a conocer que desde este mes de septiembre los jubilados y pensionados pampeanos cobrar\u00e1n un haber m\u00ednimo de 200 mil pesos.<\/p>\n\n\n\n<p>\u00abEste incremento es superador de los incrementos mensuales habituales y significa una inversi\u00f3n p\u00fablica de $ 114 millones adicionales, seg\u00fan la liquidaci\u00f3n de los haberes jubilatorios del mes de setiembre\u00bb, destac\u00f3 un comunicado de prensa oficial.<\/p>\n\n\n\n<figure class=\"wp-block-image aligncenter size-full is-resized\"><img loading=\"lazy\" decoding=\"async\" src=\"https:\/\/infoecos.com.ar\/wp-content\/uploads\/2023\/09\/6500e70c25b45.jpg\" alt=\"\" class=\"wp-image-112029\" width=\"399\" height=\"225\" srcset=\"https:\/\/infoecos.com.ar\/wp-content\/uploads\/2023\/09\/6500e70c25b45.jpg 900w, https:\/\/infoecos.com.ar\/wp-content\/uploads\/2023\/09\/6500e70c25b45-800x451.jpg 800w, https:\/\/infoecos.com.ar\/wp-content\/uploads\/2023\/09\/6500e70c25b45-768x433.jpg 768w\" sizes=\"(max-width: 399px) 100vw, 399px\" \/><\/figure>\n\n\n\n<p>Y explic\u00f3: \u00abEn concordancia con el incremento en los programas alimentarios que benefician a ni\u00f1as, ni\u00f1os, adolescentes y personas mayores que integran familias vulnerables, el Gobierno provincial decidi\u00f3 elevar los haberes m\u00ednimos jubilatorios y las pensiones correspondientes a los tres reg\u00edmenes de la seguridad social pampeana: 523 de la caja docente, 3.391 de la civil y 238 de la caja policial\u00bb.<\/p>\n\n\n\n<p>El incremento dispuesto por el gobernador Sergio Ziliotto -se\u00f1al\u00f3 el mismo escrito- se ver\u00e1 reflejado en los haberes que percibir\u00e1n el pr\u00f3ximo 22 de septiembre, y tiene el objetivo de \u00absumar recursos a las familias pampeanas para mejorar su situaci\u00f3n individual y, al mismo tiempo, movilizar la econom\u00eda provincial promoviendo el consumo\u00bb.<\/p>\n\n\n\n<p>\u00abEste incremento es solventando con recursos del erario provincial y resulta superador de la aplicaci\u00f3n del aumento mensual producto de la actualizaci\u00f3n de los salarios de los trabajadores activos seg\u00fan el \u00edndice de inflaci\u00f3n, tal como fue acordado en las negociaciones paritarias entre el Gobierno provincial y los representantes gremiales\u00bb, cerr\u00f3.<\/p>\n","protected":false},"excerpt":{"rendered":"<p>\u00abEste incremento es superador de los incrementos mensuales habituales y significa una inversi\u00f3n p\u00fablica de $ 114 millones adicionales, seg\u00fan la liquidaci\u00f3n de los haberes jubilatorios del mes de setiembre\u00bb<\/p>\n","protected":false},"author":2,"featured_media":112029,"comment_status":"closed","ping_status":"open","sticky":false,"template":"","format":"standard","meta":{"footnotes":""},"categories":[1334],"tags":[9095],"class_list":["post-112028","post","type-post","status-publish","format-standard","has-post-thumbnail","hentry","category-inferior14","tag-desde-este-mes-de-septiembre"],"yoast_head":"<!-- This site is optimized with the Yoast SEO plugin v23.4 - https:\/\/yoast.com\/wordpress\/plugins\/seo\/ -->\n<title>El haber m\u00ednimo de los jubilados y pensionados pampeanos ser\u00e1 de 200 mil pesos - Infoecos<\/title>\n<meta name=\"robots\" content=\"index, follow, max-snippet:-1, max-image-preview:large, max-video-preview:-1\" \/>\n<link rel=\"canonical\" href=\"https:\/\/infoecos.com.ar\/index.php\/el-haber-minimo-de-los-jubilados-y-pensionados-pampeanos-sera-de-200-mil-pesos\/\" \/>\n<meta property=\"og:locale\" content=\"es_ES\" \/>\n<meta property=\"og:type\" content=\"article\" \/>\n<meta property=\"og:title\" content=\"El haber m\u00ednimo de los jubilados y pensionados pampeanos ser\u00e1 de 200 mil pesos - Infoecos\" \/>\n<meta property=\"og:description\" content=\"&quot;Este incremento es superador de los incrementos mensuales habituales y significa una inversi\u00f3n p\u00fablica de $ 114 millones adicionales, seg\u00fan la liquidaci\u00f3n de los haberes jubilatorios del mes de setiembre&quot;\" \/>\n<meta property=\"og:url\" content=\"https:\/\/infoecos.com.ar\/index.php\/el-haber-minimo-de-los-jubilados-y-pensionados-pampeanos-sera-de-200-mil-pesos\/\" \/>\n<meta property=\"og:site_name\" content=\"Infoecos\" \/>\n<meta property=\"article:publisher\" content=\"https:\/\/www.facebook.com\/profile.php?id=100063200290284\" \/>\n<meta property=\"article:published_time\" content=\"2023-09-13T03:56:37+00:00\" \/>\n<meta property=\"article:modified_time\" content=\"2023-09-15T05:44:10+00:00\" \/>\n<meta property=\"og:image\" content=\"https:\/\/infoecos.com.ar\/wp-content\/uploads\/2023\/09\/6500e70c25b45.jpg\" \/>\n\t<meta property=\"og:image:width\" content=\"900\" \/>\n\t<meta property=\"og:image:height\" content=\"507\" \/>\n\t<meta property=\"og:image:type\" content=\"image\/jpeg\" \/>\n<meta name=\"author\" content=\"Jorge Matheus\" \/>\n<meta name=\"twitter:card\" content=\"summary_large_image\" \/>\n<meta name=\"twitter:creator\" content=\"@infoecos\" \/>\n<meta name=\"twitter:site\" content=\"@infoecos\" \/>\n<meta name=\"twitter:label1\" content=\"Escrito por\" \/>\n\t<meta name=\"twitter:data1\" content=\"Jorge Matheus\" \/>\n\t<meta name=\"twitter:label2\" content=\"Tiempo de lectura\" \/>\n\t<meta name=\"twitter:data2\" content=\"2 minutos\" \/>\n<script type=\"application\/ld+json\" class=\"yoast-schema-graph\">{\"@context\":\"https:\/\/schema.org\",\"@graph\":[{\"@type\":\"Article\",\"@id\":\"https:\/\/infoecos.com.ar\/index.php\/el-haber-minimo-de-los-jubilados-y-pensionados-pampeanos-sera-de-200-mil-pesos\/#article\",\"isPartOf\":{\"@id\":\"https:\/\/infoecos.com.ar\/index.php\/el-haber-minimo-de-los-jubilados-y-pensionados-pampeanos-sera-de-200-mil-pesos\/\"},\"author\":{\"name\":\"Jorge Matheus\",\"@id\":\"https:\/\/infoecos.com.ar\/#\/schema\/person\/8f5ace5ce73b4b4aac4b7245aee6f191\"},\"headline\":\"El haber m\u00ednimo de los jubilados y pensionados pampeanos ser\u00e1 de 200 mil pesos\",\"datePublished\":\"2023-09-13T03:56:37+00:00\",\"dateModified\":\"2023-09-15T05:44:10+00:00\",\"mainEntityOfPage\":{\"@id\":\"https:\/\/infoecos.com.ar\/index.php\/el-haber-minimo-de-los-jubilados-y-pensionados-pampeanos-sera-de-200-mil-pesos\/\"},\"wordCount\":251,\"publisher\":{\"@id\":\"https:\/\/infoecos.com.ar\/#organization\"},\"image\":{\"@id\":\"https:\/\/infoecos.com.ar\/index.php\/el-haber-minimo-de-los-jubilados-y-pensionados-pampeanos-sera-de-200-mil-pesos\/#primaryimage\"},\"thumbnailUrl\":\"https:\/\/infoecos.com.ar\/wp-content\/uploads\/2023\/09\/6500e70c25b45.jpg\",\"keywords\":[\"DESDE ESTE MES DE SEPTIEMBRE\"],\"articleSection\":[\"Bloque inferior - 14\"],\"inLanguage\":\"es\"},{\"@type\":\"WebPage\",\"@id\":\"https:\/\/infoecos.com.ar\/index.php\/el-haber-minimo-de-los-jubilados-y-pensionados-pampeanos-sera-de-200-mil-pesos\/\",\"url\":\"https:\/\/infoecos.com.ar\/index.php\/el-haber-minimo-de-los-jubilados-y-pensionados-pampeanos-sera-de-200-mil-pesos\/\",\"name\":\"El haber m\u00ednimo de los jubilados y pensionados pampeanos ser\u00e1 de 200 mil pesos - Infoecos\",\"isPartOf\":{\"@id\":\"https:\/\/infoecos.com.ar\/#website\"},\"primaryImageOfPage\":{\"@id\":\"https:\/\/infoecos.com.ar\/index.php\/el-haber-minimo-de-los-jubilados-y-pensionados-pampeanos-sera-de-200-mil-pesos\/#primaryimage\"},\"image\":{\"@id\":\"https:\/\/infoecos.com.ar\/index.php\/el-haber-minimo-de-los-jubilados-y-pensionados-pampeanos-sera-de-200-mil-pesos\/#primaryimage\"},\"thumbnailUrl\":\"https:\/\/infoecos.com.ar\/wp-content\/uploads\/2023\/09\/6500e70c25b45.jpg\",\"datePublished\":\"2023-09-13T03:56:37+00:00\",\"dateModified\":\"2023-09-15T05:44:10+00:00\",\"breadcrumb\":{\"@id\":\"https:\/\/infoecos.com.ar\/index.php\/el-haber-minimo-de-los-jubilados-y-pensionados-pampeanos-sera-de-200-mil-pesos\/#breadcrumb\"},\"inLanguage\":\"es\",\"potentialAction\":[{\"@type\":\"ReadAction\",\"target\":[\"https:\/\/infoecos.com.ar\/index.php\/el-haber-minimo-de-los-jubilados-y-pensionados-pampeanos-sera-de-200-mil-pesos\/\"]}]},{\"@type\":\"ImageObject\",\"inLanguage\":\"es\",\"@id\":\"https:\/\/infoecos.com.ar\/index.php\/el-haber-minimo-de-los-jubilados-y-pensionados-pampeanos-sera-de-200-mil-pesos\/#primaryimage\",\"url\":\"https:\/\/infoecos.com.ar\/wp-content\/uploads\/2023\/09\/6500e70c25b45.jpg\",\"contentUrl\":\"https:\/\/infoecos.com.ar\/wp-content\/uploads\/2023\/09\/6500e70c25b45.jpg\",\"width\":900,\"height\":507},{\"@type\":\"BreadcrumbList\",\"@id\":\"https:\/\/infoecos.com.ar\/index.php\/el-haber-minimo-de-los-jubilados-y-pensionados-pampeanos-sera-de-200-mil-pesos\/#breadcrumb\",\"itemListElement\":[{\"@type\":\"ListItem\",\"position\":1,\"name\":\"Portada\",\"item\":\"https:\/\/infoecos.com.ar\/\"},{\"@type\":\"ListItem\",\"position\":2,\"name\":\"El haber m\u00ednimo de los jubilados y pensionados pampeanos ser\u00e1 de 200 mil pesos\"}]},{\"@type\":\"WebSite\",\"@id\":\"https:\/\/infoecos.com.ar\/#website\",\"url\":\"https:\/\/infoecos.com.ar\/\",\"name\":\"Infoecos\",\"description\":\"Noticias de trenque lauquen y la zona\",\"publisher\":{\"@id\":\"https:\/\/infoecos.com.ar\/#organization\"},\"alternateName\":\"Noticias\",\"potentialAction\":[{\"@type\":\"SearchAction\",\"target\":{\"@type\":\"EntryPoint\",\"urlTemplate\":\"https:\/\/infoecos.com.ar\/?s={search_term_string}\"},\"query-input\":{\"@type\":\"PropertyValueSpecification\",\"valueRequired\":true,\"valueName\":\"search_term_string\"}}],\"inLanguage\":\"es\"},{\"@type\":\"Organization\",\"@id\":\"https:\/\/infoecos.com.ar\/#organization\",\"name\":\"Infoecos\",\"alternateName\":\"Noticias\",\"url\":\"https:\/\/infoecos.com.ar\/\",\"logo\":{\"@type\":\"ImageObject\",\"inLanguage\":\"es\",\"@id\":\"https:\/\/infoecos.com.ar\/#\/schema\/logo\/image\/\",\"url\":\"https:\/\/infoecos.com.ar\/wp-content\/uploads\/2024\/03\/cropped-logo.png\",\"contentUrl\":\"https:\/\/infoecos.com.ar\/wp-content\/uploads\/2024\/03\/cropped-logo.png\",\"width\":374,\"height\":90,\"caption\":\"Infoecos\"},\"image\":{\"@id\":\"https:\/\/infoecos.com.ar\/#\/schema\/logo\/image\/\"},\"sameAs\":[\"https:\/\/www.facebook.com\/profile.php?id=100063200290284\",\"https:\/\/x.com\/infoecos\"]},{\"@type\":\"Person\",\"@id\":\"https:\/\/infoecos.com.ar\/#\/schema\/person\/8f5ace5ce73b4b4aac4b7245aee6f191\",\"name\":\"Jorge Matheus\",\"url\":\"https:\/\/infoecos.com.ar\/index.php\/author\/jomatheus\/\"}]}<\/script>\n<!-- \/ Yoast SEO plugin. -->","yoast_head_json":{"title":"El haber m\u00ednimo de los jubilados y pensionados pampeanos ser\u00e1 de 200 mil pesos - Infoecos","robots":{"index":"index","follow":"follow","max-snippet":"max-snippet:-1","max-image-preview":"max-image-preview:large","max-video-preview":"max-video-preview:-1"},"canonical":"https:\/\/infoecos.com.ar\/index.php\/el-haber-minimo-de-los-jubilados-y-pensionados-pampeanos-sera-de-200-mil-pesos\/","og_locale":"es_ES","og_type":"article","og_title":"El haber m\u00ednimo de los jubilados y pensionados pampeanos ser\u00e1 de 200 mil pesos - Infoecos","og_description":"\"Este incremento es superador de los incrementos mensuales habituales y significa una inversi\u00f3n p\u00fablica de $ 114 millones adicionales, seg\u00fan la liquidaci\u00f3n de los haberes jubilatorios del mes de setiembre\"","og_url":"https:\/\/infoecos.com.ar\/index.php\/el-haber-minimo-de-los-jubilados-y-pensionados-pampeanos-sera-de-200-mil-pesos\/","og_site_name":"Infoecos","article_publisher":"https:\/\/www.facebook.com\/profile.php?id=100063200290284","article_published_time":"2023-09-13T03:56:37+00:00","article_modified_time":"2023-09-15T05:44:10+00:00","og_image":[{"width":900,"height":507,"url":"https:\/\/infoecos.com.ar\/wp-content\/uploads\/2023\/09\/6500e70c25b45.jpg","type":"image\/jpeg"}],"author":"Jorge Matheus","twitter_card":"summary_large_image","twitter_creator":"@infoecos","twitter_site":"@infoecos","twitter_misc":{"Escrito por":"Jorge Matheus","Tiempo de lectura":"2 minutos"},"schema":{"@context":"https:\/\/schema.org","@graph":[{"@type":"Article","@id":"https:\/\/infoecos.com.ar\/index.php\/el-haber-minimo-de-los-jubilados-y-pensionados-pampeanos-sera-de-200-mil-pesos\/#article","isPartOf":{"@id":"https:\/\/infoecos.com.ar\/index.php\/el-haber-minimo-de-los-jubilados-y-pensionados-pampeanos-sera-de-200-mil-pesos\/"},"author":{"name":"Jorge Matheus","@id":"https:\/\/infoecos.com.ar\/#\/schema\/person\/8f5ace5ce73b4b4aac4b7245aee6f191"},"headline":"El haber m\u00ednimo de los jubilados y pensionados pampeanos ser\u00e1 de 200 mil pesos","datePublished":"2023-09-13T03:56:37+00:00","dateModified":"2023-09-15T05:44:10+00:00","mainEntityOfPage":{"@id":"https:\/\/infoecos.com.ar\/index.php\/el-haber-minimo-de-los-jubilados-y-pensionados-pampeanos-sera-de-200-mil-pesos\/"},"wordCount":251,"publisher":{"@id":"https:\/\/infoecos.com.ar\/#organization"},"image":{"@id":"https:\/\/infoecos.com.ar\/index.php\/el-haber-minimo-de-los-jubilados-y-pensionados-pampeanos-sera-de-200-mil-pesos\/#primaryimage"},"thumbnailUrl":"https:\/\/infoecos.com.ar\/wp-content\/uploads\/2023\/09\/6500e70c25b45.jpg","keywords":["DESDE ESTE MES DE SEPTIEMBRE"],"articleSection":["Bloque inferior - 14"],"inLanguage":"es"},{"@type":"WebPage","@id":"https:\/\/infoecos.com.ar\/index.php\/el-haber-minimo-de-los-jubilados-y-pensionados-pampeanos-sera-de-200-mil-pesos\/","url":"https:\/\/infoecos.com.ar\/index.php\/el-haber-minimo-de-los-jubilados-y-pensionados-pampeanos-sera-de-200-mil-pesos\/","name":"El haber m\u00ednimo de los jubilados y pensionados pampeanos ser\u00e1 de 200 mil pesos - Infoecos","isPartOf":{"@id":"https:\/\/infoecos.com.ar\/#website"},"primaryImageOfPage":{"@id":"https:\/\/infoecos.com.ar\/index.php\/el-haber-minimo-de-los-jubilados-y-pensionados-pampeanos-sera-de-200-mil-pesos\/#primaryimage"},"image":{"@id":"https:\/\/infoecos.com.ar\/index.php\/el-haber-minimo-de-los-jubilados-y-pensionados-pampeanos-sera-de-200-mil-pesos\/#primaryimage"},"thumbnailUrl":"https:\/\/infoecos.com.ar\/wp-content\/uploads\/2023\/09\/6500e70c25b45.jpg","datePublished":"2023-09-13T03:56:37+00:00","dateModified":"2023-09-15T05:44:10+00:00","breadcrumb":{"@id":"https:\/\/infoecos.com.ar\/index.php\/el-haber-minimo-de-los-jubilados-y-pensionados-pampeanos-sera-de-200-mil-pesos\/#breadcrumb"},"inLanguage":"es","potentialAction":[{"@type":"ReadAction","target":["https:\/\/infoecos.com.ar\/index.php\/el-haber-minimo-de-los-jubilados-y-pensionados-pampeanos-sera-de-200-mil-pesos\/"]}]},{"@type":"ImageObject","inLanguage":"es","@id":"https:\/\/infoecos.com.ar\/index.php\/el-haber-minimo-de-los-jubilados-y-pensionados-pampeanos-sera-de-200-mil-pesos\/#primaryimage","url":"https:\/\/infoecos.com.ar\/wp-content\/uploads\/2023\/09\/6500e70c25b45.jpg","contentUrl":"https:\/\/infoecos.com.ar\/wp-content\/uploads\/2023\/09\/6500e70c25b45.jpg","width":900,"height":507},{"@type":"BreadcrumbList","@id":"https:\/\/infoecos.com.ar\/index.php\/el-haber-minimo-de-los-jubilados-y-pensionados-pampeanos-sera-de-200-mil-pesos\/#breadcrumb","itemListElement":[{"@type":"ListItem","position":1,"name":"Portada","item":"https:\/\/infoecos.com.ar\/"},{"@type":"ListItem","position":2,"name":"El haber m\u00ednimo de los jubilados y pensionados pampeanos ser\u00e1 de 200 mil pesos"}]},{"@type":"WebSite","@id":"https:\/\/infoecos.com.ar\/#website","url":"https:\/\/infoecos.com.ar\/","name":"Infoecos","description":"Noticias de trenque lauquen y la zona","publisher":{"@id":"https:\/\/infoecos.com.ar\/#organization"},"alternateName":"Noticias","potentialAction":[{"@type":"SearchAction","target":{"@type":"EntryPoint","urlTemplate":"https:\/\/infoecos.com.ar\/?s={search_term_string}"},"query-input":{"@type":"PropertyValueSpecification","valueRequired":true,"valueName":"search_term_string"}}],"inLanguage":"es"},{"@type":"Organization","@id":"https:\/\/infoecos.com.ar\/#organization","name":"Infoecos","alternateName":"Noticias","url":"https:\/\/infoecos.com.ar\/","logo":{"@type":"ImageObject","inLanguage":"es","@id":"https:\/\/infoecos.com.ar\/#\/schema\/logo\/image\/","url":"https:\/\/infoecos.com.ar\/wp-content\/uploads\/2024\/03\/cropped-logo.png","contentUrl":"https:\/\/infoecos.com.ar\/wp-content\/uploads\/2024\/03\/cropped-logo.png","width":374,"height":90,"caption":"Infoecos"},"image":{"@id":"https:\/\/infoecos.com.ar\/#\/schema\/logo\/image\/"},"sameAs":["https:\/\/www.facebook.com\/profile.php?id=100063200290284","https:\/\/x.com\/infoecos"]},{"@type":"Person","@id":"https:\/\/infoecos.com.ar\/#\/schema\/person\/8f5ace5ce73b4b4aac4b7245aee6f191","name":"Jorge Matheus","url":"https:\/\/infoecos.com.ar\/index.php\/author\/jomatheus\/"}]}},"featured_image_urls":{"full":["https:\/\/infoecos.com.ar\/wp-content\/uploads\/2023\/09\/6500e70c25b45.jpg",900,507,false],"thumbnail":["https:\/\/infoecos.com.ar\/wp-content\/uploads\/2023\/09\/6500e70c25b45-300x150.jpg",300,150,true],"medium":["https:\/\/infoecos.com.ar\/wp-content\/uploads\/2023\/09\/6500e70c25b45-800x451.jpg",800,451,true],"medium_large":["https:\/\/infoecos.com.ar\/wp-content\/uploads\/2023\/09\/6500e70c25b45-768x433.jpg",640,361,true],"large":["https:\/\/infoecos.com.ar\/wp-content\/uploads\/2023\/09\/6500e70c25b45.jpg",640,361,false],"1536x1536":["https:\/\/infoecos.com.ar\/wp-content\/uploads\/2023\/09\/6500e70c25b45.jpg",900,507,false],"2048x2048":["https:\/\/infoecos.com.ar\/wp-content\/uploads\/2023\/09\/6500e70c25b45.jpg",900,507,false],"covernews-slider-full":["https:\/\/infoecos.com.ar\/wp-content\/uploads\/2023\/09\/6500e70c25b45.jpg",900,507,false],"covernews-slider-center":["https:\/\/infoecos.com.ar\/wp-content\/uploads\/2023\/09\/6500e70c25b45.jpg",800,451,false],"covernews-featured":["https:\/\/infoecos.com.ar\/wp-content\/uploads\/2023\/09\/6500e70c25b45.jpg",900,507,false],"covernews-medium":["https:\/\/infoecos.com.ar\/wp-content\/uploads\/2023\/09\/6500e70c25b45-720x380.jpg",540,285,true],"covernews-medium-square":["https:\/\/infoecos.com.ar\/wp-content\/uploads\/2023\/09\/6500e70c25b45-675x450.jpg",375,250,true]},"author_info":{"info":["Jorge Matheus"]},"category_info":"<a href=\"https:\/\/infoecos.com.ar\/index.php\/category\/inferior14\/\" rel=\"category tag\">Bloque inferior - 14<\/a>","tag_info":"Bloque inferior - 14","comment_count":"0","_links":{"self":[{"href":"https:\/\/infoecos.com.ar\/index.php\/wp-json\/wp\/v2\/posts\/112028"}],"collection":[{"href":"https:\/\/infoecos.com.ar\/index.php\/wp-json\/wp\/v2\/posts"}],"about":[{"href":"https:\/\/infoecos.com.ar\/index.php\/wp-json\/wp\/v2\/types\/post"}],"author":[{"embeddable":true,"href":"https:\/\/infoecos.com.ar\/index.php\/wp-json\/wp\/v2\/users\/2"}],"replies":[{"embeddable":true,"href":"https:\/\/infoecos.com.ar\/index.php\/wp-json\/wp\/v2\/comments?post=112028"}],"version-history":[{"count":1,"href":"https:\/\/infoecos.com.ar\/index.php\/wp-json\/wp\/v2\/posts\/112028\/revisions"}],"predecessor-version":[{"id":112030,"href":"https:\/\/infoecos.com.ar\/index.php\/wp-json\/wp\/v2\/posts\/112028\/revisions\/112030"}],"wp:featuredmedia":[{"embeddable":true,"href":"https:\/\/infoecos.com.ar\/index.php\/wp-json\/wp\/v2\/media\/112029"}],"wp:attachment":[{"href":"https:\/\/infoecos.com.ar\/index.php\/wp-json\/wp\/v2\/media?parent=112028"}],"wp:term":[{"taxonomy":"category","embeddable":true,"href":"https:\/\/infoecos.com.ar\/index.php\/wp-json\/wp\/v2\/categories?post=112028"},{"taxonomy":"post_tag","embeddable":true,"href":"https:\/\/infoecos.com.ar\/index.php\/wp-json\/wp\/v2\/tags?post=112028"}],"curies":[{"name":"wp","href":"https:\/\/api.w.org\/{rel}","templated":true}]}}