{"id":112042,"date":"2023-09-13T03:31:18","date_gmt":"2023-09-13T06:31:18","guid":{"rendered":"https:\/\/infoecos.com.ar\/?p=112042"},"modified":"2023-09-15T22:52:05","modified_gmt":"2023-09-16T01:52:05","slug":"el-coro-juvenil-y-la-orquesta-juvenil-de-trenque-lauquen-el-domingo-17-en-el-auditorio-de-la-escuela-municipal-de-musica","status":"publish","type":"post","link":"https:\/\/infoecos.com.ar\/index.php\/el-coro-juvenil-y-la-orquesta-juvenil-de-trenque-lauquen-el-domingo-17-en-el-auditorio-de-la-escuela-municipal-de-musica\/","title":{"rendered":"El Coro Juvenil y la Orquesta Juvenil de Trenque Lauquen el domingo 17 en el auditorio de la Escuela Municipal de M\u00fasica"},"content":{"rendered":"\n<p>El Coro Juvenil, que dirige Maximiliano Perazzo y la Orquesta Juvenil, dirigida por Mart\u00edn Larroud\u00e9 se presentar\u00e1n en concierto el pr\u00f3ximo domingo 17 desde las 19.30 en el auditorio de la Escuela Municipal de M\u00fasica, con entrada libre y gratuita.<\/p>\n\n\n\n<p>El Coro Juvenil se form\u00f3 hace 9 a\u00f1os con el fin de darle continuidad en la formaci\u00f3n coral e integral a aquellos ni\u00f1os\/as que proven\u00edan del Coro de Ni\u00f1os, cumpliendo un papel fundamental en lo que implica una Escuela de Canto.<\/p>\n\n\n\n<figure class=\"wp-block-image alignright size-full is-resized\"><img loading=\"lazy\" decoding=\"async\" src=\"https:\/\/infoecos.com.ar\/wp-content\/uploads\/2023\/09\/Coro-y-Orquesta-2.jpeg\" alt=\"\" class=\"wp-image-112043\" width=\"359\" height=\"242\"\/><\/figure>\n\n\n\n<p>Esta agrupaci\u00f3n, que pertenece a la Escuela Municipal de M\u00fasica, que dirige el maestro Daniel Virzi, es un lugar de encuentro, de estudio y amistad.<\/p>\n\n\n\n<p>\u201cTodos los a\u00f1os hacemos un concierto de primavera para conmemorar la Semana del Estudiante y el D\u00eda de la primavera, y a principio de a\u00f1o nos pusimos a trabajar con Mart\u00edn (Larroud\u00e9) para que las agrupaciones juveniles de la Escuela de M\u00fasica puedan hacer un concierto juntas\u201d, coment\u00f3 Maximiliano Perazzo, para agregar que este a\u00f1o la agrupaci\u00f3n ha tenido varias presentaciones y tambi\u00e9n realiz\u00f3 un campamento de estudio.<\/p>\n\n\n\n<p>Perazzo destac\u00f3 la posibilidad de compartir el escenario con la Orquesta Juvenil, manifestando la importancia de generar este tipo de encuentros con las agrupaciones juveniles, que \u201cson heterog\u00e9neas y numerosas, pero que tienen disciplina y muchas ganas de participar\u201d.<\/p>\n\n\n\n<p>\u201cEn el Coro Juvenil estamos haciendo un buen repertorio y tocar con la Orquesta es una oportunidad que no es habitual que suceda en otros municipios; es una experiencia linda para ellos\/as y un impulso muy grande para los chicos\/as que pretenden ser m\u00fasicos\u201d, dijo Perazzo.<\/p>\n\n\n\n<p>Cada a\u00f1o el repertorio se renueva y abarca obras de \u00edndole acad\u00e9mico y popular; de compositores cl\u00e1sicos y contempor\u00e1neos de diversos contextos hist\u00f3ricos y latitudes.<\/p>\n\n\n\n<figure class=\"wp-block-image alignright size-full is-resized\"><img loading=\"lazy\" decoding=\"async\" src=\"https:\/\/infoecos.com.ar\/wp-content\/uploads\/2023\/09\/Coro-y-Orquesta-1.jpeg\" alt=\"\" class=\"wp-image-112044\" width=\"349\" height=\"270\"\/><\/figure>\n\n\n\n<p>Al igual que el repertorio, los integrantes del Coro Juvenil tambi\u00e9n se renuevan cada a\u00f1o, algunos egresan y otros comienzan con la actividad por primera vez. Hoy la agrupaci\u00f3n cuenta con 34 integrantes y espera que se sigan sumando durante el a\u00f1o.<\/p>\n\n\n\n<p>La agrupaci\u00f3n est\u00e1 integrada por: Sopranos: Sof\u00eda Vi\u00f1as, Sol Andrade Uria, Carmela Guti\u00e9rrez, Lucia Zelaray\u00e1n, Nicole Moyano, Clara Zelaray\u00e1n, Julieta Artuzzi, Bel\u00e9n Buffarini, Anna Jauriguiberry Petitot, Abril Rodr\u00edguez, Lara de Vito, Candela Cadiz, Manuela Mu\u00f1iz. Contraltos: Catalina Martinez, Luz Brucart, Olivia Fabris, Azul Flores, Analuz Frank, Febe Cufre, Reanata Jaime, Guillermina Bianchi, Morena Gonz\u00e1lez Taybo, Tatiana Carre\u00f1o, Luna G\u00f3mez y Manuela Reyes. Tenores y bar\u00edtonos: Jerem\u00edas Alcala, Bautista Mansilla, Rocco Martini, Mat\u00edas Rumi, Antu Sosa, Alan Arga\u00f1aran, Antu Laiglecia y Felipe Rodr\u00edguez.<\/p>\n\n\n\n<p>El equipo de trabajo est\u00e1 conformado por Juan de Filpo (preparador vocal), Gabriel Mansilla (acompa\u00f1amiento en piano). Director: Maximiliano Perazzo. Co-director: Ra\u00fal Mansilla.<\/p>\n\n\n\n<p>El repertorio que presentar\u00e1 el Coro Juvenil el pr\u00f3ximo domingo est\u00e1 integrado por las siguientes obras: Carry The Light, m\u00fasica y arreglo: Andy Beck; Kuimba; m\u00fasica y arreglo: V\u00edctor C. Johnson; Carnavalito del Duende, m\u00fasica: Gustavo Cuchi Leguizam\u00f3n, letra: Manuela Castilla; Arreglo: Juanjo Cura.<\/p>\n\n\n\n<p>Luego, junto a la Orquesta Juvenil, presentar\u00e1n los siguientes temas: Ukuthula, Tradicional Zulu, Arreglo: Markus Shlaf, Mart\u00edn Larroud\u00e9, y \u201cPor ejemplo\u201d, m\u00fasica y letra: Fernando Cabrera, Arreglo: Maximiliano Perazzo, Mart\u00edn Larroud\u00e9.<\/p>\n\n\n\n<figure class=\"wp-block-image alignright size-large is-resized\"><img loading=\"lazy\" decoding=\"async\" src=\"https:\/\/infoecos.com.ar\/wp-content\/uploads\/2023\/09\/Orquesta-Juvenil-2-1-1600x1066.jpg\" alt=\"\" class=\"wp-image-112045\" width=\"335\" height=\"222\" srcset=\"https:\/\/infoecos.com.ar\/wp-content\/uploads\/2023\/09\/Orquesta-Juvenil-2-1-1600x1066.jpg 1600w, https:\/\/infoecos.com.ar\/wp-content\/uploads\/2023\/09\/Orquesta-Juvenil-2-1-800x533.jpg 800w, https:\/\/infoecos.com.ar\/wp-content\/uploads\/2023\/09\/Orquesta-Juvenil-2-1-768x512.jpg 768w, https:\/\/infoecos.com.ar\/wp-content\/uploads\/2023\/09\/Orquesta-Juvenil-2-1-1536x1020.jpg 1536w, https:\/\/infoecos.com.ar\/wp-content\/uploads\/2023\/09\/Orquesta-Juvenil-2-1-1024x683.jpg 1024w, https:\/\/infoecos.com.ar\/wp-content\/uploads\/2023\/09\/Orquesta-Juvenil-2-1-675x450.jpg 675w, https:\/\/infoecos.com.ar\/wp-content\/uploads\/2023\/09\/Orquesta-Juvenil-2-1.jpg 2048w\" sizes=\"(max-width: 335px) 100vw, 335px\" \/><\/figure>\n\n\n\n<p>. ORQUESTA JUVENIL<\/p>\n\n\n\n<p>Por su parte la Orquesta Juvenil, que dirige Mart\u00edn Larroud\u00e9, presentar\u00e1 un repertorio integrado por las siguientes obras:&nbsp; L.V. Beethoven &#8211; Danzas Alemanas 1, 2, 3, 4, 5 y 6; K. Jenkins &#8211; Palladio, 1\u00b0 Movimiento; Fito P\u00e1ez &#8211; Un \u00c1ngel Abri\u00f3 Alas; E. Morricone &#8211; Cinema Paradiso; V. Jara &#8211; El Cigarrito; Fito P\u00e1ez &#8211; Un Vestido y Un Amor; The Beatles &#8211; Please Please Me, y M. Giacchino &#8211; Los Incre\u00edbles.<\/p>\n\n\n\n<p>La agrupaci\u00f3n est\u00e1 integrada por: Violines: Abril Mansilla, Francisco Pichetto, Florencia Reyes, Maitena Ciarico, Giovanna Facchino y Lautaro Reyes. Viola: Neyen Agrazar; Cello: Camila Murillo y B\u00e1rbara Neil. Contrabajo: Germ\u00e1n Anido. Flauta traversa: Violeta Vicente, Maitena Quarteroni. Clarinete: Juliana Haurat y Percusi\u00f3n: Galo Bisio, Marcos Fuhrmann.<\/p>\n\n\n\n<p>\u201cEstamos muy contentos de tocar nuevamente, y presentarnos en nuestra casa que es la Escuela Municipal de M\u00fasica, y muy entusiasmados de tener un concierto compartido con el Coro Juvenil, donde tendremos la posibilidad de hacer un par de obras sinf\u00f3nico\u2013corales\u201d, coment\u00f3 Mart\u00edn Larroud\u00e9.<\/p>\n\n\n\n<p>\u201cLa Orquesta Juvenil actualmente tiene quince integrantes, de entre 13 y 20 a\u00f1os, y la idea es comenzar con una parte m\u00e1s acad\u00e9mica, despu\u00e9s vamos a hacer algunas canciones populares, y sobre el final vamos hacer un par de obras en conjunto con el Coro Juvenil\u201d, adelant\u00f3 Larroud\u00e9, quien invit\u00f3 a la comunidad a participar del evento.<\/p>\n","protected":false},"excerpt":{"rendered":"<p>El Coro Juvenil, que dirige Maximiliano Perazzo y la Orquesta Juvenil, dirigida por Mart\u00edn Larroud\u00e9&#8230;<\/p>\n","protected":false},"author":2,"featured_media":112045,"comment_status":"closed","ping_status":"open","sticky":false,"template":"","format":"standard","meta":{"footnotes":""},"categories":[24],"tags":[9100],"class_list":["post-112042","post","type-post","status-publish","format-standard","has-post-thumbnail","hentry","category-c1nota3","tag-concierto-desde-las-19-30"],"yoast_head":"<!-- This site is optimized with the Yoast SEO plugin v23.4 - https:\/\/yoast.com\/wordpress\/plugins\/seo\/ -->\n<title>El Coro Juvenil y la Orquesta Juvenil de Trenque Lauquen el domingo 17 en el auditorio de la Escuela Municipal de M\u00fasica - Infoecos<\/title>\n<meta name=\"robots\" content=\"index, follow, max-snippet:-1, max-image-preview:large, max-video-preview:-1\" \/>\n<link rel=\"canonical\" href=\"https:\/\/infoecos.com.ar\/index.php\/el-coro-juvenil-y-la-orquesta-juvenil-de-trenque-lauquen-el-domingo-17-en-el-auditorio-de-la-escuela-municipal-de-musica\/\" \/>\n<meta property=\"og:locale\" content=\"es_ES\" \/>\n<meta property=\"og:type\" content=\"article\" \/>\n<meta property=\"og:title\" content=\"El Coro Juvenil y la Orquesta Juvenil de Trenque Lauquen el domingo 17 en el auditorio de la Escuela Municipal de M\u00fasica - Infoecos\" \/>\n<meta property=\"og:description\" content=\"El Coro Juvenil, que dirige Maximiliano Perazzo y la Orquesta Juvenil, dirigida por Mart\u00edn Larroud\u00e9...\" \/>\n<meta property=\"og:url\" content=\"https:\/\/infoecos.com.ar\/index.php\/el-coro-juvenil-y-la-orquesta-juvenil-de-trenque-lauquen-el-domingo-17-en-el-auditorio-de-la-escuela-municipal-de-musica\/\" \/>\n<meta property=\"og:site_name\" content=\"Infoecos\" \/>\n<meta property=\"article:publisher\" content=\"https:\/\/www.facebook.com\/profile.php?id=100063200290284\" \/>\n<meta property=\"article:published_time\" content=\"2023-09-13T06:31:18+00:00\" \/>\n<meta property=\"article:modified_time\" content=\"2023-09-16T01:52:05+00:00\" \/>\n<meta property=\"og:image\" content=\"https:\/\/infoecos.com.ar\/wp-content\/uploads\/2023\/09\/Orquesta-Juvenil-2-1.jpg\" \/>\n\t<meta property=\"og:image:width\" content=\"2048\" \/>\n\t<meta property=\"og:image:height\" content=\"1365\" \/>\n\t<meta property=\"og:image:type\" content=\"image\/jpeg\" \/>\n<meta name=\"author\" content=\"Jorge Matheus\" \/>\n<meta name=\"twitter:card\" content=\"summary_large_image\" \/>\n<meta name=\"twitter:creator\" content=\"@infoecos\" \/>\n<meta name=\"twitter:site\" content=\"@infoecos\" \/>\n<meta name=\"twitter:label1\" content=\"Escrito por\" \/>\n\t<meta name=\"twitter:data1\" content=\"Jorge Matheus\" \/>\n\t<meta name=\"twitter:label2\" content=\"Tiempo de lectura\" \/>\n\t<meta name=\"twitter:data2\" content=\"4 minutos\" \/>\n<script type=\"application\/ld+json\" class=\"yoast-schema-graph\">{\"@context\":\"https:\/\/schema.org\",\"@graph\":[{\"@type\":\"Article\",\"@id\":\"https:\/\/infoecos.com.ar\/index.php\/el-coro-juvenil-y-la-orquesta-juvenil-de-trenque-lauquen-el-domingo-17-en-el-auditorio-de-la-escuela-municipal-de-musica\/#article\",\"isPartOf\":{\"@id\":\"https:\/\/infoecos.com.ar\/index.php\/el-coro-juvenil-y-la-orquesta-juvenil-de-trenque-lauquen-el-domingo-17-en-el-auditorio-de-la-escuela-municipal-de-musica\/\"},\"author\":{\"name\":\"Jorge Matheus\",\"@id\":\"https:\/\/infoecos.com.ar\/#\/schema\/person\/8f5ace5ce73b4b4aac4b7245aee6f191\"},\"headline\":\"El Coro Juvenil y la Orquesta Juvenil de Trenque Lauquen el domingo 17 en el auditorio de la Escuela Municipal de M\u00fasica\",\"datePublished\":\"2023-09-13T06:31:18+00:00\",\"dateModified\":\"2023-09-16T01:52:05+00:00\",\"mainEntityOfPage\":{\"@id\":\"https:\/\/infoecos.com.ar\/index.php\/el-coro-juvenil-y-la-orquesta-juvenil-de-trenque-lauquen-el-domingo-17-en-el-auditorio-de-la-escuela-municipal-de-musica\/\"},\"wordCount\":817,\"publisher\":{\"@id\":\"https:\/\/infoecos.com.ar\/#organization\"},\"image\":{\"@id\":\"https:\/\/infoecos.com.ar\/index.php\/el-coro-juvenil-y-la-orquesta-juvenil-de-trenque-lauquen-el-domingo-17-en-el-auditorio-de-la-escuela-municipal-de-musica\/#primaryimage\"},\"thumbnailUrl\":\"https:\/\/infoecos.com.ar\/wp-content\/uploads\/2023\/09\/Orquesta-Juvenil-2-1.jpg\",\"keywords\":[\"concierto desde las 19.30\"],\"articleSection\":[\"C1 N3\"],\"inLanguage\":\"es\"},{\"@type\":\"WebPage\",\"@id\":\"https:\/\/infoecos.com.ar\/index.php\/el-coro-juvenil-y-la-orquesta-juvenil-de-trenque-lauquen-el-domingo-17-en-el-auditorio-de-la-escuela-municipal-de-musica\/\",\"url\":\"https:\/\/infoecos.com.ar\/index.php\/el-coro-juvenil-y-la-orquesta-juvenil-de-trenque-lauquen-el-domingo-17-en-el-auditorio-de-la-escuela-municipal-de-musica\/\",\"name\":\"El Coro Juvenil y la Orquesta Juvenil de Trenque Lauquen el domingo 17 en el auditorio de la Escuela Municipal de M\u00fasica - Infoecos\",\"isPartOf\":{\"@id\":\"https:\/\/infoecos.com.ar\/#website\"},\"primaryImageOfPage\":{\"@id\":\"https:\/\/infoecos.com.ar\/index.php\/el-coro-juvenil-y-la-orquesta-juvenil-de-trenque-lauquen-el-domingo-17-en-el-auditorio-de-la-escuela-municipal-de-musica\/#primaryimage\"},\"image\":{\"@id\":\"https:\/\/infoecos.com.ar\/index.php\/el-coro-juvenil-y-la-orquesta-juvenil-de-trenque-lauquen-el-domingo-17-en-el-auditorio-de-la-escuela-municipal-de-musica\/#primaryimage\"},\"thumbnailUrl\":\"https:\/\/infoecos.com.ar\/wp-content\/uploads\/2023\/09\/Orquesta-Juvenil-2-1.jpg\",\"datePublished\":\"2023-09-13T06:31:18+00:00\",\"dateModified\":\"2023-09-16T01:52:05+00:00\",\"breadcrumb\":{\"@id\":\"https:\/\/infoecos.com.ar\/index.php\/el-coro-juvenil-y-la-orquesta-juvenil-de-trenque-lauquen-el-domingo-17-en-el-auditorio-de-la-escuela-municipal-de-musica\/#breadcrumb\"},\"inLanguage\":\"es\",\"potentialAction\":[{\"@type\":\"ReadAction\",\"target\":[\"https:\/\/infoecos.com.ar\/index.php\/el-coro-juvenil-y-la-orquesta-juvenil-de-trenque-lauquen-el-domingo-17-en-el-auditorio-de-la-escuela-municipal-de-musica\/\"]}]},{\"@type\":\"ImageObject\",\"inLanguage\":\"es\",\"@id\":\"https:\/\/infoecos.com.ar\/index.php\/el-coro-juvenil-y-la-orquesta-juvenil-de-trenque-lauquen-el-domingo-17-en-el-auditorio-de-la-escuela-municipal-de-musica\/#primaryimage\",\"url\":\"https:\/\/infoecos.com.ar\/wp-content\/uploads\/2023\/09\/Orquesta-Juvenil-2-1.jpg\",\"contentUrl\":\"https:\/\/infoecos.com.ar\/wp-content\/uploads\/2023\/09\/Orquesta-Juvenil-2-1.jpg\",\"width\":2048,\"height\":1365},{\"@type\":\"BreadcrumbList\",\"@id\":\"https:\/\/infoecos.com.ar\/index.php\/el-coro-juvenil-y-la-orquesta-juvenil-de-trenque-lauquen-el-domingo-17-en-el-auditorio-de-la-escuela-municipal-de-musica\/#breadcrumb\",\"itemListElement\":[{\"@type\":\"ListItem\",\"position\":1,\"name\":\"Portada\",\"item\":\"https:\/\/infoecos.com.ar\/\"},{\"@type\":\"ListItem\",\"position\":2,\"name\":\"El Coro Juvenil y la Orquesta Juvenil de Trenque Lauquen el domingo 17 en el auditorio de la Escuela Municipal de M\u00fasica\"}]},{\"@type\":\"WebSite\",\"@id\":\"https:\/\/infoecos.com.ar\/#website\",\"url\":\"https:\/\/infoecos.com.ar\/\",\"name\":\"Infoecos\",\"description\":\"Noticias de trenque lauquen y la zona\",\"publisher\":{\"@id\":\"https:\/\/infoecos.com.ar\/#organization\"},\"alternateName\":\"Noticias\",\"potentialAction\":[{\"@type\":\"SearchAction\",\"target\":{\"@type\":\"EntryPoint\",\"urlTemplate\":\"https:\/\/infoecos.com.ar\/?s={search_term_string}\"},\"query-input\":{\"@type\":\"PropertyValueSpecification\",\"valueRequired\":true,\"valueName\":\"search_term_string\"}}],\"inLanguage\":\"es\"},{\"@type\":\"Organization\",\"@id\":\"https:\/\/infoecos.com.ar\/#organization\",\"name\":\"Infoecos\",\"alternateName\":\"Noticias\",\"url\":\"https:\/\/infoecos.com.ar\/\",\"logo\":{\"@type\":\"ImageObject\",\"inLanguage\":\"es\",\"@id\":\"https:\/\/infoecos.com.ar\/#\/schema\/logo\/image\/\",\"url\":\"https:\/\/infoecos.com.ar\/wp-content\/uploads\/2024\/03\/cropped-logo.png\",\"contentUrl\":\"https:\/\/infoecos.com.ar\/wp-content\/uploads\/2024\/03\/cropped-logo.png\",\"width\":374,\"height\":90,\"caption\":\"Infoecos\"},\"image\":{\"@id\":\"https:\/\/infoecos.com.ar\/#\/schema\/logo\/image\/\"},\"sameAs\":[\"https:\/\/www.facebook.com\/profile.php?id=100063200290284\",\"https:\/\/x.com\/infoecos\"]},{\"@type\":\"Person\",\"@id\":\"https:\/\/infoecos.com.ar\/#\/schema\/person\/8f5ace5ce73b4b4aac4b7245aee6f191\",\"name\":\"Jorge Matheus\",\"url\":\"https:\/\/infoecos.com.ar\/index.php\/author\/jomatheus\/\"}]}<\/script>\n<!-- \/ Yoast SEO plugin. -->","yoast_head_json":{"title":"El Coro Juvenil y la Orquesta Juvenil de Trenque Lauquen el domingo 17 en el auditorio de la Escuela Municipal de M\u00fasica - Infoecos","robots":{"index":"index","follow":"follow","max-snippet":"max-snippet:-1","max-image-preview":"max-image-preview:large","max-video-preview":"max-video-preview:-1"},"canonical":"https:\/\/infoecos.com.ar\/index.php\/el-coro-juvenil-y-la-orquesta-juvenil-de-trenque-lauquen-el-domingo-17-en-el-auditorio-de-la-escuela-municipal-de-musica\/","og_locale":"es_ES","og_type":"article","og_title":"El Coro Juvenil y la Orquesta Juvenil de Trenque Lauquen el domingo 17 en el auditorio de la Escuela Municipal de M\u00fasica - Infoecos","og_description":"El Coro Juvenil, que dirige Maximiliano Perazzo y la Orquesta Juvenil, dirigida por Mart\u00edn Larroud\u00e9...","og_url":"https:\/\/infoecos.com.ar\/index.php\/el-coro-juvenil-y-la-orquesta-juvenil-de-trenque-lauquen-el-domingo-17-en-el-auditorio-de-la-escuela-municipal-de-musica\/","og_site_name":"Infoecos","article_publisher":"https:\/\/www.facebook.com\/profile.php?id=100063200290284","article_published_time":"2023-09-13T06:31:18+00:00","article_modified_time":"2023-09-16T01:52:05+00:00","og_image":[{"width":2048,"height":1365,"url":"https:\/\/infoecos.com.ar\/wp-content\/uploads\/2023\/09\/Orquesta-Juvenil-2-1.jpg","type":"image\/jpeg"}],"author":"Jorge Matheus","twitter_card":"summary_large_image","twitter_creator":"@infoecos","twitter_site":"@infoecos","twitter_misc":{"Escrito por":"Jorge Matheus","Tiempo de lectura":"4 minutos"},"schema":{"@context":"https:\/\/schema.org","@graph":[{"@type":"Article","@id":"https:\/\/infoecos.com.ar\/index.php\/el-coro-juvenil-y-la-orquesta-juvenil-de-trenque-lauquen-el-domingo-17-en-el-auditorio-de-la-escuela-municipal-de-musica\/#article","isPartOf":{"@id":"https:\/\/infoecos.com.ar\/index.php\/el-coro-juvenil-y-la-orquesta-juvenil-de-trenque-lauquen-el-domingo-17-en-el-auditorio-de-la-escuela-municipal-de-musica\/"},"author":{"name":"Jorge Matheus","@id":"https:\/\/infoecos.com.ar\/#\/schema\/person\/8f5ace5ce73b4b4aac4b7245aee6f191"},"headline":"El Coro Juvenil y la Orquesta Juvenil de Trenque Lauquen el domingo 17 en el auditorio de la Escuela Municipal de M\u00fasica","datePublished":"2023-09-13T06:31:18+00:00","dateModified":"2023-09-16T01:52:05+00:00","mainEntityOfPage":{"@id":"https:\/\/infoecos.com.ar\/index.php\/el-coro-juvenil-y-la-orquesta-juvenil-de-trenque-lauquen-el-domingo-17-en-el-auditorio-de-la-escuela-municipal-de-musica\/"},"wordCount":817,"publisher":{"@id":"https:\/\/infoecos.com.ar\/#organization"},"image":{"@id":"https:\/\/infoecos.com.ar\/index.php\/el-coro-juvenil-y-la-orquesta-juvenil-de-trenque-lauquen-el-domingo-17-en-el-auditorio-de-la-escuela-municipal-de-musica\/#primaryimage"},"thumbnailUrl":"https:\/\/infoecos.com.ar\/wp-content\/uploads\/2023\/09\/Orquesta-Juvenil-2-1.jpg","keywords":["concierto desde las 19.30"],"articleSection":["C1 N3"],"inLanguage":"es"},{"@type":"WebPage","@id":"https:\/\/infoecos.com.ar\/index.php\/el-coro-juvenil-y-la-orquesta-juvenil-de-trenque-lauquen-el-domingo-17-en-el-auditorio-de-la-escuela-municipal-de-musica\/","url":"https:\/\/infoecos.com.ar\/index.php\/el-coro-juvenil-y-la-orquesta-juvenil-de-trenque-lauquen-el-domingo-17-en-el-auditorio-de-la-escuela-municipal-de-musica\/","name":"El Coro Juvenil y la Orquesta Juvenil de Trenque Lauquen el domingo 17 en el auditorio de la Escuela Municipal de M\u00fasica - Infoecos","isPartOf":{"@id":"https:\/\/infoecos.com.ar\/#website"},"primaryImageOfPage":{"@id":"https:\/\/infoecos.com.ar\/index.php\/el-coro-juvenil-y-la-orquesta-juvenil-de-trenque-lauquen-el-domingo-17-en-el-auditorio-de-la-escuela-municipal-de-musica\/#primaryimage"},"image":{"@id":"https:\/\/infoecos.com.ar\/index.php\/el-coro-juvenil-y-la-orquesta-juvenil-de-trenque-lauquen-el-domingo-17-en-el-auditorio-de-la-escuela-municipal-de-musica\/#primaryimage"},"thumbnailUrl":"https:\/\/infoecos.com.ar\/wp-content\/uploads\/2023\/09\/Orquesta-Juvenil-2-1.jpg","datePublished":"2023-09-13T06:31:18+00:00","dateModified":"2023-09-16T01:52:05+00:00","breadcrumb":{"@id":"https:\/\/infoecos.com.ar\/index.php\/el-coro-juvenil-y-la-orquesta-juvenil-de-trenque-lauquen-el-domingo-17-en-el-auditorio-de-la-escuela-municipal-de-musica\/#breadcrumb"},"inLanguage":"es","potentialAction":[{"@type":"ReadAction","target":["https:\/\/infoecos.com.ar\/index.php\/el-coro-juvenil-y-la-orquesta-juvenil-de-trenque-lauquen-el-domingo-17-en-el-auditorio-de-la-escuela-municipal-de-musica\/"]}]},{"@type":"ImageObject","inLanguage":"es","@id":"https:\/\/infoecos.com.ar\/index.php\/el-coro-juvenil-y-la-orquesta-juvenil-de-trenque-lauquen-el-domingo-17-en-el-auditorio-de-la-escuela-municipal-de-musica\/#primaryimage","url":"https:\/\/infoecos.com.ar\/wp-content\/uploads\/2023\/09\/Orquesta-Juvenil-2-1.jpg","contentUrl":"https:\/\/infoecos.com.ar\/wp-content\/uploads\/2023\/09\/Orquesta-Juvenil-2-1.jpg","width":2048,"height":1365},{"@type":"BreadcrumbList","@id":"https:\/\/infoecos.com.ar\/index.php\/el-coro-juvenil-y-la-orquesta-juvenil-de-trenque-lauquen-el-domingo-17-en-el-auditorio-de-la-escuela-municipal-de-musica\/#breadcrumb","itemListElement":[{"@type":"ListItem","position":1,"name":"Portada","item":"https:\/\/infoecos.com.ar\/"},{"@type":"ListItem","position":2,"name":"El Coro Juvenil y la Orquesta Juvenil de Trenque Lauquen el domingo 17 en el auditorio de la Escuela Municipal de M\u00fasica"}]},{"@type":"WebSite","@id":"https:\/\/infoecos.com.ar\/#website","url":"https:\/\/infoecos.com.ar\/","name":"Infoecos","description":"Noticias de trenque lauquen y la zona","publisher":{"@id":"https:\/\/infoecos.com.ar\/#organization"},"alternateName":"Noticias","potentialAction":[{"@type":"SearchAction","target":{"@type":"EntryPoint","urlTemplate":"https:\/\/infoecos.com.ar\/?s={search_term_string}"},"query-input":{"@type":"PropertyValueSpecification","valueRequired":true,"valueName":"search_term_string"}}],"inLanguage":"es"},{"@type":"Organization","@id":"https:\/\/infoecos.com.ar\/#organization","name":"Infoecos","alternateName":"Noticias","url":"https:\/\/infoecos.com.ar\/","logo":{"@type":"ImageObject","inLanguage":"es","@id":"https:\/\/infoecos.com.ar\/#\/schema\/logo\/image\/","url":"https:\/\/infoecos.com.ar\/wp-content\/uploads\/2024\/03\/cropped-logo.png","contentUrl":"https:\/\/infoecos.com.ar\/wp-content\/uploads\/2024\/03\/cropped-logo.png","width":374,"height":90,"caption":"Infoecos"},"image":{"@id":"https:\/\/infoecos.com.ar\/#\/schema\/logo\/image\/"},"sameAs":["https:\/\/www.facebook.com\/profile.php?id=100063200290284","https:\/\/x.com\/infoecos"]},{"@type":"Person","@id":"https:\/\/infoecos.com.ar\/#\/schema\/person\/8f5ace5ce73b4b4aac4b7245aee6f191","name":"Jorge Matheus","url":"https:\/\/infoecos.com.ar\/index.php\/author\/jomatheus\/"}]}},"featured_image_urls":{"full":["https:\/\/infoecos.com.ar\/wp-content\/uploads\/2023\/09\/Orquesta-Juvenil-2-1.jpg",2048,1365,false],"thumbnail":["https:\/\/infoecos.com.ar\/wp-content\/uploads\/2023\/09\/Orquesta-Juvenil-2-1-300x150.jpg",300,150,true],"medium":["https:\/\/infoecos.com.ar\/wp-content\/uploads\/2023\/09\/Orquesta-Juvenil-2-1-800x533.jpg",800,533,true],"medium_large":["https:\/\/infoecos.com.ar\/wp-content\/uploads\/2023\/09\/Orquesta-Juvenil-2-1-768x512.jpg",640,427,true],"large":["https:\/\/infoecos.com.ar\/wp-content\/uploads\/2023\/09\/Orquesta-Juvenil-2-1-1600x1066.jpg",640,426,true],"1536x1536":["https:\/\/infoecos.com.ar\/wp-content\/uploads\/2023\/09\/Orquesta-Juvenil-2-1-1536x1024.jpg",1536,1024,true],"2048x2048":["https:\/\/infoecos.com.ar\/wp-content\/uploads\/2023\/09\/Orquesta-Juvenil-2-1.jpg",2048,1365,false],"covernews-slider-full":["https:\/\/infoecos.com.ar\/wp-content\/uploads\/2023\/09\/Orquesta-Juvenil-2-1-1536x1020.jpg",1077,715,true],"covernews-slider-center":["https:\/\/infoecos.com.ar\/wp-content\/uploads\/2023\/09\/Orquesta-Juvenil-2-1-936x897.jpg",522,500,true],"covernews-featured":["https:\/\/infoecos.com.ar\/wp-content\/uploads\/2023\/09\/Orquesta-Juvenil-2-1-1024x683.jpg",1024,683,true],"covernews-medium":["https:\/\/infoecos.com.ar\/wp-content\/uploads\/2023\/09\/Orquesta-Juvenil-2-1-720x380.jpg",540,285,true],"covernews-medium-square":["https:\/\/infoecos.com.ar\/wp-content\/uploads\/2023\/09\/Orquesta-Juvenil-2-1-675x450.jpg",375,250,true]},"author_info":{"info":["Jorge Matheus"]},"category_info":"<a href=\"https:\/\/infoecos.com.ar\/index.php\/category\/c1nota3\/\" rel=\"category tag\">C1 N3<\/a>","tag_info":"C1 N3","comment_count":"0","_links":{"self":[{"href":"https:\/\/infoecos.com.ar\/index.php\/wp-json\/wp\/v2\/posts\/112042"}],"collection":[{"href":"https:\/\/infoecos.com.ar\/index.php\/wp-json\/wp\/v2\/posts"}],"about":[{"href":"https:\/\/infoecos.com.ar\/index.php\/wp-json\/wp\/v2\/types\/post"}],"author":[{"embeddable":true,"href":"https:\/\/infoecos.com.ar\/index.php\/wp-json\/wp\/v2\/users\/2"}],"replies":[{"embeddable":true,"href":"https:\/\/infoecos.com.ar\/index.php\/wp-json\/wp\/v2\/comments?post=112042"}],"version-history":[{"count":1,"href":"https:\/\/infoecos.com.ar\/index.php\/wp-json\/wp\/v2\/posts\/112042\/revisions"}],"predecessor-version":[{"id":112046,"href":"https:\/\/infoecos.com.ar\/index.php\/wp-json\/wp\/v2\/posts\/112042\/revisions\/112046"}],"wp:featuredmedia":[{"embeddable":true,"href":"https:\/\/infoecos.com.ar\/index.php\/wp-json\/wp\/v2\/media\/112045"}],"wp:attachment":[{"href":"https:\/\/infoecos.com.ar\/index.php\/wp-json\/wp\/v2\/media?parent=112042"}],"wp:term":[{"taxonomy":"category","embeddable":true,"href":"https:\/\/infoecos.com.ar\/index.php\/wp-json\/wp\/v2\/categories?post=112042"},{"taxonomy":"post_tag","embeddable":true,"href":"https:\/\/infoecos.com.ar\/index.php\/wp-json\/wp\/v2\/tags?post=112042"}],"curies":[{"name":"wp","href":"https:\/\/api.w.org\/{rel}","templated":true}]}}