{"id":112058,"date":"2023-09-13T14:14:19","date_gmt":"2023-09-13T17:14:19","guid":{"rendered":"https:\/\/infoecos.com.ar\/?p=112058"},"modified":"2023-09-15T02:40:35","modified_gmt":"2023-09-15T05:40:35","slug":"balbin-pide-detalles-al-ministerio-de-salud-informacion-sobre-como-se-actua-frente-a-la-triquinosis","status":"publish","type":"post","link":"https:\/\/infoecos.com.ar\/index.php\/balbin-pide-detalles-al-ministerio-de-salud-informacion-sobre-como-se-actua-frente-a-la-triquinosis\/","title":{"rendered":"Balb\u00edn pide detalles a Salud sobre como se actu\u00f3 frente a la epidemia de triquinosis"},"content":{"rendered":"\n<p>A partir de las diferentes publicaciones period\u00edsticas&nbsp;que siguen la evoluci\u00f3n de los casos de triquinosis que han sucedido en la provincia de Buenos Aires, junto con las alertas epidemiol\u00f3gicas emitidas por las autoridades provinciales tras la detecci\u00f3n de casos sospechosos surgidos en distintos distritos del interior bonaerense, el diputado provincial de Juntos por la sexta secci\u00f3n electoral, Emiliano Balb\u00edn, ingres\u00f3 un pedido de informes para que la Provincia detalle minuciosamente sobre esta preocupante situaci\u00f3n.<\/p>\n\n\n\n<figure class=\"wp-block-image alignright size-full is-resized\"><img loading=\"lazy\" decoding=\"async\" src=\"https:\/\/infoecos.com.ar\/wp-content\/uploads\/2023\/09\/triquinosis.jpg\" alt=\"\" class=\"wp-image-111521\" width=\"451\" height=\"286\" srcset=\"https:\/\/infoecos.com.ar\/wp-content\/uploads\/2023\/09\/triquinosis.jpg 790w, https:\/\/infoecos.com.ar\/wp-content\/uploads\/2023\/09\/triquinosis-768x487.jpg 768w\" sizes=\"(max-width: 451px) 100vw, 451px\" \/><\/figure>\n\n\n\n<p>De acuerdo con el informe epidemiol\u00f3gico n\u00famero 34&nbsp; del Ministerio de Salud provincial, hasta el mes de agosto se denunciaron 516 casos sospechosos de triquinosis, los cuales sucedieron en los municipios de Chivilcoy, Coronel Dorrego, Ayacucho, Las Flores, Adolfo Alsina, Bah\u00eda Blanca, Coronel Su\u00e1rez, Guamin\u00ed, P\u00faan, Saavedra, Hip\u00f3lito Irigoyen, Rivadavia, Salliquel\u00f3 y Olavarr\u00eda, sumando 14 los distritos afectados sobre 135 que posee la Provincia (lo que representa el 10,4% del total).<\/p>\n\n\n\n<p>\u201cLa triquinosis tiene como principal fuente de infecci\u00f3n para el ser humano el consumo de cerdo dom\u00e9stico en forma de chacinados crudos o carne mal cocida, aunque tambi\u00e9n existen otras, como el jabal\u00ed u otras especies. Esta situaci\u00f3n end\u00e9mica se produce por deficientes condiciones sanitarias de crianza y ausencia de controles en la producci\u00f3n, faena, elaboraci\u00f3n y\/o comercializaci\u00f3n de carne o productos derivados no cocinados, por lo que las acciones de prevenci\u00f3n y control se hacen sumamente necesarias y son un poder indelegable del estado\u201d, fundament\u00f3 Balb\u00edn en su proyecto.<\/p>\n\n\n\n<p>\u201cLa presentaci\u00f3n de este pedido de informes \u2013se\u00f1al\u00f3 -, es indispensable para que todos los y las bonaerenses podamos comprender acabadamente como se administr\u00f3 la situaci\u00f3n de la triquinosis en la Provincia, y con qu\u00e9 criterios se abord\u00f3 la epidemia\u201d.<\/p>\n\n\n\n<figure class=\"wp-block-image alignright size-full is-resized\"><img loading=\"lazy\" decoding=\"async\" src=\"https:\/\/infoecos.com.ar\/wp-content\/uploads\/2020-06-08-triquinosis-consumidores-en-baja-3.jpg\" alt=\"\" class=\"wp-image-63320\" width=\"436\" height=\"245\" srcset=\"https:\/\/infoecos.com.ar\/wp-content\/uploads\/2020-06-08-triquinosis-consumidores-en-baja-3.jpg 640w, https:\/\/infoecos.com.ar\/wp-content\/uploads\/2020-06-08-triquinosis-consumidores-en-baja-3-460x259.jpg 460w\" sizes=\"(max-width: 436px) 100vw, 436px\" \/><\/figure>\n\n\n\n<p><strong>Qu\u00e9 informaci\u00f3n se pide<\/strong><\/p>\n\n\n\n<p>-Informar la situaci\u00f3n epidemiol\u00f3gica en la provincia de Buenos Aires sobre triquinosis o trichinellosis&nbsp; enfermedad parasitaria causada por las larvas del g\u00e9nero Trichinella spp durante el a\u00f1o 2023.<\/p>\n\n\n\n<p>-Informar la evoluci\u00f3n de la enfermedad durante los \u00faltimos 10 a\u00f1os, en cantidad de focos (en animales) que hayan sucedido, detallando cantidad de establecimientos productivos y de cerdos involucrados por partido y localidades de la provincia.<\/p>\n\n\n\n<p>-Informar la evoluci\u00f3n de la enfermedad durante los \u00faltimos 10 a\u00f1os, en cantidad de brotes (en humanos) que hayan sucedido, detallando cantidad de personas con enfermedad sospechosa y confirmada por partido y localidades de la provincia.<\/p>\n\n\n\n<p>-Enumerar detalladamente las acciones de prevenci\u00f3n, tanto para el sector agropecuario como de salud humana, que se dise\u00f1aron y aplicaron desde el 1 de enero de 2020 hasta la actualidad, con detalle de los resultados obtenidos para cada una de las acciones preventivas aplicadas y de los tratamientos aplicados sobre las personas afectadas, en detalle por partido y localidad de la provincia.<\/p>\n\n\n\n<figure class=\"wp-block-image alignright size-large is-resized\"><img loading=\"lazy\" decoding=\"async\" src=\"https:\/\/infoecos.com.ar\/wp-content\/uploads\/2021\/09\/Triquinosis-chacabuco-2-920x518.jpg\" alt=\"\" class=\"wp-image-87181\" width=\"429\" height=\"241\" srcset=\"https:\/\/infoecos.com.ar\/wp-content\/uploads\/2021\/09\/Triquinosis-chacabuco-2-920x518.jpg 920w, https:\/\/infoecos.com.ar\/wp-content\/uploads\/2021\/09\/Triquinosis-chacabuco-2-460x259.jpg 460w, https:\/\/infoecos.com.ar\/wp-content\/uploads\/2021\/09\/Triquinosis-chacabuco-2-768x432.jpg 768w, https:\/\/infoecos.com.ar\/wp-content\/uploads\/2021\/09\/Triquinosis-chacabuco-2-1024x576.jpg 1024w, https:\/\/infoecos.com.ar\/wp-content\/uploads\/2021\/09\/Triquinosis-chacabuco-2.jpg 1032w\" sizes=\"(max-width: 429px) 100vw, 429px\" \/><\/figure>\n\n\n\n<p>-Indicar exhaustivamente el origen y monto de los fondos -presupuestarios y extrapresupuestarios- que fueron asignados por periodo desde el 1 de enero de 2020 hasta la actualidad.<\/p>\n\n\n\n<p>-Informe cual es el presupuesto asignado para el control y fiscalizaci\u00f3n de establecimientos faenadores de cerdos y establecimientos elaboradores de chacinados, como as\u00ed tambi\u00e9n los recursos afectados al control de los brotes en la provincia de Buenos Aires para el periodo 2022 y 2023.<\/p>\n\n\n\n<p>-Indicar con qu\u00e9 recursos profesionales cuentan las diferentes \u00e1reas de gobierno afectadas a realizar los controles de la enfermedad.<\/p>\n\n\n\n<p>-Informar la cantidad de establecimientos productores porcinos existentes y existencias porcinas en la provincia, tanto los registrados en los organismos provinciales como los registrados ante el SENASA en detalle por cada uno de los 135 distritos de la provincia.<\/p>\n\n\n\n<figure class=\"wp-block-image alignright size-large is-resized\"><img loading=\"lazy\" decoding=\"async\" src=\"https:\/\/infoecos.com.ar\/wp-content\/uploads\/2021\/02\/balbinemiliano-920x615.jpg\" alt=\"\" class=\"wp-image-74365\" width=\"425\" height=\"284\" srcset=\"https:\/\/infoecos.com.ar\/wp-content\/uploads\/2021\/02\/balbinemiliano-920x615.jpg 920w, https:\/\/infoecos.com.ar\/wp-content\/uploads\/2021\/02\/balbinemiliano-460x308.jpg 460w, https:\/\/infoecos.com.ar\/wp-content\/uploads\/2021\/02\/balbinemiliano-768x514.jpg 768w, https:\/\/infoecos.com.ar\/wp-content\/uploads\/2021\/02\/balbinemiliano-675x450.jpg 675w, https:\/\/infoecos.com.ar\/wp-content\/uploads\/2021\/02\/balbinemiliano.jpg 960w\" sizes=\"(max-width: 425px) 100vw, 425px\" \/><\/figure>\n\n\n\n<p>-Indicar cu\u00e1l es la cantidad de establecimientos faenadores de cerdos y elaboradores de chacinados existentes en la provincia de Buenos y cu\u00e1ntos de ellos cuentan con habilitaci\u00f3n sanitaria oficial Aires (seg\u00fan sea de habilitaci\u00f3n provincial o de SENASA) para los periodos 2022 y 2023.<\/p>\n","protected":false},"excerpt":{"rendered":"<p>\u201cLa presentaci\u00f3n de este pedido de informes \u2013se\u00f1ala -, es indispensable para que todos los y las bonaerenses podamos comprender acabadamente como se administr\u00f3 la situaci\u00f3n de la triquinosis en la Provincia, y con qu\u00e9 criterios se abord\u00f3 la epidemia\u201d<\/p>\n","protected":false},"author":2,"featured_media":74365,"comment_status":"closed","ping_status":"open","sticky":false,"template":"","format":"standard","meta":{"footnotes":""},"categories":[199],"tags":[9104],"class_list":["post-112058","post","type-post","status-publish","format-standard","has-post-thumbnail","hentry","category-inferior7","tag-presentacion-legislativa"],"yoast_head":"<!-- This site is optimized with the Yoast SEO plugin v23.4 - https:\/\/yoast.com\/wordpress\/plugins\/seo\/ -->\n<title>Balb\u00edn pide detalles a Salud sobre como se actu\u00f3 frente a la epidemia de triquinosis - Infoecos<\/title>\n<meta name=\"robots\" content=\"index, follow, max-snippet:-1, max-image-preview:large, max-video-preview:-1\" \/>\n<link rel=\"canonical\" href=\"https:\/\/infoecos.com.ar\/index.php\/balbin-pide-detalles-al-ministerio-de-salud-informacion-sobre-como-se-actua-frente-a-la-triquinosis\/\" \/>\n<meta property=\"og:locale\" content=\"es_ES\" \/>\n<meta property=\"og:type\" content=\"article\" \/>\n<meta property=\"og:title\" content=\"Balb\u00edn pide detalles a Salud sobre como se actu\u00f3 frente a la epidemia de triquinosis - Infoecos\" \/>\n<meta property=\"og:description\" content=\"\u201cLa presentaci\u00f3n de este pedido de informes \u2013se\u00f1ala -, es indispensable para que todos los y las bonaerenses podamos comprender acabadamente como se administr\u00f3 la situaci\u00f3n de la triquinosis en la Provincia, y con qu\u00e9 criterios se abord\u00f3 la epidemia\u201d\" \/>\n<meta property=\"og:url\" content=\"https:\/\/infoecos.com.ar\/index.php\/balbin-pide-detalles-al-ministerio-de-salud-informacion-sobre-como-se-actua-frente-a-la-triquinosis\/\" \/>\n<meta property=\"og:site_name\" content=\"Infoecos\" \/>\n<meta property=\"article:publisher\" content=\"https:\/\/www.facebook.com\/profile.php?id=100063200290284\" \/>\n<meta property=\"article:published_time\" content=\"2023-09-13T17:14:19+00:00\" \/>\n<meta property=\"article:modified_time\" content=\"2023-09-15T05:40:35+00:00\" \/>\n<meta property=\"og:image\" content=\"https:\/\/infoecos.com.ar\/wp-content\/uploads\/2021\/02\/balbinemiliano.jpg\" \/>\n\t<meta property=\"og:image:width\" content=\"960\" \/>\n\t<meta property=\"og:image:height\" content=\"642\" \/>\n\t<meta property=\"og:image:type\" content=\"image\/jpeg\" \/>\n<meta name=\"author\" content=\"Jorge Matheus\" \/>\n<meta name=\"twitter:card\" content=\"summary_large_image\" \/>\n<meta name=\"twitter:creator\" content=\"@infoecos\" \/>\n<meta name=\"twitter:site\" content=\"@infoecos\" \/>\n<meta name=\"twitter:label1\" content=\"Escrito por\" \/>\n\t<meta name=\"twitter:data1\" content=\"Jorge Matheus\" \/>\n\t<meta name=\"twitter:label2\" content=\"Tiempo de lectura\" \/>\n\t<meta name=\"twitter:data2\" content=\"4 minutos\" \/>\n<script type=\"application\/ld+json\" class=\"yoast-schema-graph\">{\"@context\":\"https:\/\/schema.org\",\"@graph\":[{\"@type\":\"Article\",\"@id\":\"https:\/\/infoecos.com.ar\/index.php\/balbin-pide-detalles-al-ministerio-de-salud-informacion-sobre-como-se-actua-frente-a-la-triquinosis\/#article\",\"isPartOf\":{\"@id\":\"https:\/\/infoecos.com.ar\/index.php\/balbin-pide-detalles-al-ministerio-de-salud-informacion-sobre-como-se-actua-frente-a-la-triquinosis\/\"},\"author\":{\"name\":\"Jorge Matheus\",\"@id\":\"https:\/\/infoecos.com.ar\/#\/schema\/person\/8f5ace5ce73b4b4aac4b7245aee6f191\"},\"headline\":\"Balb\u00edn pide detalles a Salud sobre como se actu\u00f3 frente a la epidemia de triquinosis\",\"datePublished\":\"2023-09-13T17:14:19+00:00\",\"dateModified\":\"2023-09-15T05:40:35+00:00\",\"mainEntityOfPage\":{\"@id\":\"https:\/\/infoecos.com.ar\/index.php\/balbin-pide-detalles-al-ministerio-de-salud-informacion-sobre-como-se-actua-frente-a-la-triquinosis\/\"},\"wordCount\":663,\"publisher\":{\"@id\":\"https:\/\/infoecos.com.ar\/#organization\"},\"image\":{\"@id\":\"https:\/\/infoecos.com.ar\/index.php\/balbin-pide-detalles-al-ministerio-de-salud-informacion-sobre-como-se-actua-frente-a-la-triquinosis\/#primaryimage\"},\"thumbnailUrl\":\"https:\/\/infoecos.com.ar\/wp-content\/uploads\/2021\/02\/balbinemiliano.jpg\",\"keywords\":[\"presentaci\u00f3n legislativa\"],\"articleSection\":[\"Bloque inferior - 7\"],\"inLanguage\":\"es\"},{\"@type\":\"WebPage\",\"@id\":\"https:\/\/infoecos.com.ar\/index.php\/balbin-pide-detalles-al-ministerio-de-salud-informacion-sobre-como-se-actua-frente-a-la-triquinosis\/\",\"url\":\"https:\/\/infoecos.com.ar\/index.php\/balbin-pide-detalles-al-ministerio-de-salud-informacion-sobre-como-se-actua-frente-a-la-triquinosis\/\",\"name\":\"Balb\u00edn pide detalles a Salud sobre como se actu\u00f3 frente a la epidemia de triquinosis - Infoecos\",\"isPartOf\":{\"@id\":\"https:\/\/infoecos.com.ar\/#website\"},\"primaryImageOfPage\":{\"@id\":\"https:\/\/infoecos.com.ar\/index.php\/balbin-pide-detalles-al-ministerio-de-salud-informacion-sobre-como-se-actua-frente-a-la-triquinosis\/#primaryimage\"},\"image\":{\"@id\":\"https:\/\/infoecos.com.ar\/index.php\/balbin-pide-detalles-al-ministerio-de-salud-informacion-sobre-como-se-actua-frente-a-la-triquinosis\/#primaryimage\"},\"thumbnailUrl\":\"https:\/\/infoecos.com.ar\/wp-content\/uploads\/2021\/02\/balbinemiliano.jpg\",\"datePublished\":\"2023-09-13T17:14:19+00:00\",\"dateModified\":\"2023-09-15T05:40:35+00:00\",\"breadcrumb\":{\"@id\":\"https:\/\/infoecos.com.ar\/index.php\/balbin-pide-detalles-al-ministerio-de-salud-informacion-sobre-como-se-actua-frente-a-la-triquinosis\/#breadcrumb\"},\"inLanguage\":\"es\",\"potentialAction\":[{\"@type\":\"ReadAction\",\"target\":[\"https:\/\/infoecos.com.ar\/index.php\/balbin-pide-detalles-al-ministerio-de-salud-informacion-sobre-como-se-actua-frente-a-la-triquinosis\/\"]}]},{\"@type\":\"ImageObject\",\"inLanguage\":\"es\",\"@id\":\"https:\/\/infoecos.com.ar\/index.php\/balbin-pide-detalles-al-ministerio-de-salud-informacion-sobre-como-se-actua-frente-a-la-triquinosis\/#primaryimage\",\"url\":\"https:\/\/infoecos.com.ar\/wp-content\/uploads\/2021\/02\/balbinemiliano.jpg\",\"contentUrl\":\"https:\/\/infoecos.com.ar\/wp-content\/uploads\/2021\/02\/balbinemiliano.jpg\",\"width\":960,\"height\":642},{\"@type\":\"BreadcrumbList\",\"@id\":\"https:\/\/infoecos.com.ar\/index.php\/balbin-pide-detalles-al-ministerio-de-salud-informacion-sobre-como-se-actua-frente-a-la-triquinosis\/#breadcrumb\",\"itemListElement\":[{\"@type\":\"ListItem\",\"position\":1,\"name\":\"Portada\",\"item\":\"https:\/\/infoecos.com.ar\/\"},{\"@type\":\"ListItem\",\"position\":2,\"name\":\"Balb\u00edn pide detalles a Salud sobre como se actu\u00f3 frente a la epidemia de triquinosis\"}]},{\"@type\":\"WebSite\",\"@id\":\"https:\/\/infoecos.com.ar\/#website\",\"url\":\"https:\/\/infoecos.com.ar\/\",\"name\":\"Infoecos\",\"description\":\"Noticias de trenque lauquen y la zona\",\"publisher\":{\"@id\":\"https:\/\/infoecos.com.ar\/#organization\"},\"alternateName\":\"Noticias\",\"potentialAction\":[{\"@type\":\"SearchAction\",\"target\":{\"@type\":\"EntryPoint\",\"urlTemplate\":\"https:\/\/infoecos.com.ar\/?s={search_term_string}\"},\"query-input\":{\"@type\":\"PropertyValueSpecification\",\"valueRequired\":true,\"valueName\":\"search_term_string\"}}],\"inLanguage\":\"es\"},{\"@type\":\"Organization\",\"@id\":\"https:\/\/infoecos.com.ar\/#organization\",\"name\":\"Infoecos\",\"alternateName\":\"Noticias\",\"url\":\"https:\/\/infoecos.com.ar\/\",\"logo\":{\"@type\":\"ImageObject\",\"inLanguage\":\"es\",\"@id\":\"https:\/\/infoecos.com.ar\/#\/schema\/logo\/image\/\",\"url\":\"https:\/\/infoecos.com.ar\/wp-content\/uploads\/2024\/03\/cropped-logo.png\",\"contentUrl\":\"https:\/\/infoecos.com.ar\/wp-content\/uploads\/2024\/03\/cropped-logo.png\",\"width\":374,\"height\":90,\"caption\":\"Infoecos\"},\"image\":{\"@id\":\"https:\/\/infoecos.com.ar\/#\/schema\/logo\/image\/\"},\"sameAs\":[\"https:\/\/www.facebook.com\/profile.php?id=100063200290284\",\"https:\/\/x.com\/infoecos\"]},{\"@type\":\"Person\",\"@id\":\"https:\/\/infoecos.com.ar\/#\/schema\/person\/8f5ace5ce73b4b4aac4b7245aee6f191\",\"name\":\"Jorge Matheus\",\"url\":\"https:\/\/infoecos.com.ar\/index.php\/author\/jomatheus\/\"}]}<\/script>\n<!-- \/ Yoast SEO plugin. -->","yoast_head_json":{"title":"Balb\u00edn pide detalles a Salud sobre como se actu\u00f3 frente a la epidemia de triquinosis - Infoecos","robots":{"index":"index","follow":"follow","max-snippet":"max-snippet:-1","max-image-preview":"max-image-preview:large","max-video-preview":"max-video-preview:-1"},"canonical":"https:\/\/infoecos.com.ar\/index.php\/balbin-pide-detalles-al-ministerio-de-salud-informacion-sobre-como-se-actua-frente-a-la-triquinosis\/","og_locale":"es_ES","og_type":"article","og_title":"Balb\u00edn pide detalles a Salud sobre como se actu\u00f3 frente a la epidemia de triquinosis - Infoecos","og_description":"\u201cLa presentaci\u00f3n de este pedido de informes \u2013se\u00f1ala -, es indispensable para que todos los y las bonaerenses podamos comprender acabadamente como se administr\u00f3 la situaci\u00f3n de la triquinosis en la Provincia, y con qu\u00e9 criterios se abord\u00f3 la epidemia\u201d","og_url":"https:\/\/infoecos.com.ar\/index.php\/balbin-pide-detalles-al-ministerio-de-salud-informacion-sobre-como-se-actua-frente-a-la-triquinosis\/","og_site_name":"Infoecos","article_publisher":"https:\/\/www.facebook.com\/profile.php?id=100063200290284","article_published_time":"2023-09-13T17:14:19+00:00","article_modified_time":"2023-09-15T05:40:35+00:00","og_image":[{"width":960,"height":642,"url":"https:\/\/infoecos.com.ar\/wp-content\/uploads\/2021\/02\/balbinemiliano.jpg","type":"image\/jpeg"}],"author":"Jorge Matheus","twitter_card":"summary_large_image","twitter_creator":"@infoecos","twitter_site":"@infoecos","twitter_misc":{"Escrito por":"Jorge Matheus","Tiempo de lectura":"4 minutos"},"schema":{"@context":"https:\/\/schema.org","@graph":[{"@type":"Article","@id":"https:\/\/infoecos.com.ar\/index.php\/balbin-pide-detalles-al-ministerio-de-salud-informacion-sobre-como-se-actua-frente-a-la-triquinosis\/#article","isPartOf":{"@id":"https:\/\/infoecos.com.ar\/index.php\/balbin-pide-detalles-al-ministerio-de-salud-informacion-sobre-como-se-actua-frente-a-la-triquinosis\/"},"author":{"name":"Jorge Matheus","@id":"https:\/\/infoecos.com.ar\/#\/schema\/person\/8f5ace5ce73b4b4aac4b7245aee6f191"},"headline":"Balb\u00edn pide detalles a Salud sobre como se actu\u00f3 frente a la epidemia de triquinosis","datePublished":"2023-09-13T17:14:19+00:00","dateModified":"2023-09-15T05:40:35+00:00","mainEntityOfPage":{"@id":"https:\/\/infoecos.com.ar\/index.php\/balbin-pide-detalles-al-ministerio-de-salud-informacion-sobre-como-se-actua-frente-a-la-triquinosis\/"},"wordCount":663,"publisher":{"@id":"https:\/\/infoecos.com.ar\/#organization"},"image":{"@id":"https:\/\/infoecos.com.ar\/index.php\/balbin-pide-detalles-al-ministerio-de-salud-informacion-sobre-como-se-actua-frente-a-la-triquinosis\/#primaryimage"},"thumbnailUrl":"https:\/\/infoecos.com.ar\/wp-content\/uploads\/2021\/02\/balbinemiliano.jpg","keywords":["presentaci\u00f3n legislativa"],"articleSection":["Bloque inferior - 7"],"inLanguage":"es"},{"@type":"WebPage","@id":"https:\/\/infoecos.com.ar\/index.php\/balbin-pide-detalles-al-ministerio-de-salud-informacion-sobre-como-se-actua-frente-a-la-triquinosis\/","url":"https:\/\/infoecos.com.ar\/index.php\/balbin-pide-detalles-al-ministerio-de-salud-informacion-sobre-como-se-actua-frente-a-la-triquinosis\/","name":"Balb\u00edn pide detalles a Salud sobre como se actu\u00f3 frente a la epidemia de triquinosis - Infoecos","isPartOf":{"@id":"https:\/\/infoecos.com.ar\/#website"},"primaryImageOfPage":{"@id":"https:\/\/infoecos.com.ar\/index.php\/balbin-pide-detalles-al-ministerio-de-salud-informacion-sobre-como-se-actua-frente-a-la-triquinosis\/#primaryimage"},"image":{"@id":"https:\/\/infoecos.com.ar\/index.php\/balbin-pide-detalles-al-ministerio-de-salud-informacion-sobre-como-se-actua-frente-a-la-triquinosis\/#primaryimage"},"thumbnailUrl":"https:\/\/infoecos.com.ar\/wp-content\/uploads\/2021\/02\/balbinemiliano.jpg","datePublished":"2023-09-13T17:14:19+00:00","dateModified":"2023-09-15T05:40:35+00:00","breadcrumb":{"@id":"https:\/\/infoecos.com.ar\/index.php\/balbin-pide-detalles-al-ministerio-de-salud-informacion-sobre-como-se-actua-frente-a-la-triquinosis\/#breadcrumb"},"inLanguage":"es","potentialAction":[{"@type":"ReadAction","target":["https:\/\/infoecos.com.ar\/index.php\/balbin-pide-detalles-al-ministerio-de-salud-informacion-sobre-como-se-actua-frente-a-la-triquinosis\/"]}]},{"@type":"ImageObject","inLanguage":"es","@id":"https:\/\/infoecos.com.ar\/index.php\/balbin-pide-detalles-al-ministerio-de-salud-informacion-sobre-como-se-actua-frente-a-la-triquinosis\/#primaryimage","url":"https:\/\/infoecos.com.ar\/wp-content\/uploads\/2021\/02\/balbinemiliano.jpg","contentUrl":"https:\/\/infoecos.com.ar\/wp-content\/uploads\/2021\/02\/balbinemiliano.jpg","width":960,"height":642},{"@type":"BreadcrumbList","@id":"https:\/\/infoecos.com.ar\/index.php\/balbin-pide-detalles-al-ministerio-de-salud-informacion-sobre-como-se-actua-frente-a-la-triquinosis\/#breadcrumb","itemListElement":[{"@type":"ListItem","position":1,"name":"Portada","item":"https:\/\/infoecos.com.ar\/"},{"@type":"ListItem","position":2,"name":"Balb\u00edn pide detalles a Salud sobre como se actu\u00f3 frente a la epidemia de triquinosis"}]},{"@type":"WebSite","@id":"https:\/\/infoecos.com.ar\/#website","url":"https:\/\/infoecos.com.ar\/","name":"Infoecos","description":"Noticias de trenque lauquen y la zona","publisher":{"@id":"https:\/\/infoecos.com.ar\/#organization"},"alternateName":"Noticias","potentialAction":[{"@type":"SearchAction","target":{"@type":"EntryPoint","urlTemplate":"https:\/\/infoecos.com.ar\/?s={search_term_string}"},"query-input":{"@type":"PropertyValueSpecification","valueRequired":true,"valueName":"search_term_string"}}],"inLanguage":"es"},{"@type":"Organization","@id":"https:\/\/infoecos.com.ar\/#organization","name":"Infoecos","alternateName":"Noticias","url":"https:\/\/infoecos.com.ar\/","logo":{"@type":"ImageObject","inLanguage":"es","@id":"https:\/\/infoecos.com.ar\/#\/schema\/logo\/image\/","url":"https:\/\/infoecos.com.ar\/wp-content\/uploads\/2024\/03\/cropped-logo.png","contentUrl":"https:\/\/infoecos.com.ar\/wp-content\/uploads\/2024\/03\/cropped-logo.png","width":374,"height":90,"caption":"Infoecos"},"image":{"@id":"https:\/\/infoecos.com.ar\/#\/schema\/logo\/image\/"},"sameAs":["https:\/\/www.facebook.com\/profile.php?id=100063200290284","https:\/\/x.com\/infoecos"]},{"@type":"Person","@id":"https:\/\/infoecos.com.ar\/#\/schema\/person\/8f5ace5ce73b4b4aac4b7245aee6f191","name":"Jorge Matheus","url":"https:\/\/infoecos.com.ar\/index.php\/author\/jomatheus\/"}]}},"featured_image_urls":{"full":["https:\/\/infoecos.com.ar\/wp-content\/uploads\/2021\/02\/balbinemiliano.jpg",960,642,false],"thumbnail":["https:\/\/infoecos.com.ar\/wp-content\/uploads\/2021\/02\/balbinemiliano-150x150.jpg",150,150,true],"medium":["https:\/\/infoecos.com.ar\/wp-content\/uploads\/2021\/02\/balbinemiliano-460x308.jpg",460,308,true],"medium_large":["https:\/\/infoecos.com.ar\/wp-content\/uploads\/2021\/02\/balbinemiliano-768x514.jpg",640,428,true],"large":["https:\/\/infoecos.com.ar\/wp-content\/uploads\/2021\/02\/balbinemiliano-920x615.jpg",640,428,true],"1536x1536":["https:\/\/infoecos.com.ar\/wp-content\/uploads\/2021\/02\/balbinemiliano.jpg",960,642,false],"2048x2048":["https:\/\/infoecos.com.ar\/wp-content\/uploads\/2021\/02\/balbinemiliano.jpg",960,642,false],"covernews-slider-full":["https:\/\/infoecos.com.ar\/wp-content\/uploads\/2021\/02\/balbinemiliano.jpg",960,642,false],"covernews-slider-center":["https:\/\/infoecos.com.ar\/wp-content\/uploads\/2021\/02\/balbinemiliano-936x642.jpg",729,500,true],"covernews-featured":["https:\/\/infoecos.com.ar\/wp-content\/uploads\/2021\/02\/balbinemiliano.jpg",960,642,false],"covernews-medium":["https:\/\/infoecos.com.ar\/wp-content\/uploads\/2021\/02\/balbinemiliano-720x380.jpg",540,285,true],"covernews-medium-square":["https:\/\/infoecos.com.ar\/wp-content\/uploads\/2021\/02\/balbinemiliano-675x450.jpg",375,250,true]},"author_info":{"info":["Jorge Matheus"]},"category_info":"<a href=\"https:\/\/infoecos.com.ar\/index.php\/category\/inferior7\/\" rel=\"category tag\">Bloque inferior - 7<\/a>","tag_info":"Bloque inferior - 7","comment_count":"0","_links":{"self":[{"href":"https:\/\/infoecos.com.ar\/index.php\/wp-json\/wp\/v2\/posts\/112058"}],"collection":[{"href":"https:\/\/infoecos.com.ar\/index.php\/wp-json\/wp\/v2\/posts"}],"about":[{"href":"https:\/\/infoecos.com.ar\/index.php\/wp-json\/wp\/v2\/types\/post"}],"author":[{"embeddable":true,"href":"https:\/\/infoecos.com.ar\/index.php\/wp-json\/wp\/v2\/users\/2"}],"replies":[{"embeddable":true,"href":"https:\/\/infoecos.com.ar\/index.php\/wp-json\/wp\/v2\/comments?post=112058"}],"version-history":[{"count":4,"href":"https:\/\/infoecos.com.ar\/index.php\/wp-json\/wp\/v2\/posts\/112058\/revisions"}],"predecessor-version":[{"id":112105,"href":"https:\/\/infoecos.com.ar\/index.php\/wp-json\/wp\/v2\/posts\/112058\/revisions\/112105"}],"wp:featuredmedia":[{"embeddable":true,"href":"https:\/\/infoecos.com.ar\/index.php\/wp-json\/wp\/v2\/media\/74365"}],"wp:attachment":[{"href":"https:\/\/infoecos.com.ar\/index.php\/wp-json\/wp\/v2\/media?parent=112058"}],"wp:term":[{"taxonomy":"category","embeddable":true,"href":"https:\/\/infoecos.com.ar\/index.php\/wp-json\/wp\/v2\/categories?post=112058"},{"taxonomy":"post_tag","embeddable":true,"href":"https:\/\/infoecos.com.ar\/index.php\/wp-json\/wp\/v2\/tags?post=112058"}],"curies":[{"name":"wp","href":"https:\/\/api.w.org\/{rel}","templated":true}]}}