{"id":112125,"date":"2023-09-14T14:20:58","date_gmt":"2023-09-14T17:20:58","guid":{"rendered":"https:\/\/infoecos.com.ar\/?p=112125"},"modified":"2023-09-15T23:01:15","modified_gmt":"2023-09-16T02:01:15","slug":"incendio-en-el-edificio-de-la-escuela-3-de-trenque-lauquen-danos-importantes","status":"publish","type":"post","link":"https:\/\/infoecos.com.ar\/index.php\/incendio-en-el-edificio-de-la-escuela-3-de-trenque-lauquen-danos-importantes\/","title":{"rendered":"Incendio en el edificio de la Escuela 3 de Trenque Lauquen: da\u00f1os importantes"},"content":{"rendered":"\n<p>Incendio en el edificio que ocupa la Escuela Primaria n\u00famero 3 de Trenque Lauquen. <\/p>\n\n\n\n<figure class=\"wp-block-gallery has-nested-images columns-default is-cropped wp-block-gallery-1 is-layout-flex wp-block-gallery-is-layout-flex\">\n<figure class=\"wp-block-image size-large\"><img loading=\"lazy\" decoding=\"async\" width=\"1600\" height=\"1200\" data-id=\"112132\" src=\"https:\/\/infoecos.com.ar\/wp-content\/uploads\/2023\/09\/esc5.jpg\" alt=\"\" class=\"wp-image-112132\" srcset=\"https:\/\/infoecos.com.ar\/wp-content\/uploads\/2023\/09\/esc5.jpg 1600w, https:\/\/infoecos.com.ar\/wp-content\/uploads\/2023\/09\/esc5-800x600.jpg 800w, https:\/\/infoecos.com.ar\/wp-content\/uploads\/2023\/09\/esc5-768x576.jpg 768w, https:\/\/infoecos.com.ar\/wp-content\/uploads\/2023\/09\/esc5-1536x1152.jpg 1536w, https:\/\/infoecos.com.ar\/wp-content\/uploads\/2023\/09\/esc5-1024x768.jpg 1024w\" sizes=\"(max-width: 1600px) 100vw, 1600px\" \/><figcaption class=\"wp-element-caption\">Foto tomada del sitio datatrenque.com.ar<\/figcaption><\/figure>\n\n\n\n<figure class=\"wp-block-image size-large\"><img loading=\"lazy\" decoding=\"async\" width=\"1200\" height=\"1600\" data-id=\"112130\" src=\"https:\/\/infoecos.com.ar\/wp-content\/uploads\/2023\/09\/esc7.jpg\" alt=\"\" class=\"wp-image-112130\" srcset=\"https:\/\/infoecos.com.ar\/wp-content\/uploads\/2023\/09\/esc7.jpg 1200w, https:\/\/infoecos.com.ar\/wp-content\/uploads\/2023\/09\/esc7-600x800.jpg 600w, https:\/\/infoecos.com.ar\/wp-content\/uploads\/2023\/09\/esc7-768x1024.jpg 768w, https:\/\/infoecos.com.ar\/wp-content\/uploads\/2023\/09\/esc7-1152x1536.jpg 1152w, https:\/\/infoecos.com.ar\/wp-content\/uploads\/2023\/09\/esc7-1024x1365.jpg 1024w\" sizes=\"(max-width: 1200px) 100vw, 1200px\" \/><figcaption class=\"wp-element-caption\">Foto tomada del sitio datatrenque.com.ar<\/figcaption><\/figure>\n\n\n\n<figure class=\"wp-block-image size-large\"><img loading=\"lazy\" decoding=\"async\" width=\"1200\" height=\"1600\" data-id=\"112135\" src=\"https:\/\/infoecos.com.ar\/wp-content\/uploads\/2023\/09\/esc8.jpg\" alt=\"\" class=\"wp-image-112135\" srcset=\"https:\/\/infoecos.com.ar\/wp-content\/uploads\/2023\/09\/esc8.jpg 1200w, https:\/\/infoecos.com.ar\/wp-content\/uploads\/2023\/09\/esc8-600x800.jpg 600w, https:\/\/infoecos.com.ar\/wp-content\/uploads\/2023\/09\/esc8-768x1024.jpg 768w, https:\/\/infoecos.com.ar\/wp-content\/uploads\/2023\/09\/esc8-1152x1536.jpg 1152w, https:\/\/infoecos.com.ar\/wp-content\/uploads\/2023\/09\/esc8-1024x1365.jpg 1024w\" sizes=\"(max-width: 1200px) 100vw, 1200px\" \/><figcaption class=\"wp-element-caption\">Foto tomada del sitio datatrenque.com.ar<\/figcaption><\/figure>\n\n\n\n<figure class=\"wp-block-image size-large\"><img loading=\"lazy\" decoding=\"async\" width=\"1200\" height=\"1600\" data-id=\"112131\" src=\"https:\/\/infoecos.com.ar\/wp-content\/uploads\/2023\/09\/esc9.jpg\" alt=\"\" class=\"wp-image-112131\" srcset=\"https:\/\/infoecos.com.ar\/wp-content\/uploads\/2023\/09\/esc9.jpg 1200w, https:\/\/infoecos.com.ar\/wp-content\/uploads\/2023\/09\/esc9-600x800.jpg 600w, https:\/\/infoecos.com.ar\/wp-content\/uploads\/2023\/09\/esc9-768x1024.jpg 768w, https:\/\/infoecos.com.ar\/wp-content\/uploads\/2023\/09\/esc9-1152x1536.jpg 1152w, https:\/\/infoecos.com.ar\/wp-content\/uploads\/2023\/09\/esc9-1024x1365.jpg 1024w\" sizes=\"(max-width: 1200px) 100vw, 1200px\" \/><figcaption class=\"wp-element-caption\">Foto tomada del sitio datatrenque.com.ar<\/figcaption><\/figure>\n\n\n\n<figure class=\"wp-block-image size-large\"><img loading=\"lazy\" decoding=\"async\" width=\"1600\" height=\"1200\" data-id=\"112136\" src=\"https:\/\/infoecos.com.ar\/wp-content\/uploads\/2023\/09\/esc10.jpg\" alt=\"\" class=\"wp-image-112136\" srcset=\"https:\/\/infoecos.com.ar\/wp-content\/uploads\/2023\/09\/esc10.jpg 1600w, https:\/\/infoecos.com.ar\/wp-content\/uploads\/2023\/09\/esc10-800x600.jpg 800w, https:\/\/infoecos.com.ar\/wp-content\/uploads\/2023\/09\/esc10-768x576.jpg 768w, https:\/\/infoecos.com.ar\/wp-content\/uploads\/2023\/09\/esc10-1536x1152.jpg 1536w, https:\/\/infoecos.com.ar\/wp-content\/uploads\/2023\/09\/esc10-1024x768.jpg 1024w\" sizes=\"(max-width: 1600px) 100vw, 1600px\" \/><figcaption class=\"wp-element-caption\">Foto tomada del sitio datatrenque.com.ar<\/figcaption><\/figure>\n\n\n\n<figure class=\"wp-block-image size-large\"><img loading=\"lazy\" decoding=\"async\" width=\"1200\" height=\"1600\" data-id=\"112133\" src=\"https:\/\/infoecos.com.ar\/wp-content\/uploads\/2023\/09\/esc11.jpg\" alt=\"\" class=\"wp-image-112133\" srcset=\"https:\/\/infoecos.com.ar\/wp-content\/uploads\/2023\/09\/esc11.jpg 1200w, https:\/\/infoecos.com.ar\/wp-content\/uploads\/2023\/09\/esc11-600x800.jpg 600w, https:\/\/infoecos.com.ar\/wp-content\/uploads\/2023\/09\/esc11-768x1024.jpg 768w, https:\/\/infoecos.com.ar\/wp-content\/uploads\/2023\/09\/esc11-1152x1536.jpg 1152w, https:\/\/infoecos.com.ar\/wp-content\/uploads\/2023\/09\/esc11-1024x1365.jpg 1024w\" sizes=\"(max-width: 1200px) 100vw, 1200px\" \/><figcaption class=\"wp-element-caption\">Foto tomada del sitio datatrenque.com.ar<\/figcaption><\/figure>\n\n\n\n<figure class=\"wp-block-image size-large\"><img loading=\"lazy\" decoding=\"async\" width=\"225\" height=\"300\" data-id=\"112127\" src=\"https:\/\/infoecos.com.ar\/wp-content\/uploads\/2023\/09\/esc31.jpg\" alt=\"\" class=\"wp-image-112127\"\/><figcaption class=\"wp-element-caption\">Foto tomada del sitio datatrenque.com.ar<\/figcaption><\/figure>\n\n\n\n<figure class=\"wp-block-image size-large\"><img loading=\"lazy\" decoding=\"async\" width=\"225\" height=\"300\" data-id=\"112126\" src=\"https:\/\/infoecos.com.ar\/wp-content\/uploads\/2023\/09\/esc32.jpg\" alt=\"\" class=\"wp-image-112126\"\/><figcaption class=\"wp-element-caption\">Foto tomada del sitio datatrenque.com.ar<\/figcaption><\/figure>\n\n\n\n<figure class=\"wp-block-image size-large\"><img loading=\"lazy\" decoding=\"async\" width=\"1600\" height=\"900\" data-id=\"112129\" src=\"https:\/\/infoecos.com.ar\/wp-content\/uploads\/2023\/09\/esc34.jpeg\" alt=\"\" class=\"wp-image-112129\" srcset=\"https:\/\/infoecos.com.ar\/wp-content\/uploads\/2023\/09\/esc34.jpeg 1600w, https:\/\/infoecos.com.ar\/wp-content\/uploads\/2023\/09\/esc34-800x450.jpeg 800w, https:\/\/infoecos.com.ar\/wp-content\/uploads\/2023\/09\/esc34-768x432.jpeg 768w, https:\/\/infoecos.com.ar\/wp-content\/uploads\/2023\/09\/esc34-1536x864.jpeg 1536w, https:\/\/infoecos.com.ar\/wp-content\/uploads\/2023\/09\/esc34-1024x576.jpeg 1024w\" sizes=\"(max-width: 1600px) 100vw, 1600px\" \/><figcaption class=\"wp-element-caption\">Foto tomada del sitio datatrenque.com.ar<\/figcaption><\/figure>\n\n\n\n<figure class=\"wp-block-image size-large\"><img loading=\"lazy\" decoding=\"async\" width=\"1200\" height=\"1600\" data-id=\"112134\" src=\"https:\/\/infoecos.com.ar\/wp-content\/uploads\/2023\/09\/escu6.jpg\" alt=\"\" class=\"wp-image-112134\" srcset=\"https:\/\/infoecos.com.ar\/wp-content\/uploads\/2023\/09\/escu6.jpg 1200w, https:\/\/infoecos.com.ar\/wp-content\/uploads\/2023\/09\/escu6-600x800.jpg 600w, https:\/\/infoecos.com.ar\/wp-content\/uploads\/2023\/09\/escu6-768x1024.jpg 768w, https:\/\/infoecos.com.ar\/wp-content\/uploads\/2023\/09\/escu6-1152x1536.jpg 1152w, https:\/\/infoecos.com.ar\/wp-content\/uploads\/2023\/09\/escu6-1024x1365.jpg 1024w\" sizes=\"(max-width: 1200px) 100vw, 1200px\" \/><figcaption class=\"wp-element-caption\">Foto tomada del sitio datatrenque.com.ar<\/figcaption><\/figure>\n<\/figure>\n\n\n\n<p>El siniestro que dej\u00f3 consecuencias muy serias tom\u00f3 dimensi\u00f3n cerca de las 22 horas, lo que exigi\u00f3 la presencia de Bomberos Voluntarios. Los servidores p\u00fablicos trabajaron durante varias horas, siendo trasladados, dos de ellos, al Hospital Municipal. Concurrieron 3 dotaciones y una camioneta de apoyo. <\/p>\n\n\n\n<p>Los da\u00f1os se verificaron en gran parte del inmueble, que motivar\u00e1n las clases se dicten en otro inmueble de la ciudad. <\/p>\n\n\n\n<p>No se ha informado sobre cuales han sido las causas del incendio.<\/p>\n\n\n\n<p>El intendente municipal de Trenque Lauquen, doctor Miguel Fern\u00e1ndez que en la noche de ayer estuvo en el lugar con algunos de sus colaboradores, se comunic\u00f3 en la ma\u00f1ana de este jueves con el Director General de Escuelas, Alberto Sileoni, a qui\u00e9n le hizo saber sobre este siniestro, a la par de establecer los contactos pertinentes con el \u00e1rea de infraestructura del \u00e1rea provincial.<\/p>\n\n\n\n<p>En declaraciones que formul\u00f3 a Las Radios de Trenque Lauquen, Am 1280 y Fm 88.5, el mandatario comunal se\u00f1al\u00f3 que se evaluaba el lugar m\u00e1s adecuado para albergar a los m\u00e1s de 140 alumnos que concurren al establecimiento educativo. <\/p>\n\n\n\n<p><\/p>\n","protected":false},"excerpt":{"rendered":"<p>El siniestro que dej\u00f3 consecuencias muy serias tom\u00f3 dimensi\u00f3n cerca de las 22 horas, lo que exigi\u00f3 la presencia de Bomberos Voluntarios. Los servidores p\u00fablicos trabajaron durante varias horas, siendo trasladados, dos de ellos, al Hospital Municipal. Concurrieron 3 dotaciones y una camioneta de apoyo<\/p>\n","protected":false},"author":2,"featured_media":112133,"comment_status":"closed","ping_status":"open","sticky":false,"template":"","format":"standard","meta":{"footnotes":""},"categories":[1334],"tags":[9120],"class_list":["post-112125","post","type-post","status-publish","format-standard","has-post-thumbnail","hentry","category-inferior14","tag-se-produjo-en-la-noche-del-miercoles"],"yoast_head":"<!-- This site is optimized with the Yoast SEO plugin v23.4 - https:\/\/yoast.com\/wordpress\/plugins\/seo\/ -->\n<title>Incendio en el edificio de la Escuela 3 de Trenque Lauquen: da\u00f1os importantes - Infoecos<\/title>\n<meta name=\"robots\" content=\"index, follow, max-snippet:-1, max-image-preview:large, max-video-preview:-1\" \/>\n<link rel=\"canonical\" href=\"https:\/\/infoecos.com.ar\/index.php\/incendio-en-el-edificio-de-la-escuela-3-de-trenque-lauquen-danos-importantes\/\" \/>\n<meta property=\"og:locale\" content=\"es_ES\" \/>\n<meta property=\"og:type\" content=\"article\" \/>\n<meta property=\"og:title\" content=\"Incendio en el edificio de la Escuela 3 de Trenque Lauquen: da\u00f1os importantes - Infoecos\" \/>\n<meta property=\"og:description\" content=\"El siniestro que dej\u00f3 consecuencias muy serias tom\u00f3 dimensi\u00f3n cerca de las 22 horas, lo que exigi\u00f3 la presencia de Bomberos Voluntarios. Los servidores p\u00fablicos trabajaron durante varias horas, siendo trasladados, dos de ellos, al Hospital Municipal. Concurrieron 3 dotaciones y una camioneta de apoyo\" \/>\n<meta property=\"og:url\" content=\"https:\/\/infoecos.com.ar\/index.php\/incendio-en-el-edificio-de-la-escuela-3-de-trenque-lauquen-danos-importantes\/\" \/>\n<meta property=\"og:site_name\" content=\"Infoecos\" \/>\n<meta property=\"article:publisher\" content=\"https:\/\/www.facebook.com\/profile.php?id=100063200290284\" \/>\n<meta property=\"article:published_time\" content=\"2023-09-14T17:20:58+00:00\" \/>\n<meta property=\"article:modified_time\" content=\"2023-09-16T02:01:15+00:00\" \/>\n<meta property=\"og:image\" content=\"https:\/\/infoecos.com.ar\/wp-content\/uploads\/2023\/09\/esc11.jpg\" \/>\n\t<meta property=\"og:image:width\" content=\"1200\" \/>\n\t<meta property=\"og:image:height\" content=\"1600\" \/>\n\t<meta property=\"og:image:type\" content=\"image\/jpeg\" \/>\n<meta name=\"author\" content=\"Jorge Matheus\" \/>\n<meta name=\"twitter:card\" content=\"summary_large_image\" \/>\n<meta name=\"twitter:creator\" content=\"@infoecos\" \/>\n<meta name=\"twitter:site\" content=\"@infoecos\" \/>\n<meta name=\"twitter:label1\" content=\"Escrito por\" \/>\n\t<meta name=\"twitter:data1\" content=\"Jorge Matheus\" \/>\n\t<meta name=\"twitter:label2\" content=\"Tiempo de lectura\" \/>\n\t<meta name=\"twitter:data2\" content=\"4 minutos\" \/>\n<script type=\"application\/ld+json\" class=\"yoast-schema-graph\">{\"@context\":\"https:\/\/schema.org\",\"@graph\":[{\"@type\":\"Article\",\"@id\":\"https:\/\/infoecos.com.ar\/index.php\/incendio-en-el-edificio-de-la-escuela-3-de-trenque-lauquen-danos-importantes\/#article\",\"isPartOf\":{\"@id\":\"https:\/\/infoecos.com.ar\/index.php\/incendio-en-el-edificio-de-la-escuela-3-de-trenque-lauquen-danos-importantes\/\"},\"author\":{\"name\":\"Jorge Matheus\",\"@id\":\"https:\/\/infoecos.com.ar\/#\/schema\/person\/8f5ace5ce73b4b4aac4b7245aee6f191\"},\"headline\":\"Incendio en el edificio de la Escuela 3 de Trenque Lauquen: da\u00f1os importantes\",\"datePublished\":\"2023-09-14T17:20:58+00:00\",\"dateModified\":\"2023-09-16T02:01:15+00:00\",\"mainEntityOfPage\":{\"@id\":\"https:\/\/infoecos.com.ar\/index.php\/incendio-en-el-edificio-de-la-escuela-3-de-trenque-lauquen-danos-importantes\/\"},\"wordCount\":283,\"publisher\":{\"@id\":\"https:\/\/infoecos.com.ar\/#organization\"},\"image\":{\"@id\":\"https:\/\/infoecos.com.ar\/index.php\/incendio-en-el-edificio-de-la-escuela-3-de-trenque-lauquen-danos-importantes\/#primaryimage\"},\"thumbnailUrl\":\"https:\/\/infoecos.com.ar\/wp-content\/uploads\/2023\/09\/esc11.jpg\",\"keywords\":[\"se produjo en la noche del mi\u00e9rcoles\"],\"articleSection\":[\"Bloque inferior - 14\"],\"inLanguage\":\"es\"},{\"@type\":\"WebPage\",\"@id\":\"https:\/\/infoecos.com.ar\/index.php\/incendio-en-el-edificio-de-la-escuela-3-de-trenque-lauquen-danos-importantes\/\",\"url\":\"https:\/\/infoecos.com.ar\/index.php\/incendio-en-el-edificio-de-la-escuela-3-de-trenque-lauquen-danos-importantes\/\",\"name\":\"Incendio en el edificio de la Escuela 3 de Trenque Lauquen: da\u00f1os importantes - Infoecos\",\"isPartOf\":{\"@id\":\"https:\/\/infoecos.com.ar\/#website\"},\"primaryImageOfPage\":{\"@id\":\"https:\/\/infoecos.com.ar\/index.php\/incendio-en-el-edificio-de-la-escuela-3-de-trenque-lauquen-danos-importantes\/#primaryimage\"},\"image\":{\"@id\":\"https:\/\/infoecos.com.ar\/index.php\/incendio-en-el-edificio-de-la-escuela-3-de-trenque-lauquen-danos-importantes\/#primaryimage\"},\"thumbnailUrl\":\"https:\/\/infoecos.com.ar\/wp-content\/uploads\/2023\/09\/esc11.jpg\",\"datePublished\":\"2023-09-14T17:20:58+00:00\",\"dateModified\":\"2023-09-16T02:01:15+00:00\",\"breadcrumb\":{\"@id\":\"https:\/\/infoecos.com.ar\/index.php\/incendio-en-el-edificio-de-la-escuela-3-de-trenque-lauquen-danos-importantes\/#breadcrumb\"},\"inLanguage\":\"es\",\"potentialAction\":[{\"@type\":\"ReadAction\",\"target\":[\"https:\/\/infoecos.com.ar\/index.php\/incendio-en-el-edificio-de-la-escuela-3-de-trenque-lauquen-danos-importantes\/\"]}]},{\"@type\":\"ImageObject\",\"inLanguage\":\"es\",\"@id\":\"https:\/\/infoecos.com.ar\/index.php\/incendio-en-el-edificio-de-la-escuela-3-de-trenque-lauquen-danos-importantes\/#primaryimage\",\"url\":\"https:\/\/infoecos.com.ar\/wp-content\/uploads\/2023\/09\/esc11.jpg\",\"contentUrl\":\"https:\/\/infoecos.com.ar\/wp-content\/uploads\/2023\/09\/esc11.jpg\",\"width\":1200,\"height\":1600},{\"@type\":\"BreadcrumbList\",\"@id\":\"https:\/\/infoecos.com.ar\/index.php\/incendio-en-el-edificio-de-la-escuela-3-de-trenque-lauquen-danos-importantes\/#breadcrumb\",\"itemListElement\":[{\"@type\":\"ListItem\",\"position\":1,\"name\":\"Portada\",\"item\":\"https:\/\/infoecos.com.ar\/\"},{\"@type\":\"ListItem\",\"position\":2,\"name\":\"Incendio en el edificio de la Escuela 3 de Trenque Lauquen: da\u00f1os importantes\"}]},{\"@type\":\"WebSite\",\"@id\":\"https:\/\/infoecos.com.ar\/#website\",\"url\":\"https:\/\/infoecos.com.ar\/\",\"name\":\"Infoecos\",\"description\":\"Noticias de trenque lauquen y la zona\",\"publisher\":{\"@id\":\"https:\/\/infoecos.com.ar\/#organization\"},\"alternateName\":\"Noticias\",\"potentialAction\":[{\"@type\":\"SearchAction\",\"target\":{\"@type\":\"EntryPoint\",\"urlTemplate\":\"https:\/\/infoecos.com.ar\/?s={search_term_string}\"},\"query-input\":{\"@type\":\"PropertyValueSpecification\",\"valueRequired\":true,\"valueName\":\"search_term_string\"}}],\"inLanguage\":\"es\"},{\"@type\":\"Organization\",\"@id\":\"https:\/\/infoecos.com.ar\/#organization\",\"name\":\"Infoecos\",\"alternateName\":\"Noticias\",\"url\":\"https:\/\/infoecos.com.ar\/\",\"logo\":{\"@type\":\"ImageObject\",\"inLanguage\":\"es\",\"@id\":\"https:\/\/infoecos.com.ar\/#\/schema\/logo\/image\/\",\"url\":\"https:\/\/infoecos.com.ar\/wp-content\/uploads\/2024\/03\/cropped-logo.png\",\"contentUrl\":\"https:\/\/infoecos.com.ar\/wp-content\/uploads\/2024\/03\/cropped-logo.png\",\"width\":374,\"height\":90,\"caption\":\"Infoecos\"},\"image\":{\"@id\":\"https:\/\/infoecos.com.ar\/#\/schema\/logo\/image\/\"},\"sameAs\":[\"https:\/\/www.facebook.com\/profile.php?id=100063200290284\",\"https:\/\/x.com\/infoecos\"]},{\"@type\":\"Person\",\"@id\":\"https:\/\/infoecos.com.ar\/#\/schema\/person\/8f5ace5ce73b4b4aac4b7245aee6f191\",\"name\":\"Jorge Matheus\",\"url\":\"https:\/\/infoecos.com.ar\/index.php\/author\/jomatheus\/\"}]}<\/script>\n<!-- \/ Yoast SEO plugin. -->","yoast_head_json":{"title":"Incendio en el edificio de la Escuela 3 de Trenque Lauquen: da\u00f1os importantes - Infoecos","robots":{"index":"index","follow":"follow","max-snippet":"max-snippet:-1","max-image-preview":"max-image-preview:large","max-video-preview":"max-video-preview:-1"},"canonical":"https:\/\/infoecos.com.ar\/index.php\/incendio-en-el-edificio-de-la-escuela-3-de-trenque-lauquen-danos-importantes\/","og_locale":"es_ES","og_type":"article","og_title":"Incendio en el edificio de la Escuela 3 de Trenque Lauquen: da\u00f1os importantes - Infoecos","og_description":"El siniestro que dej\u00f3 consecuencias muy serias tom\u00f3 dimensi\u00f3n cerca de las 22 horas, lo que exigi\u00f3 la presencia de Bomberos Voluntarios. Los servidores p\u00fablicos trabajaron durante varias horas, siendo trasladados, dos de ellos, al Hospital Municipal. Concurrieron 3 dotaciones y una camioneta de apoyo","og_url":"https:\/\/infoecos.com.ar\/index.php\/incendio-en-el-edificio-de-la-escuela-3-de-trenque-lauquen-danos-importantes\/","og_site_name":"Infoecos","article_publisher":"https:\/\/www.facebook.com\/profile.php?id=100063200290284","article_published_time":"2023-09-14T17:20:58+00:00","article_modified_time":"2023-09-16T02:01:15+00:00","og_image":[{"width":1200,"height":1600,"url":"https:\/\/infoecos.com.ar\/wp-content\/uploads\/2023\/09\/esc11.jpg","type":"image\/jpeg"}],"author":"Jorge Matheus","twitter_card":"summary_large_image","twitter_creator":"@infoecos","twitter_site":"@infoecos","twitter_misc":{"Escrito por":"Jorge Matheus","Tiempo de lectura":"4 minutos"},"schema":{"@context":"https:\/\/schema.org","@graph":[{"@type":"Article","@id":"https:\/\/infoecos.com.ar\/index.php\/incendio-en-el-edificio-de-la-escuela-3-de-trenque-lauquen-danos-importantes\/#article","isPartOf":{"@id":"https:\/\/infoecos.com.ar\/index.php\/incendio-en-el-edificio-de-la-escuela-3-de-trenque-lauquen-danos-importantes\/"},"author":{"name":"Jorge Matheus","@id":"https:\/\/infoecos.com.ar\/#\/schema\/person\/8f5ace5ce73b4b4aac4b7245aee6f191"},"headline":"Incendio en el edificio de la Escuela 3 de Trenque Lauquen: da\u00f1os importantes","datePublished":"2023-09-14T17:20:58+00:00","dateModified":"2023-09-16T02:01:15+00:00","mainEntityOfPage":{"@id":"https:\/\/infoecos.com.ar\/index.php\/incendio-en-el-edificio-de-la-escuela-3-de-trenque-lauquen-danos-importantes\/"},"wordCount":283,"publisher":{"@id":"https:\/\/infoecos.com.ar\/#organization"},"image":{"@id":"https:\/\/infoecos.com.ar\/index.php\/incendio-en-el-edificio-de-la-escuela-3-de-trenque-lauquen-danos-importantes\/#primaryimage"},"thumbnailUrl":"https:\/\/infoecos.com.ar\/wp-content\/uploads\/2023\/09\/esc11.jpg","keywords":["se produjo en la noche del mi\u00e9rcoles"],"articleSection":["Bloque inferior - 14"],"inLanguage":"es"},{"@type":"WebPage","@id":"https:\/\/infoecos.com.ar\/index.php\/incendio-en-el-edificio-de-la-escuela-3-de-trenque-lauquen-danos-importantes\/","url":"https:\/\/infoecos.com.ar\/index.php\/incendio-en-el-edificio-de-la-escuela-3-de-trenque-lauquen-danos-importantes\/","name":"Incendio en el edificio de la Escuela 3 de Trenque Lauquen: da\u00f1os importantes - Infoecos","isPartOf":{"@id":"https:\/\/infoecos.com.ar\/#website"},"primaryImageOfPage":{"@id":"https:\/\/infoecos.com.ar\/index.php\/incendio-en-el-edificio-de-la-escuela-3-de-trenque-lauquen-danos-importantes\/#primaryimage"},"image":{"@id":"https:\/\/infoecos.com.ar\/index.php\/incendio-en-el-edificio-de-la-escuela-3-de-trenque-lauquen-danos-importantes\/#primaryimage"},"thumbnailUrl":"https:\/\/infoecos.com.ar\/wp-content\/uploads\/2023\/09\/esc11.jpg","datePublished":"2023-09-14T17:20:58+00:00","dateModified":"2023-09-16T02:01:15+00:00","breadcrumb":{"@id":"https:\/\/infoecos.com.ar\/index.php\/incendio-en-el-edificio-de-la-escuela-3-de-trenque-lauquen-danos-importantes\/#breadcrumb"},"inLanguage":"es","potentialAction":[{"@type":"ReadAction","target":["https:\/\/infoecos.com.ar\/index.php\/incendio-en-el-edificio-de-la-escuela-3-de-trenque-lauquen-danos-importantes\/"]}]},{"@type":"ImageObject","inLanguage":"es","@id":"https:\/\/infoecos.com.ar\/index.php\/incendio-en-el-edificio-de-la-escuela-3-de-trenque-lauquen-danos-importantes\/#primaryimage","url":"https:\/\/infoecos.com.ar\/wp-content\/uploads\/2023\/09\/esc11.jpg","contentUrl":"https:\/\/infoecos.com.ar\/wp-content\/uploads\/2023\/09\/esc11.jpg","width":1200,"height":1600},{"@type":"BreadcrumbList","@id":"https:\/\/infoecos.com.ar\/index.php\/incendio-en-el-edificio-de-la-escuela-3-de-trenque-lauquen-danos-importantes\/#breadcrumb","itemListElement":[{"@type":"ListItem","position":1,"name":"Portada","item":"https:\/\/infoecos.com.ar\/"},{"@type":"ListItem","position":2,"name":"Incendio en el edificio de la Escuela 3 de Trenque Lauquen: da\u00f1os importantes"}]},{"@type":"WebSite","@id":"https:\/\/infoecos.com.ar\/#website","url":"https:\/\/infoecos.com.ar\/","name":"Infoecos","description":"Noticias de trenque lauquen y la zona","publisher":{"@id":"https:\/\/infoecos.com.ar\/#organization"},"alternateName":"Noticias","potentialAction":[{"@type":"SearchAction","target":{"@type":"EntryPoint","urlTemplate":"https:\/\/infoecos.com.ar\/?s={search_term_string}"},"query-input":{"@type":"PropertyValueSpecification","valueRequired":true,"valueName":"search_term_string"}}],"inLanguage":"es"},{"@type":"Organization","@id":"https:\/\/infoecos.com.ar\/#organization","name":"Infoecos","alternateName":"Noticias","url":"https:\/\/infoecos.com.ar\/","logo":{"@type":"ImageObject","inLanguage":"es","@id":"https:\/\/infoecos.com.ar\/#\/schema\/logo\/image\/","url":"https:\/\/infoecos.com.ar\/wp-content\/uploads\/2024\/03\/cropped-logo.png","contentUrl":"https:\/\/infoecos.com.ar\/wp-content\/uploads\/2024\/03\/cropped-logo.png","width":374,"height":90,"caption":"Infoecos"},"image":{"@id":"https:\/\/infoecos.com.ar\/#\/schema\/logo\/image\/"},"sameAs":["https:\/\/www.facebook.com\/profile.php?id=100063200290284","https:\/\/x.com\/infoecos"]},{"@type":"Person","@id":"https:\/\/infoecos.com.ar\/#\/schema\/person\/8f5ace5ce73b4b4aac4b7245aee6f191","name":"Jorge Matheus","url":"https:\/\/infoecos.com.ar\/index.php\/author\/jomatheus\/"}]}},"featured_image_urls":{"full":["https:\/\/infoecos.com.ar\/wp-content\/uploads\/2023\/09\/esc11.jpg",1200,1600,false],"thumbnail":["https:\/\/infoecos.com.ar\/wp-content\/uploads\/2023\/09\/esc11-300x150.jpg",300,150,true],"medium":["https:\/\/infoecos.com.ar\/wp-content\/uploads\/2023\/09\/esc11-600x800.jpg",600,800,true],"medium_large":["https:\/\/infoecos.com.ar\/wp-content\/uploads\/2023\/09\/esc11-768x1024.jpg",640,853,true],"large":["https:\/\/infoecos.com.ar\/wp-content\/uploads\/2023\/09\/esc11.jpg",640,853,false],"1536x1536":["https:\/\/infoecos.com.ar\/wp-content\/uploads\/2023\/09\/esc11-1152x1536.jpg",1152,1536,true],"2048x2048":["https:\/\/infoecos.com.ar\/wp-content\/uploads\/2023\/09\/esc11.jpg",1200,1600,false],"covernews-slider-full":["https:\/\/infoecos.com.ar\/wp-content\/uploads\/2023\/09\/esc11-1200x1020.jpg",841,715,true],"covernews-slider-center":["https:\/\/infoecos.com.ar\/wp-content\/uploads\/2023\/09\/esc11-936x897.jpg",522,500,true],"covernews-featured":["https:\/\/infoecos.com.ar\/wp-content\/uploads\/2023\/09\/esc11-1024x1365.jpg",1024,1365,true],"covernews-medium":["https:\/\/infoecos.com.ar\/wp-content\/uploads\/2023\/09\/esc11-720x380.jpg",540,285,true],"covernews-medium-square":["https:\/\/infoecos.com.ar\/wp-content\/uploads\/2023\/09\/esc11-675x450.jpg",375,250,true]},"author_info":{"info":["Jorge Matheus"]},"category_info":"<a href=\"https:\/\/infoecos.com.ar\/index.php\/category\/inferior14\/\" rel=\"category tag\">Bloque inferior - 14<\/a>","tag_info":"Bloque inferior - 14","comment_count":"0","_links":{"self":[{"href":"https:\/\/infoecos.com.ar\/index.php\/wp-json\/wp\/v2\/posts\/112125"}],"collection":[{"href":"https:\/\/infoecos.com.ar\/index.php\/wp-json\/wp\/v2\/posts"}],"about":[{"href":"https:\/\/infoecos.com.ar\/index.php\/wp-json\/wp\/v2\/types\/post"}],"author":[{"embeddable":true,"href":"https:\/\/infoecos.com.ar\/index.php\/wp-json\/wp\/v2\/users\/2"}],"replies":[{"embeddable":true,"href":"https:\/\/infoecos.com.ar\/index.php\/wp-json\/wp\/v2\/comments?post=112125"}],"version-history":[{"count":1,"href":"https:\/\/infoecos.com.ar\/index.php\/wp-json\/wp\/v2\/posts\/112125\/revisions"}],"predecessor-version":[{"id":112137,"href":"https:\/\/infoecos.com.ar\/index.php\/wp-json\/wp\/v2\/posts\/112125\/revisions\/112137"}],"wp:featuredmedia":[{"embeddable":true,"href":"https:\/\/infoecos.com.ar\/index.php\/wp-json\/wp\/v2\/media\/112133"}],"wp:attachment":[{"href":"https:\/\/infoecos.com.ar\/index.php\/wp-json\/wp\/v2\/media?parent=112125"}],"wp:term":[{"taxonomy":"category","embeddable":true,"href":"https:\/\/infoecos.com.ar\/index.php\/wp-json\/wp\/v2\/categories?post=112125"},{"taxonomy":"post_tag","embeddable":true,"href":"https:\/\/infoecos.com.ar\/index.php\/wp-json\/wp\/v2\/tags?post=112125"}],"curies":[{"name":"wp","href":"https:\/\/api.w.org\/{rel}","templated":true}]}}