{"id":112141,"date":"2023-09-14T18:38:20","date_gmt":"2023-09-14T21:38:20","guid":{"rendered":"https:\/\/infoecos.com.ar\/?p=112141"},"modified":"2023-09-15T01:28:59","modified_gmt":"2023-09-15T04:28:59","slug":"otra-estafa-via-aplicaciones-y-red-social-le-sacaron-71-600","status":"publish","type":"post","link":"https:\/\/infoecos.com.ar\/index.php\/otra-estafa-via-aplicaciones-y-red-social-le-sacaron-71-600\/","title":{"rendered":"Otra estafa v\u00eda aplicaciones y red social: le sacaron 71.600 $"},"content":{"rendered":"\n<p>Un vecino de Trenque Lauquen, fue estafado a ra\u00edz de haber establecido un contacto v\u00eda WhatsApp (Tel\u00e9fono: 1176149979) e Instagram para realizar la compra de indumentaria de campo.<\/p>\n\n\n\n<figure class=\"wp-block-image aligncenter size-large is-resized\"><img loading=\"lazy\" decoding=\"async\" src=\"https:\/\/infoecos.com.ar\/wp-content\/uploads\/2023\/08\/image-151-1600x900.png\" alt=\"\" class=\"wp-image-110800\" width=\"423\" height=\"237\" srcset=\"https:\/\/infoecos.com.ar\/wp-content\/uploads\/2023\/08\/image-151-1600x900.png 1600w, https:\/\/infoecos.com.ar\/wp-content\/uploads\/2023\/08\/image-151-800x450.png 800w, https:\/\/infoecos.com.ar\/wp-content\/uploads\/2023\/08\/image-151-768x432.png 768w, https:\/\/infoecos.com.ar\/wp-content\/uploads\/2023\/08\/image-151-1536x864.png 1536w, https:\/\/infoecos.com.ar\/wp-content\/uploads\/2023\/08\/image-151-1024x576.png 1024w, https:\/\/infoecos.com.ar\/wp-content\/uploads\/2023\/08\/image-151.png 1706w\" sizes=\"(max-width: 423px) 100vw, 423px\" \/><\/figure>\n\n\n\n<p>La informaci\u00f3n policial da cuenta que denunci\u00f3 haber transferido $71.600, mediante mercado pago, a nombre de <strong>Gabriela Abigail Gois<\/strong>. Se le inform\u00f3 que recibir\u00eda el comprobante de la operaci\u00f3n comercial realizada. Nunca recibi\u00f3 constancia alguna y no pudo volver a comunicarse m\u00e1s. <\/p>\n\n\n\n<p>Se inici\u00f3 una causa penal caratulada estafa. Interviene la Fiscal\u00eda N\u00b0 5 Departamental.<\/p>\n","protected":false},"excerpt":{"rendered":"<p>A ra\u00edz de haber establecido un contacto v\u00eda WhatsApp (Tel\u00e9fono: 1176149979) e Instagram para realizar la compra de indumentaria de campo<\/p>\n","protected":false},"author":2,"featured_media":111601,"comment_status":"closed","ping_status":"open","sticky":false,"template":"","format":"standard","meta":{"footnotes":""},"categories":[197],"tags":[6133],"class_list":["post-112141","post","type-post","status-publish","format-standard","has-post-thumbnail","hentry","category-c3nota4","tag-policial-t-lauquen"],"yoast_head":"<!-- This site is optimized with the Yoast SEO plugin v23.4 - https:\/\/yoast.com\/wordpress\/plugins\/seo\/ -->\n<title>Otra estafa v\u00eda aplicaciones y red social: le sacaron 71.600 $ - Infoecos<\/title>\n<meta name=\"robots\" content=\"index, follow, max-snippet:-1, max-image-preview:large, max-video-preview:-1\" \/>\n<link rel=\"canonical\" href=\"https:\/\/infoecos.com.ar\/index.php\/otra-estafa-via-aplicaciones-y-red-social-le-sacaron-71-600\/\" \/>\n<meta property=\"og:locale\" content=\"es_ES\" \/>\n<meta property=\"og:type\" content=\"article\" \/>\n<meta property=\"og:title\" content=\"Otra estafa v\u00eda aplicaciones y red social: le sacaron 71.600 $ - Infoecos\" \/>\n<meta property=\"og:description\" content=\"A ra\u00edz de haber establecido un contacto v\u00eda WhatsApp (Tel\u00e9fono: 1176149979) e Instagram para realizar la compra de indumentaria de campo\" \/>\n<meta property=\"og:url\" content=\"https:\/\/infoecos.com.ar\/index.php\/otra-estafa-via-aplicaciones-y-red-social-le-sacaron-71-600\/\" \/>\n<meta property=\"og:site_name\" content=\"Infoecos\" \/>\n<meta property=\"article:publisher\" content=\"https:\/\/www.facebook.com\/profile.php?id=100063200290284\" \/>\n<meta property=\"article:published_time\" content=\"2023-09-14T21:38:20+00:00\" \/>\n<meta property=\"article:modified_time\" content=\"2023-09-15T04:28:59+00:00\" \/>\n<meta property=\"og:image\" content=\"https:\/\/infoecos.com.ar\/wp-content\/uploads\/2023\/09\/cbb46864-9bb1-4214-9605-c72192f3dde0.jpg\" \/>\n\t<meta property=\"og:image:width\" content=\"900\" \/>\n\t<meta property=\"og:image:height\" content=\"1600\" \/>\n\t<meta property=\"og:image:type\" content=\"image\/jpeg\" \/>\n<meta name=\"author\" content=\"Jorge Matheus\" \/>\n<meta name=\"twitter:card\" content=\"summary_large_image\" \/>\n<meta name=\"twitter:creator\" content=\"@infoecos\" \/>\n<meta name=\"twitter:site\" content=\"@infoecos\" \/>\n<meta name=\"twitter:label1\" content=\"Escrito por\" \/>\n\t<meta name=\"twitter:data1\" content=\"Jorge Matheus\" \/>\n\t<meta name=\"twitter:label2\" content=\"Tiempo de lectura\" \/>\n\t<meta name=\"twitter:data2\" content=\"1 minuto\" \/>\n<script type=\"application\/ld+json\" class=\"yoast-schema-graph\">{\"@context\":\"https:\/\/schema.org\",\"@graph\":[{\"@type\":\"Article\",\"@id\":\"https:\/\/infoecos.com.ar\/index.php\/otra-estafa-via-aplicaciones-y-red-social-le-sacaron-71-600\/#article\",\"isPartOf\":{\"@id\":\"https:\/\/infoecos.com.ar\/index.php\/otra-estafa-via-aplicaciones-y-red-social-le-sacaron-71-600\/\"},\"author\":{\"name\":\"Jorge Matheus\",\"@id\":\"https:\/\/infoecos.com.ar\/#\/schema\/person\/8f5ace5ce73b4b4aac4b7245aee6f191\"},\"headline\":\"Otra estafa v\u00eda aplicaciones y red social: le sacaron 71.600 $\",\"datePublished\":\"2023-09-14T21:38:20+00:00\",\"dateModified\":\"2023-09-15T04:28:59+00:00\",\"mainEntityOfPage\":{\"@id\":\"https:\/\/infoecos.com.ar\/index.php\/otra-estafa-via-aplicaciones-y-red-social-le-sacaron-71-600\/\"},\"wordCount\":98,\"publisher\":{\"@id\":\"https:\/\/infoecos.com.ar\/#organization\"},\"image\":{\"@id\":\"https:\/\/infoecos.com.ar\/index.php\/otra-estafa-via-aplicaciones-y-red-social-le-sacaron-71-600\/#primaryimage\"},\"thumbnailUrl\":\"https:\/\/infoecos.com.ar\/wp-content\/uploads\/2023\/09\/cbb46864-9bb1-4214-9605-c72192f3dde0.jpg\",\"keywords\":[\"POLICIAL - T.LAUQUEN\"],\"articleSection\":[\"C3 N4\"],\"inLanguage\":\"es\"},{\"@type\":\"WebPage\",\"@id\":\"https:\/\/infoecos.com.ar\/index.php\/otra-estafa-via-aplicaciones-y-red-social-le-sacaron-71-600\/\",\"url\":\"https:\/\/infoecos.com.ar\/index.php\/otra-estafa-via-aplicaciones-y-red-social-le-sacaron-71-600\/\",\"name\":\"Otra estafa v\u00eda aplicaciones y red social: le sacaron 71.600 $ - Infoecos\",\"isPartOf\":{\"@id\":\"https:\/\/infoecos.com.ar\/#website\"},\"primaryImageOfPage\":{\"@id\":\"https:\/\/infoecos.com.ar\/index.php\/otra-estafa-via-aplicaciones-y-red-social-le-sacaron-71-600\/#primaryimage\"},\"image\":{\"@id\":\"https:\/\/infoecos.com.ar\/index.php\/otra-estafa-via-aplicaciones-y-red-social-le-sacaron-71-600\/#primaryimage\"},\"thumbnailUrl\":\"https:\/\/infoecos.com.ar\/wp-content\/uploads\/2023\/09\/cbb46864-9bb1-4214-9605-c72192f3dde0.jpg\",\"datePublished\":\"2023-09-14T21:38:20+00:00\",\"dateModified\":\"2023-09-15T04:28:59+00:00\",\"breadcrumb\":{\"@id\":\"https:\/\/infoecos.com.ar\/index.php\/otra-estafa-via-aplicaciones-y-red-social-le-sacaron-71-600\/#breadcrumb\"},\"inLanguage\":\"es\",\"potentialAction\":[{\"@type\":\"ReadAction\",\"target\":[\"https:\/\/infoecos.com.ar\/index.php\/otra-estafa-via-aplicaciones-y-red-social-le-sacaron-71-600\/\"]}]},{\"@type\":\"ImageObject\",\"inLanguage\":\"es\",\"@id\":\"https:\/\/infoecos.com.ar\/index.php\/otra-estafa-via-aplicaciones-y-red-social-le-sacaron-71-600\/#primaryimage\",\"url\":\"https:\/\/infoecos.com.ar\/wp-content\/uploads\/2023\/09\/cbb46864-9bb1-4214-9605-c72192f3dde0.jpg\",\"contentUrl\":\"https:\/\/infoecos.com.ar\/wp-content\/uploads\/2023\/09\/cbb46864-9bb1-4214-9605-c72192f3dde0.jpg\",\"width\":900,\"height\":1600},{\"@type\":\"BreadcrumbList\",\"@id\":\"https:\/\/infoecos.com.ar\/index.php\/otra-estafa-via-aplicaciones-y-red-social-le-sacaron-71-600\/#breadcrumb\",\"itemListElement\":[{\"@type\":\"ListItem\",\"position\":1,\"name\":\"Portada\",\"item\":\"https:\/\/infoecos.com.ar\/\"},{\"@type\":\"ListItem\",\"position\":2,\"name\":\"Otra estafa v\u00eda aplicaciones y red social: le sacaron 71.600 $\"}]},{\"@type\":\"WebSite\",\"@id\":\"https:\/\/infoecos.com.ar\/#website\",\"url\":\"https:\/\/infoecos.com.ar\/\",\"name\":\"Infoecos\",\"description\":\"Noticias de trenque lauquen y la zona\",\"publisher\":{\"@id\":\"https:\/\/infoecos.com.ar\/#organization\"},\"alternateName\":\"Noticias\",\"potentialAction\":[{\"@type\":\"SearchAction\",\"target\":{\"@type\":\"EntryPoint\",\"urlTemplate\":\"https:\/\/infoecos.com.ar\/?s={search_term_string}\"},\"query-input\":{\"@type\":\"PropertyValueSpecification\",\"valueRequired\":true,\"valueName\":\"search_term_string\"}}],\"inLanguage\":\"es\"},{\"@type\":\"Organization\",\"@id\":\"https:\/\/infoecos.com.ar\/#organization\",\"name\":\"Infoecos\",\"alternateName\":\"Noticias\",\"url\":\"https:\/\/infoecos.com.ar\/\",\"logo\":{\"@type\":\"ImageObject\",\"inLanguage\":\"es\",\"@id\":\"https:\/\/infoecos.com.ar\/#\/schema\/logo\/image\/\",\"url\":\"https:\/\/infoecos.com.ar\/wp-content\/uploads\/2024\/03\/cropped-logo.png\",\"contentUrl\":\"https:\/\/infoecos.com.ar\/wp-content\/uploads\/2024\/03\/cropped-logo.png\",\"width\":374,\"height\":90,\"caption\":\"Infoecos\"},\"image\":{\"@id\":\"https:\/\/infoecos.com.ar\/#\/schema\/logo\/image\/\"},\"sameAs\":[\"https:\/\/www.facebook.com\/profile.php?id=100063200290284\",\"https:\/\/x.com\/infoecos\"]},{\"@type\":\"Person\",\"@id\":\"https:\/\/infoecos.com.ar\/#\/schema\/person\/8f5ace5ce73b4b4aac4b7245aee6f191\",\"name\":\"Jorge Matheus\",\"url\":\"https:\/\/infoecos.com.ar\/index.php\/author\/jomatheus\/\"}]}<\/script>\n<!-- \/ Yoast SEO plugin. -->","yoast_head_json":{"title":"Otra estafa v\u00eda aplicaciones y red social: le sacaron 71.600 $ - Infoecos","robots":{"index":"index","follow":"follow","max-snippet":"max-snippet:-1","max-image-preview":"max-image-preview:large","max-video-preview":"max-video-preview:-1"},"canonical":"https:\/\/infoecos.com.ar\/index.php\/otra-estafa-via-aplicaciones-y-red-social-le-sacaron-71-600\/","og_locale":"es_ES","og_type":"article","og_title":"Otra estafa v\u00eda aplicaciones y red social: le sacaron 71.600 $ - Infoecos","og_description":"A ra\u00edz de haber establecido un contacto v\u00eda WhatsApp (Tel\u00e9fono: 1176149979) e Instagram para realizar la compra de indumentaria de campo","og_url":"https:\/\/infoecos.com.ar\/index.php\/otra-estafa-via-aplicaciones-y-red-social-le-sacaron-71-600\/","og_site_name":"Infoecos","article_publisher":"https:\/\/www.facebook.com\/profile.php?id=100063200290284","article_published_time":"2023-09-14T21:38:20+00:00","article_modified_time":"2023-09-15T04:28:59+00:00","og_image":[{"width":900,"height":1600,"url":"https:\/\/infoecos.com.ar\/wp-content\/uploads\/2023\/09\/cbb46864-9bb1-4214-9605-c72192f3dde0.jpg","type":"image\/jpeg"}],"author":"Jorge Matheus","twitter_card":"summary_large_image","twitter_creator":"@infoecos","twitter_site":"@infoecos","twitter_misc":{"Escrito por":"Jorge Matheus","Tiempo de lectura":"1 minuto"},"schema":{"@context":"https:\/\/schema.org","@graph":[{"@type":"Article","@id":"https:\/\/infoecos.com.ar\/index.php\/otra-estafa-via-aplicaciones-y-red-social-le-sacaron-71-600\/#article","isPartOf":{"@id":"https:\/\/infoecos.com.ar\/index.php\/otra-estafa-via-aplicaciones-y-red-social-le-sacaron-71-600\/"},"author":{"name":"Jorge Matheus","@id":"https:\/\/infoecos.com.ar\/#\/schema\/person\/8f5ace5ce73b4b4aac4b7245aee6f191"},"headline":"Otra estafa v\u00eda aplicaciones y red social: le sacaron 71.600 $","datePublished":"2023-09-14T21:38:20+00:00","dateModified":"2023-09-15T04:28:59+00:00","mainEntityOfPage":{"@id":"https:\/\/infoecos.com.ar\/index.php\/otra-estafa-via-aplicaciones-y-red-social-le-sacaron-71-600\/"},"wordCount":98,"publisher":{"@id":"https:\/\/infoecos.com.ar\/#organization"},"image":{"@id":"https:\/\/infoecos.com.ar\/index.php\/otra-estafa-via-aplicaciones-y-red-social-le-sacaron-71-600\/#primaryimage"},"thumbnailUrl":"https:\/\/infoecos.com.ar\/wp-content\/uploads\/2023\/09\/cbb46864-9bb1-4214-9605-c72192f3dde0.jpg","keywords":["POLICIAL - T.LAUQUEN"],"articleSection":["C3 N4"],"inLanguage":"es"},{"@type":"WebPage","@id":"https:\/\/infoecos.com.ar\/index.php\/otra-estafa-via-aplicaciones-y-red-social-le-sacaron-71-600\/","url":"https:\/\/infoecos.com.ar\/index.php\/otra-estafa-via-aplicaciones-y-red-social-le-sacaron-71-600\/","name":"Otra estafa v\u00eda aplicaciones y red social: le sacaron 71.600 $ - Infoecos","isPartOf":{"@id":"https:\/\/infoecos.com.ar\/#website"},"primaryImageOfPage":{"@id":"https:\/\/infoecos.com.ar\/index.php\/otra-estafa-via-aplicaciones-y-red-social-le-sacaron-71-600\/#primaryimage"},"image":{"@id":"https:\/\/infoecos.com.ar\/index.php\/otra-estafa-via-aplicaciones-y-red-social-le-sacaron-71-600\/#primaryimage"},"thumbnailUrl":"https:\/\/infoecos.com.ar\/wp-content\/uploads\/2023\/09\/cbb46864-9bb1-4214-9605-c72192f3dde0.jpg","datePublished":"2023-09-14T21:38:20+00:00","dateModified":"2023-09-15T04:28:59+00:00","breadcrumb":{"@id":"https:\/\/infoecos.com.ar\/index.php\/otra-estafa-via-aplicaciones-y-red-social-le-sacaron-71-600\/#breadcrumb"},"inLanguage":"es","potentialAction":[{"@type":"ReadAction","target":["https:\/\/infoecos.com.ar\/index.php\/otra-estafa-via-aplicaciones-y-red-social-le-sacaron-71-600\/"]}]},{"@type":"ImageObject","inLanguage":"es","@id":"https:\/\/infoecos.com.ar\/index.php\/otra-estafa-via-aplicaciones-y-red-social-le-sacaron-71-600\/#primaryimage","url":"https:\/\/infoecos.com.ar\/wp-content\/uploads\/2023\/09\/cbb46864-9bb1-4214-9605-c72192f3dde0.jpg","contentUrl":"https:\/\/infoecos.com.ar\/wp-content\/uploads\/2023\/09\/cbb46864-9bb1-4214-9605-c72192f3dde0.jpg","width":900,"height":1600},{"@type":"BreadcrumbList","@id":"https:\/\/infoecos.com.ar\/index.php\/otra-estafa-via-aplicaciones-y-red-social-le-sacaron-71-600\/#breadcrumb","itemListElement":[{"@type":"ListItem","position":1,"name":"Portada","item":"https:\/\/infoecos.com.ar\/"},{"@type":"ListItem","position":2,"name":"Otra estafa v\u00eda aplicaciones y red social: le sacaron 71.600 $"}]},{"@type":"WebSite","@id":"https:\/\/infoecos.com.ar\/#website","url":"https:\/\/infoecos.com.ar\/","name":"Infoecos","description":"Noticias de trenque lauquen y la zona","publisher":{"@id":"https:\/\/infoecos.com.ar\/#organization"},"alternateName":"Noticias","potentialAction":[{"@type":"SearchAction","target":{"@type":"EntryPoint","urlTemplate":"https:\/\/infoecos.com.ar\/?s={search_term_string}"},"query-input":{"@type":"PropertyValueSpecification","valueRequired":true,"valueName":"search_term_string"}}],"inLanguage":"es"},{"@type":"Organization","@id":"https:\/\/infoecos.com.ar\/#organization","name":"Infoecos","alternateName":"Noticias","url":"https:\/\/infoecos.com.ar\/","logo":{"@type":"ImageObject","inLanguage":"es","@id":"https:\/\/infoecos.com.ar\/#\/schema\/logo\/image\/","url":"https:\/\/infoecos.com.ar\/wp-content\/uploads\/2024\/03\/cropped-logo.png","contentUrl":"https:\/\/infoecos.com.ar\/wp-content\/uploads\/2024\/03\/cropped-logo.png","width":374,"height":90,"caption":"Infoecos"},"image":{"@id":"https:\/\/infoecos.com.ar\/#\/schema\/logo\/image\/"},"sameAs":["https:\/\/www.facebook.com\/profile.php?id=100063200290284","https:\/\/x.com\/infoecos"]},{"@type":"Person","@id":"https:\/\/infoecos.com.ar\/#\/schema\/person\/8f5ace5ce73b4b4aac4b7245aee6f191","name":"Jorge Matheus","url":"https:\/\/infoecos.com.ar\/index.php\/author\/jomatheus\/"}]}},"featured_image_urls":{"full":["https:\/\/infoecos.com.ar\/wp-content\/uploads\/2023\/09\/cbb46864-9bb1-4214-9605-c72192f3dde0.jpg",900,1600,false],"thumbnail":["https:\/\/infoecos.com.ar\/wp-content\/uploads\/2023\/09\/cbb46864-9bb1-4214-9605-c72192f3dde0-300x150.jpg",300,150,true],"medium":["https:\/\/infoecos.com.ar\/wp-content\/uploads\/2023\/09\/cbb46864-9bb1-4214-9605-c72192f3dde0-450x800.jpg",450,800,true],"medium_large":["https:\/\/infoecos.com.ar\/wp-content\/uploads\/2023\/09\/cbb46864-9bb1-4214-9605-c72192f3dde0-768x1365.jpg",640,1138,true],"large":["https:\/\/infoecos.com.ar\/wp-content\/uploads\/2023\/09\/cbb46864-9bb1-4214-9605-c72192f3dde0.jpg",640,1138,false],"1536x1536":["https:\/\/infoecos.com.ar\/wp-content\/uploads\/2023\/09\/cbb46864-9bb1-4214-9605-c72192f3dde0-864x1536.jpg",864,1536,true],"2048x2048":["https:\/\/infoecos.com.ar\/wp-content\/uploads\/2023\/09\/cbb46864-9bb1-4214-9605-c72192f3dde0.jpg",900,1600,false],"covernews-slider-full":["https:\/\/infoecos.com.ar\/wp-content\/uploads\/2023\/09\/cbb46864-9bb1-4214-9605-c72192f3dde0-900x1020.jpg",631,715,true],"covernews-slider-center":["https:\/\/infoecos.com.ar\/wp-content\/uploads\/2023\/09\/cbb46864-9bb1-4214-9605-c72192f3dde0-900x897.jpg",502,500,true],"covernews-featured":["https:\/\/infoecos.com.ar\/wp-content\/uploads\/2023\/09\/cbb46864-9bb1-4214-9605-c72192f3dde0.jpg",900,1600,false],"covernews-medium":["https:\/\/infoecos.com.ar\/wp-content\/uploads\/2023\/09\/cbb46864-9bb1-4214-9605-c72192f3dde0-720x380.jpg",540,285,true],"covernews-medium-square":["https:\/\/infoecos.com.ar\/wp-content\/uploads\/2023\/09\/cbb46864-9bb1-4214-9605-c72192f3dde0-675x450.jpg",375,250,true]},"author_info":{"info":["Jorge Matheus"]},"category_info":"<a href=\"https:\/\/infoecos.com.ar\/index.php\/category\/c3nota4\/\" rel=\"category tag\">C3 N4<\/a>","tag_info":"C3 N4","comment_count":"0","_links":{"self":[{"href":"https:\/\/infoecos.com.ar\/index.php\/wp-json\/wp\/v2\/posts\/112141"}],"collection":[{"href":"https:\/\/infoecos.com.ar\/index.php\/wp-json\/wp\/v2\/posts"}],"about":[{"href":"https:\/\/infoecos.com.ar\/index.php\/wp-json\/wp\/v2\/types\/post"}],"author":[{"embeddable":true,"href":"https:\/\/infoecos.com.ar\/index.php\/wp-json\/wp\/v2\/users\/2"}],"replies":[{"embeddable":true,"href":"https:\/\/infoecos.com.ar\/index.php\/wp-json\/wp\/v2\/comments?post=112141"}],"version-history":[{"count":1,"href":"https:\/\/infoecos.com.ar\/index.php\/wp-json\/wp\/v2\/posts\/112141\/revisions"}],"predecessor-version":[{"id":112142,"href":"https:\/\/infoecos.com.ar\/index.php\/wp-json\/wp\/v2\/posts\/112141\/revisions\/112142"}],"wp:featuredmedia":[{"embeddable":true,"href":"https:\/\/infoecos.com.ar\/index.php\/wp-json\/wp\/v2\/media\/111601"}],"wp:attachment":[{"href":"https:\/\/infoecos.com.ar\/index.php\/wp-json\/wp\/v2\/media?parent=112141"}],"wp:term":[{"taxonomy":"category","embeddable":true,"href":"https:\/\/infoecos.com.ar\/index.php\/wp-json\/wp\/v2\/categories?post=112141"},{"taxonomy":"post_tag","embeddable":true,"href":"https:\/\/infoecos.com.ar\/index.php\/wp-json\/wp\/v2\/tags?post=112141"}],"curies":[{"name":"wp","href":"https:\/\/api.w.org\/{rel}","templated":true}]}}