{"id":112145,"date":"2023-09-14T19:01:49","date_gmt":"2023-09-14T22:01:49","guid":{"rendered":"https:\/\/infoecos.com.ar\/?p=112145"},"modified":"2023-09-14T19:02:14","modified_gmt":"2023-09-14T22:02:14","slug":"agentes-penitenciarios-de-la-unidad-penal-20-de-trenque-lauquen-se-capacitacion-en-reanimacion-cardiopulmonar","status":"publish","type":"post","link":"https:\/\/infoecos.com.ar\/index.php\/agentes-penitenciarios-de-la-unidad-penal-20-de-trenque-lauquen-se-capacitacion-en-reanimacion-cardiopulmonar\/","title":{"rendered":"Agentes penitenciarios de la Unidad Penal 20 de Trenque Lauquen se capacitan en reanimaci\u00f3n cardiopulmonar"},"content":{"rendered":"\n<p>M\u00e1s de 800 agentes penitenciarios de las Unidades 4 de Bah\u00eda Blanca, 19 de Saavedra y 20 de Trenque Lauquen se capacitan en reanimaci\u00f3n cardiopulmonar (RCP).<\/p>\n\n\n\n<p>Adem\u00e1s de las t\u00e9cnicas de reanimaci\u00f3n cardiopulmonar, el personal penitenciario actualizar\u00e1 sus conocimientos en referencia a la utilizaci\u00f3n del desfibrilador externo autom\u00e1tico (DEA), los casos y caracter\u00edsticas de muerte s\u00fabita y la importancia de responder en forma veloz y eficiente ante una emergencia.<\/p>\n\n\n\n<p>La experiencia cuenta con el aval del Ministerio de Justicia y Derechos Humanos de la provincia de Buenos Aires, a cargo de Julio Alak.<\/p>\n\n\n\n<figure class=\"wp-block-gallery has-nested-images columns-default is-cropped wp-block-gallery-1 is-layout-flex wp-block-gallery-is-layout-flex\">\n<figure class=\"wp-block-image size-large\"><img loading=\"lazy\" decoding=\"async\" width=\"716\" height=\"1600\" data-id=\"112146\" src=\"https:\/\/infoecos.com.ar\/wp-content\/uploads\/2023\/09\/Gacetilla-SPB-1.jpeg\" alt=\"\" class=\"wp-image-112146\" srcset=\"https:\/\/infoecos.com.ar\/wp-content\/uploads\/2023\/09\/Gacetilla-SPB-1.jpeg 716w, https:\/\/infoecos.com.ar\/wp-content\/uploads\/2023\/09\/Gacetilla-SPB-1-358x800.jpeg 358w, https:\/\/infoecos.com.ar\/wp-content\/uploads\/2023\/09\/Gacetilla-SPB-1-687x1536.jpeg 687w\" sizes=\"(max-width: 716px) 100vw, 716px\" \/><figcaption class=\"wp-element-caption\">Reanimaci\u00f3n cardiopulmonar (RCP).<\/figcaption><\/figure>\n\n\n\n<figure class=\"wp-block-image size-large\"><img loading=\"lazy\" decoding=\"async\" width=\"1600\" height=\"716\" data-id=\"112148\" src=\"https:\/\/infoecos.com.ar\/wp-content\/uploads\/2023\/09\/Gacetilla-SPB-2.jpeg\" alt=\"\" class=\"wp-image-112148\" srcset=\"https:\/\/infoecos.com.ar\/wp-content\/uploads\/2023\/09\/Gacetilla-SPB-2.jpeg 1600w, https:\/\/infoecos.com.ar\/wp-content\/uploads\/2023\/09\/Gacetilla-SPB-2-800x358.jpeg 800w, https:\/\/infoecos.com.ar\/wp-content\/uploads\/2023\/09\/Gacetilla-SPB-2-768x344.jpeg 768w, https:\/\/infoecos.com.ar\/wp-content\/uploads\/2023\/09\/Gacetilla-SPB-2-1536x687.jpeg 1536w, https:\/\/infoecos.com.ar\/wp-content\/uploads\/2023\/09\/Gacetilla-SPB-2-1024x458.jpeg 1024w\" sizes=\"(max-width: 1600px) 100vw, 1600px\" \/><figcaption class=\"wp-element-caption\">Reanimaci\u00f3n cardiopulmonar (RCP).<\/figcaption><\/figure>\n\n\n\n<figure class=\"wp-block-image size-large\"><img loading=\"lazy\" decoding=\"async\" width=\"1600\" height=\"716\" data-id=\"112147\" src=\"https:\/\/infoecos.com.ar\/wp-content\/uploads\/2023\/09\/Gacetilla-SPB-3.jpeg\" alt=\"\" class=\"wp-image-112147\" srcset=\"https:\/\/infoecos.com.ar\/wp-content\/uploads\/2023\/09\/Gacetilla-SPB-3.jpeg 1600w, https:\/\/infoecos.com.ar\/wp-content\/uploads\/2023\/09\/Gacetilla-SPB-3-800x358.jpeg 800w, https:\/\/infoecos.com.ar\/wp-content\/uploads\/2023\/09\/Gacetilla-SPB-3-768x344.jpeg 768w, https:\/\/infoecos.com.ar\/wp-content\/uploads\/2023\/09\/Gacetilla-SPB-3-1536x687.jpeg 1536w, https:\/\/infoecos.com.ar\/wp-content\/uploads\/2023\/09\/Gacetilla-SPB-3-1024x458.jpeg 1024w\" sizes=\"(max-width: 1600px) 100vw, 1600px\" \/><figcaption class=\"wp-element-caption\">Reanimaci\u00f3n cardiopulmonar (RCP).<\/figcaption><\/figure>\n\n\n\n<figure class=\"wp-block-image size-large\"><img loading=\"lazy\" decoding=\"async\" width=\"716\" height=\"1600\" data-id=\"112149\" src=\"https:\/\/infoecos.com.ar\/wp-content\/uploads\/2023\/09\/Gacetilla-SPB-4.jpeg\" alt=\"\" class=\"wp-image-112149\" srcset=\"https:\/\/infoecos.com.ar\/wp-content\/uploads\/2023\/09\/Gacetilla-SPB-4.jpeg 716w, https:\/\/infoecos.com.ar\/wp-content\/uploads\/2023\/09\/Gacetilla-SPB-4-358x800.jpeg 358w, https:\/\/infoecos.com.ar\/wp-content\/uploads\/2023\/09\/Gacetilla-SPB-4-687x1536.jpeg 687w\" sizes=\"(max-width: 716px) 100vw, 716px\" \/><figcaption class=\"wp-element-caption\">Reanimaci\u00f3n cardiopulmonar (RCP).<\/figcaption><\/figure>\n\n\n\n<figure class=\"wp-block-image size-large\"><img loading=\"lazy\" decoding=\"async\" width=\"1600\" height=\"716\" data-id=\"112150\" src=\"https:\/\/infoecos.com.ar\/wp-content\/uploads\/2023\/09\/Gacetilla-SPB-5.jpeg\" alt=\"\" class=\"wp-image-112150\" srcset=\"https:\/\/infoecos.com.ar\/wp-content\/uploads\/2023\/09\/Gacetilla-SPB-5.jpeg 1600w, https:\/\/infoecos.com.ar\/wp-content\/uploads\/2023\/09\/Gacetilla-SPB-5-800x358.jpeg 800w, https:\/\/infoecos.com.ar\/wp-content\/uploads\/2023\/09\/Gacetilla-SPB-5-768x344.jpeg 768w, https:\/\/infoecos.com.ar\/wp-content\/uploads\/2023\/09\/Gacetilla-SPB-5-1536x687.jpeg 1536w, https:\/\/infoecos.com.ar\/wp-content\/uploads\/2023\/09\/Gacetilla-SPB-5-1024x458.jpeg 1024w\" sizes=\"(max-width: 1600px) 100vw, 1600px\" \/><figcaption class=\"wp-element-caption\">Reanimaci\u00f3n cardiopulmonar (RCP).<\/figcaption><\/figure>\n<\/figure>\n\n\n\n<p>La propuesta acad\u00e9mica, cuenta con el aval de la Direcci\u00f3n de Institutos de Formaci\u00f3n y Capacitaci\u00f3n del Servicio Penitenciario Bonaerense y es coordinada a trav\u00e9s del Complejo Sur con los profesionales del GIESCE de la Universidad Nacional del Sur.<\/p>\n\n\n\n<p>El proyecto \u201cTus manos salvan vidas\u201d, se desarrollar\u00e1 entre septiembre de 2023 y julio de 2024. Se prev\u00e9 alcanzar a todo el personal penitenciario que presta servicios dentro de las unidades penitenciarias que componen al Complejo Penitenciario Sur.<\/p>\n\n\n\n<p>La reanimaci\u00f3n cardiopulmonar es una maniobra que permite, en situaciones de emergencia, cambiar el destino de una persona. La aplicaci\u00f3n del \u201cprotocolo de actuaci\u00f3n ante una emergencia\u201d y el inicio inmediato de las t\u00e9cnicas de RCP por parte de cualquier persona entrenada, puede aumentar en un 40% las posibilidades de supervivencia de las personas afectadas.<\/p>\n","protected":false},"excerpt":{"rendered":"<p>Son m\u00e1s de 800 agentes penitenciarios, porque tambi\u00e9n se realiza en las Unidades 4 de Bah\u00eda Blanca, 19 de Saavedra<\/p>\n","protected":false},"author":2,"featured_media":112148,"comment_status":"closed","ping_status":"open","sticky":false,"template":"","format":"standard","meta":{"footnotes":""},"categories":[47],"tags":[9122],"class_list":["post-112145","post","type-post","status-publish","format-standard","has-post-thumbnail","hentry","category-c3nota2","tag-ministerio-de-justicia-y-dd-hh"],"yoast_head":"<!-- This site is optimized with the Yoast SEO plugin v23.4 - https:\/\/yoast.com\/wordpress\/plugins\/seo\/ -->\n<title>Agentes penitenciarios de la Unidad Penal 20 de Trenque Lauquen se capacitan en reanimaci\u00f3n cardiopulmonar - Infoecos<\/title>\n<meta name=\"robots\" content=\"index, follow, max-snippet:-1, max-image-preview:large, max-video-preview:-1\" \/>\n<link rel=\"canonical\" href=\"https:\/\/infoecos.com.ar\/index.php\/agentes-penitenciarios-de-la-unidad-penal-20-de-trenque-lauquen-se-capacitacion-en-reanimacion-cardiopulmonar\/\" \/>\n<meta property=\"og:locale\" content=\"es_ES\" \/>\n<meta property=\"og:type\" content=\"article\" \/>\n<meta property=\"og:title\" content=\"Agentes penitenciarios de la Unidad Penal 20 de Trenque Lauquen se capacitan en reanimaci\u00f3n cardiopulmonar - Infoecos\" \/>\n<meta property=\"og:description\" content=\"Son m\u00e1s de 800 agentes penitenciarios, porque tambi\u00e9n se realiza en las Unidades 4 de Bah\u00eda Blanca, 19 de Saavedra\" \/>\n<meta property=\"og:url\" content=\"https:\/\/infoecos.com.ar\/index.php\/agentes-penitenciarios-de-la-unidad-penal-20-de-trenque-lauquen-se-capacitacion-en-reanimacion-cardiopulmonar\/\" \/>\n<meta property=\"og:site_name\" content=\"Infoecos\" \/>\n<meta property=\"article:publisher\" content=\"https:\/\/www.facebook.com\/profile.php?id=100063200290284\" \/>\n<meta property=\"article:published_time\" content=\"2023-09-14T22:01:49+00:00\" \/>\n<meta property=\"article:modified_time\" content=\"2023-09-14T22:02:14+00:00\" \/>\n<meta property=\"og:image\" content=\"https:\/\/infoecos.com.ar\/wp-content\/uploads\/2023\/09\/Gacetilla-SPB-2.jpeg\" \/>\n\t<meta property=\"og:image:width\" content=\"1600\" \/>\n\t<meta property=\"og:image:height\" content=\"716\" \/>\n\t<meta property=\"og:image:type\" content=\"image\/jpeg\" \/>\n<meta name=\"author\" content=\"Jorge Matheus\" \/>\n<meta name=\"twitter:card\" content=\"summary_large_image\" \/>\n<meta name=\"twitter:creator\" content=\"@infoecos\" \/>\n<meta name=\"twitter:site\" content=\"@infoecos\" \/>\n<meta name=\"twitter:label1\" content=\"Escrito por\" \/>\n\t<meta name=\"twitter:data1\" content=\"Jorge Matheus\" \/>\n\t<meta name=\"twitter:label2\" content=\"Tiempo de lectura\" \/>\n\t<meta name=\"twitter:data2\" content=\"3 minutos\" \/>\n<script type=\"application\/ld+json\" class=\"yoast-schema-graph\">{\"@context\":\"https:\/\/schema.org\",\"@graph\":[{\"@type\":\"Article\",\"@id\":\"https:\/\/infoecos.com.ar\/index.php\/agentes-penitenciarios-de-la-unidad-penal-20-de-trenque-lauquen-se-capacitacion-en-reanimacion-cardiopulmonar\/#article\",\"isPartOf\":{\"@id\":\"https:\/\/infoecos.com.ar\/index.php\/agentes-penitenciarios-de-la-unidad-penal-20-de-trenque-lauquen-se-capacitacion-en-reanimacion-cardiopulmonar\/\"},\"author\":{\"name\":\"Jorge Matheus\",\"@id\":\"https:\/\/infoecos.com.ar\/#\/schema\/person\/8f5ace5ce73b4b4aac4b7245aee6f191\"},\"headline\":\"Agentes penitenciarios de la Unidad Penal 20 de Trenque Lauquen se capacitan en reanimaci\u00f3n cardiopulmonar\",\"datePublished\":\"2023-09-14T22:01:49+00:00\",\"dateModified\":\"2023-09-14T22:02:14+00:00\",\"mainEntityOfPage\":{\"@id\":\"https:\/\/infoecos.com.ar\/index.php\/agentes-penitenciarios-de-la-unidad-penal-20-de-trenque-lauquen-se-capacitacion-en-reanimacion-cardiopulmonar\/\"},\"wordCount\":272,\"publisher\":{\"@id\":\"https:\/\/infoecos.com.ar\/#organization\"},\"image\":{\"@id\":\"https:\/\/infoecos.com.ar\/index.php\/agentes-penitenciarios-de-la-unidad-penal-20-de-trenque-lauquen-se-capacitacion-en-reanimacion-cardiopulmonar\/#primaryimage\"},\"thumbnailUrl\":\"https:\/\/infoecos.com.ar\/wp-content\/uploads\/2023\/09\/Gacetilla-SPB-2.jpeg\",\"keywords\":[\"Ministerio de Justicia y DD.HH\"],\"articleSection\":[\"C3 N2\"],\"inLanguage\":\"es\"},{\"@type\":\"WebPage\",\"@id\":\"https:\/\/infoecos.com.ar\/index.php\/agentes-penitenciarios-de-la-unidad-penal-20-de-trenque-lauquen-se-capacitacion-en-reanimacion-cardiopulmonar\/\",\"url\":\"https:\/\/infoecos.com.ar\/index.php\/agentes-penitenciarios-de-la-unidad-penal-20-de-trenque-lauquen-se-capacitacion-en-reanimacion-cardiopulmonar\/\",\"name\":\"Agentes penitenciarios de la Unidad Penal 20 de Trenque Lauquen se capacitan en reanimaci\u00f3n cardiopulmonar - Infoecos\",\"isPartOf\":{\"@id\":\"https:\/\/infoecos.com.ar\/#website\"},\"primaryImageOfPage\":{\"@id\":\"https:\/\/infoecos.com.ar\/index.php\/agentes-penitenciarios-de-la-unidad-penal-20-de-trenque-lauquen-se-capacitacion-en-reanimacion-cardiopulmonar\/#primaryimage\"},\"image\":{\"@id\":\"https:\/\/infoecos.com.ar\/index.php\/agentes-penitenciarios-de-la-unidad-penal-20-de-trenque-lauquen-se-capacitacion-en-reanimacion-cardiopulmonar\/#primaryimage\"},\"thumbnailUrl\":\"https:\/\/infoecos.com.ar\/wp-content\/uploads\/2023\/09\/Gacetilla-SPB-2.jpeg\",\"datePublished\":\"2023-09-14T22:01:49+00:00\",\"dateModified\":\"2023-09-14T22:02:14+00:00\",\"breadcrumb\":{\"@id\":\"https:\/\/infoecos.com.ar\/index.php\/agentes-penitenciarios-de-la-unidad-penal-20-de-trenque-lauquen-se-capacitacion-en-reanimacion-cardiopulmonar\/#breadcrumb\"},\"inLanguage\":\"es\",\"potentialAction\":[{\"@type\":\"ReadAction\",\"target\":[\"https:\/\/infoecos.com.ar\/index.php\/agentes-penitenciarios-de-la-unidad-penal-20-de-trenque-lauquen-se-capacitacion-en-reanimacion-cardiopulmonar\/\"]}]},{\"@type\":\"ImageObject\",\"inLanguage\":\"es\",\"@id\":\"https:\/\/infoecos.com.ar\/index.php\/agentes-penitenciarios-de-la-unidad-penal-20-de-trenque-lauquen-se-capacitacion-en-reanimacion-cardiopulmonar\/#primaryimage\",\"url\":\"https:\/\/infoecos.com.ar\/wp-content\/uploads\/2023\/09\/Gacetilla-SPB-2.jpeg\",\"contentUrl\":\"https:\/\/infoecos.com.ar\/wp-content\/uploads\/2023\/09\/Gacetilla-SPB-2.jpeg\",\"width\":1600,\"height\":716},{\"@type\":\"BreadcrumbList\",\"@id\":\"https:\/\/infoecos.com.ar\/index.php\/agentes-penitenciarios-de-la-unidad-penal-20-de-trenque-lauquen-se-capacitacion-en-reanimacion-cardiopulmonar\/#breadcrumb\",\"itemListElement\":[{\"@type\":\"ListItem\",\"position\":1,\"name\":\"Portada\",\"item\":\"https:\/\/infoecos.com.ar\/\"},{\"@type\":\"ListItem\",\"position\":2,\"name\":\"Agentes penitenciarios de la Unidad Penal 20 de Trenque Lauquen se capacitan en reanimaci\u00f3n cardiopulmonar\"}]},{\"@type\":\"WebSite\",\"@id\":\"https:\/\/infoecos.com.ar\/#website\",\"url\":\"https:\/\/infoecos.com.ar\/\",\"name\":\"Infoecos\",\"description\":\"Noticias de trenque lauquen y la zona\",\"publisher\":{\"@id\":\"https:\/\/infoecos.com.ar\/#organization\"},\"alternateName\":\"Noticias\",\"potentialAction\":[{\"@type\":\"SearchAction\",\"target\":{\"@type\":\"EntryPoint\",\"urlTemplate\":\"https:\/\/infoecos.com.ar\/?s={search_term_string}\"},\"query-input\":{\"@type\":\"PropertyValueSpecification\",\"valueRequired\":true,\"valueName\":\"search_term_string\"}}],\"inLanguage\":\"es\"},{\"@type\":\"Organization\",\"@id\":\"https:\/\/infoecos.com.ar\/#organization\",\"name\":\"Infoecos\",\"alternateName\":\"Noticias\",\"url\":\"https:\/\/infoecos.com.ar\/\",\"logo\":{\"@type\":\"ImageObject\",\"inLanguage\":\"es\",\"@id\":\"https:\/\/infoecos.com.ar\/#\/schema\/logo\/image\/\",\"url\":\"https:\/\/infoecos.com.ar\/wp-content\/uploads\/2024\/03\/cropped-logo.png\",\"contentUrl\":\"https:\/\/infoecos.com.ar\/wp-content\/uploads\/2024\/03\/cropped-logo.png\",\"width\":374,\"height\":90,\"caption\":\"Infoecos\"},\"image\":{\"@id\":\"https:\/\/infoecos.com.ar\/#\/schema\/logo\/image\/\"},\"sameAs\":[\"https:\/\/www.facebook.com\/profile.php?id=100063200290284\",\"https:\/\/x.com\/infoecos\"]},{\"@type\":\"Person\",\"@id\":\"https:\/\/infoecos.com.ar\/#\/schema\/person\/8f5ace5ce73b4b4aac4b7245aee6f191\",\"name\":\"Jorge Matheus\",\"url\":\"https:\/\/infoecos.com.ar\/index.php\/author\/jomatheus\/\"}]}<\/script>\n<!-- \/ Yoast SEO plugin. -->","yoast_head_json":{"title":"Agentes penitenciarios de la Unidad Penal 20 de Trenque Lauquen se capacitan en reanimaci\u00f3n cardiopulmonar - Infoecos","robots":{"index":"index","follow":"follow","max-snippet":"max-snippet:-1","max-image-preview":"max-image-preview:large","max-video-preview":"max-video-preview:-1"},"canonical":"https:\/\/infoecos.com.ar\/index.php\/agentes-penitenciarios-de-la-unidad-penal-20-de-trenque-lauquen-se-capacitacion-en-reanimacion-cardiopulmonar\/","og_locale":"es_ES","og_type":"article","og_title":"Agentes penitenciarios de la Unidad Penal 20 de Trenque Lauquen se capacitan en reanimaci\u00f3n cardiopulmonar - Infoecos","og_description":"Son m\u00e1s de 800 agentes penitenciarios, porque tambi\u00e9n se realiza en las Unidades 4 de Bah\u00eda Blanca, 19 de Saavedra","og_url":"https:\/\/infoecos.com.ar\/index.php\/agentes-penitenciarios-de-la-unidad-penal-20-de-trenque-lauquen-se-capacitacion-en-reanimacion-cardiopulmonar\/","og_site_name":"Infoecos","article_publisher":"https:\/\/www.facebook.com\/profile.php?id=100063200290284","article_published_time":"2023-09-14T22:01:49+00:00","article_modified_time":"2023-09-14T22:02:14+00:00","og_image":[{"width":1600,"height":716,"url":"https:\/\/infoecos.com.ar\/wp-content\/uploads\/2023\/09\/Gacetilla-SPB-2.jpeg","type":"image\/jpeg"}],"author":"Jorge Matheus","twitter_card":"summary_large_image","twitter_creator":"@infoecos","twitter_site":"@infoecos","twitter_misc":{"Escrito por":"Jorge Matheus","Tiempo de lectura":"3 minutos"},"schema":{"@context":"https:\/\/schema.org","@graph":[{"@type":"Article","@id":"https:\/\/infoecos.com.ar\/index.php\/agentes-penitenciarios-de-la-unidad-penal-20-de-trenque-lauquen-se-capacitacion-en-reanimacion-cardiopulmonar\/#article","isPartOf":{"@id":"https:\/\/infoecos.com.ar\/index.php\/agentes-penitenciarios-de-la-unidad-penal-20-de-trenque-lauquen-se-capacitacion-en-reanimacion-cardiopulmonar\/"},"author":{"name":"Jorge Matheus","@id":"https:\/\/infoecos.com.ar\/#\/schema\/person\/8f5ace5ce73b4b4aac4b7245aee6f191"},"headline":"Agentes penitenciarios de la Unidad Penal 20 de Trenque Lauquen se capacitan en reanimaci\u00f3n cardiopulmonar","datePublished":"2023-09-14T22:01:49+00:00","dateModified":"2023-09-14T22:02:14+00:00","mainEntityOfPage":{"@id":"https:\/\/infoecos.com.ar\/index.php\/agentes-penitenciarios-de-la-unidad-penal-20-de-trenque-lauquen-se-capacitacion-en-reanimacion-cardiopulmonar\/"},"wordCount":272,"publisher":{"@id":"https:\/\/infoecos.com.ar\/#organization"},"image":{"@id":"https:\/\/infoecos.com.ar\/index.php\/agentes-penitenciarios-de-la-unidad-penal-20-de-trenque-lauquen-se-capacitacion-en-reanimacion-cardiopulmonar\/#primaryimage"},"thumbnailUrl":"https:\/\/infoecos.com.ar\/wp-content\/uploads\/2023\/09\/Gacetilla-SPB-2.jpeg","keywords":["Ministerio de Justicia y DD.HH"],"articleSection":["C3 N2"],"inLanguage":"es"},{"@type":"WebPage","@id":"https:\/\/infoecos.com.ar\/index.php\/agentes-penitenciarios-de-la-unidad-penal-20-de-trenque-lauquen-se-capacitacion-en-reanimacion-cardiopulmonar\/","url":"https:\/\/infoecos.com.ar\/index.php\/agentes-penitenciarios-de-la-unidad-penal-20-de-trenque-lauquen-se-capacitacion-en-reanimacion-cardiopulmonar\/","name":"Agentes penitenciarios de la Unidad Penal 20 de Trenque Lauquen se capacitan en reanimaci\u00f3n cardiopulmonar - Infoecos","isPartOf":{"@id":"https:\/\/infoecos.com.ar\/#website"},"primaryImageOfPage":{"@id":"https:\/\/infoecos.com.ar\/index.php\/agentes-penitenciarios-de-la-unidad-penal-20-de-trenque-lauquen-se-capacitacion-en-reanimacion-cardiopulmonar\/#primaryimage"},"image":{"@id":"https:\/\/infoecos.com.ar\/index.php\/agentes-penitenciarios-de-la-unidad-penal-20-de-trenque-lauquen-se-capacitacion-en-reanimacion-cardiopulmonar\/#primaryimage"},"thumbnailUrl":"https:\/\/infoecos.com.ar\/wp-content\/uploads\/2023\/09\/Gacetilla-SPB-2.jpeg","datePublished":"2023-09-14T22:01:49+00:00","dateModified":"2023-09-14T22:02:14+00:00","breadcrumb":{"@id":"https:\/\/infoecos.com.ar\/index.php\/agentes-penitenciarios-de-la-unidad-penal-20-de-trenque-lauquen-se-capacitacion-en-reanimacion-cardiopulmonar\/#breadcrumb"},"inLanguage":"es","potentialAction":[{"@type":"ReadAction","target":["https:\/\/infoecos.com.ar\/index.php\/agentes-penitenciarios-de-la-unidad-penal-20-de-trenque-lauquen-se-capacitacion-en-reanimacion-cardiopulmonar\/"]}]},{"@type":"ImageObject","inLanguage":"es","@id":"https:\/\/infoecos.com.ar\/index.php\/agentes-penitenciarios-de-la-unidad-penal-20-de-trenque-lauquen-se-capacitacion-en-reanimacion-cardiopulmonar\/#primaryimage","url":"https:\/\/infoecos.com.ar\/wp-content\/uploads\/2023\/09\/Gacetilla-SPB-2.jpeg","contentUrl":"https:\/\/infoecos.com.ar\/wp-content\/uploads\/2023\/09\/Gacetilla-SPB-2.jpeg","width":1600,"height":716},{"@type":"BreadcrumbList","@id":"https:\/\/infoecos.com.ar\/index.php\/agentes-penitenciarios-de-la-unidad-penal-20-de-trenque-lauquen-se-capacitacion-en-reanimacion-cardiopulmonar\/#breadcrumb","itemListElement":[{"@type":"ListItem","position":1,"name":"Portada","item":"https:\/\/infoecos.com.ar\/"},{"@type":"ListItem","position":2,"name":"Agentes penitenciarios de la Unidad Penal 20 de Trenque Lauquen se capacitan en reanimaci\u00f3n cardiopulmonar"}]},{"@type":"WebSite","@id":"https:\/\/infoecos.com.ar\/#website","url":"https:\/\/infoecos.com.ar\/","name":"Infoecos","description":"Noticias de trenque lauquen y la zona","publisher":{"@id":"https:\/\/infoecos.com.ar\/#organization"},"alternateName":"Noticias","potentialAction":[{"@type":"SearchAction","target":{"@type":"EntryPoint","urlTemplate":"https:\/\/infoecos.com.ar\/?s={search_term_string}"},"query-input":{"@type":"PropertyValueSpecification","valueRequired":true,"valueName":"search_term_string"}}],"inLanguage":"es"},{"@type":"Organization","@id":"https:\/\/infoecos.com.ar\/#organization","name":"Infoecos","alternateName":"Noticias","url":"https:\/\/infoecos.com.ar\/","logo":{"@type":"ImageObject","inLanguage":"es","@id":"https:\/\/infoecos.com.ar\/#\/schema\/logo\/image\/","url":"https:\/\/infoecos.com.ar\/wp-content\/uploads\/2024\/03\/cropped-logo.png","contentUrl":"https:\/\/infoecos.com.ar\/wp-content\/uploads\/2024\/03\/cropped-logo.png","width":374,"height":90,"caption":"Infoecos"},"image":{"@id":"https:\/\/infoecos.com.ar\/#\/schema\/logo\/image\/"},"sameAs":["https:\/\/www.facebook.com\/profile.php?id=100063200290284","https:\/\/x.com\/infoecos"]},{"@type":"Person","@id":"https:\/\/infoecos.com.ar\/#\/schema\/person\/8f5ace5ce73b4b4aac4b7245aee6f191","name":"Jorge Matheus","url":"https:\/\/infoecos.com.ar\/index.php\/author\/jomatheus\/"}]}},"featured_image_urls":{"full":["https:\/\/infoecos.com.ar\/wp-content\/uploads\/2023\/09\/Gacetilla-SPB-2.jpeg",1600,716,false],"thumbnail":["https:\/\/infoecos.com.ar\/wp-content\/uploads\/2023\/09\/Gacetilla-SPB-2-300x150.jpeg",300,150,true],"medium":["https:\/\/infoecos.com.ar\/wp-content\/uploads\/2023\/09\/Gacetilla-SPB-2-800x358.jpeg",800,358,true],"medium_large":["https:\/\/infoecos.com.ar\/wp-content\/uploads\/2023\/09\/Gacetilla-SPB-2-768x344.jpeg",640,287,true],"large":["https:\/\/infoecos.com.ar\/wp-content\/uploads\/2023\/09\/Gacetilla-SPB-2.jpeg",640,286,false],"1536x1536":["https:\/\/infoecos.com.ar\/wp-content\/uploads\/2023\/09\/Gacetilla-SPB-2-1536x687.jpeg",1536,687,true],"2048x2048":["https:\/\/infoecos.com.ar\/wp-content\/uploads\/2023\/09\/Gacetilla-SPB-2.jpeg",1600,716,false],"covernews-slider-full":["https:\/\/infoecos.com.ar\/wp-content\/uploads\/2023\/09\/Gacetilla-SPB-2-1536x716.jpeg",1115,520,true],"covernews-slider-center":["https:\/\/infoecos.com.ar\/wp-content\/uploads\/2023\/09\/Gacetilla-SPB-2-936x716.jpeg",654,500,true],"covernews-featured":["https:\/\/infoecos.com.ar\/wp-content\/uploads\/2023\/09\/Gacetilla-SPB-2-1024x458.jpeg",1024,458,true],"covernews-medium":["https:\/\/infoecos.com.ar\/wp-content\/uploads\/2023\/09\/Gacetilla-SPB-2-720x380.jpeg",540,285,true],"covernews-medium-square":["https:\/\/infoecos.com.ar\/wp-content\/uploads\/2023\/09\/Gacetilla-SPB-2-675x450.jpeg",375,250,true]},"author_info":{"info":["Jorge Matheus"]},"category_info":"<a href=\"https:\/\/infoecos.com.ar\/index.php\/category\/c3nota2\/\" rel=\"category tag\">C3 N2<\/a>","tag_info":"C3 N2","comment_count":"0","_links":{"self":[{"href":"https:\/\/infoecos.com.ar\/index.php\/wp-json\/wp\/v2\/posts\/112145"}],"collection":[{"href":"https:\/\/infoecos.com.ar\/index.php\/wp-json\/wp\/v2\/posts"}],"about":[{"href":"https:\/\/infoecos.com.ar\/index.php\/wp-json\/wp\/v2\/types\/post"}],"author":[{"embeddable":true,"href":"https:\/\/infoecos.com.ar\/index.php\/wp-json\/wp\/v2\/users\/2"}],"replies":[{"embeddable":true,"href":"https:\/\/infoecos.com.ar\/index.php\/wp-json\/wp\/v2\/comments?post=112145"}],"version-history":[{"count":2,"href":"https:\/\/infoecos.com.ar\/index.php\/wp-json\/wp\/v2\/posts\/112145\/revisions"}],"predecessor-version":[{"id":112152,"href":"https:\/\/infoecos.com.ar\/index.php\/wp-json\/wp\/v2\/posts\/112145\/revisions\/112152"}],"wp:featuredmedia":[{"embeddable":true,"href":"https:\/\/infoecos.com.ar\/index.php\/wp-json\/wp\/v2\/media\/112148"}],"wp:attachment":[{"href":"https:\/\/infoecos.com.ar\/index.php\/wp-json\/wp\/v2\/media?parent=112145"}],"wp:term":[{"taxonomy":"category","embeddable":true,"href":"https:\/\/infoecos.com.ar\/index.php\/wp-json\/wp\/v2\/categories?post=112145"},{"taxonomy":"post_tag","embeddable":true,"href":"https:\/\/infoecos.com.ar\/index.php\/wp-json\/wp\/v2\/tags?post=112145"}],"curies":[{"name":"wp","href":"https:\/\/api.w.org\/{rel}","templated":true}]}}