{"id":112173,"date":"2023-09-15T01:27:34","date_gmt":"2023-09-15T04:27:34","guid":{"rendered":"https:\/\/infoecos.com.ar\/?p=112173"},"modified":"2023-09-19T02:01:20","modified_gmt":"2023-09-19T05:01:20","slug":"se-inauguro-en-catrilo-oficialmente-una-estacion-de-servicios-ypf-unica-en-su-tipo-a-la-vera-de-ruta-5","status":"publish","type":"post","link":"https:\/\/infoecos.com.ar\/index.php\/se-inauguro-en-catrilo-oficialmente-una-estacion-de-servicios-ypf-unica-en-su-tipo-a-la-vera-de-ruta-5\/","title":{"rendered":"Se inaugur\u00f3 en Catril\u00f3 oficialmente una Estaci\u00f3n de Servicios YPF \u00fanica en su tipo a la vera de Ruta 5"},"content":{"rendered":"\n<p>El Grupo Norte de La Pampa inaugur\u00f3 oficialmente su estaci\u00f3n de servicios en Catril\u00f3.<\/p>\n\n\n\n<p>El complejo est\u00e1 instalado sobre un terreno ubicado a la vera de la Ruta Nacional n\u00ba 5, en un sitio estrat\u00e9gico porque est\u00e1 a unos 200 metros del acceso principal de la localidad.<\/p>\n\n\n\n<figure class=\"wp-block-gallery has-nested-images columns-default is-cropped wp-block-gallery-1 is-layout-flex wp-block-gallery-is-layout-flex\">\n<figure class=\"wp-block-image size-large\"><img loading=\"lazy\" decoding=\"async\" width=\"1121\" height=\"633\" data-id=\"112176\" src=\"https:\/\/infoecos.com.ar\/wp-content\/uploads\/2023\/09\/ypf.webp\" alt=\"\" class=\"wp-image-112176\" srcset=\"https:\/\/infoecos.com.ar\/wp-content\/uploads\/2023\/09\/ypf.webp 1121w, https:\/\/infoecos.com.ar\/wp-content\/uploads\/2023\/09\/ypf-800x452.webp 800w, https:\/\/infoecos.com.ar\/wp-content\/uploads\/2023\/09\/ypf-768x434.webp 768w, https:\/\/infoecos.com.ar\/wp-content\/uploads\/2023\/09\/ypf-1024x578.webp 1024w\" sizes=\"(max-width: 1121px) 100vw, 1121px\" \/><\/figure>\n\n\n\n<figure class=\"wp-block-image size-large\"><img loading=\"lazy\" decoding=\"async\" width=\"807\" height=\"454\" data-id=\"112175\" src=\"https:\/\/infoecos.com.ar\/wp-content\/uploads\/2023\/09\/ypfcatrilo.jpg\" alt=\"\" class=\"wp-image-112175\" srcset=\"https:\/\/infoecos.com.ar\/wp-content\/uploads\/2023\/09\/ypfcatrilo.jpg 807w, https:\/\/infoecos.com.ar\/wp-content\/uploads\/2023\/09\/ypfcatrilo-800x450.jpg 800w, https:\/\/infoecos.com.ar\/wp-content\/uploads\/2023\/09\/ypfcatrilo-768x432.jpg 768w\" sizes=\"(max-width: 807px) 100vw, 807px\" \/><\/figure>\n\n\n\n<figure class=\"wp-block-image size-large\"><img loading=\"lazy\" decoding=\"async\" width=\"807\" height=\"454\" data-id=\"112177\" src=\"https:\/\/infoecos.com.ar\/wp-content\/uploads\/2023\/09\/ypfcatrilo1.jpg\" alt=\"\" class=\"wp-image-112177\" srcset=\"https:\/\/infoecos.com.ar\/wp-content\/uploads\/2023\/09\/ypfcatrilo1.jpg 807w, https:\/\/infoecos.com.ar\/wp-content\/uploads\/2023\/09\/ypfcatrilo1-800x450.jpg 800w, https:\/\/infoecos.com.ar\/wp-content\/uploads\/2023\/09\/ypfcatrilo1-768x432.jpg 768w\" sizes=\"(max-width: 807px) 100vw, 807px\" \/><\/figure>\n\n\n\n<figure class=\"wp-block-image size-large\"><img loading=\"lazy\" decoding=\"async\" width=\"807\" height=\"454\" data-id=\"112174\" src=\"https:\/\/infoecos.com.ar\/wp-content\/uploads\/2023\/09\/ypflacatrilo.jpg\" alt=\"\" class=\"wp-image-112174\" srcset=\"https:\/\/infoecos.com.ar\/wp-content\/uploads\/2023\/09\/ypflacatrilo.jpg 807w, https:\/\/infoecos.com.ar\/wp-content\/uploads\/2023\/09\/ypflacatrilo-800x450.jpg 800w, https:\/\/infoecos.com.ar\/wp-content\/uploads\/2023\/09\/ypflacatrilo-768x432.jpg 768w\" sizes=\"(max-width: 807px) 100vw, 807px\" \/><\/figure>\n\n\n\n<figure class=\"wp-block-image size-large\"><img loading=\"lazy\" decoding=\"async\" width=\"807\" height=\"454\" data-id=\"112178\" src=\"https:\/\/infoecos.com.ar\/wp-content\/uploads\/2023\/09\/ypflapa.jpg\" alt=\"\" class=\"wp-image-112178\" srcset=\"https:\/\/infoecos.com.ar\/wp-content\/uploads\/2023\/09\/ypflapa.jpg 807w, https:\/\/infoecos.com.ar\/wp-content\/uploads\/2023\/09\/ypflapa-800x450.jpg 800w, https:\/\/infoecos.com.ar\/wp-content\/uploads\/2023\/09\/ypflapa-768x432.jpg 768w\" sizes=\"(max-width: 807px) 100vw, 807px\" \/><\/figure>\n<\/figure>\n\n\n\n<p>En el acto estuvieron presentes el gobernador de la provincia, Sergio Ziliotto; y el presidente de Yacimientos Petrol\u00edferos Fiscales, Pablo Gonz\u00e1lez.<\/p>\n\n\n\n<p>YPF Catril\u00f3 consta de una playa de carga de combustible, que cuenta con diez posiciones, bajo un techo dise\u00f1ado con la imagen 2020 de YPF, dispensers de \u201cs\u00faper alto caudal\u201d para camiones y multiproductos para autom\u00f3viles.<\/p>\n\n\n\n<p>Todo instalado utilizando las \u00faltimas tecnolog\u00edas de protecci\u00f3n y reducci\u00f3n del impacto ambiental, mediante aislamiento de los tanques, ca\u00f1er\u00edas , bombas y dispensers, sensores m\u00faltiples interiores y exteriores, de terreno y de contenedores, sistemas de telemedici\u00f3n y de control autom\u00e1tico del despacho, conectividad satelital, autonom\u00eda en materia de energ\u00eda ante imprevistos en el abastecimiento, controles el\u00e9ctricos digitales de consumo y de desperfectos, tecnolog\u00eda LED en un 100 %, y otros aditamentos tecnol\u00f3gicos de \u00faltima generaci\u00f3n puestos a disposici\u00f3n del usuario y de la operaci\u00f3n de las instalaciones\u201d.<\/p>\n\n\n\n<p>El lugar cuenta con un sitio \u201cespecial\u201d para los camioneros que lleguen, donde los conductores encuentran desde sillones hasta hornos micro ondas y heladeras para transcurrir sus momentos de descanso.<\/p>\n\n\n\n<p>Est\u00e1 planificada como \u201chubs multi&#8211;energ\u00edas\u201d, dise\u00f1ados ya para incrementar la oferta de nuevos combustibles y el uso de la tecnolog\u00eda en todas sus aplicaciones.<\/p>\n\n\n\n<p>La construcci\u00f3n del complejo \u2013se present\u00f3 un video que mostr\u00f3 los trabajos que se realizaron desde el mismo inicio&#8211; demand\u00f3 420 d\u00edas de intensa actividad. El complejo se considera \u201cde primer nivel\u201d, y el objetivo es que la nueva imagen de la petrolera contribuya a mejorar la calidad en la recepci\u00f3n de los viajeros.<\/p>\n\n\n\n<p>Es la primera estaci\u00f3n de servicio en La Pampa con esas caracter\u00edsticas, y se convierte \u2013como se dijo&#8211; en un \u00edcono asociado a la nueva etapa que la petrolera estatal inici\u00f3 cuando est\u00e1 celebrando su cent\u00e9simo aniversario.<\/p>\n\n\n\n<p><\/p>\n","protected":false},"excerpt":{"rendered":"<p>En el acto estuvieron presentes el gobernador de la provincia, Sergio Ziliotto; y el presidente de Yacimientos Petrol\u00edferos Fiscales, Pablo Gonz\u00e1lez<\/p>\n","protected":false},"author":2,"featured_media":112178,"comment_status":"closed","ping_status":"open","sticky":false,"template":"","format":"standard","meta":{"footnotes":""},"categories":[1334,51],"tags":[9127],"class_list":["post-112173","post","type-post","status-publish","format-standard","has-post-thumbnail","hentry","category-inferior14","category-c2nota4","tag-pertenece-al-grupo-norte"],"yoast_head":"<!-- This site is optimized with the Yoast SEO plugin v23.4 - https:\/\/yoast.com\/wordpress\/plugins\/seo\/ -->\n<title>Se inaugur\u00f3 en Catril\u00f3 oficialmente una Estaci\u00f3n de Servicios YPF \u00fanica en su tipo a la vera de Ruta 5 - Infoecos<\/title>\n<meta name=\"robots\" content=\"index, follow, max-snippet:-1, max-image-preview:large, max-video-preview:-1\" \/>\n<link rel=\"canonical\" href=\"https:\/\/infoecos.com.ar\/index.php\/se-inauguro-en-catrilo-oficialmente-una-estacion-de-servicios-ypf-unica-en-su-tipo-a-la-vera-de-ruta-5\/\" \/>\n<meta property=\"og:locale\" content=\"es_ES\" \/>\n<meta property=\"og:type\" content=\"article\" \/>\n<meta property=\"og:title\" content=\"Se inaugur\u00f3 en Catril\u00f3 oficialmente una Estaci\u00f3n de Servicios YPF \u00fanica en su tipo a la vera de Ruta 5 - Infoecos\" \/>\n<meta property=\"og:description\" content=\"En el acto estuvieron presentes el gobernador de la provincia, Sergio Ziliotto; y el presidente de Yacimientos Petrol\u00edferos Fiscales, Pablo Gonz\u00e1lez\" \/>\n<meta property=\"og:url\" content=\"https:\/\/infoecos.com.ar\/index.php\/se-inauguro-en-catrilo-oficialmente-una-estacion-de-servicios-ypf-unica-en-su-tipo-a-la-vera-de-ruta-5\/\" \/>\n<meta property=\"og:site_name\" content=\"Infoecos\" \/>\n<meta property=\"article:publisher\" content=\"https:\/\/www.facebook.com\/profile.php?id=100063200290284\" \/>\n<meta property=\"article:published_time\" content=\"2023-09-15T04:27:34+00:00\" \/>\n<meta property=\"article:modified_time\" content=\"2023-09-19T05:01:20+00:00\" \/>\n<meta property=\"og:image\" content=\"https:\/\/infoecos.com.ar\/wp-content\/uploads\/2023\/09\/ypflapa.jpg\" \/>\n\t<meta property=\"og:image:width\" content=\"807\" \/>\n\t<meta property=\"og:image:height\" content=\"454\" \/>\n\t<meta property=\"og:image:type\" content=\"image\/jpeg\" \/>\n<meta name=\"author\" content=\"Jorge Matheus\" \/>\n<meta name=\"twitter:card\" content=\"summary_large_image\" \/>\n<meta name=\"twitter:creator\" content=\"@infoecos\" \/>\n<meta name=\"twitter:site\" content=\"@infoecos\" \/>\n<meta name=\"twitter:label1\" content=\"Escrito por\" \/>\n\t<meta name=\"twitter:data1\" content=\"Jorge Matheus\" \/>\n\t<meta name=\"twitter:label2\" content=\"Tiempo de lectura\" \/>\n\t<meta name=\"twitter:data2\" content=\"3 minutos\" \/>\n<script type=\"application\/ld+json\" class=\"yoast-schema-graph\">{\"@context\":\"https:\/\/schema.org\",\"@graph\":[{\"@type\":\"Article\",\"@id\":\"https:\/\/infoecos.com.ar\/index.php\/se-inauguro-en-catrilo-oficialmente-una-estacion-de-servicios-ypf-unica-en-su-tipo-a-la-vera-de-ruta-5\/#article\",\"isPartOf\":{\"@id\":\"https:\/\/infoecos.com.ar\/index.php\/se-inauguro-en-catrilo-oficialmente-una-estacion-de-servicios-ypf-unica-en-su-tipo-a-la-vera-de-ruta-5\/\"},\"author\":{\"name\":\"Jorge Matheus\",\"@id\":\"https:\/\/infoecos.com.ar\/#\/schema\/person\/8f5ace5ce73b4b4aac4b7245aee6f191\"},\"headline\":\"Se inaugur\u00f3 en Catril\u00f3 oficialmente una Estaci\u00f3n de Servicios YPF \u00fanica en su tipo a la vera de Ruta 5\",\"datePublished\":\"2023-09-15T04:27:34+00:00\",\"dateModified\":\"2023-09-19T05:01:20+00:00\",\"mainEntityOfPage\":{\"@id\":\"https:\/\/infoecos.com.ar\/index.php\/se-inauguro-en-catrilo-oficialmente-una-estacion-de-servicios-ypf-unica-en-su-tipo-a-la-vera-de-ruta-5\/\"},\"wordCount\":381,\"publisher\":{\"@id\":\"https:\/\/infoecos.com.ar\/#organization\"},\"image\":{\"@id\":\"https:\/\/infoecos.com.ar\/index.php\/se-inauguro-en-catrilo-oficialmente-una-estacion-de-servicios-ypf-unica-en-su-tipo-a-la-vera-de-ruta-5\/#primaryimage\"},\"thumbnailUrl\":\"https:\/\/infoecos.com.ar\/wp-content\/uploads\/2023\/09\/ypflapa.jpg\",\"keywords\":[\"pertenece al grupo norte\"],\"articleSection\":[\"Bloque inferior - 14\",\"C2 N4\"],\"inLanguage\":\"es\"},{\"@type\":\"WebPage\",\"@id\":\"https:\/\/infoecos.com.ar\/index.php\/se-inauguro-en-catrilo-oficialmente-una-estacion-de-servicios-ypf-unica-en-su-tipo-a-la-vera-de-ruta-5\/\",\"url\":\"https:\/\/infoecos.com.ar\/index.php\/se-inauguro-en-catrilo-oficialmente-una-estacion-de-servicios-ypf-unica-en-su-tipo-a-la-vera-de-ruta-5\/\",\"name\":\"Se inaugur\u00f3 en Catril\u00f3 oficialmente una Estaci\u00f3n de Servicios YPF \u00fanica en su tipo a la vera de Ruta 5 - Infoecos\",\"isPartOf\":{\"@id\":\"https:\/\/infoecos.com.ar\/#website\"},\"primaryImageOfPage\":{\"@id\":\"https:\/\/infoecos.com.ar\/index.php\/se-inauguro-en-catrilo-oficialmente-una-estacion-de-servicios-ypf-unica-en-su-tipo-a-la-vera-de-ruta-5\/#primaryimage\"},\"image\":{\"@id\":\"https:\/\/infoecos.com.ar\/index.php\/se-inauguro-en-catrilo-oficialmente-una-estacion-de-servicios-ypf-unica-en-su-tipo-a-la-vera-de-ruta-5\/#primaryimage\"},\"thumbnailUrl\":\"https:\/\/infoecos.com.ar\/wp-content\/uploads\/2023\/09\/ypflapa.jpg\",\"datePublished\":\"2023-09-15T04:27:34+00:00\",\"dateModified\":\"2023-09-19T05:01:20+00:00\",\"breadcrumb\":{\"@id\":\"https:\/\/infoecos.com.ar\/index.php\/se-inauguro-en-catrilo-oficialmente-una-estacion-de-servicios-ypf-unica-en-su-tipo-a-la-vera-de-ruta-5\/#breadcrumb\"},\"inLanguage\":\"es\",\"potentialAction\":[{\"@type\":\"ReadAction\",\"target\":[\"https:\/\/infoecos.com.ar\/index.php\/se-inauguro-en-catrilo-oficialmente-una-estacion-de-servicios-ypf-unica-en-su-tipo-a-la-vera-de-ruta-5\/\"]}]},{\"@type\":\"ImageObject\",\"inLanguage\":\"es\",\"@id\":\"https:\/\/infoecos.com.ar\/index.php\/se-inauguro-en-catrilo-oficialmente-una-estacion-de-servicios-ypf-unica-en-su-tipo-a-la-vera-de-ruta-5\/#primaryimage\",\"url\":\"https:\/\/infoecos.com.ar\/wp-content\/uploads\/2023\/09\/ypflapa.jpg\",\"contentUrl\":\"https:\/\/infoecos.com.ar\/wp-content\/uploads\/2023\/09\/ypflapa.jpg\",\"width\":807,\"height\":454},{\"@type\":\"BreadcrumbList\",\"@id\":\"https:\/\/infoecos.com.ar\/index.php\/se-inauguro-en-catrilo-oficialmente-una-estacion-de-servicios-ypf-unica-en-su-tipo-a-la-vera-de-ruta-5\/#breadcrumb\",\"itemListElement\":[{\"@type\":\"ListItem\",\"position\":1,\"name\":\"Portada\",\"item\":\"https:\/\/infoecos.com.ar\/\"},{\"@type\":\"ListItem\",\"position\":2,\"name\":\"Se inaugur\u00f3 en Catril\u00f3 oficialmente una Estaci\u00f3n de Servicios YPF \u00fanica en su tipo a la vera de Ruta 5\"}]},{\"@type\":\"WebSite\",\"@id\":\"https:\/\/infoecos.com.ar\/#website\",\"url\":\"https:\/\/infoecos.com.ar\/\",\"name\":\"Infoecos\",\"description\":\"Noticias de trenque lauquen y la zona\",\"publisher\":{\"@id\":\"https:\/\/infoecos.com.ar\/#organization\"},\"alternateName\":\"Noticias\",\"potentialAction\":[{\"@type\":\"SearchAction\",\"target\":{\"@type\":\"EntryPoint\",\"urlTemplate\":\"https:\/\/infoecos.com.ar\/?s={search_term_string}\"},\"query-input\":{\"@type\":\"PropertyValueSpecification\",\"valueRequired\":true,\"valueName\":\"search_term_string\"}}],\"inLanguage\":\"es\"},{\"@type\":\"Organization\",\"@id\":\"https:\/\/infoecos.com.ar\/#organization\",\"name\":\"Infoecos\",\"alternateName\":\"Noticias\",\"url\":\"https:\/\/infoecos.com.ar\/\",\"logo\":{\"@type\":\"ImageObject\",\"inLanguage\":\"es\",\"@id\":\"https:\/\/infoecos.com.ar\/#\/schema\/logo\/image\/\",\"url\":\"https:\/\/infoecos.com.ar\/wp-content\/uploads\/2024\/03\/cropped-logo.png\",\"contentUrl\":\"https:\/\/infoecos.com.ar\/wp-content\/uploads\/2024\/03\/cropped-logo.png\",\"width\":374,\"height\":90,\"caption\":\"Infoecos\"},\"image\":{\"@id\":\"https:\/\/infoecos.com.ar\/#\/schema\/logo\/image\/\"},\"sameAs\":[\"https:\/\/www.facebook.com\/profile.php?id=100063200290284\",\"https:\/\/x.com\/infoecos\"]},{\"@type\":\"Person\",\"@id\":\"https:\/\/infoecos.com.ar\/#\/schema\/person\/8f5ace5ce73b4b4aac4b7245aee6f191\",\"name\":\"Jorge Matheus\",\"url\":\"https:\/\/infoecos.com.ar\/index.php\/author\/jomatheus\/\"}]}<\/script>\n<!-- \/ Yoast SEO plugin. -->","yoast_head_json":{"title":"Se inaugur\u00f3 en Catril\u00f3 oficialmente una Estaci\u00f3n de Servicios YPF \u00fanica en su tipo a la vera de Ruta 5 - Infoecos","robots":{"index":"index","follow":"follow","max-snippet":"max-snippet:-1","max-image-preview":"max-image-preview:large","max-video-preview":"max-video-preview:-1"},"canonical":"https:\/\/infoecos.com.ar\/index.php\/se-inauguro-en-catrilo-oficialmente-una-estacion-de-servicios-ypf-unica-en-su-tipo-a-la-vera-de-ruta-5\/","og_locale":"es_ES","og_type":"article","og_title":"Se inaugur\u00f3 en Catril\u00f3 oficialmente una Estaci\u00f3n de Servicios YPF \u00fanica en su tipo a la vera de Ruta 5 - Infoecos","og_description":"En el acto estuvieron presentes el gobernador de la provincia, Sergio Ziliotto; y el presidente de Yacimientos Petrol\u00edferos Fiscales, Pablo Gonz\u00e1lez","og_url":"https:\/\/infoecos.com.ar\/index.php\/se-inauguro-en-catrilo-oficialmente-una-estacion-de-servicios-ypf-unica-en-su-tipo-a-la-vera-de-ruta-5\/","og_site_name":"Infoecos","article_publisher":"https:\/\/www.facebook.com\/profile.php?id=100063200290284","article_published_time":"2023-09-15T04:27:34+00:00","article_modified_time":"2023-09-19T05:01:20+00:00","og_image":[{"width":807,"height":454,"url":"https:\/\/infoecos.com.ar\/wp-content\/uploads\/2023\/09\/ypflapa.jpg","type":"image\/jpeg"}],"author":"Jorge Matheus","twitter_card":"summary_large_image","twitter_creator":"@infoecos","twitter_site":"@infoecos","twitter_misc":{"Escrito por":"Jorge Matheus","Tiempo de lectura":"3 minutos"},"schema":{"@context":"https:\/\/schema.org","@graph":[{"@type":"Article","@id":"https:\/\/infoecos.com.ar\/index.php\/se-inauguro-en-catrilo-oficialmente-una-estacion-de-servicios-ypf-unica-en-su-tipo-a-la-vera-de-ruta-5\/#article","isPartOf":{"@id":"https:\/\/infoecos.com.ar\/index.php\/se-inauguro-en-catrilo-oficialmente-una-estacion-de-servicios-ypf-unica-en-su-tipo-a-la-vera-de-ruta-5\/"},"author":{"name":"Jorge Matheus","@id":"https:\/\/infoecos.com.ar\/#\/schema\/person\/8f5ace5ce73b4b4aac4b7245aee6f191"},"headline":"Se inaugur\u00f3 en Catril\u00f3 oficialmente una Estaci\u00f3n de Servicios YPF \u00fanica en su tipo a la vera de Ruta 5","datePublished":"2023-09-15T04:27:34+00:00","dateModified":"2023-09-19T05:01:20+00:00","mainEntityOfPage":{"@id":"https:\/\/infoecos.com.ar\/index.php\/se-inauguro-en-catrilo-oficialmente-una-estacion-de-servicios-ypf-unica-en-su-tipo-a-la-vera-de-ruta-5\/"},"wordCount":381,"publisher":{"@id":"https:\/\/infoecos.com.ar\/#organization"},"image":{"@id":"https:\/\/infoecos.com.ar\/index.php\/se-inauguro-en-catrilo-oficialmente-una-estacion-de-servicios-ypf-unica-en-su-tipo-a-la-vera-de-ruta-5\/#primaryimage"},"thumbnailUrl":"https:\/\/infoecos.com.ar\/wp-content\/uploads\/2023\/09\/ypflapa.jpg","keywords":["pertenece al grupo norte"],"articleSection":["Bloque inferior - 14","C2 N4"],"inLanguage":"es"},{"@type":"WebPage","@id":"https:\/\/infoecos.com.ar\/index.php\/se-inauguro-en-catrilo-oficialmente-una-estacion-de-servicios-ypf-unica-en-su-tipo-a-la-vera-de-ruta-5\/","url":"https:\/\/infoecos.com.ar\/index.php\/se-inauguro-en-catrilo-oficialmente-una-estacion-de-servicios-ypf-unica-en-su-tipo-a-la-vera-de-ruta-5\/","name":"Se inaugur\u00f3 en Catril\u00f3 oficialmente una Estaci\u00f3n de Servicios YPF \u00fanica en su tipo a la vera de Ruta 5 - Infoecos","isPartOf":{"@id":"https:\/\/infoecos.com.ar\/#website"},"primaryImageOfPage":{"@id":"https:\/\/infoecos.com.ar\/index.php\/se-inauguro-en-catrilo-oficialmente-una-estacion-de-servicios-ypf-unica-en-su-tipo-a-la-vera-de-ruta-5\/#primaryimage"},"image":{"@id":"https:\/\/infoecos.com.ar\/index.php\/se-inauguro-en-catrilo-oficialmente-una-estacion-de-servicios-ypf-unica-en-su-tipo-a-la-vera-de-ruta-5\/#primaryimage"},"thumbnailUrl":"https:\/\/infoecos.com.ar\/wp-content\/uploads\/2023\/09\/ypflapa.jpg","datePublished":"2023-09-15T04:27:34+00:00","dateModified":"2023-09-19T05:01:20+00:00","breadcrumb":{"@id":"https:\/\/infoecos.com.ar\/index.php\/se-inauguro-en-catrilo-oficialmente-una-estacion-de-servicios-ypf-unica-en-su-tipo-a-la-vera-de-ruta-5\/#breadcrumb"},"inLanguage":"es","potentialAction":[{"@type":"ReadAction","target":["https:\/\/infoecos.com.ar\/index.php\/se-inauguro-en-catrilo-oficialmente-una-estacion-de-servicios-ypf-unica-en-su-tipo-a-la-vera-de-ruta-5\/"]}]},{"@type":"ImageObject","inLanguage":"es","@id":"https:\/\/infoecos.com.ar\/index.php\/se-inauguro-en-catrilo-oficialmente-una-estacion-de-servicios-ypf-unica-en-su-tipo-a-la-vera-de-ruta-5\/#primaryimage","url":"https:\/\/infoecos.com.ar\/wp-content\/uploads\/2023\/09\/ypflapa.jpg","contentUrl":"https:\/\/infoecos.com.ar\/wp-content\/uploads\/2023\/09\/ypflapa.jpg","width":807,"height":454},{"@type":"BreadcrumbList","@id":"https:\/\/infoecos.com.ar\/index.php\/se-inauguro-en-catrilo-oficialmente-una-estacion-de-servicios-ypf-unica-en-su-tipo-a-la-vera-de-ruta-5\/#breadcrumb","itemListElement":[{"@type":"ListItem","position":1,"name":"Portada","item":"https:\/\/infoecos.com.ar\/"},{"@type":"ListItem","position":2,"name":"Se inaugur\u00f3 en Catril\u00f3 oficialmente una Estaci\u00f3n de Servicios YPF \u00fanica en su tipo a la vera de Ruta 5"}]},{"@type":"WebSite","@id":"https:\/\/infoecos.com.ar\/#website","url":"https:\/\/infoecos.com.ar\/","name":"Infoecos","description":"Noticias de trenque lauquen y la zona","publisher":{"@id":"https:\/\/infoecos.com.ar\/#organization"},"alternateName":"Noticias","potentialAction":[{"@type":"SearchAction","target":{"@type":"EntryPoint","urlTemplate":"https:\/\/infoecos.com.ar\/?s={search_term_string}"},"query-input":{"@type":"PropertyValueSpecification","valueRequired":true,"valueName":"search_term_string"}}],"inLanguage":"es"},{"@type":"Organization","@id":"https:\/\/infoecos.com.ar\/#organization","name":"Infoecos","alternateName":"Noticias","url":"https:\/\/infoecos.com.ar\/","logo":{"@type":"ImageObject","inLanguage":"es","@id":"https:\/\/infoecos.com.ar\/#\/schema\/logo\/image\/","url":"https:\/\/infoecos.com.ar\/wp-content\/uploads\/2024\/03\/cropped-logo.png","contentUrl":"https:\/\/infoecos.com.ar\/wp-content\/uploads\/2024\/03\/cropped-logo.png","width":374,"height":90,"caption":"Infoecos"},"image":{"@id":"https:\/\/infoecos.com.ar\/#\/schema\/logo\/image\/"},"sameAs":["https:\/\/www.facebook.com\/profile.php?id=100063200290284","https:\/\/x.com\/infoecos"]},{"@type":"Person","@id":"https:\/\/infoecos.com.ar\/#\/schema\/person\/8f5ace5ce73b4b4aac4b7245aee6f191","name":"Jorge Matheus","url":"https:\/\/infoecos.com.ar\/index.php\/author\/jomatheus\/"}]}},"featured_image_urls":{"full":["https:\/\/infoecos.com.ar\/wp-content\/uploads\/2023\/09\/ypflapa.jpg",807,454,false],"thumbnail":["https:\/\/infoecos.com.ar\/wp-content\/uploads\/2023\/09\/ypflapa-300x150.jpg",300,150,true],"medium":["https:\/\/infoecos.com.ar\/wp-content\/uploads\/2023\/09\/ypflapa-800x450.jpg",800,450,true],"medium_large":["https:\/\/infoecos.com.ar\/wp-content\/uploads\/2023\/09\/ypflapa-768x432.jpg",640,360,true],"large":["https:\/\/infoecos.com.ar\/wp-content\/uploads\/2023\/09\/ypflapa.jpg",640,360,false],"1536x1536":["https:\/\/infoecos.com.ar\/wp-content\/uploads\/2023\/09\/ypflapa.jpg",807,454,false],"2048x2048":["https:\/\/infoecos.com.ar\/wp-content\/uploads\/2023\/09\/ypflapa.jpg",807,454,false],"covernews-slider-full":["https:\/\/infoecos.com.ar\/wp-content\/uploads\/2023\/09\/ypflapa.jpg",807,454,false],"covernews-slider-center":["https:\/\/infoecos.com.ar\/wp-content\/uploads\/2023\/09\/ypflapa.jpg",800,450,false],"covernews-featured":["https:\/\/infoecos.com.ar\/wp-content\/uploads\/2023\/09\/ypflapa.jpg",807,454,false],"covernews-medium":["https:\/\/infoecos.com.ar\/wp-content\/uploads\/2023\/09\/ypflapa-720x380.jpg",540,285,true],"covernews-medium-square":["https:\/\/infoecos.com.ar\/wp-content\/uploads\/2023\/09\/ypflapa-675x450.jpg",375,250,true]},"author_info":{"info":["Jorge Matheus"]},"category_info":"<a href=\"https:\/\/infoecos.com.ar\/index.php\/category\/inferior14\/\" rel=\"category tag\">Bloque inferior - 14<\/a> <a href=\"https:\/\/infoecos.com.ar\/index.php\/category\/c2nota4\/\" rel=\"category tag\">C2 N4<\/a>","tag_info":"C2 N4","comment_count":"0","_links":{"self":[{"href":"https:\/\/infoecos.com.ar\/index.php\/wp-json\/wp\/v2\/posts\/112173"}],"collection":[{"href":"https:\/\/infoecos.com.ar\/index.php\/wp-json\/wp\/v2\/posts"}],"about":[{"href":"https:\/\/infoecos.com.ar\/index.php\/wp-json\/wp\/v2\/types\/post"}],"author":[{"embeddable":true,"href":"https:\/\/infoecos.com.ar\/index.php\/wp-json\/wp\/v2\/users\/2"}],"replies":[{"embeddable":true,"href":"https:\/\/infoecos.com.ar\/index.php\/wp-json\/wp\/v2\/comments?post=112173"}],"version-history":[{"count":1,"href":"https:\/\/infoecos.com.ar\/index.php\/wp-json\/wp\/v2\/posts\/112173\/revisions"}],"predecessor-version":[{"id":112179,"href":"https:\/\/infoecos.com.ar\/index.php\/wp-json\/wp\/v2\/posts\/112173\/revisions\/112179"}],"wp:featuredmedia":[{"embeddable":true,"href":"https:\/\/infoecos.com.ar\/index.php\/wp-json\/wp\/v2\/media\/112178"}],"wp:attachment":[{"href":"https:\/\/infoecos.com.ar\/index.php\/wp-json\/wp\/v2\/media?parent=112173"}],"wp:term":[{"taxonomy":"category","embeddable":true,"href":"https:\/\/infoecos.com.ar\/index.php\/wp-json\/wp\/v2\/categories?post=112173"},{"taxonomy":"post_tag","embeddable":true,"href":"https:\/\/infoecos.com.ar\/index.php\/wp-json\/wp\/v2\/tags?post=112173"}],"curies":[{"name":"wp","href":"https:\/\/api.w.org\/{rel}","templated":true}]}}