{"id":112250,"date":"2023-09-16T01:09:28","date_gmt":"2023-09-16T04:09:28","guid":{"rendered":"https:\/\/infoecos.com.ar\/?p=112250"},"modified":"2023-09-19T01:58:41","modified_gmt":"2023-09-19T04:58:41","slug":"bullrich-estuvo-en-bolivar-y-recorrio-la-94-exposicion-rural","status":"publish","type":"post","link":"https:\/\/infoecos.com.ar\/index.php\/bullrich-estuvo-en-bolivar-y-recorrio-la-94-exposicion-rural\/","title":{"rendered":"Bullrich estuvo en Bol\u00edvar y recorri\u00f3 la 94\u00b0 Exposici\u00f3n Rural"},"content":{"rendered":"\n<p>La candidata a Presidente de la Naci\u00f3n de Juntos por el Cambio,&nbsp;<strong>Patricia Bullrich<\/strong>,&nbsp;<strong>visit\u00f3 ayer la ciudad de Bol\u00edvar y recorri\u00f3 la 94\u00b0 Exposici\u00f3n Rural.<\/strong> Dialog\u00f3 con algunos expositores y formul\u00f3 declaraciones a los medios que estuvieron en el lugar.<\/p>\n\n\n\n<figure class=\"wp-block-image aligncenter size-full is-resized\"><img loading=\"lazy\" decoding=\"async\" src=\"https:\/\/infoecos.com.ar\/wp-content\/uploads\/2023\/09\/image-78.png\" alt=\"\" class=\"wp-image-112251\" width=\"422\" height=\"317\" srcset=\"https:\/\/infoecos.com.ar\/wp-content\/uploads\/2023\/09\/image-78.png 1024w, https:\/\/infoecos.com.ar\/wp-content\/uploads\/2023\/09\/image-78-800x600.png 800w, https:\/\/infoecos.com.ar\/wp-content\/uploads\/2023\/09\/image-78-768x576.png 768w\" sizes=\"(max-width: 422px) 100vw, 422px\" \/><figcaption class=\"wp-element-caption\">Bullrich en Bol\u00edvar <\/figcaption><\/figure>\n\n\n\n<p class=\"has-text-align-left\">\u201cTenemos que ganarle definitivamente al kirchnerismo en el pa\u00eds\u201d, se\u00f1al\u00f3, agregando que \u201cson muchos los hitos que demuestran que han hecho mucho da\u00f1o\u201d.<\/p>\n\n\n\n<figure class=\"wp-block-image aligncenter size-full is-resized\"><img loading=\"lazy\" decoding=\"async\" src=\"https:\/\/infoecos.com.ar\/wp-content\/uploads\/2023\/09\/image-79.png\" alt=\"\" class=\"wp-image-112252\" width=\"430\" height=\"194\" srcset=\"https:\/\/infoecos.com.ar\/wp-content\/uploads\/2023\/09\/image-79.png 1024w, https:\/\/infoecos.com.ar\/wp-content\/uploads\/2023\/09\/image-79-800x360.png 800w, https:\/\/infoecos.com.ar\/wp-content\/uploads\/2023\/09\/image-79-768x346.png 768w\" sizes=\"(max-width: 430px) 100vw, 430px\" \/><figcaption class=\"wp-element-caption\">Bullrich en Bol\u00edvar<\/figcaption><\/figure>\n\n\n\n<p>Resalt\u00f3 la importancia de \u201cganar la provincia de Buenos Aires\u201d con la postulaci\u00f3n de&nbsp;N\u00e9stor Grindetti.<\/p>\n\n\n\n<p>Estuvo acompa\u00f1ada por N\u00e9stor Grindetti, candidato a gobernador de la Provincia de Buenos Aires; Jos\u00e9 Luis Espert, diputado nacional; y Alfredo De Angeli, senador nacional.<\/p>\n\n\n\n<figure class=\"wp-block-image aligncenter size-full is-resized\"><img loading=\"lazy\" decoding=\"async\" src=\"https:\/\/infoecos.com.ar\/wp-content\/uploads\/2023\/09\/WhatsApp-Image-2023-09-15-at-21.30.06-696x392-1.jpeg\" alt=\"\" class=\"wp-image-112253\" width=\"430\" height=\"243\"\/><figcaption class=\"wp-element-caption\">Bullrich en Bol\u00edvar<\/figcaption><\/figure>\n\n\n\n<p>Manifest\u00f3 su apoyo al candidato a intendente local, Juan Carlos Mor\u00e1n, como a las representantes de la s\u00e9ptima, Alejandra Lord\u00e9n y \u201cPity\u201d Quibus.<\/p>\n\n\n\n<p> <\/p>\n","protected":false},"excerpt":{"rendered":"<p>Estuvo acompa\u00f1ada por N\u00e9stor Grindetti, candidato a gobernador de la Provincia de Buenos Aires; Jos\u00e9 Luis Espert, diputado nacional; y Alfredo De Angeli, senador nacional<\/p>\n","protected":false},"author":2,"featured_media":112253,"comment_status":"closed","ping_status":"open","sticky":false,"template":"","format":"standard","meta":{"footnotes":""},"categories":[1331],"tags":[6789],"class_list":["post-112250","post","type-post","status-publish","format-standard","has-post-thumbnail","hentry","category-inferior11","tag-elecciones-2023"],"yoast_head":"<!-- This site is optimized with the Yoast SEO plugin v23.4 - https:\/\/yoast.com\/wordpress\/plugins\/seo\/ -->\n<title>Bullrich estuvo en Bol\u00edvar y recorri\u00f3 la 94\u00b0 Exposici\u00f3n Rural - Infoecos<\/title>\n<meta name=\"robots\" content=\"index, follow, max-snippet:-1, max-image-preview:large, max-video-preview:-1\" \/>\n<link rel=\"canonical\" href=\"https:\/\/infoecos.com.ar\/index.php\/bullrich-estuvo-en-bolivar-y-recorrio-la-94-exposicion-rural\/\" \/>\n<meta property=\"og:locale\" content=\"es_ES\" \/>\n<meta property=\"og:type\" content=\"article\" \/>\n<meta property=\"og:title\" content=\"Bullrich estuvo en Bol\u00edvar y recorri\u00f3 la 94\u00b0 Exposici\u00f3n Rural - Infoecos\" \/>\n<meta property=\"og:description\" content=\"Estuvo acompa\u00f1ada por N\u00e9stor Grindetti, candidato a gobernador de la Provincia de Buenos Aires; Jos\u00e9 Luis Espert, diputado nacional; y Alfredo De Angeli, senador nacional\" \/>\n<meta property=\"og:url\" content=\"https:\/\/infoecos.com.ar\/index.php\/bullrich-estuvo-en-bolivar-y-recorrio-la-94-exposicion-rural\/\" \/>\n<meta property=\"og:site_name\" content=\"Infoecos\" \/>\n<meta property=\"article:publisher\" content=\"https:\/\/www.facebook.com\/profile.php?id=100063200290284\" \/>\n<meta property=\"article:published_time\" content=\"2023-09-16T04:09:28+00:00\" \/>\n<meta property=\"article:modified_time\" content=\"2023-09-19T04:58:41+00:00\" \/>\n<meta property=\"og:image\" content=\"https:\/\/infoecos.com.ar\/wp-content\/uploads\/2023\/09\/WhatsApp-Image-2023-09-15-at-21.30.06-696x392-1.jpeg\" \/>\n\t<meta property=\"og:image:width\" content=\"696\" \/>\n\t<meta property=\"og:image:height\" content=\"392\" \/>\n\t<meta property=\"og:image:type\" content=\"image\/jpeg\" \/>\n<meta name=\"author\" content=\"Jorge Matheus\" \/>\n<meta name=\"twitter:card\" content=\"summary_large_image\" \/>\n<meta name=\"twitter:creator\" content=\"@infoecos\" \/>\n<meta name=\"twitter:site\" content=\"@infoecos\" \/>\n<meta name=\"twitter:label1\" content=\"Escrito por\" \/>\n\t<meta name=\"twitter:data1\" content=\"Jorge Matheus\" \/>\n\t<meta name=\"twitter:label2\" content=\"Tiempo de lectura\" \/>\n\t<meta name=\"twitter:data2\" content=\"2 minutos\" \/>\n<script type=\"application\/ld+json\" class=\"yoast-schema-graph\">{\"@context\":\"https:\/\/schema.org\",\"@graph\":[{\"@type\":\"Article\",\"@id\":\"https:\/\/infoecos.com.ar\/index.php\/bullrich-estuvo-en-bolivar-y-recorrio-la-94-exposicion-rural\/#article\",\"isPartOf\":{\"@id\":\"https:\/\/infoecos.com.ar\/index.php\/bullrich-estuvo-en-bolivar-y-recorrio-la-94-exposicion-rural\/\"},\"author\":{\"name\":\"Jorge Matheus\",\"@id\":\"https:\/\/infoecos.com.ar\/#\/schema\/person\/8f5ace5ce73b4b4aac4b7245aee6f191\"},\"headline\":\"Bullrich estuvo en Bol\u00edvar y recorri\u00f3 la 94\u00b0 Exposici\u00f3n Rural\",\"datePublished\":\"2023-09-16T04:09:28+00:00\",\"dateModified\":\"2023-09-19T04:58:41+00:00\",\"mainEntityOfPage\":{\"@id\":\"https:\/\/infoecos.com.ar\/index.php\/bullrich-estuvo-en-bolivar-y-recorrio-la-94-exposicion-rural\/\"},\"wordCount\":166,\"publisher\":{\"@id\":\"https:\/\/infoecos.com.ar\/#organization\"},\"image\":{\"@id\":\"https:\/\/infoecos.com.ar\/index.php\/bullrich-estuvo-en-bolivar-y-recorrio-la-94-exposicion-rural\/#primaryimage\"},\"thumbnailUrl\":\"https:\/\/infoecos.com.ar\/wp-content\/uploads\/2023\/09\/WhatsApp-Image-2023-09-15-at-21.30.06-696x392-1.jpeg\",\"keywords\":[\"elecciones 2023\"],\"articleSection\":[\"Bloque inferior - 11\"],\"inLanguage\":\"es\"},{\"@type\":\"WebPage\",\"@id\":\"https:\/\/infoecos.com.ar\/index.php\/bullrich-estuvo-en-bolivar-y-recorrio-la-94-exposicion-rural\/\",\"url\":\"https:\/\/infoecos.com.ar\/index.php\/bullrich-estuvo-en-bolivar-y-recorrio-la-94-exposicion-rural\/\",\"name\":\"Bullrich estuvo en Bol\u00edvar y recorri\u00f3 la 94\u00b0 Exposici\u00f3n Rural - Infoecos\",\"isPartOf\":{\"@id\":\"https:\/\/infoecos.com.ar\/#website\"},\"primaryImageOfPage\":{\"@id\":\"https:\/\/infoecos.com.ar\/index.php\/bullrich-estuvo-en-bolivar-y-recorrio-la-94-exposicion-rural\/#primaryimage\"},\"image\":{\"@id\":\"https:\/\/infoecos.com.ar\/index.php\/bullrich-estuvo-en-bolivar-y-recorrio-la-94-exposicion-rural\/#primaryimage\"},\"thumbnailUrl\":\"https:\/\/infoecos.com.ar\/wp-content\/uploads\/2023\/09\/WhatsApp-Image-2023-09-15-at-21.30.06-696x392-1.jpeg\",\"datePublished\":\"2023-09-16T04:09:28+00:00\",\"dateModified\":\"2023-09-19T04:58:41+00:00\",\"breadcrumb\":{\"@id\":\"https:\/\/infoecos.com.ar\/index.php\/bullrich-estuvo-en-bolivar-y-recorrio-la-94-exposicion-rural\/#breadcrumb\"},\"inLanguage\":\"es\",\"potentialAction\":[{\"@type\":\"ReadAction\",\"target\":[\"https:\/\/infoecos.com.ar\/index.php\/bullrich-estuvo-en-bolivar-y-recorrio-la-94-exposicion-rural\/\"]}]},{\"@type\":\"ImageObject\",\"inLanguage\":\"es\",\"@id\":\"https:\/\/infoecos.com.ar\/index.php\/bullrich-estuvo-en-bolivar-y-recorrio-la-94-exposicion-rural\/#primaryimage\",\"url\":\"https:\/\/infoecos.com.ar\/wp-content\/uploads\/2023\/09\/WhatsApp-Image-2023-09-15-at-21.30.06-696x392-1.jpeg\",\"contentUrl\":\"https:\/\/infoecos.com.ar\/wp-content\/uploads\/2023\/09\/WhatsApp-Image-2023-09-15-at-21.30.06-696x392-1.jpeg\",\"width\":696,\"height\":392},{\"@type\":\"BreadcrumbList\",\"@id\":\"https:\/\/infoecos.com.ar\/index.php\/bullrich-estuvo-en-bolivar-y-recorrio-la-94-exposicion-rural\/#breadcrumb\",\"itemListElement\":[{\"@type\":\"ListItem\",\"position\":1,\"name\":\"Portada\",\"item\":\"https:\/\/infoecos.com.ar\/\"},{\"@type\":\"ListItem\",\"position\":2,\"name\":\"Bullrich estuvo en Bol\u00edvar y recorri\u00f3 la 94\u00b0 Exposici\u00f3n Rural\"}]},{\"@type\":\"WebSite\",\"@id\":\"https:\/\/infoecos.com.ar\/#website\",\"url\":\"https:\/\/infoecos.com.ar\/\",\"name\":\"Infoecos\",\"description\":\"Noticias de trenque lauquen y la zona\",\"publisher\":{\"@id\":\"https:\/\/infoecos.com.ar\/#organization\"},\"alternateName\":\"Noticias\",\"potentialAction\":[{\"@type\":\"SearchAction\",\"target\":{\"@type\":\"EntryPoint\",\"urlTemplate\":\"https:\/\/infoecos.com.ar\/?s={search_term_string}\"},\"query-input\":{\"@type\":\"PropertyValueSpecification\",\"valueRequired\":true,\"valueName\":\"search_term_string\"}}],\"inLanguage\":\"es\"},{\"@type\":\"Organization\",\"@id\":\"https:\/\/infoecos.com.ar\/#organization\",\"name\":\"Infoecos\",\"alternateName\":\"Noticias\",\"url\":\"https:\/\/infoecos.com.ar\/\",\"logo\":{\"@type\":\"ImageObject\",\"inLanguage\":\"es\",\"@id\":\"https:\/\/infoecos.com.ar\/#\/schema\/logo\/image\/\",\"url\":\"https:\/\/infoecos.com.ar\/wp-content\/uploads\/2024\/03\/cropped-logo.png\",\"contentUrl\":\"https:\/\/infoecos.com.ar\/wp-content\/uploads\/2024\/03\/cropped-logo.png\",\"width\":374,\"height\":90,\"caption\":\"Infoecos\"},\"image\":{\"@id\":\"https:\/\/infoecos.com.ar\/#\/schema\/logo\/image\/\"},\"sameAs\":[\"https:\/\/www.facebook.com\/profile.php?id=100063200290284\",\"https:\/\/x.com\/infoecos\"]},{\"@type\":\"Person\",\"@id\":\"https:\/\/infoecos.com.ar\/#\/schema\/person\/8f5ace5ce73b4b4aac4b7245aee6f191\",\"name\":\"Jorge Matheus\",\"url\":\"https:\/\/infoecos.com.ar\/index.php\/author\/jomatheus\/\"}]}<\/script>\n<!-- \/ Yoast SEO plugin. -->","yoast_head_json":{"title":"Bullrich estuvo en Bol\u00edvar y recorri\u00f3 la 94\u00b0 Exposici\u00f3n Rural - Infoecos","robots":{"index":"index","follow":"follow","max-snippet":"max-snippet:-1","max-image-preview":"max-image-preview:large","max-video-preview":"max-video-preview:-1"},"canonical":"https:\/\/infoecos.com.ar\/index.php\/bullrich-estuvo-en-bolivar-y-recorrio-la-94-exposicion-rural\/","og_locale":"es_ES","og_type":"article","og_title":"Bullrich estuvo en Bol\u00edvar y recorri\u00f3 la 94\u00b0 Exposici\u00f3n Rural - Infoecos","og_description":"Estuvo acompa\u00f1ada por N\u00e9stor Grindetti, candidato a gobernador de la Provincia de Buenos Aires; Jos\u00e9 Luis Espert, diputado nacional; y Alfredo De Angeli, senador nacional","og_url":"https:\/\/infoecos.com.ar\/index.php\/bullrich-estuvo-en-bolivar-y-recorrio-la-94-exposicion-rural\/","og_site_name":"Infoecos","article_publisher":"https:\/\/www.facebook.com\/profile.php?id=100063200290284","article_published_time":"2023-09-16T04:09:28+00:00","article_modified_time":"2023-09-19T04:58:41+00:00","og_image":[{"width":696,"height":392,"url":"https:\/\/infoecos.com.ar\/wp-content\/uploads\/2023\/09\/WhatsApp-Image-2023-09-15-at-21.30.06-696x392-1.jpeg","type":"image\/jpeg"}],"author":"Jorge Matheus","twitter_card":"summary_large_image","twitter_creator":"@infoecos","twitter_site":"@infoecos","twitter_misc":{"Escrito por":"Jorge Matheus","Tiempo de lectura":"2 minutos"},"schema":{"@context":"https:\/\/schema.org","@graph":[{"@type":"Article","@id":"https:\/\/infoecos.com.ar\/index.php\/bullrich-estuvo-en-bolivar-y-recorrio-la-94-exposicion-rural\/#article","isPartOf":{"@id":"https:\/\/infoecos.com.ar\/index.php\/bullrich-estuvo-en-bolivar-y-recorrio-la-94-exposicion-rural\/"},"author":{"name":"Jorge Matheus","@id":"https:\/\/infoecos.com.ar\/#\/schema\/person\/8f5ace5ce73b4b4aac4b7245aee6f191"},"headline":"Bullrich estuvo en Bol\u00edvar y recorri\u00f3 la 94\u00b0 Exposici\u00f3n Rural","datePublished":"2023-09-16T04:09:28+00:00","dateModified":"2023-09-19T04:58:41+00:00","mainEntityOfPage":{"@id":"https:\/\/infoecos.com.ar\/index.php\/bullrich-estuvo-en-bolivar-y-recorrio-la-94-exposicion-rural\/"},"wordCount":166,"publisher":{"@id":"https:\/\/infoecos.com.ar\/#organization"},"image":{"@id":"https:\/\/infoecos.com.ar\/index.php\/bullrich-estuvo-en-bolivar-y-recorrio-la-94-exposicion-rural\/#primaryimage"},"thumbnailUrl":"https:\/\/infoecos.com.ar\/wp-content\/uploads\/2023\/09\/WhatsApp-Image-2023-09-15-at-21.30.06-696x392-1.jpeg","keywords":["elecciones 2023"],"articleSection":["Bloque inferior - 11"],"inLanguage":"es"},{"@type":"WebPage","@id":"https:\/\/infoecos.com.ar\/index.php\/bullrich-estuvo-en-bolivar-y-recorrio-la-94-exposicion-rural\/","url":"https:\/\/infoecos.com.ar\/index.php\/bullrich-estuvo-en-bolivar-y-recorrio-la-94-exposicion-rural\/","name":"Bullrich estuvo en Bol\u00edvar y recorri\u00f3 la 94\u00b0 Exposici\u00f3n Rural - Infoecos","isPartOf":{"@id":"https:\/\/infoecos.com.ar\/#website"},"primaryImageOfPage":{"@id":"https:\/\/infoecos.com.ar\/index.php\/bullrich-estuvo-en-bolivar-y-recorrio-la-94-exposicion-rural\/#primaryimage"},"image":{"@id":"https:\/\/infoecos.com.ar\/index.php\/bullrich-estuvo-en-bolivar-y-recorrio-la-94-exposicion-rural\/#primaryimage"},"thumbnailUrl":"https:\/\/infoecos.com.ar\/wp-content\/uploads\/2023\/09\/WhatsApp-Image-2023-09-15-at-21.30.06-696x392-1.jpeg","datePublished":"2023-09-16T04:09:28+00:00","dateModified":"2023-09-19T04:58:41+00:00","breadcrumb":{"@id":"https:\/\/infoecos.com.ar\/index.php\/bullrich-estuvo-en-bolivar-y-recorrio-la-94-exposicion-rural\/#breadcrumb"},"inLanguage":"es","potentialAction":[{"@type":"ReadAction","target":["https:\/\/infoecos.com.ar\/index.php\/bullrich-estuvo-en-bolivar-y-recorrio-la-94-exposicion-rural\/"]}]},{"@type":"ImageObject","inLanguage":"es","@id":"https:\/\/infoecos.com.ar\/index.php\/bullrich-estuvo-en-bolivar-y-recorrio-la-94-exposicion-rural\/#primaryimage","url":"https:\/\/infoecos.com.ar\/wp-content\/uploads\/2023\/09\/WhatsApp-Image-2023-09-15-at-21.30.06-696x392-1.jpeg","contentUrl":"https:\/\/infoecos.com.ar\/wp-content\/uploads\/2023\/09\/WhatsApp-Image-2023-09-15-at-21.30.06-696x392-1.jpeg","width":696,"height":392},{"@type":"BreadcrumbList","@id":"https:\/\/infoecos.com.ar\/index.php\/bullrich-estuvo-en-bolivar-y-recorrio-la-94-exposicion-rural\/#breadcrumb","itemListElement":[{"@type":"ListItem","position":1,"name":"Portada","item":"https:\/\/infoecos.com.ar\/"},{"@type":"ListItem","position":2,"name":"Bullrich estuvo en Bol\u00edvar y recorri\u00f3 la 94\u00b0 Exposici\u00f3n Rural"}]},{"@type":"WebSite","@id":"https:\/\/infoecos.com.ar\/#website","url":"https:\/\/infoecos.com.ar\/","name":"Infoecos","description":"Noticias de trenque lauquen y la zona","publisher":{"@id":"https:\/\/infoecos.com.ar\/#organization"},"alternateName":"Noticias","potentialAction":[{"@type":"SearchAction","target":{"@type":"EntryPoint","urlTemplate":"https:\/\/infoecos.com.ar\/?s={search_term_string}"},"query-input":{"@type":"PropertyValueSpecification","valueRequired":true,"valueName":"search_term_string"}}],"inLanguage":"es"},{"@type":"Organization","@id":"https:\/\/infoecos.com.ar\/#organization","name":"Infoecos","alternateName":"Noticias","url":"https:\/\/infoecos.com.ar\/","logo":{"@type":"ImageObject","inLanguage":"es","@id":"https:\/\/infoecos.com.ar\/#\/schema\/logo\/image\/","url":"https:\/\/infoecos.com.ar\/wp-content\/uploads\/2024\/03\/cropped-logo.png","contentUrl":"https:\/\/infoecos.com.ar\/wp-content\/uploads\/2024\/03\/cropped-logo.png","width":374,"height":90,"caption":"Infoecos"},"image":{"@id":"https:\/\/infoecos.com.ar\/#\/schema\/logo\/image\/"},"sameAs":["https:\/\/www.facebook.com\/profile.php?id=100063200290284","https:\/\/x.com\/infoecos"]},{"@type":"Person","@id":"https:\/\/infoecos.com.ar\/#\/schema\/person\/8f5ace5ce73b4b4aac4b7245aee6f191","name":"Jorge Matheus","url":"https:\/\/infoecos.com.ar\/index.php\/author\/jomatheus\/"}]}},"featured_image_urls":{"full":["https:\/\/infoecos.com.ar\/wp-content\/uploads\/2023\/09\/WhatsApp-Image-2023-09-15-at-21.30.06-696x392-1.jpeg",696,392,false],"thumbnail":["https:\/\/infoecos.com.ar\/wp-content\/uploads\/2023\/09\/WhatsApp-Image-2023-09-15-at-21.30.06-696x392-1-300x150.jpeg",300,150,true],"medium":["https:\/\/infoecos.com.ar\/wp-content\/uploads\/2023\/09\/WhatsApp-Image-2023-09-15-at-21.30.06-696x392-1.jpeg",696,392,false],"medium_large":["https:\/\/infoecos.com.ar\/wp-content\/uploads\/2023\/09\/WhatsApp-Image-2023-09-15-at-21.30.06-696x392-1.jpeg",640,360,false],"large":["https:\/\/infoecos.com.ar\/wp-content\/uploads\/2023\/09\/WhatsApp-Image-2023-09-15-at-21.30.06-696x392-1.jpeg",640,360,false],"1536x1536":["https:\/\/infoecos.com.ar\/wp-content\/uploads\/2023\/09\/WhatsApp-Image-2023-09-15-at-21.30.06-696x392-1.jpeg",696,392,false],"2048x2048":["https:\/\/infoecos.com.ar\/wp-content\/uploads\/2023\/09\/WhatsApp-Image-2023-09-15-at-21.30.06-696x392-1.jpeg",696,392,false],"covernews-slider-full":["https:\/\/infoecos.com.ar\/wp-content\/uploads\/2023\/09\/WhatsApp-Image-2023-09-15-at-21.30.06-696x392-1.jpeg",696,392,false],"covernews-slider-center":["https:\/\/infoecos.com.ar\/wp-content\/uploads\/2023\/09\/WhatsApp-Image-2023-09-15-at-21.30.06-696x392-1.jpeg",696,392,false],"covernews-featured":["https:\/\/infoecos.com.ar\/wp-content\/uploads\/2023\/09\/WhatsApp-Image-2023-09-15-at-21.30.06-696x392-1.jpeg",696,392,false],"covernews-medium":["https:\/\/infoecos.com.ar\/wp-content\/uploads\/2023\/09\/WhatsApp-Image-2023-09-15-at-21.30.06-696x392-1-696x380.jpeg",540,295,true],"covernews-medium-square":["https:\/\/infoecos.com.ar\/wp-content\/uploads\/2023\/09\/WhatsApp-Image-2023-09-15-at-21.30.06-696x392-1-675x392.jpeg",400,232,true]},"author_info":{"info":["Jorge Matheus"]},"category_info":"<a href=\"https:\/\/infoecos.com.ar\/index.php\/category\/inferior11\/\" rel=\"category tag\">Bloque inferior - 11<\/a>","tag_info":"Bloque inferior - 11","comment_count":"0","_links":{"self":[{"href":"https:\/\/infoecos.com.ar\/index.php\/wp-json\/wp\/v2\/posts\/112250"}],"collection":[{"href":"https:\/\/infoecos.com.ar\/index.php\/wp-json\/wp\/v2\/posts"}],"about":[{"href":"https:\/\/infoecos.com.ar\/index.php\/wp-json\/wp\/v2\/types\/post"}],"author":[{"embeddable":true,"href":"https:\/\/infoecos.com.ar\/index.php\/wp-json\/wp\/v2\/users\/2"}],"replies":[{"embeddable":true,"href":"https:\/\/infoecos.com.ar\/index.php\/wp-json\/wp\/v2\/comments?post=112250"}],"version-history":[{"count":2,"href":"https:\/\/infoecos.com.ar\/index.php\/wp-json\/wp\/v2\/posts\/112250\/revisions"}],"predecessor-version":[{"id":112265,"href":"https:\/\/infoecos.com.ar\/index.php\/wp-json\/wp\/v2\/posts\/112250\/revisions\/112265"}],"wp:featuredmedia":[{"embeddable":true,"href":"https:\/\/infoecos.com.ar\/index.php\/wp-json\/wp\/v2\/media\/112253"}],"wp:attachment":[{"href":"https:\/\/infoecos.com.ar\/index.php\/wp-json\/wp\/v2\/media?parent=112250"}],"wp:term":[{"taxonomy":"category","embeddable":true,"href":"https:\/\/infoecos.com.ar\/index.php\/wp-json\/wp\/v2\/categories?post=112250"},{"taxonomy":"post_tag","embeddable":true,"href":"https:\/\/infoecos.com.ar\/index.php\/wp-json\/wp\/v2\/tags?post=112250"}],"curies":[{"name":"wp","href":"https:\/\/api.w.org\/{rel}","templated":true}]}}