{"id":112272,"date":"2023-09-16T15:27:58","date_gmt":"2023-09-16T18:27:58","guid":{"rendered":"https:\/\/infoecos.com.ar\/?p=112272"},"modified":"2023-09-19T01:57:37","modified_gmt":"2023-09-19T04:57:37","slug":"prudente-pero-confiado-se-mostro-miguel-fernandez-en-lincoln-pinto-chacabuco-y-viamonte","status":"publish","type":"post","link":"https:\/\/infoecos.com.ar\/index.php\/prudente-pero-confiado-se-mostro-miguel-fernandez-en-lincoln-pinto-chacabuco-y-viamonte\/","title":{"rendered":"Prudente y muy confiado se mostr\u00f3 Miguel Fern\u00e1ndez en Lincoln, Pinto, Chacabuco y Viamonte"},"content":{"rendered":"\n<p>A pocos d\u00edas de volver a tomar una licencia especial, en virtud de su candidatura a vicegobernador de Juntos por el Cambio, Miguel Fern\u00e1ndez se encuentra recorriendo distritos de la cuarta secci\u00f3n electoral. Este s\u00e1bado en General Arenales donde se concreta una reuni\u00f3n de dirigentes de toda esta regi\u00f3n. Estuvo en Lincoln, General Pinto, Chacabuco y General Viamonte, acompa\u00f1ado por el aspirante a repetir en la legislatura bonaerense, el trenquelauquense Valent\u00edn Miranda. <\/p>\n\n\n\n<p>En este periplo dialog\u00f3 con militantes, visit\u00f3 industrias, comercios, hospitales municipales y un centro de d\u00eda.<\/p>\n\n\n\n<figure class=\"wp-block-gallery has-nested-images columns-default is-cropped wp-block-gallery-1 is-layout-flex wp-block-gallery-is-layout-flex\">\n<figure class=\"wp-block-image size-large\"><img loading=\"lazy\" decoding=\"async\" width=\"880\" height=\"586\" data-id=\"112274\" src=\"https:\/\/infoecos.com.ar\/wp-content\/uploads\/2023\/09\/20230916094222_whatsapp_image_2023_09_15_at_21_25_57.jpeg\" alt=\"\" class=\"wp-image-112274\" srcset=\"https:\/\/infoecos.com.ar\/wp-content\/uploads\/2023\/09\/20230916094222_whatsapp_image_2023_09_15_at_21_25_57.jpeg 880w, https:\/\/infoecos.com.ar\/wp-content\/uploads\/2023\/09\/20230916094222_whatsapp_image_2023_09_15_at_21_25_57-800x533.jpeg 800w, https:\/\/infoecos.com.ar\/wp-content\/uploads\/2023\/09\/20230916094222_whatsapp_image_2023_09_15_at_21_25_57-768x511.jpeg 768w, https:\/\/infoecos.com.ar\/wp-content\/uploads\/2023\/09\/20230916094222_whatsapp_image_2023_09_15_at_21_25_57-675x450.jpeg 675w\" sizes=\"(max-width: 880px) 100vw, 880px\" \/><figcaption class=\"wp-element-caption\">Miguel Fern\u00e1ndez de recorrida por la 4ta <\/figcaption><\/figure>\n\n\n\n<figure class=\"wp-block-image size-large\"><img loading=\"lazy\" decoding=\"async\" width=\"730\" height=\"548\" data-id=\"112273\" src=\"https:\/\/infoecos.com.ar\/wp-content\/uploads\/2023\/09\/20230916094519_whatsapp_image_2023_09_15_at_19_20_41.jpg\" alt=\"\" class=\"wp-image-112273\"\/><figcaption class=\"wp-element-caption\">Miguel Fern\u00e1ndez de recorrida por la 4ta<\/figcaption><\/figure>\n<\/figure>\n\n\n\n<p>\u201cJuntos por el Cambio est\u00e1 muy lejos del techo electoral que puede llegar a alcanzar, es muy habitual, nos ha pasado en todas las elecciones que crecemos desde las Primarias, Abiertas, Simult\u00e1neas y Obligatorias (PASO) hacia las generales\u201d, dijo en una rueda de prensa. Destac\u00f3 que Juntos por el Cambio hace \u201cmucho hincapi\u00e9 en que la elecci\u00f3n en la provincia de Buenos Aires no tiene la posibilidad de ir a un ballotage como la nacional, por lo que desde el equipo de campa\u00f1a de la coalici\u00f3n se conf\u00eda en que el electorado va a emitir un voto \u00fatil en los comicios de octubre\u201d. Repar\u00f3 en que los integrantes de&nbsp;Juntos por el Cambio&nbsp;est\u00e1n convencidos de que la gente que en las&nbsp;PASO&nbsp;eligi\u00f3 a&nbsp;Diego Santilli&nbsp;votar\u00e1 a&nbsp;Grindetti, al mismo tiempo que prev\u00e9n una mutaci\u00f3n del electorado de la aspirante de&nbsp;La Libertad Avanza,&nbsp;Carolina P\u00edparo, hacia la coalici\u00f3n que integra.<\/p>\n\n\n\n<p>\u201cMucha gente va a definir su voto para ver quien tiene que conducir la&nbsp;<strong>provincia de Buenos Aires<\/strong>&nbsp;y quien deja de conducirla, y estamos plenamente convencidos de que los votos de&nbsp;<strong>Santilli<\/strong>&nbsp;se van a pasar directamente a&nbsp;<strong>Grindetti<\/strong>, principalmente porque despu\u00e9s de las&nbsp;<strong>PASO&nbsp;<\/strong>se unieron para que eso ocurra\u201d, apunt\u00f3.<\/p>\n\n\n\n<figure class=\"wp-block-gallery has-nested-images columns-default is-cropped wp-block-gallery-2 is-layout-flex wp-block-gallery-is-layout-flex\">\n<figure class=\"wp-block-image size-large\"><img loading=\"lazy\" decoding=\"async\" width=\"730\" height=\"411\" data-id=\"112276\" src=\"https:\/\/infoecos.com.ar\/wp-content\/uploads\/2023\/09\/20230916094530_whatsapp_image_2023_09_15_at_21_23_47.jpg\" alt=\"\" class=\"wp-image-112276\"\/><\/figure>\n<\/figure>\n\n\n\n<p>Al ser interrogado sobre las posibilidades que se cumplan los pron\u00f3sticos previos de victoria del oficialismo en provincia, manifest\u00f3 que la Paso \u201cfue pobre en t\u00e9rminos num\u00e9ricos\u201d. \u201cLa coalici\u00f3n est\u00e1 muy cerca en porcentajes de&nbsp;Uni\u00f3n por la Patria&nbsp;en la&nbsp;provincia de Buenos Aires, adem\u00e1s de que creemos que ellos ya llegaron a su techo\u201d, expuso.<\/p>\n","protected":false},"excerpt":{"rendered":"<p>Este s\u00e1bado asist\u00eda a un encuentro de JxC de toda la cuarta secci\u00f3n electoral, en General Arenales<\/p>\n","protected":false},"author":2,"featured_media":112276,"comment_status":"closed","ping_status":"open","sticky":false,"template":"","format":"standard","meta":{"footnotes":""},"categories":[201],"tags":[6789],"class_list":["post-112272","post","type-post","status-publish","format-standard","has-post-thumbnail","hentry","category-inferior9","tag-elecciones-2023"],"yoast_head":"<!-- This site is optimized with the Yoast SEO plugin v23.4 - https:\/\/yoast.com\/wordpress\/plugins\/seo\/ -->\n<title>Prudente y muy confiado se mostr\u00f3 Miguel Fern\u00e1ndez en Lincoln, Pinto, Chacabuco y Viamonte - Infoecos<\/title>\n<meta name=\"robots\" content=\"index, follow, max-snippet:-1, max-image-preview:large, max-video-preview:-1\" \/>\n<link rel=\"canonical\" href=\"https:\/\/infoecos.com.ar\/index.php\/prudente-pero-confiado-se-mostro-miguel-fernandez-en-lincoln-pinto-chacabuco-y-viamonte\/\" \/>\n<meta property=\"og:locale\" content=\"es_ES\" \/>\n<meta property=\"og:type\" content=\"article\" \/>\n<meta property=\"og:title\" content=\"Prudente y muy confiado se mostr\u00f3 Miguel Fern\u00e1ndez en Lincoln, Pinto, Chacabuco y Viamonte - Infoecos\" \/>\n<meta property=\"og:description\" content=\"Este s\u00e1bado asist\u00eda a un encuentro de JxC de toda la cuarta secci\u00f3n electoral, en General Arenales\" \/>\n<meta property=\"og:url\" content=\"https:\/\/infoecos.com.ar\/index.php\/prudente-pero-confiado-se-mostro-miguel-fernandez-en-lincoln-pinto-chacabuco-y-viamonte\/\" \/>\n<meta property=\"og:site_name\" content=\"Infoecos\" \/>\n<meta property=\"article:publisher\" content=\"https:\/\/www.facebook.com\/profile.php?id=100063200290284\" \/>\n<meta property=\"article:published_time\" content=\"2023-09-16T18:27:58+00:00\" \/>\n<meta property=\"article:modified_time\" content=\"2023-09-19T04:57:37+00:00\" \/>\n<meta property=\"og:image\" content=\"https:\/\/infoecos.com.ar\/wp-content\/uploads\/2023\/09\/20230916094530_whatsapp_image_2023_09_15_at_21_23_47.jpg\" \/>\n\t<meta property=\"og:image:width\" content=\"730\" \/>\n\t<meta property=\"og:image:height\" content=\"411\" \/>\n\t<meta property=\"og:image:type\" content=\"image\/jpeg\" \/>\n<meta name=\"author\" content=\"Jorge Matheus\" \/>\n<meta name=\"twitter:card\" content=\"summary_large_image\" \/>\n<meta name=\"twitter:creator\" content=\"@infoecos\" \/>\n<meta name=\"twitter:site\" content=\"@infoecos\" \/>\n<meta name=\"twitter:label1\" content=\"Escrito por\" \/>\n\t<meta name=\"twitter:data1\" content=\"Jorge Matheus\" \/>\n\t<meta name=\"twitter:label2\" content=\"Tiempo de lectura\" \/>\n\t<meta name=\"twitter:data2\" content=\"3 minutos\" \/>\n<script type=\"application\/ld+json\" class=\"yoast-schema-graph\">{\"@context\":\"https:\/\/schema.org\",\"@graph\":[{\"@type\":\"Article\",\"@id\":\"https:\/\/infoecos.com.ar\/index.php\/prudente-pero-confiado-se-mostro-miguel-fernandez-en-lincoln-pinto-chacabuco-y-viamonte\/#article\",\"isPartOf\":{\"@id\":\"https:\/\/infoecos.com.ar\/index.php\/prudente-pero-confiado-se-mostro-miguel-fernandez-en-lincoln-pinto-chacabuco-y-viamonte\/\"},\"author\":{\"name\":\"Jorge Matheus\",\"@id\":\"https:\/\/infoecos.com.ar\/#\/schema\/person\/8f5ace5ce73b4b4aac4b7245aee6f191\"},\"headline\":\"Prudente y muy confiado se mostr\u00f3 Miguel Fern\u00e1ndez en Lincoln, Pinto, Chacabuco y Viamonte\",\"datePublished\":\"2023-09-16T18:27:58+00:00\",\"dateModified\":\"2023-09-19T04:57:37+00:00\",\"mainEntityOfPage\":{\"@id\":\"https:\/\/infoecos.com.ar\/index.php\/prudente-pero-confiado-se-mostro-miguel-fernandez-en-lincoln-pinto-chacabuco-y-viamonte\/\"},\"wordCount\":427,\"publisher\":{\"@id\":\"https:\/\/infoecos.com.ar\/#organization\"},\"image\":{\"@id\":\"https:\/\/infoecos.com.ar\/index.php\/prudente-pero-confiado-se-mostro-miguel-fernandez-en-lincoln-pinto-chacabuco-y-viamonte\/#primaryimage\"},\"thumbnailUrl\":\"https:\/\/infoecos.com.ar\/wp-content\/uploads\/2023\/09\/20230916094530_whatsapp_image_2023_09_15_at_21_23_47.jpg\",\"keywords\":[\"elecciones 2023\"],\"articleSection\":[\"Bloque inferior - 9\"],\"inLanguage\":\"es\"},{\"@type\":\"WebPage\",\"@id\":\"https:\/\/infoecos.com.ar\/index.php\/prudente-pero-confiado-se-mostro-miguel-fernandez-en-lincoln-pinto-chacabuco-y-viamonte\/\",\"url\":\"https:\/\/infoecos.com.ar\/index.php\/prudente-pero-confiado-se-mostro-miguel-fernandez-en-lincoln-pinto-chacabuco-y-viamonte\/\",\"name\":\"Prudente y muy confiado se mostr\u00f3 Miguel Fern\u00e1ndez en Lincoln, Pinto, Chacabuco y Viamonte - Infoecos\",\"isPartOf\":{\"@id\":\"https:\/\/infoecos.com.ar\/#website\"},\"primaryImageOfPage\":{\"@id\":\"https:\/\/infoecos.com.ar\/index.php\/prudente-pero-confiado-se-mostro-miguel-fernandez-en-lincoln-pinto-chacabuco-y-viamonte\/#primaryimage\"},\"image\":{\"@id\":\"https:\/\/infoecos.com.ar\/index.php\/prudente-pero-confiado-se-mostro-miguel-fernandez-en-lincoln-pinto-chacabuco-y-viamonte\/#primaryimage\"},\"thumbnailUrl\":\"https:\/\/infoecos.com.ar\/wp-content\/uploads\/2023\/09\/20230916094530_whatsapp_image_2023_09_15_at_21_23_47.jpg\",\"datePublished\":\"2023-09-16T18:27:58+00:00\",\"dateModified\":\"2023-09-19T04:57:37+00:00\",\"breadcrumb\":{\"@id\":\"https:\/\/infoecos.com.ar\/index.php\/prudente-pero-confiado-se-mostro-miguel-fernandez-en-lincoln-pinto-chacabuco-y-viamonte\/#breadcrumb\"},\"inLanguage\":\"es\",\"potentialAction\":[{\"@type\":\"ReadAction\",\"target\":[\"https:\/\/infoecos.com.ar\/index.php\/prudente-pero-confiado-se-mostro-miguel-fernandez-en-lincoln-pinto-chacabuco-y-viamonte\/\"]}]},{\"@type\":\"ImageObject\",\"inLanguage\":\"es\",\"@id\":\"https:\/\/infoecos.com.ar\/index.php\/prudente-pero-confiado-se-mostro-miguel-fernandez-en-lincoln-pinto-chacabuco-y-viamonte\/#primaryimage\",\"url\":\"https:\/\/infoecos.com.ar\/wp-content\/uploads\/2023\/09\/20230916094530_whatsapp_image_2023_09_15_at_21_23_47.jpg\",\"contentUrl\":\"https:\/\/infoecos.com.ar\/wp-content\/uploads\/2023\/09\/20230916094530_whatsapp_image_2023_09_15_at_21_23_47.jpg\",\"width\":730,\"height\":411},{\"@type\":\"BreadcrumbList\",\"@id\":\"https:\/\/infoecos.com.ar\/index.php\/prudente-pero-confiado-se-mostro-miguel-fernandez-en-lincoln-pinto-chacabuco-y-viamonte\/#breadcrumb\",\"itemListElement\":[{\"@type\":\"ListItem\",\"position\":1,\"name\":\"Portada\",\"item\":\"https:\/\/infoecos.com.ar\/\"},{\"@type\":\"ListItem\",\"position\":2,\"name\":\"Prudente y muy confiado se mostr\u00f3 Miguel Fern\u00e1ndez en Lincoln, Pinto, Chacabuco y Viamonte\"}]},{\"@type\":\"WebSite\",\"@id\":\"https:\/\/infoecos.com.ar\/#website\",\"url\":\"https:\/\/infoecos.com.ar\/\",\"name\":\"Infoecos\",\"description\":\"Noticias de trenque lauquen y la zona\",\"publisher\":{\"@id\":\"https:\/\/infoecos.com.ar\/#organization\"},\"alternateName\":\"Noticias\",\"potentialAction\":[{\"@type\":\"SearchAction\",\"target\":{\"@type\":\"EntryPoint\",\"urlTemplate\":\"https:\/\/infoecos.com.ar\/?s={search_term_string}\"},\"query-input\":{\"@type\":\"PropertyValueSpecification\",\"valueRequired\":true,\"valueName\":\"search_term_string\"}}],\"inLanguage\":\"es\"},{\"@type\":\"Organization\",\"@id\":\"https:\/\/infoecos.com.ar\/#organization\",\"name\":\"Infoecos\",\"alternateName\":\"Noticias\",\"url\":\"https:\/\/infoecos.com.ar\/\",\"logo\":{\"@type\":\"ImageObject\",\"inLanguage\":\"es\",\"@id\":\"https:\/\/infoecos.com.ar\/#\/schema\/logo\/image\/\",\"url\":\"https:\/\/infoecos.com.ar\/wp-content\/uploads\/2024\/03\/cropped-logo.png\",\"contentUrl\":\"https:\/\/infoecos.com.ar\/wp-content\/uploads\/2024\/03\/cropped-logo.png\",\"width\":374,\"height\":90,\"caption\":\"Infoecos\"},\"image\":{\"@id\":\"https:\/\/infoecos.com.ar\/#\/schema\/logo\/image\/\"},\"sameAs\":[\"https:\/\/www.facebook.com\/profile.php?id=100063200290284\",\"https:\/\/x.com\/infoecos\"]},{\"@type\":\"Person\",\"@id\":\"https:\/\/infoecos.com.ar\/#\/schema\/person\/8f5ace5ce73b4b4aac4b7245aee6f191\",\"name\":\"Jorge Matheus\",\"url\":\"https:\/\/infoecos.com.ar\/index.php\/author\/jomatheus\/\"}]}<\/script>\n<!-- \/ Yoast SEO plugin. -->","yoast_head_json":{"title":"Prudente y muy confiado se mostr\u00f3 Miguel Fern\u00e1ndez en Lincoln, Pinto, Chacabuco y Viamonte - Infoecos","robots":{"index":"index","follow":"follow","max-snippet":"max-snippet:-1","max-image-preview":"max-image-preview:large","max-video-preview":"max-video-preview:-1"},"canonical":"https:\/\/infoecos.com.ar\/index.php\/prudente-pero-confiado-se-mostro-miguel-fernandez-en-lincoln-pinto-chacabuco-y-viamonte\/","og_locale":"es_ES","og_type":"article","og_title":"Prudente y muy confiado se mostr\u00f3 Miguel Fern\u00e1ndez en Lincoln, Pinto, Chacabuco y Viamonte - Infoecos","og_description":"Este s\u00e1bado asist\u00eda a un encuentro de JxC de toda la cuarta secci\u00f3n electoral, en General Arenales","og_url":"https:\/\/infoecos.com.ar\/index.php\/prudente-pero-confiado-se-mostro-miguel-fernandez-en-lincoln-pinto-chacabuco-y-viamonte\/","og_site_name":"Infoecos","article_publisher":"https:\/\/www.facebook.com\/profile.php?id=100063200290284","article_published_time":"2023-09-16T18:27:58+00:00","article_modified_time":"2023-09-19T04:57:37+00:00","og_image":[{"width":730,"height":411,"url":"https:\/\/infoecos.com.ar\/wp-content\/uploads\/2023\/09\/20230916094530_whatsapp_image_2023_09_15_at_21_23_47.jpg","type":"image\/jpeg"}],"author":"Jorge Matheus","twitter_card":"summary_large_image","twitter_creator":"@infoecos","twitter_site":"@infoecos","twitter_misc":{"Escrito por":"Jorge Matheus","Tiempo de lectura":"3 minutos"},"schema":{"@context":"https:\/\/schema.org","@graph":[{"@type":"Article","@id":"https:\/\/infoecos.com.ar\/index.php\/prudente-pero-confiado-se-mostro-miguel-fernandez-en-lincoln-pinto-chacabuco-y-viamonte\/#article","isPartOf":{"@id":"https:\/\/infoecos.com.ar\/index.php\/prudente-pero-confiado-se-mostro-miguel-fernandez-en-lincoln-pinto-chacabuco-y-viamonte\/"},"author":{"name":"Jorge Matheus","@id":"https:\/\/infoecos.com.ar\/#\/schema\/person\/8f5ace5ce73b4b4aac4b7245aee6f191"},"headline":"Prudente y muy confiado se mostr\u00f3 Miguel Fern\u00e1ndez en Lincoln, Pinto, Chacabuco y Viamonte","datePublished":"2023-09-16T18:27:58+00:00","dateModified":"2023-09-19T04:57:37+00:00","mainEntityOfPage":{"@id":"https:\/\/infoecos.com.ar\/index.php\/prudente-pero-confiado-se-mostro-miguel-fernandez-en-lincoln-pinto-chacabuco-y-viamonte\/"},"wordCount":427,"publisher":{"@id":"https:\/\/infoecos.com.ar\/#organization"},"image":{"@id":"https:\/\/infoecos.com.ar\/index.php\/prudente-pero-confiado-se-mostro-miguel-fernandez-en-lincoln-pinto-chacabuco-y-viamonte\/#primaryimage"},"thumbnailUrl":"https:\/\/infoecos.com.ar\/wp-content\/uploads\/2023\/09\/20230916094530_whatsapp_image_2023_09_15_at_21_23_47.jpg","keywords":["elecciones 2023"],"articleSection":["Bloque inferior - 9"],"inLanguage":"es"},{"@type":"WebPage","@id":"https:\/\/infoecos.com.ar\/index.php\/prudente-pero-confiado-se-mostro-miguel-fernandez-en-lincoln-pinto-chacabuco-y-viamonte\/","url":"https:\/\/infoecos.com.ar\/index.php\/prudente-pero-confiado-se-mostro-miguel-fernandez-en-lincoln-pinto-chacabuco-y-viamonte\/","name":"Prudente y muy confiado se mostr\u00f3 Miguel Fern\u00e1ndez en Lincoln, Pinto, Chacabuco y Viamonte - Infoecos","isPartOf":{"@id":"https:\/\/infoecos.com.ar\/#website"},"primaryImageOfPage":{"@id":"https:\/\/infoecos.com.ar\/index.php\/prudente-pero-confiado-se-mostro-miguel-fernandez-en-lincoln-pinto-chacabuco-y-viamonte\/#primaryimage"},"image":{"@id":"https:\/\/infoecos.com.ar\/index.php\/prudente-pero-confiado-se-mostro-miguel-fernandez-en-lincoln-pinto-chacabuco-y-viamonte\/#primaryimage"},"thumbnailUrl":"https:\/\/infoecos.com.ar\/wp-content\/uploads\/2023\/09\/20230916094530_whatsapp_image_2023_09_15_at_21_23_47.jpg","datePublished":"2023-09-16T18:27:58+00:00","dateModified":"2023-09-19T04:57:37+00:00","breadcrumb":{"@id":"https:\/\/infoecos.com.ar\/index.php\/prudente-pero-confiado-se-mostro-miguel-fernandez-en-lincoln-pinto-chacabuco-y-viamonte\/#breadcrumb"},"inLanguage":"es","potentialAction":[{"@type":"ReadAction","target":["https:\/\/infoecos.com.ar\/index.php\/prudente-pero-confiado-se-mostro-miguel-fernandez-en-lincoln-pinto-chacabuco-y-viamonte\/"]}]},{"@type":"ImageObject","inLanguage":"es","@id":"https:\/\/infoecos.com.ar\/index.php\/prudente-pero-confiado-se-mostro-miguel-fernandez-en-lincoln-pinto-chacabuco-y-viamonte\/#primaryimage","url":"https:\/\/infoecos.com.ar\/wp-content\/uploads\/2023\/09\/20230916094530_whatsapp_image_2023_09_15_at_21_23_47.jpg","contentUrl":"https:\/\/infoecos.com.ar\/wp-content\/uploads\/2023\/09\/20230916094530_whatsapp_image_2023_09_15_at_21_23_47.jpg","width":730,"height":411},{"@type":"BreadcrumbList","@id":"https:\/\/infoecos.com.ar\/index.php\/prudente-pero-confiado-se-mostro-miguel-fernandez-en-lincoln-pinto-chacabuco-y-viamonte\/#breadcrumb","itemListElement":[{"@type":"ListItem","position":1,"name":"Portada","item":"https:\/\/infoecos.com.ar\/"},{"@type":"ListItem","position":2,"name":"Prudente y muy confiado se mostr\u00f3 Miguel Fern\u00e1ndez en Lincoln, Pinto, Chacabuco y Viamonte"}]},{"@type":"WebSite","@id":"https:\/\/infoecos.com.ar\/#website","url":"https:\/\/infoecos.com.ar\/","name":"Infoecos","description":"Noticias de trenque lauquen y la zona","publisher":{"@id":"https:\/\/infoecos.com.ar\/#organization"},"alternateName":"Noticias","potentialAction":[{"@type":"SearchAction","target":{"@type":"EntryPoint","urlTemplate":"https:\/\/infoecos.com.ar\/?s={search_term_string}"},"query-input":{"@type":"PropertyValueSpecification","valueRequired":true,"valueName":"search_term_string"}}],"inLanguage":"es"},{"@type":"Organization","@id":"https:\/\/infoecos.com.ar\/#organization","name":"Infoecos","alternateName":"Noticias","url":"https:\/\/infoecos.com.ar\/","logo":{"@type":"ImageObject","inLanguage":"es","@id":"https:\/\/infoecos.com.ar\/#\/schema\/logo\/image\/","url":"https:\/\/infoecos.com.ar\/wp-content\/uploads\/2024\/03\/cropped-logo.png","contentUrl":"https:\/\/infoecos.com.ar\/wp-content\/uploads\/2024\/03\/cropped-logo.png","width":374,"height":90,"caption":"Infoecos"},"image":{"@id":"https:\/\/infoecos.com.ar\/#\/schema\/logo\/image\/"},"sameAs":["https:\/\/www.facebook.com\/profile.php?id=100063200290284","https:\/\/x.com\/infoecos"]},{"@type":"Person","@id":"https:\/\/infoecos.com.ar\/#\/schema\/person\/8f5ace5ce73b4b4aac4b7245aee6f191","name":"Jorge Matheus","url":"https:\/\/infoecos.com.ar\/index.php\/author\/jomatheus\/"}]}},"featured_image_urls":{"full":["https:\/\/infoecos.com.ar\/wp-content\/uploads\/2023\/09\/20230916094530_whatsapp_image_2023_09_15_at_21_23_47.jpg",730,411,false],"thumbnail":["https:\/\/infoecos.com.ar\/wp-content\/uploads\/2023\/09\/20230916094530_whatsapp_image_2023_09_15_at_21_23_47-300x150.jpg",300,150,true],"medium":["https:\/\/infoecos.com.ar\/wp-content\/uploads\/2023\/09\/20230916094530_whatsapp_image_2023_09_15_at_21_23_47.jpg",730,411,false],"medium_large":["https:\/\/infoecos.com.ar\/wp-content\/uploads\/2023\/09\/20230916094530_whatsapp_image_2023_09_15_at_21_23_47.jpg",640,360,false],"large":["https:\/\/infoecos.com.ar\/wp-content\/uploads\/2023\/09\/20230916094530_whatsapp_image_2023_09_15_at_21_23_47.jpg",640,360,false],"1536x1536":["https:\/\/infoecos.com.ar\/wp-content\/uploads\/2023\/09\/20230916094530_whatsapp_image_2023_09_15_at_21_23_47.jpg",730,411,false],"2048x2048":["https:\/\/infoecos.com.ar\/wp-content\/uploads\/2023\/09\/20230916094530_whatsapp_image_2023_09_15_at_21_23_47.jpg",730,411,false],"covernews-slider-full":["https:\/\/infoecos.com.ar\/wp-content\/uploads\/2023\/09\/20230916094530_whatsapp_image_2023_09_15_at_21_23_47.jpg",730,411,false],"covernews-slider-center":["https:\/\/infoecos.com.ar\/wp-content\/uploads\/2023\/09\/20230916094530_whatsapp_image_2023_09_15_at_21_23_47.jpg",730,411,false],"covernews-featured":["https:\/\/infoecos.com.ar\/wp-content\/uploads\/2023\/09\/20230916094530_whatsapp_image_2023_09_15_at_21_23_47.jpg",730,411,false],"covernews-medium":["https:\/\/infoecos.com.ar\/wp-content\/uploads\/2023\/09\/20230916094530_whatsapp_image_2023_09_15_at_21_23_47-720x380.jpg",540,285,true],"covernews-medium-square":["https:\/\/infoecos.com.ar\/wp-content\/uploads\/2023\/09\/20230916094530_whatsapp_image_2023_09_15_at_21_23_47-675x411.jpg",400,244,true]},"author_info":{"info":["Jorge Matheus"]},"category_info":"<a href=\"https:\/\/infoecos.com.ar\/index.php\/category\/inferior9\/\" rel=\"category tag\">Bloque inferior - 9<\/a>","tag_info":"Bloque inferior - 9","comment_count":"0","_links":{"self":[{"href":"https:\/\/infoecos.com.ar\/index.php\/wp-json\/wp\/v2\/posts\/112272"}],"collection":[{"href":"https:\/\/infoecos.com.ar\/index.php\/wp-json\/wp\/v2\/posts"}],"about":[{"href":"https:\/\/infoecos.com.ar\/index.php\/wp-json\/wp\/v2\/types\/post"}],"author":[{"embeddable":true,"href":"https:\/\/infoecos.com.ar\/index.php\/wp-json\/wp\/v2\/users\/2"}],"replies":[{"embeddable":true,"href":"https:\/\/infoecos.com.ar\/index.php\/wp-json\/wp\/v2\/comments?post=112272"}],"version-history":[{"count":3,"href":"https:\/\/infoecos.com.ar\/index.php\/wp-json\/wp\/v2\/posts\/112272\/revisions"}],"predecessor-version":[{"id":112289,"href":"https:\/\/infoecos.com.ar\/index.php\/wp-json\/wp\/v2\/posts\/112272\/revisions\/112289"}],"wp:featuredmedia":[{"embeddable":true,"href":"https:\/\/infoecos.com.ar\/index.php\/wp-json\/wp\/v2\/media\/112276"}],"wp:attachment":[{"href":"https:\/\/infoecos.com.ar\/index.php\/wp-json\/wp\/v2\/media?parent=112272"}],"wp:term":[{"taxonomy":"category","embeddable":true,"href":"https:\/\/infoecos.com.ar\/index.php\/wp-json\/wp\/v2\/categories?post=112272"},{"taxonomy":"post_tag","embeddable":true,"href":"https:\/\/infoecos.com.ar\/index.php\/wp-json\/wp\/v2\/tags?post=112272"}],"curies":[{"name":"wp","href":"https:\/\/api.w.org\/{rel}","templated":true}]}}