{"id":112279,"date":"2023-09-16T15:44:57","date_gmt":"2023-09-16T18:44:57","guid":{"rendered":"https:\/\/infoecos.com.ar\/?p=112279"},"modified":"2023-09-17T21:32:36","modified_gmt":"2023-09-18T00:32:36","slug":"40-mil-bonaerenses-en-los-torneos-bonaerenses","status":"publish","type":"post","link":"https:\/\/infoecos.com.ar\/index.php\/40-mil-bonaerenses-en-los-torneos-bonaerenses\/","title":{"rendered":"40 mil bonaerenses en los Torneos"},"content":{"rendered":"\n<p>Con m\u00e1s de 40 mil bonaerenses que llegaron desde todos los distritos de la provincia se desarrolla una nueva edici\u00f3n de los Torneos Bonaerenses.<\/p>\n\n\n\n<p>Adem\u00e1s de las competencias deportivas y recreativas que se desarrollan, hay un centro recreativo sobre La Rambla, que est\u00e1 abierto al p\u00fablico en diferentes d\u00edas y horarios. All\u00ed hay transmisi\u00f3n en vivo de Radio Provincia y el Twitch del Gobierno bonaerense, junto con propuestas interactivas del Banco Provincia, el Ministerio de Ambiente, el Ministerio de las Mujeres, la Direcci\u00f3n Provincial de Juventudes, la Subsecretar\u00eda de Derechos Humanos y la Liga de Freestyle Bonaerense, entre otros. <\/p>\n\n\n\n<figure class=\"wp-block-gallery has-nested-images columns-default is-cropped wp-block-gallery-1 is-layout-flex wp-block-gallery-is-layout-flex\">\n<figure class=\"wp-block-image size-large\"><img loading=\"lazy\" decoding=\"async\" width=\"1600\" height=\"749\" data-id=\"112282\" src=\"https:\/\/infoecos.com.ar\/wp-content\/uploads\/2023\/09\/IMG_20230915_152630392-2048x959-2-1600x749.jpg\" alt=\"\" class=\"wp-image-112282\" srcset=\"https:\/\/infoecos.com.ar\/wp-content\/uploads\/2023\/09\/IMG_20230915_152630392-2048x959-2-1600x749.jpg 1600w, https:\/\/infoecos.com.ar\/wp-content\/uploads\/2023\/09\/IMG_20230915_152630392-2048x959-2-800x375.jpg 800w, https:\/\/infoecos.com.ar\/wp-content\/uploads\/2023\/09\/IMG_20230915_152630392-2048x959-2-768x360.jpg 768w, https:\/\/infoecos.com.ar\/wp-content\/uploads\/2023\/09\/IMG_20230915_152630392-2048x959-2-1536x719.jpg 1536w, https:\/\/infoecos.com.ar\/wp-content\/uploads\/2023\/09\/IMG_20230915_152630392-2048x959-2-1024x480.jpg 1024w, https:\/\/infoecos.com.ar\/wp-content\/uploads\/2023\/09\/IMG_20230915_152630392-2048x959-2.jpg 2048w\" sizes=\"(max-width: 1600px) 100vw, 1600px\" \/><\/figure>\n\n\n\n<figure class=\"wp-block-image size-large\"><img loading=\"lazy\" decoding=\"async\" width=\"720\" height=\"808\" data-id=\"112283\" src=\"https:\/\/infoecos.com.ar\/wp-content\/uploads\/2023\/09\/IMG-20230915-WA0054-1.jpg\" alt=\"\" class=\"wp-image-112283\" srcset=\"https:\/\/infoecos.com.ar\/wp-content\/uploads\/2023\/09\/IMG-20230915-WA0054-1.jpg 720w, https:\/\/infoecos.com.ar\/wp-content\/uploads\/2023\/09\/IMG-20230915-WA0054-1-713x800.jpg 713w\" sizes=\"(max-width: 720px) 100vw, 720px\" \/><\/figure>\n\n\n\n<figure class=\"wp-block-image size-large\"><img loading=\"lazy\" decoding=\"async\" width=\"720\" height=\"1137\" data-id=\"112280\" src=\"https:\/\/infoecos.com.ar\/wp-content\/uploads\/2023\/09\/IMG-20230915-WA0070.jpg\" alt=\"\" class=\"wp-image-112280\" srcset=\"https:\/\/infoecos.com.ar\/wp-content\/uploads\/2023\/09\/IMG-20230915-WA0070.jpg 720w, https:\/\/infoecos.com.ar\/wp-content\/uploads\/2023\/09\/IMG-20230915-WA0070-507x800.jpg 507w\" sizes=\"(max-width: 720px) 100vw, 720px\" \/><\/figure>\n\n\n\n<figure class=\"wp-block-image size-large\"><img loading=\"lazy\" decoding=\"async\" width=\"720\" height=\"828\" data-id=\"112281\" src=\"https:\/\/infoecos.com.ar\/wp-content\/uploads\/2023\/09\/IMG-20230915-WA0073.jpg\" alt=\"\" class=\"wp-image-112281\" srcset=\"https:\/\/infoecos.com.ar\/wp-content\/uploads\/2023\/09\/IMG-20230915-WA0073.jpg 720w, https:\/\/infoecos.com.ar\/wp-content\/uploads\/2023\/09\/IMG-20230915-WA0073-696x800.jpg 696w\" sizes=\"(max-width: 720px) 100vw, 720px\" \/><\/figure>\n<\/figure>\n\n\n\n<p>La propuesta tambi\u00e9n incluye actividades art\u00edsticas del Instituto Cultural y puestos informativos de los Juegos Bonaerenses.<\/p>\n\n\n\n<figure class=\"wp-block-gallery has-nested-images columns-default is-cropped wp-block-gallery-2 is-layout-flex wp-block-gallery-is-layout-flex\">\n<figure class=\"wp-block-image size-large\"><img loading=\"lazy\" decoding=\"async\" width=\"765\" height=\"765\" data-id=\"112285\" src=\"https:\/\/infoecos.com.ar\/wp-content\/uploads\/2023\/09\/378822821_785485493584556_2134745368970087497_n.jpg\" alt=\"\" class=\"wp-image-112285\"\/><figcaption class=\"wp-element-caption\">Foto deportelauquen.com.ar<\/figcaption><\/figure>\n\n\n\n<figure class=\"wp-block-image size-large\"><img loading=\"lazy\" decoding=\"async\" width=\"1296\" height=\"864\" data-id=\"112286\" src=\"https:\/\/infoecos.com.ar\/wp-content\/uploads\/2023\/09\/378831879_785652273567878_2173266187330115859_n.jpg\" alt=\"\" class=\"wp-image-112286\" srcset=\"https:\/\/infoecos.com.ar\/wp-content\/uploads\/2023\/09\/378831879_785652273567878_2173266187330115859_n.jpg 1296w, https:\/\/infoecos.com.ar\/wp-content\/uploads\/2023\/09\/378831879_785652273567878_2173266187330115859_n-800x533.jpg 800w, https:\/\/infoecos.com.ar\/wp-content\/uploads\/2023\/09\/378831879_785652273567878_2173266187330115859_n-768x512.jpg 768w, https:\/\/infoecos.com.ar\/wp-content\/uploads\/2023\/09\/378831879_785652273567878_2173266187330115859_n-1024x683.jpg 1024w, https:\/\/infoecos.com.ar\/wp-content\/uploads\/2023\/09\/378831879_785652273567878_2173266187330115859_n-675x450.jpg 675w\" sizes=\"(max-width: 1296px) 100vw, 1296px\" \/><figcaption class=\"wp-element-caption\">Foto deportelauquen.com.ar<\/figcaption><\/figure>\n\n\n\n<figure class=\"wp-block-image size-large\"><img loading=\"lazy\" decoding=\"async\" width=\"1599\" height=\"1599\" data-id=\"112287\" src=\"https:\/\/infoecos.com.ar\/wp-content\/uploads\/2023\/09\/newcommas60.jpg\" alt=\"\" class=\"wp-image-112287\" srcset=\"https:\/\/infoecos.com.ar\/wp-content\/uploads\/2023\/09\/newcommas60.jpg 1599w, https:\/\/infoecos.com.ar\/wp-content\/uploads\/2023\/09\/newcommas60-800x800.jpg 800w, https:\/\/infoecos.com.ar\/wp-content\/uploads\/2023\/09\/newcommas60-768x768.jpg 768w, https:\/\/infoecos.com.ar\/wp-content\/uploads\/2023\/09\/newcommas60-1536x1536.jpg 1536w, https:\/\/infoecos.com.ar\/wp-content\/uploads\/2023\/09\/newcommas60-1024x1024.jpg 1024w\" sizes=\"(max-width: 1599px) 100vw, 1599px\" \/><figcaption class=\"wp-element-caption\">Foto deportelauquen.com.ar<\/figcaption><\/figure>\n<\/figure>\n\n\n\n<p>\u201cEsta edici\u00f3n, como cada una que se viene desarrollando desde hace 32 a\u00f1os, representa inclusi\u00f3n e integraci\u00f3n de toda la comunidad, ya que su variedad de disciplinas y categor\u00edas hacen que sea una pol\u00edtica transversal con alcance a toda la sociedad\u201d, dijo el subsecretario de Deportes de la provincia de Buenos Aires, Leandro Lurati.<\/p>\n","protected":false},"excerpt":{"rendered":"<p>En Trenque Lauquen excelente cobertura de Deportelauquen en su web y cuentas de redes: www.deportelauquen.com.ar; Deporte Lauquen y David Diaz<\/p>\n","protected":false},"author":2,"featured_media":112281,"comment_status":"closed","ping_status":"open","sticky":false,"template":"","format":"standard","meta":{"footnotes":""},"categories":[45],"tags":[9141],"class_list":["post-112279","post","type-post","status-publish","format-standard","has-post-thumbnail","hentry","category-c1nota2","tag-a-32-anos-de-su-primera-edicion"],"yoast_head":"<!-- This site is optimized with the Yoast SEO plugin v23.4 - https:\/\/yoast.com\/wordpress\/plugins\/seo\/ -->\n<title>40 mil bonaerenses en los Torneos - Infoecos<\/title>\n<meta name=\"robots\" content=\"index, follow, max-snippet:-1, max-image-preview:large, max-video-preview:-1\" \/>\n<link rel=\"canonical\" href=\"https:\/\/infoecos.com.ar\/index.php\/40-mil-bonaerenses-en-los-torneos-bonaerenses\/\" \/>\n<meta property=\"og:locale\" content=\"es_ES\" \/>\n<meta property=\"og:type\" content=\"article\" \/>\n<meta property=\"og:title\" content=\"40 mil bonaerenses en los Torneos - Infoecos\" \/>\n<meta property=\"og:description\" content=\"En Trenque Lauquen excelente cobertura de Deportelauquen en su web y cuentas de redes: www.deportelauquen.com.ar; Deporte Lauquen y David Diaz\" \/>\n<meta property=\"og:url\" content=\"https:\/\/infoecos.com.ar\/index.php\/40-mil-bonaerenses-en-los-torneos-bonaerenses\/\" \/>\n<meta property=\"og:site_name\" content=\"Infoecos\" \/>\n<meta property=\"article:publisher\" content=\"https:\/\/www.facebook.com\/profile.php?id=100063200290284\" \/>\n<meta property=\"article:published_time\" content=\"2023-09-16T18:44:57+00:00\" \/>\n<meta property=\"article:modified_time\" content=\"2023-09-18T00:32:36+00:00\" \/>\n<meta property=\"og:image\" content=\"https:\/\/infoecos.com.ar\/wp-content\/uploads\/2023\/09\/IMG-20230915-WA0073.jpg\" \/>\n\t<meta property=\"og:image:width\" content=\"720\" \/>\n\t<meta property=\"og:image:height\" content=\"828\" \/>\n\t<meta property=\"og:image:type\" content=\"image\/jpeg\" \/>\n<meta name=\"author\" content=\"Jorge Matheus\" \/>\n<meta name=\"twitter:card\" content=\"summary_large_image\" \/>\n<meta name=\"twitter:creator\" content=\"@infoecos\" \/>\n<meta name=\"twitter:site\" content=\"@infoecos\" \/>\n<meta name=\"twitter:label1\" content=\"Escrito por\" \/>\n\t<meta name=\"twitter:data1\" content=\"Jorge Matheus\" \/>\n\t<meta name=\"twitter:label2\" content=\"Tiempo de lectura\" \/>\n\t<meta name=\"twitter:data2\" content=\"3 minutos\" \/>\n<script type=\"application\/ld+json\" class=\"yoast-schema-graph\">{\"@context\":\"https:\/\/schema.org\",\"@graph\":[{\"@type\":\"Article\",\"@id\":\"https:\/\/infoecos.com.ar\/index.php\/40-mil-bonaerenses-en-los-torneos-bonaerenses\/#article\",\"isPartOf\":{\"@id\":\"https:\/\/infoecos.com.ar\/index.php\/40-mil-bonaerenses-en-los-torneos-bonaerenses\/\"},\"author\":{\"name\":\"Jorge Matheus\",\"@id\":\"https:\/\/infoecos.com.ar\/#\/schema\/person\/8f5ace5ce73b4b4aac4b7245aee6f191\"},\"headline\":\"40 mil bonaerenses en los Torneos\",\"datePublished\":\"2023-09-16T18:44:57+00:00\",\"dateModified\":\"2023-09-18T00:32:36+00:00\",\"mainEntityOfPage\":{\"@id\":\"https:\/\/infoecos.com.ar\/index.php\/40-mil-bonaerenses-en-los-torneos-bonaerenses\/\"},\"wordCount\":200,\"publisher\":{\"@id\":\"https:\/\/infoecos.com.ar\/#organization\"},\"image\":{\"@id\":\"https:\/\/infoecos.com.ar\/index.php\/40-mil-bonaerenses-en-los-torneos-bonaerenses\/#primaryimage\"},\"thumbnailUrl\":\"https:\/\/infoecos.com.ar\/wp-content\/uploads\/2023\/09\/IMG-20230915-WA0073.jpg\",\"keywords\":[\"a 32 a\u00f1os de su primera edici\u00f3n\"],\"articleSection\":[\"C1 N2\"],\"inLanguage\":\"es\"},{\"@type\":\"WebPage\",\"@id\":\"https:\/\/infoecos.com.ar\/index.php\/40-mil-bonaerenses-en-los-torneos-bonaerenses\/\",\"url\":\"https:\/\/infoecos.com.ar\/index.php\/40-mil-bonaerenses-en-los-torneos-bonaerenses\/\",\"name\":\"40 mil bonaerenses en los Torneos - Infoecos\",\"isPartOf\":{\"@id\":\"https:\/\/infoecos.com.ar\/#website\"},\"primaryImageOfPage\":{\"@id\":\"https:\/\/infoecos.com.ar\/index.php\/40-mil-bonaerenses-en-los-torneos-bonaerenses\/#primaryimage\"},\"image\":{\"@id\":\"https:\/\/infoecos.com.ar\/index.php\/40-mil-bonaerenses-en-los-torneos-bonaerenses\/#primaryimage\"},\"thumbnailUrl\":\"https:\/\/infoecos.com.ar\/wp-content\/uploads\/2023\/09\/IMG-20230915-WA0073.jpg\",\"datePublished\":\"2023-09-16T18:44:57+00:00\",\"dateModified\":\"2023-09-18T00:32:36+00:00\",\"breadcrumb\":{\"@id\":\"https:\/\/infoecos.com.ar\/index.php\/40-mil-bonaerenses-en-los-torneos-bonaerenses\/#breadcrumb\"},\"inLanguage\":\"es\",\"potentialAction\":[{\"@type\":\"ReadAction\",\"target\":[\"https:\/\/infoecos.com.ar\/index.php\/40-mil-bonaerenses-en-los-torneos-bonaerenses\/\"]}]},{\"@type\":\"ImageObject\",\"inLanguage\":\"es\",\"@id\":\"https:\/\/infoecos.com.ar\/index.php\/40-mil-bonaerenses-en-los-torneos-bonaerenses\/#primaryimage\",\"url\":\"https:\/\/infoecos.com.ar\/wp-content\/uploads\/2023\/09\/IMG-20230915-WA0073.jpg\",\"contentUrl\":\"https:\/\/infoecos.com.ar\/wp-content\/uploads\/2023\/09\/IMG-20230915-WA0073.jpg\",\"width\":720,\"height\":828},{\"@type\":\"BreadcrumbList\",\"@id\":\"https:\/\/infoecos.com.ar\/index.php\/40-mil-bonaerenses-en-los-torneos-bonaerenses\/#breadcrumb\",\"itemListElement\":[{\"@type\":\"ListItem\",\"position\":1,\"name\":\"Portada\",\"item\":\"https:\/\/infoecos.com.ar\/\"},{\"@type\":\"ListItem\",\"position\":2,\"name\":\"40 mil bonaerenses en los Torneos\"}]},{\"@type\":\"WebSite\",\"@id\":\"https:\/\/infoecos.com.ar\/#website\",\"url\":\"https:\/\/infoecos.com.ar\/\",\"name\":\"Infoecos\",\"description\":\"Noticias de trenque lauquen y la zona\",\"publisher\":{\"@id\":\"https:\/\/infoecos.com.ar\/#organization\"},\"alternateName\":\"Noticias\",\"potentialAction\":[{\"@type\":\"SearchAction\",\"target\":{\"@type\":\"EntryPoint\",\"urlTemplate\":\"https:\/\/infoecos.com.ar\/?s={search_term_string}\"},\"query-input\":{\"@type\":\"PropertyValueSpecification\",\"valueRequired\":true,\"valueName\":\"search_term_string\"}}],\"inLanguage\":\"es\"},{\"@type\":\"Organization\",\"@id\":\"https:\/\/infoecos.com.ar\/#organization\",\"name\":\"Infoecos\",\"alternateName\":\"Noticias\",\"url\":\"https:\/\/infoecos.com.ar\/\",\"logo\":{\"@type\":\"ImageObject\",\"inLanguage\":\"es\",\"@id\":\"https:\/\/infoecos.com.ar\/#\/schema\/logo\/image\/\",\"url\":\"https:\/\/infoecos.com.ar\/wp-content\/uploads\/2024\/03\/cropped-logo.png\",\"contentUrl\":\"https:\/\/infoecos.com.ar\/wp-content\/uploads\/2024\/03\/cropped-logo.png\",\"width\":374,\"height\":90,\"caption\":\"Infoecos\"},\"image\":{\"@id\":\"https:\/\/infoecos.com.ar\/#\/schema\/logo\/image\/\"},\"sameAs\":[\"https:\/\/www.facebook.com\/profile.php?id=100063200290284\",\"https:\/\/x.com\/infoecos\"]},{\"@type\":\"Person\",\"@id\":\"https:\/\/infoecos.com.ar\/#\/schema\/person\/8f5ace5ce73b4b4aac4b7245aee6f191\",\"name\":\"Jorge Matheus\",\"url\":\"https:\/\/infoecos.com.ar\/index.php\/author\/jomatheus\/\"}]}<\/script>\n<!-- \/ Yoast SEO plugin. -->","yoast_head_json":{"title":"40 mil bonaerenses en los Torneos - Infoecos","robots":{"index":"index","follow":"follow","max-snippet":"max-snippet:-1","max-image-preview":"max-image-preview:large","max-video-preview":"max-video-preview:-1"},"canonical":"https:\/\/infoecos.com.ar\/index.php\/40-mil-bonaerenses-en-los-torneos-bonaerenses\/","og_locale":"es_ES","og_type":"article","og_title":"40 mil bonaerenses en los Torneos - Infoecos","og_description":"En Trenque Lauquen excelente cobertura de Deportelauquen en su web y cuentas de redes: www.deportelauquen.com.ar; Deporte Lauquen y David Diaz","og_url":"https:\/\/infoecos.com.ar\/index.php\/40-mil-bonaerenses-en-los-torneos-bonaerenses\/","og_site_name":"Infoecos","article_publisher":"https:\/\/www.facebook.com\/profile.php?id=100063200290284","article_published_time":"2023-09-16T18:44:57+00:00","article_modified_time":"2023-09-18T00:32:36+00:00","og_image":[{"width":720,"height":828,"url":"https:\/\/infoecos.com.ar\/wp-content\/uploads\/2023\/09\/IMG-20230915-WA0073.jpg","type":"image\/jpeg"}],"author":"Jorge Matheus","twitter_card":"summary_large_image","twitter_creator":"@infoecos","twitter_site":"@infoecos","twitter_misc":{"Escrito por":"Jorge Matheus","Tiempo de lectura":"3 minutos"},"schema":{"@context":"https:\/\/schema.org","@graph":[{"@type":"Article","@id":"https:\/\/infoecos.com.ar\/index.php\/40-mil-bonaerenses-en-los-torneos-bonaerenses\/#article","isPartOf":{"@id":"https:\/\/infoecos.com.ar\/index.php\/40-mil-bonaerenses-en-los-torneos-bonaerenses\/"},"author":{"name":"Jorge Matheus","@id":"https:\/\/infoecos.com.ar\/#\/schema\/person\/8f5ace5ce73b4b4aac4b7245aee6f191"},"headline":"40 mil bonaerenses en los Torneos","datePublished":"2023-09-16T18:44:57+00:00","dateModified":"2023-09-18T00:32:36+00:00","mainEntityOfPage":{"@id":"https:\/\/infoecos.com.ar\/index.php\/40-mil-bonaerenses-en-los-torneos-bonaerenses\/"},"wordCount":200,"publisher":{"@id":"https:\/\/infoecos.com.ar\/#organization"},"image":{"@id":"https:\/\/infoecos.com.ar\/index.php\/40-mil-bonaerenses-en-los-torneos-bonaerenses\/#primaryimage"},"thumbnailUrl":"https:\/\/infoecos.com.ar\/wp-content\/uploads\/2023\/09\/IMG-20230915-WA0073.jpg","keywords":["a 32 a\u00f1os de su primera edici\u00f3n"],"articleSection":["C1 N2"],"inLanguage":"es"},{"@type":"WebPage","@id":"https:\/\/infoecos.com.ar\/index.php\/40-mil-bonaerenses-en-los-torneos-bonaerenses\/","url":"https:\/\/infoecos.com.ar\/index.php\/40-mil-bonaerenses-en-los-torneos-bonaerenses\/","name":"40 mil bonaerenses en los Torneos - Infoecos","isPartOf":{"@id":"https:\/\/infoecos.com.ar\/#website"},"primaryImageOfPage":{"@id":"https:\/\/infoecos.com.ar\/index.php\/40-mil-bonaerenses-en-los-torneos-bonaerenses\/#primaryimage"},"image":{"@id":"https:\/\/infoecos.com.ar\/index.php\/40-mil-bonaerenses-en-los-torneos-bonaerenses\/#primaryimage"},"thumbnailUrl":"https:\/\/infoecos.com.ar\/wp-content\/uploads\/2023\/09\/IMG-20230915-WA0073.jpg","datePublished":"2023-09-16T18:44:57+00:00","dateModified":"2023-09-18T00:32:36+00:00","breadcrumb":{"@id":"https:\/\/infoecos.com.ar\/index.php\/40-mil-bonaerenses-en-los-torneos-bonaerenses\/#breadcrumb"},"inLanguage":"es","potentialAction":[{"@type":"ReadAction","target":["https:\/\/infoecos.com.ar\/index.php\/40-mil-bonaerenses-en-los-torneos-bonaerenses\/"]}]},{"@type":"ImageObject","inLanguage":"es","@id":"https:\/\/infoecos.com.ar\/index.php\/40-mil-bonaerenses-en-los-torneos-bonaerenses\/#primaryimage","url":"https:\/\/infoecos.com.ar\/wp-content\/uploads\/2023\/09\/IMG-20230915-WA0073.jpg","contentUrl":"https:\/\/infoecos.com.ar\/wp-content\/uploads\/2023\/09\/IMG-20230915-WA0073.jpg","width":720,"height":828},{"@type":"BreadcrumbList","@id":"https:\/\/infoecos.com.ar\/index.php\/40-mil-bonaerenses-en-los-torneos-bonaerenses\/#breadcrumb","itemListElement":[{"@type":"ListItem","position":1,"name":"Portada","item":"https:\/\/infoecos.com.ar\/"},{"@type":"ListItem","position":2,"name":"40 mil bonaerenses en los Torneos"}]},{"@type":"WebSite","@id":"https:\/\/infoecos.com.ar\/#website","url":"https:\/\/infoecos.com.ar\/","name":"Infoecos","description":"Noticias de trenque lauquen y la zona","publisher":{"@id":"https:\/\/infoecos.com.ar\/#organization"},"alternateName":"Noticias","potentialAction":[{"@type":"SearchAction","target":{"@type":"EntryPoint","urlTemplate":"https:\/\/infoecos.com.ar\/?s={search_term_string}"},"query-input":{"@type":"PropertyValueSpecification","valueRequired":true,"valueName":"search_term_string"}}],"inLanguage":"es"},{"@type":"Organization","@id":"https:\/\/infoecos.com.ar\/#organization","name":"Infoecos","alternateName":"Noticias","url":"https:\/\/infoecos.com.ar\/","logo":{"@type":"ImageObject","inLanguage":"es","@id":"https:\/\/infoecos.com.ar\/#\/schema\/logo\/image\/","url":"https:\/\/infoecos.com.ar\/wp-content\/uploads\/2024\/03\/cropped-logo.png","contentUrl":"https:\/\/infoecos.com.ar\/wp-content\/uploads\/2024\/03\/cropped-logo.png","width":374,"height":90,"caption":"Infoecos"},"image":{"@id":"https:\/\/infoecos.com.ar\/#\/schema\/logo\/image\/"},"sameAs":["https:\/\/www.facebook.com\/profile.php?id=100063200290284","https:\/\/x.com\/infoecos"]},{"@type":"Person","@id":"https:\/\/infoecos.com.ar\/#\/schema\/person\/8f5ace5ce73b4b4aac4b7245aee6f191","name":"Jorge Matheus","url":"https:\/\/infoecos.com.ar\/index.php\/author\/jomatheus\/"}]}},"featured_image_urls":{"full":["https:\/\/infoecos.com.ar\/wp-content\/uploads\/2023\/09\/IMG-20230915-WA0073.jpg",720,828,false],"thumbnail":["https:\/\/infoecos.com.ar\/wp-content\/uploads\/2023\/09\/IMG-20230915-WA0073-300x150.jpg",300,150,true],"medium":["https:\/\/infoecos.com.ar\/wp-content\/uploads\/2023\/09\/IMG-20230915-WA0073-696x800.jpg",696,800,true],"medium_large":["https:\/\/infoecos.com.ar\/wp-content\/uploads\/2023\/09\/IMG-20230915-WA0073.jpg",640,736,false],"large":["https:\/\/infoecos.com.ar\/wp-content\/uploads\/2023\/09\/IMG-20230915-WA0073.jpg",640,736,false],"1536x1536":["https:\/\/infoecos.com.ar\/wp-content\/uploads\/2023\/09\/IMG-20230915-WA0073.jpg",720,828,false],"2048x2048":["https:\/\/infoecos.com.ar\/wp-content\/uploads\/2023\/09\/IMG-20230915-WA0073.jpg",720,828,false],"covernews-slider-full":["https:\/\/infoecos.com.ar\/wp-content\/uploads\/2023\/09\/IMG-20230915-WA0073.jpg",622,715,false],"covernews-slider-center":["https:\/\/infoecos.com.ar\/wp-content\/uploads\/2023\/09\/IMG-20230915-WA0073.jpg",435,500,false],"covernews-featured":["https:\/\/infoecos.com.ar\/wp-content\/uploads\/2023\/09\/IMG-20230915-WA0073.jpg",720,828,false],"covernews-medium":["https:\/\/infoecos.com.ar\/wp-content\/uploads\/2023\/09\/IMG-20230915-WA0073-720x380.jpg",540,285,true],"covernews-medium-square":["https:\/\/infoecos.com.ar\/wp-content\/uploads\/2023\/09\/IMG-20230915-WA0073-675x450.jpg",375,250,true]},"author_info":{"info":["Jorge Matheus"]},"category_info":"<a href=\"https:\/\/infoecos.com.ar\/index.php\/category\/c1nota2\/\" rel=\"category tag\">C1 N2<\/a>","tag_info":"C1 N2","comment_count":"0","_links":{"self":[{"href":"https:\/\/infoecos.com.ar\/index.php\/wp-json\/wp\/v2\/posts\/112279"}],"collection":[{"href":"https:\/\/infoecos.com.ar\/index.php\/wp-json\/wp\/v2\/posts"}],"about":[{"href":"https:\/\/infoecos.com.ar\/index.php\/wp-json\/wp\/v2\/types\/post"}],"author":[{"embeddable":true,"href":"https:\/\/infoecos.com.ar\/index.php\/wp-json\/wp\/v2\/users\/2"}],"replies":[{"embeddable":true,"href":"https:\/\/infoecos.com.ar\/index.php\/wp-json\/wp\/v2\/comments?post=112279"}],"version-history":[{"count":2,"href":"https:\/\/infoecos.com.ar\/index.php\/wp-json\/wp\/v2\/posts\/112279\/revisions"}],"predecessor-version":[{"id":112316,"href":"https:\/\/infoecos.com.ar\/index.php\/wp-json\/wp\/v2\/posts\/112279\/revisions\/112316"}],"wp:featuredmedia":[{"embeddable":true,"href":"https:\/\/infoecos.com.ar\/index.php\/wp-json\/wp\/v2\/media\/112281"}],"wp:attachment":[{"href":"https:\/\/infoecos.com.ar\/index.php\/wp-json\/wp\/v2\/media?parent=112279"}],"wp:term":[{"taxonomy":"category","embeddable":true,"href":"https:\/\/infoecos.com.ar\/index.php\/wp-json\/wp\/v2\/categories?post=112279"},{"taxonomy":"post_tag","embeddable":true,"href":"https:\/\/infoecos.com.ar\/index.php\/wp-json\/wp\/v2\/tags?post=112279"}],"curies":[{"name":"wp","href":"https:\/\/api.w.org\/{rel}","templated":true}]}}