{"id":112337,"date":"2023-09-17T21:49:40","date_gmt":"2023-09-18T00:49:40","guid":{"rendered":"https:\/\/infoecos.com.ar\/?p=112337"},"modified":"2023-09-19T01:52:44","modified_gmt":"2023-09-19T04:52:44","slug":"se-cerro-la-expo-rural-de-bolivar-una-de-las-muestras-mas-sobresalientes-del-interior-bonaerense","status":"publish","type":"post","link":"https:\/\/infoecos.com.ar\/index.php\/se-cerro-la-expo-rural-de-bolivar-una-de-las-muestras-mas-sobresalientes-del-interior-bonaerense\/","title":{"rendered":"Se cerr\u00f3 la Expo Rural de Bol\u00edvar, una de las muestras m\u00e1s sobresalientes del interior bonaerense"},"content":{"rendered":"\n<p>Se cerr\u00f3 la Expo Bol\u00edvar, con el acto inaugural de la muestra ganadera.<\/p>\n\n\n\n<figure class=\"wp-block-gallery has-nested-images columns-default is-cropped wp-block-gallery-1 is-layout-flex wp-block-gallery-is-layout-flex\">\n<figure class=\"wp-block-image size-large\"><img loading=\"lazy\" decoding=\"async\" width=\"696\" height=\"392\" data-id=\"112338\" src=\"https:\/\/infoecos.com.ar\/wp-content\/uploads\/2023\/09\/expobolivar.jpeg\" alt=\"\" class=\"wp-image-112338\"\/><figcaption class=\"wp-element-caption\">Expo Rural Bol\u00edvar <\/figcaption><\/figure>\n\n\n\n<figure class=\"wp-block-image size-large\"><img loading=\"lazy\" decoding=\"async\" width=\"1024\" height=\"576\" data-id=\"112343\" src=\"https:\/\/infoecos.com.ar\/wp-content\/uploads\/2023\/09\/expobolivar1.jpeg\" alt=\"\" class=\"wp-image-112343\" srcset=\"https:\/\/infoecos.com.ar\/wp-content\/uploads\/2023\/09\/expobolivar1.jpeg 1024w, https:\/\/infoecos.com.ar\/wp-content\/uploads\/2023\/09\/expobolivar1-800x450.jpeg 800w, https:\/\/infoecos.com.ar\/wp-content\/uploads\/2023\/09\/expobolivar1-768x432.jpeg 768w\" sizes=\"(max-width: 1024px) 100vw, 1024px\" \/><figcaption class=\"wp-element-caption\">Expo Rural Bol\u00edvar<\/figcaption><\/figure>\n\n\n\n<figure class=\"wp-block-image size-large\"><img loading=\"lazy\" decoding=\"async\" width=\"1024\" height=\"682\" data-id=\"112345\" src=\"https:\/\/infoecos.com.ar\/wp-content\/uploads\/2023\/09\/exporural7.jpeg\" alt=\"\" class=\"wp-image-112345\" srcset=\"https:\/\/infoecos.com.ar\/wp-content\/uploads\/2023\/09\/exporural7.jpeg 1024w, https:\/\/infoecos.com.ar\/wp-content\/uploads\/2023\/09\/exporural7-800x533.jpeg 800w, https:\/\/infoecos.com.ar\/wp-content\/uploads\/2023\/09\/exporural7-768x512.jpeg 768w, https:\/\/infoecos.com.ar\/wp-content\/uploads\/2023\/09\/exporural7-675x450.jpeg 675w\" sizes=\"(max-width: 1024px) 100vw, 1024px\" \/><figcaption class=\"wp-element-caption\">Expo Rural Bol\u00edvar<\/figcaption><\/figure>\n\n\n\n<figure class=\"wp-block-image size-large\"><img loading=\"lazy\" decoding=\"async\" width=\"696\" height=\"392\" data-id=\"112342\" src=\"https:\/\/infoecos.com.ar\/wp-content\/uploads\/2023\/09\/exporuralbolivar2.jpeg\" alt=\"\" class=\"wp-image-112342\"\/><figcaption class=\"wp-element-caption\">Expo Rural Bol\u00edvar<\/figcaption><\/figure>\n\n\n\n<figure class=\"wp-block-image size-large\"><img loading=\"lazy\" decoding=\"async\" width=\"696\" height=\"392\" data-id=\"112339\" src=\"https:\/\/infoecos.com.ar\/wp-content\/uploads\/2023\/09\/exporuralbolivar3.jpeg\" alt=\"\" class=\"wp-image-112339\"\/><figcaption class=\"wp-element-caption\">Expo Rural Bol\u00edvar<\/figcaption><\/figure>\n\n\n\n<figure class=\"wp-block-image size-large\"><img loading=\"lazy\" decoding=\"async\" width=\"696\" height=\"391\" data-id=\"112340\" src=\"https:\/\/infoecos.com.ar\/wp-content\/uploads\/2023\/09\/exporuralbolivar4.jpg\" alt=\"\" class=\"wp-image-112340\"\/><figcaption class=\"wp-element-caption\">Expo Rural Bol\u00edvar<\/figcaption><\/figure>\n\n\n\n<figure class=\"wp-block-image size-large\"><img loading=\"lazy\" decoding=\"async\" width=\"1024\" height=\"576\" data-id=\"112346\" src=\"https:\/\/infoecos.com.ar\/wp-content\/uploads\/2023\/09\/exporuralbolivar5.jpg\" alt=\"\" class=\"wp-image-112346\" srcset=\"https:\/\/infoecos.com.ar\/wp-content\/uploads\/2023\/09\/exporuralbolivar5.jpg 1024w, https:\/\/infoecos.com.ar\/wp-content\/uploads\/2023\/09\/exporuralbolivar5-800x450.jpg 800w, https:\/\/infoecos.com.ar\/wp-content\/uploads\/2023\/09\/exporuralbolivar5-768x432.jpg 768w\" sizes=\"(max-width: 1024px) 100vw, 1024px\" \/><figcaption class=\"wp-element-caption\">Expo Rural Bol\u00edvar<\/figcaption><\/figure>\n\n\n\n<figure class=\"wp-block-image size-large\"><img loading=\"lazy\" decoding=\"async\" width=\"696\" height=\"464\" data-id=\"112341\" src=\"https:\/\/infoecos.com.ar\/wp-content\/uploads\/2023\/09\/exporuralbolivar6.jpeg\" alt=\"\" class=\"wp-image-112341\" srcset=\"https:\/\/infoecos.com.ar\/wp-content\/uploads\/2023\/09\/exporuralbolivar6.jpeg 696w, https:\/\/infoecos.com.ar\/wp-content\/uploads\/2023\/09\/exporuralbolivar6-675x450.jpeg 675w\" sizes=\"(max-width: 696px) 100vw, 696px\" \/><figcaption class=\"wp-element-caption\">Expo Rural Bol\u00edvar<\/figcaption><\/figure>\n\n\n\n<figure class=\"wp-block-image size-large\"><img loading=\"lazy\" decoding=\"async\" width=\"1024\" height=\"682\" data-id=\"112344\" src=\"https:\/\/infoecos.com.ar\/wp-content\/uploads\/2023\/09\/exporuraldebolivar8.jpeg\" alt=\"\" class=\"wp-image-112344\" srcset=\"https:\/\/infoecos.com.ar\/wp-content\/uploads\/2023\/09\/exporuraldebolivar8.jpeg 1024w, https:\/\/infoecos.com.ar\/wp-content\/uploads\/2023\/09\/exporuraldebolivar8-800x533.jpeg 800w, https:\/\/infoecos.com.ar\/wp-content\/uploads\/2023\/09\/exporuraldebolivar8-768x512.jpeg 768w, https:\/\/infoecos.com.ar\/wp-content\/uploads\/2023\/09\/exporuraldebolivar8-675x450.jpeg 675w\" sizes=\"(max-width: 1024px) 100vw, 1024px\" \/><figcaption class=\"wp-element-caption\">Expo Rural Bol\u00edvar<\/figcaption><\/figure>\n<\/figure>\n\n\n\n<p>El discurso que cerr\u00f3 la muestra fue pronunciado por <strong>Horacio Salaverri<\/strong> que estuvo en l\u00ednea con sus \u00faltimas manifestaciones p\u00fablicas, al remarcar reclamos contundentes del sector.<\/p>\n\n\n\n<p><strong>Se reconoci\u00f3 al&nbsp;ex presidente Fernando Alzueta fue homenajeado&nbsp;y la trayectoria de la caba\u00f1a de Rub\u00e9n Biscardi.<\/strong><\/p>\n\n\n\n<p>El desfile, fue iniciado por el toro&nbsp;<strong>Gran Campe\u00f3n Shorthorn<\/strong>, que este a\u00f1o volvi\u00f3 a celebrar su<strong>&nbsp;Campeonato Nacional&nbsp;<\/strong>en Bol\u00edvar, en este caso celebrando el bicentenario de la raza en el pa\u00eds. Desfilaron todos ejemplares premiados de la raza, que fueron seguidos por los Angus y la raza Criollo. Enseguida hicieron lo propio los ovinos y luego los equinos, que cerraron la marcha en lo relativo a animales en el paso de la organizaci\u00f3n de Equinoterapia \u201cRetozando\u201d. <\/p>\n\n\n\n<p>Los sulkys y carruajes antiguos, que tambi\u00e9n pasearon por la pista central, trajeron un retazo de la historia de estos pueblos y posteriormente pasaron las maquinarias, presididas por los antiqu\u00edsimos tractores que fueron expuestos a lo largo de los d\u00edas de esta muestra.<\/p>\n\n\n\n<p>Todo cerr\u00f3 con los autos antiguos, que dieron paso a las modernas camionetas que fueron motivo de exposici\u00f3n por parte de concesionarias locales y de la zona.<\/p>\n\n\n\n<p><strong>Gracias: diariolamanana.com.ar<\/strong><\/p>\n","protected":false},"excerpt":{"rendered":"<p>El discurso que cerr\u00f3 la muestra fue pronunciado por Horacio Salaverri que estuvo en l\u00ednea con sus \u00faltimas manifestaciones p\u00fablicas, al remarcar reclamos contundentes del sector<\/p>\n","protected":false},"author":2,"featured_media":112338,"comment_status":"closed","ping_status":"open","sticky":false,"template":"","format":"standard","meta":{"footnotes":""},"categories":[40],"tags":[9149],"class_list":["post-112337","post","type-post","status-publish","format-standard","has-post-thumbnail","hentry","category-inferior1","tag-ciudad-y-actividad-agropecuaria"],"yoast_head":"<!-- This site is optimized with the Yoast SEO plugin v23.4 - https:\/\/yoast.com\/wordpress\/plugins\/seo\/ -->\n<title>Se cerr\u00f3 la Expo Rural de Bol\u00edvar, una de las muestras m\u00e1s sobresalientes del interior bonaerense - Infoecos<\/title>\n<meta name=\"robots\" content=\"index, follow, max-snippet:-1, max-image-preview:large, max-video-preview:-1\" \/>\n<link rel=\"canonical\" href=\"https:\/\/infoecos.com.ar\/index.php\/se-cerro-la-expo-rural-de-bolivar-una-de-las-muestras-mas-sobresalientes-del-interior-bonaerense\/\" \/>\n<meta property=\"og:locale\" content=\"es_ES\" \/>\n<meta property=\"og:type\" content=\"article\" \/>\n<meta property=\"og:title\" content=\"Se cerr\u00f3 la Expo Rural de Bol\u00edvar, una de las muestras m\u00e1s sobresalientes del interior bonaerense - Infoecos\" \/>\n<meta property=\"og:description\" content=\"El discurso que cerr\u00f3 la muestra fue pronunciado por Horacio Salaverri que estuvo en l\u00ednea con sus \u00faltimas manifestaciones p\u00fablicas, al remarcar reclamos contundentes del sector\" \/>\n<meta property=\"og:url\" content=\"https:\/\/infoecos.com.ar\/index.php\/se-cerro-la-expo-rural-de-bolivar-una-de-las-muestras-mas-sobresalientes-del-interior-bonaerense\/\" \/>\n<meta property=\"og:site_name\" content=\"Infoecos\" \/>\n<meta property=\"article:publisher\" content=\"https:\/\/www.facebook.com\/profile.php?id=100063200290284\" \/>\n<meta property=\"article:published_time\" content=\"2023-09-18T00:49:40+00:00\" \/>\n<meta property=\"article:modified_time\" content=\"2023-09-19T04:52:44+00:00\" \/>\n<meta property=\"og:image\" content=\"https:\/\/infoecos.com.ar\/wp-content\/uploads\/2023\/09\/expobolivar.jpeg\" \/>\n\t<meta property=\"og:image:width\" content=\"696\" \/>\n\t<meta property=\"og:image:height\" content=\"392\" \/>\n\t<meta property=\"og:image:type\" content=\"image\/jpeg\" \/>\n<meta name=\"author\" content=\"Jorge Matheus\" \/>\n<meta name=\"twitter:card\" content=\"summary_large_image\" \/>\n<meta name=\"twitter:creator\" content=\"@infoecos\" \/>\n<meta name=\"twitter:site\" content=\"@infoecos\" \/>\n<meta name=\"twitter:label1\" content=\"Escrito por\" \/>\n\t<meta name=\"twitter:data1\" content=\"Jorge Matheus\" \/>\n\t<meta name=\"twitter:label2\" content=\"Tiempo de lectura\" \/>\n\t<meta name=\"twitter:data2\" content=\"3 minutos\" \/>\n<script type=\"application\/ld+json\" class=\"yoast-schema-graph\">{\"@context\":\"https:\/\/schema.org\",\"@graph\":[{\"@type\":\"Article\",\"@id\":\"https:\/\/infoecos.com.ar\/index.php\/se-cerro-la-expo-rural-de-bolivar-una-de-las-muestras-mas-sobresalientes-del-interior-bonaerense\/#article\",\"isPartOf\":{\"@id\":\"https:\/\/infoecos.com.ar\/index.php\/se-cerro-la-expo-rural-de-bolivar-una-de-las-muestras-mas-sobresalientes-del-interior-bonaerense\/\"},\"author\":{\"name\":\"Jorge Matheus\",\"@id\":\"https:\/\/infoecos.com.ar\/#\/schema\/person\/8f5ace5ce73b4b4aac4b7245aee6f191\"},\"headline\":\"Se cerr\u00f3 la Expo Rural de Bol\u00edvar, una de las muestras m\u00e1s sobresalientes del interior bonaerense\",\"datePublished\":\"2023-09-18T00:49:40+00:00\",\"dateModified\":\"2023-09-19T04:52:44+00:00\",\"mainEntityOfPage\":{\"@id\":\"https:\/\/infoecos.com.ar\/index.php\/se-cerro-la-expo-rural-de-bolivar-una-de-las-muestras-mas-sobresalientes-del-interior-bonaerense\/\"},\"wordCount\":282,\"publisher\":{\"@id\":\"https:\/\/infoecos.com.ar\/#organization\"},\"image\":{\"@id\":\"https:\/\/infoecos.com.ar\/index.php\/se-cerro-la-expo-rural-de-bolivar-una-de-las-muestras-mas-sobresalientes-del-interior-bonaerense\/#primaryimage\"},\"thumbnailUrl\":\"https:\/\/infoecos.com.ar\/wp-content\/uploads\/2023\/09\/expobolivar.jpeg\",\"keywords\":[\"ciudad y actividad agropecuaria\"],\"articleSection\":[\"Bloque inferior - 1\"],\"inLanguage\":\"es\"},{\"@type\":\"WebPage\",\"@id\":\"https:\/\/infoecos.com.ar\/index.php\/se-cerro-la-expo-rural-de-bolivar-una-de-las-muestras-mas-sobresalientes-del-interior-bonaerense\/\",\"url\":\"https:\/\/infoecos.com.ar\/index.php\/se-cerro-la-expo-rural-de-bolivar-una-de-las-muestras-mas-sobresalientes-del-interior-bonaerense\/\",\"name\":\"Se cerr\u00f3 la Expo Rural de Bol\u00edvar, una de las muestras m\u00e1s sobresalientes del interior bonaerense - Infoecos\",\"isPartOf\":{\"@id\":\"https:\/\/infoecos.com.ar\/#website\"},\"primaryImageOfPage\":{\"@id\":\"https:\/\/infoecos.com.ar\/index.php\/se-cerro-la-expo-rural-de-bolivar-una-de-las-muestras-mas-sobresalientes-del-interior-bonaerense\/#primaryimage\"},\"image\":{\"@id\":\"https:\/\/infoecos.com.ar\/index.php\/se-cerro-la-expo-rural-de-bolivar-una-de-las-muestras-mas-sobresalientes-del-interior-bonaerense\/#primaryimage\"},\"thumbnailUrl\":\"https:\/\/infoecos.com.ar\/wp-content\/uploads\/2023\/09\/expobolivar.jpeg\",\"datePublished\":\"2023-09-18T00:49:40+00:00\",\"dateModified\":\"2023-09-19T04:52:44+00:00\",\"breadcrumb\":{\"@id\":\"https:\/\/infoecos.com.ar\/index.php\/se-cerro-la-expo-rural-de-bolivar-una-de-las-muestras-mas-sobresalientes-del-interior-bonaerense\/#breadcrumb\"},\"inLanguage\":\"es\",\"potentialAction\":[{\"@type\":\"ReadAction\",\"target\":[\"https:\/\/infoecos.com.ar\/index.php\/se-cerro-la-expo-rural-de-bolivar-una-de-las-muestras-mas-sobresalientes-del-interior-bonaerense\/\"]}]},{\"@type\":\"ImageObject\",\"inLanguage\":\"es\",\"@id\":\"https:\/\/infoecos.com.ar\/index.php\/se-cerro-la-expo-rural-de-bolivar-una-de-las-muestras-mas-sobresalientes-del-interior-bonaerense\/#primaryimage\",\"url\":\"https:\/\/infoecos.com.ar\/wp-content\/uploads\/2023\/09\/expobolivar.jpeg\",\"contentUrl\":\"https:\/\/infoecos.com.ar\/wp-content\/uploads\/2023\/09\/expobolivar.jpeg\",\"width\":696,\"height\":392},{\"@type\":\"BreadcrumbList\",\"@id\":\"https:\/\/infoecos.com.ar\/index.php\/se-cerro-la-expo-rural-de-bolivar-una-de-las-muestras-mas-sobresalientes-del-interior-bonaerense\/#breadcrumb\",\"itemListElement\":[{\"@type\":\"ListItem\",\"position\":1,\"name\":\"Portada\",\"item\":\"https:\/\/infoecos.com.ar\/\"},{\"@type\":\"ListItem\",\"position\":2,\"name\":\"Se cerr\u00f3 la Expo Rural de Bol\u00edvar, una de las muestras m\u00e1s sobresalientes del interior bonaerense\"}]},{\"@type\":\"WebSite\",\"@id\":\"https:\/\/infoecos.com.ar\/#website\",\"url\":\"https:\/\/infoecos.com.ar\/\",\"name\":\"Infoecos\",\"description\":\"Noticias de trenque lauquen y la zona\",\"publisher\":{\"@id\":\"https:\/\/infoecos.com.ar\/#organization\"},\"alternateName\":\"Noticias\",\"potentialAction\":[{\"@type\":\"SearchAction\",\"target\":{\"@type\":\"EntryPoint\",\"urlTemplate\":\"https:\/\/infoecos.com.ar\/?s={search_term_string}\"},\"query-input\":{\"@type\":\"PropertyValueSpecification\",\"valueRequired\":true,\"valueName\":\"search_term_string\"}}],\"inLanguage\":\"es\"},{\"@type\":\"Organization\",\"@id\":\"https:\/\/infoecos.com.ar\/#organization\",\"name\":\"Infoecos\",\"alternateName\":\"Noticias\",\"url\":\"https:\/\/infoecos.com.ar\/\",\"logo\":{\"@type\":\"ImageObject\",\"inLanguage\":\"es\",\"@id\":\"https:\/\/infoecos.com.ar\/#\/schema\/logo\/image\/\",\"url\":\"https:\/\/infoecos.com.ar\/wp-content\/uploads\/2024\/03\/cropped-logo.png\",\"contentUrl\":\"https:\/\/infoecos.com.ar\/wp-content\/uploads\/2024\/03\/cropped-logo.png\",\"width\":374,\"height\":90,\"caption\":\"Infoecos\"},\"image\":{\"@id\":\"https:\/\/infoecos.com.ar\/#\/schema\/logo\/image\/\"},\"sameAs\":[\"https:\/\/www.facebook.com\/profile.php?id=100063200290284\",\"https:\/\/x.com\/infoecos\"]},{\"@type\":\"Person\",\"@id\":\"https:\/\/infoecos.com.ar\/#\/schema\/person\/8f5ace5ce73b4b4aac4b7245aee6f191\",\"name\":\"Jorge Matheus\",\"url\":\"https:\/\/infoecos.com.ar\/index.php\/author\/jomatheus\/\"}]}<\/script>\n<!-- \/ Yoast SEO plugin. -->","yoast_head_json":{"title":"Se cerr\u00f3 la Expo Rural de Bol\u00edvar, una de las muestras m\u00e1s sobresalientes del interior bonaerense - Infoecos","robots":{"index":"index","follow":"follow","max-snippet":"max-snippet:-1","max-image-preview":"max-image-preview:large","max-video-preview":"max-video-preview:-1"},"canonical":"https:\/\/infoecos.com.ar\/index.php\/se-cerro-la-expo-rural-de-bolivar-una-de-las-muestras-mas-sobresalientes-del-interior-bonaerense\/","og_locale":"es_ES","og_type":"article","og_title":"Se cerr\u00f3 la Expo Rural de Bol\u00edvar, una de las muestras m\u00e1s sobresalientes del interior bonaerense - Infoecos","og_description":"El discurso que cerr\u00f3 la muestra fue pronunciado por Horacio Salaverri que estuvo en l\u00ednea con sus \u00faltimas manifestaciones p\u00fablicas, al remarcar reclamos contundentes del sector","og_url":"https:\/\/infoecos.com.ar\/index.php\/se-cerro-la-expo-rural-de-bolivar-una-de-las-muestras-mas-sobresalientes-del-interior-bonaerense\/","og_site_name":"Infoecos","article_publisher":"https:\/\/www.facebook.com\/profile.php?id=100063200290284","article_published_time":"2023-09-18T00:49:40+00:00","article_modified_time":"2023-09-19T04:52:44+00:00","og_image":[{"width":696,"height":392,"url":"https:\/\/infoecos.com.ar\/wp-content\/uploads\/2023\/09\/expobolivar.jpeg","type":"image\/jpeg"}],"author":"Jorge Matheus","twitter_card":"summary_large_image","twitter_creator":"@infoecos","twitter_site":"@infoecos","twitter_misc":{"Escrito por":"Jorge Matheus","Tiempo de lectura":"3 minutos"},"schema":{"@context":"https:\/\/schema.org","@graph":[{"@type":"Article","@id":"https:\/\/infoecos.com.ar\/index.php\/se-cerro-la-expo-rural-de-bolivar-una-de-las-muestras-mas-sobresalientes-del-interior-bonaerense\/#article","isPartOf":{"@id":"https:\/\/infoecos.com.ar\/index.php\/se-cerro-la-expo-rural-de-bolivar-una-de-las-muestras-mas-sobresalientes-del-interior-bonaerense\/"},"author":{"name":"Jorge Matheus","@id":"https:\/\/infoecos.com.ar\/#\/schema\/person\/8f5ace5ce73b4b4aac4b7245aee6f191"},"headline":"Se cerr\u00f3 la Expo Rural de Bol\u00edvar, una de las muestras m\u00e1s sobresalientes del interior bonaerense","datePublished":"2023-09-18T00:49:40+00:00","dateModified":"2023-09-19T04:52:44+00:00","mainEntityOfPage":{"@id":"https:\/\/infoecos.com.ar\/index.php\/se-cerro-la-expo-rural-de-bolivar-una-de-las-muestras-mas-sobresalientes-del-interior-bonaerense\/"},"wordCount":282,"publisher":{"@id":"https:\/\/infoecos.com.ar\/#organization"},"image":{"@id":"https:\/\/infoecos.com.ar\/index.php\/se-cerro-la-expo-rural-de-bolivar-una-de-las-muestras-mas-sobresalientes-del-interior-bonaerense\/#primaryimage"},"thumbnailUrl":"https:\/\/infoecos.com.ar\/wp-content\/uploads\/2023\/09\/expobolivar.jpeg","keywords":["ciudad y actividad agropecuaria"],"articleSection":["Bloque inferior - 1"],"inLanguage":"es"},{"@type":"WebPage","@id":"https:\/\/infoecos.com.ar\/index.php\/se-cerro-la-expo-rural-de-bolivar-una-de-las-muestras-mas-sobresalientes-del-interior-bonaerense\/","url":"https:\/\/infoecos.com.ar\/index.php\/se-cerro-la-expo-rural-de-bolivar-una-de-las-muestras-mas-sobresalientes-del-interior-bonaerense\/","name":"Se cerr\u00f3 la Expo Rural de Bol\u00edvar, una de las muestras m\u00e1s sobresalientes del interior bonaerense - Infoecos","isPartOf":{"@id":"https:\/\/infoecos.com.ar\/#website"},"primaryImageOfPage":{"@id":"https:\/\/infoecos.com.ar\/index.php\/se-cerro-la-expo-rural-de-bolivar-una-de-las-muestras-mas-sobresalientes-del-interior-bonaerense\/#primaryimage"},"image":{"@id":"https:\/\/infoecos.com.ar\/index.php\/se-cerro-la-expo-rural-de-bolivar-una-de-las-muestras-mas-sobresalientes-del-interior-bonaerense\/#primaryimage"},"thumbnailUrl":"https:\/\/infoecos.com.ar\/wp-content\/uploads\/2023\/09\/expobolivar.jpeg","datePublished":"2023-09-18T00:49:40+00:00","dateModified":"2023-09-19T04:52:44+00:00","breadcrumb":{"@id":"https:\/\/infoecos.com.ar\/index.php\/se-cerro-la-expo-rural-de-bolivar-una-de-las-muestras-mas-sobresalientes-del-interior-bonaerense\/#breadcrumb"},"inLanguage":"es","potentialAction":[{"@type":"ReadAction","target":["https:\/\/infoecos.com.ar\/index.php\/se-cerro-la-expo-rural-de-bolivar-una-de-las-muestras-mas-sobresalientes-del-interior-bonaerense\/"]}]},{"@type":"ImageObject","inLanguage":"es","@id":"https:\/\/infoecos.com.ar\/index.php\/se-cerro-la-expo-rural-de-bolivar-una-de-las-muestras-mas-sobresalientes-del-interior-bonaerense\/#primaryimage","url":"https:\/\/infoecos.com.ar\/wp-content\/uploads\/2023\/09\/expobolivar.jpeg","contentUrl":"https:\/\/infoecos.com.ar\/wp-content\/uploads\/2023\/09\/expobolivar.jpeg","width":696,"height":392},{"@type":"BreadcrumbList","@id":"https:\/\/infoecos.com.ar\/index.php\/se-cerro-la-expo-rural-de-bolivar-una-de-las-muestras-mas-sobresalientes-del-interior-bonaerense\/#breadcrumb","itemListElement":[{"@type":"ListItem","position":1,"name":"Portada","item":"https:\/\/infoecos.com.ar\/"},{"@type":"ListItem","position":2,"name":"Se cerr\u00f3 la Expo Rural de Bol\u00edvar, una de las muestras m\u00e1s sobresalientes del interior bonaerense"}]},{"@type":"WebSite","@id":"https:\/\/infoecos.com.ar\/#website","url":"https:\/\/infoecos.com.ar\/","name":"Infoecos","description":"Noticias de trenque lauquen y la zona","publisher":{"@id":"https:\/\/infoecos.com.ar\/#organization"},"alternateName":"Noticias","potentialAction":[{"@type":"SearchAction","target":{"@type":"EntryPoint","urlTemplate":"https:\/\/infoecos.com.ar\/?s={search_term_string}"},"query-input":{"@type":"PropertyValueSpecification","valueRequired":true,"valueName":"search_term_string"}}],"inLanguage":"es"},{"@type":"Organization","@id":"https:\/\/infoecos.com.ar\/#organization","name":"Infoecos","alternateName":"Noticias","url":"https:\/\/infoecos.com.ar\/","logo":{"@type":"ImageObject","inLanguage":"es","@id":"https:\/\/infoecos.com.ar\/#\/schema\/logo\/image\/","url":"https:\/\/infoecos.com.ar\/wp-content\/uploads\/2024\/03\/cropped-logo.png","contentUrl":"https:\/\/infoecos.com.ar\/wp-content\/uploads\/2024\/03\/cropped-logo.png","width":374,"height":90,"caption":"Infoecos"},"image":{"@id":"https:\/\/infoecos.com.ar\/#\/schema\/logo\/image\/"},"sameAs":["https:\/\/www.facebook.com\/profile.php?id=100063200290284","https:\/\/x.com\/infoecos"]},{"@type":"Person","@id":"https:\/\/infoecos.com.ar\/#\/schema\/person\/8f5ace5ce73b4b4aac4b7245aee6f191","name":"Jorge Matheus","url":"https:\/\/infoecos.com.ar\/index.php\/author\/jomatheus\/"}]}},"featured_image_urls":{"full":["https:\/\/infoecos.com.ar\/wp-content\/uploads\/2023\/09\/expobolivar.jpeg",696,392,false],"thumbnail":["https:\/\/infoecos.com.ar\/wp-content\/uploads\/2023\/09\/expobolivar-300x150.jpeg",300,150,true],"medium":["https:\/\/infoecos.com.ar\/wp-content\/uploads\/2023\/09\/expobolivar.jpeg",696,392,false],"medium_large":["https:\/\/infoecos.com.ar\/wp-content\/uploads\/2023\/09\/expobolivar.jpeg",640,360,false],"large":["https:\/\/infoecos.com.ar\/wp-content\/uploads\/2023\/09\/expobolivar.jpeg",640,360,false],"1536x1536":["https:\/\/infoecos.com.ar\/wp-content\/uploads\/2023\/09\/expobolivar.jpeg",696,392,false],"2048x2048":["https:\/\/infoecos.com.ar\/wp-content\/uploads\/2023\/09\/expobolivar.jpeg",696,392,false],"covernews-slider-full":["https:\/\/infoecos.com.ar\/wp-content\/uploads\/2023\/09\/expobolivar.jpeg",696,392,false],"covernews-slider-center":["https:\/\/infoecos.com.ar\/wp-content\/uploads\/2023\/09\/expobolivar.jpeg",696,392,false],"covernews-featured":["https:\/\/infoecos.com.ar\/wp-content\/uploads\/2023\/09\/expobolivar.jpeg",696,392,false],"covernews-medium":["https:\/\/infoecos.com.ar\/wp-content\/uploads\/2023\/09\/expobolivar-696x380.jpeg",540,295,true],"covernews-medium-square":["https:\/\/infoecos.com.ar\/wp-content\/uploads\/2023\/09\/expobolivar-675x392.jpeg",400,232,true]},"author_info":{"info":["Jorge Matheus"]},"category_info":"<a href=\"https:\/\/infoecos.com.ar\/index.php\/category\/inferior1\/\" rel=\"category tag\">Bloque inferior - 1<\/a>","tag_info":"Bloque inferior - 1","comment_count":"0","_links":{"self":[{"href":"https:\/\/infoecos.com.ar\/index.php\/wp-json\/wp\/v2\/posts\/112337"}],"collection":[{"href":"https:\/\/infoecos.com.ar\/index.php\/wp-json\/wp\/v2\/posts"}],"about":[{"href":"https:\/\/infoecos.com.ar\/index.php\/wp-json\/wp\/v2\/types\/post"}],"author":[{"embeddable":true,"href":"https:\/\/infoecos.com.ar\/index.php\/wp-json\/wp\/v2\/users\/2"}],"replies":[{"embeddable":true,"href":"https:\/\/infoecos.com.ar\/index.php\/wp-json\/wp\/v2\/comments?post=112337"}],"version-history":[{"count":2,"href":"https:\/\/infoecos.com.ar\/index.php\/wp-json\/wp\/v2\/posts\/112337\/revisions"}],"predecessor-version":[{"id":112435,"href":"https:\/\/infoecos.com.ar\/index.php\/wp-json\/wp\/v2\/posts\/112337\/revisions\/112435"}],"wp:featuredmedia":[{"embeddable":true,"href":"https:\/\/infoecos.com.ar\/index.php\/wp-json\/wp\/v2\/media\/112338"}],"wp:attachment":[{"href":"https:\/\/infoecos.com.ar\/index.php\/wp-json\/wp\/v2\/media?parent=112337"}],"wp:term":[{"taxonomy":"category","embeddable":true,"href":"https:\/\/infoecos.com.ar\/index.php\/wp-json\/wp\/v2\/categories?post=112337"},{"taxonomy":"post_tag","embeddable":true,"href":"https:\/\/infoecos.com.ar\/index.php\/wp-json\/wp\/v2\/tags?post=112337"}],"curies":[{"name":"wp","href":"https:\/\/api.w.org\/{rel}","templated":true}]}}