{"id":112377,"date":"2023-09-18T14:14:56","date_gmt":"2023-09-18T17:14:56","guid":{"rendered":"https:\/\/infoecos.com.ar\/?p=112377"},"modified":"2023-09-18T23:12:32","modified_gmt":"2023-09-19T02:12:32","slug":"las-leonas-hasta-el-viernes-22-estaran-en-monte-hermoso","status":"publish","type":"post","link":"https:\/\/infoecos.com.ar\/index.php\/las-leonas-hasta-el-viernes-22-estaran-en-monte-hermoso\/","title":{"rendered":"Las Leonas, hasta el viernes 22, estar\u00e1n en Monte Hermoso"},"content":{"rendered":"\n<p>El seleccionado argentino femenino de hockey sobre c\u00e9sped se encuentra en Monte Hermoso, donde concentrar\u00e1n durante toda la semana.<\/p>\n\n\n\n<figure class=\"wp-block-gallery has-nested-images columns-default is-cropped wp-block-gallery-1 is-layout-flex wp-block-gallery-is-layout-flex\">\n<figure class=\"wp-block-image size-large\"><img loading=\"lazy\" decoding=\"async\" width=\"807\" height=\"535\" data-id=\"112381\" src=\"https:\/\/infoecos.com.ar\/wp-content\/uploads\/2023\/09\/WhatsApp-Image-2023-09-18-at-11.37.35-1.jpeg\" alt=\"\" class=\"wp-image-112381\" srcset=\"https:\/\/infoecos.com.ar\/wp-content\/uploads\/2023\/09\/WhatsApp-Image-2023-09-18-at-11.37.35-1.jpeg 807w, https:\/\/infoecos.com.ar\/wp-content\/uploads\/2023\/09\/WhatsApp-Image-2023-09-18-at-11.37.35-1-800x530.jpeg 800w, https:\/\/infoecos.com.ar\/wp-content\/uploads\/2023\/09\/WhatsApp-Image-2023-09-18-at-11.37.35-1-768x509.jpeg 768w\" sizes=\"(max-width: 807px) 100vw, 807px\" \/><figcaption class=\"wp-element-caption\">Las Leonas y su llegada al Aeropuerto de Bah\u00eda Blanca<\/figcaption><\/figure>\n\n\n\n<figure class=\"wp-block-image size-large\"><img loading=\"lazy\" decoding=\"async\" width=\"807\" height=\"535\" data-id=\"112385\" src=\"https:\/\/infoecos.com.ar\/wp-content\/uploads\/2023\/09\/WhatsApp-Image-2023-09-18-at-11.37.35.jpeg\" alt=\"\" class=\"wp-image-112385\" srcset=\"https:\/\/infoecos.com.ar\/wp-content\/uploads\/2023\/09\/WhatsApp-Image-2023-09-18-at-11.37.35.jpeg 807w, https:\/\/infoecos.com.ar\/wp-content\/uploads\/2023\/09\/WhatsApp-Image-2023-09-18-at-11.37.35-800x530.jpeg 800w, https:\/\/infoecos.com.ar\/wp-content\/uploads\/2023\/09\/WhatsApp-Image-2023-09-18-at-11.37.35-768x509.jpeg 768w\" sizes=\"(max-width: 807px) 100vw, 807px\" \/><figcaption class=\"wp-element-caption\">Las Leonas y su llegada al Aeropuerto de Bah\u00eda Blanca<\/figcaption><\/figure>\n\n\n\n<figure class=\"wp-block-image size-large\"><img loading=\"lazy\" decoding=\"async\" width=\"807\" height=\"535\" data-id=\"112380\" src=\"https:\/\/infoecos.com.ar\/wp-content\/uploads\/2023\/09\/WhatsApp-Image-2023-09-18-at-11.37.36-1.jpeg\" alt=\"\" class=\"wp-image-112380\" srcset=\"https:\/\/infoecos.com.ar\/wp-content\/uploads\/2023\/09\/WhatsApp-Image-2023-09-18-at-11.37.36-1.jpeg 807w, https:\/\/infoecos.com.ar\/wp-content\/uploads\/2023\/09\/WhatsApp-Image-2023-09-18-at-11.37.36-1-800x530.jpeg 800w, https:\/\/infoecos.com.ar\/wp-content\/uploads\/2023\/09\/WhatsApp-Image-2023-09-18-at-11.37.36-1-768x509.jpeg 768w\" sizes=\"(max-width: 807px) 100vw, 807px\" \/><figcaption class=\"wp-element-caption\">Las Leonas y su llegada al Aeropuerto de Bah\u00eda Blanca<\/figcaption><\/figure>\n\n\n\n<figure class=\"wp-block-image size-large\"><img loading=\"lazy\" decoding=\"async\" width=\"807\" height=\"535\" data-id=\"112379\" src=\"https:\/\/infoecos.com.ar\/wp-content\/uploads\/2023\/09\/WhatsApp-Image-2023-09-18-at-11.37.36.jpeg\" alt=\"\" class=\"wp-image-112379\" srcset=\"https:\/\/infoecos.com.ar\/wp-content\/uploads\/2023\/09\/WhatsApp-Image-2023-09-18-at-11.37.36.jpeg 807w, https:\/\/infoecos.com.ar\/wp-content\/uploads\/2023\/09\/WhatsApp-Image-2023-09-18-at-11.37.36-800x530.jpeg 800w, https:\/\/infoecos.com.ar\/wp-content\/uploads\/2023\/09\/WhatsApp-Image-2023-09-18-at-11.37.36-768x509.jpeg 768w\" sizes=\"(max-width: 807px) 100vw, 807px\" \/><figcaption class=\"wp-element-caption\">Las Leonas y su llegada al Aeropuerto de Bah\u00eda Blanca<\/figcaption><\/figure>\n\n\n\n<figure class=\"wp-block-image size-large\"><img loading=\"lazy\" decoding=\"async\" width=\"807\" height=\"535\" data-id=\"112378\" src=\"https:\/\/infoecos.com.ar\/wp-content\/uploads\/2023\/09\/WhatsApp-Image-2023-09-18-at-11.37.39.jpeg\" alt=\"\" class=\"wp-image-112378\" srcset=\"https:\/\/infoecos.com.ar\/wp-content\/uploads\/2023\/09\/WhatsApp-Image-2023-09-18-at-11.37.39.jpeg 807w, https:\/\/infoecos.com.ar\/wp-content\/uploads\/2023\/09\/WhatsApp-Image-2023-09-18-at-11.37.39-800x530.jpeg 800w, https:\/\/infoecos.com.ar\/wp-content\/uploads\/2023\/09\/WhatsApp-Image-2023-09-18-at-11.37.39-768x509.jpeg 768w\" sizes=\"(max-width: 807px) 100vw, 807px\" \/><figcaption class=\"wp-element-caption\">Las Leonas y su llegada al Aeropuerto de Bah\u00eda Blanca<\/figcaption><\/figure>\n\n\n\n<figure class=\"wp-block-image size-large\"><img loading=\"lazy\" decoding=\"async\" width=\"807\" height=\"535\" data-id=\"112383\" src=\"https:\/\/infoecos.com.ar\/wp-content\/uploads\/2023\/09\/WhatsApp-Image-2023-09-18-at-11.37.41-1.jpeg\" alt=\"\" class=\"wp-image-112383\" srcset=\"https:\/\/infoecos.com.ar\/wp-content\/uploads\/2023\/09\/WhatsApp-Image-2023-09-18-at-11.37.41-1.jpeg 807w, https:\/\/infoecos.com.ar\/wp-content\/uploads\/2023\/09\/WhatsApp-Image-2023-09-18-at-11.37.41-1-800x530.jpeg 800w, https:\/\/infoecos.com.ar\/wp-content\/uploads\/2023\/09\/WhatsApp-Image-2023-09-18-at-11.37.41-1-768x509.jpeg 768w\" sizes=\"(max-width: 807px) 100vw, 807px\" \/><figcaption class=\"wp-element-caption\">Las Leonas y su llegada al Aeropuerto de Bah\u00eda Blanca<\/figcaption><\/figure>\n\n\n\n<figure class=\"wp-block-image size-large\"><img loading=\"lazy\" decoding=\"async\" width=\"807\" height=\"535\" data-id=\"112382\" src=\"https:\/\/infoecos.com.ar\/wp-content\/uploads\/2023\/09\/WhatsApp-Image-2023-09-18-at-11.37.41.jpeg\" alt=\"\" class=\"wp-image-112382\" srcset=\"https:\/\/infoecos.com.ar\/wp-content\/uploads\/2023\/09\/WhatsApp-Image-2023-09-18-at-11.37.41.jpeg 807w, https:\/\/infoecos.com.ar\/wp-content\/uploads\/2023\/09\/WhatsApp-Image-2023-09-18-at-11.37.41-800x530.jpeg 800w, https:\/\/infoecos.com.ar\/wp-content\/uploads\/2023\/09\/WhatsApp-Image-2023-09-18-at-11.37.41-768x509.jpeg 768w\" sizes=\"(max-width: 807px) 100vw, 807px\" \/><figcaption class=\"wp-element-caption\">Las Leonas y su llegada al Aeropuerto de Bah\u00eda Blanca<\/figcaption><\/figure>\n\n\n\n<figure class=\"wp-block-image size-large\"><img loading=\"lazy\" decoding=\"async\" width=\"807\" height=\"535\" data-id=\"112384\" src=\"https:\/\/infoecos.com.ar\/wp-content\/uploads\/2023\/09\/WhatsApp-Image-2023-09-18-at-11.37.42.jpeg\" alt=\"\" class=\"wp-image-112384\" srcset=\"https:\/\/infoecos.com.ar\/wp-content\/uploads\/2023\/09\/WhatsApp-Image-2023-09-18-at-11.37.42.jpeg 807w, https:\/\/infoecos.com.ar\/wp-content\/uploads\/2023\/09\/WhatsApp-Image-2023-09-18-at-11.37.42-800x530.jpeg 800w, https:\/\/infoecos.com.ar\/wp-content\/uploads\/2023\/09\/WhatsApp-Image-2023-09-18-at-11.37.42-768x509.jpeg 768w\" sizes=\"(max-width: 807px) 100vw, 807px\" \/><figcaption class=\"wp-element-caption\">Las Leonas y su llegada al Aeropuerto de Bah\u00eda Blanca<\/figcaption><\/figure>\n<\/figure>\n\n\n\n<p>El combinado nacional se instalar\u00e1 en el balneario hasta el viernes y realizar\u00e1 dos amistosos ante Las Leoncitas.<\/p>\n\n\n\n<p>Los encuentros se disputar\u00e1n este martes y el jueves, desde las 18, en la&nbsp;flamante cancha de agua ubicada en el Complejo Municipal.<\/p>\n\n\n\n<p>\u00abEspero que las chicas se sientan c\u00f3modas, Monte es un lugar s\u00faper lindo y espero puedan disfrutar de lo bueno que tiene Monte que es su gente\u00bb, dijo la defensora de San Fernando, subcampeona ol\u00edmpica y mundial con Las Leonas, en declaraciones a La Nueva.<\/p>\n\n\n\n<p>Las entradas para el evento&nbsp;tienen un valor de $5.000 pesos y en la boleter\u00eda del Centro Cultural, ubicada en Fossatty 33.<\/p>\n\n\n\n<p>Esta semana le servir\u00e1 al equipo dirigido por Eduardo Ferrara como preparaci\u00f3n para los Juegos Panamericanos de Chile, que se disputar\u00e1n en Santiago&nbsp;del 25 de octubre al 4 de noviembre, y otorgar\u00e1 un lugar a los Juegos Ol\u00edmpicos de Par\u00eds.<\/p>\n\n\n\n<p>Las Leoncitas, en tanto, utilizar\u00e1n esta semana como parte de la puesta punto de cara al Mundial de la categor\u00eda, que tambi\u00e9n se jugar\u00e1 en la capital chilena, del 29 de noviembre al 10 de diciembre.<\/p>\n\n\n\n<figure class=\"wp-block-image aligncenter size-full\"><img loading=\"lazy\" decoding=\"async\" width=\"640\" height=\"800\" src=\"https:\/\/infoecos.com.ar\/wp-content\/uploads\/2023\/09\/leonas-en-monte.png\" alt=\"\" class=\"wp-image-112386\"\/><figcaption class=\"wp-element-caption\">Las Leonas en Bah\u00eda Blanca &#8211; Capacitaciones<\/figcaption><\/figure>\n\n\n\n<p>En el marco de la visita de Las Leonas a Monte Hermoso, se realizar\u00e1 una jornada de capacitaciones destinada a entrenadores y entrenadores e interesados en general.<\/p>\n\n\n\n<p>Entre las 9.30 y las 12, en el marco del Plan Nacional de Capacitaci\u00f3n y Desarrollo de la Confederaci\u00f3n Argentina, Fernando Fiorini brindar\u00e1 un entrenamiento para arqueros y arqueras de los seleccionados Sub 14 y Sub 16 de la Asociaci\u00f3n Bahiense y una charla destinada a entrenadores y entrenadoras.<\/p>\n\n\n\n<p>Luego,&nbsp;de 16 a 17.30, el entrenador de Las Leonas, Fernando Ferrara, expondr\u00e1 en el Centro de Convenciones (Faro Recalada y Pedro de Mendoza). Posteriormente, de 20 a 21.30, lo har\u00e1 el DT de Las Leoncitas, Juan Mart\u00edn L\u00f3pez.<\/p>\n\n\n\n<p>Adem\u00e1s, quienes participen de la charla podr\u00e1n presenciar el entrenamiento de Las Leonas, que se se llevar\u00e1 a cabo de 18 a 19.30 en la cancha de agua ubicada en el Complejo Municipal.<\/p>\n\n\n\n<p>La inscripci\u00f3n tendr\u00e1 un valor de $3.000 y puede realizarse en&nbsp;administracion@abhbahiablanca.com<\/p>\n\n\n\n<p>Fuente: La nueva (lanueva.com). Nota del periodista: <strong>Mikel I\u00f1urrategui<\/strong><\/p>\n","protected":false},"excerpt":{"rendered":"<p>El combinado nacional se instalar\u00e1 en el balneario hasta el viernes y realizar\u00e1 dos amistosos ante Las Leoncitas<\/p>\n","protected":false},"author":2,"featured_media":112378,"comment_status":"closed","ping_status":"open","sticky":false,"template":"","format":"standard","meta":{"footnotes":""},"categories":[50],"tags":[9156],"class_list":["post-112377","post","type-post","status-publish","format-standard","has-post-thumbnail","hentry","category-c1nota4","tag-llegaron-hoy-via-aerea-a-b-blanca"],"yoast_head":"<!-- This site is optimized with the Yoast SEO plugin v23.4 - https:\/\/yoast.com\/wordpress\/plugins\/seo\/ -->\n<title>Las Leonas, hasta el viernes 22, estar\u00e1n en Monte Hermoso - Infoecos<\/title>\n<meta name=\"robots\" content=\"index, follow, max-snippet:-1, max-image-preview:large, max-video-preview:-1\" \/>\n<link rel=\"canonical\" href=\"https:\/\/infoecos.com.ar\/index.php\/las-leonas-hasta-el-viernes-22-estaran-en-monte-hermoso\/\" \/>\n<meta property=\"og:locale\" content=\"es_ES\" \/>\n<meta property=\"og:type\" content=\"article\" \/>\n<meta property=\"og:title\" content=\"Las Leonas, hasta el viernes 22, estar\u00e1n en Monte Hermoso - Infoecos\" \/>\n<meta property=\"og:description\" content=\"El combinado nacional se instalar\u00e1 en el balneario hasta el viernes y realizar\u00e1 dos amistosos ante Las Leoncitas\" \/>\n<meta property=\"og:url\" content=\"https:\/\/infoecos.com.ar\/index.php\/las-leonas-hasta-el-viernes-22-estaran-en-monte-hermoso\/\" \/>\n<meta property=\"og:site_name\" content=\"Infoecos\" \/>\n<meta property=\"article:publisher\" content=\"https:\/\/www.facebook.com\/profile.php?id=100063200290284\" \/>\n<meta property=\"article:published_time\" content=\"2023-09-18T17:14:56+00:00\" \/>\n<meta property=\"article:modified_time\" content=\"2023-09-19T02:12:32+00:00\" \/>\n<meta property=\"og:image\" content=\"https:\/\/infoecos.com.ar\/wp-content\/uploads\/2023\/09\/WhatsApp-Image-2023-09-18-at-11.37.39.jpeg\" \/>\n\t<meta property=\"og:image:width\" content=\"807\" \/>\n\t<meta property=\"og:image:height\" content=\"535\" \/>\n\t<meta property=\"og:image:type\" content=\"image\/jpeg\" \/>\n<meta name=\"author\" content=\"Jorge Matheus\" \/>\n<meta name=\"twitter:card\" content=\"summary_large_image\" \/>\n<meta name=\"twitter:creator\" content=\"@infoecos\" \/>\n<meta name=\"twitter:site\" content=\"@infoecos\" \/>\n<meta name=\"twitter:label1\" content=\"Escrito por\" \/>\n\t<meta name=\"twitter:data1\" content=\"Jorge Matheus\" \/>\n\t<meta name=\"twitter:label2\" content=\"Tiempo de lectura\" \/>\n\t<meta name=\"twitter:data2\" content=\"4 minutos\" \/>\n<script type=\"application\/ld+json\" class=\"yoast-schema-graph\">{\"@context\":\"https:\/\/schema.org\",\"@graph\":[{\"@type\":\"Article\",\"@id\":\"https:\/\/infoecos.com.ar\/index.php\/las-leonas-hasta-el-viernes-22-estaran-en-monte-hermoso\/#article\",\"isPartOf\":{\"@id\":\"https:\/\/infoecos.com.ar\/index.php\/las-leonas-hasta-el-viernes-22-estaran-en-monte-hermoso\/\"},\"author\":{\"name\":\"Jorge Matheus\",\"@id\":\"https:\/\/infoecos.com.ar\/#\/schema\/person\/8f5ace5ce73b4b4aac4b7245aee6f191\"},\"headline\":\"Las Leonas, hasta el viernes 22, estar\u00e1n en Monte Hermoso\",\"datePublished\":\"2023-09-18T17:14:56+00:00\",\"dateModified\":\"2023-09-19T02:12:32+00:00\",\"mainEntityOfPage\":{\"@id\":\"https:\/\/infoecos.com.ar\/index.php\/las-leonas-hasta-el-viernes-22-estaran-en-monte-hermoso\/\"},\"wordCount\":492,\"publisher\":{\"@id\":\"https:\/\/infoecos.com.ar\/#organization\"},\"image\":{\"@id\":\"https:\/\/infoecos.com.ar\/index.php\/las-leonas-hasta-el-viernes-22-estaran-en-monte-hermoso\/#primaryimage\"},\"thumbnailUrl\":\"https:\/\/infoecos.com.ar\/wp-content\/uploads\/2023\/09\/WhatsApp-Image-2023-09-18-at-11.37.39.jpeg\",\"keywords\":[\"LLEGARON HOY V\u00cdA \u00c1EREA A B.BLANCA\"],\"articleSection\":[\"C1 N4\"],\"inLanguage\":\"es\"},{\"@type\":\"WebPage\",\"@id\":\"https:\/\/infoecos.com.ar\/index.php\/las-leonas-hasta-el-viernes-22-estaran-en-monte-hermoso\/\",\"url\":\"https:\/\/infoecos.com.ar\/index.php\/las-leonas-hasta-el-viernes-22-estaran-en-monte-hermoso\/\",\"name\":\"Las Leonas, hasta el viernes 22, estar\u00e1n en Monte Hermoso - Infoecos\",\"isPartOf\":{\"@id\":\"https:\/\/infoecos.com.ar\/#website\"},\"primaryImageOfPage\":{\"@id\":\"https:\/\/infoecos.com.ar\/index.php\/las-leonas-hasta-el-viernes-22-estaran-en-monte-hermoso\/#primaryimage\"},\"image\":{\"@id\":\"https:\/\/infoecos.com.ar\/index.php\/las-leonas-hasta-el-viernes-22-estaran-en-monte-hermoso\/#primaryimage\"},\"thumbnailUrl\":\"https:\/\/infoecos.com.ar\/wp-content\/uploads\/2023\/09\/WhatsApp-Image-2023-09-18-at-11.37.39.jpeg\",\"datePublished\":\"2023-09-18T17:14:56+00:00\",\"dateModified\":\"2023-09-19T02:12:32+00:00\",\"breadcrumb\":{\"@id\":\"https:\/\/infoecos.com.ar\/index.php\/las-leonas-hasta-el-viernes-22-estaran-en-monte-hermoso\/#breadcrumb\"},\"inLanguage\":\"es\",\"potentialAction\":[{\"@type\":\"ReadAction\",\"target\":[\"https:\/\/infoecos.com.ar\/index.php\/las-leonas-hasta-el-viernes-22-estaran-en-monte-hermoso\/\"]}]},{\"@type\":\"ImageObject\",\"inLanguage\":\"es\",\"@id\":\"https:\/\/infoecos.com.ar\/index.php\/las-leonas-hasta-el-viernes-22-estaran-en-monte-hermoso\/#primaryimage\",\"url\":\"https:\/\/infoecos.com.ar\/wp-content\/uploads\/2023\/09\/WhatsApp-Image-2023-09-18-at-11.37.39.jpeg\",\"contentUrl\":\"https:\/\/infoecos.com.ar\/wp-content\/uploads\/2023\/09\/WhatsApp-Image-2023-09-18-at-11.37.39.jpeg\",\"width\":807,\"height\":535},{\"@type\":\"BreadcrumbList\",\"@id\":\"https:\/\/infoecos.com.ar\/index.php\/las-leonas-hasta-el-viernes-22-estaran-en-monte-hermoso\/#breadcrumb\",\"itemListElement\":[{\"@type\":\"ListItem\",\"position\":1,\"name\":\"Portada\",\"item\":\"https:\/\/infoecos.com.ar\/\"},{\"@type\":\"ListItem\",\"position\":2,\"name\":\"Las Leonas, hasta el viernes 22, estar\u00e1n en Monte Hermoso\"}]},{\"@type\":\"WebSite\",\"@id\":\"https:\/\/infoecos.com.ar\/#website\",\"url\":\"https:\/\/infoecos.com.ar\/\",\"name\":\"Infoecos\",\"description\":\"Noticias de trenque lauquen y la zona\",\"publisher\":{\"@id\":\"https:\/\/infoecos.com.ar\/#organization\"},\"alternateName\":\"Noticias\",\"potentialAction\":[{\"@type\":\"SearchAction\",\"target\":{\"@type\":\"EntryPoint\",\"urlTemplate\":\"https:\/\/infoecos.com.ar\/?s={search_term_string}\"},\"query-input\":{\"@type\":\"PropertyValueSpecification\",\"valueRequired\":true,\"valueName\":\"search_term_string\"}}],\"inLanguage\":\"es\"},{\"@type\":\"Organization\",\"@id\":\"https:\/\/infoecos.com.ar\/#organization\",\"name\":\"Infoecos\",\"alternateName\":\"Noticias\",\"url\":\"https:\/\/infoecos.com.ar\/\",\"logo\":{\"@type\":\"ImageObject\",\"inLanguage\":\"es\",\"@id\":\"https:\/\/infoecos.com.ar\/#\/schema\/logo\/image\/\",\"url\":\"https:\/\/infoecos.com.ar\/wp-content\/uploads\/2024\/03\/cropped-logo.png\",\"contentUrl\":\"https:\/\/infoecos.com.ar\/wp-content\/uploads\/2024\/03\/cropped-logo.png\",\"width\":374,\"height\":90,\"caption\":\"Infoecos\"},\"image\":{\"@id\":\"https:\/\/infoecos.com.ar\/#\/schema\/logo\/image\/\"},\"sameAs\":[\"https:\/\/www.facebook.com\/profile.php?id=100063200290284\",\"https:\/\/x.com\/infoecos\"]},{\"@type\":\"Person\",\"@id\":\"https:\/\/infoecos.com.ar\/#\/schema\/person\/8f5ace5ce73b4b4aac4b7245aee6f191\",\"name\":\"Jorge Matheus\",\"url\":\"https:\/\/infoecos.com.ar\/index.php\/author\/jomatheus\/\"}]}<\/script>\n<!-- \/ Yoast SEO plugin. -->","yoast_head_json":{"title":"Las Leonas, hasta el viernes 22, estar\u00e1n en Monte Hermoso - Infoecos","robots":{"index":"index","follow":"follow","max-snippet":"max-snippet:-1","max-image-preview":"max-image-preview:large","max-video-preview":"max-video-preview:-1"},"canonical":"https:\/\/infoecos.com.ar\/index.php\/las-leonas-hasta-el-viernes-22-estaran-en-monte-hermoso\/","og_locale":"es_ES","og_type":"article","og_title":"Las Leonas, hasta el viernes 22, estar\u00e1n en Monte Hermoso - Infoecos","og_description":"El combinado nacional se instalar\u00e1 en el balneario hasta el viernes y realizar\u00e1 dos amistosos ante Las Leoncitas","og_url":"https:\/\/infoecos.com.ar\/index.php\/las-leonas-hasta-el-viernes-22-estaran-en-monte-hermoso\/","og_site_name":"Infoecos","article_publisher":"https:\/\/www.facebook.com\/profile.php?id=100063200290284","article_published_time":"2023-09-18T17:14:56+00:00","article_modified_time":"2023-09-19T02:12:32+00:00","og_image":[{"width":807,"height":535,"url":"https:\/\/infoecos.com.ar\/wp-content\/uploads\/2023\/09\/WhatsApp-Image-2023-09-18-at-11.37.39.jpeg","type":"image\/jpeg"}],"author":"Jorge Matheus","twitter_card":"summary_large_image","twitter_creator":"@infoecos","twitter_site":"@infoecos","twitter_misc":{"Escrito por":"Jorge Matheus","Tiempo de lectura":"4 minutos"},"schema":{"@context":"https:\/\/schema.org","@graph":[{"@type":"Article","@id":"https:\/\/infoecos.com.ar\/index.php\/las-leonas-hasta-el-viernes-22-estaran-en-monte-hermoso\/#article","isPartOf":{"@id":"https:\/\/infoecos.com.ar\/index.php\/las-leonas-hasta-el-viernes-22-estaran-en-monte-hermoso\/"},"author":{"name":"Jorge Matheus","@id":"https:\/\/infoecos.com.ar\/#\/schema\/person\/8f5ace5ce73b4b4aac4b7245aee6f191"},"headline":"Las Leonas, hasta el viernes 22, estar\u00e1n en Monte Hermoso","datePublished":"2023-09-18T17:14:56+00:00","dateModified":"2023-09-19T02:12:32+00:00","mainEntityOfPage":{"@id":"https:\/\/infoecos.com.ar\/index.php\/las-leonas-hasta-el-viernes-22-estaran-en-monte-hermoso\/"},"wordCount":492,"publisher":{"@id":"https:\/\/infoecos.com.ar\/#organization"},"image":{"@id":"https:\/\/infoecos.com.ar\/index.php\/las-leonas-hasta-el-viernes-22-estaran-en-monte-hermoso\/#primaryimage"},"thumbnailUrl":"https:\/\/infoecos.com.ar\/wp-content\/uploads\/2023\/09\/WhatsApp-Image-2023-09-18-at-11.37.39.jpeg","keywords":["LLEGARON HOY V\u00cdA \u00c1EREA A B.BLANCA"],"articleSection":["C1 N4"],"inLanguage":"es"},{"@type":"WebPage","@id":"https:\/\/infoecos.com.ar\/index.php\/las-leonas-hasta-el-viernes-22-estaran-en-monte-hermoso\/","url":"https:\/\/infoecos.com.ar\/index.php\/las-leonas-hasta-el-viernes-22-estaran-en-monte-hermoso\/","name":"Las Leonas, hasta el viernes 22, estar\u00e1n en Monte Hermoso - Infoecos","isPartOf":{"@id":"https:\/\/infoecos.com.ar\/#website"},"primaryImageOfPage":{"@id":"https:\/\/infoecos.com.ar\/index.php\/las-leonas-hasta-el-viernes-22-estaran-en-monte-hermoso\/#primaryimage"},"image":{"@id":"https:\/\/infoecos.com.ar\/index.php\/las-leonas-hasta-el-viernes-22-estaran-en-monte-hermoso\/#primaryimage"},"thumbnailUrl":"https:\/\/infoecos.com.ar\/wp-content\/uploads\/2023\/09\/WhatsApp-Image-2023-09-18-at-11.37.39.jpeg","datePublished":"2023-09-18T17:14:56+00:00","dateModified":"2023-09-19T02:12:32+00:00","breadcrumb":{"@id":"https:\/\/infoecos.com.ar\/index.php\/las-leonas-hasta-el-viernes-22-estaran-en-monte-hermoso\/#breadcrumb"},"inLanguage":"es","potentialAction":[{"@type":"ReadAction","target":["https:\/\/infoecos.com.ar\/index.php\/las-leonas-hasta-el-viernes-22-estaran-en-monte-hermoso\/"]}]},{"@type":"ImageObject","inLanguage":"es","@id":"https:\/\/infoecos.com.ar\/index.php\/las-leonas-hasta-el-viernes-22-estaran-en-monte-hermoso\/#primaryimage","url":"https:\/\/infoecos.com.ar\/wp-content\/uploads\/2023\/09\/WhatsApp-Image-2023-09-18-at-11.37.39.jpeg","contentUrl":"https:\/\/infoecos.com.ar\/wp-content\/uploads\/2023\/09\/WhatsApp-Image-2023-09-18-at-11.37.39.jpeg","width":807,"height":535},{"@type":"BreadcrumbList","@id":"https:\/\/infoecos.com.ar\/index.php\/las-leonas-hasta-el-viernes-22-estaran-en-monte-hermoso\/#breadcrumb","itemListElement":[{"@type":"ListItem","position":1,"name":"Portada","item":"https:\/\/infoecos.com.ar\/"},{"@type":"ListItem","position":2,"name":"Las Leonas, hasta el viernes 22, estar\u00e1n en Monte Hermoso"}]},{"@type":"WebSite","@id":"https:\/\/infoecos.com.ar\/#website","url":"https:\/\/infoecos.com.ar\/","name":"Infoecos","description":"Noticias de trenque lauquen y la zona","publisher":{"@id":"https:\/\/infoecos.com.ar\/#organization"},"alternateName":"Noticias","potentialAction":[{"@type":"SearchAction","target":{"@type":"EntryPoint","urlTemplate":"https:\/\/infoecos.com.ar\/?s={search_term_string}"},"query-input":{"@type":"PropertyValueSpecification","valueRequired":true,"valueName":"search_term_string"}}],"inLanguage":"es"},{"@type":"Organization","@id":"https:\/\/infoecos.com.ar\/#organization","name":"Infoecos","alternateName":"Noticias","url":"https:\/\/infoecos.com.ar\/","logo":{"@type":"ImageObject","inLanguage":"es","@id":"https:\/\/infoecos.com.ar\/#\/schema\/logo\/image\/","url":"https:\/\/infoecos.com.ar\/wp-content\/uploads\/2024\/03\/cropped-logo.png","contentUrl":"https:\/\/infoecos.com.ar\/wp-content\/uploads\/2024\/03\/cropped-logo.png","width":374,"height":90,"caption":"Infoecos"},"image":{"@id":"https:\/\/infoecos.com.ar\/#\/schema\/logo\/image\/"},"sameAs":["https:\/\/www.facebook.com\/profile.php?id=100063200290284","https:\/\/x.com\/infoecos"]},{"@type":"Person","@id":"https:\/\/infoecos.com.ar\/#\/schema\/person\/8f5ace5ce73b4b4aac4b7245aee6f191","name":"Jorge Matheus","url":"https:\/\/infoecos.com.ar\/index.php\/author\/jomatheus\/"}]}},"featured_image_urls":{"full":["https:\/\/infoecos.com.ar\/wp-content\/uploads\/2023\/09\/WhatsApp-Image-2023-09-18-at-11.37.39.jpeg",807,535,false],"thumbnail":["https:\/\/infoecos.com.ar\/wp-content\/uploads\/2023\/09\/WhatsApp-Image-2023-09-18-at-11.37.39-300x150.jpeg",300,150,true],"medium":["https:\/\/infoecos.com.ar\/wp-content\/uploads\/2023\/09\/WhatsApp-Image-2023-09-18-at-11.37.39-800x530.jpeg",800,530,true],"medium_large":["https:\/\/infoecos.com.ar\/wp-content\/uploads\/2023\/09\/WhatsApp-Image-2023-09-18-at-11.37.39-768x509.jpeg",640,424,true],"large":["https:\/\/infoecos.com.ar\/wp-content\/uploads\/2023\/09\/WhatsApp-Image-2023-09-18-at-11.37.39.jpeg",640,424,false],"1536x1536":["https:\/\/infoecos.com.ar\/wp-content\/uploads\/2023\/09\/WhatsApp-Image-2023-09-18-at-11.37.39.jpeg",807,535,false],"2048x2048":["https:\/\/infoecos.com.ar\/wp-content\/uploads\/2023\/09\/WhatsApp-Image-2023-09-18-at-11.37.39.jpeg",807,535,false],"covernews-slider-full":["https:\/\/infoecos.com.ar\/wp-content\/uploads\/2023\/09\/WhatsApp-Image-2023-09-18-at-11.37.39.jpeg",807,535,false],"covernews-slider-center":["https:\/\/infoecos.com.ar\/wp-content\/uploads\/2023\/09\/WhatsApp-Image-2023-09-18-at-11.37.39.jpeg",754,500,false],"covernews-featured":["https:\/\/infoecos.com.ar\/wp-content\/uploads\/2023\/09\/WhatsApp-Image-2023-09-18-at-11.37.39.jpeg",807,535,false],"covernews-medium":["https:\/\/infoecos.com.ar\/wp-content\/uploads\/2023\/09\/WhatsApp-Image-2023-09-18-at-11.37.39-720x380.jpeg",540,285,true],"covernews-medium-square":["https:\/\/infoecos.com.ar\/wp-content\/uploads\/2023\/09\/WhatsApp-Image-2023-09-18-at-11.37.39-675x450.jpeg",375,250,true]},"author_info":{"info":["Jorge Matheus"]},"category_info":"<a href=\"https:\/\/infoecos.com.ar\/index.php\/category\/c1nota4\/\" rel=\"category tag\">C1 N4<\/a>","tag_info":"C1 N4","comment_count":"0","_links":{"self":[{"href":"https:\/\/infoecos.com.ar\/index.php\/wp-json\/wp\/v2\/posts\/112377"}],"collection":[{"href":"https:\/\/infoecos.com.ar\/index.php\/wp-json\/wp\/v2\/posts"}],"about":[{"href":"https:\/\/infoecos.com.ar\/index.php\/wp-json\/wp\/v2\/types\/post"}],"author":[{"embeddable":true,"href":"https:\/\/infoecos.com.ar\/index.php\/wp-json\/wp\/v2\/users\/2"}],"replies":[{"embeddable":true,"href":"https:\/\/infoecos.com.ar\/index.php\/wp-json\/wp\/v2\/comments?post=112377"}],"version-history":[{"count":2,"href":"https:\/\/infoecos.com.ar\/index.php\/wp-json\/wp\/v2\/posts\/112377\/revisions"}],"predecessor-version":[{"id":112396,"href":"https:\/\/infoecos.com.ar\/index.php\/wp-json\/wp\/v2\/posts\/112377\/revisions\/112396"}],"wp:featuredmedia":[{"embeddable":true,"href":"https:\/\/infoecos.com.ar\/index.php\/wp-json\/wp\/v2\/media\/112378"}],"wp:attachment":[{"href":"https:\/\/infoecos.com.ar\/index.php\/wp-json\/wp\/v2\/media?parent=112377"}],"wp:term":[{"taxonomy":"category","embeddable":true,"href":"https:\/\/infoecos.com.ar\/index.php\/wp-json\/wp\/v2\/categories?post=112377"},{"taxonomy":"post_tag","embeddable":true,"href":"https:\/\/infoecos.com.ar\/index.php\/wp-json\/wp\/v2\/tags?post=112377"}],"curies":[{"name":"wp","href":"https:\/\/api.w.org\/{rel}","templated":true}]}}