{"id":112437,"date":"2023-09-19T02:11:41","date_gmt":"2023-09-19T05:11:41","guid":{"rendered":"https:\/\/infoecos.com.ar\/?p=112437"},"modified":"2023-09-20T01:09:45","modified_gmt":"2023-09-20T04:09:45","slug":"se-inauguraron-importantes-obras-en-la-universidad-nacional-de-la-plata","status":"publish","type":"post","link":"https:\/\/infoecos.com.ar\/index.php\/se-inauguraron-importantes-obras-en-la-universidad-nacional-de-la-plata\/","title":{"rendered":"Se inauguraron importantes obras en la Universidad Nacional de La Plata"},"content":{"rendered":"\n<p>El ministro de Educaci\u00f3n de la Naci\u00f3n, Jaime Perczyk, junto con su par de Obras P\u00fablicas, Gabriel Katopodis y el gobernador de la provincia de Buenos Aires, Axel Kicillof, inauguraron &nbsp;obras en la Universidad Nacional de La Plata (UNLP) en el marco del Programa Nacional de Infraestructura Universitaria.<\/p>\n\n\n\n<p>Durante el acto de inauguraci\u00f3n del laboratorio de investigaci\u00f3n de la Facultad de Ciencias Exactas,<strong>&nbsp;Perczyk&nbsp;<\/strong>manifest\u00f3 que&nbsp;<em>\u201choy estamos discutiendo si la educaci\u00f3n es un negocio, si la universidad dejar\u00eda de ser una universidad y pasar\u00eda a ser un comercio o una empresa y si los estudiantes dejan de ser estudiantes para ser clientes<\/em>\u201d.<\/p>\n\n\n\n<figure class=\"wp-block-image alignright size-full is-resized\"><img loading=\"lazy\" decoding=\"async\" src=\"https:\/\/infoecos.com.ar\/wp-content\/uploads\/2023\/09\/unnamed-1.jpg\" alt=\"\" class=\"wp-image-112438\" width=\"354\" height=\"241\" srcset=\"https:\/\/infoecos.com.ar\/wp-content\/uploads\/2023\/09\/unnamed-1.jpg 1280w, https:\/\/infoecos.com.ar\/wp-content\/uploads\/2023\/09\/unnamed-1-800x546.jpg 800w, https:\/\/infoecos.com.ar\/wp-content\/uploads\/2023\/09\/unnamed-1-768x524.jpg 768w, https:\/\/infoecos.com.ar\/wp-content\/uploads\/2023\/09\/unnamed-1-1024x698.jpg 1024w\" sizes=\"(max-width: 354px) 100vw, 354px\" \/><figcaption class=\"wp-element-caption\"><strong>Perczyk<\/strong><\/figcaption><\/figure>\n\n\n\n<p>\u201c<em>Para nosotros la universidad Argentina es p\u00fablica y no arancelada y el Estado invierte mucho y la gente contribuye con sus impuestos para que as\u00ed sea\u201d,&nbsp;<\/em>destac\u00f3 y sostuvo que cuando se debate un sistema de vouchers<em>&nbsp;\u201cestamos discutiendo la esencia misma de la educaci\u00f3n p\u00fablica en nuestro pa\u00eds\u201d.<\/em><\/p>\n\n\n\n<p>Perczyk resalt\u00f3 que \u201c<em>defender la educaci\u00f3n p\u00fablica es mejorarla y por eso presentamos un proyecto de Ley de Financiamiento Educativo para aumentar la inversi\u00f3n\u201d.<\/em><\/p>\n\n\n\n<p>Las aulas y laboratorios destinados a trabajos pr\u00e1cticos y de investigaci\u00f3n cuentan con todas las medidas de seguridad requeridas para el manejo de sustancias qu\u00edmicas y biol\u00f3gicas, mientras que en el tercer nivel hay despachos para investigadores. Todas las plantas mencionadas tienen sanitarios accesibles y un departamento de apoyo y mantenimiento.<\/p>\n\n\n\n<p><strong>Kicillof&nbsp;<\/strong>dijo que&nbsp;<em>\u201cEn nuestra sociedad hay hoy debates muy profundos que se est\u00e1n tomando, en algunos casos, con demasiada superficialidad: hay referentes de la oposici\u00f3n que dicen que todo lo bueno lo genera el mercado y, al rev\u00e9s, todo lo malo proviene del Estado\u201d<\/em>, y agreg\u00f3:&nbsp;<em>\u201cNadie le impidi\u00f3 al sector privado realizar estas obras, pero es el Estado el que las impulsa porque valora la educaci\u00f3n y la integraci\u00f3n de la producci\u00f3n, la ciencia y la tecnolog\u00eda\u201d.<\/em><\/p>\n\n\n\n<figure class=\"wp-block-image alignright size-full is-resized\"><img loading=\"lazy\" decoding=\"async\" src=\"https:\/\/infoecos.com.ar\/wp-content\/uploads\/2023\/09\/image-98.png\" alt=\"\" class=\"wp-image-112439\" width=\"373\" height=\"281\" srcset=\"https:\/\/infoecos.com.ar\/wp-content\/uploads\/2023\/09\/image-98.png 785w, https:\/\/infoecos.com.ar\/wp-content\/uploads\/2023\/09\/image-98-768x578.png 768w\" sizes=\"(max-width: 373px) 100vw, 373px\" \/><figcaption class=\"wp-element-caption\">Kicillof <\/figcaption><\/figure>\n\n\n\n<p>Por su parte,&nbsp;<strong>el vicepresidente acad\u00e9mico de la UNLP, Fernando Tauber<\/strong>, expres\u00f3:&nbsp;<em>\u00abLa universidad de La Plata se compromete con estos procesos, acompa\u00f1a a los gobiernos que los lideran, a los que nos empujan, a todos. Y cuando no nos acompa\u00f1a, no los vamos a esperar, lo vamos a seguir haciendo nosotros. La universidad p\u00fablica es del pueblo, por el pueblo y para el pueblo. Hoy es todo agradecimiento. Un Estado que est\u00e1 presente, una universidad que responde, trata de estar a la altura y responde a ese Estado presente que construye agenda y todos deseando que podamos seguir por&nbsp;<\/em>el mismo camino.<\/p>\n\n\n\n<p>Por otra parte, se firm\u00f3 el acta acuerdo para la ampliaci\u00f3n del recorrido del&nbsp;<strong>Tren Universitario entre las estaciones ferroviarias \u201cHospital San Juan de Dios\u201d&nbsp;<\/strong>hasta los talleres ferroviarios de Gambier de Los Hornos.<\/p>\n\n\n\n<figure class=\"wp-block-image aligncenter size-full is-resized\"><img loading=\"lazy\" decoding=\"async\" src=\"https:\/\/infoecos.com.ar\/wp-content\/uploads\/2023\/09\/image-99.png\" alt=\"\" class=\"wp-image-112440\" width=\"623\" height=\"350\" srcset=\"https:\/\/infoecos.com.ar\/wp-content\/uploads\/2023\/09\/image-99.png 1600w, https:\/\/infoecos.com.ar\/wp-content\/uploads\/2023\/09\/image-99-800x450.png 800w, https:\/\/infoecos.com.ar\/wp-content\/uploads\/2023\/09\/image-99-768x432.png 768w, https:\/\/infoecos.com.ar\/wp-content\/uploads\/2023\/09\/image-99-1536x864.png 1536w, https:\/\/infoecos.com.ar\/wp-content\/uploads\/2023\/09\/image-99-1024x576.png 1024w\" sizes=\"(max-width: 623px) 100vw, 623px\" \/><\/figure>\n","protected":false},"excerpt":{"rendered":"<p>Las aulas y laboratorios destinados a trabajos pr\u00e1cticos y de investigaci\u00f3n cuentan con todas las medidas de seguridad requeridas para el manejo de sustancias qu\u00edmicas y biol\u00f3gicas, mientras que en el tercer nivel hay despachos para investigadores<\/p>\n","protected":false},"author":2,"featured_media":112438,"comment_status":"closed","ping_status":"open","sticky":false,"template":"","format":"standard","meta":{"footnotes":""},"categories":[44],"tags":[9166],"class_list":["post-112437","post","type-post","status-publish","format-standard","has-post-thumbnail","hentry","category-inferior5","tag-educacion-nacional"],"yoast_head":"<!-- This site is optimized with the Yoast SEO plugin v23.4 - https:\/\/yoast.com\/wordpress\/plugins\/seo\/ -->\n<title>Se inauguraron importantes obras en la Universidad Nacional de La Plata - Infoecos<\/title>\n<meta name=\"robots\" content=\"index, follow, max-snippet:-1, max-image-preview:large, max-video-preview:-1\" \/>\n<link rel=\"canonical\" href=\"https:\/\/infoecos.com.ar\/index.php\/se-inauguraron-importantes-obras-en-la-universidad-nacional-de-la-plata\/\" \/>\n<meta property=\"og:locale\" content=\"es_ES\" \/>\n<meta property=\"og:type\" content=\"article\" \/>\n<meta property=\"og:title\" content=\"Se inauguraron importantes obras en la Universidad Nacional de La Plata - Infoecos\" \/>\n<meta property=\"og:description\" content=\"Las aulas y laboratorios destinados a trabajos pr\u00e1cticos y de investigaci\u00f3n cuentan con todas las medidas de seguridad requeridas para el manejo de sustancias qu\u00edmicas y biol\u00f3gicas, mientras que en el tercer nivel hay despachos para investigadores\" \/>\n<meta property=\"og:url\" content=\"https:\/\/infoecos.com.ar\/index.php\/se-inauguraron-importantes-obras-en-la-universidad-nacional-de-la-plata\/\" \/>\n<meta property=\"og:site_name\" content=\"Infoecos\" \/>\n<meta property=\"article:publisher\" content=\"https:\/\/www.facebook.com\/profile.php?id=100063200290284\" \/>\n<meta property=\"article:published_time\" content=\"2023-09-19T05:11:41+00:00\" \/>\n<meta property=\"article:modified_time\" content=\"2023-09-20T04:09:45+00:00\" \/>\n<meta property=\"og:image\" content=\"https:\/\/infoecos.com.ar\/wp-content\/uploads\/2023\/09\/unnamed-1.jpg\" \/>\n\t<meta property=\"og:image:width\" content=\"1280\" \/>\n\t<meta property=\"og:image:height\" content=\"873\" \/>\n\t<meta property=\"og:image:type\" content=\"image\/jpeg\" \/>\n<meta name=\"author\" content=\"Jorge Matheus\" \/>\n<meta name=\"twitter:card\" content=\"summary_large_image\" \/>\n<meta name=\"twitter:creator\" content=\"@infoecos\" \/>\n<meta name=\"twitter:site\" content=\"@infoecos\" \/>\n<meta name=\"twitter:label1\" content=\"Escrito por\" \/>\n\t<meta name=\"twitter:data1\" content=\"Jorge Matheus\" \/>\n\t<meta name=\"twitter:label2\" content=\"Tiempo de lectura\" \/>\n\t<meta name=\"twitter:data2\" content=\"3 minutos\" \/>\n<script type=\"application\/ld+json\" class=\"yoast-schema-graph\">{\"@context\":\"https:\/\/schema.org\",\"@graph\":[{\"@type\":\"Article\",\"@id\":\"https:\/\/infoecos.com.ar\/index.php\/se-inauguraron-importantes-obras-en-la-universidad-nacional-de-la-plata\/#article\",\"isPartOf\":{\"@id\":\"https:\/\/infoecos.com.ar\/index.php\/se-inauguraron-importantes-obras-en-la-universidad-nacional-de-la-plata\/\"},\"author\":{\"name\":\"Jorge Matheus\",\"@id\":\"https:\/\/infoecos.com.ar\/#\/schema\/person\/8f5ace5ce73b4b4aac4b7245aee6f191\"},\"headline\":\"Se inauguraron importantes obras en la Universidad Nacional de La Plata\",\"datePublished\":\"2023-09-19T05:11:41+00:00\",\"dateModified\":\"2023-09-20T04:09:45+00:00\",\"mainEntityOfPage\":{\"@id\":\"https:\/\/infoecos.com.ar\/index.php\/se-inauguraron-importantes-obras-en-la-universidad-nacional-de-la-plata\/\"},\"wordCount\":501,\"publisher\":{\"@id\":\"https:\/\/infoecos.com.ar\/#organization\"},\"image\":{\"@id\":\"https:\/\/infoecos.com.ar\/index.php\/se-inauguraron-importantes-obras-en-la-universidad-nacional-de-la-plata\/#primaryimage\"},\"thumbnailUrl\":\"https:\/\/infoecos.com.ar\/wp-content\/uploads\/2023\/09\/unnamed-1.jpg\",\"keywords\":[\"EDUCACI\u00d3N NACIONAL\"],\"articleSection\":[\"Bloque inferior - 5\"],\"inLanguage\":\"es\"},{\"@type\":\"WebPage\",\"@id\":\"https:\/\/infoecos.com.ar\/index.php\/se-inauguraron-importantes-obras-en-la-universidad-nacional-de-la-plata\/\",\"url\":\"https:\/\/infoecos.com.ar\/index.php\/se-inauguraron-importantes-obras-en-la-universidad-nacional-de-la-plata\/\",\"name\":\"Se inauguraron importantes obras en la Universidad Nacional de La Plata - Infoecos\",\"isPartOf\":{\"@id\":\"https:\/\/infoecos.com.ar\/#website\"},\"primaryImageOfPage\":{\"@id\":\"https:\/\/infoecos.com.ar\/index.php\/se-inauguraron-importantes-obras-en-la-universidad-nacional-de-la-plata\/#primaryimage\"},\"image\":{\"@id\":\"https:\/\/infoecos.com.ar\/index.php\/se-inauguraron-importantes-obras-en-la-universidad-nacional-de-la-plata\/#primaryimage\"},\"thumbnailUrl\":\"https:\/\/infoecos.com.ar\/wp-content\/uploads\/2023\/09\/unnamed-1.jpg\",\"datePublished\":\"2023-09-19T05:11:41+00:00\",\"dateModified\":\"2023-09-20T04:09:45+00:00\",\"breadcrumb\":{\"@id\":\"https:\/\/infoecos.com.ar\/index.php\/se-inauguraron-importantes-obras-en-la-universidad-nacional-de-la-plata\/#breadcrumb\"},\"inLanguage\":\"es\",\"potentialAction\":[{\"@type\":\"ReadAction\",\"target\":[\"https:\/\/infoecos.com.ar\/index.php\/se-inauguraron-importantes-obras-en-la-universidad-nacional-de-la-plata\/\"]}]},{\"@type\":\"ImageObject\",\"inLanguage\":\"es\",\"@id\":\"https:\/\/infoecos.com.ar\/index.php\/se-inauguraron-importantes-obras-en-la-universidad-nacional-de-la-plata\/#primaryimage\",\"url\":\"https:\/\/infoecos.com.ar\/wp-content\/uploads\/2023\/09\/unnamed-1.jpg\",\"contentUrl\":\"https:\/\/infoecos.com.ar\/wp-content\/uploads\/2023\/09\/unnamed-1.jpg\",\"width\":1280,\"height\":873},{\"@type\":\"BreadcrumbList\",\"@id\":\"https:\/\/infoecos.com.ar\/index.php\/se-inauguraron-importantes-obras-en-la-universidad-nacional-de-la-plata\/#breadcrumb\",\"itemListElement\":[{\"@type\":\"ListItem\",\"position\":1,\"name\":\"Portada\",\"item\":\"https:\/\/infoecos.com.ar\/\"},{\"@type\":\"ListItem\",\"position\":2,\"name\":\"Se inauguraron importantes obras en la Universidad Nacional de La Plata\"}]},{\"@type\":\"WebSite\",\"@id\":\"https:\/\/infoecos.com.ar\/#website\",\"url\":\"https:\/\/infoecos.com.ar\/\",\"name\":\"Infoecos\",\"description\":\"Noticias de trenque lauquen y la zona\",\"publisher\":{\"@id\":\"https:\/\/infoecos.com.ar\/#organization\"},\"alternateName\":\"Noticias\",\"potentialAction\":[{\"@type\":\"SearchAction\",\"target\":{\"@type\":\"EntryPoint\",\"urlTemplate\":\"https:\/\/infoecos.com.ar\/?s={search_term_string}\"},\"query-input\":{\"@type\":\"PropertyValueSpecification\",\"valueRequired\":true,\"valueName\":\"search_term_string\"}}],\"inLanguage\":\"es\"},{\"@type\":\"Organization\",\"@id\":\"https:\/\/infoecos.com.ar\/#organization\",\"name\":\"Infoecos\",\"alternateName\":\"Noticias\",\"url\":\"https:\/\/infoecos.com.ar\/\",\"logo\":{\"@type\":\"ImageObject\",\"inLanguage\":\"es\",\"@id\":\"https:\/\/infoecos.com.ar\/#\/schema\/logo\/image\/\",\"url\":\"https:\/\/infoecos.com.ar\/wp-content\/uploads\/2024\/03\/cropped-logo.png\",\"contentUrl\":\"https:\/\/infoecos.com.ar\/wp-content\/uploads\/2024\/03\/cropped-logo.png\",\"width\":374,\"height\":90,\"caption\":\"Infoecos\"},\"image\":{\"@id\":\"https:\/\/infoecos.com.ar\/#\/schema\/logo\/image\/\"},\"sameAs\":[\"https:\/\/www.facebook.com\/profile.php?id=100063200290284\",\"https:\/\/x.com\/infoecos\"]},{\"@type\":\"Person\",\"@id\":\"https:\/\/infoecos.com.ar\/#\/schema\/person\/8f5ace5ce73b4b4aac4b7245aee6f191\",\"name\":\"Jorge Matheus\",\"url\":\"https:\/\/infoecos.com.ar\/index.php\/author\/jomatheus\/\"}]}<\/script>\n<!-- \/ Yoast SEO plugin. -->","yoast_head_json":{"title":"Se inauguraron importantes obras en la Universidad Nacional de La Plata - Infoecos","robots":{"index":"index","follow":"follow","max-snippet":"max-snippet:-1","max-image-preview":"max-image-preview:large","max-video-preview":"max-video-preview:-1"},"canonical":"https:\/\/infoecos.com.ar\/index.php\/se-inauguraron-importantes-obras-en-la-universidad-nacional-de-la-plata\/","og_locale":"es_ES","og_type":"article","og_title":"Se inauguraron importantes obras en la Universidad Nacional de La Plata - Infoecos","og_description":"Las aulas y laboratorios destinados a trabajos pr\u00e1cticos y de investigaci\u00f3n cuentan con todas las medidas de seguridad requeridas para el manejo de sustancias qu\u00edmicas y biol\u00f3gicas, mientras que en el tercer nivel hay despachos para investigadores","og_url":"https:\/\/infoecos.com.ar\/index.php\/se-inauguraron-importantes-obras-en-la-universidad-nacional-de-la-plata\/","og_site_name":"Infoecos","article_publisher":"https:\/\/www.facebook.com\/profile.php?id=100063200290284","article_published_time":"2023-09-19T05:11:41+00:00","article_modified_time":"2023-09-20T04:09:45+00:00","og_image":[{"width":1280,"height":873,"url":"https:\/\/infoecos.com.ar\/wp-content\/uploads\/2023\/09\/unnamed-1.jpg","type":"image\/jpeg"}],"author":"Jorge Matheus","twitter_card":"summary_large_image","twitter_creator":"@infoecos","twitter_site":"@infoecos","twitter_misc":{"Escrito por":"Jorge Matheus","Tiempo de lectura":"3 minutos"},"schema":{"@context":"https:\/\/schema.org","@graph":[{"@type":"Article","@id":"https:\/\/infoecos.com.ar\/index.php\/se-inauguraron-importantes-obras-en-la-universidad-nacional-de-la-plata\/#article","isPartOf":{"@id":"https:\/\/infoecos.com.ar\/index.php\/se-inauguraron-importantes-obras-en-la-universidad-nacional-de-la-plata\/"},"author":{"name":"Jorge Matheus","@id":"https:\/\/infoecos.com.ar\/#\/schema\/person\/8f5ace5ce73b4b4aac4b7245aee6f191"},"headline":"Se inauguraron importantes obras en la Universidad Nacional de La Plata","datePublished":"2023-09-19T05:11:41+00:00","dateModified":"2023-09-20T04:09:45+00:00","mainEntityOfPage":{"@id":"https:\/\/infoecos.com.ar\/index.php\/se-inauguraron-importantes-obras-en-la-universidad-nacional-de-la-plata\/"},"wordCount":501,"publisher":{"@id":"https:\/\/infoecos.com.ar\/#organization"},"image":{"@id":"https:\/\/infoecos.com.ar\/index.php\/se-inauguraron-importantes-obras-en-la-universidad-nacional-de-la-plata\/#primaryimage"},"thumbnailUrl":"https:\/\/infoecos.com.ar\/wp-content\/uploads\/2023\/09\/unnamed-1.jpg","keywords":["EDUCACI\u00d3N NACIONAL"],"articleSection":["Bloque inferior - 5"],"inLanguage":"es"},{"@type":"WebPage","@id":"https:\/\/infoecos.com.ar\/index.php\/se-inauguraron-importantes-obras-en-la-universidad-nacional-de-la-plata\/","url":"https:\/\/infoecos.com.ar\/index.php\/se-inauguraron-importantes-obras-en-la-universidad-nacional-de-la-plata\/","name":"Se inauguraron importantes obras en la Universidad Nacional de La Plata - Infoecos","isPartOf":{"@id":"https:\/\/infoecos.com.ar\/#website"},"primaryImageOfPage":{"@id":"https:\/\/infoecos.com.ar\/index.php\/se-inauguraron-importantes-obras-en-la-universidad-nacional-de-la-plata\/#primaryimage"},"image":{"@id":"https:\/\/infoecos.com.ar\/index.php\/se-inauguraron-importantes-obras-en-la-universidad-nacional-de-la-plata\/#primaryimage"},"thumbnailUrl":"https:\/\/infoecos.com.ar\/wp-content\/uploads\/2023\/09\/unnamed-1.jpg","datePublished":"2023-09-19T05:11:41+00:00","dateModified":"2023-09-20T04:09:45+00:00","breadcrumb":{"@id":"https:\/\/infoecos.com.ar\/index.php\/se-inauguraron-importantes-obras-en-la-universidad-nacional-de-la-plata\/#breadcrumb"},"inLanguage":"es","potentialAction":[{"@type":"ReadAction","target":["https:\/\/infoecos.com.ar\/index.php\/se-inauguraron-importantes-obras-en-la-universidad-nacional-de-la-plata\/"]}]},{"@type":"ImageObject","inLanguage":"es","@id":"https:\/\/infoecos.com.ar\/index.php\/se-inauguraron-importantes-obras-en-la-universidad-nacional-de-la-plata\/#primaryimage","url":"https:\/\/infoecos.com.ar\/wp-content\/uploads\/2023\/09\/unnamed-1.jpg","contentUrl":"https:\/\/infoecos.com.ar\/wp-content\/uploads\/2023\/09\/unnamed-1.jpg","width":1280,"height":873},{"@type":"BreadcrumbList","@id":"https:\/\/infoecos.com.ar\/index.php\/se-inauguraron-importantes-obras-en-la-universidad-nacional-de-la-plata\/#breadcrumb","itemListElement":[{"@type":"ListItem","position":1,"name":"Portada","item":"https:\/\/infoecos.com.ar\/"},{"@type":"ListItem","position":2,"name":"Se inauguraron importantes obras en la Universidad Nacional de La Plata"}]},{"@type":"WebSite","@id":"https:\/\/infoecos.com.ar\/#website","url":"https:\/\/infoecos.com.ar\/","name":"Infoecos","description":"Noticias de trenque lauquen y la zona","publisher":{"@id":"https:\/\/infoecos.com.ar\/#organization"},"alternateName":"Noticias","potentialAction":[{"@type":"SearchAction","target":{"@type":"EntryPoint","urlTemplate":"https:\/\/infoecos.com.ar\/?s={search_term_string}"},"query-input":{"@type":"PropertyValueSpecification","valueRequired":true,"valueName":"search_term_string"}}],"inLanguage":"es"},{"@type":"Organization","@id":"https:\/\/infoecos.com.ar\/#organization","name":"Infoecos","alternateName":"Noticias","url":"https:\/\/infoecos.com.ar\/","logo":{"@type":"ImageObject","inLanguage":"es","@id":"https:\/\/infoecos.com.ar\/#\/schema\/logo\/image\/","url":"https:\/\/infoecos.com.ar\/wp-content\/uploads\/2024\/03\/cropped-logo.png","contentUrl":"https:\/\/infoecos.com.ar\/wp-content\/uploads\/2024\/03\/cropped-logo.png","width":374,"height":90,"caption":"Infoecos"},"image":{"@id":"https:\/\/infoecos.com.ar\/#\/schema\/logo\/image\/"},"sameAs":["https:\/\/www.facebook.com\/profile.php?id=100063200290284","https:\/\/x.com\/infoecos"]},{"@type":"Person","@id":"https:\/\/infoecos.com.ar\/#\/schema\/person\/8f5ace5ce73b4b4aac4b7245aee6f191","name":"Jorge Matheus","url":"https:\/\/infoecos.com.ar\/index.php\/author\/jomatheus\/"}]}},"featured_image_urls":{"full":["https:\/\/infoecos.com.ar\/wp-content\/uploads\/2023\/09\/unnamed-1.jpg",1280,873,false],"thumbnail":["https:\/\/infoecos.com.ar\/wp-content\/uploads\/2023\/09\/unnamed-1-300x150.jpg",300,150,true],"medium":["https:\/\/infoecos.com.ar\/wp-content\/uploads\/2023\/09\/unnamed-1-800x546.jpg",800,546,true],"medium_large":["https:\/\/infoecos.com.ar\/wp-content\/uploads\/2023\/09\/unnamed-1-768x524.jpg",640,437,true],"large":["https:\/\/infoecos.com.ar\/wp-content\/uploads\/2023\/09\/unnamed-1.jpg",640,437,false],"1536x1536":["https:\/\/infoecos.com.ar\/wp-content\/uploads\/2023\/09\/unnamed-1.jpg",1280,873,false],"2048x2048":["https:\/\/infoecos.com.ar\/wp-content\/uploads\/2023\/09\/unnamed-1.jpg",1280,873,false],"covernews-slider-full":["https:\/\/infoecos.com.ar\/wp-content\/uploads\/2023\/09\/unnamed-1.jpg",1048,715,false],"covernews-slider-center":["https:\/\/infoecos.com.ar\/wp-content\/uploads\/2023\/09\/unnamed-1-936x873.jpg",536,500,true],"covernews-featured":["https:\/\/infoecos.com.ar\/wp-content\/uploads\/2023\/09\/unnamed-1-1024x698.jpg",1024,698,true],"covernews-medium":["https:\/\/infoecos.com.ar\/wp-content\/uploads\/2023\/09\/unnamed-1-720x380.jpg",540,285,true],"covernews-medium-square":["https:\/\/infoecos.com.ar\/wp-content\/uploads\/2023\/09\/unnamed-1-675x450.jpg",375,250,true]},"author_info":{"info":["Jorge Matheus"]},"category_info":"<a href=\"https:\/\/infoecos.com.ar\/index.php\/category\/inferior5\/\" rel=\"category tag\">Bloque inferior - 5<\/a>","tag_info":"Bloque inferior - 5","comment_count":"0","_links":{"self":[{"href":"https:\/\/infoecos.com.ar\/index.php\/wp-json\/wp\/v2\/posts\/112437"}],"collection":[{"href":"https:\/\/infoecos.com.ar\/index.php\/wp-json\/wp\/v2\/posts"}],"about":[{"href":"https:\/\/infoecos.com.ar\/index.php\/wp-json\/wp\/v2\/types\/post"}],"author":[{"embeddable":true,"href":"https:\/\/infoecos.com.ar\/index.php\/wp-json\/wp\/v2\/users\/2"}],"replies":[{"embeddable":true,"href":"https:\/\/infoecos.com.ar\/index.php\/wp-json\/wp\/v2\/comments?post=112437"}],"version-history":[{"count":2,"href":"https:\/\/infoecos.com.ar\/index.php\/wp-json\/wp\/v2\/posts\/112437\/revisions"}],"predecessor-version":[{"id":112527,"href":"https:\/\/infoecos.com.ar\/index.php\/wp-json\/wp\/v2\/posts\/112437\/revisions\/112527"}],"wp:featuredmedia":[{"embeddable":true,"href":"https:\/\/infoecos.com.ar\/index.php\/wp-json\/wp\/v2\/media\/112438"}],"wp:attachment":[{"href":"https:\/\/infoecos.com.ar\/index.php\/wp-json\/wp\/v2\/media?parent=112437"}],"wp:term":[{"taxonomy":"category","embeddable":true,"href":"https:\/\/infoecos.com.ar\/index.php\/wp-json\/wp\/v2\/categories?post=112437"},{"taxonomy":"post_tag","embeddable":true,"href":"https:\/\/infoecos.com.ar\/index.php\/wp-json\/wp\/v2\/tags?post=112437"}],"curies":[{"name":"wp","href":"https:\/\/api.w.org\/{rel}","templated":true}]}}