{"id":112443,"date":"2023-09-19T16:36:11","date_gmt":"2023-09-19T19:36:11","guid":{"rendered":"https:\/\/infoecos.com.ar\/?p=112443"},"modified":"2023-09-21T02:16:36","modified_gmt":"2023-09-21T05:16:36","slug":"proyecto-del-diputado-valentin-miranda-relacionado-con-el-bono-a-los-empleados-municipales-con-amplia-repercusion","status":"publish","type":"post","link":"https:\/\/infoecos.com.ar\/index.php\/proyecto-del-diputado-valentin-miranda-relacionado-con-el-bono-a-los-empleados-municipales-con-amplia-repercusion\/","title":{"rendered":"Proyecto de Miranda y el bono a municipales con amplia repercusi\u00f3n"},"content":{"rendered":"\n<p>El diputado provincial de&nbsp;Juntos por el Cambio,&nbsp;el trenquelauquense Valent\u00edn Miranda, present\u00f3 un proyecto de ley en la&nbsp;Legislatura bonaerense&nbsp;para exigirle al gobernador,&nbsp;Axel Kicillof, que financie el 100% el pago del&nbsp;bono de 60 mil&nbsp;con fondos no reembolsables para los municipios.<\/p>\n\n\n\n<figure class=\"wp-block-image alignright size-full is-resized\"><img loading=\"lazy\" decoding=\"async\" src=\"https:\/\/infoecos.com.ar\/wp-content\/uploads\/2021\/10\/mirandavalentin.jpg\" alt=\"\" class=\"wp-image-88592\" width=\"407\" height=\"421\" srcset=\"https:\/\/infoecos.com.ar\/wp-content\/uploads\/2021\/10\/mirandavalentin.jpg 843w, https:\/\/infoecos.com.ar\/wp-content\/uploads\/2021\/10\/mirandavalentin-445x460.jpg 445w, https:\/\/infoecos.com.ar\/wp-content\/uploads\/2021\/10\/mirandavalentin-768x794.jpg 768w\" sizes=\"(max-width: 407px) 100vw, 407px\" \/><\/figure>\n\n\n\n<p>En este sentido, la iniciativa que present\u00f3 el legislador, solicita la modificaci\u00f3n de los art\u00edculos 4 y 5 del decreto que defini\u00f3 la obligatoriedad del pago del&nbsp;bono de 60 mil pesos<strong>&nbsp;<\/strong>para los trabajadores en relaci\u00f3n de dependencia.<\/p>\n\n\n\n<p>Por ese motivo, el documento presentado en la&nbsp;Legislatura bonaerense&nbsp;indica el requerimiento de que se detalle en la medida publicada que \u201clas ayudas financieras all\u00ed establecidas sean del 100% del monto informado por el Municipio, para el primer caso, y que no ser\u00e1n reembolsables\u201d.<\/p>\n\n\n\n<p>Los intendentes bonaerenses de la oposici\u00f3n comenzaron a solicitar la ayuda del fondo que cre\u00f3&nbsp;<strong>Kicillof&nbsp;<\/strong>para que se pueda pagar la suma del&nbsp;<strong>bono de 60 mil&nbsp;<\/strong>en dos cuotas, mientras que otros jefes comunales optaron por esperar a que pase el tiempo para poder costearlo.<\/p>\n\n\n\n<p>\u201cLos intendentes conocen la realidad que viven los empleados municipales, debido a la delicada situaci\u00f3n por la que atraviesa nuestra econom\u00eda, con una dr\u00e1stica ca\u00edda del salario real, cuyo \u00faltimo cap\u00edtulo es la anunciada inflaci\u00f3n del 12,4% en agosto\u201d argument\u00f3 el diputado.<\/p>\n\n\n\n<p>En ese marco,&nbsp;<strong>Miranda&nbsp;<\/strong>resalt\u00f3 que \u201c<strong>Kicillof&nbsp;<\/strong>ya recibi\u00f3, en lo que va del a\u00f1o, $ 330 mil millones por parte de la Naci\u00f3n de fondos discrecionales no coparticipables\u201d, y se\u00f1al\u00f3 que, en cambio, \u201c<strong>los municipios ven cada vez m\u00e1s alica\u00eddas las transferencias por la coparticipaci\u00f3n<\/strong>\u201d.<\/p>\n\n\n\n<p>El municipio de Trenque Lauquen, conducido por el candidato a vicegobernador de la provincia por Juntos por el Cambio, d\u00edas pasados adelant\u00f3 que Mirando realizar\u00eda gestiones para poder contar con los recursos que hacen falta para satisfacer esta decisi\u00f3n gubernamental y la necesidad de los trabajadores municipales.<\/p>\n\n\n\n<p>Lo hizo a trav\u00e9s de un comunicado que se public\u00f3 en nuestro sitio:<\/p>\n\n\n\n<p><strong>https:\/\/infoecos.com.ar\/index.php\/acuerdo-salarial-municipales-e-inicio-de-gestiones-para-que-el-aporte-de-provincia-sea-no-reintegrable\/<\/strong><\/p>\n\n\n\n<p><strong>Parte de la inormaci\u00f3n difundida por el municipio, el pasado 14 de septiembre<\/strong>:<\/p>\n\n\n\n<p><strong>Nueva recomposici\u00f3n salarial para el personal municipal -tambi\u00e9n beneficia a los jubilados- en una reuni\u00f3n mantenida con el Sindicato de Trabajadores Municipales de Trenque Lauquen (STMTL) y la Asociaci\u00f3n de Trabajadores del Estado (ATE): el aumento ser\u00e1 del 25 por ciento a partir de este mes en curso, elevando la suba anual a 124,5 por ciento<\/strong>. As\u00ed se inform\u00f3 pasado el mediod\u00eda desde el \u00e1rea de prensa del municipio, donde tambi\u00e9n se se\u00f1ala que<strong>&nbsp;\u00abrespecto al bono por una suma fija anunciado por el Gobierno Nacional, Municipio y Sindicatos consensuaron que su implementaci\u00f3n quedar\u00e1 supeditada a que el aporte del Gobierno Provincial sea no reintegrable.<\/strong> <strong>El diputado provincial Valent\u00edn Miranda iniciar\u00e1 las gestiones en ese sentido\u00bb<\/strong><\/p>\n\n\n\n<p><\/p>\n\n\n\n<p><\/p>\n","protected":false},"excerpt":{"rendered":"<p>Los intendentes bonaerenses de la oposici\u00f3n comenzaron a solicitar la ayuda del fondo que cre\u00f3\u00a0Kicillof\u00a0para que se pueda pagar la suma del\u00a0bono de 60 mil\u00a0en dos cuotas, mientras que otros jefes comunales optaron por esperar a que pase el tiempo para poder costearlo<\/p>\n","protected":false},"author":2,"featured_media":88592,"comment_status":"closed","ping_status":"open","sticky":false,"template":"","format":"standard","meta":{"footnotes":""},"categories":[198],"tags":[9173],"class_list":["post-112443","post","type-post","status-publish","format-standard","has-post-thumbnail","hentry","category-c1nota5","tag-fondos-no-reembolsables"],"yoast_head":"<!-- This site is optimized with the Yoast SEO plugin v23.4 - https:\/\/yoast.com\/wordpress\/plugins\/seo\/ -->\n<title>Proyecto de Miranda y el bono a municipales con amplia repercusi\u00f3n - Infoecos<\/title>\n<meta name=\"robots\" content=\"index, follow, max-snippet:-1, max-image-preview:large, max-video-preview:-1\" \/>\n<link rel=\"canonical\" href=\"https:\/\/infoecos.com.ar\/index.php\/proyecto-del-diputado-valentin-miranda-relacionado-con-el-bono-a-los-empleados-municipales-con-amplia-repercusion\/\" \/>\n<meta property=\"og:locale\" content=\"es_ES\" \/>\n<meta property=\"og:type\" content=\"article\" \/>\n<meta property=\"og:title\" content=\"Proyecto de Miranda y el bono a municipales con amplia repercusi\u00f3n - Infoecos\" \/>\n<meta property=\"og:description\" content=\"Los intendentes bonaerenses de la oposici\u00f3n comenzaron a solicitar la ayuda del fondo que cre\u00f3\u00a0Kicillof\u00a0para que se pueda pagar la suma del\u00a0bono de 60 mil\u00a0en dos cuotas, mientras que otros jefes comunales optaron por esperar a que pase el tiempo para poder costearlo\" \/>\n<meta property=\"og:url\" content=\"https:\/\/infoecos.com.ar\/index.php\/proyecto-del-diputado-valentin-miranda-relacionado-con-el-bono-a-los-empleados-municipales-con-amplia-repercusion\/\" \/>\n<meta property=\"og:site_name\" content=\"Infoecos\" \/>\n<meta property=\"article:publisher\" content=\"https:\/\/www.facebook.com\/profile.php?id=100063200290284\" \/>\n<meta property=\"article:published_time\" content=\"2023-09-19T19:36:11+00:00\" \/>\n<meta property=\"article:modified_time\" content=\"2023-09-21T05:16:36+00:00\" \/>\n<meta property=\"og:image\" content=\"https:\/\/infoecos.com.ar\/wp-content\/uploads\/2021\/10\/mirandavalentin.jpg\" \/>\n\t<meta property=\"og:image:width\" content=\"843\" \/>\n\t<meta property=\"og:image:height\" content=\"872\" \/>\n\t<meta property=\"og:image:type\" content=\"image\/jpeg\" \/>\n<meta name=\"author\" content=\"Jorge Matheus\" \/>\n<meta name=\"twitter:card\" content=\"summary_large_image\" \/>\n<meta name=\"twitter:creator\" content=\"@infoecos\" \/>\n<meta name=\"twitter:site\" content=\"@infoecos\" \/>\n<meta name=\"twitter:label1\" content=\"Escrito por\" \/>\n\t<meta name=\"twitter:data1\" content=\"Jorge Matheus\" \/>\n\t<meta name=\"twitter:label2\" content=\"Tiempo de lectura\" \/>\n\t<meta name=\"twitter:data2\" content=\"3 minutos\" \/>\n<script type=\"application\/ld+json\" class=\"yoast-schema-graph\">{\"@context\":\"https:\/\/schema.org\",\"@graph\":[{\"@type\":\"Article\",\"@id\":\"https:\/\/infoecos.com.ar\/index.php\/proyecto-del-diputado-valentin-miranda-relacionado-con-el-bono-a-los-empleados-municipales-con-amplia-repercusion\/#article\",\"isPartOf\":{\"@id\":\"https:\/\/infoecos.com.ar\/index.php\/proyecto-del-diputado-valentin-miranda-relacionado-con-el-bono-a-los-empleados-municipales-con-amplia-repercusion\/\"},\"author\":{\"name\":\"Jorge Matheus\",\"@id\":\"https:\/\/infoecos.com.ar\/#\/schema\/person\/8f5ace5ce73b4b4aac4b7245aee6f191\"},\"headline\":\"Proyecto de Miranda y el bono a municipales con amplia repercusi\u00f3n\",\"datePublished\":\"2023-09-19T19:36:11+00:00\",\"dateModified\":\"2023-09-21T05:16:36+00:00\",\"mainEntityOfPage\":{\"@id\":\"https:\/\/infoecos.com.ar\/index.php\/proyecto-del-diputado-valentin-miranda-relacionado-con-el-bono-a-los-empleados-municipales-con-amplia-repercusion\/\"},\"wordCount\":510,\"publisher\":{\"@id\":\"https:\/\/infoecos.com.ar\/#organization\"},\"image\":{\"@id\":\"https:\/\/infoecos.com.ar\/index.php\/proyecto-del-diputado-valentin-miranda-relacionado-con-el-bono-a-los-empleados-municipales-con-amplia-repercusion\/#primaryimage\"},\"thumbnailUrl\":\"https:\/\/infoecos.com.ar\/wp-content\/uploads\/2021\/10\/mirandavalentin.jpg\",\"keywords\":[\"fondos no reembolsables\"],\"articleSection\":[\"C1 nota 5\"],\"inLanguage\":\"es\"},{\"@type\":\"WebPage\",\"@id\":\"https:\/\/infoecos.com.ar\/index.php\/proyecto-del-diputado-valentin-miranda-relacionado-con-el-bono-a-los-empleados-municipales-con-amplia-repercusion\/\",\"url\":\"https:\/\/infoecos.com.ar\/index.php\/proyecto-del-diputado-valentin-miranda-relacionado-con-el-bono-a-los-empleados-municipales-con-amplia-repercusion\/\",\"name\":\"Proyecto de Miranda y el bono a municipales con amplia repercusi\u00f3n - Infoecos\",\"isPartOf\":{\"@id\":\"https:\/\/infoecos.com.ar\/#website\"},\"primaryImageOfPage\":{\"@id\":\"https:\/\/infoecos.com.ar\/index.php\/proyecto-del-diputado-valentin-miranda-relacionado-con-el-bono-a-los-empleados-municipales-con-amplia-repercusion\/#primaryimage\"},\"image\":{\"@id\":\"https:\/\/infoecos.com.ar\/index.php\/proyecto-del-diputado-valentin-miranda-relacionado-con-el-bono-a-los-empleados-municipales-con-amplia-repercusion\/#primaryimage\"},\"thumbnailUrl\":\"https:\/\/infoecos.com.ar\/wp-content\/uploads\/2021\/10\/mirandavalentin.jpg\",\"datePublished\":\"2023-09-19T19:36:11+00:00\",\"dateModified\":\"2023-09-21T05:16:36+00:00\",\"breadcrumb\":{\"@id\":\"https:\/\/infoecos.com.ar\/index.php\/proyecto-del-diputado-valentin-miranda-relacionado-con-el-bono-a-los-empleados-municipales-con-amplia-repercusion\/#breadcrumb\"},\"inLanguage\":\"es\",\"potentialAction\":[{\"@type\":\"ReadAction\",\"target\":[\"https:\/\/infoecos.com.ar\/index.php\/proyecto-del-diputado-valentin-miranda-relacionado-con-el-bono-a-los-empleados-municipales-con-amplia-repercusion\/\"]}]},{\"@type\":\"ImageObject\",\"inLanguage\":\"es\",\"@id\":\"https:\/\/infoecos.com.ar\/index.php\/proyecto-del-diputado-valentin-miranda-relacionado-con-el-bono-a-los-empleados-municipales-con-amplia-repercusion\/#primaryimage\",\"url\":\"https:\/\/infoecos.com.ar\/wp-content\/uploads\/2021\/10\/mirandavalentin.jpg\",\"contentUrl\":\"https:\/\/infoecos.com.ar\/wp-content\/uploads\/2021\/10\/mirandavalentin.jpg\",\"width\":843,\"height\":872},{\"@type\":\"BreadcrumbList\",\"@id\":\"https:\/\/infoecos.com.ar\/index.php\/proyecto-del-diputado-valentin-miranda-relacionado-con-el-bono-a-los-empleados-municipales-con-amplia-repercusion\/#breadcrumb\",\"itemListElement\":[{\"@type\":\"ListItem\",\"position\":1,\"name\":\"Portada\",\"item\":\"https:\/\/infoecos.com.ar\/\"},{\"@type\":\"ListItem\",\"position\":2,\"name\":\"Proyecto de Miranda y el bono a municipales con amplia repercusi\u00f3n\"}]},{\"@type\":\"WebSite\",\"@id\":\"https:\/\/infoecos.com.ar\/#website\",\"url\":\"https:\/\/infoecos.com.ar\/\",\"name\":\"Infoecos\",\"description\":\"Noticias de trenque lauquen y la zona\",\"publisher\":{\"@id\":\"https:\/\/infoecos.com.ar\/#organization\"},\"alternateName\":\"Noticias\",\"potentialAction\":[{\"@type\":\"SearchAction\",\"target\":{\"@type\":\"EntryPoint\",\"urlTemplate\":\"https:\/\/infoecos.com.ar\/?s={search_term_string}\"},\"query-input\":{\"@type\":\"PropertyValueSpecification\",\"valueRequired\":true,\"valueName\":\"search_term_string\"}}],\"inLanguage\":\"es\"},{\"@type\":\"Organization\",\"@id\":\"https:\/\/infoecos.com.ar\/#organization\",\"name\":\"Infoecos\",\"alternateName\":\"Noticias\",\"url\":\"https:\/\/infoecos.com.ar\/\",\"logo\":{\"@type\":\"ImageObject\",\"inLanguage\":\"es\",\"@id\":\"https:\/\/infoecos.com.ar\/#\/schema\/logo\/image\/\",\"url\":\"https:\/\/infoecos.com.ar\/wp-content\/uploads\/2024\/03\/cropped-logo.png\",\"contentUrl\":\"https:\/\/infoecos.com.ar\/wp-content\/uploads\/2024\/03\/cropped-logo.png\",\"width\":374,\"height\":90,\"caption\":\"Infoecos\"},\"image\":{\"@id\":\"https:\/\/infoecos.com.ar\/#\/schema\/logo\/image\/\"},\"sameAs\":[\"https:\/\/www.facebook.com\/profile.php?id=100063200290284\",\"https:\/\/x.com\/infoecos\"]},{\"@type\":\"Person\",\"@id\":\"https:\/\/infoecos.com.ar\/#\/schema\/person\/8f5ace5ce73b4b4aac4b7245aee6f191\",\"name\":\"Jorge Matheus\",\"url\":\"https:\/\/infoecos.com.ar\/index.php\/author\/jomatheus\/\"}]}<\/script>\n<!-- \/ Yoast SEO plugin. -->","yoast_head_json":{"title":"Proyecto de Miranda y el bono a municipales con amplia repercusi\u00f3n - Infoecos","robots":{"index":"index","follow":"follow","max-snippet":"max-snippet:-1","max-image-preview":"max-image-preview:large","max-video-preview":"max-video-preview:-1"},"canonical":"https:\/\/infoecos.com.ar\/index.php\/proyecto-del-diputado-valentin-miranda-relacionado-con-el-bono-a-los-empleados-municipales-con-amplia-repercusion\/","og_locale":"es_ES","og_type":"article","og_title":"Proyecto de Miranda y el bono a municipales con amplia repercusi\u00f3n - Infoecos","og_description":"Los intendentes bonaerenses de la oposici\u00f3n comenzaron a solicitar la ayuda del fondo que cre\u00f3\u00a0Kicillof\u00a0para que se pueda pagar la suma del\u00a0bono de 60 mil\u00a0en dos cuotas, mientras que otros jefes comunales optaron por esperar a que pase el tiempo para poder costearlo","og_url":"https:\/\/infoecos.com.ar\/index.php\/proyecto-del-diputado-valentin-miranda-relacionado-con-el-bono-a-los-empleados-municipales-con-amplia-repercusion\/","og_site_name":"Infoecos","article_publisher":"https:\/\/www.facebook.com\/profile.php?id=100063200290284","article_published_time":"2023-09-19T19:36:11+00:00","article_modified_time":"2023-09-21T05:16:36+00:00","og_image":[{"width":843,"height":872,"url":"https:\/\/infoecos.com.ar\/wp-content\/uploads\/2021\/10\/mirandavalentin.jpg","type":"image\/jpeg"}],"author":"Jorge Matheus","twitter_card":"summary_large_image","twitter_creator":"@infoecos","twitter_site":"@infoecos","twitter_misc":{"Escrito por":"Jorge Matheus","Tiempo de lectura":"3 minutos"},"schema":{"@context":"https:\/\/schema.org","@graph":[{"@type":"Article","@id":"https:\/\/infoecos.com.ar\/index.php\/proyecto-del-diputado-valentin-miranda-relacionado-con-el-bono-a-los-empleados-municipales-con-amplia-repercusion\/#article","isPartOf":{"@id":"https:\/\/infoecos.com.ar\/index.php\/proyecto-del-diputado-valentin-miranda-relacionado-con-el-bono-a-los-empleados-municipales-con-amplia-repercusion\/"},"author":{"name":"Jorge Matheus","@id":"https:\/\/infoecos.com.ar\/#\/schema\/person\/8f5ace5ce73b4b4aac4b7245aee6f191"},"headline":"Proyecto de Miranda y el bono a municipales con amplia repercusi\u00f3n","datePublished":"2023-09-19T19:36:11+00:00","dateModified":"2023-09-21T05:16:36+00:00","mainEntityOfPage":{"@id":"https:\/\/infoecos.com.ar\/index.php\/proyecto-del-diputado-valentin-miranda-relacionado-con-el-bono-a-los-empleados-municipales-con-amplia-repercusion\/"},"wordCount":510,"publisher":{"@id":"https:\/\/infoecos.com.ar\/#organization"},"image":{"@id":"https:\/\/infoecos.com.ar\/index.php\/proyecto-del-diputado-valentin-miranda-relacionado-con-el-bono-a-los-empleados-municipales-con-amplia-repercusion\/#primaryimage"},"thumbnailUrl":"https:\/\/infoecos.com.ar\/wp-content\/uploads\/2021\/10\/mirandavalentin.jpg","keywords":["fondos no reembolsables"],"articleSection":["C1 nota 5"],"inLanguage":"es"},{"@type":"WebPage","@id":"https:\/\/infoecos.com.ar\/index.php\/proyecto-del-diputado-valentin-miranda-relacionado-con-el-bono-a-los-empleados-municipales-con-amplia-repercusion\/","url":"https:\/\/infoecos.com.ar\/index.php\/proyecto-del-diputado-valentin-miranda-relacionado-con-el-bono-a-los-empleados-municipales-con-amplia-repercusion\/","name":"Proyecto de Miranda y el bono a municipales con amplia repercusi\u00f3n - Infoecos","isPartOf":{"@id":"https:\/\/infoecos.com.ar\/#website"},"primaryImageOfPage":{"@id":"https:\/\/infoecos.com.ar\/index.php\/proyecto-del-diputado-valentin-miranda-relacionado-con-el-bono-a-los-empleados-municipales-con-amplia-repercusion\/#primaryimage"},"image":{"@id":"https:\/\/infoecos.com.ar\/index.php\/proyecto-del-diputado-valentin-miranda-relacionado-con-el-bono-a-los-empleados-municipales-con-amplia-repercusion\/#primaryimage"},"thumbnailUrl":"https:\/\/infoecos.com.ar\/wp-content\/uploads\/2021\/10\/mirandavalentin.jpg","datePublished":"2023-09-19T19:36:11+00:00","dateModified":"2023-09-21T05:16:36+00:00","breadcrumb":{"@id":"https:\/\/infoecos.com.ar\/index.php\/proyecto-del-diputado-valentin-miranda-relacionado-con-el-bono-a-los-empleados-municipales-con-amplia-repercusion\/#breadcrumb"},"inLanguage":"es","potentialAction":[{"@type":"ReadAction","target":["https:\/\/infoecos.com.ar\/index.php\/proyecto-del-diputado-valentin-miranda-relacionado-con-el-bono-a-los-empleados-municipales-con-amplia-repercusion\/"]}]},{"@type":"ImageObject","inLanguage":"es","@id":"https:\/\/infoecos.com.ar\/index.php\/proyecto-del-diputado-valentin-miranda-relacionado-con-el-bono-a-los-empleados-municipales-con-amplia-repercusion\/#primaryimage","url":"https:\/\/infoecos.com.ar\/wp-content\/uploads\/2021\/10\/mirandavalentin.jpg","contentUrl":"https:\/\/infoecos.com.ar\/wp-content\/uploads\/2021\/10\/mirandavalentin.jpg","width":843,"height":872},{"@type":"BreadcrumbList","@id":"https:\/\/infoecos.com.ar\/index.php\/proyecto-del-diputado-valentin-miranda-relacionado-con-el-bono-a-los-empleados-municipales-con-amplia-repercusion\/#breadcrumb","itemListElement":[{"@type":"ListItem","position":1,"name":"Portada","item":"https:\/\/infoecos.com.ar\/"},{"@type":"ListItem","position":2,"name":"Proyecto de Miranda y el bono a municipales con amplia repercusi\u00f3n"}]},{"@type":"WebSite","@id":"https:\/\/infoecos.com.ar\/#website","url":"https:\/\/infoecos.com.ar\/","name":"Infoecos","description":"Noticias de trenque lauquen y la zona","publisher":{"@id":"https:\/\/infoecos.com.ar\/#organization"},"alternateName":"Noticias","potentialAction":[{"@type":"SearchAction","target":{"@type":"EntryPoint","urlTemplate":"https:\/\/infoecos.com.ar\/?s={search_term_string}"},"query-input":{"@type":"PropertyValueSpecification","valueRequired":true,"valueName":"search_term_string"}}],"inLanguage":"es"},{"@type":"Organization","@id":"https:\/\/infoecos.com.ar\/#organization","name":"Infoecos","alternateName":"Noticias","url":"https:\/\/infoecos.com.ar\/","logo":{"@type":"ImageObject","inLanguage":"es","@id":"https:\/\/infoecos.com.ar\/#\/schema\/logo\/image\/","url":"https:\/\/infoecos.com.ar\/wp-content\/uploads\/2024\/03\/cropped-logo.png","contentUrl":"https:\/\/infoecos.com.ar\/wp-content\/uploads\/2024\/03\/cropped-logo.png","width":374,"height":90,"caption":"Infoecos"},"image":{"@id":"https:\/\/infoecos.com.ar\/#\/schema\/logo\/image\/"},"sameAs":["https:\/\/www.facebook.com\/profile.php?id=100063200290284","https:\/\/x.com\/infoecos"]},{"@type":"Person","@id":"https:\/\/infoecos.com.ar\/#\/schema\/person\/8f5ace5ce73b4b4aac4b7245aee6f191","name":"Jorge Matheus","url":"https:\/\/infoecos.com.ar\/index.php\/author\/jomatheus\/"}]}},"featured_image_urls":{"full":["https:\/\/infoecos.com.ar\/wp-content\/uploads\/2021\/10\/mirandavalentin.jpg",843,872,false],"thumbnail":["https:\/\/infoecos.com.ar\/wp-content\/uploads\/2021\/10\/mirandavalentin-150x150.jpg",150,150,true],"medium":["https:\/\/infoecos.com.ar\/wp-content\/uploads\/2021\/10\/mirandavalentin-445x460.jpg",445,460,true],"medium_large":["https:\/\/infoecos.com.ar\/wp-content\/uploads\/2021\/10\/mirandavalentin-768x794.jpg",640,662,true],"large":["https:\/\/infoecos.com.ar\/wp-content\/uploads\/2021\/10\/mirandavalentin.jpg",640,662,false],"1536x1536":["https:\/\/infoecos.com.ar\/wp-content\/uploads\/2021\/10\/mirandavalentin.jpg",843,872,false],"2048x2048":["https:\/\/infoecos.com.ar\/wp-content\/uploads\/2021\/10\/mirandavalentin.jpg",843,872,false],"covernews-slider-full":["https:\/\/infoecos.com.ar\/wp-content\/uploads\/2021\/10\/mirandavalentin.jpg",691,715,false],"covernews-slider-center":["https:\/\/infoecos.com.ar\/wp-content\/uploads\/2021\/10\/mirandavalentin.jpg",483,500,false],"covernews-featured":["https:\/\/infoecos.com.ar\/wp-content\/uploads\/2021\/10\/mirandavalentin.jpg",843,872,false],"covernews-medium":["https:\/\/infoecos.com.ar\/wp-content\/uploads\/2021\/10\/mirandavalentin-720x380.jpg",540,285,true],"covernews-medium-square":["https:\/\/infoecos.com.ar\/wp-content\/uploads\/2021\/10\/mirandavalentin-675x450.jpg",375,250,true]},"author_info":{"info":["Jorge Matheus"]},"category_info":"<a href=\"https:\/\/infoecos.com.ar\/index.php\/category\/c1nota5\/\" rel=\"category tag\">C1 nota 5<\/a>","tag_info":"C1 nota 5","comment_count":"0","_links":{"self":[{"href":"https:\/\/infoecos.com.ar\/index.php\/wp-json\/wp\/v2\/posts\/112443"}],"collection":[{"href":"https:\/\/infoecos.com.ar\/index.php\/wp-json\/wp\/v2\/posts"}],"about":[{"href":"https:\/\/infoecos.com.ar\/index.php\/wp-json\/wp\/v2\/types\/post"}],"author":[{"embeddable":true,"href":"https:\/\/infoecos.com.ar\/index.php\/wp-json\/wp\/v2\/users\/2"}],"replies":[{"embeddable":true,"href":"https:\/\/infoecos.com.ar\/index.php\/wp-json\/wp\/v2\/comments?post=112443"}],"version-history":[{"count":5,"href":"https:\/\/infoecos.com.ar\/index.php\/wp-json\/wp\/v2\/posts\/112443\/revisions"}],"predecessor-version":[{"id":112482,"href":"https:\/\/infoecos.com.ar\/index.php\/wp-json\/wp\/v2\/posts\/112443\/revisions\/112482"}],"wp:featuredmedia":[{"embeddable":true,"href":"https:\/\/infoecos.com.ar\/index.php\/wp-json\/wp\/v2\/media\/88592"}],"wp:attachment":[{"href":"https:\/\/infoecos.com.ar\/index.php\/wp-json\/wp\/v2\/media?parent=112443"}],"wp:term":[{"taxonomy":"category","embeddable":true,"href":"https:\/\/infoecos.com.ar\/index.php\/wp-json\/wp\/v2\/categories?post=112443"},{"taxonomy":"post_tag","embeddable":true,"href":"https:\/\/infoecos.com.ar\/index.php\/wp-json\/wp\/v2\/tags?post=112443"}],"curies":[{"name":"wp","href":"https:\/\/api.w.org\/{rel}","templated":true}]}}