{"id":112488,"date":"2023-09-19T23:27:56","date_gmt":"2023-09-20T02:27:56","guid":{"rendered":"https:\/\/infoecos.com.ar\/?p=112488"},"modified":"2023-09-19T23:27:57","modified_gmt":"2023-09-20T02:27:57","slug":"se-aprobo-el-proyecto-de-ley-de-reforma-del-impuesto-a-las-ganancias-elevado-por-massa","status":"publish","type":"post","link":"https:\/\/infoecos.com.ar\/index.php\/se-aprobo-el-proyecto-de-ley-de-reforma-del-impuesto-a-las-ganancias-elevado-por-massa\/","title":{"rendered":"Se aprob\u00f3 el proyecto de ley de reforma del Impuesto a las Ganancias, elevado por Massa"},"content":{"rendered":"\n<p>La C\u00e1mara de Diputados aprob\u00f3 este martes y gir\u00f3 al Senado el proyecto de ley de reforma del Impuesto a las Ganancias que\u00a0<strong>elimina la cuarta categor\u00eda que grava los sueldos de los empleados y cre\u00f3 un tributo sobre los altos ingresos que se pagar\u00e1 cuando se cobren haberes superiores a los 15 salarios m\u00ednimos, vital y m\u00f3vil (SMVM) mensuale<\/strong>s.<\/p>\n\n\n\n<figure class=\"wp-block-image alignright size-full is-resized\"><img loading=\"lazy\" decoding=\"async\" src=\"https:\/\/infoecos.com.ar\/wp-content\/uploads\/2023\/09\/image-103.png\" alt=\"\" class=\"wp-image-112489\" width=\"471\" height=\"266\" srcset=\"https:\/\/infoecos.com.ar\/wp-content\/uploads\/2023\/09\/image-103.png 1121w, https:\/\/infoecos.com.ar\/wp-content\/uploads\/2023\/09\/image-103-800x452.png 800w, https:\/\/infoecos.com.ar\/wp-content\/uploads\/2023\/09\/image-103-768x434.png 768w, https:\/\/infoecos.com.ar\/wp-content\/uploads\/2023\/09\/image-103-1024x578.png 1024w\" sizes=\"(max-width: 471px) 100vw, 471px\" \/><figcaption class=\"wp-element-caption\">Foto Telam<\/figcaption><\/figure>\n\n\n\n<p>La iniciativa\u00a0<strong>fue sancionada por 135 votos que fueron aportados por los bloques Frente de Todos, la izquierda, los libertarios, federales, Provincias Unidas, y los dos gobernadores electos de Santa Cruz, Claudio Vidal, y de Neuqu\u00e9n, Rolando Figueroa.<\/strong><\/p>\n\n\n\n<p><strong>Se opusieron al proyecto los legisladores de Juntos por el Cambio que cosecharon 103 votos<\/strong>.<\/p>\n\n\n\n<p>El ministro de Econom\u00eda, Sergio Massa, estuvo en el Congreso y en el \u00faltimo tramo en el recinto de sesiones junto a los sindicalistas H\u00e9ctor Daer, Pablo Moyano, y Carlos Acu\u00f1a, escuchando los \u00faltimos discursos previo a la votaci\u00f3n de esa iniciativa promovida por el oficialismo.<\/p>\n\n\n\n<p><\/p>\n","protected":false},"excerpt":{"rendered":"<p>La iniciativa\u00a0fue sancionada por 135 votos. Juntos por el Cambio se opuso y cosech\u00f3 103 votos<\/p>\n","protected":false},"author":2,"featured_media":112489,"comment_status":"closed","ping_status":"open","sticky":false,"template":"","format":"standard","meta":{"footnotes":""},"categories":[24],"tags":[6789],"class_list":["post-112488","post","type-post","status-publish","format-standard","has-post-thumbnail","hentry","category-c1nota3","tag-elecciones-2023"],"yoast_head":"<!-- This site is optimized with the Yoast SEO plugin v23.4 - https:\/\/yoast.com\/wordpress\/plugins\/seo\/ -->\n<title>Se aprob\u00f3 el proyecto de ley de reforma del Impuesto a las Ganancias, elevado por Massa - Infoecos<\/title>\n<meta name=\"robots\" content=\"index, follow, max-snippet:-1, max-image-preview:large, max-video-preview:-1\" \/>\n<link rel=\"canonical\" href=\"https:\/\/infoecos.com.ar\/index.php\/se-aprobo-el-proyecto-de-ley-de-reforma-del-impuesto-a-las-ganancias-elevado-por-massa\/\" \/>\n<meta property=\"og:locale\" content=\"es_ES\" \/>\n<meta property=\"og:type\" content=\"article\" \/>\n<meta property=\"og:title\" content=\"Se aprob\u00f3 el proyecto de ley de reforma del Impuesto a las Ganancias, elevado por Massa - Infoecos\" \/>\n<meta property=\"og:description\" content=\"La iniciativa\u00a0fue sancionada por 135 votos. Juntos por el Cambio se opuso y cosech\u00f3 103 votos\" \/>\n<meta property=\"og:url\" content=\"https:\/\/infoecos.com.ar\/index.php\/se-aprobo-el-proyecto-de-ley-de-reforma-del-impuesto-a-las-ganancias-elevado-por-massa\/\" \/>\n<meta property=\"og:site_name\" content=\"Infoecos\" \/>\n<meta property=\"article:publisher\" content=\"https:\/\/www.facebook.com\/profile.php?id=100063200290284\" \/>\n<meta property=\"article:published_time\" content=\"2023-09-20T02:27:56+00:00\" \/>\n<meta property=\"article:modified_time\" content=\"2023-09-20T02:27:57+00:00\" \/>\n<meta property=\"og:image\" content=\"https:\/\/infoecos.com.ar\/wp-content\/uploads\/2023\/09\/image-103.png\" \/>\n\t<meta property=\"og:image:width\" content=\"1121\" \/>\n\t<meta property=\"og:image:height\" content=\"633\" \/>\n\t<meta property=\"og:image:type\" content=\"image\/png\" \/>\n<meta name=\"author\" content=\"Jorge Matheus\" \/>\n<meta name=\"twitter:card\" content=\"summary_large_image\" \/>\n<meta name=\"twitter:creator\" content=\"@infoecos\" \/>\n<meta name=\"twitter:site\" content=\"@infoecos\" \/>\n<meta name=\"twitter:label1\" content=\"Escrito por\" \/>\n\t<meta name=\"twitter:data1\" content=\"Jorge Matheus\" \/>\n\t<meta name=\"twitter:label2\" content=\"Tiempo de lectura\" \/>\n\t<meta name=\"twitter:data2\" content=\"1 minuto\" \/>\n<script type=\"application\/ld+json\" class=\"yoast-schema-graph\">{\"@context\":\"https:\/\/schema.org\",\"@graph\":[{\"@type\":\"Article\",\"@id\":\"https:\/\/infoecos.com.ar\/index.php\/se-aprobo-el-proyecto-de-ley-de-reforma-del-impuesto-a-las-ganancias-elevado-por-massa\/#article\",\"isPartOf\":{\"@id\":\"https:\/\/infoecos.com.ar\/index.php\/se-aprobo-el-proyecto-de-ley-de-reforma-del-impuesto-a-las-ganancias-elevado-por-massa\/\"},\"author\":{\"name\":\"Jorge Matheus\",\"@id\":\"https:\/\/infoecos.com.ar\/#\/schema\/person\/8f5ace5ce73b4b4aac4b7245aee6f191\"},\"headline\":\"Se aprob\u00f3 el proyecto de ley de reforma del Impuesto a las Ganancias, elevado por Massa\",\"datePublished\":\"2023-09-20T02:27:56+00:00\",\"dateModified\":\"2023-09-20T02:27:57+00:00\",\"mainEntityOfPage\":{\"@id\":\"https:\/\/infoecos.com.ar\/index.php\/se-aprobo-el-proyecto-de-ley-de-reforma-del-impuesto-a-las-ganancias-elevado-por-massa\/\"},\"wordCount\":183,\"publisher\":{\"@id\":\"https:\/\/infoecos.com.ar\/#organization\"},\"image\":{\"@id\":\"https:\/\/infoecos.com.ar\/index.php\/se-aprobo-el-proyecto-de-ley-de-reforma-del-impuesto-a-las-ganancias-elevado-por-massa\/#primaryimage\"},\"thumbnailUrl\":\"https:\/\/infoecos.com.ar\/wp-content\/uploads\/2023\/09\/image-103.png\",\"keywords\":[\"elecciones 2023\"],\"articleSection\":[\"C1 N3\"],\"inLanguage\":\"es\"},{\"@type\":\"WebPage\",\"@id\":\"https:\/\/infoecos.com.ar\/index.php\/se-aprobo-el-proyecto-de-ley-de-reforma-del-impuesto-a-las-ganancias-elevado-por-massa\/\",\"url\":\"https:\/\/infoecos.com.ar\/index.php\/se-aprobo-el-proyecto-de-ley-de-reforma-del-impuesto-a-las-ganancias-elevado-por-massa\/\",\"name\":\"Se aprob\u00f3 el proyecto de ley de reforma del Impuesto a las Ganancias, elevado por Massa - Infoecos\",\"isPartOf\":{\"@id\":\"https:\/\/infoecos.com.ar\/#website\"},\"primaryImageOfPage\":{\"@id\":\"https:\/\/infoecos.com.ar\/index.php\/se-aprobo-el-proyecto-de-ley-de-reforma-del-impuesto-a-las-ganancias-elevado-por-massa\/#primaryimage\"},\"image\":{\"@id\":\"https:\/\/infoecos.com.ar\/index.php\/se-aprobo-el-proyecto-de-ley-de-reforma-del-impuesto-a-las-ganancias-elevado-por-massa\/#primaryimage\"},\"thumbnailUrl\":\"https:\/\/infoecos.com.ar\/wp-content\/uploads\/2023\/09\/image-103.png\",\"datePublished\":\"2023-09-20T02:27:56+00:00\",\"dateModified\":\"2023-09-20T02:27:57+00:00\",\"breadcrumb\":{\"@id\":\"https:\/\/infoecos.com.ar\/index.php\/se-aprobo-el-proyecto-de-ley-de-reforma-del-impuesto-a-las-ganancias-elevado-por-massa\/#breadcrumb\"},\"inLanguage\":\"es\",\"potentialAction\":[{\"@type\":\"ReadAction\",\"target\":[\"https:\/\/infoecos.com.ar\/index.php\/se-aprobo-el-proyecto-de-ley-de-reforma-del-impuesto-a-las-ganancias-elevado-por-massa\/\"]}]},{\"@type\":\"ImageObject\",\"inLanguage\":\"es\",\"@id\":\"https:\/\/infoecos.com.ar\/index.php\/se-aprobo-el-proyecto-de-ley-de-reforma-del-impuesto-a-las-ganancias-elevado-por-massa\/#primaryimage\",\"url\":\"https:\/\/infoecos.com.ar\/wp-content\/uploads\/2023\/09\/image-103.png\",\"contentUrl\":\"https:\/\/infoecos.com.ar\/wp-content\/uploads\/2023\/09\/image-103.png\",\"width\":1121,\"height\":633},{\"@type\":\"BreadcrumbList\",\"@id\":\"https:\/\/infoecos.com.ar\/index.php\/se-aprobo-el-proyecto-de-ley-de-reforma-del-impuesto-a-las-ganancias-elevado-por-massa\/#breadcrumb\",\"itemListElement\":[{\"@type\":\"ListItem\",\"position\":1,\"name\":\"Portada\",\"item\":\"https:\/\/infoecos.com.ar\/\"},{\"@type\":\"ListItem\",\"position\":2,\"name\":\"Se aprob\u00f3 el proyecto de ley de reforma del Impuesto a las Ganancias, elevado por Massa\"}]},{\"@type\":\"WebSite\",\"@id\":\"https:\/\/infoecos.com.ar\/#website\",\"url\":\"https:\/\/infoecos.com.ar\/\",\"name\":\"Infoecos\",\"description\":\"Noticias de trenque lauquen y la zona\",\"publisher\":{\"@id\":\"https:\/\/infoecos.com.ar\/#organization\"},\"alternateName\":\"Noticias\",\"potentialAction\":[{\"@type\":\"SearchAction\",\"target\":{\"@type\":\"EntryPoint\",\"urlTemplate\":\"https:\/\/infoecos.com.ar\/?s={search_term_string}\"},\"query-input\":{\"@type\":\"PropertyValueSpecification\",\"valueRequired\":true,\"valueName\":\"search_term_string\"}}],\"inLanguage\":\"es\"},{\"@type\":\"Organization\",\"@id\":\"https:\/\/infoecos.com.ar\/#organization\",\"name\":\"Infoecos\",\"alternateName\":\"Noticias\",\"url\":\"https:\/\/infoecos.com.ar\/\",\"logo\":{\"@type\":\"ImageObject\",\"inLanguage\":\"es\",\"@id\":\"https:\/\/infoecos.com.ar\/#\/schema\/logo\/image\/\",\"url\":\"https:\/\/infoecos.com.ar\/wp-content\/uploads\/2024\/03\/cropped-logo.png\",\"contentUrl\":\"https:\/\/infoecos.com.ar\/wp-content\/uploads\/2024\/03\/cropped-logo.png\",\"width\":374,\"height\":90,\"caption\":\"Infoecos\"},\"image\":{\"@id\":\"https:\/\/infoecos.com.ar\/#\/schema\/logo\/image\/\"},\"sameAs\":[\"https:\/\/www.facebook.com\/profile.php?id=100063200290284\",\"https:\/\/x.com\/infoecos\"]},{\"@type\":\"Person\",\"@id\":\"https:\/\/infoecos.com.ar\/#\/schema\/person\/8f5ace5ce73b4b4aac4b7245aee6f191\",\"name\":\"Jorge Matheus\",\"url\":\"https:\/\/infoecos.com.ar\/index.php\/author\/jomatheus\/\"}]}<\/script>\n<!-- \/ Yoast SEO plugin. -->","yoast_head_json":{"title":"Se aprob\u00f3 el proyecto de ley de reforma del Impuesto a las Ganancias, elevado por Massa - Infoecos","robots":{"index":"index","follow":"follow","max-snippet":"max-snippet:-1","max-image-preview":"max-image-preview:large","max-video-preview":"max-video-preview:-1"},"canonical":"https:\/\/infoecos.com.ar\/index.php\/se-aprobo-el-proyecto-de-ley-de-reforma-del-impuesto-a-las-ganancias-elevado-por-massa\/","og_locale":"es_ES","og_type":"article","og_title":"Se aprob\u00f3 el proyecto de ley de reforma del Impuesto a las Ganancias, elevado por Massa - Infoecos","og_description":"La iniciativa\u00a0fue sancionada por 135 votos. Juntos por el Cambio se opuso y cosech\u00f3 103 votos","og_url":"https:\/\/infoecos.com.ar\/index.php\/se-aprobo-el-proyecto-de-ley-de-reforma-del-impuesto-a-las-ganancias-elevado-por-massa\/","og_site_name":"Infoecos","article_publisher":"https:\/\/www.facebook.com\/profile.php?id=100063200290284","article_published_time":"2023-09-20T02:27:56+00:00","article_modified_time":"2023-09-20T02:27:57+00:00","og_image":[{"width":1121,"height":633,"url":"https:\/\/infoecos.com.ar\/wp-content\/uploads\/2023\/09\/image-103.png","type":"image\/png"}],"author":"Jorge Matheus","twitter_card":"summary_large_image","twitter_creator":"@infoecos","twitter_site":"@infoecos","twitter_misc":{"Escrito por":"Jorge Matheus","Tiempo de lectura":"1 minuto"},"schema":{"@context":"https:\/\/schema.org","@graph":[{"@type":"Article","@id":"https:\/\/infoecos.com.ar\/index.php\/se-aprobo-el-proyecto-de-ley-de-reforma-del-impuesto-a-las-ganancias-elevado-por-massa\/#article","isPartOf":{"@id":"https:\/\/infoecos.com.ar\/index.php\/se-aprobo-el-proyecto-de-ley-de-reforma-del-impuesto-a-las-ganancias-elevado-por-massa\/"},"author":{"name":"Jorge Matheus","@id":"https:\/\/infoecos.com.ar\/#\/schema\/person\/8f5ace5ce73b4b4aac4b7245aee6f191"},"headline":"Se aprob\u00f3 el proyecto de ley de reforma del Impuesto a las Ganancias, elevado por Massa","datePublished":"2023-09-20T02:27:56+00:00","dateModified":"2023-09-20T02:27:57+00:00","mainEntityOfPage":{"@id":"https:\/\/infoecos.com.ar\/index.php\/se-aprobo-el-proyecto-de-ley-de-reforma-del-impuesto-a-las-ganancias-elevado-por-massa\/"},"wordCount":183,"publisher":{"@id":"https:\/\/infoecos.com.ar\/#organization"},"image":{"@id":"https:\/\/infoecos.com.ar\/index.php\/se-aprobo-el-proyecto-de-ley-de-reforma-del-impuesto-a-las-ganancias-elevado-por-massa\/#primaryimage"},"thumbnailUrl":"https:\/\/infoecos.com.ar\/wp-content\/uploads\/2023\/09\/image-103.png","keywords":["elecciones 2023"],"articleSection":["C1 N3"],"inLanguage":"es"},{"@type":"WebPage","@id":"https:\/\/infoecos.com.ar\/index.php\/se-aprobo-el-proyecto-de-ley-de-reforma-del-impuesto-a-las-ganancias-elevado-por-massa\/","url":"https:\/\/infoecos.com.ar\/index.php\/se-aprobo-el-proyecto-de-ley-de-reforma-del-impuesto-a-las-ganancias-elevado-por-massa\/","name":"Se aprob\u00f3 el proyecto de ley de reforma del Impuesto a las Ganancias, elevado por Massa - Infoecos","isPartOf":{"@id":"https:\/\/infoecos.com.ar\/#website"},"primaryImageOfPage":{"@id":"https:\/\/infoecos.com.ar\/index.php\/se-aprobo-el-proyecto-de-ley-de-reforma-del-impuesto-a-las-ganancias-elevado-por-massa\/#primaryimage"},"image":{"@id":"https:\/\/infoecos.com.ar\/index.php\/se-aprobo-el-proyecto-de-ley-de-reforma-del-impuesto-a-las-ganancias-elevado-por-massa\/#primaryimage"},"thumbnailUrl":"https:\/\/infoecos.com.ar\/wp-content\/uploads\/2023\/09\/image-103.png","datePublished":"2023-09-20T02:27:56+00:00","dateModified":"2023-09-20T02:27:57+00:00","breadcrumb":{"@id":"https:\/\/infoecos.com.ar\/index.php\/se-aprobo-el-proyecto-de-ley-de-reforma-del-impuesto-a-las-ganancias-elevado-por-massa\/#breadcrumb"},"inLanguage":"es","potentialAction":[{"@type":"ReadAction","target":["https:\/\/infoecos.com.ar\/index.php\/se-aprobo-el-proyecto-de-ley-de-reforma-del-impuesto-a-las-ganancias-elevado-por-massa\/"]}]},{"@type":"ImageObject","inLanguage":"es","@id":"https:\/\/infoecos.com.ar\/index.php\/se-aprobo-el-proyecto-de-ley-de-reforma-del-impuesto-a-las-ganancias-elevado-por-massa\/#primaryimage","url":"https:\/\/infoecos.com.ar\/wp-content\/uploads\/2023\/09\/image-103.png","contentUrl":"https:\/\/infoecos.com.ar\/wp-content\/uploads\/2023\/09\/image-103.png","width":1121,"height":633},{"@type":"BreadcrumbList","@id":"https:\/\/infoecos.com.ar\/index.php\/se-aprobo-el-proyecto-de-ley-de-reforma-del-impuesto-a-las-ganancias-elevado-por-massa\/#breadcrumb","itemListElement":[{"@type":"ListItem","position":1,"name":"Portada","item":"https:\/\/infoecos.com.ar\/"},{"@type":"ListItem","position":2,"name":"Se aprob\u00f3 el proyecto de ley de reforma del Impuesto a las Ganancias, elevado por Massa"}]},{"@type":"WebSite","@id":"https:\/\/infoecos.com.ar\/#website","url":"https:\/\/infoecos.com.ar\/","name":"Infoecos","description":"Noticias de trenque lauquen y la zona","publisher":{"@id":"https:\/\/infoecos.com.ar\/#organization"},"alternateName":"Noticias","potentialAction":[{"@type":"SearchAction","target":{"@type":"EntryPoint","urlTemplate":"https:\/\/infoecos.com.ar\/?s={search_term_string}"},"query-input":{"@type":"PropertyValueSpecification","valueRequired":true,"valueName":"search_term_string"}}],"inLanguage":"es"},{"@type":"Organization","@id":"https:\/\/infoecos.com.ar\/#organization","name":"Infoecos","alternateName":"Noticias","url":"https:\/\/infoecos.com.ar\/","logo":{"@type":"ImageObject","inLanguage":"es","@id":"https:\/\/infoecos.com.ar\/#\/schema\/logo\/image\/","url":"https:\/\/infoecos.com.ar\/wp-content\/uploads\/2024\/03\/cropped-logo.png","contentUrl":"https:\/\/infoecos.com.ar\/wp-content\/uploads\/2024\/03\/cropped-logo.png","width":374,"height":90,"caption":"Infoecos"},"image":{"@id":"https:\/\/infoecos.com.ar\/#\/schema\/logo\/image\/"},"sameAs":["https:\/\/www.facebook.com\/profile.php?id=100063200290284","https:\/\/x.com\/infoecos"]},{"@type":"Person","@id":"https:\/\/infoecos.com.ar\/#\/schema\/person\/8f5ace5ce73b4b4aac4b7245aee6f191","name":"Jorge Matheus","url":"https:\/\/infoecos.com.ar\/index.php\/author\/jomatheus\/"}]}},"featured_image_urls":{"full":["https:\/\/infoecos.com.ar\/wp-content\/uploads\/2023\/09\/image-103.png",1121,633,false],"thumbnail":["https:\/\/infoecos.com.ar\/wp-content\/uploads\/2023\/09\/image-103-300x150.png",300,150,true],"medium":["https:\/\/infoecos.com.ar\/wp-content\/uploads\/2023\/09\/image-103-800x452.png",800,452,true],"medium_large":["https:\/\/infoecos.com.ar\/wp-content\/uploads\/2023\/09\/image-103-768x434.png",640,362,true],"large":["https:\/\/infoecos.com.ar\/wp-content\/uploads\/2023\/09\/image-103.png",640,361,false],"1536x1536":["https:\/\/infoecos.com.ar\/wp-content\/uploads\/2023\/09\/image-103.png",1121,633,false],"2048x2048":["https:\/\/infoecos.com.ar\/wp-content\/uploads\/2023\/09\/image-103.png",1121,633,false],"covernews-slider-full":["https:\/\/infoecos.com.ar\/wp-content\/uploads\/2023\/09\/image-103.png",1115,630,false],"covernews-slider-center":["https:\/\/infoecos.com.ar\/wp-content\/uploads\/2023\/09\/image-103-936x633.png",739,500,true],"covernews-featured":["https:\/\/infoecos.com.ar\/wp-content\/uploads\/2023\/09\/image-103-1024x578.png",1024,578,true],"covernews-medium":["https:\/\/infoecos.com.ar\/wp-content\/uploads\/2023\/09\/image-103-720x380.png",540,285,true],"covernews-medium-square":["https:\/\/infoecos.com.ar\/wp-content\/uploads\/2023\/09\/image-103-675x450.png",375,250,true]},"author_info":{"info":["Jorge Matheus"]},"category_info":"<a href=\"https:\/\/infoecos.com.ar\/index.php\/category\/c1nota3\/\" rel=\"category tag\">C1 N3<\/a>","tag_info":"C1 N3","comment_count":"0","_links":{"self":[{"href":"https:\/\/infoecos.com.ar\/index.php\/wp-json\/wp\/v2\/posts\/112488"}],"collection":[{"href":"https:\/\/infoecos.com.ar\/index.php\/wp-json\/wp\/v2\/posts"}],"about":[{"href":"https:\/\/infoecos.com.ar\/index.php\/wp-json\/wp\/v2\/types\/post"}],"author":[{"embeddable":true,"href":"https:\/\/infoecos.com.ar\/index.php\/wp-json\/wp\/v2\/users\/2"}],"replies":[{"embeddable":true,"href":"https:\/\/infoecos.com.ar\/index.php\/wp-json\/wp\/v2\/comments?post=112488"}],"version-history":[{"count":1,"href":"https:\/\/infoecos.com.ar\/index.php\/wp-json\/wp\/v2\/posts\/112488\/revisions"}],"predecessor-version":[{"id":112490,"href":"https:\/\/infoecos.com.ar\/index.php\/wp-json\/wp\/v2\/posts\/112488\/revisions\/112490"}],"wp:featuredmedia":[{"embeddable":true,"href":"https:\/\/infoecos.com.ar\/index.php\/wp-json\/wp\/v2\/media\/112489"}],"wp:attachment":[{"href":"https:\/\/infoecos.com.ar\/index.php\/wp-json\/wp\/v2\/media?parent=112488"}],"wp:term":[{"taxonomy":"category","embeddable":true,"href":"https:\/\/infoecos.com.ar\/index.php\/wp-json\/wp\/v2\/categories?post=112488"},{"taxonomy":"post_tag","embeddable":true,"href":"https:\/\/infoecos.com.ar\/index.php\/wp-json\/wp\/v2\/tags?post=112488"}],"curies":[{"name":"wp","href":"https:\/\/api.w.org\/{rel}","templated":true}]}}