{"id":112547,"date":"2023-09-20T15:42:35","date_gmt":"2023-09-20T18:42:35","guid":{"rendered":"https:\/\/infoecos.com.ar\/?p=112547"},"modified":"2023-09-23T02:10:19","modified_gmt":"2023-09-23T05:10:19","slug":"joven-rionegrino-reconocido-con-el-premio-de-came-2023-y-bonaerense-recibe-mencion-especial","status":"publish","type":"post","link":"https:\/\/infoecos.com.ar\/index.php\/joven-rionegrino-reconocido-con-el-premio-de-came-2023-y-bonaerense-recibe-mencion-especial\/","title":{"rendered":"Rionegrino reconocido con el premio de CAME 2023, y bonaerense menci\u00f3n especial"},"content":{"rendered":"\n<p>En el marco del D\u00eda Nacional del Joven Empresario, la Confederaci\u00f3n Argentina de la Mediana Empresa (CAME) entreg\u00f3 el premio Joven Empresario Argentino 2023 al rionegrino Axel Leonel Cordoba por su emprendimiento Hydroplus, mediante el cual cre\u00f3 un hidrogel biodegradable y no t\u00f3xico que ahorra agua de riego, baja costos de operaci\u00f3n y aumenta la productividad en el campo.<\/p>\n\n\n\n<figure class=\"wp-block-image alignright size-full is-resized\"><img loading=\"lazy\" decoding=\"async\" src=\"https:\/\/infoecos.com.ar\/wp-content\/uploads\/2023\/09\/cameemprende.jpg\" alt=\"\" class=\"wp-image-112548\" width=\"417\" height=\"278\" srcset=\"https:\/\/infoecos.com.ar\/wp-content\/uploads\/2023\/09\/cameemprende.jpg 1299w, https:\/\/infoecos.com.ar\/wp-content\/uploads\/2023\/09\/cameemprende-800x533.jpg 800w, https:\/\/infoecos.com.ar\/wp-content\/uploads\/2023\/09\/cameemprende-768x512.jpg 768w, https:\/\/infoecos.com.ar\/wp-content\/uploads\/2023\/09\/cameemprende-1024x683.jpg 1024w, https:\/\/infoecos.com.ar\/wp-content\/uploads\/2023\/09\/cameemprende-675x450.jpg 675w\" sizes=\"(max-width: 417px) 100vw, 417px\" \/><figcaption class=\"wp-element-caption\">CAME Emprendedores <\/figcaption><\/figure>\n\n\n\n<p>Adem\u00e1s, se entregaron dos menciones. La primera fue para Mat\u00edas Gustavo D\u00edaz, de Eco Wagen, una&nbsp;empresa de la provincia de Buenos Aires que convierte autos con motores a combusti\u00f3n en totalmente el\u00e9ctricos. La segunda menci\u00f3n la obtuvo \u00c1ngela Florencia Baudino, del colegio Los Andes, de la provincia de San Juan, la primera escuela privada con orientaci\u00f3n ambientalista del pa\u00eds, no s\u00f3lo desde lo pedag\u00f3gico sino tambi\u00e9n desde lo edilicio y administrativo.<\/p>\n\n\n\n<p>El director de CAME Joven, Nicol\u00e1s Alonso Barotto, expres\u00f3: \u201cLos j\u00f3venes emprendedores argentinos nos destacamos por el valor, la honestidad y la templanza\u201d. Por su parte, el presidente de la entidad, Alfredo Gonz\u00e1lez, destac\u00f3 que \u201ctrabajar en forma colectiva es la mejor manera de llevar adelante el pa\u00eds productivo que queremos\u201d. Y a\u00f1adi\u00f3: \u201cUstedes no son el futuro, son el hoy\u201d. En tanto, Del Cogliano sostuvo que \u201cnuestros j\u00f3venes emprendedores hacen posible una Argentina m\u00e1s innovadora\u201d, y le otorg\u00f3 al ganador un mentoreo personalizado por parte de la Secretar\u00eda.<\/p>\n\n\n\n<p>Estuvieron presentes&nbsp;la subsecretaria de Desarrollo Emprendedor del Ministerio de Econom\u00eda,&nbsp;Natalia Del Cogliano; el secretario general de CAME, Ricardo Diab; el secretario de Hacienda, Blas Taladrid; los vicepresidentes Alberto Kahale, Fabi\u00e1n Castillo y Claudia Fern\u00e1ndez; el coordinador de CAME Joven, Mat\u00edas Brugnoli y referentes j\u00f3venes de todas las c\u00e1maras y federaciones del pa\u00eds.<\/p>\n\n\n\n<figure class=\"wp-block-image alignright size-full is-resized\"><img loading=\"lazy\" decoding=\"async\" src=\"https:\/\/infoecos.com.ar\/wp-content\/uploads\/2023\/09\/camepremios1.jpg\" alt=\"\" class=\"wp-image-112549\" width=\"407\" height=\"257\" srcset=\"https:\/\/infoecos.com.ar\/wp-content\/uploads\/2023\/09\/camepremios1.jpg 1299w, https:\/\/infoecos.com.ar\/wp-content\/uploads\/2023\/09\/camepremios1-800x507.jpg 800w, https:\/\/infoecos.com.ar\/wp-content\/uploads\/2023\/09\/camepremios1-768x487.jpg 768w, https:\/\/infoecos.com.ar\/wp-content\/uploads\/2023\/09\/camepremios1-1024x649.jpg 1024w\" sizes=\"(max-width: 407px) 100vw, 407px\" \/><figcaption class=\"wp-element-caption\">CAME Emprendedores <\/figcaption><\/figure>\n\n\n\n<p><strong>El resto de los finalistas fueron:<\/strong><\/p>\n\n\n\n<p>Rom\u00e1n Klimenok (CAPIDEL \u2013 CABA)<br>Mariano Juan Diego Romero (ECOMAX \u2013 Chaco)<br>Andr\u00e9s Nievas (Jan Servicios Integrales \u2013 Chubut)<br>Mar\u00eda Constanza G\u00f3mez (Calificadas \u2013 Corrientes)<br>Luis Alfredo Ragone (Micro Digital Tecnolog\u00eda Forense &#8211; Entre R\u00edos)<br>Alejandra Yanina Torres (Que Luz Electricidad E Iluminaci\u00f3n \u2013 Formosa)<br>Fernando D\u00edaz (Mantis \u2013 Jujuy)<br>Franco De Giovanni (Impactu Habits &#8211; La Pampa)<br>Gustavo Dar\u00edo Campagna (Cervecer\u00eda Debari &#8211; La Rioja)<br>Mariano Scalco (Tutiendahora &#8211; Mendoza)<br>Juan Ignacio Veller (Dr. Veller \u2013 Misiones)<br>Mario Roberto Gil (Piedras Argentinas &#8211; San Luis)<br>Karen Ailen Veliz Oviedo (Marklena &#8211; Santa Fe)<br>Lucas&nbsp; Matteo (Imaginar Productora Tecnol\u00f3gica &#8211; Santiago del Estero)<br>Juli\u00e1n&nbsp; Chedrese (Freak Spirit &#8211; Tierra del Fuego)<br>Germ\u00e1n Aralde (TENSAC \u2013 Tucum\u00e1n)<\/p>\n","protected":false},"excerpt":{"rendered":"<p>Joven Empresario Argentino 2023 al rionegrino Axel Leonel Cordoba por su emprendimiento Hydroplus. Menci\u00f3n para  Mat\u00edas Gustavo D\u00edaz, de Eco Wagen <\/p>\n","protected":false},"author":2,"featured_media":112548,"comment_status":"closed","ping_status":"open","sticky":false,"template":"","format":"standard","meta":{"footnotes":""},"categories":[1334],"tags":[9182],"class_list":["post-112547","post","type-post","status-publish","format-standard","has-post-thumbnail","hentry","category-inferior14","tag-ganador-creador-de-hydroplus"],"yoast_head":"<!-- This site is optimized with the Yoast SEO plugin v23.4 - https:\/\/yoast.com\/wordpress\/plugins\/seo\/ -->\n<title>Rionegrino reconocido con el premio de CAME 2023, y bonaerense menci\u00f3n especial - Infoecos<\/title>\n<meta name=\"robots\" content=\"index, follow, max-snippet:-1, max-image-preview:large, max-video-preview:-1\" \/>\n<link rel=\"canonical\" href=\"https:\/\/infoecos.com.ar\/index.php\/joven-rionegrino-reconocido-con-el-premio-de-came-2023-y-bonaerense-recibe-mencion-especial\/\" \/>\n<meta property=\"og:locale\" content=\"es_ES\" \/>\n<meta property=\"og:type\" content=\"article\" \/>\n<meta property=\"og:title\" content=\"Rionegrino reconocido con el premio de CAME 2023, y bonaerense menci\u00f3n especial - Infoecos\" \/>\n<meta property=\"og:description\" content=\"Joven Empresario Argentino 2023 al rionegrino Axel Leonel Cordoba por su emprendimiento Hydroplus. Menci\u00f3n para Mat\u00edas Gustavo D\u00edaz, de Eco Wagen\" \/>\n<meta property=\"og:url\" content=\"https:\/\/infoecos.com.ar\/index.php\/joven-rionegrino-reconocido-con-el-premio-de-came-2023-y-bonaerense-recibe-mencion-especial\/\" \/>\n<meta property=\"og:site_name\" content=\"Infoecos\" \/>\n<meta property=\"article:publisher\" content=\"https:\/\/www.facebook.com\/profile.php?id=100063200290284\" \/>\n<meta property=\"article:published_time\" content=\"2023-09-20T18:42:35+00:00\" \/>\n<meta property=\"article:modified_time\" content=\"2023-09-23T05:10:19+00:00\" \/>\n<meta property=\"og:image\" content=\"https:\/\/infoecos.com.ar\/wp-content\/uploads\/2023\/09\/cameemprende.jpg\" \/>\n\t<meta property=\"og:image:width\" content=\"1299\" \/>\n\t<meta property=\"og:image:height\" content=\"866\" \/>\n\t<meta property=\"og:image:type\" content=\"image\/jpeg\" \/>\n<meta name=\"author\" content=\"Jorge Matheus\" \/>\n<meta name=\"twitter:card\" content=\"summary_large_image\" \/>\n<meta name=\"twitter:creator\" content=\"@infoecos\" \/>\n<meta name=\"twitter:site\" content=\"@infoecos\" \/>\n<meta name=\"twitter:label1\" content=\"Escrito por\" \/>\n\t<meta name=\"twitter:data1\" content=\"Jorge Matheus\" \/>\n\t<meta name=\"twitter:label2\" content=\"Tiempo de lectura\" \/>\n\t<meta name=\"twitter:data2\" content=\"3 minutos\" \/>\n<script type=\"application\/ld+json\" class=\"yoast-schema-graph\">{\"@context\":\"https:\/\/schema.org\",\"@graph\":[{\"@type\":\"Article\",\"@id\":\"https:\/\/infoecos.com.ar\/index.php\/joven-rionegrino-reconocido-con-el-premio-de-came-2023-y-bonaerense-recibe-mencion-especial\/#article\",\"isPartOf\":{\"@id\":\"https:\/\/infoecos.com.ar\/index.php\/joven-rionegrino-reconocido-con-el-premio-de-came-2023-y-bonaerense-recibe-mencion-especial\/\"},\"author\":{\"name\":\"Jorge Matheus\",\"@id\":\"https:\/\/infoecos.com.ar\/#\/schema\/person\/8f5ace5ce73b4b4aac4b7245aee6f191\"},\"headline\":\"Rionegrino reconocido con el premio de CAME 2023, y bonaerense menci\u00f3n especial\",\"datePublished\":\"2023-09-20T18:42:35+00:00\",\"dateModified\":\"2023-09-23T05:10:19+00:00\",\"mainEntityOfPage\":{\"@id\":\"https:\/\/infoecos.com.ar\/index.php\/joven-rionegrino-reconocido-con-el-premio-de-came-2023-y-bonaerense-recibe-mencion-especial\/\"},\"wordCount\":452,\"publisher\":{\"@id\":\"https:\/\/infoecos.com.ar\/#organization\"},\"image\":{\"@id\":\"https:\/\/infoecos.com.ar\/index.php\/joven-rionegrino-reconocido-con-el-premio-de-came-2023-y-bonaerense-recibe-mencion-especial\/#primaryimage\"},\"thumbnailUrl\":\"https:\/\/infoecos.com.ar\/wp-content\/uploads\/2023\/09\/cameemprende.jpg\",\"keywords\":[\"GANADOR: CREADOR DE HYDROPLUS\"],\"articleSection\":[\"Bloque inferior - 14\"],\"inLanguage\":\"es\"},{\"@type\":\"WebPage\",\"@id\":\"https:\/\/infoecos.com.ar\/index.php\/joven-rionegrino-reconocido-con-el-premio-de-came-2023-y-bonaerense-recibe-mencion-especial\/\",\"url\":\"https:\/\/infoecos.com.ar\/index.php\/joven-rionegrino-reconocido-con-el-premio-de-came-2023-y-bonaerense-recibe-mencion-especial\/\",\"name\":\"Rionegrino reconocido con el premio de CAME 2023, y bonaerense menci\u00f3n especial - Infoecos\",\"isPartOf\":{\"@id\":\"https:\/\/infoecos.com.ar\/#website\"},\"primaryImageOfPage\":{\"@id\":\"https:\/\/infoecos.com.ar\/index.php\/joven-rionegrino-reconocido-con-el-premio-de-came-2023-y-bonaerense-recibe-mencion-especial\/#primaryimage\"},\"image\":{\"@id\":\"https:\/\/infoecos.com.ar\/index.php\/joven-rionegrino-reconocido-con-el-premio-de-came-2023-y-bonaerense-recibe-mencion-especial\/#primaryimage\"},\"thumbnailUrl\":\"https:\/\/infoecos.com.ar\/wp-content\/uploads\/2023\/09\/cameemprende.jpg\",\"datePublished\":\"2023-09-20T18:42:35+00:00\",\"dateModified\":\"2023-09-23T05:10:19+00:00\",\"breadcrumb\":{\"@id\":\"https:\/\/infoecos.com.ar\/index.php\/joven-rionegrino-reconocido-con-el-premio-de-came-2023-y-bonaerense-recibe-mencion-especial\/#breadcrumb\"},\"inLanguage\":\"es\",\"potentialAction\":[{\"@type\":\"ReadAction\",\"target\":[\"https:\/\/infoecos.com.ar\/index.php\/joven-rionegrino-reconocido-con-el-premio-de-came-2023-y-bonaerense-recibe-mencion-especial\/\"]}]},{\"@type\":\"ImageObject\",\"inLanguage\":\"es\",\"@id\":\"https:\/\/infoecos.com.ar\/index.php\/joven-rionegrino-reconocido-con-el-premio-de-came-2023-y-bonaerense-recibe-mencion-especial\/#primaryimage\",\"url\":\"https:\/\/infoecos.com.ar\/wp-content\/uploads\/2023\/09\/cameemprende.jpg\",\"contentUrl\":\"https:\/\/infoecos.com.ar\/wp-content\/uploads\/2023\/09\/cameemprende.jpg\",\"width\":1299,\"height\":866},{\"@type\":\"BreadcrumbList\",\"@id\":\"https:\/\/infoecos.com.ar\/index.php\/joven-rionegrino-reconocido-con-el-premio-de-came-2023-y-bonaerense-recibe-mencion-especial\/#breadcrumb\",\"itemListElement\":[{\"@type\":\"ListItem\",\"position\":1,\"name\":\"Portada\",\"item\":\"https:\/\/infoecos.com.ar\/\"},{\"@type\":\"ListItem\",\"position\":2,\"name\":\"Rionegrino reconocido con el premio de CAME 2023, y bonaerense menci\u00f3n especial\"}]},{\"@type\":\"WebSite\",\"@id\":\"https:\/\/infoecos.com.ar\/#website\",\"url\":\"https:\/\/infoecos.com.ar\/\",\"name\":\"Infoecos\",\"description\":\"Noticias de trenque lauquen y la zona\",\"publisher\":{\"@id\":\"https:\/\/infoecos.com.ar\/#organization\"},\"alternateName\":\"Noticias\",\"potentialAction\":[{\"@type\":\"SearchAction\",\"target\":{\"@type\":\"EntryPoint\",\"urlTemplate\":\"https:\/\/infoecos.com.ar\/?s={search_term_string}\"},\"query-input\":{\"@type\":\"PropertyValueSpecification\",\"valueRequired\":true,\"valueName\":\"search_term_string\"}}],\"inLanguage\":\"es\"},{\"@type\":\"Organization\",\"@id\":\"https:\/\/infoecos.com.ar\/#organization\",\"name\":\"Infoecos\",\"alternateName\":\"Noticias\",\"url\":\"https:\/\/infoecos.com.ar\/\",\"logo\":{\"@type\":\"ImageObject\",\"inLanguage\":\"es\",\"@id\":\"https:\/\/infoecos.com.ar\/#\/schema\/logo\/image\/\",\"url\":\"https:\/\/infoecos.com.ar\/wp-content\/uploads\/2024\/03\/cropped-logo.png\",\"contentUrl\":\"https:\/\/infoecos.com.ar\/wp-content\/uploads\/2024\/03\/cropped-logo.png\",\"width\":374,\"height\":90,\"caption\":\"Infoecos\"},\"image\":{\"@id\":\"https:\/\/infoecos.com.ar\/#\/schema\/logo\/image\/\"},\"sameAs\":[\"https:\/\/www.facebook.com\/profile.php?id=100063200290284\",\"https:\/\/x.com\/infoecos\"]},{\"@type\":\"Person\",\"@id\":\"https:\/\/infoecos.com.ar\/#\/schema\/person\/8f5ace5ce73b4b4aac4b7245aee6f191\",\"name\":\"Jorge Matheus\",\"url\":\"https:\/\/infoecos.com.ar\/index.php\/author\/jomatheus\/\"}]}<\/script>\n<!-- \/ Yoast SEO plugin. -->","yoast_head_json":{"title":"Rionegrino reconocido con el premio de CAME 2023, y bonaerense menci\u00f3n especial - Infoecos","robots":{"index":"index","follow":"follow","max-snippet":"max-snippet:-1","max-image-preview":"max-image-preview:large","max-video-preview":"max-video-preview:-1"},"canonical":"https:\/\/infoecos.com.ar\/index.php\/joven-rionegrino-reconocido-con-el-premio-de-came-2023-y-bonaerense-recibe-mencion-especial\/","og_locale":"es_ES","og_type":"article","og_title":"Rionegrino reconocido con el premio de CAME 2023, y bonaerense menci\u00f3n especial - Infoecos","og_description":"Joven Empresario Argentino 2023 al rionegrino Axel Leonel Cordoba por su emprendimiento Hydroplus. Menci\u00f3n para Mat\u00edas Gustavo D\u00edaz, de Eco Wagen","og_url":"https:\/\/infoecos.com.ar\/index.php\/joven-rionegrino-reconocido-con-el-premio-de-came-2023-y-bonaerense-recibe-mencion-especial\/","og_site_name":"Infoecos","article_publisher":"https:\/\/www.facebook.com\/profile.php?id=100063200290284","article_published_time":"2023-09-20T18:42:35+00:00","article_modified_time":"2023-09-23T05:10:19+00:00","og_image":[{"width":1299,"height":866,"url":"https:\/\/infoecos.com.ar\/wp-content\/uploads\/2023\/09\/cameemprende.jpg","type":"image\/jpeg"}],"author":"Jorge Matheus","twitter_card":"summary_large_image","twitter_creator":"@infoecos","twitter_site":"@infoecos","twitter_misc":{"Escrito por":"Jorge Matheus","Tiempo de lectura":"3 minutos"},"schema":{"@context":"https:\/\/schema.org","@graph":[{"@type":"Article","@id":"https:\/\/infoecos.com.ar\/index.php\/joven-rionegrino-reconocido-con-el-premio-de-came-2023-y-bonaerense-recibe-mencion-especial\/#article","isPartOf":{"@id":"https:\/\/infoecos.com.ar\/index.php\/joven-rionegrino-reconocido-con-el-premio-de-came-2023-y-bonaerense-recibe-mencion-especial\/"},"author":{"name":"Jorge Matheus","@id":"https:\/\/infoecos.com.ar\/#\/schema\/person\/8f5ace5ce73b4b4aac4b7245aee6f191"},"headline":"Rionegrino reconocido con el premio de CAME 2023, y bonaerense menci\u00f3n especial","datePublished":"2023-09-20T18:42:35+00:00","dateModified":"2023-09-23T05:10:19+00:00","mainEntityOfPage":{"@id":"https:\/\/infoecos.com.ar\/index.php\/joven-rionegrino-reconocido-con-el-premio-de-came-2023-y-bonaerense-recibe-mencion-especial\/"},"wordCount":452,"publisher":{"@id":"https:\/\/infoecos.com.ar\/#organization"},"image":{"@id":"https:\/\/infoecos.com.ar\/index.php\/joven-rionegrino-reconocido-con-el-premio-de-came-2023-y-bonaerense-recibe-mencion-especial\/#primaryimage"},"thumbnailUrl":"https:\/\/infoecos.com.ar\/wp-content\/uploads\/2023\/09\/cameemprende.jpg","keywords":["GANADOR: CREADOR DE HYDROPLUS"],"articleSection":["Bloque inferior - 14"],"inLanguage":"es"},{"@type":"WebPage","@id":"https:\/\/infoecos.com.ar\/index.php\/joven-rionegrino-reconocido-con-el-premio-de-came-2023-y-bonaerense-recibe-mencion-especial\/","url":"https:\/\/infoecos.com.ar\/index.php\/joven-rionegrino-reconocido-con-el-premio-de-came-2023-y-bonaerense-recibe-mencion-especial\/","name":"Rionegrino reconocido con el premio de CAME 2023, y bonaerense menci\u00f3n especial - Infoecos","isPartOf":{"@id":"https:\/\/infoecos.com.ar\/#website"},"primaryImageOfPage":{"@id":"https:\/\/infoecos.com.ar\/index.php\/joven-rionegrino-reconocido-con-el-premio-de-came-2023-y-bonaerense-recibe-mencion-especial\/#primaryimage"},"image":{"@id":"https:\/\/infoecos.com.ar\/index.php\/joven-rionegrino-reconocido-con-el-premio-de-came-2023-y-bonaerense-recibe-mencion-especial\/#primaryimage"},"thumbnailUrl":"https:\/\/infoecos.com.ar\/wp-content\/uploads\/2023\/09\/cameemprende.jpg","datePublished":"2023-09-20T18:42:35+00:00","dateModified":"2023-09-23T05:10:19+00:00","breadcrumb":{"@id":"https:\/\/infoecos.com.ar\/index.php\/joven-rionegrino-reconocido-con-el-premio-de-came-2023-y-bonaerense-recibe-mencion-especial\/#breadcrumb"},"inLanguage":"es","potentialAction":[{"@type":"ReadAction","target":["https:\/\/infoecos.com.ar\/index.php\/joven-rionegrino-reconocido-con-el-premio-de-came-2023-y-bonaerense-recibe-mencion-especial\/"]}]},{"@type":"ImageObject","inLanguage":"es","@id":"https:\/\/infoecos.com.ar\/index.php\/joven-rionegrino-reconocido-con-el-premio-de-came-2023-y-bonaerense-recibe-mencion-especial\/#primaryimage","url":"https:\/\/infoecos.com.ar\/wp-content\/uploads\/2023\/09\/cameemprende.jpg","contentUrl":"https:\/\/infoecos.com.ar\/wp-content\/uploads\/2023\/09\/cameemprende.jpg","width":1299,"height":866},{"@type":"BreadcrumbList","@id":"https:\/\/infoecos.com.ar\/index.php\/joven-rionegrino-reconocido-con-el-premio-de-came-2023-y-bonaerense-recibe-mencion-especial\/#breadcrumb","itemListElement":[{"@type":"ListItem","position":1,"name":"Portada","item":"https:\/\/infoecos.com.ar\/"},{"@type":"ListItem","position":2,"name":"Rionegrino reconocido con el premio de CAME 2023, y bonaerense menci\u00f3n especial"}]},{"@type":"WebSite","@id":"https:\/\/infoecos.com.ar\/#website","url":"https:\/\/infoecos.com.ar\/","name":"Infoecos","description":"Noticias de trenque lauquen y la zona","publisher":{"@id":"https:\/\/infoecos.com.ar\/#organization"},"alternateName":"Noticias","potentialAction":[{"@type":"SearchAction","target":{"@type":"EntryPoint","urlTemplate":"https:\/\/infoecos.com.ar\/?s={search_term_string}"},"query-input":{"@type":"PropertyValueSpecification","valueRequired":true,"valueName":"search_term_string"}}],"inLanguage":"es"},{"@type":"Organization","@id":"https:\/\/infoecos.com.ar\/#organization","name":"Infoecos","alternateName":"Noticias","url":"https:\/\/infoecos.com.ar\/","logo":{"@type":"ImageObject","inLanguage":"es","@id":"https:\/\/infoecos.com.ar\/#\/schema\/logo\/image\/","url":"https:\/\/infoecos.com.ar\/wp-content\/uploads\/2024\/03\/cropped-logo.png","contentUrl":"https:\/\/infoecos.com.ar\/wp-content\/uploads\/2024\/03\/cropped-logo.png","width":374,"height":90,"caption":"Infoecos"},"image":{"@id":"https:\/\/infoecos.com.ar\/#\/schema\/logo\/image\/"},"sameAs":["https:\/\/www.facebook.com\/profile.php?id=100063200290284","https:\/\/x.com\/infoecos"]},{"@type":"Person","@id":"https:\/\/infoecos.com.ar\/#\/schema\/person\/8f5ace5ce73b4b4aac4b7245aee6f191","name":"Jorge Matheus","url":"https:\/\/infoecos.com.ar\/index.php\/author\/jomatheus\/"}]}},"featured_image_urls":{"full":["https:\/\/infoecos.com.ar\/wp-content\/uploads\/2023\/09\/cameemprende.jpg",1299,866,false],"thumbnail":["https:\/\/infoecos.com.ar\/wp-content\/uploads\/2023\/09\/cameemprende-300x150.jpg",300,150,true],"medium":["https:\/\/infoecos.com.ar\/wp-content\/uploads\/2023\/09\/cameemprende-800x533.jpg",800,533,true],"medium_large":["https:\/\/infoecos.com.ar\/wp-content\/uploads\/2023\/09\/cameemprende-768x512.jpg",640,427,true],"large":["https:\/\/infoecos.com.ar\/wp-content\/uploads\/2023\/09\/cameemprende.jpg",640,427,false],"1536x1536":["https:\/\/infoecos.com.ar\/wp-content\/uploads\/2023\/09\/cameemprende.jpg",1299,866,false],"2048x2048":["https:\/\/infoecos.com.ar\/wp-content\/uploads\/2023\/09\/cameemprende.jpg",1299,866,false],"covernews-slider-full":["https:\/\/infoecos.com.ar\/wp-content\/uploads\/2023\/09\/cameemprende.jpg",1073,715,false],"covernews-slider-center":["https:\/\/infoecos.com.ar\/wp-content\/uploads\/2023\/09\/cameemprende-936x866.jpg",540,500,true],"covernews-featured":["https:\/\/infoecos.com.ar\/wp-content\/uploads\/2023\/09\/cameemprende-1024x683.jpg",1024,683,true],"covernews-medium":["https:\/\/infoecos.com.ar\/wp-content\/uploads\/2023\/09\/cameemprende-720x380.jpg",540,285,true],"covernews-medium-square":["https:\/\/infoecos.com.ar\/wp-content\/uploads\/2023\/09\/cameemprende-675x450.jpg",375,250,true]},"author_info":{"info":["Jorge Matheus"]},"category_info":"<a href=\"https:\/\/infoecos.com.ar\/index.php\/category\/inferior14\/\" rel=\"category tag\">Bloque inferior - 14<\/a>","tag_info":"Bloque inferior - 14","comment_count":"0","_links":{"self":[{"href":"https:\/\/infoecos.com.ar\/index.php\/wp-json\/wp\/v2\/posts\/112547"}],"collection":[{"href":"https:\/\/infoecos.com.ar\/index.php\/wp-json\/wp\/v2\/posts"}],"about":[{"href":"https:\/\/infoecos.com.ar\/index.php\/wp-json\/wp\/v2\/types\/post"}],"author":[{"embeddable":true,"href":"https:\/\/infoecos.com.ar\/index.php\/wp-json\/wp\/v2\/users\/2"}],"replies":[{"embeddable":true,"href":"https:\/\/infoecos.com.ar\/index.php\/wp-json\/wp\/v2\/comments?post=112547"}],"version-history":[{"count":2,"href":"https:\/\/infoecos.com.ar\/index.php\/wp-json\/wp\/v2\/posts\/112547\/revisions"}],"predecessor-version":[{"id":112566,"href":"https:\/\/infoecos.com.ar\/index.php\/wp-json\/wp\/v2\/posts\/112547\/revisions\/112566"}],"wp:featuredmedia":[{"embeddable":true,"href":"https:\/\/infoecos.com.ar\/index.php\/wp-json\/wp\/v2\/media\/112548"}],"wp:attachment":[{"href":"https:\/\/infoecos.com.ar\/index.php\/wp-json\/wp\/v2\/media?parent=112547"}],"wp:term":[{"taxonomy":"category","embeddable":true,"href":"https:\/\/infoecos.com.ar\/index.php\/wp-json\/wp\/v2\/categories?post=112547"},{"taxonomy":"post_tag","embeddable":true,"href":"https:\/\/infoecos.com.ar\/index.php\/wp-json\/wp\/v2\/tags?post=112547"}],"curies":[{"name":"wp","href":"https:\/\/api.w.org\/{rel}","templated":true}]}}