{"id":112551,"date":"2023-09-20T23:19:29","date_gmt":"2023-09-21T02:19:29","guid":{"rendered":"https:\/\/infoecos.com.ar\/?p=112551"},"modified":"2023-09-23T02:09:14","modified_gmt":"2023-09-23T05:09:14","slug":"la-asociacion-criadores-de-caballos-criollos-organiza-la-competencia-hipica-freno-de-oro-en-toay-la-pampa","status":"publish","type":"post","link":"https:\/\/infoecos.com.ar\/index.php\/la-asociacion-criadores-de-caballos-criollos-organiza-la-competencia-hipica-freno-de-oro-en-toay-la-pampa\/","title":{"rendered":"La Asociaci\u00f3n Criadores de Caballos Criollos organiza la competencia h\u00edpica \u00abFreno de Oro\u00bb, en Toay (La Pampa)"},"content":{"rendered":"\n<p>La Asociaci\u00f3n Criadores de Caballos Criollos la competencia h\u00edpica \u00abFreno de Oro\u00bb, en el establecimiento Don Edgardo de Toay, en la provincia de La Pampa. Ser\u00e1 los d\u00edas 28, 29 y 30 de septiembre.<\/p>\n\n\n\n<figure class=\"wp-block-image alignright size-large is-resized\"><img loading=\"lazy\" decoding=\"async\" src=\"https:\/\/infoecos.com.ar\/wp-content\/uploads\/2023\/09\/image-110-1600x1067.png\" alt=\"\" class=\"wp-image-112552\" width=\"378\" height=\"252\" srcset=\"https:\/\/infoecos.com.ar\/wp-content\/uploads\/2023\/09\/image-110-1600x1067.png 1600w, https:\/\/infoecos.com.ar\/wp-content\/uploads\/2023\/09\/image-110-800x533.png 800w, https:\/\/infoecos.com.ar\/wp-content\/uploads\/2023\/09\/image-110-768x512.png 768w, https:\/\/infoecos.com.ar\/wp-content\/uploads\/2023\/09\/image-110-1536x1020.png 1536w, https:\/\/infoecos.com.ar\/wp-content\/uploads\/2023\/09\/image-110-1024x683.png 1024w, https:\/\/infoecos.com.ar\/wp-content\/uploads\/2023\/09\/image-110-675x450.png 675w, https:\/\/infoecos.com.ar\/wp-content\/uploads\/2023\/09\/image-110.png 1800w\" sizes=\"(max-width: 378px) 100vw, 378px\" \/><figcaption class=\"wp-element-caption\">Adriana Romero, Molina y Trotz<\/figcaption><\/figure>\n\n\n\n<p>La secretaria de Turismo pampeana, Adriana Romero se refiri\u00f3 al evento en un encuentro que se desarroll\u00f3 este mi\u00e9rcoles, acompa\u00f1ada por Camilo Molina y Esteban Trotz integrantes de la entidad organizadora de esta realizaci\u00f3n de car\u00e1cter internacional. <\/p>\n\n\n\n<p>Trotz agradeci\u00f3 \u201ca la Secretar\u00eda de Turismo por permitirnos el lugar de anunciar la competencia, y a los organizadores del establecimiento Don Edgardo por el armado y el nivel de la pista realizada. Se han movido para buscar jinetes y sponsor por todo el pa\u00eds para lograr una competencia de este nivel. Desde la Asociaci\u00f3n Criadores de Caballos Criollos estamos muy agradecidos\u201d.<\/p>\n\n\n\n<p>\u201cLa prueba se llama Freno de Oro y se inicia en Brasil, con una prueba de selecci\u00f3n de razas, se trata de una prueba integral que comienza con una fase morfol\u00f3gica y luego contin\u00faa con varias pruebas funcionales que suman puntaje hasta llegar a la prueba final. El caballo que logra un lugar en el podio, es un caballo lindo y bueno, que es lo que se busca en esta Asociaci\u00f3n en la raza criolla. Estas credenciadoras que se hacen en todo el pa\u00eds con diez competencias que se realizan en el a\u00f1o, tenemos cuatro en provincia de Buenos Aires, dos en Corrientes, dos en Mendoza y con la de Don Edgardo completamos la segunda en La Pampa\u201d, indic\u00f3.<\/p>\n\n\n\n<figure class=\"wp-block-image alignright size-full is-resized\"><img loading=\"lazy\" decoding=\"async\" src=\"https:\/\/infoecos.com.ar\/wp-content\/uploads\/2023\/08\/unnamed.jpg\" alt=\"\" class=\"wp-image-110365\" width=\"371\" height=\"212\" srcset=\"https:\/\/infoecos.com.ar\/wp-content\/uploads\/2023\/08\/unnamed.jpg 780w, https:\/\/infoecos.com.ar\/wp-content\/uploads\/2023\/08\/unnamed-768x439.jpg 768w\" sizes=\"(max-width: 371px) 100vw, 371px\" \/><\/figure>\n\n\n\n<p>Trotz se refiri\u00f3 a una instancia nacional de los ganadores resultantes de la competencia en Toay. \u201cLos caballos que hacen podio, incurren a una instancia nacional en la Feria de Palermo, y los ganadores de all\u00ed pueden ir a Brasil a participar de la gran final del Freno de Oro, donde compiten contra los ganadores de Brasil y Uruguay. Es una prueba muy linda, que para La Pampa tenerla es un gran honor\u201d, se\u00f1al\u00f3.<\/p>\n\n\n\n<p>Camilo Molina, organizador del evento en el Establecimiento Don Edgardo, indic\u00f3 que \u201cpara aquellos que no conozcan el Establecimiento, pueden encontrarlo en el Google Maps con ese nombre propiamente dicho. Saliendo por el acceso de la Ruta Provincial 14 desde Toay, a 500 metros se encuentra a mano izquierda la entrada al Establecimiento. La entrada es libre y gratuita, comienza a las 8&nbsp;de cada d\u00eda, y termina&nbsp;entre las 15 y 16. El jueves se hace la parte morfol\u00f3gica, el viernes se corre la primera etapa referida a los andares de cada uno de los caballos, es decir una prueba de figura. El s\u00e1bado se corre la prueba de mangueira, que es un trabajo dentro de un corral ovalado de aparte de hacienda. Por la tarde se corre la prueba de campo, que es una corrida de vacas por la pista\u201d, inform\u00f3.<\/p>\n\n\n\n<p>Molina destac\u00f3 que \u201chay un profesionalismo muy grande detr\u00e1s del Freno de Oro con jinetes y caballos muy profesionales y un nivel de entrenamiento muy alto y es lo que queremos reflejar desde Don Edgardo\u201d, concluy\u00f3.<\/p>\n","protected":false},"excerpt":{"rendered":"<p>La secretaria de Turismo pampeana, Adriana Romero se refiri\u00f3 al evento en un encuentro que se desarroll\u00f3 este mi\u00e9rcoles, acompa\u00f1ada por Camilo Molina y Esteban Trotz integrantes de la entidad organizadora<\/p>\n","protected":false},"author":2,"featured_media":110365,"comment_status":"closed","ping_status":"open","sticky":false,"template":"","format":"standard","meta":{"footnotes":""},"categories":[1643],"tags":[9185],"class_list":["post-112551","post","type-post","status-publish","format-standard","has-post-thumbnail","hentry","category-inferior16","tag-28-29-y-30-de-septiembre"],"yoast_head":"<!-- This site is optimized with the Yoast SEO plugin v23.4 - https:\/\/yoast.com\/wordpress\/plugins\/seo\/ -->\n<title>La Asociaci\u00f3n Criadores de Caballos Criollos organiza la competencia h\u00edpica &quot;Freno de Oro&quot;, en Toay (La Pampa) - Infoecos<\/title>\n<meta name=\"robots\" content=\"index, follow, max-snippet:-1, max-image-preview:large, max-video-preview:-1\" \/>\n<link rel=\"canonical\" href=\"https:\/\/infoecos.com.ar\/index.php\/la-asociacion-criadores-de-caballos-criollos-organiza-la-competencia-hipica-freno-de-oro-en-toay-la-pampa\/\" \/>\n<meta property=\"og:locale\" content=\"es_ES\" \/>\n<meta property=\"og:type\" content=\"article\" \/>\n<meta property=\"og:title\" content=\"La Asociaci\u00f3n Criadores de Caballos Criollos organiza la competencia h\u00edpica &quot;Freno de Oro&quot;, en Toay (La Pampa) - Infoecos\" \/>\n<meta property=\"og:description\" content=\"La secretaria de Turismo pampeana, Adriana Romero se refiri\u00f3 al evento en un encuentro que se desarroll\u00f3 este mi\u00e9rcoles, acompa\u00f1ada por Camilo Molina y Esteban Trotz integrantes de la entidad organizadora\" \/>\n<meta property=\"og:url\" content=\"https:\/\/infoecos.com.ar\/index.php\/la-asociacion-criadores-de-caballos-criollos-organiza-la-competencia-hipica-freno-de-oro-en-toay-la-pampa\/\" \/>\n<meta property=\"og:site_name\" content=\"Infoecos\" \/>\n<meta property=\"article:publisher\" content=\"https:\/\/www.facebook.com\/profile.php?id=100063200290284\" \/>\n<meta property=\"article:published_time\" content=\"2023-09-21T02:19:29+00:00\" \/>\n<meta property=\"article:modified_time\" content=\"2023-09-23T05:09:14+00:00\" \/>\n<meta property=\"og:image\" content=\"https:\/\/infoecos.com.ar\/wp-content\/uploads\/2023\/08\/unnamed.jpg\" \/>\n\t<meta property=\"og:image:width\" content=\"780\" \/>\n\t<meta property=\"og:image:height\" content=\"446\" \/>\n\t<meta property=\"og:image:type\" content=\"image\/jpeg\" \/>\n<meta name=\"author\" content=\"Jorge Matheus\" \/>\n<meta name=\"twitter:card\" content=\"summary_large_image\" \/>\n<meta name=\"twitter:creator\" content=\"@infoecos\" \/>\n<meta name=\"twitter:site\" content=\"@infoecos\" \/>\n<meta name=\"twitter:label1\" content=\"Escrito por\" \/>\n\t<meta name=\"twitter:data1\" content=\"Jorge Matheus\" \/>\n\t<meta name=\"twitter:label2\" content=\"Tiempo de lectura\" \/>\n\t<meta name=\"twitter:data2\" content=\"3 minutos\" \/>\n<script type=\"application\/ld+json\" class=\"yoast-schema-graph\">{\"@context\":\"https:\/\/schema.org\",\"@graph\":[{\"@type\":\"Article\",\"@id\":\"https:\/\/infoecos.com.ar\/index.php\/la-asociacion-criadores-de-caballos-criollos-organiza-la-competencia-hipica-freno-de-oro-en-toay-la-pampa\/#article\",\"isPartOf\":{\"@id\":\"https:\/\/infoecos.com.ar\/index.php\/la-asociacion-criadores-de-caballos-criollos-organiza-la-competencia-hipica-freno-de-oro-en-toay-la-pampa\/\"},\"author\":{\"name\":\"Jorge Matheus\",\"@id\":\"https:\/\/infoecos.com.ar\/#\/schema\/person\/8f5ace5ce73b4b4aac4b7245aee6f191\"},\"headline\":\"La Asociaci\u00f3n Criadores de Caballos Criollos organiza la competencia h\u00edpica \u00abFreno de Oro\u00bb, en Toay (La Pampa)\",\"datePublished\":\"2023-09-21T02:19:29+00:00\",\"dateModified\":\"2023-09-23T05:09:14+00:00\",\"mainEntityOfPage\":{\"@id\":\"https:\/\/infoecos.com.ar\/index.php\/la-asociacion-criadores-de-caballos-criollos-organiza-la-competencia-hipica-freno-de-oro-en-toay-la-pampa\/\"},\"wordCount\":544,\"publisher\":{\"@id\":\"https:\/\/infoecos.com.ar\/#organization\"},\"image\":{\"@id\":\"https:\/\/infoecos.com.ar\/index.php\/la-asociacion-criadores-de-caballos-criollos-organiza-la-competencia-hipica-freno-de-oro-en-toay-la-pampa\/#primaryimage\"},\"thumbnailUrl\":\"https:\/\/infoecos.com.ar\/wp-content\/uploads\/2023\/08\/unnamed.jpg\",\"keywords\":[\"28-29 Y 30 DE SEPTIEMBRE\"],\"articleSection\":[\"Bloque inferior - 16\"],\"inLanguage\":\"es\"},{\"@type\":\"WebPage\",\"@id\":\"https:\/\/infoecos.com.ar\/index.php\/la-asociacion-criadores-de-caballos-criollos-organiza-la-competencia-hipica-freno-de-oro-en-toay-la-pampa\/\",\"url\":\"https:\/\/infoecos.com.ar\/index.php\/la-asociacion-criadores-de-caballos-criollos-organiza-la-competencia-hipica-freno-de-oro-en-toay-la-pampa\/\",\"name\":\"La Asociaci\u00f3n Criadores de Caballos Criollos organiza la competencia h\u00edpica \\\"Freno de Oro\\\", en Toay (La Pampa) - Infoecos\",\"isPartOf\":{\"@id\":\"https:\/\/infoecos.com.ar\/#website\"},\"primaryImageOfPage\":{\"@id\":\"https:\/\/infoecos.com.ar\/index.php\/la-asociacion-criadores-de-caballos-criollos-organiza-la-competencia-hipica-freno-de-oro-en-toay-la-pampa\/#primaryimage\"},\"image\":{\"@id\":\"https:\/\/infoecos.com.ar\/index.php\/la-asociacion-criadores-de-caballos-criollos-organiza-la-competencia-hipica-freno-de-oro-en-toay-la-pampa\/#primaryimage\"},\"thumbnailUrl\":\"https:\/\/infoecos.com.ar\/wp-content\/uploads\/2023\/08\/unnamed.jpg\",\"datePublished\":\"2023-09-21T02:19:29+00:00\",\"dateModified\":\"2023-09-23T05:09:14+00:00\",\"breadcrumb\":{\"@id\":\"https:\/\/infoecos.com.ar\/index.php\/la-asociacion-criadores-de-caballos-criollos-organiza-la-competencia-hipica-freno-de-oro-en-toay-la-pampa\/#breadcrumb\"},\"inLanguage\":\"es\",\"potentialAction\":[{\"@type\":\"ReadAction\",\"target\":[\"https:\/\/infoecos.com.ar\/index.php\/la-asociacion-criadores-de-caballos-criollos-organiza-la-competencia-hipica-freno-de-oro-en-toay-la-pampa\/\"]}]},{\"@type\":\"ImageObject\",\"inLanguage\":\"es\",\"@id\":\"https:\/\/infoecos.com.ar\/index.php\/la-asociacion-criadores-de-caballos-criollos-organiza-la-competencia-hipica-freno-de-oro-en-toay-la-pampa\/#primaryimage\",\"url\":\"https:\/\/infoecos.com.ar\/wp-content\/uploads\/2023\/08\/unnamed.jpg\",\"contentUrl\":\"https:\/\/infoecos.com.ar\/wp-content\/uploads\/2023\/08\/unnamed.jpg\",\"width\":780,\"height\":446},{\"@type\":\"BreadcrumbList\",\"@id\":\"https:\/\/infoecos.com.ar\/index.php\/la-asociacion-criadores-de-caballos-criollos-organiza-la-competencia-hipica-freno-de-oro-en-toay-la-pampa\/#breadcrumb\",\"itemListElement\":[{\"@type\":\"ListItem\",\"position\":1,\"name\":\"Portada\",\"item\":\"https:\/\/infoecos.com.ar\/\"},{\"@type\":\"ListItem\",\"position\":2,\"name\":\"La Asociaci\u00f3n Criadores de Caballos Criollos organiza la competencia h\u00edpica \u00abFreno de Oro\u00bb, en Toay (La Pampa)\"}]},{\"@type\":\"WebSite\",\"@id\":\"https:\/\/infoecos.com.ar\/#website\",\"url\":\"https:\/\/infoecos.com.ar\/\",\"name\":\"Infoecos\",\"description\":\"Noticias de trenque lauquen y la zona\",\"publisher\":{\"@id\":\"https:\/\/infoecos.com.ar\/#organization\"},\"alternateName\":\"Noticias\",\"potentialAction\":[{\"@type\":\"SearchAction\",\"target\":{\"@type\":\"EntryPoint\",\"urlTemplate\":\"https:\/\/infoecos.com.ar\/?s={search_term_string}\"},\"query-input\":{\"@type\":\"PropertyValueSpecification\",\"valueRequired\":true,\"valueName\":\"search_term_string\"}}],\"inLanguage\":\"es\"},{\"@type\":\"Organization\",\"@id\":\"https:\/\/infoecos.com.ar\/#organization\",\"name\":\"Infoecos\",\"alternateName\":\"Noticias\",\"url\":\"https:\/\/infoecos.com.ar\/\",\"logo\":{\"@type\":\"ImageObject\",\"inLanguage\":\"es\",\"@id\":\"https:\/\/infoecos.com.ar\/#\/schema\/logo\/image\/\",\"url\":\"https:\/\/infoecos.com.ar\/wp-content\/uploads\/2024\/03\/cropped-logo.png\",\"contentUrl\":\"https:\/\/infoecos.com.ar\/wp-content\/uploads\/2024\/03\/cropped-logo.png\",\"width\":374,\"height\":90,\"caption\":\"Infoecos\"},\"image\":{\"@id\":\"https:\/\/infoecos.com.ar\/#\/schema\/logo\/image\/\"},\"sameAs\":[\"https:\/\/www.facebook.com\/profile.php?id=100063200290284\",\"https:\/\/x.com\/infoecos\"]},{\"@type\":\"Person\",\"@id\":\"https:\/\/infoecos.com.ar\/#\/schema\/person\/8f5ace5ce73b4b4aac4b7245aee6f191\",\"name\":\"Jorge Matheus\",\"url\":\"https:\/\/infoecos.com.ar\/index.php\/author\/jomatheus\/\"}]}<\/script>\n<!-- \/ Yoast SEO plugin. -->","yoast_head_json":{"title":"La Asociaci\u00f3n Criadores de Caballos Criollos organiza la competencia h\u00edpica \"Freno de Oro\", en Toay (La Pampa) - Infoecos","robots":{"index":"index","follow":"follow","max-snippet":"max-snippet:-1","max-image-preview":"max-image-preview:large","max-video-preview":"max-video-preview:-1"},"canonical":"https:\/\/infoecos.com.ar\/index.php\/la-asociacion-criadores-de-caballos-criollos-organiza-la-competencia-hipica-freno-de-oro-en-toay-la-pampa\/","og_locale":"es_ES","og_type":"article","og_title":"La Asociaci\u00f3n Criadores de Caballos Criollos organiza la competencia h\u00edpica \"Freno de Oro\", en Toay (La Pampa) - Infoecos","og_description":"La secretaria de Turismo pampeana, Adriana Romero se refiri\u00f3 al evento en un encuentro que se desarroll\u00f3 este mi\u00e9rcoles, acompa\u00f1ada por Camilo Molina y Esteban Trotz integrantes de la entidad organizadora","og_url":"https:\/\/infoecos.com.ar\/index.php\/la-asociacion-criadores-de-caballos-criollos-organiza-la-competencia-hipica-freno-de-oro-en-toay-la-pampa\/","og_site_name":"Infoecos","article_publisher":"https:\/\/www.facebook.com\/profile.php?id=100063200290284","article_published_time":"2023-09-21T02:19:29+00:00","article_modified_time":"2023-09-23T05:09:14+00:00","og_image":[{"width":780,"height":446,"url":"https:\/\/infoecos.com.ar\/wp-content\/uploads\/2023\/08\/unnamed.jpg","type":"image\/jpeg"}],"author":"Jorge Matheus","twitter_card":"summary_large_image","twitter_creator":"@infoecos","twitter_site":"@infoecos","twitter_misc":{"Escrito por":"Jorge Matheus","Tiempo de lectura":"3 minutos"},"schema":{"@context":"https:\/\/schema.org","@graph":[{"@type":"Article","@id":"https:\/\/infoecos.com.ar\/index.php\/la-asociacion-criadores-de-caballos-criollos-organiza-la-competencia-hipica-freno-de-oro-en-toay-la-pampa\/#article","isPartOf":{"@id":"https:\/\/infoecos.com.ar\/index.php\/la-asociacion-criadores-de-caballos-criollos-organiza-la-competencia-hipica-freno-de-oro-en-toay-la-pampa\/"},"author":{"name":"Jorge Matheus","@id":"https:\/\/infoecos.com.ar\/#\/schema\/person\/8f5ace5ce73b4b4aac4b7245aee6f191"},"headline":"La Asociaci\u00f3n Criadores de Caballos Criollos organiza la competencia h\u00edpica \u00abFreno de Oro\u00bb, en Toay (La Pampa)","datePublished":"2023-09-21T02:19:29+00:00","dateModified":"2023-09-23T05:09:14+00:00","mainEntityOfPage":{"@id":"https:\/\/infoecos.com.ar\/index.php\/la-asociacion-criadores-de-caballos-criollos-organiza-la-competencia-hipica-freno-de-oro-en-toay-la-pampa\/"},"wordCount":544,"publisher":{"@id":"https:\/\/infoecos.com.ar\/#organization"},"image":{"@id":"https:\/\/infoecos.com.ar\/index.php\/la-asociacion-criadores-de-caballos-criollos-organiza-la-competencia-hipica-freno-de-oro-en-toay-la-pampa\/#primaryimage"},"thumbnailUrl":"https:\/\/infoecos.com.ar\/wp-content\/uploads\/2023\/08\/unnamed.jpg","keywords":["28-29 Y 30 DE SEPTIEMBRE"],"articleSection":["Bloque inferior - 16"],"inLanguage":"es"},{"@type":"WebPage","@id":"https:\/\/infoecos.com.ar\/index.php\/la-asociacion-criadores-de-caballos-criollos-organiza-la-competencia-hipica-freno-de-oro-en-toay-la-pampa\/","url":"https:\/\/infoecos.com.ar\/index.php\/la-asociacion-criadores-de-caballos-criollos-organiza-la-competencia-hipica-freno-de-oro-en-toay-la-pampa\/","name":"La Asociaci\u00f3n Criadores de Caballos Criollos organiza la competencia h\u00edpica \"Freno de Oro\", en Toay (La Pampa) - Infoecos","isPartOf":{"@id":"https:\/\/infoecos.com.ar\/#website"},"primaryImageOfPage":{"@id":"https:\/\/infoecos.com.ar\/index.php\/la-asociacion-criadores-de-caballos-criollos-organiza-la-competencia-hipica-freno-de-oro-en-toay-la-pampa\/#primaryimage"},"image":{"@id":"https:\/\/infoecos.com.ar\/index.php\/la-asociacion-criadores-de-caballos-criollos-organiza-la-competencia-hipica-freno-de-oro-en-toay-la-pampa\/#primaryimage"},"thumbnailUrl":"https:\/\/infoecos.com.ar\/wp-content\/uploads\/2023\/08\/unnamed.jpg","datePublished":"2023-09-21T02:19:29+00:00","dateModified":"2023-09-23T05:09:14+00:00","breadcrumb":{"@id":"https:\/\/infoecos.com.ar\/index.php\/la-asociacion-criadores-de-caballos-criollos-organiza-la-competencia-hipica-freno-de-oro-en-toay-la-pampa\/#breadcrumb"},"inLanguage":"es","potentialAction":[{"@type":"ReadAction","target":["https:\/\/infoecos.com.ar\/index.php\/la-asociacion-criadores-de-caballos-criollos-organiza-la-competencia-hipica-freno-de-oro-en-toay-la-pampa\/"]}]},{"@type":"ImageObject","inLanguage":"es","@id":"https:\/\/infoecos.com.ar\/index.php\/la-asociacion-criadores-de-caballos-criollos-organiza-la-competencia-hipica-freno-de-oro-en-toay-la-pampa\/#primaryimage","url":"https:\/\/infoecos.com.ar\/wp-content\/uploads\/2023\/08\/unnamed.jpg","contentUrl":"https:\/\/infoecos.com.ar\/wp-content\/uploads\/2023\/08\/unnamed.jpg","width":780,"height":446},{"@type":"BreadcrumbList","@id":"https:\/\/infoecos.com.ar\/index.php\/la-asociacion-criadores-de-caballos-criollos-organiza-la-competencia-hipica-freno-de-oro-en-toay-la-pampa\/#breadcrumb","itemListElement":[{"@type":"ListItem","position":1,"name":"Portada","item":"https:\/\/infoecos.com.ar\/"},{"@type":"ListItem","position":2,"name":"La Asociaci\u00f3n Criadores de Caballos Criollos organiza la competencia h\u00edpica \u00abFreno de Oro\u00bb, en Toay (La Pampa)"}]},{"@type":"WebSite","@id":"https:\/\/infoecos.com.ar\/#website","url":"https:\/\/infoecos.com.ar\/","name":"Infoecos","description":"Noticias de trenque lauquen y la zona","publisher":{"@id":"https:\/\/infoecos.com.ar\/#organization"},"alternateName":"Noticias","potentialAction":[{"@type":"SearchAction","target":{"@type":"EntryPoint","urlTemplate":"https:\/\/infoecos.com.ar\/?s={search_term_string}"},"query-input":{"@type":"PropertyValueSpecification","valueRequired":true,"valueName":"search_term_string"}}],"inLanguage":"es"},{"@type":"Organization","@id":"https:\/\/infoecos.com.ar\/#organization","name":"Infoecos","alternateName":"Noticias","url":"https:\/\/infoecos.com.ar\/","logo":{"@type":"ImageObject","inLanguage":"es","@id":"https:\/\/infoecos.com.ar\/#\/schema\/logo\/image\/","url":"https:\/\/infoecos.com.ar\/wp-content\/uploads\/2024\/03\/cropped-logo.png","contentUrl":"https:\/\/infoecos.com.ar\/wp-content\/uploads\/2024\/03\/cropped-logo.png","width":374,"height":90,"caption":"Infoecos"},"image":{"@id":"https:\/\/infoecos.com.ar\/#\/schema\/logo\/image\/"},"sameAs":["https:\/\/www.facebook.com\/profile.php?id=100063200290284","https:\/\/x.com\/infoecos"]},{"@type":"Person","@id":"https:\/\/infoecos.com.ar\/#\/schema\/person\/8f5ace5ce73b4b4aac4b7245aee6f191","name":"Jorge Matheus","url":"https:\/\/infoecos.com.ar\/index.php\/author\/jomatheus\/"}]}},"featured_image_urls":{"full":["https:\/\/infoecos.com.ar\/wp-content\/uploads\/2023\/08\/unnamed.jpg",780,446,false],"thumbnail":["https:\/\/infoecos.com.ar\/wp-content\/uploads\/2023\/08\/unnamed-300x150.jpg",300,150,true],"medium":["https:\/\/infoecos.com.ar\/wp-content\/uploads\/2023\/08\/unnamed.jpg",780,446,false],"medium_large":["https:\/\/infoecos.com.ar\/wp-content\/uploads\/2023\/08\/unnamed-768x439.jpg",640,366,true],"large":["https:\/\/infoecos.com.ar\/wp-content\/uploads\/2023\/08\/unnamed.jpg",640,366,false],"1536x1536":["https:\/\/infoecos.com.ar\/wp-content\/uploads\/2023\/08\/unnamed.jpg",780,446,false],"2048x2048":["https:\/\/infoecos.com.ar\/wp-content\/uploads\/2023\/08\/unnamed.jpg",780,446,false],"covernews-slider-full":["https:\/\/infoecos.com.ar\/wp-content\/uploads\/2023\/08\/unnamed.jpg",780,446,false],"covernews-slider-center":["https:\/\/infoecos.com.ar\/wp-content\/uploads\/2023\/08\/unnamed.jpg",780,446,false],"covernews-featured":["https:\/\/infoecos.com.ar\/wp-content\/uploads\/2023\/08\/unnamed.jpg",780,446,false],"covernews-medium":["https:\/\/infoecos.com.ar\/wp-content\/uploads\/2023\/08\/unnamed-720x380.jpg",540,285,true],"covernews-medium-square":["https:\/\/infoecos.com.ar\/wp-content\/uploads\/2023\/08\/unnamed-675x446.jpg",378,250,true]},"author_info":{"info":["Jorge Matheus"]},"category_info":"<a href=\"https:\/\/infoecos.com.ar\/index.php\/category\/inferior16\/\" rel=\"category tag\">Bloque inferior - 16<\/a>","tag_info":"Bloque inferior - 16","comment_count":"0","_links":{"self":[{"href":"https:\/\/infoecos.com.ar\/index.php\/wp-json\/wp\/v2\/posts\/112551"}],"collection":[{"href":"https:\/\/infoecos.com.ar\/index.php\/wp-json\/wp\/v2\/posts"}],"about":[{"href":"https:\/\/infoecos.com.ar\/index.php\/wp-json\/wp\/v2\/types\/post"}],"author":[{"embeddable":true,"href":"https:\/\/infoecos.com.ar\/index.php\/wp-json\/wp\/v2\/users\/2"}],"replies":[{"embeddable":true,"href":"https:\/\/infoecos.com.ar\/index.php\/wp-json\/wp\/v2\/comments?post=112551"}],"version-history":[{"count":2,"href":"https:\/\/infoecos.com.ar\/index.php\/wp-json\/wp\/v2\/posts\/112551\/revisions"}],"predecessor-version":[{"id":112622,"href":"https:\/\/infoecos.com.ar\/index.php\/wp-json\/wp\/v2\/posts\/112551\/revisions\/112622"}],"wp:featuredmedia":[{"embeddable":true,"href":"https:\/\/infoecos.com.ar\/index.php\/wp-json\/wp\/v2\/media\/110365"}],"wp:attachment":[{"href":"https:\/\/infoecos.com.ar\/index.php\/wp-json\/wp\/v2\/media?parent=112551"}],"wp:term":[{"taxonomy":"category","embeddable":true,"href":"https:\/\/infoecos.com.ar\/index.php\/wp-json\/wp\/v2\/categories?post=112551"},{"taxonomy":"post_tag","embeddable":true,"href":"https:\/\/infoecos.com.ar\/index.php\/wp-json\/wp\/v2\/tags?post=112551"}],"curies":[{"name":"wp","href":"https:\/\/api.w.org\/{rel}","templated":true}]}}