{"id":112592,"date":"2023-09-21T01:53:45","date_gmt":"2023-09-21T04:53:45","guid":{"rendered":"https:\/\/infoecos.com.ar\/?p=112592"},"modified":"2023-09-23T02:07:16","modified_gmt":"2023-09-23T05:07:16","slug":"kicillof-hablo-del-rol-cumplido-hasta-ahora-por-el-banco-de-la-provincia-de-buenos-aires","status":"publish","type":"post","link":"https:\/\/infoecos.com.ar\/index.php\/kicillof-hablo-del-rol-cumplido-hasta-ahora-por-el-banco-de-la-provincia-de-buenos-aires\/","title":{"rendered":"Kicillof habl\u00f3 del rol cumplido, hasta ahora, por el Banco de la provincia de Buenos Aires"},"content":{"rendered":"\n<p>El gobernador de la provincia de Buenos Aires, Axel Kicillof, encabez\u00f3 junto al presidente del Banco Provincia, Juan Cuattromo, un acto en Ramallo, donde se\u00f1al\u00f3 que \u00abdesde 2020 ya se alcanzaron los dos billones de pesos en cr\u00e9ditos productivos, de los cuales el 80% estuvo dirigido a pymes que contaron con tasas especiales\u00bb.<\/p>\n\n\n\n<figure class=\"wp-block-image alignright size-full is-resized\"><img loading=\"lazy\" decoding=\"async\" src=\"https:\/\/infoecos.com.ar\/wp-content\/uploads\/2023\/09\/image-118.png\" alt=\"\" class=\"wp-image-112593\" width=\"375\" height=\"217\" srcset=\"https:\/\/infoecos.com.ar\/wp-content\/uploads\/2023\/09\/image-118.png 1500w, https:\/\/infoecos.com.ar\/wp-content\/uploads\/2023\/09\/image-118-800x464.png 800w, https:\/\/infoecos.com.ar\/wp-content\/uploads\/2023\/09\/image-118-768x445.png 768w, https:\/\/infoecos.com.ar\/wp-content\/uploads\/2023\/09\/image-118-1024x594.png 1024w\" sizes=\"(max-width: 375px) 100vw, 375px\" \/><\/figure>\n\n\n\n<p>Kicillof destac\u00f3 que \u201cno podemos volver a las \u00e9pocas en las que el Banco de la Provincia de Buenos Aires era un instrumento para la especulaci\u00f3n financiera\u201d. <\/p>\n\n\n\n<p>\u201cRecuperamos la banca p\u00fablica que impulsa el cr\u00e9dito para las pymes y otorga beneficios a las y los bonaerenses: Cuenta DNI ser\u00e1 la primera billetera digital que reintegre el IVA en base a las pol\u00edticas impulsadas por el Ministerio de Econom\u00eda de la Naci\u00f3n\u201d, agreg\u00f3.<\/p>\n\n\n\n<p>El gobernador subray\u00f3 que \u201cnuestra funci\u00f3n es defender los intereses de nuestro pueblo, y eso es lo que hacemos con pol\u00edticas que generan igualdad de oportunidades en todos los municipios de la Provincia\u201d. \u201cVamos a seguir por este camino para construir un futuro mejor, en el que se ampl\u00eden los derechos a partir del crecimiento, la inclusi\u00f3n y la justicia social\u201d, concluy\u00f3.<\/p>\n","protected":false},"excerpt":{"rendered":"<p>Se\u00f1al\u00f3 que \u00abdesde 2020 ya se alcanzaron los dos billones de pesos en cr\u00e9ditos productivos, de los cuales el 80% estuvo dirigido a pymes que contaron con tasas especiales\u00bb.<\/p>\n","protected":false},"author":2,"featured_media":112593,"comment_status":"closed","ping_status":"open","sticky":false,"template":"","format":"standard","meta":{"footnotes":""},"categories":[1331],"tags":[6734],"class_list":["post-112592","post","type-post","status-publish","format-standard","has-post-thumbnail","hentry","category-inferior11","tag-economia-bonaerense"],"yoast_head":"<!-- This site is optimized with the Yoast SEO plugin v23.4 - https:\/\/yoast.com\/wordpress\/plugins\/seo\/ -->\n<title>Kicillof habl\u00f3 del rol cumplido, hasta ahora, por el Banco de la provincia de Buenos Aires - Infoecos<\/title>\n<meta name=\"robots\" content=\"index, follow, max-snippet:-1, max-image-preview:large, max-video-preview:-1\" \/>\n<link rel=\"canonical\" href=\"https:\/\/infoecos.com.ar\/index.php\/kicillof-hablo-del-rol-cumplido-hasta-ahora-por-el-banco-de-la-provincia-de-buenos-aires\/\" \/>\n<meta property=\"og:locale\" content=\"es_ES\" \/>\n<meta property=\"og:type\" content=\"article\" \/>\n<meta property=\"og:title\" content=\"Kicillof habl\u00f3 del rol cumplido, hasta ahora, por el Banco de la provincia de Buenos Aires - Infoecos\" \/>\n<meta property=\"og:description\" content=\"Se\u00f1al\u00f3 que &quot;desde 2020 ya se alcanzaron los dos billones de pesos en cr\u00e9ditos productivos, de los cuales el 80% estuvo dirigido a pymes que contaron con tasas especiales&quot;.\" \/>\n<meta property=\"og:url\" content=\"https:\/\/infoecos.com.ar\/index.php\/kicillof-hablo-del-rol-cumplido-hasta-ahora-por-el-banco-de-la-provincia-de-buenos-aires\/\" \/>\n<meta property=\"og:site_name\" content=\"Infoecos\" \/>\n<meta property=\"article:publisher\" content=\"https:\/\/www.facebook.com\/profile.php?id=100063200290284\" \/>\n<meta property=\"article:published_time\" content=\"2023-09-21T04:53:45+00:00\" \/>\n<meta property=\"article:modified_time\" content=\"2023-09-23T05:07:16+00:00\" \/>\n<meta property=\"og:image\" content=\"https:\/\/infoecos.com.ar\/wp-content\/uploads\/2023\/09\/image-118.png\" \/>\n\t<meta property=\"og:image:width\" content=\"1500\" \/>\n\t<meta property=\"og:image:height\" content=\"870\" \/>\n\t<meta property=\"og:image:type\" content=\"image\/png\" \/>\n<meta name=\"author\" content=\"Jorge Matheus\" \/>\n<meta name=\"twitter:card\" content=\"summary_large_image\" \/>\n<meta name=\"twitter:creator\" content=\"@infoecos\" \/>\n<meta name=\"twitter:site\" content=\"@infoecos\" \/>\n<meta name=\"twitter:label1\" content=\"Escrito por\" \/>\n\t<meta name=\"twitter:data1\" content=\"Jorge Matheus\" \/>\n\t<meta name=\"twitter:label2\" content=\"Tiempo de lectura\" \/>\n\t<meta name=\"twitter:data2\" content=\"2 minutos\" \/>\n<script type=\"application\/ld+json\" class=\"yoast-schema-graph\">{\"@context\":\"https:\/\/schema.org\",\"@graph\":[{\"@type\":\"Article\",\"@id\":\"https:\/\/infoecos.com.ar\/index.php\/kicillof-hablo-del-rol-cumplido-hasta-ahora-por-el-banco-de-la-provincia-de-buenos-aires\/#article\",\"isPartOf\":{\"@id\":\"https:\/\/infoecos.com.ar\/index.php\/kicillof-hablo-del-rol-cumplido-hasta-ahora-por-el-banco-de-la-provincia-de-buenos-aires\/\"},\"author\":{\"name\":\"Jorge Matheus\",\"@id\":\"https:\/\/infoecos.com.ar\/#\/schema\/person\/8f5ace5ce73b4b4aac4b7245aee6f191\"},\"headline\":\"Kicillof habl\u00f3 del rol cumplido, hasta ahora, por el Banco de la provincia de Buenos Aires\",\"datePublished\":\"2023-09-21T04:53:45+00:00\",\"dateModified\":\"2023-09-23T05:07:16+00:00\",\"mainEntityOfPage\":{\"@id\":\"https:\/\/infoecos.com.ar\/index.php\/kicillof-hablo-del-rol-cumplido-hasta-ahora-por-el-banco-de-la-provincia-de-buenos-aires\/\"},\"wordCount\":213,\"publisher\":{\"@id\":\"https:\/\/infoecos.com.ar\/#organization\"},\"image\":{\"@id\":\"https:\/\/infoecos.com.ar\/index.php\/kicillof-hablo-del-rol-cumplido-hasta-ahora-por-el-banco-de-la-provincia-de-buenos-aires\/#primaryimage\"},\"thumbnailUrl\":\"https:\/\/infoecos.com.ar\/wp-content\/uploads\/2023\/09\/image-118.png\",\"keywords\":[\"ECONOM\u00cdA BONAERENSE\"],\"articleSection\":[\"Bloque inferior - 11\"],\"inLanguage\":\"es\"},{\"@type\":\"WebPage\",\"@id\":\"https:\/\/infoecos.com.ar\/index.php\/kicillof-hablo-del-rol-cumplido-hasta-ahora-por-el-banco-de-la-provincia-de-buenos-aires\/\",\"url\":\"https:\/\/infoecos.com.ar\/index.php\/kicillof-hablo-del-rol-cumplido-hasta-ahora-por-el-banco-de-la-provincia-de-buenos-aires\/\",\"name\":\"Kicillof habl\u00f3 del rol cumplido, hasta ahora, por el Banco de la provincia de Buenos Aires - Infoecos\",\"isPartOf\":{\"@id\":\"https:\/\/infoecos.com.ar\/#website\"},\"primaryImageOfPage\":{\"@id\":\"https:\/\/infoecos.com.ar\/index.php\/kicillof-hablo-del-rol-cumplido-hasta-ahora-por-el-banco-de-la-provincia-de-buenos-aires\/#primaryimage\"},\"image\":{\"@id\":\"https:\/\/infoecos.com.ar\/index.php\/kicillof-hablo-del-rol-cumplido-hasta-ahora-por-el-banco-de-la-provincia-de-buenos-aires\/#primaryimage\"},\"thumbnailUrl\":\"https:\/\/infoecos.com.ar\/wp-content\/uploads\/2023\/09\/image-118.png\",\"datePublished\":\"2023-09-21T04:53:45+00:00\",\"dateModified\":\"2023-09-23T05:07:16+00:00\",\"breadcrumb\":{\"@id\":\"https:\/\/infoecos.com.ar\/index.php\/kicillof-hablo-del-rol-cumplido-hasta-ahora-por-el-banco-de-la-provincia-de-buenos-aires\/#breadcrumb\"},\"inLanguage\":\"es\",\"potentialAction\":[{\"@type\":\"ReadAction\",\"target\":[\"https:\/\/infoecos.com.ar\/index.php\/kicillof-hablo-del-rol-cumplido-hasta-ahora-por-el-banco-de-la-provincia-de-buenos-aires\/\"]}]},{\"@type\":\"ImageObject\",\"inLanguage\":\"es\",\"@id\":\"https:\/\/infoecos.com.ar\/index.php\/kicillof-hablo-del-rol-cumplido-hasta-ahora-por-el-banco-de-la-provincia-de-buenos-aires\/#primaryimage\",\"url\":\"https:\/\/infoecos.com.ar\/wp-content\/uploads\/2023\/09\/image-118.png\",\"contentUrl\":\"https:\/\/infoecos.com.ar\/wp-content\/uploads\/2023\/09\/image-118.png\",\"width\":1500,\"height\":870},{\"@type\":\"BreadcrumbList\",\"@id\":\"https:\/\/infoecos.com.ar\/index.php\/kicillof-hablo-del-rol-cumplido-hasta-ahora-por-el-banco-de-la-provincia-de-buenos-aires\/#breadcrumb\",\"itemListElement\":[{\"@type\":\"ListItem\",\"position\":1,\"name\":\"Portada\",\"item\":\"https:\/\/infoecos.com.ar\/\"},{\"@type\":\"ListItem\",\"position\":2,\"name\":\"Kicillof habl\u00f3 del rol cumplido, hasta ahora, por el Banco de la provincia de Buenos Aires\"}]},{\"@type\":\"WebSite\",\"@id\":\"https:\/\/infoecos.com.ar\/#website\",\"url\":\"https:\/\/infoecos.com.ar\/\",\"name\":\"Infoecos\",\"description\":\"Noticias de trenque lauquen y la zona\",\"publisher\":{\"@id\":\"https:\/\/infoecos.com.ar\/#organization\"},\"alternateName\":\"Noticias\",\"potentialAction\":[{\"@type\":\"SearchAction\",\"target\":{\"@type\":\"EntryPoint\",\"urlTemplate\":\"https:\/\/infoecos.com.ar\/?s={search_term_string}\"},\"query-input\":{\"@type\":\"PropertyValueSpecification\",\"valueRequired\":true,\"valueName\":\"search_term_string\"}}],\"inLanguage\":\"es\"},{\"@type\":\"Organization\",\"@id\":\"https:\/\/infoecos.com.ar\/#organization\",\"name\":\"Infoecos\",\"alternateName\":\"Noticias\",\"url\":\"https:\/\/infoecos.com.ar\/\",\"logo\":{\"@type\":\"ImageObject\",\"inLanguage\":\"es\",\"@id\":\"https:\/\/infoecos.com.ar\/#\/schema\/logo\/image\/\",\"url\":\"https:\/\/infoecos.com.ar\/wp-content\/uploads\/2024\/03\/cropped-logo.png\",\"contentUrl\":\"https:\/\/infoecos.com.ar\/wp-content\/uploads\/2024\/03\/cropped-logo.png\",\"width\":374,\"height\":90,\"caption\":\"Infoecos\"},\"image\":{\"@id\":\"https:\/\/infoecos.com.ar\/#\/schema\/logo\/image\/\"},\"sameAs\":[\"https:\/\/www.facebook.com\/profile.php?id=100063200290284\",\"https:\/\/x.com\/infoecos\"]},{\"@type\":\"Person\",\"@id\":\"https:\/\/infoecos.com.ar\/#\/schema\/person\/8f5ace5ce73b4b4aac4b7245aee6f191\",\"name\":\"Jorge Matheus\",\"url\":\"https:\/\/infoecos.com.ar\/index.php\/author\/jomatheus\/\"}]}<\/script>\n<!-- \/ Yoast SEO plugin. -->","yoast_head_json":{"title":"Kicillof habl\u00f3 del rol cumplido, hasta ahora, por el Banco de la provincia de Buenos Aires - Infoecos","robots":{"index":"index","follow":"follow","max-snippet":"max-snippet:-1","max-image-preview":"max-image-preview:large","max-video-preview":"max-video-preview:-1"},"canonical":"https:\/\/infoecos.com.ar\/index.php\/kicillof-hablo-del-rol-cumplido-hasta-ahora-por-el-banco-de-la-provincia-de-buenos-aires\/","og_locale":"es_ES","og_type":"article","og_title":"Kicillof habl\u00f3 del rol cumplido, hasta ahora, por el Banco de la provincia de Buenos Aires - Infoecos","og_description":"Se\u00f1al\u00f3 que \"desde 2020 ya se alcanzaron los dos billones de pesos en cr\u00e9ditos productivos, de los cuales el 80% estuvo dirigido a pymes que contaron con tasas especiales\".","og_url":"https:\/\/infoecos.com.ar\/index.php\/kicillof-hablo-del-rol-cumplido-hasta-ahora-por-el-banco-de-la-provincia-de-buenos-aires\/","og_site_name":"Infoecos","article_publisher":"https:\/\/www.facebook.com\/profile.php?id=100063200290284","article_published_time":"2023-09-21T04:53:45+00:00","article_modified_time":"2023-09-23T05:07:16+00:00","og_image":[{"width":1500,"height":870,"url":"https:\/\/infoecos.com.ar\/wp-content\/uploads\/2023\/09\/image-118.png","type":"image\/png"}],"author":"Jorge Matheus","twitter_card":"summary_large_image","twitter_creator":"@infoecos","twitter_site":"@infoecos","twitter_misc":{"Escrito por":"Jorge Matheus","Tiempo de lectura":"2 minutos"},"schema":{"@context":"https:\/\/schema.org","@graph":[{"@type":"Article","@id":"https:\/\/infoecos.com.ar\/index.php\/kicillof-hablo-del-rol-cumplido-hasta-ahora-por-el-banco-de-la-provincia-de-buenos-aires\/#article","isPartOf":{"@id":"https:\/\/infoecos.com.ar\/index.php\/kicillof-hablo-del-rol-cumplido-hasta-ahora-por-el-banco-de-la-provincia-de-buenos-aires\/"},"author":{"name":"Jorge Matheus","@id":"https:\/\/infoecos.com.ar\/#\/schema\/person\/8f5ace5ce73b4b4aac4b7245aee6f191"},"headline":"Kicillof habl\u00f3 del rol cumplido, hasta ahora, por el Banco de la provincia de Buenos Aires","datePublished":"2023-09-21T04:53:45+00:00","dateModified":"2023-09-23T05:07:16+00:00","mainEntityOfPage":{"@id":"https:\/\/infoecos.com.ar\/index.php\/kicillof-hablo-del-rol-cumplido-hasta-ahora-por-el-banco-de-la-provincia-de-buenos-aires\/"},"wordCount":213,"publisher":{"@id":"https:\/\/infoecos.com.ar\/#organization"},"image":{"@id":"https:\/\/infoecos.com.ar\/index.php\/kicillof-hablo-del-rol-cumplido-hasta-ahora-por-el-banco-de-la-provincia-de-buenos-aires\/#primaryimage"},"thumbnailUrl":"https:\/\/infoecos.com.ar\/wp-content\/uploads\/2023\/09\/image-118.png","keywords":["ECONOM\u00cdA BONAERENSE"],"articleSection":["Bloque inferior - 11"],"inLanguage":"es"},{"@type":"WebPage","@id":"https:\/\/infoecos.com.ar\/index.php\/kicillof-hablo-del-rol-cumplido-hasta-ahora-por-el-banco-de-la-provincia-de-buenos-aires\/","url":"https:\/\/infoecos.com.ar\/index.php\/kicillof-hablo-del-rol-cumplido-hasta-ahora-por-el-banco-de-la-provincia-de-buenos-aires\/","name":"Kicillof habl\u00f3 del rol cumplido, hasta ahora, por el Banco de la provincia de Buenos Aires - Infoecos","isPartOf":{"@id":"https:\/\/infoecos.com.ar\/#website"},"primaryImageOfPage":{"@id":"https:\/\/infoecos.com.ar\/index.php\/kicillof-hablo-del-rol-cumplido-hasta-ahora-por-el-banco-de-la-provincia-de-buenos-aires\/#primaryimage"},"image":{"@id":"https:\/\/infoecos.com.ar\/index.php\/kicillof-hablo-del-rol-cumplido-hasta-ahora-por-el-banco-de-la-provincia-de-buenos-aires\/#primaryimage"},"thumbnailUrl":"https:\/\/infoecos.com.ar\/wp-content\/uploads\/2023\/09\/image-118.png","datePublished":"2023-09-21T04:53:45+00:00","dateModified":"2023-09-23T05:07:16+00:00","breadcrumb":{"@id":"https:\/\/infoecos.com.ar\/index.php\/kicillof-hablo-del-rol-cumplido-hasta-ahora-por-el-banco-de-la-provincia-de-buenos-aires\/#breadcrumb"},"inLanguage":"es","potentialAction":[{"@type":"ReadAction","target":["https:\/\/infoecos.com.ar\/index.php\/kicillof-hablo-del-rol-cumplido-hasta-ahora-por-el-banco-de-la-provincia-de-buenos-aires\/"]}]},{"@type":"ImageObject","inLanguage":"es","@id":"https:\/\/infoecos.com.ar\/index.php\/kicillof-hablo-del-rol-cumplido-hasta-ahora-por-el-banco-de-la-provincia-de-buenos-aires\/#primaryimage","url":"https:\/\/infoecos.com.ar\/wp-content\/uploads\/2023\/09\/image-118.png","contentUrl":"https:\/\/infoecos.com.ar\/wp-content\/uploads\/2023\/09\/image-118.png","width":1500,"height":870},{"@type":"BreadcrumbList","@id":"https:\/\/infoecos.com.ar\/index.php\/kicillof-hablo-del-rol-cumplido-hasta-ahora-por-el-banco-de-la-provincia-de-buenos-aires\/#breadcrumb","itemListElement":[{"@type":"ListItem","position":1,"name":"Portada","item":"https:\/\/infoecos.com.ar\/"},{"@type":"ListItem","position":2,"name":"Kicillof habl\u00f3 del rol cumplido, hasta ahora, por el Banco de la provincia de Buenos Aires"}]},{"@type":"WebSite","@id":"https:\/\/infoecos.com.ar\/#website","url":"https:\/\/infoecos.com.ar\/","name":"Infoecos","description":"Noticias de trenque lauquen y la zona","publisher":{"@id":"https:\/\/infoecos.com.ar\/#organization"},"alternateName":"Noticias","potentialAction":[{"@type":"SearchAction","target":{"@type":"EntryPoint","urlTemplate":"https:\/\/infoecos.com.ar\/?s={search_term_string}"},"query-input":{"@type":"PropertyValueSpecification","valueRequired":true,"valueName":"search_term_string"}}],"inLanguage":"es"},{"@type":"Organization","@id":"https:\/\/infoecos.com.ar\/#organization","name":"Infoecos","alternateName":"Noticias","url":"https:\/\/infoecos.com.ar\/","logo":{"@type":"ImageObject","inLanguage":"es","@id":"https:\/\/infoecos.com.ar\/#\/schema\/logo\/image\/","url":"https:\/\/infoecos.com.ar\/wp-content\/uploads\/2024\/03\/cropped-logo.png","contentUrl":"https:\/\/infoecos.com.ar\/wp-content\/uploads\/2024\/03\/cropped-logo.png","width":374,"height":90,"caption":"Infoecos"},"image":{"@id":"https:\/\/infoecos.com.ar\/#\/schema\/logo\/image\/"},"sameAs":["https:\/\/www.facebook.com\/profile.php?id=100063200290284","https:\/\/x.com\/infoecos"]},{"@type":"Person","@id":"https:\/\/infoecos.com.ar\/#\/schema\/person\/8f5ace5ce73b4b4aac4b7245aee6f191","name":"Jorge Matheus","url":"https:\/\/infoecos.com.ar\/index.php\/author\/jomatheus\/"}]}},"featured_image_urls":{"full":["https:\/\/infoecos.com.ar\/wp-content\/uploads\/2023\/09\/image-118.png",1500,870,false],"thumbnail":["https:\/\/infoecos.com.ar\/wp-content\/uploads\/2023\/09\/image-118-300x150.png",300,150,true],"medium":["https:\/\/infoecos.com.ar\/wp-content\/uploads\/2023\/09\/image-118-800x464.png",800,464,true],"medium_large":["https:\/\/infoecos.com.ar\/wp-content\/uploads\/2023\/09\/image-118-768x445.png",640,371,true],"large":["https:\/\/infoecos.com.ar\/wp-content\/uploads\/2023\/09\/image-118.png",640,371,false],"1536x1536":["https:\/\/infoecos.com.ar\/wp-content\/uploads\/2023\/09\/image-118.png",1500,870,false],"2048x2048":["https:\/\/infoecos.com.ar\/wp-content\/uploads\/2023\/09\/image-118.png",1500,870,false],"covernews-slider-full":["https:\/\/infoecos.com.ar\/wp-content\/uploads\/2023\/09\/image-118.png",1115,647,false],"covernews-slider-center":["https:\/\/infoecos.com.ar\/wp-content\/uploads\/2023\/09\/image-118-936x870.png",538,500,true],"covernews-featured":["https:\/\/infoecos.com.ar\/wp-content\/uploads\/2023\/09\/image-118-1024x594.png",1024,594,true],"covernews-medium":["https:\/\/infoecos.com.ar\/wp-content\/uploads\/2023\/09\/image-118-720x380.png",540,285,true],"covernews-medium-square":["https:\/\/infoecos.com.ar\/wp-content\/uploads\/2023\/09\/image-118-675x450.png",375,250,true]},"author_info":{"info":["Jorge Matheus"]},"category_info":"<a href=\"https:\/\/infoecos.com.ar\/index.php\/category\/inferior11\/\" rel=\"category tag\">Bloque inferior - 11<\/a>","tag_info":"Bloque inferior - 11","comment_count":"0","_links":{"self":[{"href":"https:\/\/infoecos.com.ar\/index.php\/wp-json\/wp\/v2\/posts\/112592"}],"collection":[{"href":"https:\/\/infoecos.com.ar\/index.php\/wp-json\/wp\/v2\/posts"}],"about":[{"href":"https:\/\/infoecos.com.ar\/index.php\/wp-json\/wp\/v2\/types\/post"}],"author":[{"embeddable":true,"href":"https:\/\/infoecos.com.ar\/index.php\/wp-json\/wp\/v2\/users\/2"}],"replies":[{"embeddable":true,"href":"https:\/\/infoecos.com.ar\/index.php\/wp-json\/wp\/v2\/comments?post=112592"}],"version-history":[{"count":2,"href":"https:\/\/infoecos.com.ar\/index.php\/wp-json\/wp\/v2\/posts\/112592\/revisions"}],"predecessor-version":[{"id":112595,"href":"https:\/\/infoecos.com.ar\/index.php\/wp-json\/wp\/v2\/posts\/112592\/revisions\/112595"}],"wp:featuredmedia":[{"embeddable":true,"href":"https:\/\/infoecos.com.ar\/index.php\/wp-json\/wp\/v2\/media\/112593"}],"wp:attachment":[{"href":"https:\/\/infoecos.com.ar\/index.php\/wp-json\/wp\/v2\/media?parent=112592"}],"wp:term":[{"taxonomy":"category","embeddable":true,"href":"https:\/\/infoecos.com.ar\/index.php\/wp-json\/wp\/v2\/categories?post=112592"},{"taxonomy":"post_tag","embeddable":true,"href":"https:\/\/infoecos.com.ar\/index.php\/wp-json\/wp\/v2\/tags?post=112592"}],"curies":[{"name":"wp","href":"https:\/\/api.w.org\/{rel}","templated":true}]}}