{"id":112636,"date":"2023-09-21T15:56:44","date_gmt":"2023-09-21T18:56:44","guid":{"rendered":"https:\/\/infoecos.com.ar\/?p=112636"},"modified":"2023-09-23T02:05:12","modified_gmt":"2023-09-23T05:05:12","slug":"muere-un-camionero-de-pehuajo-aplastado-por-el-acoplado-del-camion-que-conducia","status":"publish","type":"post","link":"https:\/\/infoecos.com.ar\/index.php\/muere-un-camionero-de-pehuajo-aplastado-por-el-acoplado-del-camion-que-conducia\/","title":{"rendered":"Muere un conductor de Pehuaj\u00f3 aplastado por el acoplado del cami\u00f3n"},"content":{"rendered":"\n<p>Tr\u00e1gico accidente en el predio de una balanza ubicada sobre la ruta 65 kil\u00f3metro 270, en el tramo de enlace entre las rotondas de las rutas 65 y 226 y la de 65 y 205, en el distrito de Bol\u00edvar.<\/p>\n\n\n\n<figure class=\"wp-block-image aligncenter size-full is-resized\"><img loading=\"lazy\" decoding=\"async\" src=\"https:\/\/infoecos.com.ar\/wp-content\/uploads\/2023\/09\/acccidenteruta65.jpeg\" alt=\"\" class=\"wp-image-112637\" width=\"356\" height=\"201\"\/><\/figure>\n\n\n\n<p>En ese lugar estaba estacionado un cami\u00f3n con acoplado. Su conductor, presumiblemente, se encontraba realizando alguna labor entre el chasis y el acoplado. Este \u00faltimo&nbsp;<strong>se desplaz\u00f3 hacia adelante provocando el aplastamiento<\/strong>&nbsp;del transportista, procedente de Pehuaj\u00f3.<\/p>\n\n\n\n<figure class=\"wp-block-gallery has-nested-images columns-default is-cropped wp-block-gallery-1 is-layout-flex wp-block-gallery-is-layout-flex\">\n<figure class=\"wp-block-image size-large\"><img loading=\"lazy\" decoding=\"async\" width=\"1599\" height=\"899\" data-id=\"112646\" src=\"https:\/\/infoecos.com.ar\/wp-content\/uploads\/2023\/09\/Catra.jpg\" alt=\"\" class=\"wp-image-112646\" srcset=\"https:\/\/infoecos.com.ar\/wp-content\/uploads\/2023\/09\/Catra.jpg 1599w, https:\/\/infoecos.com.ar\/wp-content\/uploads\/2023\/09\/Catra-800x450.jpg 800w, https:\/\/infoecos.com.ar\/wp-content\/uploads\/2023\/09\/Catra-768x432.jpg 768w, https:\/\/infoecos.com.ar\/wp-content\/uploads\/2023\/09\/Catra-1536x864.jpg 1536w, https:\/\/infoecos.com.ar\/wp-content\/uploads\/2023\/09\/Catra-1024x576.jpg 1024w\" sizes=\"(max-width: 1599px) 100vw, 1599px\" \/><\/figure>\n\n\n\n<figure class=\"wp-block-image size-large\"><img loading=\"lazy\" decoding=\"async\" width=\"1599\" height=\"899\" data-id=\"112647\" src=\"https:\/\/infoecos.com.ar\/wp-content\/uploads\/2023\/09\/Dosa.jpg\" alt=\"\" class=\"wp-image-112647\" srcset=\"https:\/\/infoecos.com.ar\/wp-content\/uploads\/2023\/09\/Dosa.jpg 1599w, https:\/\/infoecos.com.ar\/wp-content\/uploads\/2023\/09\/Dosa-800x450.jpg 800w, https:\/\/infoecos.com.ar\/wp-content\/uploads\/2023\/09\/Dosa-768x432.jpg 768w, https:\/\/infoecos.com.ar\/wp-content\/uploads\/2023\/09\/Dosa-1536x864.jpg 1536w, https:\/\/infoecos.com.ar\/wp-content\/uploads\/2023\/09\/Dosa-1024x576.jpg 1024w\" sizes=\"(max-width: 1599px) 100vw, 1599px\" \/><\/figure>\n\n\n\n<figure class=\"wp-block-image size-large\"><img loading=\"lazy\" decoding=\"async\" width=\"1599\" height=\"899\" data-id=\"112648\" src=\"https:\/\/infoecos.com.ar\/wp-content\/uploads\/2023\/09\/Tresa.jpg\" alt=\"\" class=\"wp-image-112648\" srcset=\"https:\/\/infoecos.com.ar\/wp-content\/uploads\/2023\/09\/Tresa.jpg 1599w, https:\/\/infoecos.com.ar\/wp-content\/uploads\/2023\/09\/Tresa-800x450.jpg 800w, https:\/\/infoecos.com.ar\/wp-content\/uploads\/2023\/09\/Tresa-768x432.jpg 768w, https:\/\/infoecos.com.ar\/wp-content\/uploads\/2023\/09\/Tresa-1536x864.jpg 1536w, https:\/\/infoecos.com.ar\/wp-content\/uploads\/2023\/09\/Tresa-1024x576.jpg 1024w\" sizes=\"(max-width: 1599px) 100vw, 1599px\" \/><\/figure>\n<\/figure>\n\n\n\n<p>Se supone que el acoplado, cargado con animales vacunos,&nbsp;<strong>no habr\u00eda tenido el bloqueo colocado.&nbsp;<\/strong><\/p>\n\n\n\n<p>La identidad del conductor fallecido: H\u00e9ctor Sid de 59 a\u00f1os. El cami\u00f3n pertenece a la empresa <strong>El Corral\u00f3n <\/strong>de Pehuaj\u00f2.<\/p>\n\n\n\n<p><strong>Fotos: Fm 10 de Bol\u00edvar<\/strong><\/p>\n","protected":false},"excerpt":{"rendered":"<p>En ese lugar estaba estacionado un cami\u00f3n con acoplado. Este \u00faltimo\u00a0se desplaz\u00f3 hacia adelante provocando el aplastamiento\u00a0del transportista<\/p>\n","protected":false},"author":2,"featured_media":112646,"comment_status":"closed","ping_status":"open","sticky":false,"template":"","format":"standard","meta":{"footnotes":""},"categories":[26],"tags":[9196],"class_list":["post-112636","post","type-post","status-publish","format-standard","has-post-thumbnail","hentry","category-inferior6","tag-ruta-65-kilometro-270"],"yoast_head":"<!-- This site is optimized with the Yoast SEO plugin v23.4 - https:\/\/yoast.com\/wordpress\/plugins\/seo\/ -->\n<title>Muere un conductor de Pehuaj\u00f3 aplastado por el acoplado del cami\u00f3n - Infoecos<\/title>\n<meta name=\"robots\" content=\"index, follow, max-snippet:-1, max-image-preview:large, max-video-preview:-1\" \/>\n<link rel=\"canonical\" href=\"https:\/\/infoecos.com.ar\/index.php\/muere-un-camionero-de-pehuajo-aplastado-por-el-acoplado-del-camion-que-conducia\/\" \/>\n<meta property=\"og:locale\" content=\"es_ES\" \/>\n<meta property=\"og:type\" content=\"article\" \/>\n<meta property=\"og:title\" content=\"Muere un conductor de Pehuaj\u00f3 aplastado por el acoplado del cami\u00f3n - Infoecos\" \/>\n<meta property=\"og:description\" content=\"En ese lugar estaba estacionado un cami\u00f3n con acoplado. Este \u00faltimo\u00a0se desplaz\u00f3 hacia adelante provocando el aplastamiento\u00a0del transportista\" \/>\n<meta property=\"og:url\" content=\"https:\/\/infoecos.com.ar\/index.php\/muere-un-camionero-de-pehuajo-aplastado-por-el-acoplado-del-camion-que-conducia\/\" \/>\n<meta property=\"og:site_name\" content=\"Infoecos\" \/>\n<meta property=\"article:publisher\" content=\"https:\/\/www.facebook.com\/profile.php?id=100063200290284\" \/>\n<meta property=\"article:published_time\" content=\"2023-09-21T18:56:44+00:00\" \/>\n<meta property=\"article:modified_time\" content=\"2023-09-23T05:05:12+00:00\" \/>\n<meta property=\"og:image\" content=\"https:\/\/infoecos.com.ar\/wp-content\/uploads\/2023\/09\/Catra.jpg\" \/>\n\t<meta property=\"og:image:width\" content=\"1599\" \/>\n\t<meta property=\"og:image:height\" content=\"899\" \/>\n\t<meta property=\"og:image:type\" content=\"image\/jpeg\" \/>\n<meta name=\"author\" content=\"Jorge Matheus\" \/>\n<meta name=\"twitter:card\" content=\"summary_large_image\" \/>\n<meta name=\"twitter:creator\" content=\"@infoecos\" \/>\n<meta name=\"twitter:site\" content=\"@infoecos\" \/>\n<meta name=\"twitter:label1\" content=\"Escrito por\" \/>\n\t<meta name=\"twitter:data1\" content=\"Jorge Matheus\" \/>\n\t<meta name=\"twitter:label2\" content=\"Tiempo de lectura\" \/>\n\t<meta name=\"twitter:data2\" content=\"2 minutos\" \/>\n<script type=\"application\/ld+json\" class=\"yoast-schema-graph\">{\"@context\":\"https:\/\/schema.org\",\"@graph\":[{\"@type\":\"Article\",\"@id\":\"https:\/\/infoecos.com.ar\/index.php\/muere-un-camionero-de-pehuajo-aplastado-por-el-acoplado-del-camion-que-conducia\/#article\",\"isPartOf\":{\"@id\":\"https:\/\/infoecos.com.ar\/index.php\/muere-un-camionero-de-pehuajo-aplastado-por-el-acoplado-del-camion-que-conducia\/\"},\"author\":{\"name\":\"Jorge Matheus\",\"@id\":\"https:\/\/infoecos.com.ar\/#\/schema\/person\/8f5ace5ce73b4b4aac4b7245aee6f191\"},\"headline\":\"Muere un conductor de Pehuaj\u00f3 aplastado por el acoplado del cami\u00f3n\",\"datePublished\":\"2023-09-21T18:56:44+00:00\",\"dateModified\":\"2023-09-23T05:05:12+00:00\",\"mainEntityOfPage\":{\"@id\":\"https:\/\/infoecos.com.ar\/index.php\/muere-un-camionero-de-pehuajo-aplastado-por-el-acoplado-del-camion-que-conducia\/\"},\"wordCount\":135,\"publisher\":{\"@id\":\"https:\/\/infoecos.com.ar\/#organization\"},\"image\":{\"@id\":\"https:\/\/infoecos.com.ar\/index.php\/muere-un-camionero-de-pehuajo-aplastado-por-el-acoplado-del-camion-que-conducia\/#primaryimage\"},\"thumbnailUrl\":\"https:\/\/infoecos.com.ar\/wp-content\/uploads\/2023\/09\/Catra.jpg\",\"keywords\":[\"Ruta 65 kil\u00f3metro 270\"],\"articleSection\":[\"Bloque inferior - 6\"],\"inLanguage\":\"es\"},{\"@type\":\"WebPage\",\"@id\":\"https:\/\/infoecos.com.ar\/index.php\/muere-un-camionero-de-pehuajo-aplastado-por-el-acoplado-del-camion-que-conducia\/\",\"url\":\"https:\/\/infoecos.com.ar\/index.php\/muere-un-camionero-de-pehuajo-aplastado-por-el-acoplado-del-camion-que-conducia\/\",\"name\":\"Muere un conductor de Pehuaj\u00f3 aplastado por el acoplado del cami\u00f3n - Infoecos\",\"isPartOf\":{\"@id\":\"https:\/\/infoecos.com.ar\/#website\"},\"primaryImageOfPage\":{\"@id\":\"https:\/\/infoecos.com.ar\/index.php\/muere-un-camionero-de-pehuajo-aplastado-por-el-acoplado-del-camion-que-conducia\/#primaryimage\"},\"image\":{\"@id\":\"https:\/\/infoecos.com.ar\/index.php\/muere-un-camionero-de-pehuajo-aplastado-por-el-acoplado-del-camion-que-conducia\/#primaryimage\"},\"thumbnailUrl\":\"https:\/\/infoecos.com.ar\/wp-content\/uploads\/2023\/09\/Catra.jpg\",\"datePublished\":\"2023-09-21T18:56:44+00:00\",\"dateModified\":\"2023-09-23T05:05:12+00:00\",\"breadcrumb\":{\"@id\":\"https:\/\/infoecos.com.ar\/index.php\/muere-un-camionero-de-pehuajo-aplastado-por-el-acoplado-del-camion-que-conducia\/#breadcrumb\"},\"inLanguage\":\"es\",\"potentialAction\":[{\"@type\":\"ReadAction\",\"target\":[\"https:\/\/infoecos.com.ar\/index.php\/muere-un-camionero-de-pehuajo-aplastado-por-el-acoplado-del-camion-que-conducia\/\"]}]},{\"@type\":\"ImageObject\",\"inLanguage\":\"es\",\"@id\":\"https:\/\/infoecos.com.ar\/index.php\/muere-un-camionero-de-pehuajo-aplastado-por-el-acoplado-del-camion-que-conducia\/#primaryimage\",\"url\":\"https:\/\/infoecos.com.ar\/wp-content\/uploads\/2023\/09\/Catra.jpg\",\"contentUrl\":\"https:\/\/infoecos.com.ar\/wp-content\/uploads\/2023\/09\/Catra.jpg\",\"width\":1599,\"height\":899},{\"@type\":\"BreadcrumbList\",\"@id\":\"https:\/\/infoecos.com.ar\/index.php\/muere-un-camionero-de-pehuajo-aplastado-por-el-acoplado-del-camion-que-conducia\/#breadcrumb\",\"itemListElement\":[{\"@type\":\"ListItem\",\"position\":1,\"name\":\"Portada\",\"item\":\"https:\/\/infoecos.com.ar\/\"},{\"@type\":\"ListItem\",\"position\":2,\"name\":\"Muere un conductor de Pehuaj\u00f3 aplastado por el acoplado del cami\u00f3n\"}]},{\"@type\":\"WebSite\",\"@id\":\"https:\/\/infoecos.com.ar\/#website\",\"url\":\"https:\/\/infoecos.com.ar\/\",\"name\":\"Infoecos\",\"description\":\"Noticias de trenque lauquen y la zona\",\"publisher\":{\"@id\":\"https:\/\/infoecos.com.ar\/#organization\"},\"alternateName\":\"Noticias\",\"potentialAction\":[{\"@type\":\"SearchAction\",\"target\":{\"@type\":\"EntryPoint\",\"urlTemplate\":\"https:\/\/infoecos.com.ar\/?s={search_term_string}\"},\"query-input\":{\"@type\":\"PropertyValueSpecification\",\"valueRequired\":true,\"valueName\":\"search_term_string\"}}],\"inLanguage\":\"es\"},{\"@type\":\"Organization\",\"@id\":\"https:\/\/infoecos.com.ar\/#organization\",\"name\":\"Infoecos\",\"alternateName\":\"Noticias\",\"url\":\"https:\/\/infoecos.com.ar\/\",\"logo\":{\"@type\":\"ImageObject\",\"inLanguage\":\"es\",\"@id\":\"https:\/\/infoecos.com.ar\/#\/schema\/logo\/image\/\",\"url\":\"https:\/\/infoecos.com.ar\/wp-content\/uploads\/2024\/03\/cropped-logo.png\",\"contentUrl\":\"https:\/\/infoecos.com.ar\/wp-content\/uploads\/2024\/03\/cropped-logo.png\",\"width\":374,\"height\":90,\"caption\":\"Infoecos\"},\"image\":{\"@id\":\"https:\/\/infoecos.com.ar\/#\/schema\/logo\/image\/\"},\"sameAs\":[\"https:\/\/www.facebook.com\/profile.php?id=100063200290284\",\"https:\/\/x.com\/infoecos\"]},{\"@type\":\"Person\",\"@id\":\"https:\/\/infoecos.com.ar\/#\/schema\/person\/8f5ace5ce73b4b4aac4b7245aee6f191\",\"name\":\"Jorge Matheus\",\"url\":\"https:\/\/infoecos.com.ar\/index.php\/author\/jomatheus\/\"}]}<\/script>\n<!-- \/ Yoast SEO plugin. -->","yoast_head_json":{"title":"Muere un conductor de Pehuaj\u00f3 aplastado por el acoplado del cami\u00f3n - Infoecos","robots":{"index":"index","follow":"follow","max-snippet":"max-snippet:-1","max-image-preview":"max-image-preview:large","max-video-preview":"max-video-preview:-1"},"canonical":"https:\/\/infoecos.com.ar\/index.php\/muere-un-camionero-de-pehuajo-aplastado-por-el-acoplado-del-camion-que-conducia\/","og_locale":"es_ES","og_type":"article","og_title":"Muere un conductor de Pehuaj\u00f3 aplastado por el acoplado del cami\u00f3n - Infoecos","og_description":"En ese lugar estaba estacionado un cami\u00f3n con acoplado. Este \u00faltimo\u00a0se desplaz\u00f3 hacia adelante provocando el aplastamiento\u00a0del transportista","og_url":"https:\/\/infoecos.com.ar\/index.php\/muere-un-camionero-de-pehuajo-aplastado-por-el-acoplado-del-camion-que-conducia\/","og_site_name":"Infoecos","article_publisher":"https:\/\/www.facebook.com\/profile.php?id=100063200290284","article_published_time":"2023-09-21T18:56:44+00:00","article_modified_time":"2023-09-23T05:05:12+00:00","og_image":[{"width":1599,"height":899,"url":"https:\/\/infoecos.com.ar\/wp-content\/uploads\/2023\/09\/Catra.jpg","type":"image\/jpeg"}],"author":"Jorge Matheus","twitter_card":"summary_large_image","twitter_creator":"@infoecos","twitter_site":"@infoecos","twitter_misc":{"Escrito por":"Jorge Matheus","Tiempo de lectura":"2 minutos"},"schema":{"@context":"https:\/\/schema.org","@graph":[{"@type":"Article","@id":"https:\/\/infoecos.com.ar\/index.php\/muere-un-camionero-de-pehuajo-aplastado-por-el-acoplado-del-camion-que-conducia\/#article","isPartOf":{"@id":"https:\/\/infoecos.com.ar\/index.php\/muere-un-camionero-de-pehuajo-aplastado-por-el-acoplado-del-camion-que-conducia\/"},"author":{"name":"Jorge Matheus","@id":"https:\/\/infoecos.com.ar\/#\/schema\/person\/8f5ace5ce73b4b4aac4b7245aee6f191"},"headline":"Muere un conductor de Pehuaj\u00f3 aplastado por el acoplado del cami\u00f3n","datePublished":"2023-09-21T18:56:44+00:00","dateModified":"2023-09-23T05:05:12+00:00","mainEntityOfPage":{"@id":"https:\/\/infoecos.com.ar\/index.php\/muere-un-camionero-de-pehuajo-aplastado-por-el-acoplado-del-camion-que-conducia\/"},"wordCount":135,"publisher":{"@id":"https:\/\/infoecos.com.ar\/#organization"},"image":{"@id":"https:\/\/infoecos.com.ar\/index.php\/muere-un-camionero-de-pehuajo-aplastado-por-el-acoplado-del-camion-que-conducia\/#primaryimage"},"thumbnailUrl":"https:\/\/infoecos.com.ar\/wp-content\/uploads\/2023\/09\/Catra.jpg","keywords":["Ruta 65 kil\u00f3metro 270"],"articleSection":["Bloque inferior - 6"],"inLanguage":"es"},{"@type":"WebPage","@id":"https:\/\/infoecos.com.ar\/index.php\/muere-un-camionero-de-pehuajo-aplastado-por-el-acoplado-del-camion-que-conducia\/","url":"https:\/\/infoecos.com.ar\/index.php\/muere-un-camionero-de-pehuajo-aplastado-por-el-acoplado-del-camion-que-conducia\/","name":"Muere un conductor de Pehuaj\u00f3 aplastado por el acoplado del cami\u00f3n - Infoecos","isPartOf":{"@id":"https:\/\/infoecos.com.ar\/#website"},"primaryImageOfPage":{"@id":"https:\/\/infoecos.com.ar\/index.php\/muere-un-camionero-de-pehuajo-aplastado-por-el-acoplado-del-camion-que-conducia\/#primaryimage"},"image":{"@id":"https:\/\/infoecos.com.ar\/index.php\/muere-un-camionero-de-pehuajo-aplastado-por-el-acoplado-del-camion-que-conducia\/#primaryimage"},"thumbnailUrl":"https:\/\/infoecos.com.ar\/wp-content\/uploads\/2023\/09\/Catra.jpg","datePublished":"2023-09-21T18:56:44+00:00","dateModified":"2023-09-23T05:05:12+00:00","breadcrumb":{"@id":"https:\/\/infoecos.com.ar\/index.php\/muere-un-camionero-de-pehuajo-aplastado-por-el-acoplado-del-camion-que-conducia\/#breadcrumb"},"inLanguage":"es","potentialAction":[{"@type":"ReadAction","target":["https:\/\/infoecos.com.ar\/index.php\/muere-un-camionero-de-pehuajo-aplastado-por-el-acoplado-del-camion-que-conducia\/"]}]},{"@type":"ImageObject","inLanguage":"es","@id":"https:\/\/infoecos.com.ar\/index.php\/muere-un-camionero-de-pehuajo-aplastado-por-el-acoplado-del-camion-que-conducia\/#primaryimage","url":"https:\/\/infoecos.com.ar\/wp-content\/uploads\/2023\/09\/Catra.jpg","contentUrl":"https:\/\/infoecos.com.ar\/wp-content\/uploads\/2023\/09\/Catra.jpg","width":1599,"height":899},{"@type":"BreadcrumbList","@id":"https:\/\/infoecos.com.ar\/index.php\/muere-un-camionero-de-pehuajo-aplastado-por-el-acoplado-del-camion-que-conducia\/#breadcrumb","itemListElement":[{"@type":"ListItem","position":1,"name":"Portada","item":"https:\/\/infoecos.com.ar\/"},{"@type":"ListItem","position":2,"name":"Muere un conductor de Pehuaj\u00f3 aplastado por el acoplado del cami\u00f3n"}]},{"@type":"WebSite","@id":"https:\/\/infoecos.com.ar\/#website","url":"https:\/\/infoecos.com.ar\/","name":"Infoecos","description":"Noticias de trenque lauquen y la zona","publisher":{"@id":"https:\/\/infoecos.com.ar\/#organization"},"alternateName":"Noticias","potentialAction":[{"@type":"SearchAction","target":{"@type":"EntryPoint","urlTemplate":"https:\/\/infoecos.com.ar\/?s={search_term_string}"},"query-input":{"@type":"PropertyValueSpecification","valueRequired":true,"valueName":"search_term_string"}}],"inLanguage":"es"},{"@type":"Organization","@id":"https:\/\/infoecos.com.ar\/#organization","name":"Infoecos","alternateName":"Noticias","url":"https:\/\/infoecos.com.ar\/","logo":{"@type":"ImageObject","inLanguage":"es","@id":"https:\/\/infoecos.com.ar\/#\/schema\/logo\/image\/","url":"https:\/\/infoecos.com.ar\/wp-content\/uploads\/2024\/03\/cropped-logo.png","contentUrl":"https:\/\/infoecos.com.ar\/wp-content\/uploads\/2024\/03\/cropped-logo.png","width":374,"height":90,"caption":"Infoecos"},"image":{"@id":"https:\/\/infoecos.com.ar\/#\/schema\/logo\/image\/"},"sameAs":["https:\/\/www.facebook.com\/profile.php?id=100063200290284","https:\/\/x.com\/infoecos"]},{"@type":"Person","@id":"https:\/\/infoecos.com.ar\/#\/schema\/person\/8f5ace5ce73b4b4aac4b7245aee6f191","name":"Jorge Matheus","url":"https:\/\/infoecos.com.ar\/index.php\/author\/jomatheus\/"}]}},"featured_image_urls":{"full":["https:\/\/infoecos.com.ar\/wp-content\/uploads\/2023\/09\/Catra.jpg",1599,899,false],"thumbnail":["https:\/\/infoecos.com.ar\/wp-content\/uploads\/2023\/09\/Catra-300x150.jpg",300,150,true],"medium":["https:\/\/infoecos.com.ar\/wp-content\/uploads\/2023\/09\/Catra-800x450.jpg",800,450,true],"medium_large":["https:\/\/infoecos.com.ar\/wp-content\/uploads\/2023\/09\/Catra-768x432.jpg",640,360,true],"large":["https:\/\/infoecos.com.ar\/wp-content\/uploads\/2023\/09\/Catra.jpg",640,360,false],"1536x1536":["https:\/\/infoecos.com.ar\/wp-content\/uploads\/2023\/09\/Catra-1536x864.jpg",1536,864,true],"2048x2048":["https:\/\/infoecos.com.ar\/wp-content\/uploads\/2023\/09\/Catra.jpg",1599,899,false],"covernews-slider-full":["https:\/\/infoecos.com.ar\/wp-content\/uploads\/2023\/09\/Catra-1536x899.jpg",1115,653,true],"covernews-slider-center":["https:\/\/infoecos.com.ar\/wp-content\/uploads\/2023\/09\/Catra-936x897.jpg",522,500,true],"covernews-featured":["https:\/\/infoecos.com.ar\/wp-content\/uploads\/2023\/09\/Catra-1024x576.jpg",1024,576,true],"covernews-medium":["https:\/\/infoecos.com.ar\/wp-content\/uploads\/2023\/09\/Catra-720x380.jpg",540,285,true],"covernews-medium-square":["https:\/\/infoecos.com.ar\/wp-content\/uploads\/2023\/09\/Catra-675x450.jpg",375,250,true]},"author_info":{"info":["Jorge Matheus"]},"category_info":"<a href=\"https:\/\/infoecos.com.ar\/index.php\/category\/inferior6\/\" rel=\"category tag\">Bloque inferior - 6<\/a>","tag_info":"Bloque inferior - 6","comment_count":"0","_links":{"self":[{"href":"https:\/\/infoecos.com.ar\/index.php\/wp-json\/wp\/v2\/posts\/112636"}],"collection":[{"href":"https:\/\/infoecos.com.ar\/index.php\/wp-json\/wp\/v2\/posts"}],"about":[{"href":"https:\/\/infoecos.com.ar\/index.php\/wp-json\/wp\/v2\/types\/post"}],"author":[{"embeddable":true,"href":"https:\/\/infoecos.com.ar\/index.php\/wp-json\/wp\/v2\/users\/2"}],"replies":[{"embeddable":true,"href":"https:\/\/infoecos.com.ar\/index.php\/wp-json\/wp\/v2\/comments?post=112636"}],"version-history":[{"count":5,"href":"https:\/\/infoecos.com.ar\/index.php\/wp-json\/wp\/v2\/posts\/112636\/revisions"}],"predecessor-version":[{"id":112695,"href":"https:\/\/infoecos.com.ar\/index.php\/wp-json\/wp\/v2\/posts\/112636\/revisions\/112695"}],"wp:featuredmedia":[{"embeddable":true,"href":"https:\/\/infoecos.com.ar\/index.php\/wp-json\/wp\/v2\/media\/112646"}],"wp:attachment":[{"href":"https:\/\/infoecos.com.ar\/index.php\/wp-json\/wp\/v2\/media?parent=112636"}],"wp:term":[{"taxonomy":"category","embeddable":true,"href":"https:\/\/infoecos.com.ar\/index.php\/wp-json\/wp\/v2\/categories?post=112636"},{"taxonomy":"post_tag","embeddable":true,"href":"https:\/\/infoecos.com.ar\/index.php\/wp-json\/wp\/v2\/tags?post=112636"}],"curies":[{"name":"wp","href":"https:\/\/api.w.org\/{rel}","templated":true}]}}