{"id":112656,"date":"2023-09-21T21:50:18","date_gmt":"2023-09-22T00:50:18","guid":{"rendered":"https:\/\/infoecos.com.ar\/?p=112656"},"modified":"2023-09-23T02:04:33","modified_gmt":"2023-09-23T05:04:33","slug":"viva-la-musica-el-domingo-orquesta-sinfonica-municipal-cuarteto-de-saxos-y-luciano-demarchi","status":"publish","type":"post","link":"https:\/\/infoecos.com.ar\/index.php\/viva-la-musica-el-domingo-orquesta-sinfonica-municipal-cuarteto-de-saxos-y-luciano-demarchi\/","title":{"rendered":"Viva la m\u00fasica: el domingo, Orquesta Sinf\u00f3nica Municipal, Cuarteto de Saxos y Luciano Demarchi"},"content":{"rendered":"\n<p>La Orquesta Sinf\u00f3nica municipal, dirigida por los maestros Daniel Virzi y Mart\u00edn Larroud\u00e9; el Cuarteto de Saxos municipal y Luciano Demarchi, marimbista, se presentar\u00e1n en concierto este domingo, a las 19.30, en el auditorio de la Escuela Municipal de M\u00fasica, ubicada en el ingreso al Parque Municipal Conrado Villegas.<\/p>\n\n\n\n<figure class=\"wp-block-image alignright size-full is-resized\"><img loading=\"lazy\" decoding=\"async\" src=\"https:\/\/infoecos.com.ar\/wp-content\/uploads\/2023\/09\/380590844_713620010809359_5220729828442461967_n.jpg\" alt=\"\" class=\"wp-image-112657\" width=\"371\" height=\"247\" srcset=\"https:\/\/infoecos.com.ar\/wp-content\/uploads\/2023\/09\/380590844_713620010809359_5220729828442461967_n.jpg 900w, https:\/\/infoecos.com.ar\/wp-content\/uploads\/2023\/09\/380590844_713620010809359_5220729828442461967_n-800x533.jpg 800w, https:\/\/infoecos.com.ar\/wp-content\/uploads\/2023\/09\/380590844_713620010809359_5220729828442461967_n-768x512.jpg 768w, https:\/\/infoecos.com.ar\/wp-content\/uploads\/2023\/09\/380590844_713620010809359_5220729828442461967_n-675x450.jpg 675w\" sizes=\"(max-width: 371px) 100vw, 371px\" \/><figcaption class=\"wp-element-caption\">orquesta sinf\u00f3nica<\/figcaption><\/figure>\n\n\n\n<p>El concierto, de entrada libre y gratuita y organizado por le Escuela Municipal de M\u00fasica y la direcci\u00f3n de Cultura y Educaci\u00f3n municipal. Dar\u00e1 comienzo con la presentaci\u00f3n de la Orquesta Sinf\u00f3nica que ofrecer\u00e1 el siguiente repertorio: A\u00f1os de Soledad (Astor Piazzolla), Oblivion (Astor Piazzola), Buenos Aires Hora Cero (Astor Piazzolla).<\/p>\n\n\n\n<p>Y estar\u00e1n como solistas del Cuarteto de Saxos municipal Laureano Rossi, M\u00f3nica Bardaro, Marcos Martino y Mat\u00edas Molinaris.<\/p>\n\n\n\n<p>El repertorio en esta <strong>I Parte<\/strong> incluir\u00e1 tambi\u00e9n Pavana para una Infanta Difunta (M. Ravel), White Hollow (Mark Ford) y Waves(Mitchell Peters). Solista invitado: Luciano Demarchi (Marimba).<\/p>\n\n\n\n<p>En la <strong>II Parte<\/strong>, la Orquesta Sinf\u00f3nica presentar\u00e1: Coral Cantata BWV 78 (J.S. Bach), ThisismySong (J. Sibelius), Largo (F. Chopin), CameAgain (J. Dowland), Armes Waisekind&nbsp;&nbsp;&nbsp;&nbsp;&nbsp;&nbsp; (R. Schumann), Time (H. Zimmer), Zarabanda (G. F. HAendel), Preludio en La m (F. Tarrega), GoodNight (Lennon \u2013 Mc Cartney), Carnavalito (J. del Campo). Directores: Daniel Virzi y Mart\u00edn Larroude.<\/p>\n\n\n\n<p>La Orquesta Sinf\u00f3nica est\u00e1 integrada por Iv\u00e1n Castro, Gabriel Mansilla, Violeta Vicente y Maitena Quarteroni (flauta); Juliana Haurat y Guillermina Rossi (clarinete); Laureano Rossi (saxo soprano); M\u00f3nica Bardaro y Daniel Berardo (saxo alto); Marco Martino (saxo tenor); Mat\u00edas Molinaris (saxo bar\u00edtono); Diego L\u00f3pez (fagot); Diego Curiale (trompeta y flugelhorn); Mart\u00edn Larroud\u00e9 (corno franc\u00e9s) Luciano Ramos (tromb\u00f3n); Santiago Novareaux (marimba); Galo Bisio (timbales); Marcos Furhmann (percusi\u00f3n y accesorios); Gabriel Mansilla (piano); Juan Pablo Pichetto, Patricia Mola, Micaela Moreyra, Patricio Kessi, Andrea Girardi,Maite Ciaricco, Francisco Pichetto, Mar\u00eda Jos\u00e9 Roncallo y H\u00e9ctor Tobio (Viol\u00edn I); Javier Mansilla, Abril Mansilla, Oscar Ju\u00e1rez, Viviana Corral, Luciano Gallum, FlorenciaReyes, Mar\u00eda Minetto, Mar\u00eda Laura Cereigido, Hern\u00e1n Brown, Giovanna Facchino y Paula Distasio (Viol\u00edn II); Fernando Flores, Emilia Fuhr, Flavia Gamalieri y Neyen Agrazar (viola); Lucas Mu\u00f1oz, Cecilia Contreras, Mar\u00eda Pereda, Silvia Romero, Gisele Nazar, Laura Lambezat, Camila Murillo y B\u00e1rbara Neil (cello), y Miguel Pagani, Pablo Cepedal, Germ\u00e1n Anido y Rodrigo Amoroso (contrabajo). Director: Daniel Virzi.<\/p>\n","protected":false},"excerpt":{"rendered":"<p>Entrada libre y gratuita y organizado por le Escuela Municipal de M\u00fasica y la direcci\u00f3n de Cultura y Educaci\u00f3n municipal<\/p>\n","protected":false},"author":2,"featured_media":112657,"comment_status":"closed","ping_status":"open","sticky":false,"template":"","format":"standard","meta":{"footnotes":""},"categories":[43],"tags":[9200],"class_list":["post-112656","post","type-post","status-publish","format-standard","has-post-thumbnail","hentry","category-inferior4","tag-a-las-19-en-la-escuela-municipal"],"yoast_head":"<!-- This site is optimized with the Yoast SEO plugin v23.4 - https:\/\/yoast.com\/wordpress\/plugins\/seo\/ -->\n<title>Viva la m\u00fasica: el domingo, Orquesta Sinf\u00f3nica Municipal, Cuarteto de Saxos y Luciano Demarchi - Infoecos<\/title>\n<meta name=\"robots\" content=\"index, follow, max-snippet:-1, max-image-preview:large, max-video-preview:-1\" \/>\n<link rel=\"canonical\" href=\"https:\/\/infoecos.com.ar\/index.php\/viva-la-musica-el-domingo-orquesta-sinfonica-municipal-cuarteto-de-saxos-y-luciano-demarchi\/\" \/>\n<meta property=\"og:locale\" content=\"es_ES\" \/>\n<meta property=\"og:type\" content=\"article\" \/>\n<meta property=\"og:title\" content=\"Viva la m\u00fasica: el domingo, Orquesta Sinf\u00f3nica Municipal, Cuarteto de Saxos y Luciano Demarchi - Infoecos\" \/>\n<meta property=\"og:description\" content=\"Entrada libre y gratuita y organizado por le Escuela Municipal de M\u00fasica y la direcci\u00f3n de Cultura y Educaci\u00f3n municipal\" \/>\n<meta property=\"og:url\" content=\"https:\/\/infoecos.com.ar\/index.php\/viva-la-musica-el-domingo-orquesta-sinfonica-municipal-cuarteto-de-saxos-y-luciano-demarchi\/\" \/>\n<meta property=\"og:site_name\" content=\"Infoecos\" \/>\n<meta property=\"article:publisher\" content=\"https:\/\/www.facebook.com\/profile.php?id=100063200290284\" \/>\n<meta property=\"article:published_time\" content=\"2023-09-22T00:50:18+00:00\" \/>\n<meta property=\"article:modified_time\" content=\"2023-09-23T05:04:33+00:00\" \/>\n<meta property=\"og:image\" content=\"https:\/\/infoecos.com.ar\/wp-content\/uploads\/2023\/09\/380590844_713620010809359_5220729828442461967_n.jpg\" \/>\n\t<meta property=\"og:image:width\" content=\"900\" \/>\n\t<meta property=\"og:image:height\" content=\"600\" \/>\n\t<meta property=\"og:image:type\" content=\"image\/jpeg\" \/>\n<meta name=\"author\" content=\"Jorge Matheus\" \/>\n<meta name=\"twitter:card\" content=\"summary_large_image\" \/>\n<meta name=\"twitter:creator\" content=\"@infoecos\" \/>\n<meta name=\"twitter:site\" content=\"@infoecos\" \/>\n<meta name=\"twitter:label1\" content=\"Escrito por\" \/>\n\t<meta name=\"twitter:data1\" content=\"Jorge Matheus\" \/>\n\t<meta name=\"twitter:label2\" content=\"Tiempo de lectura\" \/>\n\t<meta name=\"twitter:data2\" content=\"2 minutos\" \/>\n<script type=\"application\/ld+json\" class=\"yoast-schema-graph\">{\"@context\":\"https:\/\/schema.org\",\"@graph\":[{\"@type\":\"Article\",\"@id\":\"https:\/\/infoecos.com.ar\/index.php\/viva-la-musica-el-domingo-orquesta-sinfonica-municipal-cuarteto-de-saxos-y-luciano-demarchi\/#article\",\"isPartOf\":{\"@id\":\"https:\/\/infoecos.com.ar\/index.php\/viva-la-musica-el-domingo-orquesta-sinfonica-municipal-cuarteto-de-saxos-y-luciano-demarchi\/\"},\"author\":{\"name\":\"Jorge Matheus\",\"@id\":\"https:\/\/infoecos.com.ar\/#\/schema\/person\/8f5ace5ce73b4b4aac4b7245aee6f191\"},\"headline\":\"Viva la m\u00fasica: el domingo, Orquesta Sinf\u00f3nica Municipal, Cuarteto de Saxos y Luciano Demarchi\",\"datePublished\":\"2023-09-22T00:50:18+00:00\",\"dateModified\":\"2023-09-23T05:04:33+00:00\",\"mainEntityOfPage\":{\"@id\":\"https:\/\/infoecos.com.ar\/index.php\/viva-la-musica-el-domingo-orquesta-sinfonica-municipal-cuarteto-de-saxos-y-luciano-demarchi\/\"},\"wordCount\":422,\"publisher\":{\"@id\":\"https:\/\/infoecos.com.ar\/#organization\"},\"image\":{\"@id\":\"https:\/\/infoecos.com.ar\/index.php\/viva-la-musica-el-domingo-orquesta-sinfonica-municipal-cuarteto-de-saxos-y-luciano-demarchi\/#primaryimage\"},\"thumbnailUrl\":\"https:\/\/infoecos.com.ar\/wp-content\/uploads\/2023\/09\/380590844_713620010809359_5220729828442461967_n.jpg\",\"keywords\":[\"a las 19 en la Escuela Municipal\"],\"articleSection\":[\"Bloque inferior - 4\"],\"inLanguage\":\"es\"},{\"@type\":\"WebPage\",\"@id\":\"https:\/\/infoecos.com.ar\/index.php\/viva-la-musica-el-domingo-orquesta-sinfonica-municipal-cuarteto-de-saxos-y-luciano-demarchi\/\",\"url\":\"https:\/\/infoecos.com.ar\/index.php\/viva-la-musica-el-domingo-orquesta-sinfonica-municipal-cuarteto-de-saxos-y-luciano-demarchi\/\",\"name\":\"Viva la m\u00fasica: el domingo, Orquesta Sinf\u00f3nica Municipal, Cuarteto de Saxos y Luciano Demarchi - Infoecos\",\"isPartOf\":{\"@id\":\"https:\/\/infoecos.com.ar\/#website\"},\"primaryImageOfPage\":{\"@id\":\"https:\/\/infoecos.com.ar\/index.php\/viva-la-musica-el-domingo-orquesta-sinfonica-municipal-cuarteto-de-saxos-y-luciano-demarchi\/#primaryimage\"},\"image\":{\"@id\":\"https:\/\/infoecos.com.ar\/index.php\/viva-la-musica-el-domingo-orquesta-sinfonica-municipal-cuarteto-de-saxos-y-luciano-demarchi\/#primaryimage\"},\"thumbnailUrl\":\"https:\/\/infoecos.com.ar\/wp-content\/uploads\/2023\/09\/380590844_713620010809359_5220729828442461967_n.jpg\",\"datePublished\":\"2023-09-22T00:50:18+00:00\",\"dateModified\":\"2023-09-23T05:04:33+00:00\",\"breadcrumb\":{\"@id\":\"https:\/\/infoecos.com.ar\/index.php\/viva-la-musica-el-domingo-orquesta-sinfonica-municipal-cuarteto-de-saxos-y-luciano-demarchi\/#breadcrumb\"},\"inLanguage\":\"es\",\"potentialAction\":[{\"@type\":\"ReadAction\",\"target\":[\"https:\/\/infoecos.com.ar\/index.php\/viva-la-musica-el-domingo-orquesta-sinfonica-municipal-cuarteto-de-saxos-y-luciano-demarchi\/\"]}]},{\"@type\":\"ImageObject\",\"inLanguage\":\"es\",\"@id\":\"https:\/\/infoecos.com.ar\/index.php\/viva-la-musica-el-domingo-orquesta-sinfonica-municipal-cuarteto-de-saxos-y-luciano-demarchi\/#primaryimage\",\"url\":\"https:\/\/infoecos.com.ar\/wp-content\/uploads\/2023\/09\/380590844_713620010809359_5220729828442461967_n.jpg\",\"contentUrl\":\"https:\/\/infoecos.com.ar\/wp-content\/uploads\/2023\/09\/380590844_713620010809359_5220729828442461967_n.jpg\",\"width\":900,\"height\":600},{\"@type\":\"BreadcrumbList\",\"@id\":\"https:\/\/infoecos.com.ar\/index.php\/viva-la-musica-el-domingo-orquesta-sinfonica-municipal-cuarteto-de-saxos-y-luciano-demarchi\/#breadcrumb\",\"itemListElement\":[{\"@type\":\"ListItem\",\"position\":1,\"name\":\"Portada\",\"item\":\"https:\/\/infoecos.com.ar\/\"},{\"@type\":\"ListItem\",\"position\":2,\"name\":\"Viva la m\u00fasica: el domingo, Orquesta Sinf\u00f3nica Municipal, Cuarteto de Saxos y Luciano Demarchi\"}]},{\"@type\":\"WebSite\",\"@id\":\"https:\/\/infoecos.com.ar\/#website\",\"url\":\"https:\/\/infoecos.com.ar\/\",\"name\":\"Infoecos\",\"description\":\"Noticias de trenque lauquen y la zona\",\"publisher\":{\"@id\":\"https:\/\/infoecos.com.ar\/#organization\"},\"alternateName\":\"Noticias\",\"potentialAction\":[{\"@type\":\"SearchAction\",\"target\":{\"@type\":\"EntryPoint\",\"urlTemplate\":\"https:\/\/infoecos.com.ar\/?s={search_term_string}\"},\"query-input\":{\"@type\":\"PropertyValueSpecification\",\"valueRequired\":true,\"valueName\":\"search_term_string\"}}],\"inLanguage\":\"es\"},{\"@type\":\"Organization\",\"@id\":\"https:\/\/infoecos.com.ar\/#organization\",\"name\":\"Infoecos\",\"alternateName\":\"Noticias\",\"url\":\"https:\/\/infoecos.com.ar\/\",\"logo\":{\"@type\":\"ImageObject\",\"inLanguage\":\"es\",\"@id\":\"https:\/\/infoecos.com.ar\/#\/schema\/logo\/image\/\",\"url\":\"https:\/\/infoecos.com.ar\/wp-content\/uploads\/2024\/03\/cropped-logo.png\",\"contentUrl\":\"https:\/\/infoecos.com.ar\/wp-content\/uploads\/2024\/03\/cropped-logo.png\",\"width\":374,\"height\":90,\"caption\":\"Infoecos\"},\"image\":{\"@id\":\"https:\/\/infoecos.com.ar\/#\/schema\/logo\/image\/\"},\"sameAs\":[\"https:\/\/www.facebook.com\/profile.php?id=100063200290284\",\"https:\/\/x.com\/infoecos\"]},{\"@type\":\"Person\",\"@id\":\"https:\/\/infoecos.com.ar\/#\/schema\/person\/8f5ace5ce73b4b4aac4b7245aee6f191\",\"name\":\"Jorge Matheus\",\"url\":\"https:\/\/infoecos.com.ar\/index.php\/author\/jomatheus\/\"}]}<\/script>\n<!-- \/ Yoast SEO plugin. -->","yoast_head_json":{"title":"Viva la m\u00fasica: el domingo, Orquesta Sinf\u00f3nica Municipal, Cuarteto de Saxos y Luciano Demarchi - Infoecos","robots":{"index":"index","follow":"follow","max-snippet":"max-snippet:-1","max-image-preview":"max-image-preview:large","max-video-preview":"max-video-preview:-1"},"canonical":"https:\/\/infoecos.com.ar\/index.php\/viva-la-musica-el-domingo-orquesta-sinfonica-municipal-cuarteto-de-saxos-y-luciano-demarchi\/","og_locale":"es_ES","og_type":"article","og_title":"Viva la m\u00fasica: el domingo, Orquesta Sinf\u00f3nica Municipal, Cuarteto de Saxos y Luciano Demarchi - Infoecos","og_description":"Entrada libre y gratuita y organizado por le Escuela Municipal de M\u00fasica y la direcci\u00f3n de Cultura y Educaci\u00f3n municipal","og_url":"https:\/\/infoecos.com.ar\/index.php\/viva-la-musica-el-domingo-orquesta-sinfonica-municipal-cuarteto-de-saxos-y-luciano-demarchi\/","og_site_name":"Infoecos","article_publisher":"https:\/\/www.facebook.com\/profile.php?id=100063200290284","article_published_time":"2023-09-22T00:50:18+00:00","article_modified_time":"2023-09-23T05:04:33+00:00","og_image":[{"width":900,"height":600,"url":"https:\/\/infoecos.com.ar\/wp-content\/uploads\/2023\/09\/380590844_713620010809359_5220729828442461967_n.jpg","type":"image\/jpeg"}],"author":"Jorge Matheus","twitter_card":"summary_large_image","twitter_creator":"@infoecos","twitter_site":"@infoecos","twitter_misc":{"Escrito por":"Jorge Matheus","Tiempo de lectura":"2 minutos"},"schema":{"@context":"https:\/\/schema.org","@graph":[{"@type":"Article","@id":"https:\/\/infoecos.com.ar\/index.php\/viva-la-musica-el-domingo-orquesta-sinfonica-municipal-cuarteto-de-saxos-y-luciano-demarchi\/#article","isPartOf":{"@id":"https:\/\/infoecos.com.ar\/index.php\/viva-la-musica-el-domingo-orquesta-sinfonica-municipal-cuarteto-de-saxos-y-luciano-demarchi\/"},"author":{"name":"Jorge Matheus","@id":"https:\/\/infoecos.com.ar\/#\/schema\/person\/8f5ace5ce73b4b4aac4b7245aee6f191"},"headline":"Viva la m\u00fasica: el domingo, Orquesta Sinf\u00f3nica Municipal, Cuarteto de Saxos y Luciano Demarchi","datePublished":"2023-09-22T00:50:18+00:00","dateModified":"2023-09-23T05:04:33+00:00","mainEntityOfPage":{"@id":"https:\/\/infoecos.com.ar\/index.php\/viva-la-musica-el-domingo-orquesta-sinfonica-municipal-cuarteto-de-saxos-y-luciano-demarchi\/"},"wordCount":422,"publisher":{"@id":"https:\/\/infoecos.com.ar\/#organization"},"image":{"@id":"https:\/\/infoecos.com.ar\/index.php\/viva-la-musica-el-domingo-orquesta-sinfonica-municipal-cuarteto-de-saxos-y-luciano-demarchi\/#primaryimage"},"thumbnailUrl":"https:\/\/infoecos.com.ar\/wp-content\/uploads\/2023\/09\/380590844_713620010809359_5220729828442461967_n.jpg","keywords":["a las 19 en la Escuela Municipal"],"articleSection":["Bloque inferior - 4"],"inLanguage":"es"},{"@type":"WebPage","@id":"https:\/\/infoecos.com.ar\/index.php\/viva-la-musica-el-domingo-orquesta-sinfonica-municipal-cuarteto-de-saxos-y-luciano-demarchi\/","url":"https:\/\/infoecos.com.ar\/index.php\/viva-la-musica-el-domingo-orquesta-sinfonica-municipal-cuarteto-de-saxos-y-luciano-demarchi\/","name":"Viva la m\u00fasica: el domingo, Orquesta Sinf\u00f3nica Municipal, Cuarteto de Saxos y Luciano Demarchi - Infoecos","isPartOf":{"@id":"https:\/\/infoecos.com.ar\/#website"},"primaryImageOfPage":{"@id":"https:\/\/infoecos.com.ar\/index.php\/viva-la-musica-el-domingo-orquesta-sinfonica-municipal-cuarteto-de-saxos-y-luciano-demarchi\/#primaryimage"},"image":{"@id":"https:\/\/infoecos.com.ar\/index.php\/viva-la-musica-el-domingo-orquesta-sinfonica-municipal-cuarteto-de-saxos-y-luciano-demarchi\/#primaryimage"},"thumbnailUrl":"https:\/\/infoecos.com.ar\/wp-content\/uploads\/2023\/09\/380590844_713620010809359_5220729828442461967_n.jpg","datePublished":"2023-09-22T00:50:18+00:00","dateModified":"2023-09-23T05:04:33+00:00","breadcrumb":{"@id":"https:\/\/infoecos.com.ar\/index.php\/viva-la-musica-el-domingo-orquesta-sinfonica-municipal-cuarteto-de-saxos-y-luciano-demarchi\/#breadcrumb"},"inLanguage":"es","potentialAction":[{"@type":"ReadAction","target":["https:\/\/infoecos.com.ar\/index.php\/viva-la-musica-el-domingo-orquesta-sinfonica-municipal-cuarteto-de-saxos-y-luciano-demarchi\/"]}]},{"@type":"ImageObject","inLanguage":"es","@id":"https:\/\/infoecos.com.ar\/index.php\/viva-la-musica-el-domingo-orquesta-sinfonica-municipal-cuarteto-de-saxos-y-luciano-demarchi\/#primaryimage","url":"https:\/\/infoecos.com.ar\/wp-content\/uploads\/2023\/09\/380590844_713620010809359_5220729828442461967_n.jpg","contentUrl":"https:\/\/infoecos.com.ar\/wp-content\/uploads\/2023\/09\/380590844_713620010809359_5220729828442461967_n.jpg","width":900,"height":600},{"@type":"BreadcrumbList","@id":"https:\/\/infoecos.com.ar\/index.php\/viva-la-musica-el-domingo-orquesta-sinfonica-municipal-cuarteto-de-saxos-y-luciano-demarchi\/#breadcrumb","itemListElement":[{"@type":"ListItem","position":1,"name":"Portada","item":"https:\/\/infoecos.com.ar\/"},{"@type":"ListItem","position":2,"name":"Viva la m\u00fasica: el domingo, Orquesta Sinf\u00f3nica Municipal, Cuarteto de Saxos y Luciano Demarchi"}]},{"@type":"WebSite","@id":"https:\/\/infoecos.com.ar\/#website","url":"https:\/\/infoecos.com.ar\/","name":"Infoecos","description":"Noticias de trenque lauquen y la zona","publisher":{"@id":"https:\/\/infoecos.com.ar\/#organization"},"alternateName":"Noticias","potentialAction":[{"@type":"SearchAction","target":{"@type":"EntryPoint","urlTemplate":"https:\/\/infoecos.com.ar\/?s={search_term_string}"},"query-input":{"@type":"PropertyValueSpecification","valueRequired":true,"valueName":"search_term_string"}}],"inLanguage":"es"},{"@type":"Organization","@id":"https:\/\/infoecos.com.ar\/#organization","name":"Infoecos","alternateName":"Noticias","url":"https:\/\/infoecos.com.ar\/","logo":{"@type":"ImageObject","inLanguage":"es","@id":"https:\/\/infoecos.com.ar\/#\/schema\/logo\/image\/","url":"https:\/\/infoecos.com.ar\/wp-content\/uploads\/2024\/03\/cropped-logo.png","contentUrl":"https:\/\/infoecos.com.ar\/wp-content\/uploads\/2024\/03\/cropped-logo.png","width":374,"height":90,"caption":"Infoecos"},"image":{"@id":"https:\/\/infoecos.com.ar\/#\/schema\/logo\/image\/"},"sameAs":["https:\/\/www.facebook.com\/profile.php?id=100063200290284","https:\/\/x.com\/infoecos"]},{"@type":"Person","@id":"https:\/\/infoecos.com.ar\/#\/schema\/person\/8f5ace5ce73b4b4aac4b7245aee6f191","name":"Jorge Matheus","url":"https:\/\/infoecos.com.ar\/index.php\/author\/jomatheus\/"}]}},"featured_image_urls":{"full":["https:\/\/infoecos.com.ar\/wp-content\/uploads\/2023\/09\/380590844_713620010809359_5220729828442461967_n.jpg",900,600,false],"thumbnail":["https:\/\/infoecos.com.ar\/wp-content\/uploads\/2023\/09\/380590844_713620010809359_5220729828442461967_n-300x150.jpg",300,150,true],"medium":["https:\/\/infoecos.com.ar\/wp-content\/uploads\/2023\/09\/380590844_713620010809359_5220729828442461967_n-800x533.jpg",800,533,true],"medium_large":["https:\/\/infoecos.com.ar\/wp-content\/uploads\/2023\/09\/380590844_713620010809359_5220729828442461967_n-768x512.jpg",640,427,true],"large":["https:\/\/infoecos.com.ar\/wp-content\/uploads\/2023\/09\/380590844_713620010809359_5220729828442461967_n.jpg",640,427,false],"1536x1536":["https:\/\/infoecos.com.ar\/wp-content\/uploads\/2023\/09\/380590844_713620010809359_5220729828442461967_n.jpg",900,600,false],"2048x2048":["https:\/\/infoecos.com.ar\/wp-content\/uploads\/2023\/09\/380590844_713620010809359_5220729828442461967_n.jpg",900,600,false],"covernews-slider-full":["https:\/\/infoecos.com.ar\/wp-content\/uploads\/2023\/09\/380590844_713620010809359_5220729828442461967_n.jpg",900,600,false],"covernews-slider-center":["https:\/\/infoecos.com.ar\/wp-content\/uploads\/2023\/09\/380590844_713620010809359_5220729828442461967_n.jpg",750,500,false],"covernews-featured":["https:\/\/infoecos.com.ar\/wp-content\/uploads\/2023\/09\/380590844_713620010809359_5220729828442461967_n.jpg",900,600,false],"covernews-medium":["https:\/\/infoecos.com.ar\/wp-content\/uploads\/2023\/09\/380590844_713620010809359_5220729828442461967_n-720x380.jpg",540,285,true],"covernews-medium-square":["https:\/\/infoecos.com.ar\/wp-content\/uploads\/2023\/09\/380590844_713620010809359_5220729828442461967_n-675x450.jpg",375,250,true]},"author_info":{"info":["Jorge Matheus"]},"category_info":"<a href=\"https:\/\/infoecos.com.ar\/index.php\/category\/inferior4\/\" rel=\"category tag\">Bloque inferior - 4<\/a>","tag_info":"Bloque inferior - 4","comment_count":"0","_links":{"self":[{"href":"https:\/\/infoecos.com.ar\/index.php\/wp-json\/wp\/v2\/posts\/112656"}],"collection":[{"href":"https:\/\/infoecos.com.ar\/index.php\/wp-json\/wp\/v2\/posts"}],"about":[{"href":"https:\/\/infoecos.com.ar\/index.php\/wp-json\/wp\/v2\/types\/post"}],"author":[{"embeddable":true,"href":"https:\/\/infoecos.com.ar\/index.php\/wp-json\/wp\/v2\/users\/2"}],"replies":[{"embeddable":true,"href":"https:\/\/infoecos.com.ar\/index.php\/wp-json\/wp\/v2\/comments?post=112656"}],"version-history":[{"count":2,"href":"https:\/\/infoecos.com.ar\/index.php\/wp-json\/wp\/v2\/posts\/112656\/revisions"}],"predecessor-version":[{"id":112772,"href":"https:\/\/infoecos.com.ar\/index.php\/wp-json\/wp\/v2\/posts\/112656\/revisions\/112772"}],"wp:featuredmedia":[{"embeddable":true,"href":"https:\/\/infoecos.com.ar\/index.php\/wp-json\/wp\/v2\/media\/112657"}],"wp:attachment":[{"href":"https:\/\/infoecos.com.ar\/index.php\/wp-json\/wp\/v2\/media?parent=112656"}],"wp:term":[{"taxonomy":"category","embeddable":true,"href":"https:\/\/infoecos.com.ar\/index.php\/wp-json\/wp\/v2\/categories?post=112656"},{"taxonomy":"post_tag","embeddable":true,"href":"https:\/\/infoecos.com.ar\/index.php\/wp-json\/wp\/v2\/tags?post=112656"}],"curies":[{"name":"wp","href":"https:\/\/api.w.org\/{rel}","templated":true}]}}