{"id":112661,"date":"2023-09-21T23:09:07","date_gmt":"2023-09-22T02:09:07","guid":{"rendered":"https:\/\/infoecos.com.ar\/?p=112661"},"modified":"2023-09-26T04:22:49","modified_gmt":"2023-09-26T07:22:49","slug":"la-justicia-pampeana-considero-que-la-caza-con-jauria-del-jabali-en-la-provincia-esta-permitida","status":"publish","type":"post","link":"https:\/\/infoecos.com.ar\/index.php\/la-justicia-pampeana-considero-que-la-caza-con-jauria-del-jabali-en-la-provincia-esta-permitida\/","title":{"rendered":"La Justicia pampeana consider\u00f3 que la caza con jaur\u00eda, del jabal\u00ed, est\u00e1 permitida"},"content":{"rendered":"\n<p>El Superior Tribunal de Justicia de La Pampa declar\u00f3 inadmisible el recurso extraordinario federal interpuesto por la defensora Ana Carolina D\u00edaz contra el fallo que declar\u00f3 constitucional el decreto que reglamenta la caza con jaur\u00eda del jabal\u00ed en la provincia.&nbsp;<\/p>\n\n\n\n<figure class=\"wp-block-image alignright size-full\"><img loading=\"lazy\" decoding=\"async\" width=\"286\" height=\"176\" src=\"https:\/\/infoecos.com.ar\/wp-content\/uploads\/2021\/03\/uabao8.jpg\" alt=\"\" class=\"wp-image-75170\"\/><\/figure>\n\n\n\n<p>Los jueces no se metieron con la cuesti\u00f3n del maltrato animal, sino que analizaron si el decreto que reglamenta la caza con jaur\u00eda es constitucional y concluyeron que s\u00ed porque la ley habilita esa modalidad de caza.<\/p>\n\n\n\n<p>Se determin\u00f3, en la respuesta brindada por el STJ, que los jueces no pueden interferir en el ejercicio de facultades privativas de otros poderes con arreglo a lo prescripto por la Constituci\u00f3n Nacional.<\/p>\n\n\n\n<p>La Justicia pampeana considera que \u00abla discusi\u00f3n propuesta por la actora no puede darse en el \u00e1mbito judicial, en tanto esa labor le pertenece al Poder Legislativo\u00bb, agregando que \u00abla soluci\u00f3n se presenta respetuosa del principio de separaci\u00f3n de poderes y de los l\u00edmites constitucionales y legales sobre la competencia de los tribunales\u00bb.<\/p>\n\n\n\n<figure class=\"wp-block-image alignright size-full is-resized\"><img loading=\"lazy\" decoding=\"async\" src=\"https:\/\/infoecos.com.ar\/wp-content\/uploads\/2023\/09\/image-122.png\" alt=\"\" class=\"wp-image-112662\" width=\"286\" height=\"215\"\/><\/figure>\n\n\n\n<p><strong>Caza mayor con jaur\u00eda es el nombre t\u00e9cnico que se le da a la caza del jabal\u00ed con perros.<\/strong><\/p>\n\n\n\n<p><strong>En la Argentina es una pr\u00e1ctica mucho m\u00e1s extendida y mucho m\u00e1s frecuente de lo que la ley habilita.&nbsp;Consiste en internarse en el medio de la noche en un campo vast\u00edsimo y desolado con cuatro dogos argentinos de combate y un cuchillo de veinticinco cent\u00edmetros de filo, caminar toda la noche, atravesar zonas pantanosas con agua hasta la cintura, ser silencioso y saber escuchar los ruidos lejanos que trae el viento.&nbsp;Tiene algo de marcial y algo ritual. Y finaliza en una mezcla pastosa de transpiraci\u00f3n, barro y sangre en el momento en que el rematador logra montar al chancho y hundirle la hoja hasta el coraz\u00f3n, con una sola estocada precisa por detr\u00e1s de la pata delantera y a trav\u00e9s de las costillas. La caza empieza a las diez u once de la noche y termina cuando clarea, ocho o diez horas despu\u00e9s.<\/strong><\/p>\n\n\n\n<p><strong>Un cazador sale en general acompa\u00f1ado por una o dos personas m\u00e1s y sus perros. Apenas caminado un poco el terreno, larga los dos dogos m\u00e1s experimentados. A esos se los llama \u00abpunteros\u00bb. Los punteros corren en la direcci\u00f3n que les indica el olfato y se pierden r\u00e1pido de vista entre el pasto alto. Entonces, el cazador empieza a avanzar. Nunca se prenden las linternas porque&nbsp;la luz espanta a los jabal\u00edes y los pone en aviso, con lo cual al cabo de un rato, inevitablemente, se pierde cualquier tipo de referencia fija sobre el terreno, salvo la noci\u00f3n vaga de que a nuestras espaldas est\u00e1 la ruta&nbsp;que, a medida que pasa el tiempo, va quedando m\u00e1s y m\u00e1s atr\u00e1s.<\/strong><\/p>\n\n\n\n<p><strong>Una hora y media o dos horas despu\u00e9s, el grupo avanza en la nada, al trote, respirando fuerte. Cada veinte o treinta minutos paran la marcha, hacen silencio y escuchan. Lej\u00edsimos, a kil\u00f3metros de distancia, ladran los punteros. Ese eco difuso es lo que hay que buscar a tientas. El rastro es enga\u00f1oso porque el viento trae el ruido en cualquier direcci\u00f3n y le asigna un origen falso en un punto incierto del infinito. Un cazador experimentado sabe interpretarlo, aunque no siempre.&nbsp;Los ladridos indican que los perros ya encontraron un chancho y que est\u00e1n peleando. Van a pelear durante dos, tres, cuatro horas.<\/strong><\/p>\n\n\n\n<p><strong>Un jabal\u00ed macho adulto alcanza los 130 kilos y puede matar f\u00e1cilmente a un hombre adulto. En la pelea embiste con todo el cuerpo y da giros r\u00e1pidos sobre su propio eje. Si engancha alguno de sus colmillos que sobresalen de la parte superior o inferior de la boca, puede abrir cualquier cuerpo como si fuese manteca.&nbsp;Un dogo argentino macho adulto puede pesar 55 kilos y tambi\u00e9n te puede matar f\u00e1cilmente. Es uno de los perros m\u00e1s vers\u00e1tiles, fuertes, sofisticados y duros que existen.&nbsp;Fue dise\u00f1ado y criado durante la primera mitad del siglo XX en la Argentina con dos principios: amar a su due\u00f1o y pelear hasta matar, o hasta morir.<\/strong><\/p>\n\n\n\n<p><strong>La pelea entre los dogos y el jabal\u00ed es un espect\u00e1culo terrible. No existe ning\u00fan animal en el mundo capaz de avanzar sobre un enemigo que lo duplica en tama\u00f1o una y otra vez con la elegancia y la violencia con la que lo hace un dogo.<\/strong>&nbsp;<strong>Despu\u00e9s de un largo combate, tanto los perros como el jabal\u00ed est\u00e1n reventados, pero el dogo sigue atacando, mientras que el chancho busca correrse un poco para recuperar el aliento y, si se lo permiten, escapar. Muy dif\u00edcilmente pueda, porque el ataque de los perros es implacable. El dogo muerde al jabal\u00ed en donde puede y se le queda prendido para siempre. Preferentemente busca el cuello. Su gen\u00e9tica lo condiciona a no soltar, excepto que el bicho lo obligue, revole\u00e1ndolo por el aire. Mientras pelea, un dogo argentino puede agitar la cola con alegr\u00eda. Y jam\u00e1s va a abandonar a la presa.<\/strong><\/p>\n\n\n\n<p><strong>Reci\u00e9n cuando se junta con sus perros, el cazador est\u00e1 en condiciones de evaluar el panorama. Nunca sabe con qu\u00e9 se puede encontrar. Quiz\u00e1s un padrillo, quiz\u00e1s varios. Ah\u00ed suelta a los otros dos dogos que hab\u00edan quedado en la retaguardia. Hacen de relevo de los punteros que, aunque cansados, no abandonan.<\/strong><\/p>\n\n\n\n<p><strong>Entre los cuatro combaten hasta que logran sujetar al bicho. Ese rato lo musicalizan los chillidos ca\u00f3ticos y entrecortados de la presa.&nbsp;El jabal\u00ed, en este punto, est\u00e1 muy cansado y apenas puede moverse, aunque pelea hasta el final con lo que le queda de fuerza, tratando de zafarse de las mordidas que lo inmovilizan.&nbsp;En ese momento el cazador tiene que montarlo y matarlo. Es un instante cr\u00edtico porque siempre est\u00e1 la posibilidad de que el chancho se suelte. Si la faena es exitosa, el cazador desenvaina el fac\u00f3n con la sangre goteando hasta el codo.<\/strong><\/p>\n\n\n\n<p><strong>Una vez muerto, al jabal\u00ed se lo corta a la mitad para descartar los \u00f3rganos que no sirven. Dos acompa\u00f1antes tienen que cargar los dos costillares hasta la camioneta, que qued\u00f3 al costado de la ruta, a tres o cuatro horas m\u00e1s de caminata.<\/strong><\/p>\n\n\n\n<p><mark style=\"background-color:rgba(0, 0, 0, 0)\" class=\"has-inline-color has-vivid-cyan-blue-color\"><strong>Nota con material extra\u00eddo de El Diario de La Pampa<\/strong>.<\/mark><\/p>\n\n\n\n<p><strong><mark style=\"background-color:rgba(0, 0, 0, 0)\" class=\"has-inline-color has-vivid-cyan-blue-color\">Las letras negritas corresponden a un art\u00edculo publicado en La Naci\u00f3n que puede hallarse a trav\u00e9s de Google.<\/mark><\/strong><\/p>\n","protected":false},"excerpt":{"rendered":"<p>Los jueces no se metieron con la cuesti\u00f3n del maltrato animal, sino que analizaron si el decreto que reglamenta la caza con jaur\u00eda es constitucional y concluyeron que s\u00ed porque la ley habilita esa modalidad de caza<\/p>\n","protected":false},"author":2,"featured_media":9709,"comment_status":"closed","ping_status":"open","sticky":false,"template":"","format":"standard","meta":{"footnotes":""},"categories":[1332],"tags":[9202],"class_list":["post-112661","post","type-post","status-publish","format-standard","has-post-thumbnail","hentry","category-inferior12","tag-respuesta-a-un-recurso"],"yoast_head":"<!-- This site is optimized with the Yoast SEO plugin v23.4 - https:\/\/yoast.com\/wordpress\/plugins\/seo\/ -->\n<title>La Justicia pampeana consider\u00f3 que la caza con jaur\u00eda, del jabal\u00ed, est\u00e1 permitida - Infoecos<\/title>\n<meta name=\"robots\" content=\"index, follow, max-snippet:-1, max-image-preview:large, max-video-preview:-1\" \/>\n<link rel=\"canonical\" href=\"https:\/\/infoecos.com.ar\/index.php\/la-justicia-pampeana-considero-que-la-caza-con-jauria-del-jabali-en-la-provincia-esta-permitida\/\" \/>\n<meta property=\"og:locale\" content=\"es_ES\" \/>\n<meta property=\"og:type\" content=\"article\" \/>\n<meta property=\"og:title\" content=\"La Justicia pampeana consider\u00f3 que la caza con jaur\u00eda, del jabal\u00ed, est\u00e1 permitida - Infoecos\" \/>\n<meta property=\"og:description\" content=\"Los jueces no se metieron con la cuesti\u00f3n del maltrato animal, sino que analizaron si el decreto que reglamenta la caza con jaur\u00eda es constitucional y concluyeron que s\u00ed porque la ley habilita esa modalidad de caza\" \/>\n<meta property=\"og:url\" content=\"https:\/\/infoecos.com.ar\/index.php\/la-justicia-pampeana-considero-que-la-caza-con-jauria-del-jabali-en-la-provincia-esta-permitida\/\" \/>\n<meta property=\"og:site_name\" content=\"Infoecos\" \/>\n<meta property=\"article:publisher\" content=\"https:\/\/www.facebook.com\/profile.php?id=100063200290284\" \/>\n<meta property=\"article:published_time\" content=\"2023-09-22T02:09:07+00:00\" \/>\n<meta property=\"article:modified_time\" content=\"2023-09-26T07:22:49+00:00\" \/>\n<meta property=\"og:image\" content=\"https:\/\/infoecos.com.ar\/wp-content\/uploads\/descarga32.jpg\" \/>\n\t<meta property=\"og:image:width\" content=\"272\" \/>\n\t<meta property=\"og:image:height\" content=\"186\" \/>\n\t<meta property=\"og:image:type\" content=\"image\/jpeg\" \/>\n<meta name=\"author\" content=\"Jorge Matheus\" \/>\n<meta name=\"twitter:card\" content=\"summary_large_image\" \/>\n<meta name=\"twitter:creator\" content=\"@infoecos\" \/>\n<meta name=\"twitter:site\" content=\"@infoecos\" \/>\n<meta name=\"twitter:label1\" content=\"Escrito por\" \/>\n\t<meta name=\"twitter:data1\" content=\"Jorge Matheus\" \/>\n\t<meta name=\"twitter:label2\" content=\"Tiempo de lectura\" \/>\n\t<meta name=\"twitter:data2\" content=\"6 minutos\" \/>\n<script type=\"application\/ld+json\" class=\"yoast-schema-graph\">{\"@context\":\"https:\/\/schema.org\",\"@graph\":[{\"@type\":\"Article\",\"@id\":\"https:\/\/infoecos.com.ar\/index.php\/la-justicia-pampeana-considero-que-la-caza-con-jauria-del-jabali-en-la-provincia-esta-permitida\/#article\",\"isPartOf\":{\"@id\":\"https:\/\/infoecos.com.ar\/index.php\/la-justicia-pampeana-considero-que-la-caza-con-jauria-del-jabali-en-la-provincia-esta-permitida\/\"},\"author\":{\"name\":\"Jorge Matheus\",\"@id\":\"https:\/\/infoecos.com.ar\/#\/schema\/person\/8f5ace5ce73b4b4aac4b7245aee6f191\"},\"headline\":\"La Justicia pampeana consider\u00f3 que la caza con jaur\u00eda, del jabal\u00ed, est\u00e1 permitida\",\"datePublished\":\"2023-09-22T02:09:07+00:00\",\"dateModified\":\"2023-09-26T07:22:49+00:00\",\"mainEntityOfPage\":{\"@id\":\"https:\/\/infoecos.com.ar\/index.php\/la-justicia-pampeana-considero-que-la-caza-con-jauria-del-jabali-en-la-provincia-esta-permitida\/\"},\"wordCount\":1126,\"publisher\":{\"@id\":\"https:\/\/infoecos.com.ar\/#organization\"},\"image\":{\"@id\":\"https:\/\/infoecos.com.ar\/index.php\/la-justicia-pampeana-considero-que-la-caza-con-jauria-del-jabali-en-la-provincia-esta-permitida\/#primaryimage\"},\"thumbnailUrl\":\"\",\"keywords\":[\"RESPUESTA A UN RECURSO\"],\"articleSection\":[\"Bloque inferior - 12\"],\"inLanguage\":\"es\"},{\"@type\":\"WebPage\",\"@id\":\"https:\/\/infoecos.com.ar\/index.php\/la-justicia-pampeana-considero-que-la-caza-con-jauria-del-jabali-en-la-provincia-esta-permitida\/\",\"url\":\"https:\/\/infoecos.com.ar\/index.php\/la-justicia-pampeana-considero-que-la-caza-con-jauria-del-jabali-en-la-provincia-esta-permitida\/\",\"name\":\"La Justicia pampeana consider\u00f3 que la caza con jaur\u00eda, del jabal\u00ed, est\u00e1 permitida - Infoecos\",\"isPartOf\":{\"@id\":\"https:\/\/infoecos.com.ar\/#website\"},\"primaryImageOfPage\":{\"@id\":\"https:\/\/infoecos.com.ar\/index.php\/la-justicia-pampeana-considero-que-la-caza-con-jauria-del-jabali-en-la-provincia-esta-permitida\/#primaryimage\"},\"image\":{\"@id\":\"https:\/\/infoecos.com.ar\/index.php\/la-justicia-pampeana-considero-que-la-caza-con-jauria-del-jabali-en-la-provincia-esta-permitida\/#primaryimage\"},\"thumbnailUrl\":\"\",\"datePublished\":\"2023-09-22T02:09:07+00:00\",\"dateModified\":\"2023-09-26T07:22:49+00:00\",\"breadcrumb\":{\"@id\":\"https:\/\/infoecos.com.ar\/index.php\/la-justicia-pampeana-considero-que-la-caza-con-jauria-del-jabali-en-la-provincia-esta-permitida\/#breadcrumb\"},\"inLanguage\":\"es\",\"potentialAction\":[{\"@type\":\"ReadAction\",\"target\":[\"https:\/\/infoecos.com.ar\/index.php\/la-justicia-pampeana-considero-que-la-caza-con-jauria-del-jabali-en-la-provincia-esta-permitida\/\"]}]},{\"@type\":\"ImageObject\",\"inLanguage\":\"es\",\"@id\":\"https:\/\/infoecos.com.ar\/index.php\/la-justicia-pampeana-considero-que-la-caza-con-jauria-del-jabali-en-la-provincia-esta-permitida\/#primaryimage\",\"url\":\"\",\"contentUrl\":\"\"},{\"@type\":\"BreadcrumbList\",\"@id\":\"https:\/\/infoecos.com.ar\/index.php\/la-justicia-pampeana-considero-que-la-caza-con-jauria-del-jabali-en-la-provincia-esta-permitida\/#breadcrumb\",\"itemListElement\":[{\"@type\":\"ListItem\",\"position\":1,\"name\":\"Portada\",\"item\":\"https:\/\/infoecos.com.ar\/\"},{\"@type\":\"ListItem\",\"position\":2,\"name\":\"La Justicia pampeana consider\u00f3 que la caza con jaur\u00eda, del jabal\u00ed, est\u00e1 permitida\"}]},{\"@type\":\"WebSite\",\"@id\":\"https:\/\/infoecos.com.ar\/#website\",\"url\":\"https:\/\/infoecos.com.ar\/\",\"name\":\"Infoecos\",\"description\":\"Noticias de trenque lauquen y la zona\",\"publisher\":{\"@id\":\"https:\/\/infoecos.com.ar\/#organization\"},\"alternateName\":\"Noticias\",\"potentialAction\":[{\"@type\":\"SearchAction\",\"target\":{\"@type\":\"EntryPoint\",\"urlTemplate\":\"https:\/\/infoecos.com.ar\/?s={search_term_string}\"},\"query-input\":{\"@type\":\"PropertyValueSpecification\",\"valueRequired\":true,\"valueName\":\"search_term_string\"}}],\"inLanguage\":\"es\"},{\"@type\":\"Organization\",\"@id\":\"https:\/\/infoecos.com.ar\/#organization\",\"name\":\"Infoecos\",\"alternateName\":\"Noticias\",\"url\":\"https:\/\/infoecos.com.ar\/\",\"logo\":{\"@type\":\"ImageObject\",\"inLanguage\":\"es\",\"@id\":\"https:\/\/infoecos.com.ar\/#\/schema\/logo\/image\/\",\"url\":\"https:\/\/infoecos.com.ar\/wp-content\/uploads\/2024\/03\/cropped-logo.png\",\"contentUrl\":\"https:\/\/infoecos.com.ar\/wp-content\/uploads\/2024\/03\/cropped-logo.png\",\"width\":374,\"height\":90,\"caption\":\"Infoecos\"},\"image\":{\"@id\":\"https:\/\/infoecos.com.ar\/#\/schema\/logo\/image\/\"},\"sameAs\":[\"https:\/\/www.facebook.com\/profile.php?id=100063200290284\",\"https:\/\/x.com\/infoecos\"]},{\"@type\":\"Person\",\"@id\":\"https:\/\/infoecos.com.ar\/#\/schema\/person\/8f5ace5ce73b4b4aac4b7245aee6f191\",\"name\":\"Jorge Matheus\",\"url\":\"https:\/\/infoecos.com.ar\/index.php\/author\/jomatheus\/\"}]}<\/script>\n<!-- \/ Yoast SEO plugin. -->","yoast_head_json":{"title":"La Justicia pampeana consider\u00f3 que la caza con jaur\u00eda, del jabal\u00ed, est\u00e1 permitida - Infoecos","robots":{"index":"index","follow":"follow","max-snippet":"max-snippet:-1","max-image-preview":"max-image-preview:large","max-video-preview":"max-video-preview:-1"},"canonical":"https:\/\/infoecos.com.ar\/index.php\/la-justicia-pampeana-considero-que-la-caza-con-jauria-del-jabali-en-la-provincia-esta-permitida\/","og_locale":"es_ES","og_type":"article","og_title":"La Justicia pampeana consider\u00f3 que la caza con jaur\u00eda, del jabal\u00ed, est\u00e1 permitida - Infoecos","og_description":"Los jueces no se metieron con la cuesti\u00f3n del maltrato animal, sino que analizaron si el decreto que reglamenta la caza con jaur\u00eda es constitucional y concluyeron que s\u00ed porque la ley habilita esa modalidad de caza","og_url":"https:\/\/infoecos.com.ar\/index.php\/la-justicia-pampeana-considero-que-la-caza-con-jauria-del-jabali-en-la-provincia-esta-permitida\/","og_site_name":"Infoecos","article_publisher":"https:\/\/www.facebook.com\/profile.php?id=100063200290284","article_published_time":"2023-09-22T02:09:07+00:00","article_modified_time":"2023-09-26T07:22:49+00:00","og_image":[{"width":272,"height":186,"url":"https:\/\/infoecos.com.ar\/wp-content\/uploads\/descarga32.jpg","type":"image\/jpeg"}],"author":"Jorge Matheus","twitter_card":"summary_large_image","twitter_creator":"@infoecos","twitter_site":"@infoecos","twitter_misc":{"Escrito por":"Jorge Matheus","Tiempo de lectura":"6 minutos"},"schema":{"@context":"https:\/\/schema.org","@graph":[{"@type":"Article","@id":"https:\/\/infoecos.com.ar\/index.php\/la-justicia-pampeana-considero-que-la-caza-con-jauria-del-jabali-en-la-provincia-esta-permitida\/#article","isPartOf":{"@id":"https:\/\/infoecos.com.ar\/index.php\/la-justicia-pampeana-considero-que-la-caza-con-jauria-del-jabali-en-la-provincia-esta-permitida\/"},"author":{"name":"Jorge Matheus","@id":"https:\/\/infoecos.com.ar\/#\/schema\/person\/8f5ace5ce73b4b4aac4b7245aee6f191"},"headline":"La Justicia pampeana consider\u00f3 que la caza con jaur\u00eda, del jabal\u00ed, est\u00e1 permitida","datePublished":"2023-09-22T02:09:07+00:00","dateModified":"2023-09-26T07:22:49+00:00","mainEntityOfPage":{"@id":"https:\/\/infoecos.com.ar\/index.php\/la-justicia-pampeana-considero-que-la-caza-con-jauria-del-jabali-en-la-provincia-esta-permitida\/"},"wordCount":1126,"publisher":{"@id":"https:\/\/infoecos.com.ar\/#organization"},"image":{"@id":"https:\/\/infoecos.com.ar\/index.php\/la-justicia-pampeana-considero-que-la-caza-con-jauria-del-jabali-en-la-provincia-esta-permitida\/#primaryimage"},"thumbnailUrl":"","keywords":["RESPUESTA A UN RECURSO"],"articleSection":["Bloque inferior - 12"],"inLanguage":"es"},{"@type":"WebPage","@id":"https:\/\/infoecos.com.ar\/index.php\/la-justicia-pampeana-considero-que-la-caza-con-jauria-del-jabali-en-la-provincia-esta-permitida\/","url":"https:\/\/infoecos.com.ar\/index.php\/la-justicia-pampeana-considero-que-la-caza-con-jauria-del-jabali-en-la-provincia-esta-permitida\/","name":"La Justicia pampeana consider\u00f3 que la caza con jaur\u00eda, del jabal\u00ed, est\u00e1 permitida - Infoecos","isPartOf":{"@id":"https:\/\/infoecos.com.ar\/#website"},"primaryImageOfPage":{"@id":"https:\/\/infoecos.com.ar\/index.php\/la-justicia-pampeana-considero-que-la-caza-con-jauria-del-jabali-en-la-provincia-esta-permitida\/#primaryimage"},"image":{"@id":"https:\/\/infoecos.com.ar\/index.php\/la-justicia-pampeana-considero-que-la-caza-con-jauria-del-jabali-en-la-provincia-esta-permitida\/#primaryimage"},"thumbnailUrl":"","datePublished":"2023-09-22T02:09:07+00:00","dateModified":"2023-09-26T07:22:49+00:00","breadcrumb":{"@id":"https:\/\/infoecos.com.ar\/index.php\/la-justicia-pampeana-considero-que-la-caza-con-jauria-del-jabali-en-la-provincia-esta-permitida\/#breadcrumb"},"inLanguage":"es","potentialAction":[{"@type":"ReadAction","target":["https:\/\/infoecos.com.ar\/index.php\/la-justicia-pampeana-considero-que-la-caza-con-jauria-del-jabali-en-la-provincia-esta-permitida\/"]}]},{"@type":"ImageObject","inLanguage":"es","@id":"https:\/\/infoecos.com.ar\/index.php\/la-justicia-pampeana-considero-que-la-caza-con-jauria-del-jabali-en-la-provincia-esta-permitida\/#primaryimage","url":"","contentUrl":""},{"@type":"BreadcrumbList","@id":"https:\/\/infoecos.com.ar\/index.php\/la-justicia-pampeana-considero-que-la-caza-con-jauria-del-jabali-en-la-provincia-esta-permitida\/#breadcrumb","itemListElement":[{"@type":"ListItem","position":1,"name":"Portada","item":"https:\/\/infoecos.com.ar\/"},{"@type":"ListItem","position":2,"name":"La Justicia pampeana consider\u00f3 que la caza con jaur\u00eda, del jabal\u00ed, est\u00e1 permitida"}]},{"@type":"WebSite","@id":"https:\/\/infoecos.com.ar\/#website","url":"https:\/\/infoecos.com.ar\/","name":"Infoecos","description":"Noticias de trenque lauquen y la zona","publisher":{"@id":"https:\/\/infoecos.com.ar\/#organization"},"alternateName":"Noticias","potentialAction":[{"@type":"SearchAction","target":{"@type":"EntryPoint","urlTemplate":"https:\/\/infoecos.com.ar\/?s={search_term_string}"},"query-input":{"@type":"PropertyValueSpecification","valueRequired":true,"valueName":"search_term_string"}}],"inLanguage":"es"},{"@type":"Organization","@id":"https:\/\/infoecos.com.ar\/#organization","name":"Infoecos","alternateName":"Noticias","url":"https:\/\/infoecos.com.ar\/","logo":{"@type":"ImageObject","inLanguage":"es","@id":"https:\/\/infoecos.com.ar\/#\/schema\/logo\/image\/","url":"https:\/\/infoecos.com.ar\/wp-content\/uploads\/2024\/03\/cropped-logo.png","contentUrl":"https:\/\/infoecos.com.ar\/wp-content\/uploads\/2024\/03\/cropped-logo.png","width":374,"height":90,"caption":"Infoecos"},"image":{"@id":"https:\/\/infoecos.com.ar\/#\/schema\/logo\/image\/"},"sameAs":["https:\/\/www.facebook.com\/profile.php?id=100063200290284","https:\/\/x.com\/infoecos"]},{"@type":"Person","@id":"https:\/\/infoecos.com.ar\/#\/schema\/person\/8f5ace5ce73b4b4aac4b7245aee6f191","name":"Jorge Matheus","url":"https:\/\/infoecos.com.ar\/index.php\/author\/jomatheus\/"}]}},"featured_image_urls":{"full":"","thumbnail":"","medium":"","medium_large":"","large":"","1536x1536":"","2048x2048":"","covernews-slider-full":"","covernews-slider-center":"","covernews-featured":"","covernews-medium":"","covernews-medium-square":""},"author_info":{"info":["Jorge Matheus"]},"category_info":"<a href=\"https:\/\/infoecos.com.ar\/index.php\/category\/inferior12\/\" rel=\"category tag\">Bloque inferior - 12<\/a>","tag_info":"Bloque inferior - 12","comment_count":"0","_links":{"self":[{"href":"https:\/\/infoecos.com.ar\/index.php\/wp-json\/wp\/v2\/posts\/112661"}],"collection":[{"href":"https:\/\/infoecos.com.ar\/index.php\/wp-json\/wp\/v2\/posts"}],"about":[{"href":"https:\/\/infoecos.com.ar\/index.php\/wp-json\/wp\/v2\/types\/post"}],"author":[{"embeddable":true,"href":"https:\/\/infoecos.com.ar\/index.php\/wp-json\/wp\/v2\/users\/2"}],"replies":[{"embeddable":true,"href":"https:\/\/infoecos.com.ar\/index.php\/wp-json\/wp\/v2\/comments?post=112661"}],"version-history":[{"count":4,"href":"https:\/\/infoecos.com.ar\/index.php\/wp-json\/wp\/v2\/posts\/112661\/revisions"}],"predecessor-version":[{"id":112771,"href":"https:\/\/infoecos.com.ar\/index.php\/wp-json\/wp\/v2\/posts\/112661\/revisions\/112771"}],"wp:featuredmedia":[{"embeddable":true,"href":"https:\/\/infoecos.com.ar\/index.php\/wp-json\/"}],"wp:attachment":[{"href":"https:\/\/infoecos.com.ar\/index.php\/wp-json\/wp\/v2\/media?parent=112661"}],"wp:term":[{"taxonomy":"category","embeddable":true,"href":"https:\/\/infoecos.com.ar\/index.php\/wp-json\/wp\/v2\/categories?post=112661"},{"taxonomy":"post_tag","embeddable":true,"href":"https:\/\/infoecos.com.ar\/index.php\/wp-json\/wp\/v2\/tags?post=112661"}],"curies":[{"name":"wp","href":"https:\/\/api.w.org\/{rel}","templated":true}]}}