{"id":112714,"date":"2023-09-22T18:27:53","date_gmt":"2023-09-22T21:27:53","guid":{"rendered":"https:\/\/infoecos.com.ar\/?p=112714"},"modified":"2023-09-25T01:02:28","modified_gmt":"2023-09-25T04:02:28","slug":"mario-wainfeld-reconocido-colega-dejo-un-decalogo-del-periodismo-politico","status":"publish","type":"post","link":"https:\/\/infoecos.com.ar\/index.php\/mario-wainfeld-reconocido-colega-dejo-un-decalogo-del-periodismo-politico\/","title":{"rendered":"Mario Wainfeld, reconocido colega, dej\u00f3 un dec\u00e1logo del Periodismo Pol\u00edtico"},"content":{"rendered":"\n<p>El periodista y abogado Mario Wainfeld muri\u00f3 ayer a los 74 a\u00f1os. Se desempe\u00f1aba como conductor y columnista pol\u00edtico, respectivamente.<\/p>\n\n\n\n<figure class=\"wp-block-image aligncenter size-full is-resized\"><img loading=\"lazy\" decoding=\"async\" src=\"https:\/\/infoecos.com.ar\/wp-content\/uploads\/2023\/09\/wainfeld.jpg\" alt=\"\" class=\"wp-image-112715\" width=\"524\" height=\"327\" srcset=\"https:\/\/infoecos.com.ar\/wp-content\/uploads\/2023\/09\/wainfeld.jpg 847w, https:\/\/infoecos.com.ar\/wp-content\/uploads\/2023\/09\/wainfeld-800x500.jpg 800w, https:\/\/infoecos.com.ar\/wp-content\/uploads\/2023\/09\/wainfeld-768x480.jpg 768w\" sizes=\"(max-width: 524px) 100vw, 524px\" \/><\/figure>\n\n\n\n<p>La muerte de Wainfeld caus\u00f3 dolor y pesar entre periodistas y dirigentes pol\u00edticos, quienes expresaron sus condolencias y reconocieron su profesionalismo y compromiso con la verdad.<\/p>\n\n\n\n<p>Entre sus opiniones destacadas en el ambiente period\u00edstico est\u00e1 el dec\u00e1logo del periodismo pol\u00edtico, que compartimos con ustedes.<\/p>\n\n\n\n<p><strong>El dec\u00e1logo del periodismo pol\u00edtico, por Mario Wainfeld <\/strong><\/p>\n\n\n\n<p>1. Los periodistas deportivos aman el f\u00fatbol. Los de espect\u00e1culos aman el cine, el teatro, la televisi\u00f3n. Los de pol\u00edtica, en su mayor\u00eda, desprecian a la pol\u00edtica. Es imposible ser un buen periodista pol\u00edtico si se desprecia la pol\u00edtica. <\/p>\n\n\n\n<p>2. La pol\u00edtica son los grandes discursos, los grandes debates, pero tambi\u00e9n la rosca, el comentario de pasillo, el off con funcionarios, las campa\u00f1as, las operaciones. <\/p>\n\n\n\n<p>3. Antes de sentarse a escribir un an\u00e1lisis, una nota, hay que leer mucho, tener claro el contexto, hacer estudios comparados de datos y de informaci\u00f3n cualitativa, leer algunos art\u00edculos acad\u00e9micos. Hay que salir de la endogamia. <\/p>\n\n\n\n<p>4. El periodista de pol\u00edtica tiene que hacer \u201cejercicio ilegal de las ciencias sociales\u201d: leer libros, art\u00edculos, hablar con acad\u00e9micos. Nadie es culto por leer diarios, tampoco por \u201cpicotear\u201d en la academia. Pero siempre es bueno leer a los que estudian y saben. <\/p>\n\n\n\n<p>5. El \u201cmundo palacio\u201d (la Casa Rosada, el Congreso, Tribunales) emana poder, autoridad, suele ser un planeta paralelo. Hay que saber entrar a ese mundo pero salirse de esa l\u00f3gica, para poder comprender cada noticia en su contexto. <\/p>\n\n\n\n<p>6. A lo largo de su carrera, el periodista pol\u00edtico, por su pr\u00e1ctica cotidiana, termina conociendo m\u00e1s ministros de educaci\u00f3n que maestros, m\u00e1s ministros de salud que m\u00e9dicos de barrio. Escuchar al m\u00e9dico, al maestro, poner la oreja ah\u00ed, ayuda a salir del \u201cfrasco palaciego\u201d. <\/p>\n\n\n\n<p>7. Con los protagonistas no hay que tener compasi\u00f3n ni empat\u00eda, pero s\u00ed uno tiene el deber de reflejar la mirada de los otros. <\/p>\n\n\n\n<p>8. No debe patearse al ca\u00eddo: el que perdi\u00f3 una elecci\u00f3n, perdi\u00f3. El que se va de un gobierno, se va. El periodista no tiene que ensa\u00f1arse con el derrotado. <\/p>\n\n\n\n<p>9. Podemos estar en las ant\u00edpodas de un funcionario, detestar a un pol\u00edtico, y aun as\u00ed debemos entablar el di\u00e1logo, entrevistarlo, consultarlo y saber mirar los matices. Hacer el esfuerzo de entender c\u00f3mo y por qu\u00e9 tom\u00f3 tal decisi\u00f3n, c\u00f3mo y por qu\u00e9 act\u00faa de tal o cual manera. <\/p>\n\n\n\n<p>10. No hay que ocultar hechos pero tampoco se est\u00e1 obligado a adscribir a las agendas de los dem\u00e1s.<\/p>\n","protected":false},"excerpt":{"rendered":"<p>La muerte de Wainfeld caus\u00f3 dolor y pesar entre periodistas y dirigentes pol\u00edticos, quienes expresaron sus condolencias y reconocieron su profesionalismo y compromiso con la verdad<\/p>\n","protected":false},"author":2,"featured_media":112715,"comment_status":"closed","ping_status":"open","sticky":false,"template":"","format":"standard","meta":{"footnotes":""},"categories":[1332],"tags":[9212],"class_list":["post-112714","post","type-post","status-publish","format-standard","has-post-thumbnail","hentry","category-inferior12","tag-fallecio-este-jueves"],"yoast_head":"<!-- This site is optimized with the Yoast SEO plugin v23.4 - https:\/\/yoast.com\/wordpress\/plugins\/seo\/ -->\n<title>Mario Wainfeld, reconocido colega, dej\u00f3 un dec\u00e1logo del Periodismo Pol\u00edtico - Infoecos<\/title>\n<meta name=\"robots\" content=\"index, follow, max-snippet:-1, max-image-preview:large, max-video-preview:-1\" \/>\n<link rel=\"canonical\" href=\"https:\/\/infoecos.com.ar\/index.php\/mario-wainfeld-reconocido-colega-dejo-un-decalogo-del-periodismo-politico\/\" \/>\n<meta property=\"og:locale\" content=\"es_ES\" \/>\n<meta property=\"og:type\" content=\"article\" \/>\n<meta property=\"og:title\" content=\"Mario Wainfeld, reconocido colega, dej\u00f3 un dec\u00e1logo del Periodismo Pol\u00edtico - Infoecos\" \/>\n<meta property=\"og:description\" content=\"La muerte de Wainfeld caus\u00f3 dolor y pesar entre periodistas y dirigentes pol\u00edticos, quienes expresaron sus condolencias y reconocieron su profesionalismo y compromiso con la verdad\" \/>\n<meta property=\"og:url\" content=\"https:\/\/infoecos.com.ar\/index.php\/mario-wainfeld-reconocido-colega-dejo-un-decalogo-del-periodismo-politico\/\" \/>\n<meta property=\"og:site_name\" content=\"Infoecos\" \/>\n<meta property=\"article:publisher\" content=\"https:\/\/www.facebook.com\/profile.php?id=100063200290284\" \/>\n<meta property=\"article:published_time\" content=\"2023-09-22T21:27:53+00:00\" \/>\n<meta property=\"article:modified_time\" content=\"2023-09-25T04:02:28+00:00\" \/>\n<meta property=\"og:image\" content=\"https:\/\/infoecos.com.ar\/wp-content\/uploads\/2023\/09\/wainfeld.jpg\" \/>\n\t<meta property=\"og:image:width\" content=\"847\" \/>\n\t<meta property=\"og:image:height\" content=\"529\" \/>\n\t<meta property=\"og:image:type\" content=\"image\/jpeg\" \/>\n<meta name=\"author\" content=\"Jorge Matheus\" \/>\n<meta name=\"twitter:card\" content=\"summary_large_image\" \/>\n<meta name=\"twitter:creator\" content=\"@infoecos\" \/>\n<meta name=\"twitter:site\" content=\"@infoecos\" \/>\n<meta name=\"twitter:label1\" content=\"Escrito por\" \/>\n\t<meta name=\"twitter:data1\" content=\"Jorge Matheus\" \/>\n\t<meta name=\"twitter:label2\" content=\"Tiempo de lectura\" \/>\n\t<meta name=\"twitter:data2\" content=\"3 minutos\" \/>\n<script type=\"application\/ld+json\" class=\"yoast-schema-graph\">{\"@context\":\"https:\/\/schema.org\",\"@graph\":[{\"@type\":\"Article\",\"@id\":\"https:\/\/infoecos.com.ar\/index.php\/mario-wainfeld-reconocido-colega-dejo-un-decalogo-del-periodismo-politico\/#article\",\"isPartOf\":{\"@id\":\"https:\/\/infoecos.com.ar\/index.php\/mario-wainfeld-reconocido-colega-dejo-un-decalogo-del-periodismo-politico\/\"},\"author\":{\"name\":\"Jorge Matheus\",\"@id\":\"https:\/\/infoecos.com.ar\/#\/schema\/person\/8f5ace5ce73b4b4aac4b7245aee6f191\"},\"headline\":\"Mario Wainfeld, reconocido colega, dej\u00f3 un dec\u00e1logo del Periodismo Pol\u00edtico\",\"datePublished\":\"2023-09-22T21:27:53+00:00\",\"dateModified\":\"2023-09-25T04:02:28+00:00\",\"mainEntityOfPage\":{\"@id\":\"https:\/\/infoecos.com.ar\/index.php\/mario-wainfeld-reconocido-colega-dejo-un-decalogo-del-periodismo-politico\/\"},\"wordCount\":471,\"publisher\":{\"@id\":\"https:\/\/infoecos.com.ar\/#organization\"},\"image\":{\"@id\":\"https:\/\/infoecos.com.ar\/index.php\/mario-wainfeld-reconocido-colega-dejo-un-decalogo-del-periodismo-politico\/#primaryimage\"},\"thumbnailUrl\":\"https:\/\/infoecos.com.ar\/wp-content\/uploads\/2023\/09\/wainfeld.jpg\",\"keywords\":[\"falleci\u00f3 este jueves\"],\"articleSection\":[\"Bloque inferior - 12\"],\"inLanguage\":\"es\"},{\"@type\":\"WebPage\",\"@id\":\"https:\/\/infoecos.com.ar\/index.php\/mario-wainfeld-reconocido-colega-dejo-un-decalogo-del-periodismo-politico\/\",\"url\":\"https:\/\/infoecos.com.ar\/index.php\/mario-wainfeld-reconocido-colega-dejo-un-decalogo-del-periodismo-politico\/\",\"name\":\"Mario Wainfeld, reconocido colega, dej\u00f3 un dec\u00e1logo del Periodismo Pol\u00edtico - Infoecos\",\"isPartOf\":{\"@id\":\"https:\/\/infoecos.com.ar\/#website\"},\"primaryImageOfPage\":{\"@id\":\"https:\/\/infoecos.com.ar\/index.php\/mario-wainfeld-reconocido-colega-dejo-un-decalogo-del-periodismo-politico\/#primaryimage\"},\"image\":{\"@id\":\"https:\/\/infoecos.com.ar\/index.php\/mario-wainfeld-reconocido-colega-dejo-un-decalogo-del-periodismo-politico\/#primaryimage\"},\"thumbnailUrl\":\"https:\/\/infoecos.com.ar\/wp-content\/uploads\/2023\/09\/wainfeld.jpg\",\"datePublished\":\"2023-09-22T21:27:53+00:00\",\"dateModified\":\"2023-09-25T04:02:28+00:00\",\"breadcrumb\":{\"@id\":\"https:\/\/infoecos.com.ar\/index.php\/mario-wainfeld-reconocido-colega-dejo-un-decalogo-del-periodismo-politico\/#breadcrumb\"},\"inLanguage\":\"es\",\"potentialAction\":[{\"@type\":\"ReadAction\",\"target\":[\"https:\/\/infoecos.com.ar\/index.php\/mario-wainfeld-reconocido-colega-dejo-un-decalogo-del-periodismo-politico\/\"]}]},{\"@type\":\"ImageObject\",\"inLanguage\":\"es\",\"@id\":\"https:\/\/infoecos.com.ar\/index.php\/mario-wainfeld-reconocido-colega-dejo-un-decalogo-del-periodismo-politico\/#primaryimage\",\"url\":\"https:\/\/infoecos.com.ar\/wp-content\/uploads\/2023\/09\/wainfeld.jpg\",\"contentUrl\":\"https:\/\/infoecos.com.ar\/wp-content\/uploads\/2023\/09\/wainfeld.jpg\",\"width\":847,\"height\":529},{\"@type\":\"BreadcrumbList\",\"@id\":\"https:\/\/infoecos.com.ar\/index.php\/mario-wainfeld-reconocido-colega-dejo-un-decalogo-del-periodismo-politico\/#breadcrumb\",\"itemListElement\":[{\"@type\":\"ListItem\",\"position\":1,\"name\":\"Portada\",\"item\":\"https:\/\/infoecos.com.ar\/\"},{\"@type\":\"ListItem\",\"position\":2,\"name\":\"Mario Wainfeld, reconocido colega, dej\u00f3 un dec\u00e1logo del Periodismo Pol\u00edtico\"}]},{\"@type\":\"WebSite\",\"@id\":\"https:\/\/infoecos.com.ar\/#website\",\"url\":\"https:\/\/infoecos.com.ar\/\",\"name\":\"Infoecos\",\"description\":\"Noticias de trenque lauquen y la zona\",\"publisher\":{\"@id\":\"https:\/\/infoecos.com.ar\/#organization\"},\"alternateName\":\"Noticias\",\"potentialAction\":[{\"@type\":\"SearchAction\",\"target\":{\"@type\":\"EntryPoint\",\"urlTemplate\":\"https:\/\/infoecos.com.ar\/?s={search_term_string}\"},\"query-input\":{\"@type\":\"PropertyValueSpecification\",\"valueRequired\":true,\"valueName\":\"search_term_string\"}}],\"inLanguage\":\"es\"},{\"@type\":\"Organization\",\"@id\":\"https:\/\/infoecos.com.ar\/#organization\",\"name\":\"Infoecos\",\"alternateName\":\"Noticias\",\"url\":\"https:\/\/infoecos.com.ar\/\",\"logo\":{\"@type\":\"ImageObject\",\"inLanguage\":\"es\",\"@id\":\"https:\/\/infoecos.com.ar\/#\/schema\/logo\/image\/\",\"url\":\"https:\/\/infoecos.com.ar\/wp-content\/uploads\/2024\/03\/cropped-logo.png\",\"contentUrl\":\"https:\/\/infoecos.com.ar\/wp-content\/uploads\/2024\/03\/cropped-logo.png\",\"width\":374,\"height\":90,\"caption\":\"Infoecos\"},\"image\":{\"@id\":\"https:\/\/infoecos.com.ar\/#\/schema\/logo\/image\/\"},\"sameAs\":[\"https:\/\/www.facebook.com\/profile.php?id=100063200290284\",\"https:\/\/x.com\/infoecos\"]},{\"@type\":\"Person\",\"@id\":\"https:\/\/infoecos.com.ar\/#\/schema\/person\/8f5ace5ce73b4b4aac4b7245aee6f191\",\"name\":\"Jorge Matheus\",\"url\":\"https:\/\/infoecos.com.ar\/index.php\/author\/jomatheus\/\"}]}<\/script>\n<!-- \/ Yoast SEO plugin. -->","yoast_head_json":{"title":"Mario Wainfeld, reconocido colega, dej\u00f3 un dec\u00e1logo del Periodismo Pol\u00edtico - Infoecos","robots":{"index":"index","follow":"follow","max-snippet":"max-snippet:-1","max-image-preview":"max-image-preview:large","max-video-preview":"max-video-preview:-1"},"canonical":"https:\/\/infoecos.com.ar\/index.php\/mario-wainfeld-reconocido-colega-dejo-un-decalogo-del-periodismo-politico\/","og_locale":"es_ES","og_type":"article","og_title":"Mario Wainfeld, reconocido colega, dej\u00f3 un dec\u00e1logo del Periodismo Pol\u00edtico - Infoecos","og_description":"La muerte de Wainfeld caus\u00f3 dolor y pesar entre periodistas y dirigentes pol\u00edticos, quienes expresaron sus condolencias y reconocieron su profesionalismo y compromiso con la verdad","og_url":"https:\/\/infoecos.com.ar\/index.php\/mario-wainfeld-reconocido-colega-dejo-un-decalogo-del-periodismo-politico\/","og_site_name":"Infoecos","article_publisher":"https:\/\/www.facebook.com\/profile.php?id=100063200290284","article_published_time":"2023-09-22T21:27:53+00:00","article_modified_time":"2023-09-25T04:02:28+00:00","og_image":[{"width":847,"height":529,"url":"https:\/\/infoecos.com.ar\/wp-content\/uploads\/2023\/09\/wainfeld.jpg","type":"image\/jpeg"}],"author":"Jorge Matheus","twitter_card":"summary_large_image","twitter_creator":"@infoecos","twitter_site":"@infoecos","twitter_misc":{"Escrito por":"Jorge Matheus","Tiempo de lectura":"3 minutos"},"schema":{"@context":"https:\/\/schema.org","@graph":[{"@type":"Article","@id":"https:\/\/infoecos.com.ar\/index.php\/mario-wainfeld-reconocido-colega-dejo-un-decalogo-del-periodismo-politico\/#article","isPartOf":{"@id":"https:\/\/infoecos.com.ar\/index.php\/mario-wainfeld-reconocido-colega-dejo-un-decalogo-del-periodismo-politico\/"},"author":{"name":"Jorge Matheus","@id":"https:\/\/infoecos.com.ar\/#\/schema\/person\/8f5ace5ce73b4b4aac4b7245aee6f191"},"headline":"Mario Wainfeld, reconocido colega, dej\u00f3 un dec\u00e1logo del Periodismo Pol\u00edtico","datePublished":"2023-09-22T21:27:53+00:00","dateModified":"2023-09-25T04:02:28+00:00","mainEntityOfPage":{"@id":"https:\/\/infoecos.com.ar\/index.php\/mario-wainfeld-reconocido-colega-dejo-un-decalogo-del-periodismo-politico\/"},"wordCount":471,"publisher":{"@id":"https:\/\/infoecos.com.ar\/#organization"},"image":{"@id":"https:\/\/infoecos.com.ar\/index.php\/mario-wainfeld-reconocido-colega-dejo-un-decalogo-del-periodismo-politico\/#primaryimage"},"thumbnailUrl":"https:\/\/infoecos.com.ar\/wp-content\/uploads\/2023\/09\/wainfeld.jpg","keywords":["falleci\u00f3 este jueves"],"articleSection":["Bloque inferior - 12"],"inLanguage":"es"},{"@type":"WebPage","@id":"https:\/\/infoecos.com.ar\/index.php\/mario-wainfeld-reconocido-colega-dejo-un-decalogo-del-periodismo-politico\/","url":"https:\/\/infoecos.com.ar\/index.php\/mario-wainfeld-reconocido-colega-dejo-un-decalogo-del-periodismo-politico\/","name":"Mario Wainfeld, reconocido colega, dej\u00f3 un dec\u00e1logo del Periodismo Pol\u00edtico - Infoecos","isPartOf":{"@id":"https:\/\/infoecos.com.ar\/#website"},"primaryImageOfPage":{"@id":"https:\/\/infoecos.com.ar\/index.php\/mario-wainfeld-reconocido-colega-dejo-un-decalogo-del-periodismo-politico\/#primaryimage"},"image":{"@id":"https:\/\/infoecos.com.ar\/index.php\/mario-wainfeld-reconocido-colega-dejo-un-decalogo-del-periodismo-politico\/#primaryimage"},"thumbnailUrl":"https:\/\/infoecos.com.ar\/wp-content\/uploads\/2023\/09\/wainfeld.jpg","datePublished":"2023-09-22T21:27:53+00:00","dateModified":"2023-09-25T04:02:28+00:00","breadcrumb":{"@id":"https:\/\/infoecos.com.ar\/index.php\/mario-wainfeld-reconocido-colega-dejo-un-decalogo-del-periodismo-politico\/#breadcrumb"},"inLanguage":"es","potentialAction":[{"@type":"ReadAction","target":["https:\/\/infoecos.com.ar\/index.php\/mario-wainfeld-reconocido-colega-dejo-un-decalogo-del-periodismo-politico\/"]}]},{"@type":"ImageObject","inLanguage":"es","@id":"https:\/\/infoecos.com.ar\/index.php\/mario-wainfeld-reconocido-colega-dejo-un-decalogo-del-periodismo-politico\/#primaryimage","url":"https:\/\/infoecos.com.ar\/wp-content\/uploads\/2023\/09\/wainfeld.jpg","contentUrl":"https:\/\/infoecos.com.ar\/wp-content\/uploads\/2023\/09\/wainfeld.jpg","width":847,"height":529},{"@type":"BreadcrumbList","@id":"https:\/\/infoecos.com.ar\/index.php\/mario-wainfeld-reconocido-colega-dejo-un-decalogo-del-periodismo-politico\/#breadcrumb","itemListElement":[{"@type":"ListItem","position":1,"name":"Portada","item":"https:\/\/infoecos.com.ar\/"},{"@type":"ListItem","position":2,"name":"Mario Wainfeld, reconocido colega, dej\u00f3 un dec\u00e1logo del Periodismo Pol\u00edtico"}]},{"@type":"WebSite","@id":"https:\/\/infoecos.com.ar\/#website","url":"https:\/\/infoecos.com.ar\/","name":"Infoecos","description":"Noticias de trenque lauquen y la zona","publisher":{"@id":"https:\/\/infoecos.com.ar\/#organization"},"alternateName":"Noticias","potentialAction":[{"@type":"SearchAction","target":{"@type":"EntryPoint","urlTemplate":"https:\/\/infoecos.com.ar\/?s={search_term_string}"},"query-input":{"@type":"PropertyValueSpecification","valueRequired":true,"valueName":"search_term_string"}}],"inLanguage":"es"},{"@type":"Organization","@id":"https:\/\/infoecos.com.ar\/#organization","name":"Infoecos","alternateName":"Noticias","url":"https:\/\/infoecos.com.ar\/","logo":{"@type":"ImageObject","inLanguage":"es","@id":"https:\/\/infoecos.com.ar\/#\/schema\/logo\/image\/","url":"https:\/\/infoecos.com.ar\/wp-content\/uploads\/2024\/03\/cropped-logo.png","contentUrl":"https:\/\/infoecos.com.ar\/wp-content\/uploads\/2024\/03\/cropped-logo.png","width":374,"height":90,"caption":"Infoecos"},"image":{"@id":"https:\/\/infoecos.com.ar\/#\/schema\/logo\/image\/"},"sameAs":["https:\/\/www.facebook.com\/profile.php?id=100063200290284","https:\/\/x.com\/infoecos"]},{"@type":"Person","@id":"https:\/\/infoecos.com.ar\/#\/schema\/person\/8f5ace5ce73b4b4aac4b7245aee6f191","name":"Jorge Matheus","url":"https:\/\/infoecos.com.ar\/index.php\/author\/jomatheus\/"}]}},"featured_image_urls":{"full":["https:\/\/infoecos.com.ar\/wp-content\/uploads\/2023\/09\/wainfeld.jpg",847,529,false],"thumbnail":["https:\/\/infoecos.com.ar\/wp-content\/uploads\/2023\/09\/wainfeld-300x150.jpg",300,150,true],"medium":["https:\/\/infoecos.com.ar\/wp-content\/uploads\/2023\/09\/wainfeld-800x500.jpg",800,500,true],"medium_large":["https:\/\/infoecos.com.ar\/wp-content\/uploads\/2023\/09\/wainfeld-768x480.jpg",640,400,true],"large":["https:\/\/infoecos.com.ar\/wp-content\/uploads\/2023\/09\/wainfeld.jpg",640,400,false],"1536x1536":["https:\/\/infoecos.com.ar\/wp-content\/uploads\/2023\/09\/wainfeld.jpg",847,529,false],"2048x2048":["https:\/\/infoecos.com.ar\/wp-content\/uploads\/2023\/09\/wainfeld.jpg",847,529,false],"covernews-slider-full":["https:\/\/infoecos.com.ar\/wp-content\/uploads\/2023\/09\/wainfeld.jpg",847,529,false],"covernews-slider-center":["https:\/\/infoecos.com.ar\/wp-content\/uploads\/2023\/09\/wainfeld.jpg",800,500,false],"covernews-featured":["https:\/\/infoecos.com.ar\/wp-content\/uploads\/2023\/09\/wainfeld.jpg",847,529,false],"covernews-medium":["https:\/\/infoecos.com.ar\/wp-content\/uploads\/2023\/09\/wainfeld-720x380.jpg",540,285,true],"covernews-medium-square":["https:\/\/infoecos.com.ar\/wp-content\/uploads\/2023\/09\/wainfeld-675x450.jpg",375,250,true]},"author_info":{"info":["Jorge Matheus"]},"category_info":"<a href=\"https:\/\/infoecos.com.ar\/index.php\/category\/inferior12\/\" rel=\"category tag\">Bloque inferior - 12<\/a>","tag_info":"Bloque inferior - 12","comment_count":"0","_links":{"self":[{"href":"https:\/\/infoecos.com.ar\/index.php\/wp-json\/wp\/v2\/posts\/112714"}],"collection":[{"href":"https:\/\/infoecos.com.ar\/index.php\/wp-json\/wp\/v2\/posts"}],"about":[{"href":"https:\/\/infoecos.com.ar\/index.php\/wp-json\/wp\/v2\/types\/post"}],"author":[{"embeddable":true,"href":"https:\/\/infoecos.com.ar\/index.php\/wp-json\/wp\/v2\/users\/2"}],"replies":[{"embeddable":true,"href":"https:\/\/infoecos.com.ar\/index.php\/wp-json\/wp\/v2\/comments?post=112714"}],"version-history":[{"count":1,"href":"https:\/\/infoecos.com.ar\/index.php\/wp-json\/wp\/v2\/posts\/112714\/revisions"}],"predecessor-version":[{"id":112716,"href":"https:\/\/infoecos.com.ar\/index.php\/wp-json\/wp\/v2\/posts\/112714\/revisions\/112716"}],"wp:featuredmedia":[{"embeddable":true,"href":"https:\/\/infoecos.com.ar\/index.php\/wp-json\/wp\/v2\/media\/112715"}],"wp:attachment":[{"href":"https:\/\/infoecos.com.ar\/index.php\/wp-json\/wp\/v2\/media?parent=112714"}],"wp:term":[{"taxonomy":"category","embeddable":true,"href":"https:\/\/infoecos.com.ar\/index.php\/wp-json\/wp\/v2\/categories?post=112714"},{"taxonomy":"post_tag","embeddable":true,"href":"https:\/\/infoecos.com.ar\/index.php\/wp-json\/wp\/v2\/tags?post=112714"}],"curies":[{"name":"wp","href":"https:\/\/api.w.org\/{rel}","templated":true}]}}