{"id":112717,"date":"2023-09-22T18:53:42","date_gmt":"2023-09-22T21:53:42","guid":{"rendered":"https:\/\/infoecos.com.ar\/?p=112717"},"modified":"2023-09-25T01:02:00","modified_gmt":"2023-09-25T04:02:00","slug":"massa-como-ministro-candidato-a-presidente-y-primer-mandatario-en-ejercicio-hizo-anuncios-de-alivio-fiscal","status":"publish","type":"post","link":"https:\/\/infoecos.com.ar\/index.php\/massa-como-ministro-candidato-a-presidente-y-primer-mandatario-en-ejercicio-hizo-anuncios-de-alivio-fiscal\/","title":{"rendered":"Massa, como ministro, candidato a presidente y \u00abprimer mandatario en ejercicio\u00bb, hizo anuncios de alivio fiscal"},"content":{"rendered":"\n<p>El ministro de Econom\u00eda, Sergio Massa, anunci\u00f3 medidas de alivio fiscal para profesionales, monotributistas, aut\u00f3nomos y pymes, con el objetivo de \u00abcorregir situaciones\u00bb y \u00abencontrar mecanismos que los alienten a seguir trabajando, seguir produciendo y hacer esfuerzos desde el Estado para facilitarles un poco la vida\u00bb.<\/p>\n\n\n\n<figure class=\"wp-block-image alignright size-full is-resized\"><img loading=\"lazy\" decoding=\"async\" src=\"https:\/\/infoecos.com.ar\/wp-content\/uploads\/2023\/09\/image-126.png\" alt=\"\" class=\"wp-image-112718\" width=\"431\" height=\"242\" srcset=\"https:\/\/infoecos.com.ar\/wp-content\/uploads\/2023\/09\/image-126.png 992w, https:\/\/infoecos.com.ar\/wp-content\/uploads\/2023\/09\/image-126-800x450.png 800w, https:\/\/infoecos.com.ar\/wp-content\/uploads\/2023\/09\/image-126-768x432.png 768w\" sizes=\"(max-width: 431px) 100vw, 431px\" \/><figcaption class=\"wp-element-caption\">Massa, Sergio <\/figcaption><\/figure>\n\n\n\n<p>Por otra parte, adelant\u00f3 que este lunes ser\u00e1 enviado al Congreso el proyecto de ley que busca darle ese status a la devoluci\u00f3n del IVA para los productos de la canasta b\u00e1sica para sectores con menores ingresos, y se transforme as\u00ed en \u00abun instrumento de pol\u00edtica tributaria\u00bb de manera \u00abpermanente\u00bb.<\/p>\n\n\n\n<h2 class=\"wp-block-heading\">Para los profesionales aut\u00f3nomos<\/h2>\n\n\n\n<p>a) Pr\u00f3rroga del pago del aporte personal de septiembre, octubre, noviembre y diciembre.<\/p>\n\n\n\n<p>b) Pr\u00f3rroga del pago de IVA de septiembre, octubre, noviembre y diciembre.<\/p>\n\n\n\n<p>c) Actualizaci\u00f3n de importes de la escala de retenci\u00f3n del impuesto a las ganancias (Resoluci\u00f3n General AFIP 830).<\/p>\n\n\n\n<p>d) Nuevo monto no sujeto a retenci\u00f3n de $ 160.000<\/p>\n\n\n\n<p>De este modo, se indic\u00f3, \u201cse benefician 701 mil profesionales y peque\u00f1os comerciantes aut\u00f3nomos (337 mil profesionales y prestaciones de servicios; y 364 mil comerciantes)\u201d.<\/p>\n\n\n\n<h2 class=\"wp-block-heading\">Para profesionales inscriptos en el monotributo<\/h2>\n\n\n\n<p>Suspensi\u00f3n de las exclusiones por superar el l\u00edmite de facturaci\u00f3n hasta la actualizaci\u00f3n de la escala el a\u00f1o que viene y suspensi\u00f3n de baja autom\u00e1tica por falta de pago (1 mill\u00f3n de profesionales monotributistas beneficiados).<\/p>\n\n\n\n<p>-Para las pymes: Plan de pago que permitir\u00e1 a las PyMEs regularizar deuda con las siguientes condiciones:<\/p>\n\n\n\n<p>a) 120 cuotas mensuales<\/p>\n\n\n\n<p>b) Vigente hasta el 31\/12\/2023<\/p>\n\n\n\n<p>c) Permite incluir Obligaciones vencidas hasta el 31\/08\/2023<\/p>\n\n\n\n<p>d) Permite incluir planes caducos<\/p>\n\n\n\n<p>e) Tasa de inter\u00e9s 4,14 mensual (70% de la tasa de Inter\u00e9s Resarcitorio).<\/p>\n\n\n\n<h2 class=\"wp-block-heading\">Simplificaci\u00f3n para los profesionales:<\/h2>\n\n\n\n<p>R\u00e9gimen opcional de pago de declaraciones juradas impositivas en enero de cada a\u00f1o para que el profesional pueda administrar su tiempo de descanso con la familia.<\/p>\n\n\n\n<h2 class=\"wp-block-heading\">Simplificaci\u00f3n tributaria para micro y peque\u00f1as empresas (proyecto de ley \u201cSimple\u201d)<\/h2>\n\n\n\n<p>a) Para los aut\u00f3nomos comerciantes, profesionales y que prestan servicios, el esquema Simple implicar\u00e1 que quienes tengan ingresos de hasta 15 SMVM mensuales (similar l\u00edmite que el de los empleados que no pagan Mayores Ingresos) puedan optar por este r\u00e9gimen simplificado con las siguientes caracter\u00edsticas:<\/p>\n\n\n\n<p>b) Ser\u00e1 un r\u00e9gimen distinto al de monotributo.<\/p>\n\n\n\n<p>c) Un \u00fanico pago mensual, que abarque seguridad social, IVA y Ganancias.<\/p>\n\n\n\n<p>d) El pago se determinar\u00e1 como un porcentaje de la facturaci\u00f3n.<\/p>\n\n\n\n<p>En Econom\u00eda estiman que si bien, en promedio, la tasa efectiva de Ganancias para los aut\u00f3nomos es del 14% al 17%, con el nuevo esquema cedular para trabajadores y jubilados que ingreso como proyecto de ley, y por el cual solo tributar\u00e1n 88 mil contribuyentes, los de mayores ingresos que superan los 15 SMVM mensuales, las inequidades se potencian para los aut\u00f3nomos.<\/p>\n\n\n\n<p>Hoy est\u00e1n inscriptos en esta categor\u00eda unos 987.000 contribuyentes, seg\u00fan el siguiente detalle:<\/p>\n\n\n\n<p>\u2013 364 mil, un 37%, son comerciantes.<\/p>\n\n\n\n<p>\u2013 337 mil, 34%, son profesionales y prestaciones de servicios<\/p>\n\n\n\n<p>\u2013 286 mil, el 29%, son directores de sociedades an\u00f3nimas.<\/p>\n\n\n\n<p>Los 286 mil directores pagan la cuota mensual de aut\u00f3nomo de la seguridad social, pero sus ingresos mayoritarios son honorarios de directorio o bonos de las empresas, que tienen un tratamiento especial tanto en el impuesto a las ganancias como en el IVA. \u201cPara estos contribuyentes no se estudia ninguna modificaci\u00f3n ya que son un grupo de alta capacidad contributiva\u201d, dijeron cerca de Massa.<\/p>\n","protected":false},"excerpt":{"rendered":"<p>Por otra parte, adelant\u00f3 que este lunes ser\u00e1 enviado al Congreso el proyecto de ley que busca darle ese status a la devoluci\u00f3n del IVA para los productos de la canasta b\u00e1sica para sectores con menores ingresos<\/p>\n","protected":false},"author":2,"featured_media":112718,"comment_status":"closed","ping_status":"open","sticky":false,"template":"","format":"standard","meta":{"footnotes":""},"categories":[1331],"tags":[9213],"class_list":["post-112717","post","type-post","status-publish","format-standard","has-post-thumbnail","hentry","category-inferior11","tag-economia-elecciones-gobierno"],"yoast_head":"<!-- This site is optimized with the Yoast SEO plugin v23.4 - https:\/\/yoast.com\/wordpress\/plugins\/seo\/ -->\n<title>Massa, como ministro, candidato a presidente y &quot;primer mandatario en ejercicio&quot;, hizo anuncios de alivio fiscal - Infoecos<\/title>\n<meta name=\"robots\" content=\"index, follow, max-snippet:-1, max-image-preview:large, max-video-preview:-1\" \/>\n<link rel=\"canonical\" href=\"https:\/\/infoecos.com.ar\/index.php\/massa-como-ministro-candidato-a-presidente-y-primer-mandatario-en-ejercicio-hizo-anuncios-de-alivio-fiscal\/\" \/>\n<meta property=\"og:locale\" content=\"es_ES\" \/>\n<meta property=\"og:type\" content=\"article\" \/>\n<meta property=\"og:title\" content=\"Massa, como ministro, candidato a presidente y &quot;primer mandatario en ejercicio&quot;, hizo anuncios de alivio fiscal - Infoecos\" \/>\n<meta property=\"og:description\" content=\"Por otra parte, adelant\u00f3 que este lunes ser\u00e1 enviado al Congreso el proyecto de ley que busca darle ese status a la devoluci\u00f3n del IVA para los productos de la canasta b\u00e1sica para sectores con menores ingresos\" \/>\n<meta property=\"og:url\" content=\"https:\/\/infoecos.com.ar\/index.php\/massa-como-ministro-candidato-a-presidente-y-primer-mandatario-en-ejercicio-hizo-anuncios-de-alivio-fiscal\/\" \/>\n<meta property=\"og:site_name\" content=\"Infoecos\" \/>\n<meta property=\"article:publisher\" content=\"https:\/\/www.facebook.com\/profile.php?id=100063200290284\" \/>\n<meta property=\"article:published_time\" content=\"2023-09-22T21:53:42+00:00\" \/>\n<meta property=\"article:modified_time\" content=\"2023-09-25T04:02:00+00:00\" \/>\n<meta property=\"og:image\" content=\"https:\/\/infoecos.com.ar\/wp-content\/uploads\/2023\/09\/image-126.png\" \/>\n\t<meta property=\"og:image:width\" content=\"992\" \/>\n\t<meta property=\"og:image:height\" content=\"558\" \/>\n\t<meta property=\"og:image:type\" content=\"image\/png\" \/>\n<meta name=\"author\" content=\"Jorge Matheus\" \/>\n<meta name=\"twitter:card\" content=\"summary_large_image\" \/>\n<meta name=\"twitter:creator\" content=\"@infoecos\" \/>\n<meta name=\"twitter:site\" content=\"@infoecos\" \/>\n<meta name=\"twitter:label1\" content=\"Escrito por\" \/>\n\t<meta name=\"twitter:data1\" content=\"Jorge Matheus\" \/>\n\t<meta name=\"twitter:label2\" content=\"Tiempo de lectura\" \/>\n\t<meta name=\"twitter:data2\" content=\"3 minutos\" \/>\n<script type=\"application\/ld+json\" class=\"yoast-schema-graph\">{\"@context\":\"https:\/\/schema.org\",\"@graph\":[{\"@type\":\"Article\",\"@id\":\"https:\/\/infoecos.com.ar\/index.php\/massa-como-ministro-candidato-a-presidente-y-primer-mandatario-en-ejercicio-hizo-anuncios-de-alivio-fiscal\/#article\",\"isPartOf\":{\"@id\":\"https:\/\/infoecos.com.ar\/index.php\/massa-como-ministro-candidato-a-presidente-y-primer-mandatario-en-ejercicio-hizo-anuncios-de-alivio-fiscal\/\"},\"author\":{\"name\":\"Jorge Matheus\",\"@id\":\"https:\/\/infoecos.com.ar\/#\/schema\/person\/8f5ace5ce73b4b4aac4b7245aee6f191\"},\"headline\":\"Massa, como ministro, candidato a presidente y \u00abprimer mandatario en ejercicio\u00bb, hizo anuncios de alivio fiscal\",\"datePublished\":\"2023-09-22T21:53:42+00:00\",\"dateModified\":\"2023-09-25T04:02:00+00:00\",\"mainEntityOfPage\":{\"@id\":\"https:\/\/infoecos.com.ar\/index.php\/massa-como-ministro-candidato-a-presidente-y-primer-mandatario-en-ejercicio-hizo-anuncios-de-alivio-fiscal\/\"},\"wordCount\":589,\"publisher\":{\"@id\":\"https:\/\/infoecos.com.ar\/#organization\"},\"image\":{\"@id\":\"https:\/\/infoecos.com.ar\/index.php\/massa-como-ministro-candidato-a-presidente-y-primer-mandatario-en-ejercicio-hizo-anuncios-de-alivio-fiscal\/#primaryimage\"},\"thumbnailUrl\":\"https:\/\/infoecos.com.ar\/wp-content\/uploads\/2023\/09\/image-126.png\",\"keywords\":[\"econom\u00eda elecciones gobierno\"],\"articleSection\":[\"Bloque inferior - 11\"],\"inLanguage\":\"es\"},{\"@type\":\"WebPage\",\"@id\":\"https:\/\/infoecos.com.ar\/index.php\/massa-como-ministro-candidato-a-presidente-y-primer-mandatario-en-ejercicio-hizo-anuncios-de-alivio-fiscal\/\",\"url\":\"https:\/\/infoecos.com.ar\/index.php\/massa-como-ministro-candidato-a-presidente-y-primer-mandatario-en-ejercicio-hizo-anuncios-de-alivio-fiscal\/\",\"name\":\"Massa, como ministro, candidato a presidente y \\\"primer mandatario en ejercicio\\\", hizo anuncios de alivio fiscal - Infoecos\",\"isPartOf\":{\"@id\":\"https:\/\/infoecos.com.ar\/#website\"},\"primaryImageOfPage\":{\"@id\":\"https:\/\/infoecos.com.ar\/index.php\/massa-como-ministro-candidato-a-presidente-y-primer-mandatario-en-ejercicio-hizo-anuncios-de-alivio-fiscal\/#primaryimage\"},\"image\":{\"@id\":\"https:\/\/infoecos.com.ar\/index.php\/massa-como-ministro-candidato-a-presidente-y-primer-mandatario-en-ejercicio-hizo-anuncios-de-alivio-fiscal\/#primaryimage\"},\"thumbnailUrl\":\"https:\/\/infoecos.com.ar\/wp-content\/uploads\/2023\/09\/image-126.png\",\"datePublished\":\"2023-09-22T21:53:42+00:00\",\"dateModified\":\"2023-09-25T04:02:00+00:00\",\"breadcrumb\":{\"@id\":\"https:\/\/infoecos.com.ar\/index.php\/massa-como-ministro-candidato-a-presidente-y-primer-mandatario-en-ejercicio-hizo-anuncios-de-alivio-fiscal\/#breadcrumb\"},\"inLanguage\":\"es\",\"potentialAction\":[{\"@type\":\"ReadAction\",\"target\":[\"https:\/\/infoecos.com.ar\/index.php\/massa-como-ministro-candidato-a-presidente-y-primer-mandatario-en-ejercicio-hizo-anuncios-de-alivio-fiscal\/\"]}]},{\"@type\":\"ImageObject\",\"inLanguage\":\"es\",\"@id\":\"https:\/\/infoecos.com.ar\/index.php\/massa-como-ministro-candidato-a-presidente-y-primer-mandatario-en-ejercicio-hizo-anuncios-de-alivio-fiscal\/#primaryimage\",\"url\":\"https:\/\/infoecos.com.ar\/wp-content\/uploads\/2023\/09\/image-126.png\",\"contentUrl\":\"https:\/\/infoecos.com.ar\/wp-content\/uploads\/2023\/09\/image-126.png\",\"width\":992,\"height\":558},{\"@type\":\"BreadcrumbList\",\"@id\":\"https:\/\/infoecos.com.ar\/index.php\/massa-como-ministro-candidato-a-presidente-y-primer-mandatario-en-ejercicio-hizo-anuncios-de-alivio-fiscal\/#breadcrumb\",\"itemListElement\":[{\"@type\":\"ListItem\",\"position\":1,\"name\":\"Portada\",\"item\":\"https:\/\/infoecos.com.ar\/\"},{\"@type\":\"ListItem\",\"position\":2,\"name\":\"Massa, como ministro, candidato a presidente y \u00abprimer mandatario en ejercicio\u00bb, hizo anuncios de alivio fiscal\"}]},{\"@type\":\"WebSite\",\"@id\":\"https:\/\/infoecos.com.ar\/#website\",\"url\":\"https:\/\/infoecos.com.ar\/\",\"name\":\"Infoecos\",\"description\":\"Noticias de trenque lauquen y la zona\",\"publisher\":{\"@id\":\"https:\/\/infoecos.com.ar\/#organization\"},\"alternateName\":\"Noticias\",\"potentialAction\":[{\"@type\":\"SearchAction\",\"target\":{\"@type\":\"EntryPoint\",\"urlTemplate\":\"https:\/\/infoecos.com.ar\/?s={search_term_string}\"},\"query-input\":{\"@type\":\"PropertyValueSpecification\",\"valueRequired\":true,\"valueName\":\"search_term_string\"}}],\"inLanguage\":\"es\"},{\"@type\":\"Organization\",\"@id\":\"https:\/\/infoecos.com.ar\/#organization\",\"name\":\"Infoecos\",\"alternateName\":\"Noticias\",\"url\":\"https:\/\/infoecos.com.ar\/\",\"logo\":{\"@type\":\"ImageObject\",\"inLanguage\":\"es\",\"@id\":\"https:\/\/infoecos.com.ar\/#\/schema\/logo\/image\/\",\"url\":\"https:\/\/infoecos.com.ar\/wp-content\/uploads\/2024\/03\/cropped-logo.png\",\"contentUrl\":\"https:\/\/infoecos.com.ar\/wp-content\/uploads\/2024\/03\/cropped-logo.png\",\"width\":374,\"height\":90,\"caption\":\"Infoecos\"},\"image\":{\"@id\":\"https:\/\/infoecos.com.ar\/#\/schema\/logo\/image\/\"},\"sameAs\":[\"https:\/\/www.facebook.com\/profile.php?id=100063200290284\",\"https:\/\/x.com\/infoecos\"]},{\"@type\":\"Person\",\"@id\":\"https:\/\/infoecos.com.ar\/#\/schema\/person\/8f5ace5ce73b4b4aac4b7245aee6f191\",\"name\":\"Jorge Matheus\",\"url\":\"https:\/\/infoecos.com.ar\/index.php\/author\/jomatheus\/\"}]}<\/script>\n<!-- \/ Yoast SEO plugin. -->","yoast_head_json":{"title":"Massa, como ministro, candidato a presidente y \"primer mandatario en ejercicio\", hizo anuncios de alivio fiscal - Infoecos","robots":{"index":"index","follow":"follow","max-snippet":"max-snippet:-1","max-image-preview":"max-image-preview:large","max-video-preview":"max-video-preview:-1"},"canonical":"https:\/\/infoecos.com.ar\/index.php\/massa-como-ministro-candidato-a-presidente-y-primer-mandatario-en-ejercicio-hizo-anuncios-de-alivio-fiscal\/","og_locale":"es_ES","og_type":"article","og_title":"Massa, como ministro, candidato a presidente y \"primer mandatario en ejercicio\", hizo anuncios de alivio fiscal - Infoecos","og_description":"Por otra parte, adelant\u00f3 que este lunes ser\u00e1 enviado al Congreso el proyecto de ley que busca darle ese status a la devoluci\u00f3n del IVA para los productos de la canasta b\u00e1sica para sectores con menores ingresos","og_url":"https:\/\/infoecos.com.ar\/index.php\/massa-como-ministro-candidato-a-presidente-y-primer-mandatario-en-ejercicio-hizo-anuncios-de-alivio-fiscal\/","og_site_name":"Infoecos","article_publisher":"https:\/\/www.facebook.com\/profile.php?id=100063200290284","article_published_time":"2023-09-22T21:53:42+00:00","article_modified_time":"2023-09-25T04:02:00+00:00","og_image":[{"width":992,"height":558,"url":"https:\/\/infoecos.com.ar\/wp-content\/uploads\/2023\/09\/image-126.png","type":"image\/png"}],"author":"Jorge Matheus","twitter_card":"summary_large_image","twitter_creator":"@infoecos","twitter_site":"@infoecos","twitter_misc":{"Escrito por":"Jorge Matheus","Tiempo de lectura":"3 minutos"},"schema":{"@context":"https:\/\/schema.org","@graph":[{"@type":"Article","@id":"https:\/\/infoecos.com.ar\/index.php\/massa-como-ministro-candidato-a-presidente-y-primer-mandatario-en-ejercicio-hizo-anuncios-de-alivio-fiscal\/#article","isPartOf":{"@id":"https:\/\/infoecos.com.ar\/index.php\/massa-como-ministro-candidato-a-presidente-y-primer-mandatario-en-ejercicio-hizo-anuncios-de-alivio-fiscal\/"},"author":{"name":"Jorge Matheus","@id":"https:\/\/infoecos.com.ar\/#\/schema\/person\/8f5ace5ce73b4b4aac4b7245aee6f191"},"headline":"Massa, como ministro, candidato a presidente y \u00abprimer mandatario en ejercicio\u00bb, hizo anuncios de alivio fiscal","datePublished":"2023-09-22T21:53:42+00:00","dateModified":"2023-09-25T04:02:00+00:00","mainEntityOfPage":{"@id":"https:\/\/infoecos.com.ar\/index.php\/massa-como-ministro-candidato-a-presidente-y-primer-mandatario-en-ejercicio-hizo-anuncios-de-alivio-fiscal\/"},"wordCount":589,"publisher":{"@id":"https:\/\/infoecos.com.ar\/#organization"},"image":{"@id":"https:\/\/infoecos.com.ar\/index.php\/massa-como-ministro-candidato-a-presidente-y-primer-mandatario-en-ejercicio-hizo-anuncios-de-alivio-fiscal\/#primaryimage"},"thumbnailUrl":"https:\/\/infoecos.com.ar\/wp-content\/uploads\/2023\/09\/image-126.png","keywords":["econom\u00eda elecciones gobierno"],"articleSection":["Bloque inferior - 11"],"inLanguage":"es"},{"@type":"WebPage","@id":"https:\/\/infoecos.com.ar\/index.php\/massa-como-ministro-candidato-a-presidente-y-primer-mandatario-en-ejercicio-hizo-anuncios-de-alivio-fiscal\/","url":"https:\/\/infoecos.com.ar\/index.php\/massa-como-ministro-candidato-a-presidente-y-primer-mandatario-en-ejercicio-hizo-anuncios-de-alivio-fiscal\/","name":"Massa, como ministro, candidato a presidente y \"primer mandatario en ejercicio\", hizo anuncios de alivio fiscal - Infoecos","isPartOf":{"@id":"https:\/\/infoecos.com.ar\/#website"},"primaryImageOfPage":{"@id":"https:\/\/infoecos.com.ar\/index.php\/massa-como-ministro-candidato-a-presidente-y-primer-mandatario-en-ejercicio-hizo-anuncios-de-alivio-fiscal\/#primaryimage"},"image":{"@id":"https:\/\/infoecos.com.ar\/index.php\/massa-como-ministro-candidato-a-presidente-y-primer-mandatario-en-ejercicio-hizo-anuncios-de-alivio-fiscal\/#primaryimage"},"thumbnailUrl":"https:\/\/infoecos.com.ar\/wp-content\/uploads\/2023\/09\/image-126.png","datePublished":"2023-09-22T21:53:42+00:00","dateModified":"2023-09-25T04:02:00+00:00","breadcrumb":{"@id":"https:\/\/infoecos.com.ar\/index.php\/massa-como-ministro-candidato-a-presidente-y-primer-mandatario-en-ejercicio-hizo-anuncios-de-alivio-fiscal\/#breadcrumb"},"inLanguage":"es","potentialAction":[{"@type":"ReadAction","target":["https:\/\/infoecos.com.ar\/index.php\/massa-como-ministro-candidato-a-presidente-y-primer-mandatario-en-ejercicio-hizo-anuncios-de-alivio-fiscal\/"]}]},{"@type":"ImageObject","inLanguage":"es","@id":"https:\/\/infoecos.com.ar\/index.php\/massa-como-ministro-candidato-a-presidente-y-primer-mandatario-en-ejercicio-hizo-anuncios-de-alivio-fiscal\/#primaryimage","url":"https:\/\/infoecos.com.ar\/wp-content\/uploads\/2023\/09\/image-126.png","contentUrl":"https:\/\/infoecos.com.ar\/wp-content\/uploads\/2023\/09\/image-126.png","width":992,"height":558},{"@type":"BreadcrumbList","@id":"https:\/\/infoecos.com.ar\/index.php\/massa-como-ministro-candidato-a-presidente-y-primer-mandatario-en-ejercicio-hizo-anuncios-de-alivio-fiscal\/#breadcrumb","itemListElement":[{"@type":"ListItem","position":1,"name":"Portada","item":"https:\/\/infoecos.com.ar\/"},{"@type":"ListItem","position":2,"name":"Massa, como ministro, candidato a presidente y \u00abprimer mandatario en ejercicio\u00bb, hizo anuncios de alivio fiscal"}]},{"@type":"WebSite","@id":"https:\/\/infoecos.com.ar\/#website","url":"https:\/\/infoecos.com.ar\/","name":"Infoecos","description":"Noticias de trenque lauquen y la zona","publisher":{"@id":"https:\/\/infoecos.com.ar\/#organization"},"alternateName":"Noticias","potentialAction":[{"@type":"SearchAction","target":{"@type":"EntryPoint","urlTemplate":"https:\/\/infoecos.com.ar\/?s={search_term_string}"},"query-input":{"@type":"PropertyValueSpecification","valueRequired":true,"valueName":"search_term_string"}}],"inLanguage":"es"},{"@type":"Organization","@id":"https:\/\/infoecos.com.ar\/#organization","name":"Infoecos","alternateName":"Noticias","url":"https:\/\/infoecos.com.ar\/","logo":{"@type":"ImageObject","inLanguage":"es","@id":"https:\/\/infoecos.com.ar\/#\/schema\/logo\/image\/","url":"https:\/\/infoecos.com.ar\/wp-content\/uploads\/2024\/03\/cropped-logo.png","contentUrl":"https:\/\/infoecos.com.ar\/wp-content\/uploads\/2024\/03\/cropped-logo.png","width":374,"height":90,"caption":"Infoecos"},"image":{"@id":"https:\/\/infoecos.com.ar\/#\/schema\/logo\/image\/"},"sameAs":["https:\/\/www.facebook.com\/profile.php?id=100063200290284","https:\/\/x.com\/infoecos"]},{"@type":"Person","@id":"https:\/\/infoecos.com.ar\/#\/schema\/person\/8f5ace5ce73b4b4aac4b7245aee6f191","name":"Jorge Matheus","url":"https:\/\/infoecos.com.ar\/index.php\/author\/jomatheus\/"}]}},"featured_image_urls":{"full":["https:\/\/infoecos.com.ar\/wp-content\/uploads\/2023\/09\/image-126.png",992,558,false],"thumbnail":["https:\/\/infoecos.com.ar\/wp-content\/uploads\/2023\/09\/image-126-300x150.png",300,150,true],"medium":["https:\/\/infoecos.com.ar\/wp-content\/uploads\/2023\/09\/image-126-800x450.png",800,450,true],"medium_large":["https:\/\/infoecos.com.ar\/wp-content\/uploads\/2023\/09\/image-126-768x432.png",640,360,true],"large":["https:\/\/infoecos.com.ar\/wp-content\/uploads\/2023\/09\/image-126.png",640,360,false],"1536x1536":["https:\/\/infoecos.com.ar\/wp-content\/uploads\/2023\/09\/image-126.png",992,558,false],"2048x2048":["https:\/\/infoecos.com.ar\/wp-content\/uploads\/2023\/09\/image-126.png",992,558,false],"covernews-slider-full":["https:\/\/infoecos.com.ar\/wp-content\/uploads\/2023\/09\/image-126.png",992,558,false],"covernews-slider-center":["https:\/\/infoecos.com.ar\/wp-content\/uploads\/2023\/09\/image-126-936x558.png",800,477,true],"covernews-featured":["https:\/\/infoecos.com.ar\/wp-content\/uploads\/2023\/09\/image-126.png",992,558,false],"covernews-medium":["https:\/\/infoecos.com.ar\/wp-content\/uploads\/2023\/09\/image-126-720x380.png",540,285,true],"covernews-medium-square":["https:\/\/infoecos.com.ar\/wp-content\/uploads\/2023\/09\/image-126-675x450.png",375,250,true]},"author_info":{"info":["Jorge Matheus"]},"category_info":"<a href=\"https:\/\/infoecos.com.ar\/index.php\/category\/inferior11\/\" rel=\"category tag\">Bloque inferior - 11<\/a>","tag_info":"Bloque inferior - 11","comment_count":"0","_links":{"self":[{"href":"https:\/\/infoecos.com.ar\/index.php\/wp-json\/wp\/v2\/posts\/112717"}],"collection":[{"href":"https:\/\/infoecos.com.ar\/index.php\/wp-json\/wp\/v2\/posts"}],"about":[{"href":"https:\/\/infoecos.com.ar\/index.php\/wp-json\/wp\/v2\/types\/post"}],"author":[{"embeddable":true,"href":"https:\/\/infoecos.com.ar\/index.php\/wp-json\/wp\/v2\/users\/2"}],"replies":[{"embeddable":true,"href":"https:\/\/infoecos.com.ar\/index.php\/wp-json\/wp\/v2\/comments?post=112717"}],"version-history":[{"count":1,"href":"https:\/\/infoecos.com.ar\/index.php\/wp-json\/wp\/v2\/posts\/112717\/revisions"}],"predecessor-version":[{"id":112719,"href":"https:\/\/infoecos.com.ar\/index.php\/wp-json\/wp\/v2\/posts\/112717\/revisions\/112719"}],"wp:featuredmedia":[{"embeddable":true,"href":"https:\/\/infoecos.com.ar\/index.php\/wp-json\/wp\/v2\/media\/112718"}],"wp:attachment":[{"href":"https:\/\/infoecos.com.ar\/index.php\/wp-json\/wp\/v2\/media?parent=112717"}],"wp:term":[{"taxonomy":"category","embeddable":true,"href":"https:\/\/infoecos.com.ar\/index.php\/wp-json\/wp\/v2\/categories?post=112717"},{"taxonomy":"post_tag","embeddable":true,"href":"https:\/\/infoecos.com.ar\/index.php\/wp-json\/wp\/v2\/tags?post=112717"}],"curies":[{"name":"wp","href":"https:\/\/api.w.org\/{rel}","templated":true}]}}